{"id":7293,"date":"2023-12-18T20:29:24","date_gmt":"2023-12-19T02:29:24","guid":{"rendered":"https:\/\/redamlo.com\/?p=7293"},"modified":"2023-12-18T20:29:24","modified_gmt":"2023-12-19T02:29:24","slug":"amlo-inaugura-presa-santa-maria-en-sinaloa","status":"publish","type":"post","link":"https:\/\/redamlo.com\/index.php\/2023\/12\/18\/amlo-inaugura-presa-santa-maria-en-sinaloa\/","title":{"rendered":"AMLO INAUGURA PRESA SANTA MAR\u00cdA EN SINALOA"},"content":{"rendered":"<p>Al inaugurar la presa Santa Mar\u00eda, el presidente Andr\u00e9s Manuel L\u00f3pez Obrador destac\u00f3 los beneficios de esta obra para Sinaloa y el pa\u00eds.<\/p>\n<p>&nbsp;<\/p>\n<p>Adem\u00e1s de regar las tierras de producci\u00f3n agr\u00edcola y con ello abonar a la autosuficiencia alimentaria, abastecer\u00e1 agua para consumo humano a 430 mil habitantes de El Rosario y Escuinapa y posteriormente generar\u00e1 30 megavatios de energ\u00eda el\u00e9ctrica limpia a bajo costo.<\/p>\n<blockquote><p>\u201cVa a ayudar mucho al sur de Sinaloa, a los productores, pero tambi\u00e9n a los municipios del sur de este estado porque van a tener garantizada el agua para su consumo. Tambi\u00e9n, la presa, adem\u00e1s de regar las tierras y abastecer de agua para consumo humano va a generar energ\u00eda el\u00e9ctrica y estamos hablando de energ\u00eda limpia y de bajo costo\u201d, explic\u00f3.<\/p>\n<p>https:\/\/www.youtube.com\/watch?v=2YMvOZH-qJY<\/p><\/blockquote>\n<p>Con la conclusi\u00f3n de la presa, dijo el mandatario, cumple uno de sus compromisos de campa\u00f1a. Realizarla fue posible con inversi\u00f3n fue p\u00fablica y no tuvo que recurrirse a deuda.<\/p>\n<p>\u201cNos ha alcanzado el presupuesto. Tenemos ingresos suficientes. No es para presumir, pero siempre se han cumplido las metas de ingresos, se ha consolidado la Hacienda p\u00fablica sin aumentar los impuestos, sin gasolinazos, s\u00f3lo administrando con eficiencia, sin corrupci\u00f3n y sin privilegios fiscales\u201d, remarc\u00f3.<\/p>\n<p>El mandatario sostuvo que en el tiempo que queda de la administraci\u00f3n, los recursos del pueblo seguir\u00e1n financiando las obras por ejecutar, estrategia reconocida en el exterior de M\u00e9xico.<\/p>\n<blockquote><p>\u201cEsto tambi\u00e9n nos da prestigio en el concierto de las naciones. Por eso nuestro pa\u00eds tiene una buena fama. Siempre nuestro pa\u00eds, hasta en los momentos de m\u00e1s corrupci\u00f3n, cuenta con fama y admiraci\u00f3n de extranjeros, pero ahora mucho m\u00e1s, por eso est\u00e1 llegando cada vez m\u00e1s inversi\u00f3n extranjera, r\u00e9cord en inversi\u00f3n extranjera. Ya somos el principal socio econ\u00f3mico y comercial de Estados Unidos\u201d, enfatiz\u00f3.<\/p><\/blockquote>\n<p>Indic\u00f3 que el pr\u00f3ximo a\u00f1o se concluir\u00e1 la hidroel\u00e9ctrica de este sistema, todos los distritos de riego, as\u00ed como la presa Picachos y el acueducto Concordia.<\/p>\n<p>El director general de la Comisi\u00f3n Nacional del Agua, Germ\u00e1n Mart\u00ednez Santoyo, sostuvo que la presa Santa Mar\u00eda \u201cmarcar\u00e1 un cambio positivo para los productores de Sinaloa, un estado con una larga tradici\u00f3n agr\u00edcola\u201d.<\/p>\n<p>Precis\u00f3 que la entidad es el primer productor a nivel nacional de chile verde, tomate verde y rojo, adem\u00e1s de garbanzo y ajonjol\u00ed, lo que lo coloca entre los primeros lugares de la generaci\u00f3n de Producto Interno Bruto agr\u00edcola con m\u00e1s de 70 mil millones de pesos anuales.<\/p>\n<blockquote><p>La presa, afirm\u00f3, \u201cser\u00e1 un verdadero catalizador para el desarrollo, la seguridad alimentaria del pa\u00eds y la econom\u00eda de la regi\u00f3n\u201d.<\/p><\/blockquote>\n<p>El director general del proyecto de la presa Santa Mar\u00eda, Cedric Escalante Sauri, resalt\u00f3 que la administraci\u00f3n de Enrique Pe\u00f1a Nieto hered\u00f3 la obra inconclusa, con s\u00f3lo el 23 por ciento de avance y el Gobierno de la Cuarta Transformaci\u00f3n logr\u00f3 terminarla en 26 meses, tiempo r\u00e9cord, con la calidad necesaria.<\/p>\n<p>Acompa\u00f1aron al presidente en la develaci\u00f3n de la placa inaugural: el gobernador de Sinaloa, Rub\u00e9n Rocha Moya; el secretario de Agricultura y Desarrollo Rural, V\u00edctor Manuel Villalobos Ar\u00e1mbula; el subsecretario de Egresos de la Secretar\u00eda de Hacienda y Cr\u00e9dito P\u00fablico, Juan Pablo de Botton Falc\u00f3n; el director general de la Comisi\u00f3n Nacional del Agua, Germ\u00e1n Mart\u00ednez Santoyo; el subdirector general de Administraci\u00f3n de la Comisi\u00f3n Nacional del Agua, Jos\u00e9 Antonio Zamora Gayosso; el subdirector general de Infraestructura Hidroagr\u00edcola, Aar\u00f3n Mastache Mondrag\u00f3n; el director general del proyecto de la presa Santa Mar\u00eda, Cedric Escalante Sauri; el director general del Organismo de Cuenca Pac\u00edfico Norte y encargado del proyecto Picachos, Alejandro Isauro Mart\u00ednez Orozco; el director general de CFE Generaci\u00f3n VI, Eddy Ibarra Ibarra; la directora general de empresas ICA, Guadalupe Phillips Margain y el director de operaciones de Grupo ICA, Ricardo Ibarra Garc\u00eda Parra.<\/p>\n","protected":false},"excerpt":{"rendered":"<p>Al inaugurar la presa Santa Mar\u00eda, el presidente Andr\u00e9s Manuel L\u00f3pez Obrador destac\u00f3 los beneficios&#8230;<\/p>\n","protected":false},"author":1,"featured_media":7294,"comment_status":"open","ping_status":"closed","sticky":false,"template":"","format":"standard","meta":{"footnotes":""},"categories":[27],"tags":[84,2616,124],"class_list":["post-7293","post","type-post","status-publish","format-standard","has-post-thumbnail","hentry","category-presidencia","tag-amlo","tag-presa-santa-maria","tag-sinaloa"],"yoast_head":"<!-- This site is optimized with the Yoast SEO plugin v27.5 - https:\/\/yoast.com\/product\/yoast-seo-wordpress\/ -->\n<title>AMLO INAUGURA PRESA SANTA MAR\u00cdA EN SINALOA - NOTICIAS DE LA 4T<\/title>\n<meta name=\"robots\" content=\"noindex, follow, max-snippet:-1, max-image-preview:large, max-video-preview:-1\" \/>\n<meta property=\"og:locale\" content=\"es_MX\" \/>\n<meta property=\"og:type\" content=\"article\" \/>\n<meta property=\"og:title\" content=\"AMLO INAUGURA PRESA SANTA MAR\u00cdA EN SINALOA - NOTICIAS DE LA 4T\" \/>\n<meta property=\"og:description\" content=\"Al inaugurar la presa Santa Mar\u00eda, el presidente Andr\u00e9s Manuel L\u00f3pez Obrador destac\u00f3 los beneficios...\" \/>\n<meta property=\"og:url\" content=\"https:\/\/redamlo.com\/index.php\/2023\/12\/18\/amlo-inaugura-presa-santa-maria-en-sinaloa\/\" \/>\n<meta property=\"og:site_name\" content=\"NOTICIAS DE LA 4T\" \/>\n<meta property=\"article:published_time\" content=\"2023-12-19T02:29:24+00:00\" \/>\n<meta property=\"og:image\" content=\"https:\/\/redamlo.com\/wp-content\/uploads\/2023\/12\/2023-12-18-Presidente-AMLO-Inauguracion-de-la-presa-Santa-Maria-Sinaloa-Foto-07.jpg\" \/>\n\t<meta property=\"og:image:width\" content=\"1502\" \/>\n\t<meta property=\"og:image:height\" content=\"1000\" \/>\n\t<meta property=\"og:image:type\" content=\"image\/jpeg\" \/>\n<meta name=\"author\" content=\"admin\" \/>\n<meta name=\"twitter:card\" content=\"summary_large_image\" \/>\n<meta name=\"twitter:label1\" content=\"Escrito por\" \/>\n\t<meta name=\"twitter:data1\" content=\"admin\" \/>\n\t<meta name=\"twitter:label2\" content=\"Tiempo de lectura\" \/>\n\t<meta name=\"twitter:data2\" content=\"3 minutos\" \/>\n<script type=\"application\/ld+json\" class=\"yoast-schema-graph\">{\"@context\":\"https:\\\/\\\/schema.org\",\"@graph\":[{\"@type\":\"Article\",\"@id\":\"https:\\\/\\\/redamlo.com\\\/index.php\\\/2023\\\/12\\\/18\\\/amlo-inaugura-presa-santa-maria-en-sinaloa\\\/#article\",\"isPartOf\":{\"@id\":\"https:\\\/\\\/redamlo.com\\\/index.php\\\/2023\\\/12\\\/18\\\/amlo-inaugura-presa-santa-maria-en-sinaloa\\\/\"},\"author\":{\"name\":\"admin\",\"@id\":\"https:\\\/\\\/redamlo.com\\\/#\\\/schema\\\/person\\\/197a0a670d21b1f4f1483ddda1b64613\"},\"headline\":\"AMLO INAUGURA PRESA SANTA MAR\u00cdA EN SINALOA\",\"datePublished\":\"2023-12-19T02:29:24+00:00\",\"mainEntityOfPage\":{\"@id\":\"https:\\\/\\\/redamlo.com\\\/index.php\\\/2023\\\/12\\\/18\\\/amlo-inaugura-presa-santa-maria-en-sinaloa\\\/\"},\"wordCount\":710,\"commentCount\":0,\"publisher\":{\"@id\":\"https:\\\/\\\/redamlo.com\\\/#organization\"},\"image\":{\"@id\":\"https:\\\/\\\/redamlo.com\\\/index.php\\\/2023\\\/12\\\/18\\\/amlo-inaugura-presa-santa-maria-en-sinaloa\\\/#primaryimage\"},\"thumbnailUrl\":\"https:\\\/\\\/redamlo.com\\\/wp-content\\\/uploads\\\/2023\\\/12\\\/2023-12-18-Presidente-AMLO-Inauguracion-de-la-presa-Santa-Maria-Sinaloa-Foto-07.jpg\",\"keywords\":[\"AMLO\",\"presa santa maria\",\"Sinaloa\"],\"articleSection\":[\"Presidencia\"],\"inLanguage\":\"es\",\"potentialAction\":[{\"@type\":\"CommentAction\",\"name\":\"Comment\",\"target\":[\"https:\\\/\\\/redamlo.com\\\/index.php\\\/2023\\\/12\\\/18\\\/amlo-inaugura-presa-santa-maria-en-sinaloa\\\/#respond\"]}]},{\"@type\":\"WebPage\",\"@id\":\"https:\\\/\\\/redamlo.com\\\/index.php\\\/2023\\\/12\\\/18\\\/amlo-inaugura-presa-santa-maria-en-sinaloa\\\/\",\"url\":\"https:\\\/\\\/redamlo.com\\\/index.php\\\/2023\\\/12\\\/18\\\/amlo-inaugura-presa-santa-maria-en-sinaloa\\\/\",\"name\":\"AMLO INAUGURA PRESA SANTA MAR\u00cdA EN SINALOA - NOTICIAS DE LA 4T\",\"isPartOf\":{\"@id\":\"https:\\\/\\\/redamlo.com\\\/#website\"},\"primaryImageOfPage\":{\"@id\":\"https:\\\/\\\/redamlo.com\\\/index.php\\\/2023\\\/12\\\/18\\\/amlo-inaugura-presa-santa-maria-en-sinaloa\\\/#primaryimage\"},\"image\":{\"@id\":\"https:\\\/\\\/redamlo.com\\\/index.php\\\/2023\\\/12\\\/18\\\/amlo-inaugura-presa-santa-maria-en-sinaloa\\\/#primaryimage\"},\"thumbnailUrl\":\"https:\\\/\\\/redamlo.com\\\/wp-content\\\/uploads\\\/2023\\\/12\\\/2023-12-18-Presidente-AMLO-Inauguracion-de-la-presa-Santa-Maria-Sinaloa-Foto-07.jpg\",\"datePublished\":\"2023-12-19T02:29:24+00:00\",\"breadcrumb\":{\"@id\":\"https:\\\/\\\/redamlo.com\\\/index.php\\\/2023\\\/12\\\/18\\\/amlo-inaugura-presa-santa-maria-en-sinaloa\\\/#breadcrumb\"},\"inLanguage\":\"es\",\"potentialAction\":[{\"@type\":\"ReadAction\",\"target\":[\"https:\\\/\\\/redamlo.com\\\/index.php\\\/2023\\\/12\\\/18\\\/amlo-inaugura-presa-santa-maria-en-sinaloa\\\/\"]}]},{\"@type\":\"ImageObject\",\"inLanguage\":\"es\",\"@id\":\"https:\\\/\\\/redamlo.com\\\/index.php\\\/2023\\\/12\\\/18\\\/amlo-inaugura-presa-santa-maria-en-sinaloa\\\/#primaryimage\",\"url\":\"https:\\\/\\\/redamlo.com\\\/wp-content\\\/uploads\\\/2023\\\/12\\\/2023-12-18-Presidente-AMLO-Inauguracion-de-la-presa-Santa-Maria-Sinaloa-Foto-07.jpg\",\"contentUrl\":\"https:\\\/\\\/redamlo.com\\\/wp-content\\\/uploads\\\/2023\\\/12\\\/2023-12-18-Presidente-AMLO-Inauguracion-de-la-presa-Santa-Maria-Sinaloa-Foto-07.jpg\",\"width\":1502,\"height\":1000},{\"@type\":\"BreadcrumbList\",\"@id\":\"https:\\\/\\\/redamlo.com\\\/index.php\\\/2023\\\/12\\\/18\\\/amlo-inaugura-presa-santa-maria-en-sinaloa\\\/#breadcrumb\",\"itemListElement\":[{\"@type\":\"ListItem\",\"position\":1,\"name\":\"Inicio\",\"item\":\"https:\\\/\\\/redamlo.com\\\/\"},{\"@type\":\"ListItem\",\"position\":2,\"name\":\"AMLO INAUGURA PRESA SANTA MAR\u00cdA EN SINALOA\"}]},{\"@type\":\"WebSite\",\"@id\":\"https:\\\/\\\/redamlo.com\\\/#website\",\"url\":\"https:\\\/\\\/redamlo.com\\\/\",\"name\":\"NOTICIAS DE LA 4T\",\"description\":\"\",\"publisher\":{\"@id\":\"https:\\\/\\\/redamlo.com\\\/#organization\"},\"potentialAction\":[{\"@type\":\"SearchAction\",\"target\":{\"@type\":\"EntryPoint\",\"urlTemplate\":\"https:\\\/\\\/redamlo.com\\\/?s={search_term_string}\"},\"query-input\":{\"@type\":\"PropertyValueSpecification\",\"valueRequired\":true,\"valueName\":\"search_term_string\"}}],\"inLanguage\":\"es\"},{\"@type\":\"Organization\",\"@id\":\"https:\\\/\\\/redamlo.com\\\/#organization\",\"name\":\"NOTICIAS DE LA 4T\",\"url\":\"https:\\\/\\\/redamlo.com\\\/\",\"logo\":{\"@type\":\"ImageObject\",\"inLanguage\":\"es\",\"@id\":\"https:\\\/\\\/redamlo.com\\\/#\\\/schema\\\/logo\\\/image\\\/\",\"url\":\"https:\\\/\\\/redamlo.com\\\/wp-content\\\/uploads\\\/2024\\\/08\\\/cropped-RED-AMLO-logo-50.png\",\"contentUrl\":\"https:\\\/\\\/redamlo.com\\\/wp-content\\\/uploads\\\/2024\\\/08\\\/cropped-RED-AMLO-logo-50.png\",\"width\":256,\"height\":256,\"caption\":\"NOTICIAS DE LA 4T\"},\"image\":{\"@id\":\"https:\\\/\\\/redamlo.com\\\/#\\\/schema\\\/logo\\\/image\\\/\"}},{\"@type\":\"Person\",\"@id\":\"https:\\\/\\\/redamlo.com\\\/#\\\/schema\\\/person\\\/197a0a670d21b1f4f1483ddda1b64613\",\"name\":\"admin\",\"image\":{\"@type\":\"ImageObject\",\"inLanguage\":\"es\",\"@id\":\"https:\\\/\\\/secure.gravatar.com\\\/avatar\\\/293dccd927043f2e641da6685c2f84009782eb9ee0054daceada4e261ded849a?s=96&d=mm&r=g\",\"url\":\"https:\\\/\\\/secure.gravatar.com\\\/avatar\\\/293dccd927043f2e641da6685c2f84009782eb9ee0054daceada4e261ded849a?s=96&d=mm&r=g\",\"contentUrl\":\"https:\\\/\\\/secure.gravatar.com\\\/avatar\\\/293dccd927043f2e641da6685c2f84009782eb9ee0054daceada4e261ded849a?s=96&d=mm&r=g\",\"caption\":\"admin\"},\"sameAs\":[\"https:\\\/\\\/redamlo.com\"],\"url\":\"https:\\\/\\\/redamlo.com\\\/index.php\\\/author\\\/stell\\\/\"}]}<\/script>\n<!-- \/ Yoast SEO plugin. -->","yoast_head_json":{"title":"AMLO INAUGURA PRESA SANTA MAR\u00cdA EN SINALOA - NOTICIAS DE LA 4T","robots":{"index":"noindex","follow":"follow","max-snippet":"max-snippet:-1","max-image-preview":"max-image-preview:large","max-video-preview":"max-video-preview:-1"},"og_locale":"es_MX","og_type":"article","og_title":"AMLO INAUGURA PRESA SANTA MAR\u00cdA EN SINALOA - NOTICIAS DE LA 4T","og_description":"Al inaugurar la presa Santa Mar\u00eda, el presidente Andr\u00e9s Manuel L\u00f3pez Obrador destac\u00f3 los beneficios...","og_url":"https:\/\/redamlo.com\/index.php\/2023\/12\/18\/amlo-inaugura-presa-santa-maria-en-sinaloa\/","og_site_name":"NOTICIAS DE LA 4T","article_published_time":"2023-12-19T02:29:24+00:00","og_image":[{"width":1502,"height":1000,"url":"https:\/\/redamlo.com\/wp-content\/uploads\/2023\/12\/2023-12-18-Presidente-AMLO-Inauguracion-de-la-presa-Santa-Maria-Sinaloa-Foto-07.jpg","type":"image\/jpeg"}],"author":"admin","twitter_card":"summary_large_image","twitter_misc":{"Escrito por":"admin","Tiempo de lectura":"3 minutos"},"schema":{"@context":"https:\/\/schema.org","@graph":[{"@type":"Article","@id":"https:\/\/redamlo.com\/index.php\/2023\/12\/18\/amlo-inaugura-presa-santa-maria-en-sinaloa\/#article","isPartOf":{"@id":"https:\/\/redamlo.com\/index.php\/2023\/12\/18\/amlo-inaugura-presa-santa-maria-en-sinaloa\/"},"author":{"name":"admin","@id":"https:\/\/redamlo.com\/#\/schema\/person\/197a0a670d21b1f4f1483ddda1b64613"},"headline":"AMLO INAUGURA PRESA SANTA MAR\u00cdA EN SINALOA","datePublished":"2023-12-19T02:29:24+00:00","mainEntityOfPage":{"@id":"https:\/\/redamlo.com\/index.php\/2023\/12\/18\/amlo-inaugura-presa-santa-maria-en-sinaloa\/"},"wordCount":710,"commentCount":0,"publisher":{"@id":"https:\/\/redamlo.com\/#organization"},"image":{"@id":"https:\/\/redamlo.com\/index.php\/2023\/12\/18\/amlo-inaugura-presa-santa-maria-en-sinaloa\/#primaryimage"},"thumbnailUrl":"https:\/\/redamlo.com\/wp-content\/uploads\/2023\/12\/2023-12-18-Presidente-AMLO-Inauguracion-de-la-presa-Santa-Maria-Sinaloa-Foto-07.jpg","keywords":["AMLO","presa santa maria","Sinaloa"],"articleSection":["Presidencia"],"inLanguage":"es","potentialAction":[{"@type":"CommentAction","name":"Comment","target":["https:\/\/redamlo.com\/index.php\/2023\/12\/18\/amlo-inaugura-presa-santa-maria-en-sinaloa\/#respond"]}]},{"@type":"WebPage","@id":"https:\/\/redamlo.com\/index.php\/2023\/12\/18\/amlo-inaugura-presa-santa-maria-en-sinaloa\/","url":"https:\/\/redamlo.com\/index.php\/2023\/12\/18\/amlo-inaugura-presa-santa-maria-en-sinaloa\/","name":"AMLO INAUGURA PRESA SANTA MAR\u00cdA EN SINALOA - NOTICIAS DE LA 4T","isPartOf":{"@id":"https:\/\/redamlo.com\/#website"},"primaryImageOfPage":{"@id":"https:\/\/redamlo.com\/index.php\/2023\/12\/18\/amlo-inaugura-presa-santa-maria-en-sinaloa\/#primaryimage"},"image":{"@id":"https:\/\/redamlo.com\/index.php\/2023\/12\/18\/amlo-inaugura-presa-santa-maria-en-sinaloa\/#primaryimage"},"thumbnailUrl":"https:\/\/redamlo.com\/wp-content\/uploads\/2023\/12\/2023-12-18-Presidente-AMLO-Inauguracion-de-la-presa-Santa-Maria-Sinaloa-Foto-07.jpg","datePublished":"2023-12-19T02:29:24+00:00","breadcrumb":{"@id":"https:\/\/redamlo.com\/index.php\/2023\/12\/18\/amlo-inaugura-presa-santa-maria-en-sinaloa\/#breadcrumb"},"inLanguage":"es","potentialAction":[{"@type":"ReadAction","target":["https:\/\/redamlo.com\/index.php\/2023\/12\/18\/amlo-inaugura-presa-santa-maria-en-sinaloa\/"]}]},{"@type":"ImageObject","inLanguage":"es","@id":"https:\/\/redamlo.com\/index.php\/2023\/12\/18\/amlo-inaugura-presa-santa-maria-en-sinaloa\/#primaryimage","url":"https:\/\/redamlo.com\/wp-content\/uploads\/2023\/12\/2023-12-18-Presidente-AMLO-Inauguracion-de-la-presa-Santa-Maria-Sinaloa-Foto-07.jpg","contentUrl":"https:\/\/redamlo.com\/wp-content\/uploads\/2023\/12\/2023-12-18-Presidente-AMLO-Inauguracion-de-la-presa-Santa-Maria-Sinaloa-Foto-07.jpg","width":1502,"height":1000},{"@type":"BreadcrumbList","@id":"https:\/\/redamlo.com\/index.php\/2023\/12\/18\/amlo-inaugura-presa-santa-maria-en-sinaloa\/#breadcrumb","itemListElement":[{"@type":"ListItem","position":1,"name":"Inicio","item":"https:\/\/redamlo.com\/"},{"@type":"ListItem","position":2,"name":"AMLO INAUGURA PRESA SANTA MAR\u00cdA EN SINALOA"}]},{"@type":"WebSite","@id":"https:\/\/redamlo.com\/#website","url":"https:\/\/redamlo.com\/","name":"NOTICIAS DE LA 4T","description":"","publisher":{"@id":"https:\/\/redamlo.com\/#organization"},"potentialAction":[{"@type":"SearchAction","target":{"@type":"EntryPoint","urlTemplate":"https:\/\/redamlo.com\/?s={search_term_string}"},"query-input":{"@type":"PropertyValueSpecification","valueRequired":true,"valueName":"search_term_string"}}],"inLanguage":"es"},{"@type":"Organization","@id":"https:\/\/redamlo.com\/#organization","name":"NOTICIAS DE LA 4T","url":"https:\/\/redamlo.com\/","logo":{"@type":"ImageObject","inLanguage":"es","@id":"https:\/\/redamlo.com\/#\/schema\/logo\/image\/","url":"https:\/\/redamlo.com\/wp-content\/uploads\/2024\/08\/cropped-RED-AMLO-logo-50.png","contentUrl":"https:\/\/redamlo.com\/wp-content\/uploads\/2024\/08\/cropped-RED-AMLO-logo-50.png","width":256,"height":256,"caption":"NOTICIAS DE LA 4T"},"image":{"@id":"https:\/\/redamlo.com\/#\/schema\/logo\/image\/"}},{"@type":"Person","@id":"https:\/\/redamlo.com\/#\/schema\/person\/197a0a670d21b1f4f1483ddda1b64613","name":"admin","image":{"@type":"ImageObject","inLanguage":"es","@id":"https:\/\/secure.gravatar.com\/avatar\/293dccd927043f2e641da6685c2f84009782eb9ee0054daceada4e261ded849a?s=96&d=mm&r=g","url":"https:\/\/secure.gravatar.com\/avatar\/293dccd927043f2e641da6685c2f84009782eb9ee0054daceada4e261ded849a?s=96&d=mm&r=g","contentUrl":"https:\/\/secure.gravatar.com\/avatar\/293dccd927043f2e641da6685c2f84009782eb9ee0054daceada4e261ded849a?s=96&d=mm&r=g","caption":"admin"},"sameAs":["https:\/\/redamlo.com"],"url":"https:\/\/redamlo.com\/index.php\/author\/stell\/"}]}},"_links":{"self":[{"href":"https:\/\/redamlo.com\/index.php\/wp-json\/wp\/v2\/posts\/7293","targetHints":{"allow":["GET"]}}],"collection":[{"href":"https:\/\/redamlo.com\/index.php\/wp-json\/wp\/v2\/posts"}],"about":[{"href":"https:\/\/redamlo.com\/index.php\/wp-json\/wp\/v2\/types\/post"}],"author":[{"embeddable":true,"href":"https:\/\/redamlo.com\/index.php\/wp-json\/wp\/v2\/users\/1"}],"replies":[{"embeddable":true,"href":"https:\/\/redamlo.com\/index.php\/wp-json\/wp\/v2\/comments?post=7293"}],"version-history":[{"count":0,"href":"https:\/\/redamlo.com\/index.php\/wp-json\/wp\/v2\/posts\/7293\/revisions"}],"wp:featuredmedia":[{"embeddable":true,"href":"https:\/\/redamlo.com\/index.php\/wp-json\/wp\/v2\/media\/7294"}],"wp:attachment":[{"href":"https:\/\/redamlo.com\/index.php\/wp-json\/wp\/v2\/media?parent=7293"}],"wp:term":[{"taxonomy":"category","embeddable":true,"href":"https:\/\/redamlo.com\/index.php\/wp-json\/wp\/v2\/categories?post=7293"},{"taxonomy":"post_tag","embeddable":true,"href":"https:\/\/redamlo.com\/index.php\/wp-json\/wp\/v2\/tags?post=7293"}],"curies":[{"name":"wp","href":"https:\/\/api.w.org\/{rel}","templated":true}]}}