{"id":7285,"date":"2023-12-18T16:10:39","date_gmt":"2023-12-18T22:10:39","guid":{"rendered":"https:\/\/redamlo.com\/?p=7285"},"modified":"2023-12-18T16:10:39","modified_gmt":"2023-12-18T22:10:39","slug":"uno-de-los-perfiles-mas-destacados-para-el-senado-en-queretaro-por-morena-es-la-diputada-andrea-tovar","status":"publish","type":"post","link":"https:\/\/redamlo.com\/index.php\/2023\/12\/18\/uno-de-los-perfiles-mas-destacados-para-el-senado-en-queretaro-por-morena-es-la-diputada-andrea-tovar\/","title":{"rendered":"Uno de los perfiles m\u00e1s destacados para el Senado en Quer\u00e9taro por Morena es la diputada Andrea Tovar."},"content":{"rendered":"<p>La joven legisladora ha realizado un papel destacado en el Congreso local, encabezando la defensa de los derechos de los queretanos, as\u00ed como la justicia social en distintos rubros. Adem\u00e1s, form\u00f3 una amplia red de de apoyo, ya que contin\u00faa recorriendo las calles motivando a m\u00e1s personas para que se integren a la Cuarta Transformaci\u00f3n, encabezada por el presidente L\u00f3pez Obrador. Sin duda, en Morena pueden estar tranquilos, el relevo generacional marcha bien en un perfil como el de Andrea Tovar donde convergen diversas corrientes del partido.<\/p>\n<p><img loading=\"lazy\" decoding=\"async\" class=\"aligncenter wp-image-7287 size-full\" src=\"https:\/\/redamlo.com\/wp-content\/uploads\/2023\/12\/andrea-tovar-2.jpg\" alt=\"\" width=\"720\" height=\"816\" srcset=\"https:\/\/redamlo.com\/wp-content\/uploads\/2023\/12\/andrea-tovar-2.jpg 720w, https:\/\/redamlo.com\/wp-content\/uploads\/2023\/12\/andrea-tovar-2-265x300.jpg 265w\" sizes=\"auto, (max-width: 720px) 100vw, 720px\" \/><\/p>\n<p>Con su inscripci\u00f3n a la convocatoria para el Senado de la Rep\u00fablica, Andrea Tovar Saavedra se perfila como la carta fuerte del partido Morena en la entidad.\u00a0Su trabajo con sentido social en el Congreso local es destacado. Encabez\u00f3 la lucha por la defensa del agua, atrayendo los reflectores nacionales por la importancia del tema y el grado de representaci\u00f3n por parte del gobierno estatal\u00a0 Adem\u00e1s cuenta con otras iniciativas en favor de la equidad de g\u00e9nero, y la m\u00e1s reciente, la implementaci\u00f3n de la Ley Monz\u00f3n en el estado de Quer\u00e9taro. Nos dicen qu\u00e9 algunos de los legisladores panistas\u00a0 en el Congreso queratano ven con recelo la agenda de derechos que defiende Andrea Tovar y mas de uno tuvo intenci\u00f3n de \u201crobar\u201d sus iniciativas, pues \u00e9stas la colocaron en el foco nacional y desnudaron en estado en el que \u201cnada pasa&#8221;.<\/p>\n<p><img loading=\"lazy\" decoding=\"async\" class=\"aligncenter wp-image-7289 size-full\" src=\"https:\/\/redamlo.com\/wp-content\/uploads\/2023\/12\/andrea-tovar-3.jpg\" alt=\"\" width=\"720\" height=\"743\" srcset=\"https:\/\/redamlo.com\/wp-content\/uploads\/2023\/12\/andrea-tovar-3.jpg 720w, https:\/\/redamlo.com\/wp-content\/uploads\/2023\/12\/andrea-tovar-3-291x300.jpg 291w\" sizes=\"auto, (max-width: 720px) 100vw, 720px\" \/><\/p>\n<p>La diputada de morena Andrea Tovar se coloca como la favorita para encabezar la f\u00f3rmula al Senado por el partido guinda en Quer\u00e9taro. Su experiencia en el Poder Legislativo y antes en el Poder Judicial, la colocan como una de las mujeres m\u00e1s experimentadas a pesar de su corta edad. Con la determinaci\u00f3n del partido de designar a una mujer para encabezar la f\u00f3rmula al Senado, nos dicen que algunos perfiles como Santiago Nieto Castillo, extitular de la Unidad de Inteligencia Financiera, as\u00ed como Ricardo Astudillo, presidente del Partido Verde en la entidad, han buscado dialogar con Andrea para plantear una estrategia y conseguir las dos posiciones por mayor\u00eda en el Senado. Enfrentar\u00e1n a dos perfiles enviados por el PAN, que opt\u00f3 por alguien que justific\u00f3 la represi\u00f3n de movimientos sociales en la entidad y a una persona que tiene cuentas pendientes por su gesti\u00f3n al interior de la administraci\u00f3n estatal. Nada f\u00e1cil, pero es lograble.<\/p>\n<p><img loading=\"lazy\" decoding=\"async\" class=\"aligncenter wp-image-7290 size-full\" src=\"https:\/\/redamlo.com\/wp-content\/uploads\/2023\/12\/andrea-tovar-4.jpg\" alt=\"\" width=\"720\" height=\"664\" srcset=\"https:\/\/redamlo.com\/wp-content\/uploads\/2023\/12\/andrea-tovar-4.jpg 720w, https:\/\/redamlo.com\/wp-content\/uploads\/2023\/12\/andrea-tovar-4-300x277.jpg 300w\" sizes=\"auto, (max-width: 720px) 100vw, 720px\" \/><\/p>\n","protected":false},"excerpt":{"rendered":"<p>La joven legisladora ha realizado un papel destacado en el Congreso local, encabezando la defensa&#8230;<\/p>\n","protected":false},"author":1,"featured_media":7286,"comment_status":"open","ping_status":"closed","sticky":false,"template":"","format":"standard","meta":{"footnotes":""},"categories":[6],"tags":[2614,2615,2529],"class_list":["post-7285","post","type-post","status-publish","format-standard","has-post-thumbnail","hentry","category-estados","tag-andrea-tovar","tag-diputada-andrea-tovar","tag-queretaro"],"yoast_head":"<!-- This site is optimized with the Yoast SEO plugin v27.5 - https:\/\/yoast.com\/product\/yoast-seo-wordpress\/ -->\n<title>Uno de los perfiles m\u00e1s destacados para el Senado en Quer\u00e9taro por Morena es la diputada Andrea Tovar. - NOTICIAS DE LA 4T<\/title>\n<meta name=\"robots\" content=\"noindex, follow, max-snippet:-1, max-image-preview:large, max-video-preview:-1\" \/>\n<meta property=\"og:locale\" content=\"es_MX\" \/>\n<meta property=\"og:type\" content=\"article\" \/>\n<meta property=\"og:title\" content=\"Uno de los perfiles m\u00e1s destacados para el Senado en Quer\u00e9taro por Morena es la diputada Andrea Tovar. - NOTICIAS DE LA 4T\" \/>\n<meta property=\"og:description\" content=\"La joven legisladora ha realizado un papel destacado en el Congreso local, encabezando la defensa...\" \/>\n<meta property=\"og:url\" content=\"https:\/\/redamlo.com\/index.php\/2023\/12\/18\/uno-de-los-perfiles-mas-destacados-para-el-senado-en-queretaro-por-morena-es-la-diputada-andrea-tovar\/\" \/>\n<meta property=\"og:site_name\" content=\"NOTICIAS DE LA 4T\" \/>\n<meta property=\"article:published_time\" content=\"2023-12-18T22:10:39+00:00\" \/>\n<meta property=\"og:image\" content=\"https:\/\/redamlo.com\/wp-content\/uploads\/2023\/12\/andrea-tovar-1.jpg\" \/>\n\t<meta property=\"og:image:width\" content=\"720\" \/>\n\t<meta property=\"og:image:height\" content=\"801\" \/>\n\t<meta property=\"og:image:type\" content=\"image\/jpeg\" \/>\n<meta name=\"author\" content=\"admin\" \/>\n<meta name=\"twitter:card\" content=\"summary_large_image\" \/>\n<meta name=\"twitter:label1\" content=\"Escrito por\" \/>\n\t<meta name=\"twitter:data1\" content=\"admin\" \/>\n\t<meta name=\"twitter:label2\" content=\"Tiempo de lectura\" \/>\n\t<meta name=\"twitter:data2\" content=\"3 minutos\" \/>\n<script type=\"application\/ld+json\" class=\"yoast-schema-graph\">{\"@context\":\"https:\\\/\\\/schema.org\",\"@graph\":[{\"@type\":\"Article\",\"@id\":\"https:\\\/\\\/redamlo.com\\\/index.php\\\/2023\\\/12\\\/18\\\/uno-de-los-perfiles-mas-destacados-para-el-senado-en-queretaro-por-morena-es-la-diputada-andrea-tovar\\\/#article\",\"isPartOf\":{\"@id\":\"https:\\\/\\\/redamlo.com\\\/index.php\\\/2023\\\/12\\\/18\\\/uno-de-los-perfiles-mas-destacados-para-el-senado-en-queretaro-por-morena-es-la-diputada-andrea-tovar\\\/\"},\"author\":{\"name\":\"admin\",\"@id\":\"https:\\\/\\\/redamlo.com\\\/#\\\/schema\\\/person\\\/197a0a670d21b1f4f1483ddda1b64613\"},\"headline\":\"Uno de los perfiles m\u00e1s destacados para el Senado en Quer\u00e9taro por Morena es la diputada Andrea Tovar.\",\"datePublished\":\"2023-12-18T22:10:39+00:00\",\"mainEntityOfPage\":{\"@id\":\"https:\\\/\\\/redamlo.com\\\/index.php\\\/2023\\\/12\\\/18\\\/uno-de-los-perfiles-mas-destacados-para-el-senado-en-queretaro-por-morena-es-la-diputada-andrea-tovar\\\/\"},\"wordCount\":431,\"commentCount\":0,\"publisher\":{\"@id\":\"https:\\\/\\\/redamlo.com\\\/#organization\"},\"image\":{\"@id\":\"https:\\\/\\\/redamlo.com\\\/index.php\\\/2023\\\/12\\\/18\\\/uno-de-los-perfiles-mas-destacados-para-el-senado-en-queretaro-por-morena-es-la-diputada-andrea-tovar\\\/#primaryimage\"},\"thumbnailUrl\":\"https:\\\/\\\/redamlo.com\\\/wp-content\\\/uploads\\\/2023\\\/12\\\/andrea-tovar-1.jpg\",\"keywords\":[\"andrea tovar\",\"diputada andrea tovar\",\"Quer\u00e9taro\"],\"articleSection\":[\"Estados\"],\"inLanguage\":\"es\",\"potentialAction\":[{\"@type\":\"CommentAction\",\"name\":\"Comment\",\"target\":[\"https:\\\/\\\/redamlo.com\\\/index.php\\\/2023\\\/12\\\/18\\\/uno-de-los-perfiles-mas-destacados-para-el-senado-en-queretaro-por-morena-es-la-diputada-andrea-tovar\\\/#respond\"]}]},{\"@type\":\"WebPage\",\"@id\":\"https:\\\/\\\/redamlo.com\\\/index.php\\\/2023\\\/12\\\/18\\\/uno-de-los-perfiles-mas-destacados-para-el-senado-en-queretaro-por-morena-es-la-diputada-andrea-tovar\\\/\",\"url\":\"https:\\\/\\\/redamlo.com\\\/index.php\\\/2023\\\/12\\\/18\\\/uno-de-los-perfiles-mas-destacados-para-el-senado-en-queretaro-por-morena-es-la-diputada-andrea-tovar\\\/\",\"name\":\"Uno de los perfiles m\u00e1s destacados para el Senado en Quer\u00e9taro por Morena es la diputada Andrea Tovar. - NOTICIAS DE LA 4T\",\"isPartOf\":{\"@id\":\"https:\\\/\\\/redamlo.com\\\/#website\"},\"primaryImageOfPage\":{\"@id\":\"https:\\\/\\\/redamlo.com\\\/index.php\\\/2023\\\/12\\\/18\\\/uno-de-los-perfiles-mas-destacados-para-el-senado-en-queretaro-por-morena-es-la-diputada-andrea-tovar\\\/#primaryimage\"},\"image\":{\"@id\":\"https:\\\/\\\/redamlo.com\\\/index.php\\\/2023\\\/12\\\/18\\\/uno-de-los-perfiles-mas-destacados-para-el-senado-en-queretaro-por-morena-es-la-diputada-andrea-tovar\\\/#primaryimage\"},\"thumbnailUrl\":\"https:\\\/\\\/redamlo.com\\\/wp-content\\\/uploads\\\/2023\\\/12\\\/andrea-tovar-1.jpg\",\"datePublished\":\"2023-12-18T22:10:39+00:00\",\"breadcrumb\":{\"@id\":\"https:\\\/\\\/redamlo.com\\\/index.php\\\/2023\\\/12\\\/18\\\/uno-de-los-perfiles-mas-destacados-para-el-senado-en-queretaro-por-morena-es-la-diputada-andrea-tovar\\\/#breadcrumb\"},\"inLanguage\":\"es\",\"potentialAction\":[{\"@type\":\"ReadAction\",\"target\":[\"https:\\\/\\\/redamlo.com\\\/index.php\\\/2023\\\/12\\\/18\\\/uno-de-los-perfiles-mas-destacados-para-el-senado-en-queretaro-por-morena-es-la-diputada-andrea-tovar\\\/\"]}]},{\"@type\":\"ImageObject\",\"inLanguage\":\"es\",\"@id\":\"https:\\\/\\\/redamlo.com\\\/index.php\\\/2023\\\/12\\\/18\\\/uno-de-los-perfiles-mas-destacados-para-el-senado-en-queretaro-por-morena-es-la-diputada-andrea-tovar\\\/#primaryimage\",\"url\":\"https:\\\/\\\/redamlo.com\\\/wp-content\\\/uploads\\\/2023\\\/12\\\/andrea-tovar-1.jpg\",\"contentUrl\":\"https:\\\/\\\/redamlo.com\\\/wp-content\\\/uploads\\\/2023\\\/12\\\/andrea-tovar-1.jpg\",\"width\":720,\"height\":801},{\"@type\":\"BreadcrumbList\",\"@id\":\"https:\\\/\\\/redamlo.com\\\/index.php\\\/2023\\\/12\\\/18\\\/uno-de-los-perfiles-mas-destacados-para-el-senado-en-queretaro-por-morena-es-la-diputada-andrea-tovar\\\/#breadcrumb\",\"itemListElement\":[{\"@type\":\"ListItem\",\"position\":1,\"name\":\"Inicio\",\"item\":\"https:\\\/\\\/redamlo.com\\\/\"},{\"@type\":\"ListItem\",\"position\":2,\"name\":\"Uno de los perfiles m\u00e1s destacados para el Senado en Quer\u00e9taro por Morena es la diputada Andrea Tovar.\"}]},{\"@type\":\"WebSite\",\"@id\":\"https:\\\/\\\/redamlo.com\\\/#website\",\"url\":\"https:\\\/\\\/redamlo.com\\\/\",\"name\":\"NOTICIAS DE LA 4T\",\"description\":\"\",\"publisher\":{\"@id\":\"https:\\\/\\\/redamlo.com\\\/#organization\"},\"potentialAction\":[{\"@type\":\"SearchAction\",\"target\":{\"@type\":\"EntryPoint\",\"urlTemplate\":\"https:\\\/\\\/redamlo.com\\\/?s={search_term_string}\"},\"query-input\":{\"@type\":\"PropertyValueSpecification\",\"valueRequired\":true,\"valueName\":\"search_term_string\"}}],\"inLanguage\":\"es\"},{\"@type\":\"Organization\",\"@id\":\"https:\\\/\\\/redamlo.com\\\/#organization\",\"name\":\"NOTICIAS DE LA 4T\",\"url\":\"https:\\\/\\\/redamlo.com\\\/\",\"logo\":{\"@type\":\"ImageObject\",\"inLanguage\":\"es\",\"@id\":\"https:\\\/\\\/redamlo.com\\\/#\\\/schema\\\/logo\\\/image\\\/\",\"url\":\"https:\\\/\\\/redamlo.com\\\/wp-content\\\/uploads\\\/2024\\\/08\\\/cropped-RED-AMLO-logo-50.png\",\"contentUrl\":\"https:\\\/\\\/redamlo.com\\\/wp-content\\\/uploads\\\/2024\\\/08\\\/cropped-RED-AMLO-logo-50.png\",\"width\":256,\"height\":256,\"caption\":\"NOTICIAS DE LA 4T\"},\"image\":{\"@id\":\"https:\\\/\\\/redamlo.com\\\/#\\\/schema\\\/logo\\\/image\\\/\"}},{\"@type\":\"Person\",\"@id\":\"https:\\\/\\\/redamlo.com\\\/#\\\/schema\\\/person\\\/197a0a670d21b1f4f1483ddda1b64613\",\"name\":\"admin\",\"image\":{\"@type\":\"ImageObject\",\"inLanguage\":\"es\",\"@id\":\"https:\\\/\\\/secure.gravatar.com\\\/avatar\\\/293dccd927043f2e641da6685c2f84009782eb9ee0054daceada4e261ded849a?s=96&d=mm&r=g\",\"url\":\"https:\\\/\\\/secure.gravatar.com\\\/avatar\\\/293dccd927043f2e641da6685c2f84009782eb9ee0054daceada4e261ded849a?s=96&d=mm&r=g\",\"contentUrl\":\"https:\\\/\\\/secure.gravatar.com\\\/avatar\\\/293dccd927043f2e641da6685c2f84009782eb9ee0054daceada4e261ded849a?s=96&d=mm&r=g\",\"caption\":\"admin\"},\"sameAs\":[\"https:\\\/\\\/redamlo.com\"],\"url\":\"https:\\\/\\\/redamlo.com\\\/index.php\\\/author\\\/stell\\\/\"}]}<\/script>\n<!-- \/ Yoast SEO plugin. -->","yoast_head_json":{"title":"Uno de los perfiles m\u00e1s destacados para el Senado en Quer\u00e9taro por Morena es la diputada Andrea Tovar. - NOTICIAS DE LA 4T","robots":{"index":"noindex","follow":"follow","max-snippet":"max-snippet:-1","max-image-preview":"max-image-preview:large","max-video-preview":"max-video-preview:-1"},"og_locale":"es_MX","og_type":"article","og_title":"Uno de los perfiles m\u00e1s destacados para el Senado en Quer\u00e9taro por Morena es la diputada Andrea Tovar. - NOTICIAS DE LA 4T","og_description":"La joven legisladora ha realizado un papel destacado en el Congreso local, encabezando la defensa...","og_url":"https:\/\/redamlo.com\/index.php\/2023\/12\/18\/uno-de-los-perfiles-mas-destacados-para-el-senado-en-queretaro-por-morena-es-la-diputada-andrea-tovar\/","og_site_name":"NOTICIAS DE LA 4T","article_published_time":"2023-12-18T22:10:39+00:00","og_image":[{"width":720,"height":801,"url":"https:\/\/redamlo.com\/wp-content\/uploads\/2023\/12\/andrea-tovar-1.jpg","type":"image\/jpeg"}],"author":"admin","twitter_card":"summary_large_image","twitter_misc":{"Escrito por":"admin","Tiempo de lectura":"3 minutos"},"schema":{"@context":"https:\/\/schema.org","@graph":[{"@type":"Article","@id":"https:\/\/redamlo.com\/index.php\/2023\/12\/18\/uno-de-los-perfiles-mas-destacados-para-el-senado-en-queretaro-por-morena-es-la-diputada-andrea-tovar\/#article","isPartOf":{"@id":"https:\/\/redamlo.com\/index.php\/2023\/12\/18\/uno-de-los-perfiles-mas-destacados-para-el-senado-en-queretaro-por-morena-es-la-diputada-andrea-tovar\/"},"author":{"name":"admin","@id":"https:\/\/redamlo.com\/#\/schema\/person\/197a0a670d21b1f4f1483ddda1b64613"},"headline":"Uno de los perfiles m\u00e1s destacados para el Senado en Quer\u00e9taro por Morena es la diputada Andrea Tovar.","datePublished":"2023-12-18T22:10:39+00:00","mainEntityOfPage":{"@id":"https:\/\/redamlo.com\/index.php\/2023\/12\/18\/uno-de-los-perfiles-mas-destacados-para-el-senado-en-queretaro-por-morena-es-la-diputada-andrea-tovar\/"},"wordCount":431,"commentCount":0,"publisher":{"@id":"https:\/\/redamlo.com\/#organization"},"image":{"@id":"https:\/\/redamlo.com\/index.php\/2023\/12\/18\/uno-de-los-perfiles-mas-destacados-para-el-senado-en-queretaro-por-morena-es-la-diputada-andrea-tovar\/#primaryimage"},"thumbnailUrl":"https:\/\/redamlo.com\/wp-content\/uploads\/2023\/12\/andrea-tovar-1.jpg","keywords":["andrea tovar","diputada andrea tovar","Quer\u00e9taro"],"articleSection":["Estados"],"inLanguage":"es","potentialAction":[{"@type":"CommentAction","name":"Comment","target":["https:\/\/redamlo.com\/index.php\/2023\/12\/18\/uno-de-los-perfiles-mas-destacados-para-el-senado-en-queretaro-por-morena-es-la-diputada-andrea-tovar\/#respond"]}]},{"@type":"WebPage","@id":"https:\/\/redamlo.com\/index.php\/2023\/12\/18\/uno-de-los-perfiles-mas-destacados-para-el-senado-en-queretaro-por-morena-es-la-diputada-andrea-tovar\/","url":"https:\/\/redamlo.com\/index.php\/2023\/12\/18\/uno-de-los-perfiles-mas-destacados-para-el-senado-en-queretaro-por-morena-es-la-diputada-andrea-tovar\/","name":"Uno de los perfiles m\u00e1s destacados para el Senado en Quer\u00e9taro por Morena es la diputada Andrea Tovar. - NOTICIAS DE LA 4T","isPartOf":{"@id":"https:\/\/redamlo.com\/#website"},"primaryImageOfPage":{"@id":"https:\/\/redamlo.com\/index.php\/2023\/12\/18\/uno-de-los-perfiles-mas-destacados-para-el-senado-en-queretaro-por-morena-es-la-diputada-andrea-tovar\/#primaryimage"},"image":{"@id":"https:\/\/redamlo.com\/index.php\/2023\/12\/18\/uno-de-los-perfiles-mas-destacados-para-el-senado-en-queretaro-por-morena-es-la-diputada-andrea-tovar\/#primaryimage"},"thumbnailUrl":"https:\/\/redamlo.com\/wp-content\/uploads\/2023\/12\/andrea-tovar-1.jpg","datePublished":"2023-12-18T22:10:39+00:00","breadcrumb":{"@id":"https:\/\/redamlo.com\/index.php\/2023\/12\/18\/uno-de-los-perfiles-mas-destacados-para-el-senado-en-queretaro-por-morena-es-la-diputada-andrea-tovar\/#breadcrumb"},"inLanguage":"es","potentialAction":[{"@type":"ReadAction","target":["https:\/\/redamlo.com\/index.php\/2023\/12\/18\/uno-de-los-perfiles-mas-destacados-para-el-senado-en-queretaro-por-morena-es-la-diputada-andrea-tovar\/"]}]},{"@type":"ImageObject","inLanguage":"es","@id":"https:\/\/redamlo.com\/index.php\/2023\/12\/18\/uno-de-los-perfiles-mas-destacados-para-el-senado-en-queretaro-por-morena-es-la-diputada-andrea-tovar\/#primaryimage","url":"https:\/\/redamlo.com\/wp-content\/uploads\/2023\/12\/andrea-tovar-1.jpg","contentUrl":"https:\/\/redamlo.com\/wp-content\/uploads\/2023\/12\/andrea-tovar-1.jpg","width":720,"height":801},{"@type":"BreadcrumbList","@id":"https:\/\/redamlo.com\/index.php\/2023\/12\/18\/uno-de-los-perfiles-mas-destacados-para-el-senado-en-queretaro-por-morena-es-la-diputada-andrea-tovar\/#breadcrumb","itemListElement":[{"@type":"ListItem","position":1,"name":"Inicio","item":"https:\/\/redamlo.com\/"},{"@type":"ListItem","position":2,"name":"Uno de los perfiles m\u00e1s destacados para el Senado en Quer\u00e9taro por Morena es la diputada Andrea Tovar."}]},{"@type":"WebSite","@id":"https:\/\/redamlo.com\/#website","url":"https:\/\/redamlo.com\/","name":"NOTICIAS DE LA 4T","description":"","publisher":{"@id":"https:\/\/redamlo.com\/#organization"},"potentialAction":[{"@type":"SearchAction","target":{"@type":"EntryPoint","urlTemplate":"https:\/\/redamlo.com\/?s={search_term_string}"},"query-input":{"@type":"PropertyValueSpecification","valueRequired":true,"valueName":"search_term_string"}}],"inLanguage":"es"},{"@type":"Organization","@id":"https:\/\/redamlo.com\/#organization","name":"NOTICIAS DE LA 4T","url":"https:\/\/redamlo.com\/","logo":{"@type":"ImageObject","inLanguage":"es","@id":"https:\/\/redamlo.com\/#\/schema\/logo\/image\/","url":"https:\/\/redamlo.com\/wp-content\/uploads\/2024\/08\/cropped-RED-AMLO-logo-50.png","contentUrl":"https:\/\/redamlo.com\/wp-content\/uploads\/2024\/08\/cropped-RED-AMLO-logo-50.png","width":256,"height":256,"caption":"NOTICIAS DE LA 4T"},"image":{"@id":"https:\/\/redamlo.com\/#\/schema\/logo\/image\/"}},{"@type":"Person","@id":"https:\/\/redamlo.com\/#\/schema\/person\/197a0a670d21b1f4f1483ddda1b64613","name":"admin","image":{"@type":"ImageObject","inLanguage":"es","@id":"https:\/\/secure.gravatar.com\/avatar\/293dccd927043f2e641da6685c2f84009782eb9ee0054daceada4e261ded849a?s=96&d=mm&r=g","url":"https:\/\/secure.gravatar.com\/avatar\/293dccd927043f2e641da6685c2f84009782eb9ee0054daceada4e261ded849a?s=96&d=mm&r=g","contentUrl":"https:\/\/secure.gravatar.com\/avatar\/293dccd927043f2e641da6685c2f84009782eb9ee0054daceada4e261ded849a?s=96&d=mm&r=g","caption":"admin"},"sameAs":["https:\/\/redamlo.com"],"url":"https:\/\/redamlo.com\/index.php\/author\/stell\/"}]}},"_links":{"self":[{"href":"https:\/\/redamlo.com\/index.php\/wp-json\/wp\/v2\/posts\/7285","targetHints":{"allow":["GET"]}}],"collection":[{"href":"https:\/\/redamlo.com\/index.php\/wp-json\/wp\/v2\/posts"}],"about":[{"href":"https:\/\/redamlo.com\/index.php\/wp-json\/wp\/v2\/types\/post"}],"author":[{"embeddable":true,"href":"https:\/\/redamlo.com\/index.php\/wp-json\/wp\/v2\/users\/1"}],"replies":[{"embeddable":true,"href":"https:\/\/redamlo.com\/index.php\/wp-json\/wp\/v2\/comments?post=7285"}],"version-history":[{"count":0,"href":"https:\/\/redamlo.com\/index.php\/wp-json\/wp\/v2\/posts\/7285\/revisions"}],"wp:featuredmedia":[{"embeddable":true,"href":"https:\/\/redamlo.com\/index.php\/wp-json\/wp\/v2\/media\/7286"}],"wp:attachment":[{"href":"https:\/\/redamlo.com\/index.php\/wp-json\/wp\/v2\/media?parent=7285"}],"wp:term":[{"taxonomy":"category","embeddable":true,"href":"https:\/\/redamlo.com\/index.php\/wp-json\/wp\/v2\/categories?post=7285"},{"taxonomy":"post_tag","embeddable":true,"href":"https:\/\/redamlo.com\/index.php\/wp-json\/wp\/v2\/tags?post=7285"}],"curies":[{"name":"wp","href":"https:\/\/api.w.org\/{rel}","templated":true}]}}