{"id":7262,"date":"2023-12-07T14:56:39","date_gmt":"2023-12-07T20:56:39","guid":{"rendered":"https:\/\/redamlo.com\/?p=7262"},"modified":"2023-12-07T14:56:39","modified_gmt":"2023-12-07T20:56:39","slug":"presenta-andrea-tovar-en-congreso-de-queretaro-iniciativa-de-la-ley-monzon-conacompanamiento-de-monica-silva-legisladora-promotora-a-nivel-nacional","status":"publish","type":"post","link":"https:\/\/redamlo.com\/index.php\/2023\/12\/07\/presenta-andrea-tovar-en-congreso-de-queretaro-iniciativa-de-la-ley-monzon-conacompanamiento-de-monica-silva-legisladora-promotora-a-nivel-nacional\/","title":{"rendered":"Presenta Andrea Tovar, en congreso de Quer\u00e9taro iniciativa de la Ley Monz\u00f3n conacompa\u00f1amiento de M\u00f3nica Silva, legisladora promotora a nivel nacional"},"content":{"rendered":"<p>La diputada de la bancada de Morena en Quer\u00e9taro, Andrea Tovar, en conferencia de prensa present\u00f3 la iniciativa para aprobar la Ley Monz\u00f3n en el estado de Quer\u00e9taro con la finalidad de garantizar la protecci\u00f3n de los menores de edad, que terminan en vulnerabilidad en casos de feminicidio, cuando este es realizado por la pareja.<\/p>\n<p>&nbsp;<\/p>\n<p>Junto a la diputada del estado de Puebla, M\u00f3nica Silva Ruiz, quien es la promotora de esta ley a nivel nacional. Con es estado de Quer\u00e9taro suman ya 28 entidades en las que se presenta la ley.<\/p>\n<p><img loading=\"lazy\" decoding=\"async\" class=\"aligncenter wp-image-7264 size-large\" src=\"https:\/\/redamlo.com\/wp-content\/uploads\/2023\/12\/ley-monzon-2-1024x550.jpg\" alt=\"\" width=\"640\" height=\"344\" srcset=\"https:\/\/redamlo.com\/wp-content\/uploads\/2023\/12\/ley-monzon-2-1024x550.jpg 1024w, https:\/\/redamlo.com\/wp-content\/uploads\/2023\/12\/ley-monzon-2-300x161.jpg 300w, https:\/\/redamlo.com\/wp-content\/uploads\/2023\/12\/ley-monzon-2-768x412.jpg 768w, https:\/\/redamlo.com\/wp-content\/uploads\/2023\/12\/ley-monzon-2.jpg 1080w\" sizes=\"auto, (max-width: 640px) 100vw, 640px\" \/><\/p>\n<p>&nbsp;<\/p>\n<p>La Ley Monz\u00f3n establece la suspensi\u00f3n de los derechos de patria potestad de los padres cuando se encuentran en la etapa de investigaci\u00f3n del delito, y se estipula una suspensi\u00f3n definitiva de los derechos de los padres si se logra una sentencia en su contra.<\/p>\n<p>&nbsp;<\/p>\n<p>No sucede lo mismo con las obligaciones, ya que se garantiza una pensi\u00f3n para los menores de edad. Asimismo, se establece que existe una agravante en la sentencia cuando el delito se cometa frente a los menores de edad.<\/p>\n<p>&nbsp;<\/p>\n<p>\u201cA pesar de todos los esfuerzos, las cifras se recrudecen cada vez m\u00e1s y las expresiones de violencia incrementan y a\u00f1o con a\u00f1o perdemos amigas, compa\u00f1eras, hermanas, hijas y madres, debido a un feminicida que por el machismo y la misoginia se siente con el derecho de arrebatarles la vida\u201dmanifest\u00f3 Andrea Tovar<\/p>\n<p>&nbsp;<\/p>\n<p>La diputada Silva Ruiz dijo que a nivel nacional no existe un padr\u00f3n en donde se integre a los menores de edad que terminaron desamparados debido al feminicidio que los convierte en v\u00edctimas secundarias.<\/p>\n<p>&nbsp;<\/p>\n<p>La legisladora del grupo parlamentario de morena, Andrea Tovar, realizar\u00e1 el trabajo de cabildeo para conseguir el consenso con las bancadas de los diferentes grupos parlamentarios en el Congreso para que se apruebe la Ley Monz\u00f3n en la entidad. Sin embargo, advirti\u00f3 que existe oportunismo pol\u00edtico en la Legislatura, por lo que su hom\u00f3loga M\u00f3nica dijo que tendr\u00e1 todo el respaldo para que se puede aprobar en la entidad.<\/p>\n<p>&nbsp;<\/p>\n<p>\u201cElla no est\u00e1 sola en la presentaci\u00f3n de esta iniciativa. Agradecemos esta oportunidad de presentar la iniciativa y que sea aprobada tambi\u00e9n en Quer\u00e9taro<\/p>\n","protected":false},"excerpt":{"rendered":"<p>La diputada de la bancada de Morena en Quer\u00e9taro, Andrea Tovar, en conferencia de prensa&#8230;<\/p>\n","protected":false},"author":1,"featured_media":7263,"comment_status":"open","ping_status":"closed","sticky":false,"template":"","format":"standard","meta":{"footnotes":""},"categories":[6,5],"tags":[2607,2529],"class_list":["post-7262","post","type-post","status-publish","format-standard","has-post-thumbnail","hentry","category-estados","category-politica","tag-ley-monzon","tag-queretaro"],"yoast_head":"<!-- This site is optimized with the Yoast SEO plugin v27.5 - https:\/\/yoast.com\/product\/yoast-seo-wordpress\/ -->\n<title>Presenta Andrea Tovar, en congreso de Quer\u00e9taro iniciativa de la Ley Monz\u00f3n conacompa\u00f1amiento de M\u00f3nica Silva, legisladora promotora a nivel nacional - NOTICIAS DE LA 4T<\/title>\n<meta name=\"robots\" content=\"noindex, follow, max-snippet:-1, max-image-preview:large, max-video-preview:-1\" \/>\n<meta property=\"og:locale\" content=\"es_MX\" \/>\n<meta property=\"og:type\" content=\"article\" \/>\n<meta property=\"og:title\" content=\"Presenta Andrea Tovar, en congreso de Quer\u00e9taro iniciativa de la Ley Monz\u00f3n conacompa\u00f1amiento de M\u00f3nica Silva, legisladora promotora a nivel nacional - NOTICIAS DE LA 4T\" \/>\n<meta property=\"og:description\" content=\"La diputada de la bancada de Morena en Quer\u00e9taro, Andrea Tovar, en conferencia de prensa...\" \/>\n<meta property=\"og:url\" content=\"https:\/\/redamlo.com\/index.php\/2023\/12\/07\/presenta-andrea-tovar-en-congreso-de-queretaro-iniciativa-de-la-ley-monzon-conacompanamiento-de-monica-silva-legisladora-promotora-a-nivel-nacional\/\" \/>\n<meta property=\"og:site_name\" content=\"NOTICIAS DE LA 4T\" \/>\n<meta property=\"article:published_time\" content=\"2023-12-07T20:56:39+00:00\" \/>\n<meta property=\"og:image\" content=\"https:\/\/redamlo.com\/wp-content\/uploads\/2023\/12\/ley-monzon-1.jpg\" \/>\n\t<meta property=\"og:image:width\" content=\"1600\" \/>\n\t<meta property=\"og:image:height\" content=\"1066\" \/>\n\t<meta property=\"og:image:type\" content=\"image\/jpeg\" \/>\n<meta name=\"author\" content=\"admin\" \/>\n<meta name=\"twitter:card\" content=\"summary_large_image\" \/>\n<meta name=\"twitter:label1\" content=\"Escrito por\" \/>\n\t<meta name=\"twitter:data1\" content=\"admin\" \/>\n\t<meta name=\"twitter:label2\" content=\"Tiempo de lectura\" \/>\n\t<meta name=\"twitter:data2\" content=\"2 minutos\" \/>\n<script type=\"application\/ld+json\" class=\"yoast-schema-graph\">{\"@context\":\"https:\\\/\\\/schema.org\",\"@graph\":[{\"@type\":\"Article\",\"@id\":\"https:\\\/\\\/redamlo.com\\\/index.php\\\/2023\\\/12\\\/07\\\/presenta-andrea-tovar-en-congreso-de-queretaro-iniciativa-de-la-ley-monzon-conacompanamiento-de-monica-silva-legisladora-promotora-a-nivel-nacional\\\/#article\",\"isPartOf\":{\"@id\":\"https:\\\/\\\/redamlo.com\\\/index.php\\\/2023\\\/12\\\/07\\\/presenta-andrea-tovar-en-congreso-de-queretaro-iniciativa-de-la-ley-monzon-conacompanamiento-de-monica-silva-legisladora-promotora-a-nivel-nacional\\\/\"},\"author\":{\"name\":\"admin\",\"@id\":\"https:\\\/\\\/redamlo.com\\\/#\\\/schema\\\/person\\\/197a0a670d21b1f4f1483ddda1b64613\"},\"headline\":\"Presenta Andrea Tovar, en congreso de Quer\u00e9taro iniciativa de la Ley Monz\u00f3n conacompa\u00f1amiento de M\u00f3nica Silva, legisladora promotora a nivel nacional\",\"datePublished\":\"2023-12-07T20:56:39+00:00\",\"mainEntityOfPage\":{\"@id\":\"https:\\\/\\\/redamlo.com\\\/index.php\\\/2023\\\/12\\\/07\\\/presenta-andrea-tovar-en-congreso-de-queretaro-iniciativa-de-la-ley-monzon-conacompanamiento-de-monica-silva-legisladora-promotora-a-nivel-nacional\\\/\"},\"wordCount\":411,\"commentCount\":0,\"publisher\":{\"@id\":\"https:\\\/\\\/redamlo.com\\\/#organization\"},\"image\":{\"@id\":\"https:\\\/\\\/redamlo.com\\\/index.php\\\/2023\\\/12\\\/07\\\/presenta-andrea-tovar-en-congreso-de-queretaro-iniciativa-de-la-ley-monzon-conacompanamiento-de-monica-silva-legisladora-promotora-a-nivel-nacional\\\/#primaryimage\"},\"thumbnailUrl\":\"https:\\\/\\\/redamlo.com\\\/wp-content\\\/uploads\\\/2023\\\/12\\\/ley-monzon-1.jpg\",\"keywords\":[\"ley monzon\",\"Quer\u00e9taro\"],\"articleSection\":[\"Estados\",\"Pol\u00edtica\"],\"inLanguage\":\"es\",\"potentialAction\":[{\"@type\":\"CommentAction\",\"name\":\"Comment\",\"target\":[\"https:\\\/\\\/redamlo.com\\\/index.php\\\/2023\\\/12\\\/07\\\/presenta-andrea-tovar-en-congreso-de-queretaro-iniciativa-de-la-ley-monzon-conacompanamiento-de-monica-silva-legisladora-promotora-a-nivel-nacional\\\/#respond\"]}]},{\"@type\":\"WebPage\",\"@id\":\"https:\\\/\\\/redamlo.com\\\/index.php\\\/2023\\\/12\\\/07\\\/presenta-andrea-tovar-en-congreso-de-queretaro-iniciativa-de-la-ley-monzon-conacompanamiento-de-monica-silva-legisladora-promotora-a-nivel-nacional\\\/\",\"url\":\"https:\\\/\\\/redamlo.com\\\/index.php\\\/2023\\\/12\\\/07\\\/presenta-andrea-tovar-en-congreso-de-queretaro-iniciativa-de-la-ley-monzon-conacompanamiento-de-monica-silva-legisladora-promotora-a-nivel-nacional\\\/\",\"name\":\"Presenta Andrea Tovar, en congreso de Quer\u00e9taro iniciativa de la Ley Monz\u00f3n conacompa\u00f1amiento de M\u00f3nica Silva, legisladora promotora a nivel nacional - NOTICIAS DE LA 4T\",\"isPartOf\":{\"@id\":\"https:\\\/\\\/redamlo.com\\\/#website\"},\"primaryImageOfPage\":{\"@id\":\"https:\\\/\\\/redamlo.com\\\/index.php\\\/2023\\\/12\\\/07\\\/presenta-andrea-tovar-en-congreso-de-queretaro-iniciativa-de-la-ley-monzon-conacompanamiento-de-monica-silva-legisladora-promotora-a-nivel-nacional\\\/#primaryimage\"},\"image\":{\"@id\":\"https:\\\/\\\/redamlo.com\\\/index.php\\\/2023\\\/12\\\/07\\\/presenta-andrea-tovar-en-congreso-de-queretaro-iniciativa-de-la-ley-monzon-conacompanamiento-de-monica-silva-legisladora-promotora-a-nivel-nacional\\\/#primaryimage\"},\"thumbnailUrl\":\"https:\\\/\\\/redamlo.com\\\/wp-content\\\/uploads\\\/2023\\\/12\\\/ley-monzon-1.jpg\",\"datePublished\":\"2023-12-07T20:56:39+00:00\",\"breadcrumb\":{\"@id\":\"https:\\\/\\\/redamlo.com\\\/index.php\\\/2023\\\/12\\\/07\\\/presenta-andrea-tovar-en-congreso-de-queretaro-iniciativa-de-la-ley-monzon-conacompanamiento-de-monica-silva-legisladora-promotora-a-nivel-nacional\\\/#breadcrumb\"},\"inLanguage\":\"es\",\"potentialAction\":[{\"@type\":\"ReadAction\",\"target\":[\"https:\\\/\\\/redamlo.com\\\/index.php\\\/2023\\\/12\\\/07\\\/presenta-andrea-tovar-en-congreso-de-queretaro-iniciativa-de-la-ley-monzon-conacompanamiento-de-monica-silva-legisladora-promotora-a-nivel-nacional\\\/\"]}]},{\"@type\":\"ImageObject\",\"inLanguage\":\"es\",\"@id\":\"https:\\\/\\\/redamlo.com\\\/index.php\\\/2023\\\/12\\\/07\\\/presenta-andrea-tovar-en-congreso-de-queretaro-iniciativa-de-la-ley-monzon-conacompanamiento-de-monica-silva-legisladora-promotora-a-nivel-nacional\\\/#primaryimage\",\"url\":\"https:\\\/\\\/redamlo.com\\\/wp-content\\\/uploads\\\/2023\\\/12\\\/ley-monzon-1.jpg\",\"contentUrl\":\"https:\\\/\\\/redamlo.com\\\/wp-content\\\/uploads\\\/2023\\\/12\\\/ley-monzon-1.jpg\",\"width\":1600,\"height\":1066},{\"@type\":\"BreadcrumbList\",\"@id\":\"https:\\\/\\\/redamlo.com\\\/index.php\\\/2023\\\/12\\\/07\\\/presenta-andrea-tovar-en-congreso-de-queretaro-iniciativa-de-la-ley-monzon-conacompanamiento-de-monica-silva-legisladora-promotora-a-nivel-nacional\\\/#breadcrumb\",\"itemListElement\":[{\"@type\":\"ListItem\",\"position\":1,\"name\":\"Inicio\",\"item\":\"https:\\\/\\\/redamlo.com\\\/\"},{\"@type\":\"ListItem\",\"position\":2,\"name\":\"Presenta Andrea Tovar, en congreso de Quer\u00e9taro iniciativa de la Ley Monz\u00f3n conacompa\u00f1amiento de M\u00f3nica Silva, legisladora promotora a nivel nacional\"}]},{\"@type\":\"WebSite\",\"@id\":\"https:\\\/\\\/redamlo.com\\\/#website\",\"url\":\"https:\\\/\\\/redamlo.com\\\/\",\"name\":\"NOTICIAS DE LA 4T\",\"description\":\"\",\"publisher\":{\"@id\":\"https:\\\/\\\/redamlo.com\\\/#organization\"},\"potentialAction\":[{\"@type\":\"SearchAction\",\"target\":{\"@type\":\"EntryPoint\",\"urlTemplate\":\"https:\\\/\\\/redamlo.com\\\/?s={search_term_string}\"},\"query-input\":{\"@type\":\"PropertyValueSpecification\",\"valueRequired\":true,\"valueName\":\"search_term_string\"}}],\"inLanguage\":\"es\"},{\"@type\":\"Organization\",\"@id\":\"https:\\\/\\\/redamlo.com\\\/#organization\",\"name\":\"NOTICIAS DE LA 4T\",\"url\":\"https:\\\/\\\/redamlo.com\\\/\",\"logo\":{\"@type\":\"ImageObject\",\"inLanguage\":\"es\",\"@id\":\"https:\\\/\\\/redamlo.com\\\/#\\\/schema\\\/logo\\\/image\\\/\",\"url\":\"https:\\\/\\\/redamlo.com\\\/wp-content\\\/uploads\\\/2024\\\/08\\\/cropped-RED-AMLO-logo-50.png\",\"contentUrl\":\"https:\\\/\\\/redamlo.com\\\/wp-content\\\/uploads\\\/2024\\\/08\\\/cropped-RED-AMLO-logo-50.png\",\"width\":256,\"height\":256,\"caption\":\"NOTICIAS DE LA 4T\"},\"image\":{\"@id\":\"https:\\\/\\\/redamlo.com\\\/#\\\/schema\\\/logo\\\/image\\\/\"}},{\"@type\":\"Person\",\"@id\":\"https:\\\/\\\/redamlo.com\\\/#\\\/schema\\\/person\\\/197a0a670d21b1f4f1483ddda1b64613\",\"name\":\"admin\",\"image\":{\"@type\":\"ImageObject\",\"inLanguage\":\"es\",\"@id\":\"https:\\\/\\\/secure.gravatar.com\\\/avatar\\\/293dccd927043f2e641da6685c2f84009782eb9ee0054daceada4e261ded849a?s=96&d=mm&r=g\",\"url\":\"https:\\\/\\\/secure.gravatar.com\\\/avatar\\\/293dccd927043f2e641da6685c2f84009782eb9ee0054daceada4e261ded849a?s=96&d=mm&r=g\",\"contentUrl\":\"https:\\\/\\\/secure.gravatar.com\\\/avatar\\\/293dccd927043f2e641da6685c2f84009782eb9ee0054daceada4e261ded849a?s=96&d=mm&r=g\",\"caption\":\"admin\"},\"sameAs\":[\"https:\\\/\\\/redamlo.com\"],\"url\":\"https:\\\/\\\/redamlo.com\\\/index.php\\\/author\\\/stell\\\/\"}]}<\/script>\n<!-- \/ Yoast SEO plugin. -->","yoast_head_json":{"title":"Presenta Andrea Tovar, en congreso de Quer\u00e9taro iniciativa de la Ley Monz\u00f3n conacompa\u00f1amiento de M\u00f3nica Silva, legisladora promotora a nivel nacional - NOTICIAS DE LA 4T","robots":{"index":"noindex","follow":"follow","max-snippet":"max-snippet:-1","max-image-preview":"max-image-preview:large","max-video-preview":"max-video-preview:-1"},"og_locale":"es_MX","og_type":"article","og_title":"Presenta Andrea Tovar, en congreso de Quer\u00e9taro iniciativa de la Ley Monz\u00f3n conacompa\u00f1amiento de M\u00f3nica Silva, legisladora promotora a nivel nacional - NOTICIAS DE LA 4T","og_description":"La diputada de la bancada de Morena en Quer\u00e9taro, Andrea Tovar, en conferencia de prensa...","og_url":"https:\/\/redamlo.com\/index.php\/2023\/12\/07\/presenta-andrea-tovar-en-congreso-de-queretaro-iniciativa-de-la-ley-monzon-conacompanamiento-de-monica-silva-legisladora-promotora-a-nivel-nacional\/","og_site_name":"NOTICIAS DE LA 4T","article_published_time":"2023-12-07T20:56:39+00:00","og_image":[{"width":1600,"height":1066,"url":"https:\/\/redamlo.com\/wp-content\/uploads\/2023\/12\/ley-monzon-1.jpg","type":"image\/jpeg"}],"author":"admin","twitter_card":"summary_large_image","twitter_misc":{"Escrito por":"admin","Tiempo de lectura":"2 minutos"},"schema":{"@context":"https:\/\/schema.org","@graph":[{"@type":"Article","@id":"https:\/\/redamlo.com\/index.php\/2023\/12\/07\/presenta-andrea-tovar-en-congreso-de-queretaro-iniciativa-de-la-ley-monzon-conacompanamiento-de-monica-silva-legisladora-promotora-a-nivel-nacional\/#article","isPartOf":{"@id":"https:\/\/redamlo.com\/index.php\/2023\/12\/07\/presenta-andrea-tovar-en-congreso-de-queretaro-iniciativa-de-la-ley-monzon-conacompanamiento-de-monica-silva-legisladora-promotora-a-nivel-nacional\/"},"author":{"name":"admin","@id":"https:\/\/redamlo.com\/#\/schema\/person\/197a0a670d21b1f4f1483ddda1b64613"},"headline":"Presenta Andrea Tovar, en congreso de Quer\u00e9taro iniciativa de la Ley Monz\u00f3n conacompa\u00f1amiento de M\u00f3nica Silva, legisladora promotora a nivel nacional","datePublished":"2023-12-07T20:56:39+00:00","mainEntityOfPage":{"@id":"https:\/\/redamlo.com\/index.php\/2023\/12\/07\/presenta-andrea-tovar-en-congreso-de-queretaro-iniciativa-de-la-ley-monzon-conacompanamiento-de-monica-silva-legisladora-promotora-a-nivel-nacional\/"},"wordCount":411,"commentCount":0,"publisher":{"@id":"https:\/\/redamlo.com\/#organization"},"image":{"@id":"https:\/\/redamlo.com\/index.php\/2023\/12\/07\/presenta-andrea-tovar-en-congreso-de-queretaro-iniciativa-de-la-ley-monzon-conacompanamiento-de-monica-silva-legisladora-promotora-a-nivel-nacional\/#primaryimage"},"thumbnailUrl":"https:\/\/redamlo.com\/wp-content\/uploads\/2023\/12\/ley-monzon-1.jpg","keywords":["ley monzon","Quer\u00e9taro"],"articleSection":["Estados","Pol\u00edtica"],"inLanguage":"es","potentialAction":[{"@type":"CommentAction","name":"Comment","target":["https:\/\/redamlo.com\/index.php\/2023\/12\/07\/presenta-andrea-tovar-en-congreso-de-queretaro-iniciativa-de-la-ley-monzon-conacompanamiento-de-monica-silva-legisladora-promotora-a-nivel-nacional\/#respond"]}]},{"@type":"WebPage","@id":"https:\/\/redamlo.com\/index.php\/2023\/12\/07\/presenta-andrea-tovar-en-congreso-de-queretaro-iniciativa-de-la-ley-monzon-conacompanamiento-de-monica-silva-legisladora-promotora-a-nivel-nacional\/","url":"https:\/\/redamlo.com\/index.php\/2023\/12\/07\/presenta-andrea-tovar-en-congreso-de-queretaro-iniciativa-de-la-ley-monzon-conacompanamiento-de-monica-silva-legisladora-promotora-a-nivel-nacional\/","name":"Presenta Andrea Tovar, en congreso de Quer\u00e9taro iniciativa de la Ley Monz\u00f3n conacompa\u00f1amiento de M\u00f3nica Silva, legisladora promotora a nivel nacional - NOTICIAS DE LA 4T","isPartOf":{"@id":"https:\/\/redamlo.com\/#website"},"primaryImageOfPage":{"@id":"https:\/\/redamlo.com\/index.php\/2023\/12\/07\/presenta-andrea-tovar-en-congreso-de-queretaro-iniciativa-de-la-ley-monzon-conacompanamiento-de-monica-silva-legisladora-promotora-a-nivel-nacional\/#primaryimage"},"image":{"@id":"https:\/\/redamlo.com\/index.php\/2023\/12\/07\/presenta-andrea-tovar-en-congreso-de-queretaro-iniciativa-de-la-ley-monzon-conacompanamiento-de-monica-silva-legisladora-promotora-a-nivel-nacional\/#primaryimage"},"thumbnailUrl":"https:\/\/redamlo.com\/wp-content\/uploads\/2023\/12\/ley-monzon-1.jpg","datePublished":"2023-12-07T20:56:39+00:00","breadcrumb":{"@id":"https:\/\/redamlo.com\/index.php\/2023\/12\/07\/presenta-andrea-tovar-en-congreso-de-queretaro-iniciativa-de-la-ley-monzon-conacompanamiento-de-monica-silva-legisladora-promotora-a-nivel-nacional\/#breadcrumb"},"inLanguage":"es","potentialAction":[{"@type":"ReadAction","target":["https:\/\/redamlo.com\/index.php\/2023\/12\/07\/presenta-andrea-tovar-en-congreso-de-queretaro-iniciativa-de-la-ley-monzon-conacompanamiento-de-monica-silva-legisladora-promotora-a-nivel-nacional\/"]}]},{"@type":"ImageObject","inLanguage":"es","@id":"https:\/\/redamlo.com\/index.php\/2023\/12\/07\/presenta-andrea-tovar-en-congreso-de-queretaro-iniciativa-de-la-ley-monzon-conacompanamiento-de-monica-silva-legisladora-promotora-a-nivel-nacional\/#primaryimage","url":"https:\/\/redamlo.com\/wp-content\/uploads\/2023\/12\/ley-monzon-1.jpg","contentUrl":"https:\/\/redamlo.com\/wp-content\/uploads\/2023\/12\/ley-monzon-1.jpg","width":1600,"height":1066},{"@type":"BreadcrumbList","@id":"https:\/\/redamlo.com\/index.php\/2023\/12\/07\/presenta-andrea-tovar-en-congreso-de-queretaro-iniciativa-de-la-ley-monzon-conacompanamiento-de-monica-silva-legisladora-promotora-a-nivel-nacional\/#breadcrumb","itemListElement":[{"@type":"ListItem","position":1,"name":"Inicio","item":"https:\/\/redamlo.com\/"},{"@type":"ListItem","position":2,"name":"Presenta Andrea Tovar, en congreso de Quer\u00e9taro iniciativa de la Ley Monz\u00f3n conacompa\u00f1amiento de M\u00f3nica Silva, legisladora promotora a nivel nacional"}]},{"@type":"WebSite","@id":"https:\/\/redamlo.com\/#website","url":"https:\/\/redamlo.com\/","name":"NOTICIAS DE LA 4T","description":"","publisher":{"@id":"https:\/\/redamlo.com\/#organization"},"potentialAction":[{"@type":"SearchAction","target":{"@type":"EntryPoint","urlTemplate":"https:\/\/redamlo.com\/?s={search_term_string}"},"query-input":{"@type":"PropertyValueSpecification","valueRequired":true,"valueName":"search_term_string"}}],"inLanguage":"es"},{"@type":"Organization","@id":"https:\/\/redamlo.com\/#organization","name":"NOTICIAS DE LA 4T","url":"https:\/\/redamlo.com\/","logo":{"@type":"ImageObject","inLanguage":"es","@id":"https:\/\/redamlo.com\/#\/schema\/logo\/image\/","url":"https:\/\/redamlo.com\/wp-content\/uploads\/2024\/08\/cropped-RED-AMLO-logo-50.png","contentUrl":"https:\/\/redamlo.com\/wp-content\/uploads\/2024\/08\/cropped-RED-AMLO-logo-50.png","width":256,"height":256,"caption":"NOTICIAS DE LA 4T"},"image":{"@id":"https:\/\/redamlo.com\/#\/schema\/logo\/image\/"}},{"@type":"Person","@id":"https:\/\/redamlo.com\/#\/schema\/person\/197a0a670d21b1f4f1483ddda1b64613","name":"admin","image":{"@type":"ImageObject","inLanguage":"es","@id":"https:\/\/secure.gravatar.com\/avatar\/293dccd927043f2e641da6685c2f84009782eb9ee0054daceada4e261ded849a?s=96&d=mm&r=g","url":"https:\/\/secure.gravatar.com\/avatar\/293dccd927043f2e641da6685c2f84009782eb9ee0054daceada4e261ded849a?s=96&d=mm&r=g","contentUrl":"https:\/\/secure.gravatar.com\/avatar\/293dccd927043f2e641da6685c2f84009782eb9ee0054daceada4e261ded849a?s=96&d=mm&r=g","caption":"admin"},"sameAs":["https:\/\/redamlo.com"],"url":"https:\/\/redamlo.com\/index.php\/author\/stell\/"}]}},"_links":{"self":[{"href":"https:\/\/redamlo.com\/index.php\/wp-json\/wp\/v2\/posts\/7262","targetHints":{"allow":["GET"]}}],"collection":[{"href":"https:\/\/redamlo.com\/index.php\/wp-json\/wp\/v2\/posts"}],"about":[{"href":"https:\/\/redamlo.com\/index.php\/wp-json\/wp\/v2\/types\/post"}],"author":[{"embeddable":true,"href":"https:\/\/redamlo.com\/index.php\/wp-json\/wp\/v2\/users\/1"}],"replies":[{"embeddable":true,"href":"https:\/\/redamlo.com\/index.php\/wp-json\/wp\/v2\/comments?post=7262"}],"version-history":[{"count":0,"href":"https:\/\/redamlo.com\/index.php\/wp-json\/wp\/v2\/posts\/7262\/revisions"}],"wp:featuredmedia":[{"embeddable":true,"href":"https:\/\/redamlo.com\/index.php\/wp-json\/wp\/v2\/media\/7263"}],"wp:attachment":[{"href":"https:\/\/redamlo.com\/index.php\/wp-json\/wp\/v2\/media?parent=7262"}],"wp:term":[{"taxonomy":"category","embeddable":true,"href":"https:\/\/redamlo.com\/index.php\/wp-json\/wp\/v2\/categories?post=7262"},{"taxonomy":"post_tag","embeddable":true,"href":"https:\/\/redamlo.com\/index.php\/wp-json\/wp\/v2\/tags?post=7262"}],"curies":[{"name":"wp","href":"https:\/\/api.w.org\/{rel}","templated":true}]}}