{"id":7254,"date":"2023-12-01T14:18:31","date_gmt":"2023-12-01T20:18:31","guid":{"rendered":"https:\/\/redamlo.com\/?p=7254"},"modified":"2023-12-01T14:18:31","modified_gmt":"2023-12-01T20:18:31","slug":"amlo-inauguran-aeropuerto-internacional-de-tulum-construido-en-1-ano-y-cinco-meses","status":"publish","type":"post","link":"https:\/\/redamlo.com\/index.php\/2023\/12\/01\/amlo-inauguran-aeropuerto-internacional-de-tulum-construido-en-1-ano-y-cinco-meses\/","title":{"rendered":"AMLO inauguran Aeropuerto Internacional de Tulum construido en 1 a\u00f1o y cinco meses"},"content":{"rendered":"<div class=\"entry-content\">\n<p>Tulum.- El <strong>Presidente Andr\u00e9s Manuel L\u00f3pez Obrador destac\u00f3 que la obras del Aeropuerto Internacional de Tulum fueron concluidas en un a\u00f1o y cinco meses. <\/strong>En ese sentido agradeci\u00f3 el valioso papel de los trabajadores de la construcci\u00f3n por aportar la mejor mano de obra del mundo para la finalizaci\u00f3n de la magna obra del Estado Mexicano.<\/p>\n<p>El aeropuerto llevar\u00e1 el nombre de Felipe Carrillo Puerto en honor al pr\u00f3cer de la revoluci\u00f3n mexicana que lleg\u00f3 a ser gobernador de Yucat\u00e1n por encabezar la defensa del pueblo maya y muri\u00f3 asesinado a manos de los hacendados en alianza con el General Victoriano Huerta durante el largo proceso del movimiento armado de la revoluci\u00f3n.<\/p>\n<p>Sin embargo, el presidente L\u00f3pez Obrador destac\u00f3 el legado de Carrillo Puerto y record\u00f3 que el a\u00f1o 2024 tambi\u00e9n ser\u00e1 en honor al h\u00e9roe de la pen\u00ednsula de Yucat\u00e1n que fue el ide\u00f3logo de la abolici\u00f3n de la esclavitud de los mayas.<\/p>\n<p>De igual forma, el primer mandatario agradeci\u00f3 a los ejidatarios de Felipe Carrillo Puerto que facilitaron la venta de sus tierras para el desarrollo de la obra federal que se encuentra ubicada en la colindancia de los Municipios de Tulum y Carrillo Puerto en la zona centro del Estado de Quintana Roo.<\/p>\n<p>Asimismo el presidente agradeci\u00f3 el apoyo de la iniciativa privada, en especial mencion\u00f3 a Daniel Ch\u00e1vez, empresario hotelero mexicano, propietario de Grupo Vidanta que coadyuv\u00f3 en la supervisi\u00f3n de las obras del Aeropuerto FCP y en las obras del Tren Maya que tambi\u00e9n ser\u00e1n inauguradas parcialmente en el tramo Campeche-C\u00e1ncun el pr\u00f3ximo 16 de diciembre.<\/p>\n<p>Finalmente la empresa de Autobuses ADO anunci\u00f3 que brindar\u00e1 dos horarios de transporte desde el centro de Tulum al Nuevo Aeropuerto Felipe Carrillo Puerto con un costo de 150 pesos mexicanos.<\/p>\n<\/div>\n","protected":false},"excerpt":{"rendered":"<p>Tulum.- El Presidente Andr\u00e9s Manuel L\u00f3pez Obrador destac\u00f3 que la obras del Aeropuerto Internacional de&#8230;<\/p>\n","protected":false},"author":1,"featured_media":7255,"comment_status":"open","ping_status":"closed","sticky":false,"template":"","format":"standard","meta":{"footnotes":""},"categories":[25],"tags":[2007,84,797,599],"class_list":["post-7254","post","type-post","status-publish","format-standard","has-post-thumbnail","hentry","category-4t","tag-aeropuerto","tag-amlo","tag-felipe-carrillo-puerto","tag-tulum"],"yoast_head":"<!-- This site is optimized with the Yoast SEO plugin v27.5 - https:\/\/yoast.com\/product\/yoast-seo-wordpress\/ -->\n<title>AMLO inauguran Aeropuerto Internacional de Tulum construido en 1 a\u00f1o y cinco meses - NOTICIAS DE LA 4T<\/title>\n<meta name=\"robots\" content=\"noindex, follow, max-snippet:-1, max-image-preview:large, max-video-preview:-1\" \/>\n<meta property=\"og:locale\" content=\"es_MX\" \/>\n<meta property=\"og:type\" content=\"article\" \/>\n<meta property=\"og:title\" content=\"AMLO inauguran Aeropuerto Internacional de Tulum construido en 1 a\u00f1o y cinco meses - NOTICIAS DE LA 4T\" \/>\n<meta property=\"og:description\" content=\"Tulum.- El Presidente Andr\u00e9s Manuel L\u00f3pez Obrador destac\u00f3 que la obras del Aeropuerto Internacional de...\" \/>\n<meta property=\"og:url\" content=\"https:\/\/redamlo.com\/index.php\/2023\/12\/01\/amlo-inauguran-aeropuerto-internacional-de-tulum-construido-en-1-ano-y-cinco-meses\/\" \/>\n<meta property=\"og:site_name\" content=\"NOTICIAS DE LA 4T\" \/>\n<meta property=\"article:published_time\" content=\"2023-12-01T20:18:31+00:00\" \/>\n<meta property=\"og:image\" content=\"https:\/\/redamlo.com\/wp-content\/uploads\/2023\/12\/White-Tips-Mistakes-Learnings-You-Tube-Thumbnail15.png\" \/>\n\t<meta property=\"og:image:width\" content=\"1280\" \/>\n\t<meta property=\"og:image:height\" content=\"720\" \/>\n\t<meta property=\"og:image:type\" content=\"image\/png\" \/>\n<meta name=\"author\" content=\"admin\" \/>\n<meta name=\"twitter:card\" content=\"summary_large_image\" \/>\n<meta name=\"twitter:label1\" content=\"Escrito por\" \/>\n\t<meta name=\"twitter:data1\" content=\"admin\" \/>\n\t<meta name=\"twitter:label2\" content=\"Tiempo de lectura\" \/>\n\t<meta name=\"twitter:data2\" content=\"2 minutos\" \/>\n<script type=\"application\/ld+json\" class=\"yoast-schema-graph\">{\"@context\":\"https:\\\/\\\/schema.org\",\"@graph\":[{\"@type\":\"Article\",\"@id\":\"https:\\\/\\\/redamlo.com\\\/index.php\\\/2023\\\/12\\\/01\\\/amlo-inauguran-aeropuerto-internacional-de-tulum-construido-en-1-ano-y-cinco-meses\\\/#article\",\"isPartOf\":{\"@id\":\"https:\\\/\\\/redamlo.com\\\/index.php\\\/2023\\\/12\\\/01\\\/amlo-inauguran-aeropuerto-internacional-de-tulum-construido-en-1-ano-y-cinco-meses\\\/\"},\"author\":{\"name\":\"admin\",\"@id\":\"https:\\\/\\\/redamlo.com\\\/#\\\/schema\\\/person\\\/197a0a670d21b1f4f1483ddda1b64613\"},\"headline\":\"AMLO inauguran Aeropuerto Internacional de Tulum construido en 1 a\u00f1o y cinco meses\",\"datePublished\":\"2023-12-01T20:18:31+00:00\",\"mainEntityOfPage\":{\"@id\":\"https:\\\/\\\/redamlo.com\\\/index.php\\\/2023\\\/12\\\/01\\\/amlo-inauguran-aeropuerto-internacional-de-tulum-construido-en-1-ano-y-cinco-meses\\\/\"},\"wordCount\":326,\"commentCount\":0,\"publisher\":{\"@id\":\"https:\\\/\\\/redamlo.com\\\/#organization\"},\"image\":{\"@id\":\"https:\\\/\\\/redamlo.com\\\/index.php\\\/2023\\\/12\\\/01\\\/amlo-inauguran-aeropuerto-internacional-de-tulum-construido-en-1-ano-y-cinco-meses\\\/#primaryimage\"},\"thumbnailUrl\":\"https:\\\/\\\/redamlo.com\\\/wp-content\\\/uploads\\\/2023\\\/12\\\/White-Tips-Mistakes-Learnings-You-Tube-Thumbnail15.png\",\"keywords\":[\"Aeropuerto\",\"AMLO\",\"Felipe Carrillo Puerto\",\"Tulum\"],\"articleSection\":[\"4T\"],\"inLanguage\":\"es\",\"potentialAction\":[{\"@type\":\"CommentAction\",\"name\":\"Comment\",\"target\":[\"https:\\\/\\\/redamlo.com\\\/index.php\\\/2023\\\/12\\\/01\\\/amlo-inauguran-aeropuerto-internacional-de-tulum-construido-en-1-ano-y-cinco-meses\\\/#respond\"]}]},{\"@type\":\"WebPage\",\"@id\":\"https:\\\/\\\/redamlo.com\\\/index.php\\\/2023\\\/12\\\/01\\\/amlo-inauguran-aeropuerto-internacional-de-tulum-construido-en-1-ano-y-cinco-meses\\\/\",\"url\":\"https:\\\/\\\/redamlo.com\\\/index.php\\\/2023\\\/12\\\/01\\\/amlo-inauguran-aeropuerto-internacional-de-tulum-construido-en-1-ano-y-cinco-meses\\\/\",\"name\":\"AMLO inauguran Aeropuerto Internacional de Tulum construido en 1 a\u00f1o y cinco meses - NOTICIAS DE LA 4T\",\"isPartOf\":{\"@id\":\"https:\\\/\\\/redamlo.com\\\/#website\"},\"primaryImageOfPage\":{\"@id\":\"https:\\\/\\\/redamlo.com\\\/index.php\\\/2023\\\/12\\\/01\\\/amlo-inauguran-aeropuerto-internacional-de-tulum-construido-en-1-ano-y-cinco-meses\\\/#primaryimage\"},\"image\":{\"@id\":\"https:\\\/\\\/redamlo.com\\\/index.php\\\/2023\\\/12\\\/01\\\/amlo-inauguran-aeropuerto-internacional-de-tulum-construido-en-1-ano-y-cinco-meses\\\/#primaryimage\"},\"thumbnailUrl\":\"https:\\\/\\\/redamlo.com\\\/wp-content\\\/uploads\\\/2023\\\/12\\\/White-Tips-Mistakes-Learnings-You-Tube-Thumbnail15.png\",\"datePublished\":\"2023-12-01T20:18:31+00:00\",\"breadcrumb\":{\"@id\":\"https:\\\/\\\/redamlo.com\\\/index.php\\\/2023\\\/12\\\/01\\\/amlo-inauguran-aeropuerto-internacional-de-tulum-construido-en-1-ano-y-cinco-meses\\\/#breadcrumb\"},\"inLanguage\":\"es\",\"potentialAction\":[{\"@type\":\"ReadAction\",\"target\":[\"https:\\\/\\\/redamlo.com\\\/index.php\\\/2023\\\/12\\\/01\\\/amlo-inauguran-aeropuerto-internacional-de-tulum-construido-en-1-ano-y-cinco-meses\\\/\"]}]},{\"@type\":\"ImageObject\",\"inLanguage\":\"es\",\"@id\":\"https:\\\/\\\/redamlo.com\\\/index.php\\\/2023\\\/12\\\/01\\\/amlo-inauguran-aeropuerto-internacional-de-tulum-construido-en-1-ano-y-cinco-meses\\\/#primaryimage\",\"url\":\"https:\\\/\\\/redamlo.com\\\/wp-content\\\/uploads\\\/2023\\\/12\\\/White-Tips-Mistakes-Learnings-You-Tube-Thumbnail15.png\",\"contentUrl\":\"https:\\\/\\\/redamlo.com\\\/wp-content\\\/uploads\\\/2023\\\/12\\\/White-Tips-Mistakes-Learnings-You-Tube-Thumbnail15.png\",\"width\":1280,\"height\":720},{\"@type\":\"BreadcrumbList\",\"@id\":\"https:\\\/\\\/redamlo.com\\\/index.php\\\/2023\\\/12\\\/01\\\/amlo-inauguran-aeropuerto-internacional-de-tulum-construido-en-1-ano-y-cinco-meses\\\/#breadcrumb\",\"itemListElement\":[{\"@type\":\"ListItem\",\"position\":1,\"name\":\"Inicio\",\"item\":\"https:\\\/\\\/redamlo.com\\\/\"},{\"@type\":\"ListItem\",\"position\":2,\"name\":\"AMLO inauguran Aeropuerto Internacional de Tulum construido en 1 a\u00f1o y cinco meses\"}]},{\"@type\":\"WebSite\",\"@id\":\"https:\\\/\\\/redamlo.com\\\/#website\",\"url\":\"https:\\\/\\\/redamlo.com\\\/\",\"name\":\"NOTICIAS DE LA 4T\",\"description\":\"\",\"publisher\":{\"@id\":\"https:\\\/\\\/redamlo.com\\\/#organization\"},\"potentialAction\":[{\"@type\":\"SearchAction\",\"target\":{\"@type\":\"EntryPoint\",\"urlTemplate\":\"https:\\\/\\\/redamlo.com\\\/?s={search_term_string}\"},\"query-input\":{\"@type\":\"PropertyValueSpecification\",\"valueRequired\":true,\"valueName\":\"search_term_string\"}}],\"inLanguage\":\"es\"},{\"@type\":\"Organization\",\"@id\":\"https:\\\/\\\/redamlo.com\\\/#organization\",\"name\":\"NOTICIAS DE LA 4T\",\"url\":\"https:\\\/\\\/redamlo.com\\\/\",\"logo\":{\"@type\":\"ImageObject\",\"inLanguage\":\"es\",\"@id\":\"https:\\\/\\\/redamlo.com\\\/#\\\/schema\\\/logo\\\/image\\\/\",\"url\":\"https:\\\/\\\/redamlo.com\\\/wp-content\\\/uploads\\\/2024\\\/08\\\/cropped-RED-AMLO-logo-50.png\",\"contentUrl\":\"https:\\\/\\\/redamlo.com\\\/wp-content\\\/uploads\\\/2024\\\/08\\\/cropped-RED-AMLO-logo-50.png\",\"width\":256,\"height\":256,\"caption\":\"NOTICIAS DE LA 4T\"},\"image\":{\"@id\":\"https:\\\/\\\/redamlo.com\\\/#\\\/schema\\\/logo\\\/image\\\/\"}},{\"@type\":\"Person\",\"@id\":\"https:\\\/\\\/redamlo.com\\\/#\\\/schema\\\/person\\\/197a0a670d21b1f4f1483ddda1b64613\",\"name\":\"admin\",\"image\":{\"@type\":\"ImageObject\",\"inLanguage\":\"es\",\"@id\":\"https:\\\/\\\/secure.gravatar.com\\\/avatar\\\/293dccd927043f2e641da6685c2f84009782eb9ee0054daceada4e261ded849a?s=96&d=mm&r=g\",\"url\":\"https:\\\/\\\/secure.gravatar.com\\\/avatar\\\/293dccd927043f2e641da6685c2f84009782eb9ee0054daceada4e261ded849a?s=96&d=mm&r=g\",\"contentUrl\":\"https:\\\/\\\/secure.gravatar.com\\\/avatar\\\/293dccd927043f2e641da6685c2f84009782eb9ee0054daceada4e261ded849a?s=96&d=mm&r=g\",\"caption\":\"admin\"},\"sameAs\":[\"https:\\\/\\\/redamlo.com\"],\"url\":\"https:\\\/\\\/redamlo.com\\\/index.php\\\/author\\\/stell\\\/\"}]}<\/script>\n<!-- \/ Yoast SEO plugin. -->","yoast_head_json":{"title":"AMLO inauguran Aeropuerto Internacional de Tulum construido en 1 a\u00f1o y cinco meses - NOTICIAS DE LA 4T","robots":{"index":"noindex","follow":"follow","max-snippet":"max-snippet:-1","max-image-preview":"max-image-preview:large","max-video-preview":"max-video-preview:-1"},"og_locale":"es_MX","og_type":"article","og_title":"AMLO inauguran Aeropuerto Internacional de Tulum construido en 1 a\u00f1o y cinco meses - NOTICIAS DE LA 4T","og_description":"Tulum.- El Presidente Andr\u00e9s Manuel L\u00f3pez Obrador destac\u00f3 que la obras del Aeropuerto Internacional de...","og_url":"https:\/\/redamlo.com\/index.php\/2023\/12\/01\/amlo-inauguran-aeropuerto-internacional-de-tulum-construido-en-1-ano-y-cinco-meses\/","og_site_name":"NOTICIAS DE LA 4T","article_published_time":"2023-12-01T20:18:31+00:00","og_image":[{"width":1280,"height":720,"url":"https:\/\/redamlo.com\/wp-content\/uploads\/2023\/12\/White-Tips-Mistakes-Learnings-You-Tube-Thumbnail15.png","type":"image\/png"}],"author":"admin","twitter_card":"summary_large_image","twitter_misc":{"Escrito por":"admin","Tiempo de lectura":"2 minutos"},"schema":{"@context":"https:\/\/schema.org","@graph":[{"@type":"Article","@id":"https:\/\/redamlo.com\/index.php\/2023\/12\/01\/amlo-inauguran-aeropuerto-internacional-de-tulum-construido-en-1-ano-y-cinco-meses\/#article","isPartOf":{"@id":"https:\/\/redamlo.com\/index.php\/2023\/12\/01\/amlo-inauguran-aeropuerto-internacional-de-tulum-construido-en-1-ano-y-cinco-meses\/"},"author":{"name":"admin","@id":"https:\/\/redamlo.com\/#\/schema\/person\/197a0a670d21b1f4f1483ddda1b64613"},"headline":"AMLO inauguran Aeropuerto Internacional de Tulum construido en 1 a\u00f1o y cinco meses","datePublished":"2023-12-01T20:18:31+00:00","mainEntityOfPage":{"@id":"https:\/\/redamlo.com\/index.php\/2023\/12\/01\/amlo-inauguran-aeropuerto-internacional-de-tulum-construido-en-1-ano-y-cinco-meses\/"},"wordCount":326,"commentCount":0,"publisher":{"@id":"https:\/\/redamlo.com\/#organization"},"image":{"@id":"https:\/\/redamlo.com\/index.php\/2023\/12\/01\/amlo-inauguran-aeropuerto-internacional-de-tulum-construido-en-1-ano-y-cinco-meses\/#primaryimage"},"thumbnailUrl":"https:\/\/redamlo.com\/wp-content\/uploads\/2023\/12\/White-Tips-Mistakes-Learnings-You-Tube-Thumbnail15.png","keywords":["Aeropuerto","AMLO","Felipe Carrillo Puerto","Tulum"],"articleSection":["4T"],"inLanguage":"es","potentialAction":[{"@type":"CommentAction","name":"Comment","target":["https:\/\/redamlo.com\/index.php\/2023\/12\/01\/amlo-inauguran-aeropuerto-internacional-de-tulum-construido-en-1-ano-y-cinco-meses\/#respond"]}]},{"@type":"WebPage","@id":"https:\/\/redamlo.com\/index.php\/2023\/12\/01\/amlo-inauguran-aeropuerto-internacional-de-tulum-construido-en-1-ano-y-cinco-meses\/","url":"https:\/\/redamlo.com\/index.php\/2023\/12\/01\/amlo-inauguran-aeropuerto-internacional-de-tulum-construido-en-1-ano-y-cinco-meses\/","name":"AMLO inauguran Aeropuerto Internacional de Tulum construido en 1 a\u00f1o y cinco meses - NOTICIAS DE LA 4T","isPartOf":{"@id":"https:\/\/redamlo.com\/#website"},"primaryImageOfPage":{"@id":"https:\/\/redamlo.com\/index.php\/2023\/12\/01\/amlo-inauguran-aeropuerto-internacional-de-tulum-construido-en-1-ano-y-cinco-meses\/#primaryimage"},"image":{"@id":"https:\/\/redamlo.com\/index.php\/2023\/12\/01\/amlo-inauguran-aeropuerto-internacional-de-tulum-construido-en-1-ano-y-cinco-meses\/#primaryimage"},"thumbnailUrl":"https:\/\/redamlo.com\/wp-content\/uploads\/2023\/12\/White-Tips-Mistakes-Learnings-You-Tube-Thumbnail15.png","datePublished":"2023-12-01T20:18:31+00:00","breadcrumb":{"@id":"https:\/\/redamlo.com\/index.php\/2023\/12\/01\/amlo-inauguran-aeropuerto-internacional-de-tulum-construido-en-1-ano-y-cinco-meses\/#breadcrumb"},"inLanguage":"es","potentialAction":[{"@type":"ReadAction","target":["https:\/\/redamlo.com\/index.php\/2023\/12\/01\/amlo-inauguran-aeropuerto-internacional-de-tulum-construido-en-1-ano-y-cinco-meses\/"]}]},{"@type":"ImageObject","inLanguage":"es","@id":"https:\/\/redamlo.com\/index.php\/2023\/12\/01\/amlo-inauguran-aeropuerto-internacional-de-tulum-construido-en-1-ano-y-cinco-meses\/#primaryimage","url":"https:\/\/redamlo.com\/wp-content\/uploads\/2023\/12\/White-Tips-Mistakes-Learnings-You-Tube-Thumbnail15.png","contentUrl":"https:\/\/redamlo.com\/wp-content\/uploads\/2023\/12\/White-Tips-Mistakes-Learnings-You-Tube-Thumbnail15.png","width":1280,"height":720},{"@type":"BreadcrumbList","@id":"https:\/\/redamlo.com\/index.php\/2023\/12\/01\/amlo-inauguran-aeropuerto-internacional-de-tulum-construido-en-1-ano-y-cinco-meses\/#breadcrumb","itemListElement":[{"@type":"ListItem","position":1,"name":"Inicio","item":"https:\/\/redamlo.com\/"},{"@type":"ListItem","position":2,"name":"AMLO inauguran Aeropuerto Internacional de Tulum construido en 1 a\u00f1o y cinco meses"}]},{"@type":"WebSite","@id":"https:\/\/redamlo.com\/#website","url":"https:\/\/redamlo.com\/","name":"NOTICIAS DE LA 4T","description":"","publisher":{"@id":"https:\/\/redamlo.com\/#organization"},"potentialAction":[{"@type":"SearchAction","target":{"@type":"EntryPoint","urlTemplate":"https:\/\/redamlo.com\/?s={search_term_string}"},"query-input":{"@type":"PropertyValueSpecification","valueRequired":true,"valueName":"search_term_string"}}],"inLanguage":"es"},{"@type":"Organization","@id":"https:\/\/redamlo.com\/#organization","name":"NOTICIAS DE LA 4T","url":"https:\/\/redamlo.com\/","logo":{"@type":"ImageObject","inLanguage":"es","@id":"https:\/\/redamlo.com\/#\/schema\/logo\/image\/","url":"https:\/\/redamlo.com\/wp-content\/uploads\/2024\/08\/cropped-RED-AMLO-logo-50.png","contentUrl":"https:\/\/redamlo.com\/wp-content\/uploads\/2024\/08\/cropped-RED-AMLO-logo-50.png","width":256,"height":256,"caption":"NOTICIAS DE LA 4T"},"image":{"@id":"https:\/\/redamlo.com\/#\/schema\/logo\/image\/"}},{"@type":"Person","@id":"https:\/\/redamlo.com\/#\/schema\/person\/197a0a670d21b1f4f1483ddda1b64613","name":"admin","image":{"@type":"ImageObject","inLanguage":"es","@id":"https:\/\/secure.gravatar.com\/avatar\/293dccd927043f2e641da6685c2f84009782eb9ee0054daceada4e261ded849a?s=96&d=mm&r=g","url":"https:\/\/secure.gravatar.com\/avatar\/293dccd927043f2e641da6685c2f84009782eb9ee0054daceada4e261ded849a?s=96&d=mm&r=g","contentUrl":"https:\/\/secure.gravatar.com\/avatar\/293dccd927043f2e641da6685c2f84009782eb9ee0054daceada4e261ded849a?s=96&d=mm&r=g","caption":"admin"},"sameAs":["https:\/\/redamlo.com"],"url":"https:\/\/redamlo.com\/index.php\/author\/stell\/"}]}},"_links":{"self":[{"href":"https:\/\/redamlo.com\/index.php\/wp-json\/wp\/v2\/posts\/7254","targetHints":{"allow":["GET"]}}],"collection":[{"href":"https:\/\/redamlo.com\/index.php\/wp-json\/wp\/v2\/posts"}],"about":[{"href":"https:\/\/redamlo.com\/index.php\/wp-json\/wp\/v2\/types\/post"}],"author":[{"embeddable":true,"href":"https:\/\/redamlo.com\/index.php\/wp-json\/wp\/v2\/users\/1"}],"replies":[{"embeddable":true,"href":"https:\/\/redamlo.com\/index.php\/wp-json\/wp\/v2\/comments?post=7254"}],"version-history":[{"count":0,"href":"https:\/\/redamlo.com\/index.php\/wp-json\/wp\/v2\/posts\/7254\/revisions"}],"wp:featuredmedia":[{"embeddable":true,"href":"https:\/\/redamlo.com\/index.php\/wp-json\/wp\/v2\/media\/7255"}],"wp:attachment":[{"href":"https:\/\/redamlo.com\/index.php\/wp-json\/wp\/v2\/media?parent=7254"}],"wp:term":[{"taxonomy":"category","embeddable":true,"href":"https:\/\/redamlo.com\/index.php\/wp-json\/wp\/v2\/categories?post=7254"},{"taxonomy":"post_tag","embeddable":true,"href":"https:\/\/redamlo.com\/index.php\/wp-json\/wp\/v2\/tags?post=7254"}],"curies":[{"name":"wp","href":"https:\/\/api.w.org\/{rel}","templated":true}]}}