{"id":7246,"date":"2023-11-30T11:57:04","date_gmt":"2023-11-30T17:57:04","guid":{"rendered":"https:\/\/redamlo.com\/?p=7246"},"modified":"2023-11-30T11:57:04","modified_gmt":"2023-11-30T17:57:04","slug":"con-operativo-especial-secretaria-de-marina-continua-busqueda-de-personas-desaparecidas-en-acapulco","status":"publish","type":"post","link":"https:\/\/redamlo.com\/index.php\/2023\/11\/30\/con-operativo-especial-secretaria-de-marina-continua-busqueda-de-personas-desaparecidas-en-acapulco\/","title":{"rendered":"CON OPERATIVO ESPECIAL, SECRETAR\u00cdA DE MARINA CONTIN\u00daA B\u00daSQUEDA DE PERSONAS DESAPARECIDAS EN ACAPULCO"},"content":{"rendered":"<p>El presidente Andr\u00e9s Manuel L\u00f3pez Obrador inform\u00f3 que la Secretar\u00eda de Marina mantiene un operativo especial de b\u00fasqueda de personas desaparecidas en Acapulco a causa del hurac\u00e1n Otis.<\/p>\n<p>&nbsp;<\/p>\n<p>En estos esfuerzos destaca la participaci\u00f3n de buzos, quienes exploran en las embarcaciones hundidas en la bah\u00eda.<\/p>\n<blockquote><p>\u201cHay 31 personas. La mayor\u00eda se piensa que est\u00e1n en el mar y se sigue con buzos. (\u2026) Desde luego, a los familiares de las v\u00edctimas, los que perdieron la vida, a los familiares de desaparecidos, se les est\u00e1 atendiendo; ellos est\u00e1n participando junto con la Marina, la Armada, en la b\u00fasqueda de sus familiares, esto tambi\u00e9n es importante que se conozca\u201d, indic\u00f3 al iniciar la conferencia de prensa matutina.<\/p>\n<p>https:\/\/www.youtube.com\/watch?v=39C1O606g_U<\/p><\/blockquote>\n<p>Ayer, mi\u00e9rcoles 29 de noviembre, el mandatario visit\u00f3 nuevamente el puerto a fin de supervisar los avances del Plan general de reconstrucci\u00f3n y apoyo a la poblaci\u00f3n afectada en Acapulco y Coyuca de Ben\u00edtez.<\/p>\n<p>Est\u00e1n desplegados en la zona 40 mil servidoras y servidores p\u00fablicos civiles y militares del Gobierno de M\u00e9xico. A trav\u00e9s de un trabajo interinstitucional, la federaci\u00f3n atiende las necesidades de la gente de ambos municipios.<\/p>\n<p>La Secretar\u00eda de Bienestar empez\u00f3 ayer la entrega de apoyos econ\u00f3micos para limpieza a 250 mil viviendas afectadas que recibir\u00e1n 8 mil pesos.<\/p>\n<blockquote><p>\u201cAyer se entregaron apoyos a 32 mil familias para limpieza. Hoy se va a repetir, se va a llegar a la misma cantidad y as\u00ed hasta el d\u00eda 7 (de diciembre). Estamos hablando de 250 mil familias que se est\u00e1n atendiendo\u201d, abund\u00f3.<\/p><\/blockquote>\n<p>A la conclusi\u00f3n de esta etapa comenzar\u00e1 la reconstrucci\u00f3n de viviendas. El gobierno federal tambi\u00e9n entregar\u00e1 apoyos econ\u00f3micos de hasta 60 mil pesos en funci\u00f3n del nivel de da\u00f1os.<\/p>\n<p>El abasto de agua y de alimentaci\u00f3n y las acciones en materia seguridad avanzan, por lo que el presidente asegur\u00f3 que \u201cse est\u00e1 regresando a la normalidad poco a poco\u201d.<\/p>\n<blockquote><p>\u201cYa hay m\u00e1s abasto de agua. Estamos a punto de lograr que se tenga el abasto de agua de antes del hurac\u00e1n, lo que se ten\u00eda antes del hurac\u00e1n que no significaba que hubiese agua en todo Acapulco, hab\u00eda tandeo, pero s\u00ed se est\u00e1 avanzando\u201d, argument\u00f3.<\/p><\/blockquote>\n<p>El restablecimiento de energ\u00eda el\u00e9ctrica est\u00e1 al 100 por ciento, mientras que la conexi\u00f3n casa por casa est\u00e1 por alcanzar la totalidad de viviendas.<\/p>\n<p>El jefe del Ejecutivo viajar\u00e1 la siguiente semana a Acapulco para constatar los trabajos del Gobierno de la Cuarta Transformaci\u00f3n en beneficio de la poblaci\u00f3n.<\/p>\n","protected":false},"excerpt":{"rendered":"<p>El presidente Andr\u00e9s Manuel L\u00f3pez Obrador inform\u00f3 que la Secretar\u00eda de Marina mantiene un operativo&#8230;<\/p>\n","protected":false},"author":1,"featured_media":7247,"comment_status":"open","ping_status":"closed","sticky":false,"template":"","format":"standard","meta":{"footnotes":""},"categories":[27,33],"tags":[1190,84,618],"class_list":["post-7246","post","type-post","status-publish","format-standard","has-post-thumbnail","hentry","category-presidencia","category-seguridad","tag-acapulco","tag-amlo","tag-semar"],"yoast_head":"<!-- This site is optimized with the Yoast SEO plugin v27.5 - https:\/\/yoast.com\/product\/yoast-seo-wordpress\/ -->\n<title>CON OPERATIVO ESPECIAL, SECRETAR\u00cdA DE MARINA CONTIN\u00daA B\u00daSQUEDA DE PERSONAS DESAPARECIDAS EN ACAPULCO - NOTICIAS DE LA 4T<\/title>\n<meta name=\"robots\" content=\"noindex, follow, max-snippet:-1, max-image-preview:large, max-video-preview:-1\" \/>\n<meta property=\"og:locale\" content=\"es_MX\" \/>\n<meta property=\"og:type\" content=\"article\" \/>\n<meta property=\"og:title\" content=\"CON OPERATIVO ESPECIAL, SECRETAR\u00cdA DE MARINA CONTIN\u00daA B\u00daSQUEDA DE PERSONAS DESAPARECIDAS EN ACAPULCO - NOTICIAS DE LA 4T\" \/>\n<meta property=\"og:description\" content=\"El presidente Andr\u00e9s Manuel L\u00f3pez Obrador inform\u00f3 que la Secretar\u00eda de Marina mantiene un operativo...\" \/>\n<meta property=\"og:url\" content=\"https:\/\/redamlo.com\/index.php\/2023\/11\/30\/con-operativo-especial-secretaria-de-marina-continua-busqueda-de-personas-desaparecidas-en-acapulco\/\" \/>\n<meta property=\"og:site_name\" content=\"NOTICIAS DE LA 4T\" \/>\n<meta property=\"article:published_time\" content=\"2023-11-30T17:57:04+00:00\" \/>\n<meta property=\"og:image\" content=\"https:\/\/redamlo.com\/wp-content\/uploads\/2023\/11\/2023-11-30-Conferencia-de-prensa-matutina-Palacio-Nacional-Foto-02.jpg\" \/>\n\t<meta property=\"og:image:width\" content=\"1502\" \/>\n\t<meta property=\"og:image:height\" content=\"1000\" \/>\n\t<meta property=\"og:image:type\" content=\"image\/jpeg\" \/>\n<meta name=\"author\" content=\"admin\" \/>\n<meta name=\"twitter:card\" content=\"summary_large_image\" \/>\n<meta name=\"twitter:label1\" content=\"Escrito por\" \/>\n\t<meta name=\"twitter:data1\" content=\"admin\" \/>\n\t<meta name=\"twitter:label2\" content=\"Tiempo de lectura\" \/>\n\t<meta name=\"twitter:data2\" content=\"2 minutos\" \/>\n<script type=\"application\/ld+json\" class=\"yoast-schema-graph\">{\"@context\":\"https:\\\/\\\/schema.org\",\"@graph\":[{\"@type\":\"Article\",\"@id\":\"https:\\\/\\\/redamlo.com\\\/index.php\\\/2023\\\/11\\\/30\\\/con-operativo-especial-secretaria-de-marina-continua-busqueda-de-personas-desaparecidas-en-acapulco\\\/#article\",\"isPartOf\":{\"@id\":\"https:\\\/\\\/redamlo.com\\\/index.php\\\/2023\\\/11\\\/30\\\/con-operativo-especial-secretaria-de-marina-continua-busqueda-de-personas-desaparecidas-en-acapulco\\\/\"},\"author\":{\"name\":\"admin\",\"@id\":\"https:\\\/\\\/redamlo.com\\\/#\\\/schema\\\/person\\\/197a0a670d21b1f4f1483ddda1b64613\"},\"headline\":\"CON OPERATIVO ESPECIAL, SECRETAR\u00cdA DE MARINA CONTIN\u00daA B\u00daSQUEDA DE PERSONAS DESAPARECIDAS EN ACAPULCO\",\"datePublished\":\"2023-11-30T17:57:04+00:00\",\"mainEntityOfPage\":{\"@id\":\"https:\\\/\\\/redamlo.com\\\/index.php\\\/2023\\\/11\\\/30\\\/con-operativo-especial-secretaria-de-marina-continua-busqueda-de-personas-desaparecidas-en-acapulco\\\/\"},\"wordCount\":463,\"commentCount\":0,\"publisher\":{\"@id\":\"https:\\\/\\\/redamlo.com\\\/#organization\"},\"image\":{\"@id\":\"https:\\\/\\\/redamlo.com\\\/index.php\\\/2023\\\/11\\\/30\\\/con-operativo-especial-secretaria-de-marina-continua-busqueda-de-personas-desaparecidas-en-acapulco\\\/#primaryimage\"},\"thumbnailUrl\":\"https:\\\/\\\/redamlo.com\\\/wp-content\\\/uploads\\\/2023\\\/11\\\/2023-11-30-Conferencia-de-prensa-matutina-Palacio-Nacional-Foto-02.jpg\",\"keywords\":[\"Acapulco\",\"AMLO\",\"Semar\"],\"articleSection\":[\"Presidencia\",\"Seguridad\"],\"inLanguage\":\"es\",\"potentialAction\":[{\"@type\":\"CommentAction\",\"name\":\"Comment\",\"target\":[\"https:\\\/\\\/redamlo.com\\\/index.php\\\/2023\\\/11\\\/30\\\/con-operativo-especial-secretaria-de-marina-continua-busqueda-de-personas-desaparecidas-en-acapulco\\\/#respond\"]}]},{\"@type\":\"WebPage\",\"@id\":\"https:\\\/\\\/redamlo.com\\\/index.php\\\/2023\\\/11\\\/30\\\/con-operativo-especial-secretaria-de-marina-continua-busqueda-de-personas-desaparecidas-en-acapulco\\\/\",\"url\":\"https:\\\/\\\/redamlo.com\\\/index.php\\\/2023\\\/11\\\/30\\\/con-operativo-especial-secretaria-de-marina-continua-busqueda-de-personas-desaparecidas-en-acapulco\\\/\",\"name\":\"CON OPERATIVO ESPECIAL, SECRETAR\u00cdA DE MARINA CONTIN\u00daA B\u00daSQUEDA DE PERSONAS DESAPARECIDAS EN ACAPULCO - NOTICIAS DE LA 4T\",\"isPartOf\":{\"@id\":\"https:\\\/\\\/redamlo.com\\\/#website\"},\"primaryImageOfPage\":{\"@id\":\"https:\\\/\\\/redamlo.com\\\/index.php\\\/2023\\\/11\\\/30\\\/con-operativo-especial-secretaria-de-marina-continua-busqueda-de-personas-desaparecidas-en-acapulco\\\/#primaryimage\"},\"image\":{\"@id\":\"https:\\\/\\\/redamlo.com\\\/index.php\\\/2023\\\/11\\\/30\\\/con-operativo-especial-secretaria-de-marina-continua-busqueda-de-personas-desaparecidas-en-acapulco\\\/#primaryimage\"},\"thumbnailUrl\":\"https:\\\/\\\/redamlo.com\\\/wp-content\\\/uploads\\\/2023\\\/11\\\/2023-11-30-Conferencia-de-prensa-matutina-Palacio-Nacional-Foto-02.jpg\",\"datePublished\":\"2023-11-30T17:57:04+00:00\",\"breadcrumb\":{\"@id\":\"https:\\\/\\\/redamlo.com\\\/index.php\\\/2023\\\/11\\\/30\\\/con-operativo-especial-secretaria-de-marina-continua-busqueda-de-personas-desaparecidas-en-acapulco\\\/#breadcrumb\"},\"inLanguage\":\"es\",\"potentialAction\":[{\"@type\":\"ReadAction\",\"target\":[\"https:\\\/\\\/redamlo.com\\\/index.php\\\/2023\\\/11\\\/30\\\/con-operativo-especial-secretaria-de-marina-continua-busqueda-de-personas-desaparecidas-en-acapulco\\\/\"]}]},{\"@type\":\"ImageObject\",\"inLanguage\":\"es\",\"@id\":\"https:\\\/\\\/redamlo.com\\\/index.php\\\/2023\\\/11\\\/30\\\/con-operativo-especial-secretaria-de-marina-continua-busqueda-de-personas-desaparecidas-en-acapulco\\\/#primaryimage\",\"url\":\"https:\\\/\\\/redamlo.com\\\/wp-content\\\/uploads\\\/2023\\\/11\\\/2023-11-30-Conferencia-de-prensa-matutina-Palacio-Nacional-Foto-02.jpg\",\"contentUrl\":\"https:\\\/\\\/redamlo.com\\\/wp-content\\\/uploads\\\/2023\\\/11\\\/2023-11-30-Conferencia-de-prensa-matutina-Palacio-Nacional-Foto-02.jpg\",\"width\":1502,\"height\":1000},{\"@type\":\"BreadcrumbList\",\"@id\":\"https:\\\/\\\/redamlo.com\\\/index.php\\\/2023\\\/11\\\/30\\\/con-operativo-especial-secretaria-de-marina-continua-busqueda-de-personas-desaparecidas-en-acapulco\\\/#breadcrumb\",\"itemListElement\":[{\"@type\":\"ListItem\",\"position\":1,\"name\":\"Inicio\",\"item\":\"https:\\\/\\\/redamlo.com\\\/\"},{\"@type\":\"ListItem\",\"position\":2,\"name\":\"CON OPERATIVO ESPECIAL, SECRETAR\u00cdA DE MARINA CONTIN\u00daA B\u00daSQUEDA DE PERSONAS DESAPARECIDAS EN ACAPULCO\"}]},{\"@type\":\"WebSite\",\"@id\":\"https:\\\/\\\/redamlo.com\\\/#website\",\"url\":\"https:\\\/\\\/redamlo.com\\\/\",\"name\":\"NOTICIAS DE LA 4T\",\"description\":\"\",\"publisher\":{\"@id\":\"https:\\\/\\\/redamlo.com\\\/#organization\"},\"potentialAction\":[{\"@type\":\"SearchAction\",\"target\":{\"@type\":\"EntryPoint\",\"urlTemplate\":\"https:\\\/\\\/redamlo.com\\\/?s={search_term_string}\"},\"query-input\":{\"@type\":\"PropertyValueSpecification\",\"valueRequired\":true,\"valueName\":\"search_term_string\"}}],\"inLanguage\":\"es\"},{\"@type\":\"Organization\",\"@id\":\"https:\\\/\\\/redamlo.com\\\/#organization\",\"name\":\"NOTICIAS DE LA 4T\",\"url\":\"https:\\\/\\\/redamlo.com\\\/\",\"logo\":{\"@type\":\"ImageObject\",\"inLanguage\":\"es\",\"@id\":\"https:\\\/\\\/redamlo.com\\\/#\\\/schema\\\/logo\\\/image\\\/\",\"url\":\"https:\\\/\\\/redamlo.com\\\/wp-content\\\/uploads\\\/2024\\\/08\\\/cropped-RED-AMLO-logo-50.png\",\"contentUrl\":\"https:\\\/\\\/redamlo.com\\\/wp-content\\\/uploads\\\/2024\\\/08\\\/cropped-RED-AMLO-logo-50.png\",\"width\":256,\"height\":256,\"caption\":\"NOTICIAS DE LA 4T\"},\"image\":{\"@id\":\"https:\\\/\\\/redamlo.com\\\/#\\\/schema\\\/logo\\\/image\\\/\"}},{\"@type\":\"Person\",\"@id\":\"https:\\\/\\\/redamlo.com\\\/#\\\/schema\\\/person\\\/197a0a670d21b1f4f1483ddda1b64613\",\"name\":\"admin\",\"image\":{\"@type\":\"ImageObject\",\"inLanguage\":\"es\",\"@id\":\"https:\\\/\\\/secure.gravatar.com\\\/avatar\\\/293dccd927043f2e641da6685c2f84009782eb9ee0054daceada4e261ded849a?s=96&d=mm&r=g\",\"url\":\"https:\\\/\\\/secure.gravatar.com\\\/avatar\\\/293dccd927043f2e641da6685c2f84009782eb9ee0054daceada4e261ded849a?s=96&d=mm&r=g\",\"contentUrl\":\"https:\\\/\\\/secure.gravatar.com\\\/avatar\\\/293dccd927043f2e641da6685c2f84009782eb9ee0054daceada4e261ded849a?s=96&d=mm&r=g\",\"caption\":\"admin\"},\"sameAs\":[\"https:\\\/\\\/redamlo.com\"],\"url\":\"https:\\\/\\\/redamlo.com\\\/index.php\\\/author\\\/stell\\\/\"}]}<\/script>\n<!-- \/ Yoast SEO plugin. -->","yoast_head_json":{"title":"CON OPERATIVO ESPECIAL, SECRETAR\u00cdA DE MARINA CONTIN\u00daA B\u00daSQUEDA DE PERSONAS DESAPARECIDAS EN ACAPULCO - NOTICIAS DE LA 4T","robots":{"index":"noindex","follow":"follow","max-snippet":"max-snippet:-1","max-image-preview":"max-image-preview:large","max-video-preview":"max-video-preview:-1"},"og_locale":"es_MX","og_type":"article","og_title":"CON OPERATIVO ESPECIAL, SECRETAR\u00cdA DE MARINA CONTIN\u00daA B\u00daSQUEDA DE PERSONAS DESAPARECIDAS EN ACAPULCO - NOTICIAS DE LA 4T","og_description":"El presidente Andr\u00e9s Manuel L\u00f3pez Obrador inform\u00f3 que la Secretar\u00eda de Marina mantiene un operativo...","og_url":"https:\/\/redamlo.com\/index.php\/2023\/11\/30\/con-operativo-especial-secretaria-de-marina-continua-busqueda-de-personas-desaparecidas-en-acapulco\/","og_site_name":"NOTICIAS DE LA 4T","article_published_time":"2023-11-30T17:57:04+00:00","og_image":[{"width":1502,"height":1000,"url":"https:\/\/redamlo.com\/wp-content\/uploads\/2023\/11\/2023-11-30-Conferencia-de-prensa-matutina-Palacio-Nacional-Foto-02.jpg","type":"image\/jpeg"}],"author":"admin","twitter_card":"summary_large_image","twitter_misc":{"Escrito por":"admin","Tiempo de lectura":"2 minutos"},"schema":{"@context":"https:\/\/schema.org","@graph":[{"@type":"Article","@id":"https:\/\/redamlo.com\/index.php\/2023\/11\/30\/con-operativo-especial-secretaria-de-marina-continua-busqueda-de-personas-desaparecidas-en-acapulco\/#article","isPartOf":{"@id":"https:\/\/redamlo.com\/index.php\/2023\/11\/30\/con-operativo-especial-secretaria-de-marina-continua-busqueda-de-personas-desaparecidas-en-acapulco\/"},"author":{"name":"admin","@id":"https:\/\/redamlo.com\/#\/schema\/person\/197a0a670d21b1f4f1483ddda1b64613"},"headline":"CON OPERATIVO ESPECIAL, SECRETAR\u00cdA DE MARINA CONTIN\u00daA B\u00daSQUEDA DE PERSONAS DESAPARECIDAS EN ACAPULCO","datePublished":"2023-11-30T17:57:04+00:00","mainEntityOfPage":{"@id":"https:\/\/redamlo.com\/index.php\/2023\/11\/30\/con-operativo-especial-secretaria-de-marina-continua-busqueda-de-personas-desaparecidas-en-acapulco\/"},"wordCount":463,"commentCount":0,"publisher":{"@id":"https:\/\/redamlo.com\/#organization"},"image":{"@id":"https:\/\/redamlo.com\/index.php\/2023\/11\/30\/con-operativo-especial-secretaria-de-marina-continua-busqueda-de-personas-desaparecidas-en-acapulco\/#primaryimage"},"thumbnailUrl":"https:\/\/redamlo.com\/wp-content\/uploads\/2023\/11\/2023-11-30-Conferencia-de-prensa-matutina-Palacio-Nacional-Foto-02.jpg","keywords":["Acapulco","AMLO","Semar"],"articleSection":["Presidencia","Seguridad"],"inLanguage":"es","potentialAction":[{"@type":"CommentAction","name":"Comment","target":["https:\/\/redamlo.com\/index.php\/2023\/11\/30\/con-operativo-especial-secretaria-de-marina-continua-busqueda-de-personas-desaparecidas-en-acapulco\/#respond"]}]},{"@type":"WebPage","@id":"https:\/\/redamlo.com\/index.php\/2023\/11\/30\/con-operativo-especial-secretaria-de-marina-continua-busqueda-de-personas-desaparecidas-en-acapulco\/","url":"https:\/\/redamlo.com\/index.php\/2023\/11\/30\/con-operativo-especial-secretaria-de-marina-continua-busqueda-de-personas-desaparecidas-en-acapulco\/","name":"CON OPERATIVO ESPECIAL, SECRETAR\u00cdA DE MARINA CONTIN\u00daA B\u00daSQUEDA DE PERSONAS DESAPARECIDAS EN ACAPULCO - NOTICIAS DE LA 4T","isPartOf":{"@id":"https:\/\/redamlo.com\/#website"},"primaryImageOfPage":{"@id":"https:\/\/redamlo.com\/index.php\/2023\/11\/30\/con-operativo-especial-secretaria-de-marina-continua-busqueda-de-personas-desaparecidas-en-acapulco\/#primaryimage"},"image":{"@id":"https:\/\/redamlo.com\/index.php\/2023\/11\/30\/con-operativo-especial-secretaria-de-marina-continua-busqueda-de-personas-desaparecidas-en-acapulco\/#primaryimage"},"thumbnailUrl":"https:\/\/redamlo.com\/wp-content\/uploads\/2023\/11\/2023-11-30-Conferencia-de-prensa-matutina-Palacio-Nacional-Foto-02.jpg","datePublished":"2023-11-30T17:57:04+00:00","breadcrumb":{"@id":"https:\/\/redamlo.com\/index.php\/2023\/11\/30\/con-operativo-especial-secretaria-de-marina-continua-busqueda-de-personas-desaparecidas-en-acapulco\/#breadcrumb"},"inLanguage":"es","potentialAction":[{"@type":"ReadAction","target":["https:\/\/redamlo.com\/index.php\/2023\/11\/30\/con-operativo-especial-secretaria-de-marina-continua-busqueda-de-personas-desaparecidas-en-acapulco\/"]}]},{"@type":"ImageObject","inLanguage":"es","@id":"https:\/\/redamlo.com\/index.php\/2023\/11\/30\/con-operativo-especial-secretaria-de-marina-continua-busqueda-de-personas-desaparecidas-en-acapulco\/#primaryimage","url":"https:\/\/redamlo.com\/wp-content\/uploads\/2023\/11\/2023-11-30-Conferencia-de-prensa-matutina-Palacio-Nacional-Foto-02.jpg","contentUrl":"https:\/\/redamlo.com\/wp-content\/uploads\/2023\/11\/2023-11-30-Conferencia-de-prensa-matutina-Palacio-Nacional-Foto-02.jpg","width":1502,"height":1000},{"@type":"BreadcrumbList","@id":"https:\/\/redamlo.com\/index.php\/2023\/11\/30\/con-operativo-especial-secretaria-de-marina-continua-busqueda-de-personas-desaparecidas-en-acapulco\/#breadcrumb","itemListElement":[{"@type":"ListItem","position":1,"name":"Inicio","item":"https:\/\/redamlo.com\/"},{"@type":"ListItem","position":2,"name":"CON OPERATIVO ESPECIAL, SECRETAR\u00cdA DE MARINA CONTIN\u00daA B\u00daSQUEDA DE PERSONAS DESAPARECIDAS EN ACAPULCO"}]},{"@type":"WebSite","@id":"https:\/\/redamlo.com\/#website","url":"https:\/\/redamlo.com\/","name":"NOTICIAS DE LA 4T","description":"","publisher":{"@id":"https:\/\/redamlo.com\/#organization"},"potentialAction":[{"@type":"SearchAction","target":{"@type":"EntryPoint","urlTemplate":"https:\/\/redamlo.com\/?s={search_term_string}"},"query-input":{"@type":"PropertyValueSpecification","valueRequired":true,"valueName":"search_term_string"}}],"inLanguage":"es"},{"@type":"Organization","@id":"https:\/\/redamlo.com\/#organization","name":"NOTICIAS DE LA 4T","url":"https:\/\/redamlo.com\/","logo":{"@type":"ImageObject","inLanguage":"es","@id":"https:\/\/redamlo.com\/#\/schema\/logo\/image\/","url":"https:\/\/redamlo.com\/wp-content\/uploads\/2024\/08\/cropped-RED-AMLO-logo-50.png","contentUrl":"https:\/\/redamlo.com\/wp-content\/uploads\/2024\/08\/cropped-RED-AMLO-logo-50.png","width":256,"height":256,"caption":"NOTICIAS DE LA 4T"},"image":{"@id":"https:\/\/redamlo.com\/#\/schema\/logo\/image\/"}},{"@type":"Person","@id":"https:\/\/redamlo.com\/#\/schema\/person\/197a0a670d21b1f4f1483ddda1b64613","name":"admin","image":{"@type":"ImageObject","inLanguage":"es","@id":"https:\/\/secure.gravatar.com\/avatar\/293dccd927043f2e641da6685c2f84009782eb9ee0054daceada4e261ded849a?s=96&d=mm&r=g","url":"https:\/\/secure.gravatar.com\/avatar\/293dccd927043f2e641da6685c2f84009782eb9ee0054daceada4e261ded849a?s=96&d=mm&r=g","contentUrl":"https:\/\/secure.gravatar.com\/avatar\/293dccd927043f2e641da6685c2f84009782eb9ee0054daceada4e261ded849a?s=96&d=mm&r=g","caption":"admin"},"sameAs":["https:\/\/redamlo.com"],"url":"https:\/\/redamlo.com\/index.php\/author\/stell\/"}]}},"_links":{"self":[{"href":"https:\/\/redamlo.com\/index.php\/wp-json\/wp\/v2\/posts\/7246","targetHints":{"allow":["GET"]}}],"collection":[{"href":"https:\/\/redamlo.com\/index.php\/wp-json\/wp\/v2\/posts"}],"about":[{"href":"https:\/\/redamlo.com\/index.php\/wp-json\/wp\/v2\/types\/post"}],"author":[{"embeddable":true,"href":"https:\/\/redamlo.com\/index.php\/wp-json\/wp\/v2\/users\/1"}],"replies":[{"embeddable":true,"href":"https:\/\/redamlo.com\/index.php\/wp-json\/wp\/v2\/comments?post=7246"}],"version-history":[{"count":0,"href":"https:\/\/redamlo.com\/index.php\/wp-json\/wp\/v2\/posts\/7246\/revisions"}],"wp:featuredmedia":[{"embeddable":true,"href":"https:\/\/redamlo.com\/index.php\/wp-json\/wp\/v2\/media\/7247"}],"wp:attachment":[{"href":"https:\/\/redamlo.com\/index.php\/wp-json\/wp\/v2\/media?parent=7246"}],"wp:term":[{"taxonomy":"category","embeddable":true,"href":"https:\/\/redamlo.com\/index.php\/wp-json\/wp\/v2\/categories?post=7246"},{"taxonomy":"post_tag","embeddable":true,"href":"https:\/\/redamlo.com\/index.php\/wp-json\/wp\/v2\/tags?post=7246"}],"curies":[{"name":"wp","href":"https:\/\/api.w.org\/{rel}","templated":true}]}}