{"id":7239,"date":"2023-11-28T13:25:02","date_gmt":"2023-11-28T19:25:02","guid":{"rendered":"https:\/\/redamlo.com\/?p=7239"},"modified":"2023-11-28T13:25:02","modified_gmt":"2023-11-28T19:25:02","slug":"sspc-convoca-a-regularizar-vehiculos-europeos-y-asiaticos-tianguis-del-bienestar-llegara-este-martes-a-acapulco","status":"publish","type":"post","link":"https:\/\/redamlo.com\/index.php\/2023\/11\/28\/sspc-convoca-a-regularizar-vehiculos-europeos-y-asiaticos-tianguis-del-bienestar-llegara-este-martes-a-acapulco\/","title":{"rendered":"SSPC CONVOCA A REGULARIZAR VEH\u00cdCULOS EUROPEOS Y ASI\u00c1TICOS; TIANGUIS DEL BIENESTAR LLEGAR\u00c1 ESTE MARTES A ACAPULCO"},"content":{"rendered":"<p>A partir del viernes 1\u00b0 de diciembre estar\u00e1 disponible el apoyo para regularizaci\u00f3n de veh\u00edculos europeos y asi\u00e1ticos que hayan sido comercializados en Estados Unidos o Canad\u00e1 y cuyo n\u00famero de serie comience con letra, anunci\u00f3 la secretaria de Seguridad y Protecci\u00f3n Ciudadana, Rosa Icela Rodr\u00edguez Vel\u00e1zquez.<\/p>\n<p>&nbsp;<\/p>\n<blockquote><p>\u201c\u00bfPor qu\u00e9 tienen que ser comercializados en Estados Unidos o Canad\u00e1? Porque de all\u00e1 proceden b\u00e1sicamente, pero porque nosotros necesitamos tener certeza de que los veh\u00edculos no son robados. (\u2026) Siempre se tiene que confrontar la base de datos de M\u00e9xico, de los veh\u00edculos, con la de Estados Unidos para evitar regularizar cualquier veh\u00edculo que provenga de un il\u00edcito\u201d, explic\u00f3.<\/p>\n<p>https:\/\/www.youtube.com\/watch?v=pMbjHhqfRgo<\/p><\/blockquote>\n<p>En conferencia de prensa matutina con el presidente Andr\u00e9s Manuel L\u00f3pez Obrador invit\u00f3 a la poblaci\u00f3n a acudir a los m\u00f3dulos del\u00a0<strong>Registro P\u00fablico Vehicular (Repuve)<\/strong>\u00a0para realizar este tr\u00e1mite que aplica en modelos anteriores a 2017.<\/p>\n<p>Los que no son anteriores a dicho a\u00f1o, dijo, deben pasar por aduanas y pagar los impuestos correspondientes.<\/p>\n<p>En cuanto al Programa de regularizaci\u00f3n de veh\u00edculos de procedencia extranjera, la funcionaria destac\u00f3 que la recaudaci\u00f3n asciende a m\u00e1s 4 mil 767 millones de pesos al 27 de noviembre; los recursos son destinados a la reparaci\u00f3n de calles de 17 estados participantes, refiri\u00f3 la titular de la SSPC durante el reporte quincenal de seguridad.<\/p>\n<p>A partir de esta iniciativa se han pavimentado 3 millones 309 mil 596 metros cuadrados en Baja California, Baja California Sur, Chihuahua, Coahuila, Durango, Hidalgo, Jalisco, Michoac\u00e1n, Nayarit, Nuevo Le\u00f3n, Puebla, San Luis Potos\u00ed, Sinaloa, Sonora, Tamaulipas, Tlaxcala y Zacatecas.<\/p>\n<p>Del 19 de marzo de 2022 al 27 de noviembre de 2023, el programa reporta un mill\u00f3n 906 mil 815 veh\u00edculos regularizados. Tamaulipas, Chihuahua y Baja California encabezan la lista de los estados con mayor regulaci\u00f3n de autos al concentrar el 51.6 por ciento de los registros.<\/p>\n<p>Esta pol\u00edtica p\u00fablica, que brinda certeza patrimonial y evita el uso de veh\u00edculos extranjeros en la comisi\u00f3n de delitos, continuar\u00e1 hasta el 31 de diciembre de este a\u00f1o en los 165 m\u00f3dulos instalados en las entidades federativas participantes.<\/p>\n<h2>Tianguis del Bienestar beneficiar\u00e1 a familias damnificadas de Guerrero por hurac\u00e1n Otis<\/h2>\n<p>A partir de este martes 28 de noviembre, el\u00a0<strong>Tianguis del Bienestar<\/strong>\u00a0llegar\u00e1 a Acapulco y posteriormente a Coyuca de Ben\u00edtez para entregar bienes nuevos de primera necesidad, decomisados de la delincuencia organizada, a las familias de los municipios afectados por el hurac\u00e1n Otis, anunci\u00f3 la secretaria Rosa Icela Rodr\u00edguez.<\/p>\n<p>Desde agosto de 2021, la iniciativa ha distribuido diez millones 457 mil 613 bienes confiscados a habitantes de comunidades de alto nivel de marginaci\u00f3n de Chiapas, Guerrero, Hidalgo, Oaxaca, Puebla, San Luis Potos\u00ed y Veracruz, mencion\u00f3 la secretaria.<\/p>\n<p>Respecto a los instrumentos de justicia del Gobierno de la Cuarta Transformaci\u00f3n, la titular de la SSPC expuso que gracias a estos 375 personas que permanec\u00edan en centros penitenciarios alcanzaron la libertad; de estas, 369 recurrieron al mecanismo de preliberaci\u00f3n, entre ellas, 24 mujeres, 13 adultos mayores, una persona con enfermedad cr\u00f3nico-degenerativa, dos ind\u00edgenas y una extranjera, as\u00ed como 328 que cumplieron con los requisitos de ley entre el 3 de octubre al 27 de noviembre de este a\u00f1o.<\/p>\n<p>La funcionaria expuso que seis personas m\u00e1s se ampararon por amnist\u00eda: fueron tres mujeres \u2014una con discapacidad\u2014 y tres hombres. Al sumar ambos instrumentos de justicia, de julio de 2022 al 27 de noviembre de 2023, se contabilizan en total a 7 mil 732 personas que no cometieron delitos graves, de escasos recursos, ind\u00edgenas o v\u00edctimas de intimidaci\u00f3n o discriminaci\u00f3n.<\/p>\n","protected":false},"excerpt":{"rendered":"<p>A partir del viernes 1\u00b0 de diciembre estar\u00e1 disponible el apoyo para regularizaci\u00f3n de veh\u00edculos&#8230;<\/p>\n","protected":false},"author":1,"featured_media":7240,"comment_status":"open","ping_status":"closed","sticky":false,"template":"","format":"standard","meta":{"footnotes":""},"categories":[33],"tags":[84,2599,2600],"class_list":["post-7239","post","type-post","status-publish","format-standard","has-post-thumbnail","hentry","category-seguridad","tag-amlo","tag-regularizacion-de-vehiculos","tag-rosa-isela-rodriguez"],"yoast_head":"<!-- This site is optimized with the Yoast SEO plugin v27.5 - https:\/\/yoast.com\/product\/yoast-seo-wordpress\/ -->\n<title>SSPC CONVOCA A REGULARIZAR VEH\u00cdCULOS EUROPEOS Y ASI\u00c1TICOS; TIANGUIS DEL BIENESTAR LLEGAR\u00c1 ESTE MARTES A ACAPULCO - NOTICIAS DE LA 4T<\/title>\n<meta name=\"robots\" content=\"noindex, follow, max-snippet:-1, max-image-preview:large, max-video-preview:-1\" \/>\n<meta property=\"og:locale\" content=\"es_MX\" \/>\n<meta property=\"og:type\" content=\"article\" \/>\n<meta property=\"og:title\" content=\"SSPC CONVOCA A REGULARIZAR VEH\u00cdCULOS EUROPEOS Y ASI\u00c1TICOS; TIANGUIS DEL BIENESTAR LLEGAR\u00c1 ESTE MARTES A ACAPULCO - NOTICIAS DE LA 4T\" \/>\n<meta property=\"og:description\" content=\"A partir del viernes 1\u00b0 de diciembre estar\u00e1 disponible el apoyo para regularizaci\u00f3n de veh\u00edculos...\" \/>\n<meta property=\"og:url\" content=\"https:\/\/redamlo.com\/index.php\/2023\/11\/28\/sspc-convoca-a-regularizar-vehiculos-europeos-y-asiaticos-tianguis-del-bienestar-llegara-este-martes-a-acapulco\/\" \/>\n<meta property=\"og:site_name\" content=\"NOTICIAS DE LA 4T\" \/>\n<meta property=\"article:published_time\" content=\"2023-11-28T19:25:02+00:00\" \/>\n<meta property=\"og:image\" content=\"https:\/\/redamlo.com\/wp-content\/uploads\/2023\/11\/2023-11-28-Conferencia-de-prensa-matutina-Palacio-Nacional-Foto-04.jpg\" \/>\n\t<meta property=\"og:image:width\" content=\"1499\" \/>\n\t<meta property=\"og:image:height\" content=\"1000\" \/>\n\t<meta property=\"og:image:type\" content=\"image\/jpeg\" \/>\n<meta name=\"author\" content=\"admin\" \/>\n<meta name=\"twitter:card\" content=\"summary_large_image\" \/>\n<meta name=\"twitter:label1\" content=\"Escrito por\" \/>\n\t<meta name=\"twitter:data1\" content=\"admin\" \/>\n\t<meta name=\"twitter:label2\" content=\"Tiempo de lectura\" \/>\n\t<meta name=\"twitter:data2\" content=\"3 minutos\" \/>\n<script type=\"application\/ld+json\" class=\"yoast-schema-graph\">{\"@context\":\"https:\\\/\\\/schema.org\",\"@graph\":[{\"@type\":\"Article\",\"@id\":\"https:\\\/\\\/redamlo.com\\\/index.php\\\/2023\\\/11\\\/28\\\/sspc-convoca-a-regularizar-vehiculos-europeos-y-asiaticos-tianguis-del-bienestar-llegara-este-martes-a-acapulco\\\/#article\",\"isPartOf\":{\"@id\":\"https:\\\/\\\/redamlo.com\\\/index.php\\\/2023\\\/11\\\/28\\\/sspc-convoca-a-regularizar-vehiculos-europeos-y-asiaticos-tianguis-del-bienestar-llegara-este-martes-a-acapulco\\\/\"},\"author\":{\"name\":\"admin\",\"@id\":\"https:\\\/\\\/redamlo.com\\\/#\\\/schema\\\/person\\\/197a0a670d21b1f4f1483ddda1b64613\"},\"headline\":\"SSPC CONVOCA A REGULARIZAR VEH\u00cdCULOS EUROPEOS Y ASI\u00c1TICOS; TIANGUIS DEL BIENESTAR LLEGAR\u00c1 ESTE MARTES A ACAPULCO\",\"datePublished\":\"2023-11-28T19:25:02+00:00\",\"mainEntityOfPage\":{\"@id\":\"https:\\\/\\\/redamlo.com\\\/index.php\\\/2023\\\/11\\\/28\\\/sspc-convoca-a-regularizar-vehiculos-europeos-y-asiaticos-tianguis-del-bienestar-llegara-este-martes-a-acapulco\\\/\"},\"wordCount\":625,\"commentCount\":0,\"publisher\":{\"@id\":\"https:\\\/\\\/redamlo.com\\\/#organization\"},\"image\":{\"@id\":\"https:\\\/\\\/redamlo.com\\\/index.php\\\/2023\\\/11\\\/28\\\/sspc-convoca-a-regularizar-vehiculos-europeos-y-asiaticos-tianguis-del-bienestar-llegara-este-martes-a-acapulco\\\/#primaryimage\"},\"thumbnailUrl\":\"https:\\\/\\\/redamlo.com\\\/wp-content\\\/uploads\\\/2023\\\/11\\\/2023-11-28-Conferencia-de-prensa-matutina-Palacio-Nacional-Foto-04.jpg\",\"keywords\":[\"AMLO\",\"regularizacion de vehiculos\",\"rosa isela rodriguez\"],\"articleSection\":[\"Seguridad\"],\"inLanguage\":\"es\",\"potentialAction\":[{\"@type\":\"CommentAction\",\"name\":\"Comment\",\"target\":[\"https:\\\/\\\/redamlo.com\\\/index.php\\\/2023\\\/11\\\/28\\\/sspc-convoca-a-regularizar-vehiculos-europeos-y-asiaticos-tianguis-del-bienestar-llegara-este-martes-a-acapulco\\\/#respond\"]}]},{\"@type\":\"WebPage\",\"@id\":\"https:\\\/\\\/redamlo.com\\\/index.php\\\/2023\\\/11\\\/28\\\/sspc-convoca-a-regularizar-vehiculos-europeos-y-asiaticos-tianguis-del-bienestar-llegara-este-martes-a-acapulco\\\/\",\"url\":\"https:\\\/\\\/redamlo.com\\\/index.php\\\/2023\\\/11\\\/28\\\/sspc-convoca-a-regularizar-vehiculos-europeos-y-asiaticos-tianguis-del-bienestar-llegara-este-martes-a-acapulco\\\/\",\"name\":\"SSPC CONVOCA A REGULARIZAR VEH\u00cdCULOS EUROPEOS Y ASI\u00c1TICOS; TIANGUIS DEL BIENESTAR LLEGAR\u00c1 ESTE MARTES A ACAPULCO - NOTICIAS DE LA 4T\",\"isPartOf\":{\"@id\":\"https:\\\/\\\/redamlo.com\\\/#website\"},\"primaryImageOfPage\":{\"@id\":\"https:\\\/\\\/redamlo.com\\\/index.php\\\/2023\\\/11\\\/28\\\/sspc-convoca-a-regularizar-vehiculos-europeos-y-asiaticos-tianguis-del-bienestar-llegara-este-martes-a-acapulco\\\/#primaryimage\"},\"image\":{\"@id\":\"https:\\\/\\\/redamlo.com\\\/index.php\\\/2023\\\/11\\\/28\\\/sspc-convoca-a-regularizar-vehiculos-europeos-y-asiaticos-tianguis-del-bienestar-llegara-este-martes-a-acapulco\\\/#primaryimage\"},\"thumbnailUrl\":\"https:\\\/\\\/redamlo.com\\\/wp-content\\\/uploads\\\/2023\\\/11\\\/2023-11-28-Conferencia-de-prensa-matutina-Palacio-Nacional-Foto-04.jpg\",\"datePublished\":\"2023-11-28T19:25:02+00:00\",\"breadcrumb\":{\"@id\":\"https:\\\/\\\/redamlo.com\\\/index.php\\\/2023\\\/11\\\/28\\\/sspc-convoca-a-regularizar-vehiculos-europeos-y-asiaticos-tianguis-del-bienestar-llegara-este-martes-a-acapulco\\\/#breadcrumb\"},\"inLanguage\":\"es\",\"potentialAction\":[{\"@type\":\"ReadAction\",\"target\":[\"https:\\\/\\\/redamlo.com\\\/index.php\\\/2023\\\/11\\\/28\\\/sspc-convoca-a-regularizar-vehiculos-europeos-y-asiaticos-tianguis-del-bienestar-llegara-este-martes-a-acapulco\\\/\"]}]},{\"@type\":\"ImageObject\",\"inLanguage\":\"es\",\"@id\":\"https:\\\/\\\/redamlo.com\\\/index.php\\\/2023\\\/11\\\/28\\\/sspc-convoca-a-regularizar-vehiculos-europeos-y-asiaticos-tianguis-del-bienestar-llegara-este-martes-a-acapulco\\\/#primaryimage\",\"url\":\"https:\\\/\\\/redamlo.com\\\/wp-content\\\/uploads\\\/2023\\\/11\\\/2023-11-28-Conferencia-de-prensa-matutina-Palacio-Nacional-Foto-04.jpg\",\"contentUrl\":\"https:\\\/\\\/redamlo.com\\\/wp-content\\\/uploads\\\/2023\\\/11\\\/2023-11-28-Conferencia-de-prensa-matutina-Palacio-Nacional-Foto-04.jpg\",\"width\":1499,\"height\":1000},{\"@type\":\"BreadcrumbList\",\"@id\":\"https:\\\/\\\/redamlo.com\\\/index.php\\\/2023\\\/11\\\/28\\\/sspc-convoca-a-regularizar-vehiculos-europeos-y-asiaticos-tianguis-del-bienestar-llegara-este-martes-a-acapulco\\\/#breadcrumb\",\"itemListElement\":[{\"@type\":\"ListItem\",\"position\":1,\"name\":\"Inicio\",\"item\":\"https:\\\/\\\/redamlo.com\\\/\"},{\"@type\":\"ListItem\",\"position\":2,\"name\":\"SSPC CONVOCA A REGULARIZAR VEH\u00cdCULOS EUROPEOS Y ASI\u00c1TICOS; TIANGUIS DEL BIENESTAR LLEGAR\u00c1 ESTE MARTES A ACAPULCO\"}]},{\"@type\":\"WebSite\",\"@id\":\"https:\\\/\\\/redamlo.com\\\/#website\",\"url\":\"https:\\\/\\\/redamlo.com\\\/\",\"name\":\"NOTICIAS DE LA 4T\",\"description\":\"\",\"publisher\":{\"@id\":\"https:\\\/\\\/redamlo.com\\\/#organization\"},\"potentialAction\":[{\"@type\":\"SearchAction\",\"target\":{\"@type\":\"EntryPoint\",\"urlTemplate\":\"https:\\\/\\\/redamlo.com\\\/?s={search_term_string}\"},\"query-input\":{\"@type\":\"PropertyValueSpecification\",\"valueRequired\":true,\"valueName\":\"search_term_string\"}}],\"inLanguage\":\"es\"},{\"@type\":\"Organization\",\"@id\":\"https:\\\/\\\/redamlo.com\\\/#organization\",\"name\":\"NOTICIAS DE LA 4T\",\"url\":\"https:\\\/\\\/redamlo.com\\\/\",\"logo\":{\"@type\":\"ImageObject\",\"inLanguage\":\"es\",\"@id\":\"https:\\\/\\\/redamlo.com\\\/#\\\/schema\\\/logo\\\/image\\\/\",\"url\":\"https:\\\/\\\/redamlo.com\\\/wp-content\\\/uploads\\\/2024\\\/08\\\/cropped-RED-AMLO-logo-50.png\",\"contentUrl\":\"https:\\\/\\\/redamlo.com\\\/wp-content\\\/uploads\\\/2024\\\/08\\\/cropped-RED-AMLO-logo-50.png\",\"width\":256,\"height\":256,\"caption\":\"NOTICIAS DE LA 4T\"},\"image\":{\"@id\":\"https:\\\/\\\/redamlo.com\\\/#\\\/schema\\\/logo\\\/image\\\/\"}},{\"@type\":\"Person\",\"@id\":\"https:\\\/\\\/redamlo.com\\\/#\\\/schema\\\/person\\\/197a0a670d21b1f4f1483ddda1b64613\",\"name\":\"admin\",\"image\":{\"@type\":\"ImageObject\",\"inLanguage\":\"es\",\"@id\":\"https:\\\/\\\/secure.gravatar.com\\\/avatar\\\/293dccd927043f2e641da6685c2f84009782eb9ee0054daceada4e261ded849a?s=96&d=mm&r=g\",\"url\":\"https:\\\/\\\/secure.gravatar.com\\\/avatar\\\/293dccd927043f2e641da6685c2f84009782eb9ee0054daceada4e261ded849a?s=96&d=mm&r=g\",\"contentUrl\":\"https:\\\/\\\/secure.gravatar.com\\\/avatar\\\/293dccd927043f2e641da6685c2f84009782eb9ee0054daceada4e261ded849a?s=96&d=mm&r=g\",\"caption\":\"admin\"},\"sameAs\":[\"https:\\\/\\\/redamlo.com\"],\"url\":\"https:\\\/\\\/redamlo.com\\\/index.php\\\/author\\\/stell\\\/\"}]}<\/script>\n<!-- \/ Yoast SEO plugin. -->","yoast_head_json":{"title":"SSPC CONVOCA A REGULARIZAR VEH\u00cdCULOS EUROPEOS Y ASI\u00c1TICOS; TIANGUIS DEL BIENESTAR LLEGAR\u00c1 ESTE MARTES A ACAPULCO - NOTICIAS DE LA 4T","robots":{"index":"noindex","follow":"follow","max-snippet":"max-snippet:-1","max-image-preview":"max-image-preview:large","max-video-preview":"max-video-preview:-1"},"og_locale":"es_MX","og_type":"article","og_title":"SSPC CONVOCA A REGULARIZAR VEH\u00cdCULOS EUROPEOS Y ASI\u00c1TICOS; TIANGUIS DEL BIENESTAR LLEGAR\u00c1 ESTE MARTES A ACAPULCO - NOTICIAS DE LA 4T","og_description":"A partir del viernes 1\u00b0 de diciembre estar\u00e1 disponible el apoyo para regularizaci\u00f3n de veh\u00edculos...","og_url":"https:\/\/redamlo.com\/index.php\/2023\/11\/28\/sspc-convoca-a-regularizar-vehiculos-europeos-y-asiaticos-tianguis-del-bienestar-llegara-este-martes-a-acapulco\/","og_site_name":"NOTICIAS DE LA 4T","article_published_time":"2023-11-28T19:25:02+00:00","og_image":[{"width":1499,"height":1000,"url":"https:\/\/redamlo.com\/wp-content\/uploads\/2023\/11\/2023-11-28-Conferencia-de-prensa-matutina-Palacio-Nacional-Foto-04.jpg","type":"image\/jpeg"}],"author":"admin","twitter_card":"summary_large_image","twitter_misc":{"Escrito por":"admin","Tiempo de lectura":"3 minutos"},"schema":{"@context":"https:\/\/schema.org","@graph":[{"@type":"Article","@id":"https:\/\/redamlo.com\/index.php\/2023\/11\/28\/sspc-convoca-a-regularizar-vehiculos-europeos-y-asiaticos-tianguis-del-bienestar-llegara-este-martes-a-acapulco\/#article","isPartOf":{"@id":"https:\/\/redamlo.com\/index.php\/2023\/11\/28\/sspc-convoca-a-regularizar-vehiculos-europeos-y-asiaticos-tianguis-del-bienestar-llegara-este-martes-a-acapulco\/"},"author":{"name":"admin","@id":"https:\/\/redamlo.com\/#\/schema\/person\/197a0a670d21b1f4f1483ddda1b64613"},"headline":"SSPC CONVOCA A REGULARIZAR VEH\u00cdCULOS EUROPEOS Y ASI\u00c1TICOS; TIANGUIS DEL BIENESTAR LLEGAR\u00c1 ESTE MARTES A ACAPULCO","datePublished":"2023-11-28T19:25:02+00:00","mainEntityOfPage":{"@id":"https:\/\/redamlo.com\/index.php\/2023\/11\/28\/sspc-convoca-a-regularizar-vehiculos-europeos-y-asiaticos-tianguis-del-bienestar-llegara-este-martes-a-acapulco\/"},"wordCount":625,"commentCount":0,"publisher":{"@id":"https:\/\/redamlo.com\/#organization"},"image":{"@id":"https:\/\/redamlo.com\/index.php\/2023\/11\/28\/sspc-convoca-a-regularizar-vehiculos-europeos-y-asiaticos-tianguis-del-bienestar-llegara-este-martes-a-acapulco\/#primaryimage"},"thumbnailUrl":"https:\/\/redamlo.com\/wp-content\/uploads\/2023\/11\/2023-11-28-Conferencia-de-prensa-matutina-Palacio-Nacional-Foto-04.jpg","keywords":["AMLO","regularizacion de vehiculos","rosa isela rodriguez"],"articleSection":["Seguridad"],"inLanguage":"es","potentialAction":[{"@type":"CommentAction","name":"Comment","target":["https:\/\/redamlo.com\/index.php\/2023\/11\/28\/sspc-convoca-a-regularizar-vehiculos-europeos-y-asiaticos-tianguis-del-bienestar-llegara-este-martes-a-acapulco\/#respond"]}]},{"@type":"WebPage","@id":"https:\/\/redamlo.com\/index.php\/2023\/11\/28\/sspc-convoca-a-regularizar-vehiculos-europeos-y-asiaticos-tianguis-del-bienestar-llegara-este-martes-a-acapulco\/","url":"https:\/\/redamlo.com\/index.php\/2023\/11\/28\/sspc-convoca-a-regularizar-vehiculos-europeos-y-asiaticos-tianguis-del-bienestar-llegara-este-martes-a-acapulco\/","name":"SSPC CONVOCA A REGULARIZAR VEH\u00cdCULOS EUROPEOS Y ASI\u00c1TICOS; TIANGUIS DEL BIENESTAR LLEGAR\u00c1 ESTE MARTES A ACAPULCO - NOTICIAS DE LA 4T","isPartOf":{"@id":"https:\/\/redamlo.com\/#website"},"primaryImageOfPage":{"@id":"https:\/\/redamlo.com\/index.php\/2023\/11\/28\/sspc-convoca-a-regularizar-vehiculos-europeos-y-asiaticos-tianguis-del-bienestar-llegara-este-martes-a-acapulco\/#primaryimage"},"image":{"@id":"https:\/\/redamlo.com\/index.php\/2023\/11\/28\/sspc-convoca-a-regularizar-vehiculos-europeos-y-asiaticos-tianguis-del-bienestar-llegara-este-martes-a-acapulco\/#primaryimage"},"thumbnailUrl":"https:\/\/redamlo.com\/wp-content\/uploads\/2023\/11\/2023-11-28-Conferencia-de-prensa-matutina-Palacio-Nacional-Foto-04.jpg","datePublished":"2023-11-28T19:25:02+00:00","breadcrumb":{"@id":"https:\/\/redamlo.com\/index.php\/2023\/11\/28\/sspc-convoca-a-regularizar-vehiculos-europeos-y-asiaticos-tianguis-del-bienestar-llegara-este-martes-a-acapulco\/#breadcrumb"},"inLanguage":"es","potentialAction":[{"@type":"ReadAction","target":["https:\/\/redamlo.com\/index.php\/2023\/11\/28\/sspc-convoca-a-regularizar-vehiculos-europeos-y-asiaticos-tianguis-del-bienestar-llegara-este-martes-a-acapulco\/"]}]},{"@type":"ImageObject","inLanguage":"es","@id":"https:\/\/redamlo.com\/index.php\/2023\/11\/28\/sspc-convoca-a-regularizar-vehiculos-europeos-y-asiaticos-tianguis-del-bienestar-llegara-este-martes-a-acapulco\/#primaryimage","url":"https:\/\/redamlo.com\/wp-content\/uploads\/2023\/11\/2023-11-28-Conferencia-de-prensa-matutina-Palacio-Nacional-Foto-04.jpg","contentUrl":"https:\/\/redamlo.com\/wp-content\/uploads\/2023\/11\/2023-11-28-Conferencia-de-prensa-matutina-Palacio-Nacional-Foto-04.jpg","width":1499,"height":1000},{"@type":"BreadcrumbList","@id":"https:\/\/redamlo.com\/index.php\/2023\/11\/28\/sspc-convoca-a-regularizar-vehiculos-europeos-y-asiaticos-tianguis-del-bienestar-llegara-este-martes-a-acapulco\/#breadcrumb","itemListElement":[{"@type":"ListItem","position":1,"name":"Inicio","item":"https:\/\/redamlo.com\/"},{"@type":"ListItem","position":2,"name":"SSPC CONVOCA A REGULARIZAR VEH\u00cdCULOS EUROPEOS Y ASI\u00c1TICOS; TIANGUIS DEL BIENESTAR LLEGAR\u00c1 ESTE MARTES A ACAPULCO"}]},{"@type":"WebSite","@id":"https:\/\/redamlo.com\/#website","url":"https:\/\/redamlo.com\/","name":"NOTICIAS DE LA 4T","description":"","publisher":{"@id":"https:\/\/redamlo.com\/#organization"},"potentialAction":[{"@type":"SearchAction","target":{"@type":"EntryPoint","urlTemplate":"https:\/\/redamlo.com\/?s={search_term_string}"},"query-input":{"@type":"PropertyValueSpecification","valueRequired":true,"valueName":"search_term_string"}}],"inLanguage":"es"},{"@type":"Organization","@id":"https:\/\/redamlo.com\/#organization","name":"NOTICIAS DE LA 4T","url":"https:\/\/redamlo.com\/","logo":{"@type":"ImageObject","inLanguage":"es","@id":"https:\/\/redamlo.com\/#\/schema\/logo\/image\/","url":"https:\/\/redamlo.com\/wp-content\/uploads\/2024\/08\/cropped-RED-AMLO-logo-50.png","contentUrl":"https:\/\/redamlo.com\/wp-content\/uploads\/2024\/08\/cropped-RED-AMLO-logo-50.png","width":256,"height":256,"caption":"NOTICIAS DE LA 4T"},"image":{"@id":"https:\/\/redamlo.com\/#\/schema\/logo\/image\/"}},{"@type":"Person","@id":"https:\/\/redamlo.com\/#\/schema\/person\/197a0a670d21b1f4f1483ddda1b64613","name":"admin","image":{"@type":"ImageObject","inLanguage":"es","@id":"https:\/\/secure.gravatar.com\/avatar\/293dccd927043f2e641da6685c2f84009782eb9ee0054daceada4e261ded849a?s=96&d=mm&r=g","url":"https:\/\/secure.gravatar.com\/avatar\/293dccd927043f2e641da6685c2f84009782eb9ee0054daceada4e261ded849a?s=96&d=mm&r=g","contentUrl":"https:\/\/secure.gravatar.com\/avatar\/293dccd927043f2e641da6685c2f84009782eb9ee0054daceada4e261ded849a?s=96&d=mm&r=g","caption":"admin"},"sameAs":["https:\/\/redamlo.com"],"url":"https:\/\/redamlo.com\/index.php\/author\/stell\/"}]}},"_links":{"self":[{"href":"https:\/\/redamlo.com\/index.php\/wp-json\/wp\/v2\/posts\/7239","targetHints":{"allow":["GET"]}}],"collection":[{"href":"https:\/\/redamlo.com\/index.php\/wp-json\/wp\/v2\/posts"}],"about":[{"href":"https:\/\/redamlo.com\/index.php\/wp-json\/wp\/v2\/types\/post"}],"author":[{"embeddable":true,"href":"https:\/\/redamlo.com\/index.php\/wp-json\/wp\/v2\/users\/1"}],"replies":[{"embeddable":true,"href":"https:\/\/redamlo.com\/index.php\/wp-json\/wp\/v2\/comments?post=7239"}],"version-history":[{"count":0,"href":"https:\/\/redamlo.com\/index.php\/wp-json\/wp\/v2\/posts\/7239\/revisions"}],"wp:featuredmedia":[{"embeddable":true,"href":"https:\/\/redamlo.com\/index.php\/wp-json\/wp\/v2\/media\/7240"}],"wp:attachment":[{"href":"https:\/\/redamlo.com\/index.php\/wp-json\/wp\/v2\/media?parent=7239"}],"wp:term":[{"taxonomy":"category","embeddable":true,"href":"https:\/\/redamlo.com\/index.php\/wp-json\/wp\/v2\/categories?post=7239"},{"taxonomy":"post_tag","embeddable":true,"href":"https:\/\/redamlo.com\/index.php\/wp-json\/wp\/v2\/tags?post=7239"}],"curies":[{"name":"wp","href":"https:\/\/api.w.org\/{rel}","templated":true}]}}