{"id":7233,"date":"2023-11-27T12:35:01","date_gmt":"2023-11-27T18:35:01","guid":{"rendered":"https:\/\/redamlo.com\/?p=7233"},"modified":"2023-11-27T12:35:01","modified_gmt":"2023-11-27T18:35:01","slug":"susana-estrada-coordinaria-los-trabajos-en-defensa-de-la-4t-en-nezahualcoyotl-y-pone-fin-al-monopolio-politico-de-juan-hugo-de-la-rosa","status":"publish","type":"post","link":"https:\/\/redamlo.com\/index.php\/2023\/11\/27\/susana-estrada-coordinaria-los-trabajos-en-defensa-de-la-4t-en-nezahualcoyotl-y-pone-fin-al-monopolio-politico-de-juan-hugo-de-la-rosa\/","title":{"rendered":"Susana Estrada coordinar\u00eda los trabajos en defensa de la 4T en Nezahualc\u00f3yotl y pone fin al monopolio pol\u00edtico de Juan Hugo de la Rosa"},"content":{"rendered":"<p>La joven diputada suplente, Susana Estrada, anunci\u00f3 su decidida participaci\u00f3n para coordinar los trabajos en defensa de la 4T en Nezahualc\u00f3yotl y ponerle fin al monopolio pol\u00edtico que ha prevalecido en el municipio por muchos a\u00f1os, encabezado por Juan Hugo de la Rosa.<\/p>\n<p><img loading=\"lazy\" decoding=\"async\" class=\"aligncenter wp-image-7235 size-large\" src=\"https:\/\/redamlo.com\/wp-content\/uploads\/2023\/11\/susy-estrada-3-1024x589.jpg\" alt=\"\" width=\"640\" height=\"368\" srcset=\"https:\/\/redamlo.com\/wp-content\/uploads\/2023\/11\/susy-estrada-3-1024x589.jpg 1024w, https:\/\/redamlo.com\/wp-content\/uploads\/2023\/11\/susy-estrada-3-300x173.jpg 300w, https:\/\/redamlo.com\/wp-content\/uploads\/2023\/11\/susy-estrada-3-768x442.jpg 768w, https:\/\/redamlo.com\/wp-content\/uploads\/2023\/11\/susy-estrada-3-1536x884.jpg 1536w, https:\/\/redamlo.com\/wp-content\/uploads\/2023\/11\/susy-estrada-3.jpg 1600w\" sizes=\"auto, (max-width: 640px) 100vw, 640px\" \/><\/p>\n<p>El anuncio se llev\u00f3 a cabo durante una reuni\u00f3n de Coyotes Nezahualc\u00f3yotl el pasado s\u00e1bado 25 de noviembre en el sal\u00f3n de fiestas \u201cLa Mansi\u00f3n del Rey\u201d. En donde resalt\u00f3 la precencia de la diputada federal Susana Cano, la presidenta de la C\u00e1mara Nacional de Mujeres Sandra Leticia Castillo y m\u00e1s de 800 personas, entre empresarios, regidores y lideres de las comunidades que se dieron cita en este evento, donde Susana Estrada recibi\u00f3 muestras palpables de apoyo y respaldo por parte de la comunidad.<\/p>\n<p><img loading=\"lazy\" decoding=\"async\" class=\"aligncenter wp-image-7236 size-large\" src=\"https:\/\/redamlo.com\/wp-content\/uploads\/2023\/11\/susy-estrada-2-1024x682.jpg\" alt=\"\" width=\"640\" height=\"426\" srcset=\"https:\/\/redamlo.com\/wp-content\/uploads\/2023\/11\/susy-estrada-2-1024x682.jpg 1024w, https:\/\/redamlo.com\/wp-content\/uploads\/2023\/11\/susy-estrada-2-300x200.jpg 300w, https:\/\/redamlo.com\/wp-content\/uploads\/2023\/11\/susy-estrada-2-768x512.jpg 768w, https:\/\/redamlo.com\/wp-content\/uploads\/2023\/11\/susy-estrada-2-1536x1023.jpg 1536w, https:\/\/redamlo.com\/wp-content\/uploads\/2023\/11\/susy-estrada-2.jpg 1600w\" sizes=\"auto, (max-width: 640px) 100vw, 640px\" \/><\/p>\n<p>En un ambiente lleno de entusiasmo y compromiso c\u00edvico, Susana Estrada destac\u00f3 la importancia de trabajar en unidad para fortalecer los principios y objetivos de la 4T en Nezahualc\u00f3yotl. Subray\u00f3 su compromiso con la transparencia, la participaci\u00f3n ciudadana y la erradicaci\u00f3n de pr\u00e1cticas que han perpetuado un monopolio pol\u00edtico en el municipio mexiquense.<\/p>\n<p>&#8220;Es momento de construir juntos un Nezahualc\u00f3yotl m\u00e1s justo, inclusivo y participativo. No podemos permitir que el monopolio pol\u00edtico limite las oportunidades de progreso para nuestra comunidad&#8221;, expres\u00f3 la presidenta honor\u00edfica de Coyotes Neza durante su intervenci\u00f3n.<\/p>\n<p>La joven diputada suplente tambi\u00e9n hizo hincapi\u00e9 en la importancia de la unidad y la colaboraci\u00f3n ciudadana para lograr un cambio significativo en la gesti\u00f3n pol\u00edtica local. Anunci\u00f3 que coordinar\u00e1 los esfuerzos para consolidar una plataforma plural que represente los intereses y aspiraciones de la ciudadan\u00eda.<\/p>\n<p><img loading=\"lazy\" decoding=\"async\" class=\"aligncenter wp-image-7237 size-large\" src=\"https:\/\/redamlo.com\/wp-content\/uploads\/2023\/11\/susy-estrada-4-1024x780.jpg\" alt=\"\" width=\"640\" height=\"488\" srcset=\"https:\/\/redamlo.com\/wp-content\/uploads\/2023\/11\/susy-estrada-4-1024x780.jpg 1024w, https:\/\/redamlo.com\/wp-content\/uploads\/2023\/11\/susy-estrada-4-300x229.jpg 300w, https:\/\/redamlo.com\/wp-content\/uploads\/2023\/11\/susy-estrada-4-768x585.jpg 768w, https:\/\/redamlo.com\/wp-content\/uploads\/2023\/11\/susy-estrada-4-1536x1170.jpg 1536w, https:\/\/redamlo.com\/wp-content\/uploads\/2023\/11\/susy-estrada-4.jpg 1600w\" sizes=\"auto, (max-width: 640px) 100vw, 640px\" \/><\/p>\n<p>Susana Estrada agradeci\u00f3 el apoyo recibido y se comprometi\u00f3 a trabajar incansablemente para materializar este proyecto que busca transformar Nezahualc\u00f3yotl en beneficio de todos sus habitantes.<\/p>\n","protected":false},"excerpt":{"rendered":"<p>La joven diputada suplente, Susana Estrada, anunci\u00f3 su decidida participaci\u00f3n para coordinar los trabajos en&#8230;<\/p>\n","protected":false},"author":1,"featured_media":7234,"comment_status":"open","ping_status":"closed","sticky":false,"template":"","format":"standard","meta":{"footnotes":""},"categories":[6,5],"tags":[190,24,331,2592],"class_list":["post-7233","post","type-post","status-publish","format-standard","has-post-thumbnail","hentry","category-estados","category-politica","tag-4t","tag-morena","tag-nezahualcoyotl","tag-susana-estrada"],"yoast_head":"<!-- This site is optimized with the Yoast SEO plugin v27.5 - https:\/\/yoast.com\/product\/yoast-seo-wordpress\/ -->\n<title>Susana Estrada coordinar\u00eda los trabajos en defensa de la 4T en Nezahualc\u00f3yotl y pone fin al monopolio pol\u00edtico de Juan Hugo de la Rosa - NOTICIAS DE LA 4T<\/title>\n<meta name=\"robots\" content=\"noindex, follow, max-snippet:-1, max-image-preview:large, max-video-preview:-1\" \/>\n<meta property=\"og:locale\" content=\"es_MX\" \/>\n<meta property=\"og:type\" content=\"article\" \/>\n<meta property=\"og:title\" content=\"Susana Estrada coordinar\u00eda los trabajos en defensa de la 4T en Nezahualc\u00f3yotl y pone fin al monopolio pol\u00edtico de Juan Hugo de la Rosa - NOTICIAS DE LA 4T\" \/>\n<meta property=\"og:description\" content=\"La joven diputada suplente, Susana Estrada, anunci\u00f3 su decidida participaci\u00f3n para coordinar los trabajos en...\" \/>\n<meta property=\"og:url\" content=\"https:\/\/redamlo.com\/index.php\/2023\/11\/27\/susana-estrada-coordinaria-los-trabajos-en-defensa-de-la-4t-en-nezahualcoyotl-y-pone-fin-al-monopolio-politico-de-juan-hugo-de-la-rosa\/\" \/>\n<meta property=\"og:site_name\" content=\"NOTICIAS DE LA 4T\" \/>\n<meta property=\"article:published_time\" content=\"2023-11-27T18:35:01+00:00\" \/>\n<meta property=\"og:image\" content=\"https:\/\/redamlo.com\/wp-content\/uploads\/2023\/11\/susy-estrada-1.jpg\" \/>\n\t<meta property=\"og:image:width\" content=\"1600\" \/>\n\t<meta property=\"og:image:height\" content=\"1050\" \/>\n\t<meta property=\"og:image:type\" content=\"image\/jpeg\" \/>\n<meta name=\"author\" content=\"admin\" \/>\n<meta name=\"twitter:card\" content=\"summary_large_image\" \/>\n<meta name=\"twitter:label1\" content=\"Escrito por\" \/>\n\t<meta name=\"twitter:data1\" content=\"admin\" \/>\n\t<meta name=\"twitter:label2\" content=\"Tiempo de lectura\" \/>\n\t<meta name=\"twitter:data2\" content=\"2 minutos\" \/>\n<script type=\"application\/ld+json\" class=\"yoast-schema-graph\">{\"@context\":\"https:\\\/\\\/schema.org\",\"@graph\":[{\"@type\":\"Article\",\"@id\":\"https:\\\/\\\/redamlo.com\\\/index.php\\\/2023\\\/11\\\/27\\\/susana-estrada-coordinaria-los-trabajos-en-defensa-de-la-4t-en-nezahualcoyotl-y-pone-fin-al-monopolio-politico-de-juan-hugo-de-la-rosa\\\/#article\",\"isPartOf\":{\"@id\":\"https:\\\/\\\/redamlo.com\\\/index.php\\\/2023\\\/11\\\/27\\\/susana-estrada-coordinaria-los-trabajos-en-defensa-de-la-4t-en-nezahualcoyotl-y-pone-fin-al-monopolio-politico-de-juan-hugo-de-la-rosa\\\/\"},\"author\":{\"name\":\"admin\",\"@id\":\"https:\\\/\\\/redamlo.com\\\/#\\\/schema\\\/person\\\/197a0a670d21b1f4f1483ddda1b64613\"},\"headline\":\"Susana Estrada coordinar\u00eda los trabajos en defensa de la 4T en Nezahualc\u00f3yotl y pone fin al monopolio pol\u00edtico de Juan Hugo de la Rosa\",\"datePublished\":\"2023-11-27T18:35:01+00:00\",\"mainEntityOfPage\":{\"@id\":\"https:\\\/\\\/redamlo.com\\\/index.php\\\/2023\\\/11\\\/27\\\/susana-estrada-coordinaria-los-trabajos-en-defensa-de-la-4t-en-nezahualcoyotl-y-pone-fin-al-monopolio-politico-de-juan-hugo-de-la-rosa\\\/\"},\"wordCount\":342,\"commentCount\":0,\"publisher\":{\"@id\":\"https:\\\/\\\/redamlo.com\\\/#organization\"},\"image\":{\"@id\":\"https:\\\/\\\/redamlo.com\\\/index.php\\\/2023\\\/11\\\/27\\\/susana-estrada-coordinaria-los-trabajos-en-defensa-de-la-4t-en-nezahualcoyotl-y-pone-fin-al-monopolio-politico-de-juan-hugo-de-la-rosa\\\/#primaryimage\"},\"thumbnailUrl\":\"https:\\\/\\\/redamlo.com\\\/wp-content\\\/uploads\\\/2023\\\/11\\\/susy-estrada-1.jpg\",\"keywords\":[\"4T\",\"Morena\",\"Nezahualc\u00f3yotl\",\"susana estrada\"],\"articleSection\":[\"Estados\",\"Pol\u00edtica\"],\"inLanguage\":\"es\",\"potentialAction\":[{\"@type\":\"CommentAction\",\"name\":\"Comment\",\"target\":[\"https:\\\/\\\/redamlo.com\\\/index.php\\\/2023\\\/11\\\/27\\\/susana-estrada-coordinaria-los-trabajos-en-defensa-de-la-4t-en-nezahualcoyotl-y-pone-fin-al-monopolio-politico-de-juan-hugo-de-la-rosa\\\/#respond\"]}]},{\"@type\":\"WebPage\",\"@id\":\"https:\\\/\\\/redamlo.com\\\/index.php\\\/2023\\\/11\\\/27\\\/susana-estrada-coordinaria-los-trabajos-en-defensa-de-la-4t-en-nezahualcoyotl-y-pone-fin-al-monopolio-politico-de-juan-hugo-de-la-rosa\\\/\",\"url\":\"https:\\\/\\\/redamlo.com\\\/index.php\\\/2023\\\/11\\\/27\\\/susana-estrada-coordinaria-los-trabajos-en-defensa-de-la-4t-en-nezahualcoyotl-y-pone-fin-al-monopolio-politico-de-juan-hugo-de-la-rosa\\\/\",\"name\":\"Susana Estrada coordinar\u00eda los trabajos en defensa de la 4T en Nezahualc\u00f3yotl y pone fin al monopolio pol\u00edtico de Juan Hugo de la Rosa - NOTICIAS DE LA 4T\",\"isPartOf\":{\"@id\":\"https:\\\/\\\/redamlo.com\\\/#website\"},\"primaryImageOfPage\":{\"@id\":\"https:\\\/\\\/redamlo.com\\\/index.php\\\/2023\\\/11\\\/27\\\/susana-estrada-coordinaria-los-trabajos-en-defensa-de-la-4t-en-nezahualcoyotl-y-pone-fin-al-monopolio-politico-de-juan-hugo-de-la-rosa\\\/#primaryimage\"},\"image\":{\"@id\":\"https:\\\/\\\/redamlo.com\\\/index.php\\\/2023\\\/11\\\/27\\\/susana-estrada-coordinaria-los-trabajos-en-defensa-de-la-4t-en-nezahualcoyotl-y-pone-fin-al-monopolio-politico-de-juan-hugo-de-la-rosa\\\/#primaryimage\"},\"thumbnailUrl\":\"https:\\\/\\\/redamlo.com\\\/wp-content\\\/uploads\\\/2023\\\/11\\\/susy-estrada-1.jpg\",\"datePublished\":\"2023-11-27T18:35:01+00:00\",\"breadcrumb\":{\"@id\":\"https:\\\/\\\/redamlo.com\\\/index.php\\\/2023\\\/11\\\/27\\\/susana-estrada-coordinaria-los-trabajos-en-defensa-de-la-4t-en-nezahualcoyotl-y-pone-fin-al-monopolio-politico-de-juan-hugo-de-la-rosa\\\/#breadcrumb\"},\"inLanguage\":\"es\",\"potentialAction\":[{\"@type\":\"ReadAction\",\"target\":[\"https:\\\/\\\/redamlo.com\\\/index.php\\\/2023\\\/11\\\/27\\\/susana-estrada-coordinaria-los-trabajos-en-defensa-de-la-4t-en-nezahualcoyotl-y-pone-fin-al-monopolio-politico-de-juan-hugo-de-la-rosa\\\/\"]}]},{\"@type\":\"ImageObject\",\"inLanguage\":\"es\",\"@id\":\"https:\\\/\\\/redamlo.com\\\/index.php\\\/2023\\\/11\\\/27\\\/susana-estrada-coordinaria-los-trabajos-en-defensa-de-la-4t-en-nezahualcoyotl-y-pone-fin-al-monopolio-politico-de-juan-hugo-de-la-rosa\\\/#primaryimage\",\"url\":\"https:\\\/\\\/redamlo.com\\\/wp-content\\\/uploads\\\/2023\\\/11\\\/susy-estrada-1.jpg\",\"contentUrl\":\"https:\\\/\\\/redamlo.com\\\/wp-content\\\/uploads\\\/2023\\\/11\\\/susy-estrada-1.jpg\",\"width\":1600,\"height\":1050},{\"@type\":\"BreadcrumbList\",\"@id\":\"https:\\\/\\\/redamlo.com\\\/index.php\\\/2023\\\/11\\\/27\\\/susana-estrada-coordinaria-los-trabajos-en-defensa-de-la-4t-en-nezahualcoyotl-y-pone-fin-al-monopolio-politico-de-juan-hugo-de-la-rosa\\\/#breadcrumb\",\"itemListElement\":[{\"@type\":\"ListItem\",\"position\":1,\"name\":\"Inicio\",\"item\":\"https:\\\/\\\/redamlo.com\\\/\"},{\"@type\":\"ListItem\",\"position\":2,\"name\":\"Susana Estrada coordinar\u00eda los trabajos en defensa de la 4T en Nezahualc\u00f3yotl y pone fin al monopolio pol\u00edtico de Juan Hugo de la Rosa\"}]},{\"@type\":\"WebSite\",\"@id\":\"https:\\\/\\\/redamlo.com\\\/#website\",\"url\":\"https:\\\/\\\/redamlo.com\\\/\",\"name\":\"NOTICIAS DE LA 4T\",\"description\":\"\",\"publisher\":{\"@id\":\"https:\\\/\\\/redamlo.com\\\/#organization\"},\"potentialAction\":[{\"@type\":\"SearchAction\",\"target\":{\"@type\":\"EntryPoint\",\"urlTemplate\":\"https:\\\/\\\/redamlo.com\\\/?s={search_term_string}\"},\"query-input\":{\"@type\":\"PropertyValueSpecification\",\"valueRequired\":true,\"valueName\":\"search_term_string\"}}],\"inLanguage\":\"es\"},{\"@type\":\"Organization\",\"@id\":\"https:\\\/\\\/redamlo.com\\\/#organization\",\"name\":\"NOTICIAS DE LA 4T\",\"url\":\"https:\\\/\\\/redamlo.com\\\/\",\"logo\":{\"@type\":\"ImageObject\",\"inLanguage\":\"es\",\"@id\":\"https:\\\/\\\/redamlo.com\\\/#\\\/schema\\\/logo\\\/image\\\/\",\"url\":\"https:\\\/\\\/redamlo.com\\\/wp-content\\\/uploads\\\/2024\\\/08\\\/cropped-RED-AMLO-logo-50.png\",\"contentUrl\":\"https:\\\/\\\/redamlo.com\\\/wp-content\\\/uploads\\\/2024\\\/08\\\/cropped-RED-AMLO-logo-50.png\",\"width\":256,\"height\":256,\"caption\":\"NOTICIAS DE LA 4T\"},\"image\":{\"@id\":\"https:\\\/\\\/redamlo.com\\\/#\\\/schema\\\/logo\\\/image\\\/\"}},{\"@type\":\"Person\",\"@id\":\"https:\\\/\\\/redamlo.com\\\/#\\\/schema\\\/person\\\/197a0a670d21b1f4f1483ddda1b64613\",\"name\":\"admin\",\"image\":{\"@type\":\"ImageObject\",\"inLanguage\":\"es\",\"@id\":\"https:\\\/\\\/secure.gravatar.com\\\/avatar\\\/293dccd927043f2e641da6685c2f84009782eb9ee0054daceada4e261ded849a?s=96&d=mm&r=g\",\"url\":\"https:\\\/\\\/secure.gravatar.com\\\/avatar\\\/293dccd927043f2e641da6685c2f84009782eb9ee0054daceada4e261ded849a?s=96&d=mm&r=g\",\"contentUrl\":\"https:\\\/\\\/secure.gravatar.com\\\/avatar\\\/293dccd927043f2e641da6685c2f84009782eb9ee0054daceada4e261ded849a?s=96&d=mm&r=g\",\"caption\":\"admin\"},\"sameAs\":[\"https:\\\/\\\/redamlo.com\"],\"url\":\"https:\\\/\\\/redamlo.com\\\/index.php\\\/author\\\/stell\\\/\"}]}<\/script>\n<!-- \/ Yoast SEO plugin. -->","yoast_head_json":{"title":"Susana Estrada coordinar\u00eda los trabajos en defensa de la 4T en Nezahualc\u00f3yotl y pone fin al monopolio pol\u00edtico de Juan Hugo de la Rosa - NOTICIAS DE LA 4T","robots":{"index":"noindex","follow":"follow","max-snippet":"max-snippet:-1","max-image-preview":"max-image-preview:large","max-video-preview":"max-video-preview:-1"},"og_locale":"es_MX","og_type":"article","og_title":"Susana Estrada coordinar\u00eda los trabajos en defensa de la 4T en Nezahualc\u00f3yotl y pone fin al monopolio pol\u00edtico de Juan Hugo de la Rosa - NOTICIAS DE LA 4T","og_description":"La joven diputada suplente, Susana Estrada, anunci\u00f3 su decidida participaci\u00f3n para coordinar los trabajos en...","og_url":"https:\/\/redamlo.com\/index.php\/2023\/11\/27\/susana-estrada-coordinaria-los-trabajos-en-defensa-de-la-4t-en-nezahualcoyotl-y-pone-fin-al-monopolio-politico-de-juan-hugo-de-la-rosa\/","og_site_name":"NOTICIAS DE LA 4T","article_published_time":"2023-11-27T18:35:01+00:00","og_image":[{"width":1600,"height":1050,"url":"https:\/\/redamlo.com\/wp-content\/uploads\/2023\/11\/susy-estrada-1.jpg","type":"image\/jpeg"}],"author":"admin","twitter_card":"summary_large_image","twitter_misc":{"Escrito por":"admin","Tiempo de lectura":"2 minutos"},"schema":{"@context":"https:\/\/schema.org","@graph":[{"@type":"Article","@id":"https:\/\/redamlo.com\/index.php\/2023\/11\/27\/susana-estrada-coordinaria-los-trabajos-en-defensa-de-la-4t-en-nezahualcoyotl-y-pone-fin-al-monopolio-politico-de-juan-hugo-de-la-rosa\/#article","isPartOf":{"@id":"https:\/\/redamlo.com\/index.php\/2023\/11\/27\/susana-estrada-coordinaria-los-trabajos-en-defensa-de-la-4t-en-nezahualcoyotl-y-pone-fin-al-monopolio-politico-de-juan-hugo-de-la-rosa\/"},"author":{"name":"admin","@id":"https:\/\/redamlo.com\/#\/schema\/person\/197a0a670d21b1f4f1483ddda1b64613"},"headline":"Susana Estrada coordinar\u00eda los trabajos en defensa de la 4T en Nezahualc\u00f3yotl y pone fin al monopolio pol\u00edtico de Juan Hugo de la Rosa","datePublished":"2023-11-27T18:35:01+00:00","mainEntityOfPage":{"@id":"https:\/\/redamlo.com\/index.php\/2023\/11\/27\/susana-estrada-coordinaria-los-trabajos-en-defensa-de-la-4t-en-nezahualcoyotl-y-pone-fin-al-monopolio-politico-de-juan-hugo-de-la-rosa\/"},"wordCount":342,"commentCount":0,"publisher":{"@id":"https:\/\/redamlo.com\/#organization"},"image":{"@id":"https:\/\/redamlo.com\/index.php\/2023\/11\/27\/susana-estrada-coordinaria-los-trabajos-en-defensa-de-la-4t-en-nezahualcoyotl-y-pone-fin-al-monopolio-politico-de-juan-hugo-de-la-rosa\/#primaryimage"},"thumbnailUrl":"https:\/\/redamlo.com\/wp-content\/uploads\/2023\/11\/susy-estrada-1.jpg","keywords":["4T","Morena","Nezahualc\u00f3yotl","susana estrada"],"articleSection":["Estados","Pol\u00edtica"],"inLanguage":"es","potentialAction":[{"@type":"CommentAction","name":"Comment","target":["https:\/\/redamlo.com\/index.php\/2023\/11\/27\/susana-estrada-coordinaria-los-trabajos-en-defensa-de-la-4t-en-nezahualcoyotl-y-pone-fin-al-monopolio-politico-de-juan-hugo-de-la-rosa\/#respond"]}]},{"@type":"WebPage","@id":"https:\/\/redamlo.com\/index.php\/2023\/11\/27\/susana-estrada-coordinaria-los-trabajos-en-defensa-de-la-4t-en-nezahualcoyotl-y-pone-fin-al-monopolio-politico-de-juan-hugo-de-la-rosa\/","url":"https:\/\/redamlo.com\/index.php\/2023\/11\/27\/susana-estrada-coordinaria-los-trabajos-en-defensa-de-la-4t-en-nezahualcoyotl-y-pone-fin-al-monopolio-politico-de-juan-hugo-de-la-rosa\/","name":"Susana Estrada coordinar\u00eda los trabajos en defensa de la 4T en Nezahualc\u00f3yotl y pone fin al monopolio pol\u00edtico de Juan Hugo de la Rosa - NOTICIAS DE LA 4T","isPartOf":{"@id":"https:\/\/redamlo.com\/#website"},"primaryImageOfPage":{"@id":"https:\/\/redamlo.com\/index.php\/2023\/11\/27\/susana-estrada-coordinaria-los-trabajos-en-defensa-de-la-4t-en-nezahualcoyotl-y-pone-fin-al-monopolio-politico-de-juan-hugo-de-la-rosa\/#primaryimage"},"image":{"@id":"https:\/\/redamlo.com\/index.php\/2023\/11\/27\/susana-estrada-coordinaria-los-trabajos-en-defensa-de-la-4t-en-nezahualcoyotl-y-pone-fin-al-monopolio-politico-de-juan-hugo-de-la-rosa\/#primaryimage"},"thumbnailUrl":"https:\/\/redamlo.com\/wp-content\/uploads\/2023\/11\/susy-estrada-1.jpg","datePublished":"2023-11-27T18:35:01+00:00","breadcrumb":{"@id":"https:\/\/redamlo.com\/index.php\/2023\/11\/27\/susana-estrada-coordinaria-los-trabajos-en-defensa-de-la-4t-en-nezahualcoyotl-y-pone-fin-al-monopolio-politico-de-juan-hugo-de-la-rosa\/#breadcrumb"},"inLanguage":"es","potentialAction":[{"@type":"ReadAction","target":["https:\/\/redamlo.com\/index.php\/2023\/11\/27\/susana-estrada-coordinaria-los-trabajos-en-defensa-de-la-4t-en-nezahualcoyotl-y-pone-fin-al-monopolio-politico-de-juan-hugo-de-la-rosa\/"]}]},{"@type":"ImageObject","inLanguage":"es","@id":"https:\/\/redamlo.com\/index.php\/2023\/11\/27\/susana-estrada-coordinaria-los-trabajos-en-defensa-de-la-4t-en-nezahualcoyotl-y-pone-fin-al-monopolio-politico-de-juan-hugo-de-la-rosa\/#primaryimage","url":"https:\/\/redamlo.com\/wp-content\/uploads\/2023\/11\/susy-estrada-1.jpg","contentUrl":"https:\/\/redamlo.com\/wp-content\/uploads\/2023\/11\/susy-estrada-1.jpg","width":1600,"height":1050},{"@type":"BreadcrumbList","@id":"https:\/\/redamlo.com\/index.php\/2023\/11\/27\/susana-estrada-coordinaria-los-trabajos-en-defensa-de-la-4t-en-nezahualcoyotl-y-pone-fin-al-monopolio-politico-de-juan-hugo-de-la-rosa\/#breadcrumb","itemListElement":[{"@type":"ListItem","position":1,"name":"Inicio","item":"https:\/\/redamlo.com\/"},{"@type":"ListItem","position":2,"name":"Susana Estrada coordinar\u00eda los trabajos en defensa de la 4T en Nezahualc\u00f3yotl y pone fin al monopolio pol\u00edtico de Juan Hugo de la Rosa"}]},{"@type":"WebSite","@id":"https:\/\/redamlo.com\/#website","url":"https:\/\/redamlo.com\/","name":"NOTICIAS DE LA 4T","description":"","publisher":{"@id":"https:\/\/redamlo.com\/#organization"},"potentialAction":[{"@type":"SearchAction","target":{"@type":"EntryPoint","urlTemplate":"https:\/\/redamlo.com\/?s={search_term_string}"},"query-input":{"@type":"PropertyValueSpecification","valueRequired":true,"valueName":"search_term_string"}}],"inLanguage":"es"},{"@type":"Organization","@id":"https:\/\/redamlo.com\/#organization","name":"NOTICIAS DE LA 4T","url":"https:\/\/redamlo.com\/","logo":{"@type":"ImageObject","inLanguage":"es","@id":"https:\/\/redamlo.com\/#\/schema\/logo\/image\/","url":"https:\/\/redamlo.com\/wp-content\/uploads\/2024\/08\/cropped-RED-AMLO-logo-50.png","contentUrl":"https:\/\/redamlo.com\/wp-content\/uploads\/2024\/08\/cropped-RED-AMLO-logo-50.png","width":256,"height":256,"caption":"NOTICIAS DE LA 4T"},"image":{"@id":"https:\/\/redamlo.com\/#\/schema\/logo\/image\/"}},{"@type":"Person","@id":"https:\/\/redamlo.com\/#\/schema\/person\/197a0a670d21b1f4f1483ddda1b64613","name":"admin","image":{"@type":"ImageObject","inLanguage":"es","@id":"https:\/\/secure.gravatar.com\/avatar\/293dccd927043f2e641da6685c2f84009782eb9ee0054daceada4e261ded849a?s=96&d=mm&r=g","url":"https:\/\/secure.gravatar.com\/avatar\/293dccd927043f2e641da6685c2f84009782eb9ee0054daceada4e261ded849a?s=96&d=mm&r=g","contentUrl":"https:\/\/secure.gravatar.com\/avatar\/293dccd927043f2e641da6685c2f84009782eb9ee0054daceada4e261ded849a?s=96&d=mm&r=g","caption":"admin"},"sameAs":["https:\/\/redamlo.com"],"url":"https:\/\/redamlo.com\/index.php\/author\/stell\/"}]}},"_links":{"self":[{"href":"https:\/\/redamlo.com\/index.php\/wp-json\/wp\/v2\/posts\/7233","targetHints":{"allow":["GET"]}}],"collection":[{"href":"https:\/\/redamlo.com\/index.php\/wp-json\/wp\/v2\/posts"}],"about":[{"href":"https:\/\/redamlo.com\/index.php\/wp-json\/wp\/v2\/types\/post"}],"author":[{"embeddable":true,"href":"https:\/\/redamlo.com\/index.php\/wp-json\/wp\/v2\/users\/1"}],"replies":[{"embeddable":true,"href":"https:\/\/redamlo.com\/index.php\/wp-json\/wp\/v2\/comments?post=7233"}],"version-history":[{"count":0,"href":"https:\/\/redamlo.com\/index.php\/wp-json\/wp\/v2\/posts\/7233\/revisions"}],"wp:featuredmedia":[{"embeddable":true,"href":"https:\/\/redamlo.com\/index.php\/wp-json\/wp\/v2\/media\/7234"}],"wp:attachment":[{"href":"https:\/\/redamlo.com\/index.php\/wp-json\/wp\/v2\/media?parent=7233"}],"wp:term":[{"taxonomy":"category","embeddable":true,"href":"https:\/\/redamlo.com\/index.php\/wp-json\/wp\/v2\/categories?post=7233"},{"taxonomy":"post_tag","embeddable":true,"href":"https:\/\/redamlo.com\/index.php\/wp-json\/wp\/v2\/tags?post=7233"}],"curies":[{"name":"wp","href":"https:\/\/api.w.org\/{rel}","templated":true}]}}