{"id":7227,"date":"2023-11-27T11:14:59","date_gmt":"2023-11-27T17:14:59","guid":{"rendered":"https:\/\/redamlo.com\/?p=7227"},"modified":"2023-11-27T11:14:59","modified_gmt":"2023-11-27T17:14:59","slug":"la-diputada-luz-mahernandez-se-registra-para-encabezar-los-trabajos-de-la-4t-en-ecatepec","status":"publish","type":"post","link":"https:\/\/redamlo.com\/index.php\/2023\/11\/27\/la-diputada-luz-mahernandez-se-registra-para-encabezar-los-trabajos-de-la-4t-en-ecatepec\/","title":{"rendered":"La diputada Luz MaHern\u00e1ndez se registra para encabezar los trabajos de la 4T en Ecatepec"},"content":{"rendered":"<p>La diputada mexiquense Luz Ma Hern\u00e1ndez se registr\u00f3 para ser coordinadora de los trabajos de los comit\u00e9s de defensa de la Cuarta Transformaci\u00f3n en el municipio de Ecatepec.<\/p>\n<p>Busca convertirse en la primera presidenta municipal del municipio m\u00e1s poblado del pa\u00eds.<\/p>\n<p><img loading=\"lazy\" decoding=\"async\" class=\"aligncenter wp-image-7228 size-full\" src=\"https:\/\/redamlo.com\/wp-content\/uploads\/2023\/11\/registro-luzma-hernandez-2.jpg\" alt=\"\" width=\"715\" height=\"477\" srcset=\"https:\/\/redamlo.com\/wp-content\/uploads\/2023\/11\/registro-luzma-hernandez-2.jpg 715w, https:\/\/redamlo.com\/wp-content\/uploads\/2023\/11\/registro-luzma-hernandez-2-300x200.jpg 300w\" sizes=\"auto, (max-width: 715px) 100vw, 715px\" \/><\/p>\n<p>La expresidenta de morena en el Estado de M\u00e9xico, cuenta con una extensa experiencia legislativa, diversas de sus iniciativas se han centrado en mantener la dignidad de las personas, incluso despu\u00e9s de fallecer. Un ejemplo de esto es el impulso de la llamada Ley Ingrid, con la cual se estableci\u00f3 sancionar la exposici\u00f3n medi\u00e1tica de personas v\u00edctimas de homicidio o feminicidio, as\u00ed como la Ley Oca\u00f1a que va en el mismo sentido.<\/p>\n<p>El trabajo territorial de la legisladora se ha enfocado en mejorar la calidad de vida de los habitantes de Ecatepec y atender los problemas de la demarcaci\u00f3n, en la que habita desde el a\u00f1o 2000.<\/p>\n<p>Entre sus acciones se encuentra el impulso a la alerta de g\u00e9nero para visibilizar la violencia en contra de las mujeres en el municipio, por lo cual desde 2015 se cuenta con la colaboraci\u00f3n del Observatorio Ciudadano en contra de los feminicidios.<\/p>\n<p>Durante su registro,\u00a0 hizo un llamado a la unidad al interior de Morena para continuar trabajando por las causas que abandera el movimiento de la Cuarta Transformaci\u00f3n.<\/p>\n<p>\u201cHoy lo m\u00e1s importante es el proyecto de naci\u00f3n, el proyecto que nos ha demostrado el presidente Andr\u00e9s Manuel L\u00f3pez Obrador, no los proyectos personales. Yo invito a mis compa\u00f1eros y compa\u00f1eras a que volteemos a ver una sola causa que es el bien de Ecatepec\u201d, dijo.<\/p>\n<p><img loading=\"lazy\" decoding=\"async\" class=\"aligncenter wp-image-7229 size-full\" src=\"https:\/\/redamlo.com\/wp-content\/uploads\/2023\/11\/registro-luzma-hernandez-3.jpg\" alt=\"\" width=\"444\" height=\"454\" srcset=\"https:\/\/redamlo.com\/wp-content\/uploads\/2023\/11\/registro-luzma-hernandez-3.jpg 444w, https:\/\/redamlo.com\/wp-content\/uploads\/2023\/11\/registro-luzma-hernandez-3-293x300.jpg 293w\" sizes=\"auto, (max-width: 444px) 100vw, 444px\" \/><\/p>\n","protected":false},"excerpt":{"rendered":"<p>La diputada mexiquense Luz Ma Hern\u00e1ndez se registr\u00f3 para ser coordinadora de los trabajos de&#8230;<\/p>\n","protected":false},"author":1,"featured_media":7232,"comment_status":"open","ping_status":"closed","sticky":false,"template":"","format":"standard","meta":{"footnotes":""},"categories":[3,6,5],"tags":[58,2483,2598],"class_list":["post-7227","post","type-post","status-publish","format-standard","has-post-thumbnail","hentry","category-estado-de-mexico","category-estados","category-politica","tag-ecatepec","tag-luz-ma-hernandez","tag-registro-candidatos-edomex"],"yoast_head":"<!-- This site is optimized with the Yoast SEO plugin v27.5 - https:\/\/yoast.com\/product\/yoast-seo-wordpress\/ -->\n<title>La diputada Luz MaHern\u00e1ndez se registra para encabezar los trabajos de la 4T en Ecatepec - NOTICIAS DE LA 4T<\/title>\n<meta name=\"robots\" content=\"noindex, follow, max-snippet:-1, max-image-preview:large, max-video-preview:-1\" \/>\n<meta property=\"og:locale\" content=\"es_MX\" \/>\n<meta property=\"og:type\" content=\"article\" \/>\n<meta property=\"og:title\" content=\"La diputada Luz MaHern\u00e1ndez se registra para encabezar los trabajos de la 4T en Ecatepec - NOTICIAS DE LA 4T\" \/>\n<meta property=\"og:description\" content=\"La diputada mexiquense Luz Ma Hern\u00e1ndez se registr\u00f3 para ser coordinadora de los trabajos de...\" \/>\n<meta property=\"og:url\" content=\"https:\/\/redamlo.com\/index.php\/2023\/11\/27\/la-diputada-luz-mahernandez-se-registra-para-encabezar-los-trabajos-de-la-4t-en-ecatepec\/\" \/>\n<meta property=\"og:site_name\" content=\"NOTICIAS DE LA 4T\" \/>\n<meta property=\"article:published_time\" content=\"2023-11-27T17:14:59+00:00\" \/>\n<meta property=\"og:image\" content=\"https:\/\/redamlo.com\/wp-content\/uploads\/2023\/11\/registro-luzma-hernandez-1.jpg\" \/>\n\t<meta property=\"og:image:width\" content=\"323\" \/>\n\t<meta property=\"og:image:height\" content=\"345\" \/>\n\t<meta property=\"og:image:type\" content=\"image\/jpeg\" \/>\n<meta name=\"author\" content=\"admin\" \/>\n<meta name=\"twitter:card\" content=\"summary_large_image\" \/>\n<meta name=\"twitter:label1\" content=\"Escrito por\" \/>\n\t<meta name=\"twitter:data1\" content=\"admin\" \/>\n\t<meta name=\"twitter:label2\" content=\"Tiempo de lectura\" \/>\n\t<meta name=\"twitter:data2\" content=\"2 minutos\" \/>\n<script type=\"application\/ld+json\" class=\"yoast-schema-graph\">{\"@context\":\"https:\\\/\\\/schema.org\",\"@graph\":[{\"@type\":\"Article\",\"@id\":\"https:\\\/\\\/redamlo.com\\\/index.php\\\/2023\\\/11\\\/27\\\/la-diputada-luz-mahernandez-se-registra-para-encabezar-los-trabajos-de-la-4t-en-ecatepec\\\/#article\",\"isPartOf\":{\"@id\":\"https:\\\/\\\/redamlo.com\\\/index.php\\\/2023\\\/11\\\/27\\\/la-diputada-luz-mahernandez-se-registra-para-encabezar-los-trabajos-de-la-4t-en-ecatepec\\\/\"},\"author\":{\"name\":\"admin\",\"@id\":\"https:\\\/\\\/redamlo.com\\\/#\\\/schema\\\/person\\\/197a0a670d21b1f4f1483ddda1b64613\"},\"headline\":\"La diputada Luz MaHern\u00e1ndez se registra para encabezar los trabajos de la 4T en Ecatepec\",\"datePublished\":\"2023-11-27T17:14:59+00:00\",\"mainEntityOfPage\":{\"@id\":\"https:\\\/\\\/redamlo.com\\\/index.php\\\/2023\\\/11\\\/27\\\/la-diputada-luz-mahernandez-se-registra-para-encabezar-los-trabajos-de-la-4t-en-ecatepec\\\/\"},\"wordCount\":300,\"commentCount\":0,\"publisher\":{\"@id\":\"https:\\\/\\\/redamlo.com\\\/#organization\"},\"image\":{\"@id\":\"https:\\\/\\\/redamlo.com\\\/index.php\\\/2023\\\/11\\\/27\\\/la-diputada-luz-mahernandez-se-registra-para-encabezar-los-trabajos-de-la-4t-en-ecatepec\\\/#primaryimage\"},\"thumbnailUrl\":\"https:\\\/\\\/redamlo.com\\\/wp-content\\\/uploads\\\/2023\\\/11\\\/registro-luzma-hernandez-1.jpg\",\"keywords\":[\"ecatepec\",\"Luz Ma Hern\u00e1ndez\",\"registro candidatos edomex\"],\"articleSection\":[\"Estado de M\u00e9xico\",\"Estados\",\"Pol\u00edtica\"],\"inLanguage\":\"es\",\"potentialAction\":[{\"@type\":\"CommentAction\",\"name\":\"Comment\",\"target\":[\"https:\\\/\\\/redamlo.com\\\/index.php\\\/2023\\\/11\\\/27\\\/la-diputada-luz-mahernandez-se-registra-para-encabezar-los-trabajos-de-la-4t-en-ecatepec\\\/#respond\"]}]},{\"@type\":\"WebPage\",\"@id\":\"https:\\\/\\\/redamlo.com\\\/index.php\\\/2023\\\/11\\\/27\\\/la-diputada-luz-mahernandez-se-registra-para-encabezar-los-trabajos-de-la-4t-en-ecatepec\\\/\",\"url\":\"https:\\\/\\\/redamlo.com\\\/index.php\\\/2023\\\/11\\\/27\\\/la-diputada-luz-mahernandez-se-registra-para-encabezar-los-trabajos-de-la-4t-en-ecatepec\\\/\",\"name\":\"La diputada Luz MaHern\u00e1ndez se registra para encabezar los trabajos de la 4T en Ecatepec - NOTICIAS DE LA 4T\",\"isPartOf\":{\"@id\":\"https:\\\/\\\/redamlo.com\\\/#website\"},\"primaryImageOfPage\":{\"@id\":\"https:\\\/\\\/redamlo.com\\\/index.php\\\/2023\\\/11\\\/27\\\/la-diputada-luz-mahernandez-se-registra-para-encabezar-los-trabajos-de-la-4t-en-ecatepec\\\/#primaryimage\"},\"image\":{\"@id\":\"https:\\\/\\\/redamlo.com\\\/index.php\\\/2023\\\/11\\\/27\\\/la-diputada-luz-mahernandez-se-registra-para-encabezar-los-trabajos-de-la-4t-en-ecatepec\\\/#primaryimage\"},\"thumbnailUrl\":\"https:\\\/\\\/redamlo.com\\\/wp-content\\\/uploads\\\/2023\\\/11\\\/registro-luzma-hernandez-1.jpg\",\"datePublished\":\"2023-11-27T17:14:59+00:00\",\"breadcrumb\":{\"@id\":\"https:\\\/\\\/redamlo.com\\\/index.php\\\/2023\\\/11\\\/27\\\/la-diputada-luz-mahernandez-se-registra-para-encabezar-los-trabajos-de-la-4t-en-ecatepec\\\/#breadcrumb\"},\"inLanguage\":\"es\",\"potentialAction\":[{\"@type\":\"ReadAction\",\"target\":[\"https:\\\/\\\/redamlo.com\\\/index.php\\\/2023\\\/11\\\/27\\\/la-diputada-luz-mahernandez-se-registra-para-encabezar-los-trabajos-de-la-4t-en-ecatepec\\\/\"]}]},{\"@type\":\"ImageObject\",\"inLanguage\":\"es\",\"@id\":\"https:\\\/\\\/redamlo.com\\\/index.php\\\/2023\\\/11\\\/27\\\/la-diputada-luz-mahernandez-se-registra-para-encabezar-los-trabajos-de-la-4t-en-ecatepec\\\/#primaryimage\",\"url\":\"https:\\\/\\\/redamlo.com\\\/wp-content\\\/uploads\\\/2023\\\/11\\\/registro-luzma-hernandez-1.jpg\",\"contentUrl\":\"https:\\\/\\\/redamlo.com\\\/wp-content\\\/uploads\\\/2023\\\/11\\\/registro-luzma-hernandez-1.jpg\",\"width\":323,\"height\":345},{\"@type\":\"BreadcrumbList\",\"@id\":\"https:\\\/\\\/redamlo.com\\\/index.php\\\/2023\\\/11\\\/27\\\/la-diputada-luz-mahernandez-se-registra-para-encabezar-los-trabajos-de-la-4t-en-ecatepec\\\/#breadcrumb\",\"itemListElement\":[{\"@type\":\"ListItem\",\"position\":1,\"name\":\"Inicio\",\"item\":\"https:\\\/\\\/redamlo.com\\\/\"},{\"@type\":\"ListItem\",\"position\":2,\"name\":\"La diputada Luz MaHern\u00e1ndez se registra para encabezar los trabajos de la 4T en Ecatepec\"}]},{\"@type\":\"WebSite\",\"@id\":\"https:\\\/\\\/redamlo.com\\\/#website\",\"url\":\"https:\\\/\\\/redamlo.com\\\/\",\"name\":\"NOTICIAS DE LA 4T\",\"description\":\"\",\"publisher\":{\"@id\":\"https:\\\/\\\/redamlo.com\\\/#organization\"},\"potentialAction\":[{\"@type\":\"SearchAction\",\"target\":{\"@type\":\"EntryPoint\",\"urlTemplate\":\"https:\\\/\\\/redamlo.com\\\/?s={search_term_string}\"},\"query-input\":{\"@type\":\"PropertyValueSpecification\",\"valueRequired\":true,\"valueName\":\"search_term_string\"}}],\"inLanguage\":\"es\"},{\"@type\":\"Organization\",\"@id\":\"https:\\\/\\\/redamlo.com\\\/#organization\",\"name\":\"NOTICIAS DE LA 4T\",\"url\":\"https:\\\/\\\/redamlo.com\\\/\",\"logo\":{\"@type\":\"ImageObject\",\"inLanguage\":\"es\",\"@id\":\"https:\\\/\\\/redamlo.com\\\/#\\\/schema\\\/logo\\\/image\\\/\",\"url\":\"https:\\\/\\\/redamlo.com\\\/wp-content\\\/uploads\\\/2024\\\/08\\\/cropped-RED-AMLO-logo-50.png\",\"contentUrl\":\"https:\\\/\\\/redamlo.com\\\/wp-content\\\/uploads\\\/2024\\\/08\\\/cropped-RED-AMLO-logo-50.png\",\"width\":256,\"height\":256,\"caption\":\"NOTICIAS DE LA 4T\"},\"image\":{\"@id\":\"https:\\\/\\\/redamlo.com\\\/#\\\/schema\\\/logo\\\/image\\\/\"}},{\"@type\":\"Person\",\"@id\":\"https:\\\/\\\/redamlo.com\\\/#\\\/schema\\\/person\\\/197a0a670d21b1f4f1483ddda1b64613\",\"name\":\"admin\",\"image\":{\"@type\":\"ImageObject\",\"inLanguage\":\"es\",\"@id\":\"https:\\\/\\\/secure.gravatar.com\\\/avatar\\\/293dccd927043f2e641da6685c2f84009782eb9ee0054daceada4e261ded849a?s=96&d=mm&r=g\",\"url\":\"https:\\\/\\\/secure.gravatar.com\\\/avatar\\\/293dccd927043f2e641da6685c2f84009782eb9ee0054daceada4e261ded849a?s=96&d=mm&r=g\",\"contentUrl\":\"https:\\\/\\\/secure.gravatar.com\\\/avatar\\\/293dccd927043f2e641da6685c2f84009782eb9ee0054daceada4e261ded849a?s=96&d=mm&r=g\",\"caption\":\"admin\"},\"sameAs\":[\"https:\\\/\\\/redamlo.com\"],\"url\":\"https:\\\/\\\/redamlo.com\\\/index.php\\\/author\\\/stell\\\/\"}]}<\/script>\n<!-- \/ Yoast SEO plugin. -->","yoast_head_json":{"title":"La diputada Luz MaHern\u00e1ndez se registra para encabezar los trabajos de la 4T en Ecatepec - NOTICIAS DE LA 4T","robots":{"index":"noindex","follow":"follow","max-snippet":"max-snippet:-1","max-image-preview":"max-image-preview:large","max-video-preview":"max-video-preview:-1"},"og_locale":"es_MX","og_type":"article","og_title":"La diputada Luz MaHern\u00e1ndez se registra para encabezar los trabajos de la 4T en Ecatepec - NOTICIAS DE LA 4T","og_description":"La diputada mexiquense Luz Ma Hern\u00e1ndez se registr\u00f3 para ser coordinadora de los trabajos de...","og_url":"https:\/\/redamlo.com\/index.php\/2023\/11\/27\/la-diputada-luz-mahernandez-se-registra-para-encabezar-los-trabajos-de-la-4t-en-ecatepec\/","og_site_name":"NOTICIAS DE LA 4T","article_published_time":"2023-11-27T17:14:59+00:00","og_image":[{"width":323,"height":345,"url":"https:\/\/redamlo.com\/wp-content\/uploads\/2023\/11\/registro-luzma-hernandez-1.jpg","type":"image\/jpeg"}],"author":"admin","twitter_card":"summary_large_image","twitter_misc":{"Escrito por":"admin","Tiempo de lectura":"2 minutos"},"schema":{"@context":"https:\/\/schema.org","@graph":[{"@type":"Article","@id":"https:\/\/redamlo.com\/index.php\/2023\/11\/27\/la-diputada-luz-mahernandez-se-registra-para-encabezar-los-trabajos-de-la-4t-en-ecatepec\/#article","isPartOf":{"@id":"https:\/\/redamlo.com\/index.php\/2023\/11\/27\/la-diputada-luz-mahernandez-se-registra-para-encabezar-los-trabajos-de-la-4t-en-ecatepec\/"},"author":{"name":"admin","@id":"https:\/\/redamlo.com\/#\/schema\/person\/197a0a670d21b1f4f1483ddda1b64613"},"headline":"La diputada Luz MaHern\u00e1ndez se registra para encabezar los trabajos de la 4T en Ecatepec","datePublished":"2023-11-27T17:14:59+00:00","mainEntityOfPage":{"@id":"https:\/\/redamlo.com\/index.php\/2023\/11\/27\/la-diputada-luz-mahernandez-se-registra-para-encabezar-los-trabajos-de-la-4t-en-ecatepec\/"},"wordCount":300,"commentCount":0,"publisher":{"@id":"https:\/\/redamlo.com\/#organization"},"image":{"@id":"https:\/\/redamlo.com\/index.php\/2023\/11\/27\/la-diputada-luz-mahernandez-se-registra-para-encabezar-los-trabajos-de-la-4t-en-ecatepec\/#primaryimage"},"thumbnailUrl":"https:\/\/redamlo.com\/wp-content\/uploads\/2023\/11\/registro-luzma-hernandez-1.jpg","keywords":["ecatepec","Luz Ma Hern\u00e1ndez","registro candidatos edomex"],"articleSection":["Estado de M\u00e9xico","Estados","Pol\u00edtica"],"inLanguage":"es","potentialAction":[{"@type":"CommentAction","name":"Comment","target":["https:\/\/redamlo.com\/index.php\/2023\/11\/27\/la-diputada-luz-mahernandez-se-registra-para-encabezar-los-trabajos-de-la-4t-en-ecatepec\/#respond"]}]},{"@type":"WebPage","@id":"https:\/\/redamlo.com\/index.php\/2023\/11\/27\/la-diputada-luz-mahernandez-se-registra-para-encabezar-los-trabajos-de-la-4t-en-ecatepec\/","url":"https:\/\/redamlo.com\/index.php\/2023\/11\/27\/la-diputada-luz-mahernandez-se-registra-para-encabezar-los-trabajos-de-la-4t-en-ecatepec\/","name":"La diputada Luz MaHern\u00e1ndez se registra para encabezar los trabajos de la 4T en Ecatepec - NOTICIAS DE LA 4T","isPartOf":{"@id":"https:\/\/redamlo.com\/#website"},"primaryImageOfPage":{"@id":"https:\/\/redamlo.com\/index.php\/2023\/11\/27\/la-diputada-luz-mahernandez-se-registra-para-encabezar-los-trabajos-de-la-4t-en-ecatepec\/#primaryimage"},"image":{"@id":"https:\/\/redamlo.com\/index.php\/2023\/11\/27\/la-diputada-luz-mahernandez-se-registra-para-encabezar-los-trabajos-de-la-4t-en-ecatepec\/#primaryimage"},"thumbnailUrl":"https:\/\/redamlo.com\/wp-content\/uploads\/2023\/11\/registro-luzma-hernandez-1.jpg","datePublished":"2023-11-27T17:14:59+00:00","breadcrumb":{"@id":"https:\/\/redamlo.com\/index.php\/2023\/11\/27\/la-diputada-luz-mahernandez-se-registra-para-encabezar-los-trabajos-de-la-4t-en-ecatepec\/#breadcrumb"},"inLanguage":"es","potentialAction":[{"@type":"ReadAction","target":["https:\/\/redamlo.com\/index.php\/2023\/11\/27\/la-diputada-luz-mahernandez-se-registra-para-encabezar-los-trabajos-de-la-4t-en-ecatepec\/"]}]},{"@type":"ImageObject","inLanguage":"es","@id":"https:\/\/redamlo.com\/index.php\/2023\/11\/27\/la-diputada-luz-mahernandez-se-registra-para-encabezar-los-trabajos-de-la-4t-en-ecatepec\/#primaryimage","url":"https:\/\/redamlo.com\/wp-content\/uploads\/2023\/11\/registro-luzma-hernandez-1.jpg","contentUrl":"https:\/\/redamlo.com\/wp-content\/uploads\/2023\/11\/registro-luzma-hernandez-1.jpg","width":323,"height":345},{"@type":"BreadcrumbList","@id":"https:\/\/redamlo.com\/index.php\/2023\/11\/27\/la-diputada-luz-mahernandez-se-registra-para-encabezar-los-trabajos-de-la-4t-en-ecatepec\/#breadcrumb","itemListElement":[{"@type":"ListItem","position":1,"name":"Inicio","item":"https:\/\/redamlo.com\/"},{"@type":"ListItem","position":2,"name":"La diputada Luz MaHern\u00e1ndez se registra para encabezar los trabajos de la 4T en Ecatepec"}]},{"@type":"WebSite","@id":"https:\/\/redamlo.com\/#website","url":"https:\/\/redamlo.com\/","name":"NOTICIAS DE LA 4T","description":"","publisher":{"@id":"https:\/\/redamlo.com\/#organization"},"potentialAction":[{"@type":"SearchAction","target":{"@type":"EntryPoint","urlTemplate":"https:\/\/redamlo.com\/?s={search_term_string}"},"query-input":{"@type":"PropertyValueSpecification","valueRequired":true,"valueName":"search_term_string"}}],"inLanguage":"es"},{"@type":"Organization","@id":"https:\/\/redamlo.com\/#organization","name":"NOTICIAS DE LA 4T","url":"https:\/\/redamlo.com\/","logo":{"@type":"ImageObject","inLanguage":"es","@id":"https:\/\/redamlo.com\/#\/schema\/logo\/image\/","url":"https:\/\/redamlo.com\/wp-content\/uploads\/2024\/08\/cropped-RED-AMLO-logo-50.png","contentUrl":"https:\/\/redamlo.com\/wp-content\/uploads\/2024\/08\/cropped-RED-AMLO-logo-50.png","width":256,"height":256,"caption":"NOTICIAS DE LA 4T"},"image":{"@id":"https:\/\/redamlo.com\/#\/schema\/logo\/image\/"}},{"@type":"Person","@id":"https:\/\/redamlo.com\/#\/schema\/person\/197a0a670d21b1f4f1483ddda1b64613","name":"admin","image":{"@type":"ImageObject","inLanguage":"es","@id":"https:\/\/secure.gravatar.com\/avatar\/293dccd927043f2e641da6685c2f84009782eb9ee0054daceada4e261ded849a?s=96&d=mm&r=g","url":"https:\/\/secure.gravatar.com\/avatar\/293dccd927043f2e641da6685c2f84009782eb9ee0054daceada4e261ded849a?s=96&d=mm&r=g","contentUrl":"https:\/\/secure.gravatar.com\/avatar\/293dccd927043f2e641da6685c2f84009782eb9ee0054daceada4e261ded849a?s=96&d=mm&r=g","caption":"admin"},"sameAs":["https:\/\/redamlo.com"],"url":"https:\/\/redamlo.com\/index.php\/author\/stell\/"}]}},"_links":{"self":[{"href":"https:\/\/redamlo.com\/index.php\/wp-json\/wp\/v2\/posts\/7227","targetHints":{"allow":["GET"]}}],"collection":[{"href":"https:\/\/redamlo.com\/index.php\/wp-json\/wp\/v2\/posts"}],"about":[{"href":"https:\/\/redamlo.com\/index.php\/wp-json\/wp\/v2\/types\/post"}],"author":[{"embeddable":true,"href":"https:\/\/redamlo.com\/index.php\/wp-json\/wp\/v2\/users\/1"}],"replies":[{"embeddable":true,"href":"https:\/\/redamlo.com\/index.php\/wp-json\/wp\/v2\/comments?post=7227"}],"version-history":[{"count":0,"href":"https:\/\/redamlo.com\/index.php\/wp-json\/wp\/v2\/posts\/7227\/revisions"}],"wp:featuredmedia":[{"embeddable":true,"href":"https:\/\/redamlo.com\/index.php\/wp-json\/wp\/v2\/media\/7232"}],"wp:attachment":[{"href":"https:\/\/redamlo.com\/index.php\/wp-json\/wp\/v2\/media?parent=7227"}],"wp:term":[{"taxonomy":"category","embeddable":true,"href":"https:\/\/redamlo.com\/index.php\/wp-json\/wp\/v2\/categories?post=7227"},{"taxonomy":"post_tag","embeddable":true,"href":"https:\/\/redamlo.com\/index.php\/wp-json\/wp\/v2\/tags?post=7227"}],"curies":[{"name":"wp","href":"https:\/\/api.w.org\/{rel}","templated":true}]}}