{"id":7200,"date":"2023-11-16T14:04:31","date_gmt":"2023-11-16T20:04:31","guid":{"rendered":"https:\/\/redamlo.com\/?p=7200"},"modified":"2023-11-16T14:04:31","modified_gmt":"2023-11-16T20:04:31","slug":"morena-ha-anunciado-a-los-9-candidatos-que-competiran-por-las-gubernaturas-2024","status":"publish","type":"post","link":"https:\/\/redamlo.com\/index.php\/2023\/11\/16\/morena-ha-anunciado-a-los-9-candidatos-que-competiran-por-las-gubernaturas-2024\/","title":{"rendered":"Morena ha anunciado a los 9 candidatos que competir\u00e1n por las gubernaturas 2024"},"content":{"rendered":"<p>El partido oficial Morena ha seleccionado a sus candidatos para las nueve gobernaciones en disputa en las elecciones de 2024. La elecci\u00f3n de candidatos se llev\u00f3 a cabo a trav\u00e9s de encuestas internas y cumpliendo con la regla de paridad de g\u00e9nero establecida por el Instituto Nacional Electoral (INE). Esta regla exige que todos los partidos presenten al menos cinco mujeres para dichas posiciones, seg\u00fan anunci\u00f3 Morena en un comunicado emitido el pasado s\u00e1bado.<\/p>\n<p>En el estado de <strong>Chiapas<\/strong>, la elecci\u00f3n recay\u00f3 en <strong>Eduardo Ram\u00edrez<\/strong>, actual <strong>coordinador de la bancada de Morena en el Senado<\/strong>. Antes de ocupar este cargo, Ram\u00edrez desempe\u00f1\u00f3 funciones como diputado a nivel local y federal, as\u00ed como alcalde del municipio de Comit\u00e1n, seg\u00fan detalla su perfil publicado en la p\u00e1gina del Senado.<\/p>\n<p><img loading=\"lazy\" decoding=\"async\" class=\"aligncenter size-full wp-image-55049\" src=\"https:\/\/cdmxpress.com\/wp-content\/uploads\/2023\/11\/EDUARDO-ramirez.jpeg\" alt=\"\" width=\"1140\" height=\"712\" \/><\/p>\n<p>En cuanto a la <strong>Jefatura de Gobierno de la Ciudad de M\u00e9xico<\/strong>, Morena ha designado a <strong>Clara Brugada<\/strong>, quien ostenta la posici\u00f3n de<strong> alcaldesa con licencia de Iztapalapa<\/strong>, la demarcaci\u00f3n m\u00e1s poblada de la capital del pa\u00eds. Brugada tambi\u00e9n cuenta con experiencia previa como diputada y senadora.<\/p>\n<p><img loading=\"lazy\" decoding=\"async\" class=\"aligncenter size-full wp-image-55050\" src=\"https:\/\/cdmxpress.com\/wp-content\/uploads\/2023\/11\/clara-brugada.jpg\" alt=\"\" width=\"1024\" height=\"858\" \/><\/p>\n<p>La representante de Morena en<strong> Guanajuato<\/strong> ser\u00e1 <strong>Alma Alcaraz<\/strong>, quien no solo ha desempe\u00f1ado el cargo de <strong>diputada local<\/strong>, sino que tambi\u00e9n ha ocupado la posici\u00f3n de l\u00edder local dentro de su partido, seg\u00fan lo indicado en su perfil disponible en la p\u00e1gina del Congreso estatal.<\/p>\n<p><img loading=\"lazy\" decoding=\"async\" class=\"aligncenter size-full wp-image-55051\" src=\"https:\/\/cdmxpress.com\/wp-content\/uploads\/2023\/11\/alma-alcaraz-guanajuato.jpg\" alt=\"\" width=\"965\" height=\"541\" \/><\/p>\n<p>En <strong>Jalisco<\/strong>, la nominaci\u00f3n recaer\u00e1 en <strong>Claudia Delgadillo<\/strong>, diputada federal y miembro del Partido Verde (PVEM), aliado de Morena junto con el Partido del Trabajo (PT). Delgadillo cuenta con experiencia previa como <strong>diputada local y regidora en Guadalajara<\/strong>, la capital de Jalisco, seg\u00fan se detalla en su perfil en la p\u00e1gina de la C\u00e1mara de Diputados.<\/p>\n<p><img loading=\"lazy\" decoding=\"async\" class=\"aligncenter size-full wp-image-55052\" src=\"https:\/\/cdmxpress.com\/wp-content\/uploads\/2023\/11\/claudia-delgadillo-jalisco.webp\" alt=\"\" width=\"1160\" height=\"700\" \/><\/p>\n<p>En el caso de <strong>Morelos,<\/strong> la candidatura ser\u00e1 para <strong>Margarita Gonz\u00e1lez<\/strong>, quien en junio pasado anunci\u00f3 su renuncia como <strong>directora general de la Loter\u00eda Nacional<\/strong> con el objetivo de buscar la postulaci\u00f3n. Adem\u00e1s de Gonz\u00e1lez, otros dos aspirantes a gobernador tienen antecedentes en el gabinete del presidente Andr\u00e9s Manuel L\u00f3pez Obrador.<\/p>\n<p><img loading=\"lazy\" decoding=\"async\" class=\"aligncenter size-full wp-image-55053\" src=\"https:\/\/cdmxpress.com\/wp-content\/uploads\/2023\/11\/margarita-gonzalez-morelos.jpg\" alt=\"\" width=\"591\" height=\"382\" \/><\/p>\n<p>En <strong>Puebla<\/strong>, el candidato de Morena ser\u00e1 el <strong>senador Alejandro Armenta<\/strong>, quien presidi\u00f3 el Senado entre septiembre de 2022 y agosto pasado, impulsando iniciativas alineadas con las pol\u00edticas del gobierno de L\u00f3pez Obrador.<\/p>\n<p><img loading=\"lazy\" decoding=\"async\" class=\"aligncenter size-full wp-image-55054\" src=\"https:\/\/cdmxpress.com\/wp-content\/uploads\/2023\/11\/alejandro-armenta-puebla.jpg\" alt=\"\" width=\"1547\" height=\"956\" \/><\/p>\n<p>La postulaci\u00f3n para la gobernaci\u00f3n de <strong>Tabasco<\/strong> recae en <strong>Javier May<\/strong>, <strong>exsecretario de Bienestar y titular del Fondo Nacional de Fomento al Turismo (Fonatur)<\/strong> durante el actual gobierno. May estuvo a cargo de la implementaci\u00f3n del Tren Maya, uno de los proyectos emblem\u00e1ticos de la administraci\u00f3n.<\/p>\n<p><img loading=\"lazy\" decoding=\"async\" class=\"aligncenter size-full wp-image-55056\" src=\"https:\/\/cdmxpress.com\/wp-content\/uploads\/2023\/11\/javier-may-tab.jpeg\" alt=\"\" width=\"1280\" height=\"954\" \/><\/p>\n<p>&nbsp;<\/p>\n<p>En <strong>Veracruz<\/strong>, Morena ha seleccionado a <strong>Roc\u00edo Nahle<\/strong>, quien ocup\u00f3 el cargo de <strong>secretaria de Energ\u00eda<\/strong> desde el inicio del gobierno de L\u00f3pez Obrador en diciembre de 2018 hasta octubre pasado. Durante ese per\u00edodo, supervis\u00f3 la construcci\u00f3n de la refiner\u00eda de Dos Bocas, otro proyecto significativo del presidente.<\/p>\n<p><img loading=\"lazy\" decoding=\"async\" class=\"aligncenter size-full wp-image-55057\" src=\"https:\/\/cdmxpress.com\/wp-content\/uploads\/2023\/11\/rocio-nalhe.jpg\" alt=\"\" width=\"528\" height=\"342\" \/><\/p>\n<p>Para <strong>Yucat\u00e1n<\/strong>, Morena presentar\u00e1 a <strong>Joaqu\u00edn D\u00edaz Mena<\/strong>, <strong>exdiputado federal y local<\/strong> que anteriormente pertenec\u00eda al opositor Partido Acci\u00f3n Nacional (PAN) y fue candidato a gobernador en 2012, seg\u00fan se describe en su perfil de la C\u00e1mara de Diputados. Actualmente, Morena y sus aliados gobiernan en 23 de las 32 entidades federativas del pa\u00eds, y buscan expandir esta cifra en las elecciones del pr\u00f3ximo a\u00f1o. A\u00fan est\u00e1 pendiente el anuncio de candidatos por parte de otras fuerzas pol\u00edticas, como el frente conformado por los opositores PRI, PAN y PRD, y los procesos de selecci\u00f3n interna iniciar\u00e1n este mes, en diferentes fechas seg\u00fan la entidad federativa.<\/p>\n<p><img loading=\"lazy\" decoding=\"async\" class=\"aligncenter size-full wp-image-55058\" src=\"https:\/\/cdmxpress.com\/wp-content\/uploads\/2023\/11\/joaquin-diaz-huacho-yucatan.jpg\" alt=\"\" width=\"400\" height=\"400\" \/><\/p>\n","protected":false},"excerpt":{"rendered":"<p>El partido oficial Morena ha seleccionado a sus candidatos para las nueve gobernaciones en disputa&#8230;<\/p>\n","protected":false},"author":1,"featured_media":7201,"comment_status":"open","ping_status":"closed","sticky":false,"template":"","format":"standard","meta":{"footnotes":""},"categories":[20],"tags":[2597],"class_list":["post-7200","post","type-post","status-publish","format-standard","has-post-thumbnail","hentry","category-nacionales","tag-morena-candidatos-2024"],"yoast_head":"<!-- This site is optimized with the Yoast SEO plugin v27.5 - https:\/\/yoast.com\/product\/yoast-seo-wordpress\/ -->\n<title>Morena ha anunciado a los 9 candidatos que competir\u00e1n por las gubernaturas 2024 - NOTICIAS DE LA 4T<\/title>\n<meta name=\"robots\" content=\"noindex, follow, max-snippet:-1, max-image-preview:large, max-video-preview:-1\" \/>\n<meta property=\"og:locale\" content=\"es_MX\" \/>\n<meta property=\"og:type\" content=\"article\" \/>\n<meta property=\"og:title\" content=\"Morena ha anunciado a los 9 candidatos que competir\u00e1n por las gubernaturas 2024 - NOTICIAS DE LA 4T\" \/>\n<meta property=\"og:description\" content=\"El partido oficial Morena ha seleccionado a sus candidatos para las nueve gobernaciones en disputa...\" \/>\n<meta property=\"og:url\" content=\"https:\/\/redamlo.com\/index.php\/2023\/11\/16\/morena-ha-anunciado-a-los-9-candidatos-que-competiran-por-las-gubernaturas-2024\/\" \/>\n<meta property=\"og:site_name\" content=\"NOTICIAS DE LA 4T\" \/>\n<meta property=\"article:published_time\" content=\"2023-11-16T20:04:31+00:00\" \/>\n<meta property=\"og:image\" content=\"https:\/\/redamlo.com\/wp-content\/uploads\/2023\/11\/emitiendo-el-voto-para-gubernatura.webp\" \/>\n\t<meta property=\"og:image:width\" content=\"940\" \/>\n\t<meta property=\"og:image:height\" content=\"530\" \/>\n\t<meta property=\"og:image:type\" content=\"image\/webp\" \/>\n<meta name=\"author\" content=\"admin\" \/>\n<meta name=\"twitter:card\" content=\"summary_large_image\" \/>\n<meta name=\"twitter:label1\" content=\"Escrito por\" \/>\n\t<meta name=\"twitter:data1\" content=\"admin\" \/>\n\t<meta name=\"twitter:label2\" content=\"Tiempo de lectura\" \/>\n\t<meta name=\"twitter:data2\" content=\"5 minutos\" \/>\n<script type=\"application\/ld+json\" class=\"yoast-schema-graph\">{\"@context\":\"https:\\\/\\\/schema.org\",\"@graph\":[{\"@type\":\"Article\",\"@id\":\"https:\\\/\\\/redamlo.com\\\/index.php\\\/2023\\\/11\\\/16\\\/morena-ha-anunciado-a-los-9-candidatos-que-competiran-por-las-gubernaturas-2024\\\/#article\",\"isPartOf\":{\"@id\":\"https:\\\/\\\/redamlo.com\\\/index.php\\\/2023\\\/11\\\/16\\\/morena-ha-anunciado-a-los-9-candidatos-que-competiran-por-las-gubernaturas-2024\\\/\"},\"author\":{\"name\":\"admin\",\"@id\":\"https:\\\/\\\/redamlo.com\\\/#\\\/schema\\\/person\\\/197a0a670d21b1f4f1483ddda1b64613\"},\"headline\":\"Morena ha anunciado a los 9 candidatos que competir\u00e1n por las gubernaturas 2024\",\"datePublished\":\"2023-11-16T20:04:31+00:00\",\"mainEntityOfPage\":{\"@id\":\"https:\\\/\\\/redamlo.com\\\/index.php\\\/2023\\\/11\\\/16\\\/morena-ha-anunciado-a-los-9-candidatos-que-competiran-por-las-gubernaturas-2024\\\/\"},\"wordCount\":628,\"commentCount\":0,\"publisher\":{\"@id\":\"https:\\\/\\\/redamlo.com\\\/#organization\"},\"image\":{\"@id\":\"https:\\\/\\\/redamlo.com\\\/index.php\\\/2023\\\/11\\\/16\\\/morena-ha-anunciado-a-los-9-candidatos-que-competiran-por-las-gubernaturas-2024\\\/#primaryimage\"},\"thumbnailUrl\":\"https:\\\/\\\/redamlo.com\\\/wp-content\\\/uploads\\\/2023\\\/11\\\/emitiendo-el-voto-para-gubernatura.webp\",\"keywords\":[\"morena candidatos 2024\"],\"articleSection\":[\"Nacionales\"],\"inLanguage\":\"es\",\"potentialAction\":[{\"@type\":\"CommentAction\",\"name\":\"Comment\",\"target\":[\"https:\\\/\\\/redamlo.com\\\/index.php\\\/2023\\\/11\\\/16\\\/morena-ha-anunciado-a-los-9-candidatos-que-competiran-por-las-gubernaturas-2024\\\/#respond\"]}]},{\"@type\":\"WebPage\",\"@id\":\"https:\\\/\\\/redamlo.com\\\/index.php\\\/2023\\\/11\\\/16\\\/morena-ha-anunciado-a-los-9-candidatos-que-competiran-por-las-gubernaturas-2024\\\/\",\"url\":\"https:\\\/\\\/redamlo.com\\\/index.php\\\/2023\\\/11\\\/16\\\/morena-ha-anunciado-a-los-9-candidatos-que-competiran-por-las-gubernaturas-2024\\\/\",\"name\":\"Morena ha anunciado a los 9 candidatos que competir\u00e1n por las gubernaturas 2024 - NOTICIAS DE LA 4T\",\"isPartOf\":{\"@id\":\"https:\\\/\\\/redamlo.com\\\/#website\"},\"primaryImageOfPage\":{\"@id\":\"https:\\\/\\\/redamlo.com\\\/index.php\\\/2023\\\/11\\\/16\\\/morena-ha-anunciado-a-los-9-candidatos-que-competiran-por-las-gubernaturas-2024\\\/#primaryimage\"},\"image\":{\"@id\":\"https:\\\/\\\/redamlo.com\\\/index.php\\\/2023\\\/11\\\/16\\\/morena-ha-anunciado-a-los-9-candidatos-que-competiran-por-las-gubernaturas-2024\\\/#primaryimage\"},\"thumbnailUrl\":\"https:\\\/\\\/redamlo.com\\\/wp-content\\\/uploads\\\/2023\\\/11\\\/emitiendo-el-voto-para-gubernatura.webp\",\"datePublished\":\"2023-11-16T20:04:31+00:00\",\"breadcrumb\":{\"@id\":\"https:\\\/\\\/redamlo.com\\\/index.php\\\/2023\\\/11\\\/16\\\/morena-ha-anunciado-a-los-9-candidatos-que-competiran-por-las-gubernaturas-2024\\\/#breadcrumb\"},\"inLanguage\":\"es\",\"potentialAction\":[{\"@type\":\"ReadAction\",\"target\":[\"https:\\\/\\\/redamlo.com\\\/index.php\\\/2023\\\/11\\\/16\\\/morena-ha-anunciado-a-los-9-candidatos-que-competiran-por-las-gubernaturas-2024\\\/\"]}]},{\"@type\":\"ImageObject\",\"inLanguage\":\"es\",\"@id\":\"https:\\\/\\\/redamlo.com\\\/index.php\\\/2023\\\/11\\\/16\\\/morena-ha-anunciado-a-los-9-candidatos-que-competiran-por-las-gubernaturas-2024\\\/#primaryimage\",\"url\":\"https:\\\/\\\/redamlo.com\\\/wp-content\\\/uploads\\\/2023\\\/11\\\/emitiendo-el-voto-para-gubernatura.webp\",\"contentUrl\":\"https:\\\/\\\/redamlo.com\\\/wp-content\\\/uploads\\\/2023\\\/11\\\/emitiendo-el-voto-para-gubernatura.webp\",\"width\":940,\"height\":530},{\"@type\":\"BreadcrumbList\",\"@id\":\"https:\\\/\\\/redamlo.com\\\/index.php\\\/2023\\\/11\\\/16\\\/morena-ha-anunciado-a-los-9-candidatos-que-competiran-por-las-gubernaturas-2024\\\/#breadcrumb\",\"itemListElement\":[{\"@type\":\"ListItem\",\"position\":1,\"name\":\"Inicio\",\"item\":\"https:\\\/\\\/redamlo.com\\\/\"},{\"@type\":\"ListItem\",\"position\":2,\"name\":\"Morena ha anunciado a los 9 candidatos que competir\u00e1n por las gubernaturas 2024\"}]},{\"@type\":\"WebSite\",\"@id\":\"https:\\\/\\\/redamlo.com\\\/#website\",\"url\":\"https:\\\/\\\/redamlo.com\\\/\",\"name\":\"NOTICIAS DE LA 4T\",\"description\":\"\",\"publisher\":{\"@id\":\"https:\\\/\\\/redamlo.com\\\/#organization\"},\"potentialAction\":[{\"@type\":\"SearchAction\",\"target\":{\"@type\":\"EntryPoint\",\"urlTemplate\":\"https:\\\/\\\/redamlo.com\\\/?s={search_term_string}\"},\"query-input\":{\"@type\":\"PropertyValueSpecification\",\"valueRequired\":true,\"valueName\":\"search_term_string\"}}],\"inLanguage\":\"es\"},{\"@type\":\"Organization\",\"@id\":\"https:\\\/\\\/redamlo.com\\\/#organization\",\"name\":\"NOTICIAS DE LA 4T\",\"url\":\"https:\\\/\\\/redamlo.com\\\/\",\"logo\":{\"@type\":\"ImageObject\",\"inLanguage\":\"es\",\"@id\":\"https:\\\/\\\/redamlo.com\\\/#\\\/schema\\\/logo\\\/image\\\/\",\"url\":\"https:\\\/\\\/redamlo.com\\\/wp-content\\\/uploads\\\/2024\\\/08\\\/cropped-RED-AMLO-logo-50.png\",\"contentUrl\":\"https:\\\/\\\/redamlo.com\\\/wp-content\\\/uploads\\\/2024\\\/08\\\/cropped-RED-AMLO-logo-50.png\",\"width\":256,\"height\":256,\"caption\":\"NOTICIAS DE LA 4T\"},\"image\":{\"@id\":\"https:\\\/\\\/redamlo.com\\\/#\\\/schema\\\/logo\\\/image\\\/\"}},{\"@type\":\"Person\",\"@id\":\"https:\\\/\\\/redamlo.com\\\/#\\\/schema\\\/person\\\/197a0a670d21b1f4f1483ddda1b64613\",\"name\":\"admin\",\"image\":{\"@type\":\"ImageObject\",\"inLanguage\":\"es\",\"@id\":\"https:\\\/\\\/secure.gravatar.com\\\/avatar\\\/293dccd927043f2e641da6685c2f84009782eb9ee0054daceada4e261ded849a?s=96&d=mm&r=g\",\"url\":\"https:\\\/\\\/secure.gravatar.com\\\/avatar\\\/293dccd927043f2e641da6685c2f84009782eb9ee0054daceada4e261ded849a?s=96&d=mm&r=g\",\"contentUrl\":\"https:\\\/\\\/secure.gravatar.com\\\/avatar\\\/293dccd927043f2e641da6685c2f84009782eb9ee0054daceada4e261ded849a?s=96&d=mm&r=g\",\"caption\":\"admin\"},\"sameAs\":[\"https:\\\/\\\/redamlo.com\"],\"url\":\"https:\\\/\\\/redamlo.com\\\/index.php\\\/author\\\/stell\\\/\"}]}<\/script>\n<!-- \/ Yoast SEO plugin. -->","yoast_head_json":{"title":"Morena ha anunciado a los 9 candidatos que competir\u00e1n por las gubernaturas 2024 - NOTICIAS DE LA 4T","robots":{"index":"noindex","follow":"follow","max-snippet":"max-snippet:-1","max-image-preview":"max-image-preview:large","max-video-preview":"max-video-preview:-1"},"og_locale":"es_MX","og_type":"article","og_title":"Morena ha anunciado a los 9 candidatos que competir\u00e1n por las gubernaturas 2024 - NOTICIAS DE LA 4T","og_description":"El partido oficial Morena ha seleccionado a sus candidatos para las nueve gobernaciones en disputa...","og_url":"https:\/\/redamlo.com\/index.php\/2023\/11\/16\/morena-ha-anunciado-a-los-9-candidatos-que-competiran-por-las-gubernaturas-2024\/","og_site_name":"NOTICIAS DE LA 4T","article_published_time":"2023-11-16T20:04:31+00:00","og_image":[{"width":940,"height":530,"url":"https:\/\/redamlo.com\/wp-content\/uploads\/2023\/11\/emitiendo-el-voto-para-gubernatura.webp","type":"image\/webp"}],"author":"admin","twitter_card":"summary_large_image","twitter_misc":{"Escrito por":"admin","Tiempo de lectura":"5 minutos"},"schema":{"@context":"https:\/\/schema.org","@graph":[{"@type":"Article","@id":"https:\/\/redamlo.com\/index.php\/2023\/11\/16\/morena-ha-anunciado-a-los-9-candidatos-que-competiran-por-las-gubernaturas-2024\/#article","isPartOf":{"@id":"https:\/\/redamlo.com\/index.php\/2023\/11\/16\/morena-ha-anunciado-a-los-9-candidatos-que-competiran-por-las-gubernaturas-2024\/"},"author":{"name":"admin","@id":"https:\/\/redamlo.com\/#\/schema\/person\/197a0a670d21b1f4f1483ddda1b64613"},"headline":"Morena ha anunciado a los 9 candidatos que competir\u00e1n por las gubernaturas 2024","datePublished":"2023-11-16T20:04:31+00:00","mainEntityOfPage":{"@id":"https:\/\/redamlo.com\/index.php\/2023\/11\/16\/morena-ha-anunciado-a-los-9-candidatos-que-competiran-por-las-gubernaturas-2024\/"},"wordCount":628,"commentCount":0,"publisher":{"@id":"https:\/\/redamlo.com\/#organization"},"image":{"@id":"https:\/\/redamlo.com\/index.php\/2023\/11\/16\/morena-ha-anunciado-a-los-9-candidatos-que-competiran-por-las-gubernaturas-2024\/#primaryimage"},"thumbnailUrl":"https:\/\/redamlo.com\/wp-content\/uploads\/2023\/11\/emitiendo-el-voto-para-gubernatura.webp","keywords":["morena candidatos 2024"],"articleSection":["Nacionales"],"inLanguage":"es","potentialAction":[{"@type":"CommentAction","name":"Comment","target":["https:\/\/redamlo.com\/index.php\/2023\/11\/16\/morena-ha-anunciado-a-los-9-candidatos-que-competiran-por-las-gubernaturas-2024\/#respond"]}]},{"@type":"WebPage","@id":"https:\/\/redamlo.com\/index.php\/2023\/11\/16\/morena-ha-anunciado-a-los-9-candidatos-que-competiran-por-las-gubernaturas-2024\/","url":"https:\/\/redamlo.com\/index.php\/2023\/11\/16\/morena-ha-anunciado-a-los-9-candidatos-que-competiran-por-las-gubernaturas-2024\/","name":"Morena ha anunciado a los 9 candidatos que competir\u00e1n por las gubernaturas 2024 - NOTICIAS DE LA 4T","isPartOf":{"@id":"https:\/\/redamlo.com\/#website"},"primaryImageOfPage":{"@id":"https:\/\/redamlo.com\/index.php\/2023\/11\/16\/morena-ha-anunciado-a-los-9-candidatos-que-competiran-por-las-gubernaturas-2024\/#primaryimage"},"image":{"@id":"https:\/\/redamlo.com\/index.php\/2023\/11\/16\/morena-ha-anunciado-a-los-9-candidatos-que-competiran-por-las-gubernaturas-2024\/#primaryimage"},"thumbnailUrl":"https:\/\/redamlo.com\/wp-content\/uploads\/2023\/11\/emitiendo-el-voto-para-gubernatura.webp","datePublished":"2023-11-16T20:04:31+00:00","breadcrumb":{"@id":"https:\/\/redamlo.com\/index.php\/2023\/11\/16\/morena-ha-anunciado-a-los-9-candidatos-que-competiran-por-las-gubernaturas-2024\/#breadcrumb"},"inLanguage":"es","potentialAction":[{"@type":"ReadAction","target":["https:\/\/redamlo.com\/index.php\/2023\/11\/16\/morena-ha-anunciado-a-los-9-candidatos-que-competiran-por-las-gubernaturas-2024\/"]}]},{"@type":"ImageObject","inLanguage":"es","@id":"https:\/\/redamlo.com\/index.php\/2023\/11\/16\/morena-ha-anunciado-a-los-9-candidatos-que-competiran-por-las-gubernaturas-2024\/#primaryimage","url":"https:\/\/redamlo.com\/wp-content\/uploads\/2023\/11\/emitiendo-el-voto-para-gubernatura.webp","contentUrl":"https:\/\/redamlo.com\/wp-content\/uploads\/2023\/11\/emitiendo-el-voto-para-gubernatura.webp","width":940,"height":530},{"@type":"BreadcrumbList","@id":"https:\/\/redamlo.com\/index.php\/2023\/11\/16\/morena-ha-anunciado-a-los-9-candidatos-que-competiran-por-las-gubernaturas-2024\/#breadcrumb","itemListElement":[{"@type":"ListItem","position":1,"name":"Inicio","item":"https:\/\/redamlo.com\/"},{"@type":"ListItem","position":2,"name":"Morena ha anunciado a los 9 candidatos que competir\u00e1n por las gubernaturas 2024"}]},{"@type":"WebSite","@id":"https:\/\/redamlo.com\/#website","url":"https:\/\/redamlo.com\/","name":"NOTICIAS DE LA 4T","description":"","publisher":{"@id":"https:\/\/redamlo.com\/#organization"},"potentialAction":[{"@type":"SearchAction","target":{"@type":"EntryPoint","urlTemplate":"https:\/\/redamlo.com\/?s={search_term_string}"},"query-input":{"@type":"PropertyValueSpecification","valueRequired":true,"valueName":"search_term_string"}}],"inLanguage":"es"},{"@type":"Organization","@id":"https:\/\/redamlo.com\/#organization","name":"NOTICIAS DE LA 4T","url":"https:\/\/redamlo.com\/","logo":{"@type":"ImageObject","inLanguage":"es","@id":"https:\/\/redamlo.com\/#\/schema\/logo\/image\/","url":"https:\/\/redamlo.com\/wp-content\/uploads\/2024\/08\/cropped-RED-AMLO-logo-50.png","contentUrl":"https:\/\/redamlo.com\/wp-content\/uploads\/2024\/08\/cropped-RED-AMLO-logo-50.png","width":256,"height":256,"caption":"NOTICIAS DE LA 4T"},"image":{"@id":"https:\/\/redamlo.com\/#\/schema\/logo\/image\/"}},{"@type":"Person","@id":"https:\/\/redamlo.com\/#\/schema\/person\/197a0a670d21b1f4f1483ddda1b64613","name":"admin","image":{"@type":"ImageObject","inLanguage":"es","@id":"https:\/\/secure.gravatar.com\/avatar\/293dccd927043f2e641da6685c2f84009782eb9ee0054daceada4e261ded849a?s=96&d=mm&r=g","url":"https:\/\/secure.gravatar.com\/avatar\/293dccd927043f2e641da6685c2f84009782eb9ee0054daceada4e261ded849a?s=96&d=mm&r=g","contentUrl":"https:\/\/secure.gravatar.com\/avatar\/293dccd927043f2e641da6685c2f84009782eb9ee0054daceada4e261ded849a?s=96&d=mm&r=g","caption":"admin"},"sameAs":["https:\/\/redamlo.com"],"url":"https:\/\/redamlo.com\/index.php\/author\/stell\/"}]}},"_links":{"self":[{"href":"https:\/\/redamlo.com\/index.php\/wp-json\/wp\/v2\/posts\/7200","targetHints":{"allow":["GET"]}}],"collection":[{"href":"https:\/\/redamlo.com\/index.php\/wp-json\/wp\/v2\/posts"}],"about":[{"href":"https:\/\/redamlo.com\/index.php\/wp-json\/wp\/v2\/types\/post"}],"author":[{"embeddable":true,"href":"https:\/\/redamlo.com\/index.php\/wp-json\/wp\/v2\/users\/1"}],"replies":[{"embeddable":true,"href":"https:\/\/redamlo.com\/index.php\/wp-json\/wp\/v2\/comments?post=7200"}],"version-history":[{"count":0,"href":"https:\/\/redamlo.com\/index.php\/wp-json\/wp\/v2\/posts\/7200\/revisions"}],"wp:featuredmedia":[{"embeddable":true,"href":"https:\/\/redamlo.com\/index.php\/wp-json\/wp\/v2\/media\/7201"}],"wp:attachment":[{"href":"https:\/\/redamlo.com\/index.php\/wp-json\/wp\/v2\/media?parent=7200"}],"wp:term":[{"taxonomy":"category","embeddable":true,"href":"https:\/\/redamlo.com\/index.php\/wp-json\/wp\/v2\/categories?post=7200"},{"taxonomy":"post_tag","embeddable":true,"href":"https:\/\/redamlo.com\/index.php\/wp-json\/wp\/v2\/tags?post=7200"}],"curies":[{"name":"wp","href":"https:\/\/api.w.org\/{rel}","templated":true}]}}