{"id":7197,"date":"2023-11-16T09:14:22","date_gmt":"2023-11-16T15:14:22","guid":{"rendered":"https:\/\/redamlo.com\/?p=7197"},"modified":"2023-11-16T09:14:22","modified_gmt":"2023-11-16T15:14:22","slug":"propone-luzma-hernandez-integrar-plataforma-digital-vuzcar-en-edomex","status":"publish","type":"post","link":"https:\/\/redamlo.com\/index.php\/2023\/11\/16\/propone-luzma-hernandez-integrar-plataforma-digital-vuzcar-en-edomex\/","title":{"rendered":"Propone LuzMa Hern\u00e1ndez integrar Plataforma Digital VUZCAR en Edomex"},"content":{"rendered":"<ul>\n<li>Edomex entre las entidades federativas con mayor n\u00famero de robo de automotores, Interpol se\u00f1ala que en 2017 sucedieron 47,190<\/li>\n<li>Constituir Sistema Digital de Registro y Control Vehicular en dep\u00f3sitos oficiales para abatir robo de autos que ha ido en aumento junto con el temor de la ciudadan\u00eda<\/li>\n<\/ul>\n<p>Toluca, M\u00e9x., 14 de noviembre de 2023.- La integrante del Grupo Parlamentario de Morena, LuzMa Hern\u00e1ndez Berm\u00fadez present\u00f3 la iniciativa con proyecto de decreto para reformar el C\u00f3digo Administrativo del Estado de M\u00e9xico, para integrar la Plataforma Digital VUZCAR de Registro Vehicular, para concesionarios y\/o permisionarios de dep\u00f3sitos oficiales en la entidad, para acercar a la sociedad una alternativa tecnol\u00f3gica y abatir el incremento del robo de automotores en territorio mexiquense.<\/p>\n<p><img loading=\"lazy\" decoding=\"async\" class=\"alignnone wp-image-12250 size-large\" src=\"http:\/\/redcdmx.com\/wp-content\/uploads\/2023\/11\/luzma-vuzcar-1-1024x683.jpg\" alt=\"\" width=\"640\" height=\"427\" \/><\/p>\n<p>La legisladora de la 4T, en su exposici\u00f3n de motivos se\u00f1al\u00f3 que seg\u00fan la Interpol, las entidades federativas con mayor n\u00famero de robo de automotores durante el a\u00f1o 2017 fueron el Estado de M\u00e9xico con 47,190, seguido de Baja California con 19,967, Jalisco con 13,568, Puebla 11,314 y la Ciudad de M\u00e9xico con un total de 11,107 unidades robadas y en 2017 el robo de unidades alcanz\u00f3 los 197 mil 964.3.<\/p>\n<p>Destac\u00f3 que, con esta actividad delictiva, que ha ido en aumento, al igual que el temor de los transe\u00fantes en el robo de veh\u00edculos, debido a las pr\u00e1cticas que siguen al momento del hurto, las cuales van desde encerronas, portonazos, amenazas de uso de la fuerza o violencia, coacci\u00f3n o enga\u00f1o, entre otros, lo que ha generado un incremento en los precios de los seguros para autom\u00f3viles.<br \/>\nLa diputada de Morena, refiri\u00f3 que la Plataforma Digital VUZCAR de Registro Vehicular, para concesionarios y\/o permisionarios de dep\u00f3sitos oficiales en el Estado de M\u00e9xico, fue creada en el a\u00f1o 2019 y est\u00e1 dise\u00f1ada como una herramienta digital, con el objeto social, la b\u00fasqueda, localizaci\u00f3n, recuperaci\u00f3n y liberaci\u00f3n de veh\u00edculos con reporte de robo vigente no asegurados.<\/p>\n<p>Refiri\u00f3 que, mediante el uso de la plataforma (la cual es segura, confiable y confidencial), con la participaci\u00f3n de los dep\u00f3sitos vehiculares y la Fiscal\u00eda General de Justicia del Estado de M\u00e9xico (FGJEM), para en conjunto, acercar a la sociedad una alternativa tecnol\u00f3gica en la gobernanza, con grandes beneficios para los participantes y finalmente para todos los usuarios.<\/p>\n<p>Explic\u00f3 que, tras realizar la denuncia por robo de veh\u00edculo, fraude en la compra venta de un veh\u00edculo o abuso de confianza, al ingresar el veh\u00edculo al corral\u00f3n, se generar\u00e1 inmediatamente un mensaje a trav\u00e9s del sistema automatizado que ser\u00e1 enviado a la persona que haya generado el reporte, inform\u00e1ndole de la ubicaci\u00f3n del veh\u00edculo.<\/p>\n<p>Agreg\u00f3, a partir del momento en el que los municipios, la Fiscal\u00eda General de Justicia del Estado de M\u00e9xico, las agrupaciones policiacas (en tiempo real), los dep\u00f3sitos vehiculares y el p\u00fablico en general, cuenten y hagan uso de esta plataforma digital, se maximizar\u00e1 la localizaci\u00f3n de los veh\u00edculos, adem\u00e1s de que se estar\u00e1 en posibilidad de verificar si la unidad cuenta con reporte de robo o tiene reporte de procedencia il\u00edcita (fraude o abuso de confianza).<\/p>\n<p><img loading=\"lazy\" decoding=\"async\" class=\"alignnone wp-image-12251 size-full\" src=\"http:\/\/redcdmx.com\/wp-content\/uploads\/2023\/11\/luz-ma-vuzcar-2.jpg\" alt=\"\" width=\"1024\" height=\"768\" \/><\/p>\n<p>Los dep\u00f3sitos vehiculares a partir de adoptar la plataforma como herramienta digital, tendr\u00e1n a su alcance una base de datos personalizada y simple de utilizar, adem\u00e1s de contar con un mejor control sobre el inventario vehicular de ingreso y egreso; en este sentido, el inventario digital trasladar\u00e1 la informaci\u00f3n a una base de datos que permitir\u00e1 a la FGJEM, obtener la informaci\u00f3n de los veh\u00edculos que han sido localizados a trav\u00e9s de la plataforma digital automatizada.<\/p>\n<p>Puntualiz\u00f3, la participaci\u00f3n de las autoridades consistir\u00e1 en facilitar un lugar centralizado para realizar el levantamiento de reporte de robo o liberaci\u00f3n, donde podr\u00e1n subir documentaci\u00f3n de manera segura y confiable; se notificar\u00e1 a la autoridad donde se realiz\u00f3 el levantamiento del reporte y se podr\u00e1 proceder a su recuperaci\u00f3n, con una anticipaci\u00f3n de al menos 8 horas de la notificaci\u00f3n.<\/p>\n<p><img loading=\"lazy\" decoding=\"async\" class=\"alignnone wp-image-12252 size-full\" src=\"http:\/\/redcdmx.com\/wp-content\/uploads\/2023\/11\/luzma-vuzcar-3.jpg\" alt=\"\" width=\"540\" height=\"960\" \/><\/p>\n<p>Por \u00faltimo, en el caso de las y los particulares, su participaci\u00f3n es hacer uso de la plataforma para la b\u00fasqueda r\u00e1pida o avanzada de veh\u00edculos que pretendan verificar para compraventa o bien localizaci\u00f3n, y la plataforma realizar\u00e1 una b\u00fasqueda automatizada y una vez localizado el veh\u00edculo le har\u00e1 llegar una alerta v\u00eda correo electr\u00f3nico y subray\u00f3, la Plataforma Digital VUZCAR, es compatible con todos los dispositivos, su estructura est\u00e1 realizada mediante una suma de esfuerzos para que sea completamente funcional y sirva de base y apoyo ciudadano, dando a conocer en tiempo real el estado, ubicaci\u00f3n y motivo por el cual un veh\u00edculo se encuentra ingresado a un dep\u00f3sito oficial de veh\u00edculos en territorio estatal.<\/p>\n","protected":false},"excerpt":{"rendered":"<p>Edomex entre las entidades federativas con mayor n\u00famero de robo de automotores, Interpol se\u00f1ala que&#8230;<\/p>\n","protected":false},"author":1,"featured_media":7198,"comment_status":"open","ping_status":"closed","sticky":false,"template":"","format":"standard","meta":{"footnotes":""},"categories":[3,5],"tags":[2508,59,2596],"class_list":["post-7197","post","type-post","status-publish","format-standard","has-post-thumbnail","hentry","category-estado-de-mexico","category-politica","tag-diputada-luz-ma-hernandez","tag-edomex","tag-plataforma-vuzcar"],"yoast_head":"<!-- This site is optimized with the Yoast SEO plugin v27.5 - https:\/\/yoast.com\/product\/yoast-seo-wordpress\/ -->\n<title>Propone LuzMa Hern\u00e1ndez integrar Plataforma Digital VUZCAR en Edomex - NOTICIAS DE LA 4T<\/title>\n<meta name=\"robots\" content=\"noindex, follow, max-snippet:-1, max-image-preview:large, max-video-preview:-1\" \/>\n<meta property=\"og:locale\" content=\"es_MX\" \/>\n<meta property=\"og:type\" content=\"article\" \/>\n<meta property=\"og:title\" content=\"Propone LuzMa Hern\u00e1ndez integrar Plataforma Digital VUZCAR en Edomex - NOTICIAS DE LA 4T\" \/>\n<meta property=\"og:description\" content=\"Edomex entre las entidades federativas con mayor n\u00famero de robo de automotores, Interpol se\u00f1ala que...\" \/>\n<meta property=\"og:url\" content=\"https:\/\/redamlo.com\/index.php\/2023\/11\/16\/propone-luzma-hernandez-integrar-plataforma-digital-vuzcar-en-edomex\/\" \/>\n<meta property=\"og:site_name\" content=\"NOTICIAS DE LA 4T\" \/>\n<meta property=\"article:published_time\" content=\"2023-11-16T15:14:22+00:00\" \/>\n<meta property=\"og:image\" content=\"https:\/\/redamlo.com\/wp-content\/uploads\/2023\/11\/luzma-vuzcar-1.jpg\" \/>\n\t<meta property=\"og:image:width\" content=\"1080\" \/>\n\t<meta property=\"og:image:height\" content=\"720\" \/>\n\t<meta property=\"og:image:type\" content=\"image\/jpeg\" \/>\n<meta name=\"author\" content=\"admin\" \/>\n<meta name=\"twitter:card\" content=\"summary_large_image\" \/>\n<meta name=\"twitter:label1\" content=\"Escrito por\" \/>\n\t<meta name=\"twitter:data1\" content=\"admin\" \/>\n\t<meta name=\"twitter:label2\" content=\"Tiempo de lectura\" \/>\n\t<meta name=\"twitter:data2\" content=\"4 minutos\" \/>\n<script type=\"application\/ld+json\" class=\"yoast-schema-graph\">{\"@context\":\"https:\\\/\\\/schema.org\",\"@graph\":[{\"@type\":\"Article\",\"@id\":\"https:\\\/\\\/redamlo.com\\\/index.php\\\/2023\\\/11\\\/16\\\/propone-luzma-hernandez-integrar-plataforma-digital-vuzcar-en-edomex\\\/#article\",\"isPartOf\":{\"@id\":\"https:\\\/\\\/redamlo.com\\\/index.php\\\/2023\\\/11\\\/16\\\/propone-luzma-hernandez-integrar-plataforma-digital-vuzcar-en-edomex\\\/\"},\"author\":{\"name\":\"admin\",\"@id\":\"https:\\\/\\\/redamlo.com\\\/#\\\/schema\\\/person\\\/197a0a670d21b1f4f1483ddda1b64613\"},\"headline\":\"Propone LuzMa Hern\u00e1ndez integrar Plataforma Digital VUZCAR en Edomex\",\"datePublished\":\"2023-11-16T15:14:22+00:00\",\"mainEntityOfPage\":{\"@id\":\"https:\\\/\\\/redamlo.com\\\/index.php\\\/2023\\\/11\\\/16\\\/propone-luzma-hernandez-integrar-plataforma-digital-vuzcar-en-edomex\\\/\"},\"wordCount\":834,\"commentCount\":0,\"publisher\":{\"@id\":\"https:\\\/\\\/redamlo.com\\\/#organization\"},\"image\":{\"@id\":\"https:\\\/\\\/redamlo.com\\\/index.php\\\/2023\\\/11\\\/16\\\/propone-luzma-hernandez-integrar-plataforma-digital-vuzcar-en-edomex\\\/#primaryimage\"},\"thumbnailUrl\":\"https:\\\/\\\/redamlo.com\\\/wp-content\\\/uploads\\\/2023\\\/11\\\/luzma-vuzcar-1.jpg\",\"keywords\":[\"Diputada Luz Ma Hernandez\",\"edomex\",\"plataforma vuzcar\"],\"articleSection\":[\"Estado de M\u00e9xico\",\"Pol\u00edtica\"],\"inLanguage\":\"es\",\"potentialAction\":[{\"@type\":\"CommentAction\",\"name\":\"Comment\",\"target\":[\"https:\\\/\\\/redamlo.com\\\/index.php\\\/2023\\\/11\\\/16\\\/propone-luzma-hernandez-integrar-plataforma-digital-vuzcar-en-edomex\\\/#respond\"]}]},{\"@type\":\"WebPage\",\"@id\":\"https:\\\/\\\/redamlo.com\\\/index.php\\\/2023\\\/11\\\/16\\\/propone-luzma-hernandez-integrar-plataforma-digital-vuzcar-en-edomex\\\/\",\"url\":\"https:\\\/\\\/redamlo.com\\\/index.php\\\/2023\\\/11\\\/16\\\/propone-luzma-hernandez-integrar-plataforma-digital-vuzcar-en-edomex\\\/\",\"name\":\"Propone LuzMa Hern\u00e1ndez integrar Plataforma Digital VUZCAR en Edomex - NOTICIAS DE LA 4T\",\"isPartOf\":{\"@id\":\"https:\\\/\\\/redamlo.com\\\/#website\"},\"primaryImageOfPage\":{\"@id\":\"https:\\\/\\\/redamlo.com\\\/index.php\\\/2023\\\/11\\\/16\\\/propone-luzma-hernandez-integrar-plataforma-digital-vuzcar-en-edomex\\\/#primaryimage\"},\"image\":{\"@id\":\"https:\\\/\\\/redamlo.com\\\/index.php\\\/2023\\\/11\\\/16\\\/propone-luzma-hernandez-integrar-plataforma-digital-vuzcar-en-edomex\\\/#primaryimage\"},\"thumbnailUrl\":\"https:\\\/\\\/redamlo.com\\\/wp-content\\\/uploads\\\/2023\\\/11\\\/luzma-vuzcar-1.jpg\",\"datePublished\":\"2023-11-16T15:14:22+00:00\",\"breadcrumb\":{\"@id\":\"https:\\\/\\\/redamlo.com\\\/index.php\\\/2023\\\/11\\\/16\\\/propone-luzma-hernandez-integrar-plataforma-digital-vuzcar-en-edomex\\\/#breadcrumb\"},\"inLanguage\":\"es\",\"potentialAction\":[{\"@type\":\"ReadAction\",\"target\":[\"https:\\\/\\\/redamlo.com\\\/index.php\\\/2023\\\/11\\\/16\\\/propone-luzma-hernandez-integrar-plataforma-digital-vuzcar-en-edomex\\\/\"]}]},{\"@type\":\"ImageObject\",\"inLanguage\":\"es\",\"@id\":\"https:\\\/\\\/redamlo.com\\\/index.php\\\/2023\\\/11\\\/16\\\/propone-luzma-hernandez-integrar-plataforma-digital-vuzcar-en-edomex\\\/#primaryimage\",\"url\":\"https:\\\/\\\/redamlo.com\\\/wp-content\\\/uploads\\\/2023\\\/11\\\/luzma-vuzcar-1.jpg\",\"contentUrl\":\"https:\\\/\\\/redamlo.com\\\/wp-content\\\/uploads\\\/2023\\\/11\\\/luzma-vuzcar-1.jpg\",\"width\":1080,\"height\":720},{\"@type\":\"BreadcrumbList\",\"@id\":\"https:\\\/\\\/redamlo.com\\\/index.php\\\/2023\\\/11\\\/16\\\/propone-luzma-hernandez-integrar-plataforma-digital-vuzcar-en-edomex\\\/#breadcrumb\",\"itemListElement\":[{\"@type\":\"ListItem\",\"position\":1,\"name\":\"Inicio\",\"item\":\"https:\\\/\\\/redamlo.com\\\/\"},{\"@type\":\"ListItem\",\"position\":2,\"name\":\"Propone LuzMa Hern\u00e1ndez integrar Plataforma Digital VUZCAR en Edomex\"}]},{\"@type\":\"WebSite\",\"@id\":\"https:\\\/\\\/redamlo.com\\\/#website\",\"url\":\"https:\\\/\\\/redamlo.com\\\/\",\"name\":\"NOTICIAS DE LA 4T\",\"description\":\"\",\"publisher\":{\"@id\":\"https:\\\/\\\/redamlo.com\\\/#organization\"},\"potentialAction\":[{\"@type\":\"SearchAction\",\"target\":{\"@type\":\"EntryPoint\",\"urlTemplate\":\"https:\\\/\\\/redamlo.com\\\/?s={search_term_string}\"},\"query-input\":{\"@type\":\"PropertyValueSpecification\",\"valueRequired\":true,\"valueName\":\"search_term_string\"}}],\"inLanguage\":\"es\"},{\"@type\":\"Organization\",\"@id\":\"https:\\\/\\\/redamlo.com\\\/#organization\",\"name\":\"NOTICIAS DE LA 4T\",\"url\":\"https:\\\/\\\/redamlo.com\\\/\",\"logo\":{\"@type\":\"ImageObject\",\"inLanguage\":\"es\",\"@id\":\"https:\\\/\\\/redamlo.com\\\/#\\\/schema\\\/logo\\\/image\\\/\",\"url\":\"https:\\\/\\\/redamlo.com\\\/wp-content\\\/uploads\\\/2024\\\/08\\\/cropped-RED-AMLO-logo-50.png\",\"contentUrl\":\"https:\\\/\\\/redamlo.com\\\/wp-content\\\/uploads\\\/2024\\\/08\\\/cropped-RED-AMLO-logo-50.png\",\"width\":256,\"height\":256,\"caption\":\"NOTICIAS DE LA 4T\"},\"image\":{\"@id\":\"https:\\\/\\\/redamlo.com\\\/#\\\/schema\\\/logo\\\/image\\\/\"}},{\"@type\":\"Person\",\"@id\":\"https:\\\/\\\/redamlo.com\\\/#\\\/schema\\\/person\\\/197a0a670d21b1f4f1483ddda1b64613\",\"name\":\"admin\",\"image\":{\"@type\":\"ImageObject\",\"inLanguage\":\"es\",\"@id\":\"https:\\\/\\\/secure.gravatar.com\\\/avatar\\\/293dccd927043f2e641da6685c2f84009782eb9ee0054daceada4e261ded849a?s=96&d=mm&r=g\",\"url\":\"https:\\\/\\\/secure.gravatar.com\\\/avatar\\\/293dccd927043f2e641da6685c2f84009782eb9ee0054daceada4e261ded849a?s=96&d=mm&r=g\",\"contentUrl\":\"https:\\\/\\\/secure.gravatar.com\\\/avatar\\\/293dccd927043f2e641da6685c2f84009782eb9ee0054daceada4e261ded849a?s=96&d=mm&r=g\",\"caption\":\"admin\"},\"sameAs\":[\"https:\\\/\\\/redamlo.com\"],\"url\":\"https:\\\/\\\/redamlo.com\\\/index.php\\\/author\\\/stell\\\/\"}]}<\/script>\n<!-- \/ Yoast SEO plugin. -->","yoast_head_json":{"title":"Propone LuzMa Hern\u00e1ndez integrar Plataforma Digital VUZCAR en Edomex - NOTICIAS DE LA 4T","robots":{"index":"noindex","follow":"follow","max-snippet":"max-snippet:-1","max-image-preview":"max-image-preview:large","max-video-preview":"max-video-preview:-1"},"og_locale":"es_MX","og_type":"article","og_title":"Propone LuzMa Hern\u00e1ndez integrar Plataforma Digital VUZCAR en Edomex - NOTICIAS DE LA 4T","og_description":"Edomex entre las entidades federativas con mayor n\u00famero de robo de automotores, Interpol se\u00f1ala que...","og_url":"https:\/\/redamlo.com\/index.php\/2023\/11\/16\/propone-luzma-hernandez-integrar-plataforma-digital-vuzcar-en-edomex\/","og_site_name":"NOTICIAS DE LA 4T","article_published_time":"2023-11-16T15:14:22+00:00","og_image":[{"width":1080,"height":720,"url":"https:\/\/redamlo.com\/wp-content\/uploads\/2023\/11\/luzma-vuzcar-1.jpg","type":"image\/jpeg"}],"author":"admin","twitter_card":"summary_large_image","twitter_misc":{"Escrito por":"admin","Tiempo de lectura":"4 minutos"},"schema":{"@context":"https:\/\/schema.org","@graph":[{"@type":"Article","@id":"https:\/\/redamlo.com\/index.php\/2023\/11\/16\/propone-luzma-hernandez-integrar-plataforma-digital-vuzcar-en-edomex\/#article","isPartOf":{"@id":"https:\/\/redamlo.com\/index.php\/2023\/11\/16\/propone-luzma-hernandez-integrar-plataforma-digital-vuzcar-en-edomex\/"},"author":{"name":"admin","@id":"https:\/\/redamlo.com\/#\/schema\/person\/197a0a670d21b1f4f1483ddda1b64613"},"headline":"Propone LuzMa Hern\u00e1ndez integrar Plataforma Digital VUZCAR en Edomex","datePublished":"2023-11-16T15:14:22+00:00","mainEntityOfPage":{"@id":"https:\/\/redamlo.com\/index.php\/2023\/11\/16\/propone-luzma-hernandez-integrar-plataforma-digital-vuzcar-en-edomex\/"},"wordCount":834,"commentCount":0,"publisher":{"@id":"https:\/\/redamlo.com\/#organization"},"image":{"@id":"https:\/\/redamlo.com\/index.php\/2023\/11\/16\/propone-luzma-hernandez-integrar-plataforma-digital-vuzcar-en-edomex\/#primaryimage"},"thumbnailUrl":"https:\/\/redamlo.com\/wp-content\/uploads\/2023\/11\/luzma-vuzcar-1.jpg","keywords":["Diputada Luz Ma Hernandez","edomex","plataforma vuzcar"],"articleSection":["Estado de M\u00e9xico","Pol\u00edtica"],"inLanguage":"es","potentialAction":[{"@type":"CommentAction","name":"Comment","target":["https:\/\/redamlo.com\/index.php\/2023\/11\/16\/propone-luzma-hernandez-integrar-plataforma-digital-vuzcar-en-edomex\/#respond"]}]},{"@type":"WebPage","@id":"https:\/\/redamlo.com\/index.php\/2023\/11\/16\/propone-luzma-hernandez-integrar-plataforma-digital-vuzcar-en-edomex\/","url":"https:\/\/redamlo.com\/index.php\/2023\/11\/16\/propone-luzma-hernandez-integrar-plataforma-digital-vuzcar-en-edomex\/","name":"Propone LuzMa Hern\u00e1ndez integrar Plataforma Digital VUZCAR en Edomex - NOTICIAS DE LA 4T","isPartOf":{"@id":"https:\/\/redamlo.com\/#website"},"primaryImageOfPage":{"@id":"https:\/\/redamlo.com\/index.php\/2023\/11\/16\/propone-luzma-hernandez-integrar-plataforma-digital-vuzcar-en-edomex\/#primaryimage"},"image":{"@id":"https:\/\/redamlo.com\/index.php\/2023\/11\/16\/propone-luzma-hernandez-integrar-plataforma-digital-vuzcar-en-edomex\/#primaryimage"},"thumbnailUrl":"https:\/\/redamlo.com\/wp-content\/uploads\/2023\/11\/luzma-vuzcar-1.jpg","datePublished":"2023-11-16T15:14:22+00:00","breadcrumb":{"@id":"https:\/\/redamlo.com\/index.php\/2023\/11\/16\/propone-luzma-hernandez-integrar-plataforma-digital-vuzcar-en-edomex\/#breadcrumb"},"inLanguage":"es","potentialAction":[{"@type":"ReadAction","target":["https:\/\/redamlo.com\/index.php\/2023\/11\/16\/propone-luzma-hernandez-integrar-plataforma-digital-vuzcar-en-edomex\/"]}]},{"@type":"ImageObject","inLanguage":"es","@id":"https:\/\/redamlo.com\/index.php\/2023\/11\/16\/propone-luzma-hernandez-integrar-plataforma-digital-vuzcar-en-edomex\/#primaryimage","url":"https:\/\/redamlo.com\/wp-content\/uploads\/2023\/11\/luzma-vuzcar-1.jpg","contentUrl":"https:\/\/redamlo.com\/wp-content\/uploads\/2023\/11\/luzma-vuzcar-1.jpg","width":1080,"height":720},{"@type":"BreadcrumbList","@id":"https:\/\/redamlo.com\/index.php\/2023\/11\/16\/propone-luzma-hernandez-integrar-plataforma-digital-vuzcar-en-edomex\/#breadcrumb","itemListElement":[{"@type":"ListItem","position":1,"name":"Inicio","item":"https:\/\/redamlo.com\/"},{"@type":"ListItem","position":2,"name":"Propone LuzMa Hern\u00e1ndez integrar Plataforma Digital VUZCAR en Edomex"}]},{"@type":"WebSite","@id":"https:\/\/redamlo.com\/#website","url":"https:\/\/redamlo.com\/","name":"NOTICIAS DE LA 4T","description":"","publisher":{"@id":"https:\/\/redamlo.com\/#organization"},"potentialAction":[{"@type":"SearchAction","target":{"@type":"EntryPoint","urlTemplate":"https:\/\/redamlo.com\/?s={search_term_string}"},"query-input":{"@type":"PropertyValueSpecification","valueRequired":true,"valueName":"search_term_string"}}],"inLanguage":"es"},{"@type":"Organization","@id":"https:\/\/redamlo.com\/#organization","name":"NOTICIAS DE LA 4T","url":"https:\/\/redamlo.com\/","logo":{"@type":"ImageObject","inLanguage":"es","@id":"https:\/\/redamlo.com\/#\/schema\/logo\/image\/","url":"https:\/\/redamlo.com\/wp-content\/uploads\/2024\/08\/cropped-RED-AMLO-logo-50.png","contentUrl":"https:\/\/redamlo.com\/wp-content\/uploads\/2024\/08\/cropped-RED-AMLO-logo-50.png","width":256,"height":256,"caption":"NOTICIAS DE LA 4T"},"image":{"@id":"https:\/\/redamlo.com\/#\/schema\/logo\/image\/"}},{"@type":"Person","@id":"https:\/\/redamlo.com\/#\/schema\/person\/197a0a670d21b1f4f1483ddda1b64613","name":"admin","image":{"@type":"ImageObject","inLanguage":"es","@id":"https:\/\/secure.gravatar.com\/avatar\/293dccd927043f2e641da6685c2f84009782eb9ee0054daceada4e261ded849a?s=96&d=mm&r=g","url":"https:\/\/secure.gravatar.com\/avatar\/293dccd927043f2e641da6685c2f84009782eb9ee0054daceada4e261ded849a?s=96&d=mm&r=g","contentUrl":"https:\/\/secure.gravatar.com\/avatar\/293dccd927043f2e641da6685c2f84009782eb9ee0054daceada4e261ded849a?s=96&d=mm&r=g","caption":"admin"},"sameAs":["https:\/\/redamlo.com"],"url":"https:\/\/redamlo.com\/index.php\/author\/stell\/"}]}},"_links":{"self":[{"href":"https:\/\/redamlo.com\/index.php\/wp-json\/wp\/v2\/posts\/7197","targetHints":{"allow":["GET"]}}],"collection":[{"href":"https:\/\/redamlo.com\/index.php\/wp-json\/wp\/v2\/posts"}],"about":[{"href":"https:\/\/redamlo.com\/index.php\/wp-json\/wp\/v2\/types\/post"}],"author":[{"embeddable":true,"href":"https:\/\/redamlo.com\/index.php\/wp-json\/wp\/v2\/users\/1"}],"replies":[{"embeddable":true,"href":"https:\/\/redamlo.com\/index.php\/wp-json\/wp\/v2\/comments?post=7197"}],"version-history":[{"count":0,"href":"https:\/\/redamlo.com\/index.php\/wp-json\/wp\/v2\/posts\/7197\/revisions"}],"wp:featuredmedia":[{"embeddable":true,"href":"https:\/\/redamlo.com\/index.php\/wp-json\/wp\/v2\/media\/7198"}],"wp:attachment":[{"href":"https:\/\/redamlo.com\/index.php\/wp-json\/wp\/v2\/media?parent=7197"}],"wp:term":[{"taxonomy":"category","embeddable":true,"href":"https:\/\/redamlo.com\/index.php\/wp-json\/wp\/v2\/categories?post=7197"},{"taxonomy":"post_tag","embeddable":true,"href":"https:\/\/redamlo.com\/index.php\/wp-json\/wp\/v2\/tags?post=7197"}],"curies":[{"name":"wp","href":"https:\/\/api.w.org\/{rel}","templated":true}]}}