{"id":7192,"date":"2023-11-15T20:51:13","date_gmt":"2023-11-16T02:51:13","guid":{"rendered":"https:\/\/redamlo.com\/?p=7192"},"modified":"2023-11-15T20:51:13","modified_gmt":"2023-11-16T02:51:13","slug":"amlo-termina-supervision-de-ayuda-en-acapulco-y-viaja-a-san-francisco","status":"publish","type":"post","link":"https:\/\/redamlo.com\/index.php\/2023\/11\/15\/amlo-termina-supervision-de-ayuda-en-acapulco-y-viaja-a-san-francisco\/","title":{"rendered":"AMLO TERMINA SUPERVISI\u00d3N DE AYUDA EN ACAPULCO Y VIAJA A SAN FRANCISCO"},"content":{"rendered":"<p>El presidente Andr\u00e9s Manuel L\u00f3pez Obrador inform\u00f3 en sus redes sociales que termin\u00f3 la reuni\u00f3n de evaluaci\u00f3n de acciones para apoyar a la poblaci\u00f3n damnificada en Acapulco y Coyuca de Ben\u00edtez, en Guerrero.<\/p>\n<p>El jefe del Ejecutivo se dirige a San Francisco, en Estados Unidos, para participar en el Foro de Cooperaci\u00f3n Econ\u00f3mica Asia-Pac\u00edfico.<\/p>\n<blockquote class=\"twitter-tweet\" data-width=\"550\" data-dnt=\"true\">\n<p lang=\"es\" dir=\"ltr\">Terminamos la reuni\u00f3n de evaluaci\u00f3n de Acapulco y estamos saliendo a San Francisco para participar en el Foro de Cooperaci\u00f3n Econ\u00f3mica Asia-Pac\u00edfico. All\u00e1 nos espera Alicia Barcena, secretaria de Relaciones Exteriores de nuestro pa\u00eds. <a href=\"https:\/\/t.co\/KsIYsLAXqb\">pic.twitter.com\/KsIYsLAXqb<\/a><\/p>\n<p>&mdash; Andr\u00e9s Manuel (@lopezobrador_) <a href=\"https:\/\/twitter.com\/lopezobrador_\/status\/1724935833361301896?ref_src=twsrc%5Etfw\">November 15, 2023<\/a><\/p><\/blockquote>\n<p><script async src=\"https:\/\/platform.twitter.com\/widgets.js\" charset=\"utf-8\"><\/script><\/p>\n<p>La secretaria de Relaciones Exteriores, Alicia Barcena, ya se encuentra en ese pa\u00eds a la espera del mandatario, quien hoy por la ma\u00f1ana inform\u00f3 que tambi\u00e9n asistir\u00e1n las secretarias de Seguridad y Protecci\u00f3n Ciudadana, Rosa Icela Rodr\u00edguez Vel\u00e1zquez y de Econom\u00eda, Raquel Buenrostro S\u00e1nchez, as\u00ed como los secretarios de Marina, Jos\u00e9 Rafael Ojeda Dur\u00e1n y de la Defensa Nacional, Luis Cresencio Sandoval Gonz\u00e1lez para participar en las reuniones de equipos.<\/p>\n","protected":false},"excerpt":{"rendered":"<p>El presidente Andr\u00e9s Manuel L\u00f3pez Obrador inform\u00f3 en sus redes sociales que termin\u00f3 la reuni\u00f3n&#8230;<\/p>\n","protected":false},"author":1,"featured_media":7193,"comment_status":"open","ping_status":"closed","sticky":false,"template":"","format":"standard","meta":{"footnotes":""},"categories":[27],"tags":[84,2594,2595],"class_list":["post-7192","post","type-post","status-publish","format-standard","has-post-thumbnail","hentry","category-presidencia","tag-amlo","tag-foro-de-cooperacion-economica-asia-pacifico","tag-san-francisco"],"yoast_head":"<!-- This site is optimized with the Yoast SEO plugin v27.5 - https:\/\/yoast.com\/product\/yoast-seo-wordpress\/ -->\n<title>AMLO TERMINA SUPERVISI\u00d3N DE AYUDA EN ACAPULCO Y VIAJA A SAN FRANCISCO - NOTICIAS DE LA 4T<\/title>\n<meta name=\"robots\" content=\"noindex, follow, max-snippet:-1, max-image-preview:large, max-video-preview:-1\" \/>\n<meta property=\"og:locale\" content=\"es_MX\" \/>\n<meta property=\"og:type\" content=\"article\" \/>\n<meta property=\"og:title\" content=\"AMLO TERMINA SUPERVISI\u00d3N DE AYUDA EN ACAPULCO Y VIAJA A SAN FRANCISCO - NOTICIAS DE LA 4T\" \/>\n<meta property=\"og:description\" content=\"El presidente Andr\u00e9s Manuel L\u00f3pez Obrador inform\u00f3 en sus redes sociales que termin\u00f3 la reuni\u00f3n...\" \/>\n<meta property=\"og:url\" content=\"https:\/\/redamlo.com\/index.php\/2023\/11\/15\/amlo-termina-supervision-de-ayuda-en-acapulco-y-viaja-a-san-francisco\/\" \/>\n<meta property=\"og:site_name\" content=\"NOTICIAS DE LA 4T\" \/>\n<meta property=\"article:published_time\" content=\"2023-11-16T02:51:13+00:00\" \/>\n<meta property=\"og:image\" content=\"https:\/\/redamlo.com\/wp-content\/uploads\/2023\/11\/2023-11-15-Presidente-AMLO-vuelo-a-San-Francisco-745x450-1.jpg\" \/>\n\t<meta property=\"og:image:width\" content=\"745\" \/>\n\t<meta property=\"og:image:height\" content=\"450\" \/>\n\t<meta property=\"og:image:type\" content=\"image\/jpeg\" \/>\n<meta name=\"author\" content=\"admin\" \/>\n<meta name=\"twitter:card\" content=\"summary_large_image\" \/>\n<meta name=\"twitter:label1\" content=\"Escrito por\" \/>\n\t<meta name=\"twitter:data1\" content=\"admin\" \/>\n\t<meta name=\"twitter:label2\" content=\"Tiempo de lectura\" \/>\n\t<meta name=\"twitter:data2\" content=\"1 minuto\" \/>\n<script type=\"application\/ld+json\" class=\"yoast-schema-graph\">{\"@context\":\"https:\\\/\\\/schema.org\",\"@graph\":[{\"@type\":\"Article\",\"@id\":\"https:\\\/\\\/redamlo.com\\\/index.php\\\/2023\\\/11\\\/15\\\/amlo-termina-supervision-de-ayuda-en-acapulco-y-viaja-a-san-francisco\\\/#article\",\"isPartOf\":{\"@id\":\"https:\\\/\\\/redamlo.com\\\/index.php\\\/2023\\\/11\\\/15\\\/amlo-termina-supervision-de-ayuda-en-acapulco-y-viaja-a-san-francisco\\\/\"},\"author\":{\"name\":\"admin\",\"@id\":\"https:\\\/\\\/redamlo.com\\\/#\\\/schema\\\/person\\\/197a0a670d21b1f4f1483ddda1b64613\"},\"headline\":\"AMLO TERMINA SUPERVISI\u00d3N DE AYUDA EN ACAPULCO Y VIAJA A SAN FRANCISCO\",\"datePublished\":\"2023-11-16T02:51:13+00:00\",\"mainEntityOfPage\":{\"@id\":\"https:\\\/\\\/redamlo.com\\\/index.php\\\/2023\\\/11\\\/15\\\/amlo-termina-supervision-de-ayuda-en-acapulco-y-viaja-a-san-francisco\\\/\"},\"wordCount\":194,\"commentCount\":0,\"publisher\":{\"@id\":\"https:\\\/\\\/redamlo.com\\\/#organization\"},\"image\":{\"@id\":\"https:\\\/\\\/redamlo.com\\\/index.php\\\/2023\\\/11\\\/15\\\/amlo-termina-supervision-de-ayuda-en-acapulco-y-viaja-a-san-francisco\\\/#primaryimage\"},\"thumbnailUrl\":\"https:\\\/\\\/redamlo.com\\\/wp-content\\\/uploads\\\/2023\\\/11\\\/2023-11-15-Presidente-AMLO-vuelo-a-San-Francisco-745x450-1.jpg\",\"keywords\":[\"AMLO\",\"foro de cooperaci\u00f3n econ\u00f3mica asia-pacifico\",\"san francisco\"],\"articleSection\":[\"Presidencia\"],\"inLanguage\":\"es\",\"potentialAction\":[{\"@type\":\"CommentAction\",\"name\":\"Comment\",\"target\":[\"https:\\\/\\\/redamlo.com\\\/index.php\\\/2023\\\/11\\\/15\\\/amlo-termina-supervision-de-ayuda-en-acapulco-y-viaja-a-san-francisco\\\/#respond\"]}]},{\"@type\":\"WebPage\",\"@id\":\"https:\\\/\\\/redamlo.com\\\/index.php\\\/2023\\\/11\\\/15\\\/amlo-termina-supervision-de-ayuda-en-acapulco-y-viaja-a-san-francisco\\\/\",\"url\":\"https:\\\/\\\/redamlo.com\\\/index.php\\\/2023\\\/11\\\/15\\\/amlo-termina-supervision-de-ayuda-en-acapulco-y-viaja-a-san-francisco\\\/\",\"name\":\"AMLO TERMINA SUPERVISI\u00d3N DE AYUDA EN ACAPULCO Y VIAJA A SAN FRANCISCO - NOTICIAS DE LA 4T\",\"isPartOf\":{\"@id\":\"https:\\\/\\\/redamlo.com\\\/#website\"},\"primaryImageOfPage\":{\"@id\":\"https:\\\/\\\/redamlo.com\\\/index.php\\\/2023\\\/11\\\/15\\\/amlo-termina-supervision-de-ayuda-en-acapulco-y-viaja-a-san-francisco\\\/#primaryimage\"},\"image\":{\"@id\":\"https:\\\/\\\/redamlo.com\\\/index.php\\\/2023\\\/11\\\/15\\\/amlo-termina-supervision-de-ayuda-en-acapulco-y-viaja-a-san-francisco\\\/#primaryimage\"},\"thumbnailUrl\":\"https:\\\/\\\/redamlo.com\\\/wp-content\\\/uploads\\\/2023\\\/11\\\/2023-11-15-Presidente-AMLO-vuelo-a-San-Francisco-745x450-1.jpg\",\"datePublished\":\"2023-11-16T02:51:13+00:00\",\"breadcrumb\":{\"@id\":\"https:\\\/\\\/redamlo.com\\\/index.php\\\/2023\\\/11\\\/15\\\/amlo-termina-supervision-de-ayuda-en-acapulco-y-viaja-a-san-francisco\\\/#breadcrumb\"},\"inLanguage\":\"es\",\"potentialAction\":[{\"@type\":\"ReadAction\",\"target\":[\"https:\\\/\\\/redamlo.com\\\/index.php\\\/2023\\\/11\\\/15\\\/amlo-termina-supervision-de-ayuda-en-acapulco-y-viaja-a-san-francisco\\\/\"]}]},{\"@type\":\"ImageObject\",\"inLanguage\":\"es\",\"@id\":\"https:\\\/\\\/redamlo.com\\\/index.php\\\/2023\\\/11\\\/15\\\/amlo-termina-supervision-de-ayuda-en-acapulco-y-viaja-a-san-francisco\\\/#primaryimage\",\"url\":\"https:\\\/\\\/redamlo.com\\\/wp-content\\\/uploads\\\/2023\\\/11\\\/2023-11-15-Presidente-AMLO-vuelo-a-San-Francisco-745x450-1.jpg\",\"contentUrl\":\"https:\\\/\\\/redamlo.com\\\/wp-content\\\/uploads\\\/2023\\\/11\\\/2023-11-15-Presidente-AMLO-vuelo-a-San-Francisco-745x450-1.jpg\",\"width\":745,\"height\":450},{\"@type\":\"BreadcrumbList\",\"@id\":\"https:\\\/\\\/redamlo.com\\\/index.php\\\/2023\\\/11\\\/15\\\/amlo-termina-supervision-de-ayuda-en-acapulco-y-viaja-a-san-francisco\\\/#breadcrumb\",\"itemListElement\":[{\"@type\":\"ListItem\",\"position\":1,\"name\":\"Inicio\",\"item\":\"https:\\\/\\\/redamlo.com\\\/\"},{\"@type\":\"ListItem\",\"position\":2,\"name\":\"AMLO TERMINA SUPERVISI\u00d3N DE AYUDA EN ACAPULCO Y VIAJA A SAN FRANCISCO\"}]},{\"@type\":\"WebSite\",\"@id\":\"https:\\\/\\\/redamlo.com\\\/#website\",\"url\":\"https:\\\/\\\/redamlo.com\\\/\",\"name\":\"NOTICIAS DE LA 4T\",\"description\":\"\",\"publisher\":{\"@id\":\"https:\\\/\\\/redamlo.com\\\/#organization\"},\"potentialAction\":[{\"@type\":\"SearchAction\",\"target\":{\"@type\":\"EntryPoint\",\"urlTemplate\":\"https:\\\/\\\/redamlo.com\\\/?s={search_term_string}\"},\"query-input\":{\"@type\":\"PropertyValueSpecification\",\"valueRequired\":true,\"valueName\":\"search_term_string\"}}],\"inLanguage\":\"es\"},{\"@type\":\"Organization\",\"@id\":\"https:\\\/\\\/redamlo.com\\\/#organization\",\"name\":\"NOTICIAS DE LA 4T\",\"url\":\"https:\\\/\\\/redamlo.com\\\/\",\"logo\":{\"@type\":\"ImageObject\",\"inLanguage\":\"es\",\"@id\":\"https:\\\/\\\/redamlo.com\\\/#\\\/schema\\\/logo\\\/image\\\/\",\"url\":\"https:\\\/\\\/redamlo.com\\\/wp-content\\\/uploads\\\/2024\\\/08\\\/cropped-RED-AMLO-logo-50.png\",\"contentUrl\":\"https:\\\/\\\/redamlo.com\\\/wp-content\\\/uploads\\\/2024\\\/08\\\/cropped-RED-AMLO-logo-50.png\",\"width\":256,\"height\":256,\"caption\":\"NOTICIAS DE LA 4T\"},\"image\":{\"@id\":\"https:\\\/\\\/redamlo.com\\\/#\\\/schema\\\/logo\\\/image\\\/\"}},{\"@type\":\"Person\",\"@id\":\"https:\\\/\\\/redamlo.com\\\/#\\\/schema\\\/person\\\/197a0a670d21b1f4f1483ddda1b64613\",\"name\":\"admin\",\"image\":{\"@type\":\"ImageObject\",\"inLanguage\":\"es\",\"@id\":\"https:\\\/\\\/secure.gravatar.com\\\/avatar\\\/293dccd927043f2e641da6685c2f84009782eb9ee0054daceada4e261ded849a?s=96&d=mm&r=g\",\"url\":\"https:\\\/\\\/secure.gravatar.com\\\/avatar\\\/293dccd927043f2e641da6685c2f84009782eb9ee0054daceada4e261ded849a?s=96&d=mm&r=g\",\"contentUrl\":\"https:\\\/\\\/secure.gravatar.com\\\/avatar\\\/293dccd927043f2e641da6685c2f84009782eb9ee0054daceada4e261ded849a?s=96&d=mm&r=g\",\"caption\":\"admin\"},\"sameAs\":[\"https:\\\/\\\/redamlo.com\"],\"url\":\"https:\\\/\\\/redamlo.com\\\/index.php\\\/author\\\/stell\\\/\"}]}<\/script>\n<!-- \/ Yoast SEO plugin. -->","yoast_head_json":{"title":"AMLO TERMINA SUPERVISI\u00d3N DE AYUDA EN ACAPULCO Y VIAJA A SAN FRANCISCO - NOTICIAS DE LA 4T","robots":{"index":"noindex","follow":"follow","max-snippet":"max-snippet:-1","max-image-preview":"max-image-preview:large","max-video-preview":"max-video-preview:-1"},"og_locale":"es_MX","og_type":"article","og_title":"AMLO TERMINA SUPERVISI\u00d3N DE AYUDA EN ACAPULCO Y VIAJA A SAN FRANCISCO - NOTICIAS DE LA 4T","og_description":"El presidente Andr\u00e9s Manuel L\u00f3pez Obrador inform\u00f3 en sus redes sociales que termin\u00f3 la reuni\u00f3n...","og_url":"https:\/\/redamlo.com\/index.php\/2023\/11\/15\/amlo-termina-supervision-de-ayuda-en-acapulco-y-viaja-a-san-francisco\/","og_site_name":"NOTICIAS DE LA 4T","article_published_time":"2023-11-16T02:51:13+00:00","og_image":[{"width":745,"height":450,"url":"https:\/\/redamlo.com\/wp-content\/uploads\/2023\/11\/2023-11-15-Presidente-AMLO-vuelo-a-San-Francisco-745x450-1.jpg","type":"image\/jpeg"}],"author":"admin","twitter_card":"summary_large_image","twitter_misc":{"Escrito por":"admin","Tiempo de lectura":"1 minuto"},"schema":{"@context":"https:\/\/schema.org","@graph":[{"@type":"Article","@id":"https:\/\/redamlo.com\/index.php\/2023\/11\/15\/amlo-termina-supervision-de-ayuda-en-acapulco-y-viaja-a-san-francisco\/#article","isPartOf":{"@id":"https:\/\/redamlo.com\/index.php\/2023\/11\/15\/amlo-termina-supervision-de-ayuda-en-acapulco-y-viaja-a-san-francisco\/"},"author":{"name":"admin","@id":"https:\/\/redamlo.com\/#\/schema\/person\/197a0a670d21b1f4f1483ddda1b64613"},"headline":"AMLO TERMINA SUPERVISI\u00d3N DE AYUDA EN ACAPULCO Y VIAJA A SAN FRANCISCO","datePublished":"2023-11-16T02:51:13+00:00","mainEntityOfPage":{"@id":"https:\/\/redamlo.com\/index.php\/2023\/11\/15\/amlo-termina-supervision-de-ayuda-en-acapulco-y-viaja-a-san-francisco\/"},"wordCount":194,"commentCount":0,"publisher":{"@id":"https:\/\/redamlo.com\/#organization"},"image":{"@id":"https:\/\/redamlo.com\/index.php\/2023\/11\/15\/amlo-termina-supervision-de-ayuda-en-acapulco-y-viaja-a-san-francisco\/#primaryimage"},"thumbnailUrl":"https:\/\/redamlo.com\/wp-content\/uploads\/2023\/11\/2023-11-15-Presidente-AMLO-vuelo-a-San-Francisco-745x450-1.jpg","keywords":["AMLO","foro de cooperaci\u00f3n econ\u00f3mica asia-pacifico","san francisco"],"articleSection":["Presidencia"],"inLanguage":"es","potentialAction":[{"@type":"CommentAction","name":"Comment","target":["https:\/\/redamlo.com\/index.php\/2023\/11\/15\/amlo-termina-supervision-de-ayuda-en-acapulco-y-viaja-a-san-francisco\/#respond"]}]},{"@type":"WebPage","@id":"https:\/\/redamlo.com\/index.php\/2023\/11\/15\/amlo-termina-supervision-de-ayuda-en-acapulco-y-viaja-a-san-francisco\/","url":"https:\/\/redamlo.com\/index.php\/2023\/11\/15\/amlo-termina-supervision-de-ayuda-en-acapulco-y-viaja-a-san-francisco\/","name":"AMLO TERMINA SUPERVISI\u00d3N DE AYUDA EN ACAPULCO Y VIAJA A SAN FRANCISCO - NOTICIAS DE LA 4T","isPartOf":{"@id":"https:\/\/redamlo.com\/#website"},"primaryImageOfPage":{"@id":"https:\/\/redamlo.com\/index.php\/2023\/11\/15\/amlo-termina-supervision-de-ayuda-en-acapulco-y-viaja-a-san-francisco\/#primaryimage"},"image":{"@id":"https:\/\/redamlo.com\/index.php\/2023\/11\/15\/amlo-termina-supervision-de-ayuda-en-acapulco-y-viaja-a-san-francisco\/#primaryimage"},"thumbnailUrl":"https:\/\/redamlo.com\/wp-content\/uploads\/2023\/11\/2023-11-15-Presidente-AMLO-vuelo-a-San-Francisco-745x450-1.jpg","datePublished":"2023-11-16T02:51:13+00:00","breadcrumb":{"@id":"https:\/\/redamlo.com\/index.php\/2023\/11\/15\/amlo-termina-supervision-de-ayuda-en-acapulco-y-viaja-a-san-francisco\/#breadcrumb"},"inLanguage":"es","potentialAction":[{"@type":"ReadAction","target":["https:\/\/redamlo.com\/index.php\/2023\/11\/15\/amlo-termina-supervision-de-ayuda-en-acapulco-y-viaja-a-san-francisco\/"]}]},{"@type":"ImageObject","inLanguage":"es","@id":"https:\/\/redamlo.com\/index.php\/2023\/11\/15\/amlo-termina-supervision-de-ayuda-en-acapulco-y-viaja-a-san-francisco\/#primaryimage","url":"https:\/\/redamlo.com\/wp-content\/uploads\/2023\/11\/2023-11-15-Presidente-AMLO-vuelo-a-San-Francisco-745x450-1.jpg","contentUrl":"https:\/\/redamlo.com\/wp-content\/uploads\/2023\/11\/2023-11-15-Presidente-AMLO-vuelo-a-San-Francisco-745x450-1.jpg","width":745,"height":450},{"@type":"BreadcrumbList","@id":"https:\/\/redamlo.com\/index.php\/2023\/11\/15\/amlo-termina-supervision-de-ayuda-en-acapulco-y-viaja-a-san-francisco\/#breadcrumb","itemListElement":[{"@type":"ListItem","position":1,"name":"Inicio","item":"https:\/\/redamlo.com\/"},{"@type":"ListItem","position":2,"name":"AMLO TERMINA SUPERVISI\u00d3N DE AYUDA EN ACAPULCO Y VIAJA A SAN FRANCISCO"}]},{"@type":"WebSite","@id":"https:\/\/redamlo.com\/#website","url":"https:\/\/redamlo.com\/","name":"NOTICIAS DE LA 4T","description":"","publisher":{"@id":"https:\/\/redamlo.com\/#organization"},"potentialAction":[{"@type":"SearchAction","target":{"@type":"EntryPoint","urlTemplate":"https:\/\/redamlo.com\/?s={search_term_string}"},"query-input":{"@type":"PropertyValueSpecification","valueRequired":true,"valueName":"search_term_string"}}],"inLanguage":"es"},{"@type":"Organization","@id":"https:\/\/redamlo.com\/#organization","name":"NOTICIAS DE LA 4T","url":"https:\/\/redamlo.com\/","logo":{"@type":"ImageObject","inLanguage":"es","@id":"https:\/\/redamlo.com\/#\/schema\/logo\/image\/","url":"https:\/\/redamlo.com\/wp-content\/uploads\/2024\/08\/cropped-RED-AMLO-logo-50.png","contentUrl":"https:\/\/redamlo.com\/wp-content\/uploads\/2024\/08\/cropped-RED-AMLO-logo-50.png","width":256,"height":256,"caption":"NOTICIAS DE LA 4T"},"image":{"@id":"https:\/\/redamlo.com\/#\/schema\/logo\/image\/"}},{"@type":"Person","@id":"https:\/\/redamlo.com\/#\/schema\/person\/197a0a670d21b1f4f1483ddda1b64613","name":"admin","image":{"@type":"ImageObject","inLanguage":"es","@id":"https:\/\/secure.gravatar.com\/avatar\/293dccd927043f2e641da6685c2f84009782eb9ee0054daceada4e261ded849a?s=96&d=mm&r=g","url":"https:\/\/secure.gravatar.com\/avatar\/293dccd927043f2e641da6685c2f84009782eb9ee0054daceada4e261ded849a?s=96&d=mm&r=g","contentUrl":"https:\/\/secure.gravatar.com\/avatar\/293dccd927043f2e641da6685c2f84009782eb9ee0054daceada4e261ded849a?s=96&d=mm&r=g","caption":"admin"},"sameAs":["https:\/\/redamlo.com"],"url":"https:\/\/redamlo.com\/index.php\/author\/stell\/"}]}},"_links":{"self":[{"href":"https:\/\/redamlo.com\/index.php\/wp-json\/wp\/v2\/posts\/7192","targetHints":{"allow":["GET"]}}],"collection":[{"href":"https:\/\/redamlo.com\/index.php\/wp-json\/wp\/v2\/posts"}],"about":[{"href":"https:\/\/redamlo.com\/index.php\/wp-json\/wp\/v2\/types\/post"}],"author":[{"embeddable":true,"href":"https:\/\/redamlo.com\/index.php\/wp-json\/wp\/v2\/users\/1"}],"replies":[{"embeddable":true,"href":"https:\/\/redamlo.com\/index.php\/wp-json\/wp\/v2\/comments?post=7192"}],"version-history":[{"count":0,"href":"https:\/\/redamlo.com\/index.php\/wp-json\/wp\/v2\/posts\/7192\/revisions"}],"wp:featuredmedia":[{"embeddable":true,"href":"https:\/\/redamlo.com\/index.php\/wp-json\/wp\/v2\/media\/7193"}],"wp:attachment":[{"href":"https:\/\/redamlo.com\/index.php\/wp-json\/wp\/v2\/media?parent=7192"}],"wp:term":[{"taxonomy":"category","embeddable":true,"href":"https:\/\/redamlo.com\/index.php\/wp-json\/wp\/v2\/categories?post=7192"},{"taxonomy":"post_tag","embeddable":true,"href":"https:\/\/redamlo.com\/index.php\/wp-json\/wp\/v2\/tags?post=7192"}],"curies":[{"name":"wp","href":"https:\/\/api.w.org\/{rel}","templated":true}]}}