{"id":7189,"date":"2023-11-15T20:17:19","date_gmt":"2023-11-16T02:17:19","guid":{"rendered":"https:\/\/redamlo.com\/?p=7189"},"modified":"2023-11-15T20:17:19","modified_gmt":"2023-11-16T02:17:19","slug":"integrantes-del-gabinete-acompanaran-al-presidente-en-foro-de-cooperacion-economica-asia-pacifico","status":"publish","type":"post","link":"https:\/\/redamlo.com\/index.php\/2023\/11\/15\/integrantes-del-gabinete-acompanaran-al-presidente-en-foro-de-cooperacion-economica-asia-pacifico\/","title":{"rendered":"INTEGRANTES DEL GABINETE ACOMPA\u00d1AR\u00c1N AL PRESIDENTE EN FORO DE COOPERACI\u00d3N ECON\u00d3MICA ASIA-PAC\u00cdFICO"},"content":{"rendered":"<p>Previo a su viaje a\u00a0<strong>San Francisco, en Estados Unidos<\/strong>, el presidente Andr\u00e9s Manuel L\u00f3pez Obrador dio a conocer que estar\u00e1 acompa\u00f1ado por miembros del Gabinete del Gobierno de M\u00e9xico en el Foro de Cooperaci\u00f3n Econ\u00f3mica Asia-Pac\u00edfico (APEC, por sus siglas en ingl\u00e9s).<\/p>\n<p>&nbsp;<\/p>\n<p>Al encabezar la conferencia de prensa matutina detall\u00f3 que asistir\u00e1n a las reuniones de equipos las secretarias de Seguridad y Protecci\u00f3n Ciudadana, Rosa Icela Rodr\u00edguez Vel\u00e1zquez; de Econom\u00eda, Raquel Buenrostro S\u00e1nchez y de Relaciones Exteriores, Alicia B\u00e1rcena Ibarra, as\u00ed como los secretarios de Marina, Jos\u00e9 Rafael Ojeda Dur\u00e1n, y de la Defensa Nacional, Luis Cresencio Sandoval Gonz\u00e1lez.<\/p>\n<p>Entre el jueves 16 y viernes 17 de noviembre, el mandatario sostendr\u00e1 reuniones bilaterales con el primer ministro de Canad\u00e1, Justin Trudeau y los presidentes de la Rep\u00fablica Popular de China, Xi Jinping y de Estados Unidos, Joseph Biden.<\/p>\n<blockquote><p>\u201cVamos a traer buenas noticias\u201d, estim\u00f3 ante representantes de medios de comunicaci\u00f3n.<\/p><\/blockquote>\n<p>En el Sal\u00f3n de la Tesorer\u00eda de Palacio Nacional destac\u00f3 que M\u00e9xico es uno de los pa\u00edses m\u00e1s atractivos para la Inversi\u00f3n Extranjera Directa, rubro que alcanz\u00f3 un nuevo m\u00e1ximo hist\u00f3rico con 32 mil 926 millones de d\u00f3lares en el tercer trimestre del a\u00f1o.<\/p>\n<blockquote><p>\u201cHay mucho inter\u00e9s por M\u00e9xico, (\u2026) mucho inter\u00e9s en invertir en el pa\u00eds. Estamos creciendo 3.5 (por ciento) este a\u00f1o; llevamos tres a\u00f1os creciendo m\u00e1s que Estados Unidos. Somos el socio principal de Estados Unidos este a\u00f1o. Bueno, est\u00e1n muy bien las cosas\u201d, remarc\u00f3.<\/p><\/blockquote>\n<p>El presidente se refiri\u00f3 a otras cualidades excepcionales del pa\u00eds en materia econ\u00f3mica, como la fortaleza del peso mexicano y la creaci\u00f3n r\u00e9cord de puestos de trabajo, hecho que posiciona a M\u00e9xico entre las naciones con menos desempleo en el mundo.<\/p>\n<p>Adicionalmente, resalt\u00f3, el Gobierno de la Cuarta Transformaci\u00f3n redujo la pobreza y la desigualdad.<\/p>\n<blockquote><p>\u201cA eso agr\u00e9guenle lo que m\u00e1s orgullo me produce; es un timbre de orgullo poder decir que hemos logrado entre todos reducir la pobreza en M\u00e9xico\u201d, expres\u00f3.<\/p><\/blockquote>\n","protected":false},"excerpt":{"rendered":"<p>Previo a su viaje a\u00a0San Francisco, en Estados Unidos, el presidente Andr\u00e9s Manuel L\u00f3pez Obrador&#8230;<\/p>\n","protected":false},"author":1,"featured_media":7190,"comment_status":"open","ping_status":"closed","sticky":false,"template":"","format":"standard","meta":{"footnotes":""},"categories":[27],"tags":[84,2593],"class_list":["post-7189","post","type-post","status-publish","format-standard","has-post-thumbnail","hentry","category-presidencia","tag-amlo","tag-apec"],"yoast_head":"<!-- This site is optimized with the Yoast SEO plugin v27.5 - https:\/\/yoast.com\/product\/yoast-seo-wordpress\/ -->\n<title>INTEGRANTES DEL GABINETE ACOMPA\u00d1AR\u00c1N AL PRESIDENTE EN FORO DE COOPERACI\u00d3N ECON\u00d3MICA ASIA-PAC\u00cdFICO - NOTICIAS DE LA 4T<\/title>\n<meta name=\"robots\" content=\"noindex, follow, max-snippet:-1, max-image-preview:large, max-video-preview:-1\" \/>\n<meta property=\"og:locale\" content=\"es_MX\" \/>\n<meta property=\"og:type\" content=\"article\" \/>\n<meta property=\"og:title\" content=\"INTEGRANTES DEL GABINETE ACOMPA\u00d1AR\u00c1N AL PRESIDENTE EN FORO DE COOPERACI\u00d3N ECON\u00d3MICA ASIA-PAC\u00cdFICO - NOTICIAS DE LA 4T\" \/>\n<meta property=\"og:description\" content=\"Previo a su viaje a\u00a0San Francisco, en Estados Unidos, el presidente Andr\u00e9s Manuel L\u00f3pez Obrador...\" \/>\n<meta property=\"og:url\" content=\"https:\/\/redamlo.com\/index.php\/2023\/11\/15\/integrantes-del-gabinete-acompanaran-al-presidente-en-foro-de-cooperacion-economica-asia-pacifico\/\" \/>\n<meta property=\"og:site_name\" content=\"NOTICIAS DE LA 4T\" \/>\n<meta property=\"article:published_time\" content=\"2023-11-16T02:17:19+00:00\" \/>\n<meta property=\"og:image\" content=\"https:\/\/redamlo.com\/wp-content\/uploads\/2023\/11\/2023-11-15-Conferencia-de-prensa-matutina-Palacio-Nacional-Foto-05.jpg\" \/>\n\t<meta property=\"og:image:width\" content=\"1503\" \/>\n\t<meta property=\"og:image:height\" content=\"1000\" \/>\n\t<meta property=\"og:image:type\" content=\"image\/jpeg\" \/>\n<meta name=\"author\" content=\"admin\" \/>\n<meta name=\"twitter:card\" content=\"summary_large_image\" \/>\n<meta name=\"twitter:label1\" content=\"Escrito por\" \/>\n\t<meta name=\"twitter:data1\" content=\"admin\" \/>\n\t<meta name=\"twitter:label2\" content=\"Tiempo de lectura\" \/>\n\t<meta name=\"twitter:data2\" content=\"2 minutos\" \/>\n<script type=\"application\/ld+json\" class=\"yoast-schema-graph\">{\"@context\":\"https:\\\/\\\/schema.org\",\"@graph\":[{\"@type\":\"Article\",\"@id\":\"https:\\\/\\\/redamlo.com\\\/index.php\\\/2023\\\/11\\\/15\\\/integrantes-del-gabinete-acompanaran-al-presidente-en-foro-de-cooperacion-economica-asia-pacifico\\\/#article\",\"isPartOf\":{\"@id\":\"https:\\\/\\\/redamlo.com\\\/index.php\\\/2023\\\/11\\\/15\\\/integrantes-del-gabinete-acompanaran-al-presidente-en-foro-de-cooperacion-economica-asia-pacifico\\\/\"},\"author\":{\"name\":\"admin\",\"@id\":\"https:\\\/\\\/redamlo.com\\\/#\\\/schema\\\/person\\\/197a0a670d21b1f4f1483ddda1b64613\"},\"headline\":\"INTEGRANTES DEL GABINETE ACOMPA\u00d1AR\u00c1N AL PRESIDENTE EN FORO DE COOPERACI\u00d3N ECON\u00d3MICA ASIA-PAC\u00cdFICO\",\"datePublished\":\"2023-11-16T02:17:19+00:00\",\"mainEntityOfPage\":{\"@id\":\"https:\\\/\\\/redamlo.com\\\/index.php\\\/2023\\\/11\\\/15\\\/integrantes-del-gabinete-acompanaran-al-presidente-en-foro-de-cooperacion-economica-asia-pacifico\\\/\"},\"wordCount\":380,\"commentCount\":0,\"publisher\":{\"@id\":\"https:\\\/\\\/redamlo.com\\\/#organization\"},\"image\":{\"@id\":\"https:\\\/\\\/redamlo.com\\\/index.php\\\/2023\\\/11\\\/15\\\/integrantes-del-gabinete-acompanaran-al-presidente-en-foro-de-cooperacion-economica-asia-pacifico\\\/#primaryimage\"},\"thumbnailUrl\":\"https:\\\/\\\/redamlo.com\\\/wp-content\\\/uploads\\\/2023\\\/11\\\/2023-11-15-Conferencia-de-prensa-matutina-Palacio-Nacional-Foto-05.jpg\",\"keywords\":[\"AMLO\",\"apec\"],\"articleSection\":[\"Presidencia\"],\"inLanguage\":\"es\",\"potentialAction\":[{\"@type\":\"CommentAction\",\"name\":\"Comment\",\"target\":[\"https:\\\/\\\/redamlo.com\\\/index.php\\\/2023\\\/11\\\/15\\\/integrantes-del-gabinete-acompanaran-al-presidente-en-foro-de-cooperacion-economica-asia-pacifico\\\/#respond\"]}]},{\"@type\":\"WebPage\",\"@id\":\"https:\\\/\\\/redamlo.com\\\/index.php\\\/2023\\\/11\\\/15\\\/integrantes-del-gabinete-acompanaran-al-presidente-en-foro-de-cooperacion-economica-asia-pacifico\\\/\",\"url\":\"https:\\\/\\\/redamlo.com\\\/index.php\\\/2023\\\/11\\\/15\\\/integrantes-del-gabinete-acompanaran-al-presidente-en-foro-de-cooperacion-economica-asia-pacifico\\\/\",\"name\":\"INTEGRANTES DEL GABINETE ACOMPA\u00d1AR\u00c1N AL PRESIDENTE EN FORO DE COOPERACI\u00d3N ECON\u00d3MICA ASIA-PAC\u00cdFICO - NOTICIAS DE LA 4T\",\"isPartOf\":{\"@id\":\"https:\\\/\\\/redamlo.com\\\/#website\"},\"primaryImageOfPage\":{\"@id\":\"https:\\\/\\\/redamlo.com\\\/index.php\\\/2023\\\/11\\\/15\\\/integrantes-del-gabinete-acompanaran-al-presidente-en-foro-de-cooperacion-economica-asia-pacifico\\\/#primaryimage\"},\"image\":{\"@id\":\"https:\\\/\\\/redamlo.com\\\/index.php\\\/2023\\\/11\\\/15\\\/integrantes-del-gabinete-acompanaran-al-presidente-en-foro-de-cooperacion-economica-asia-pacifico\\\/#primaryimage\"},\"thumbnailUrl\":\"https:\\\/\\\/redamlo.com\\\/wp-content\\\/uploads\\\/2023\\\/11\\\/2023-11-15-Conferencia-de-prensa-matutina-Palacio-Nacional-Foto-05.jpg\",\"datePublished\":\"2023-11-16T02:17:19+00:00\",\"breadcrumb\":{\"@id\":\"https:\\\/\\\/redamlo.com\\\/index.php\\\/2023\\\/11\\\/15\\\/integrantes-del-gabinete-acompanaran-al-presidente-en-foro-de-cooperacion-economica-asia-pacifico\\\/#breadcrumb\"},\"inLanguage\":\"es\",\"potentialAction\":[{\"@type\":\"ReadAction\",\"target\":[\"https:\\\/\\\/redamlo.com\\\/index.php\\\/2023\\\/11\\\/15\\\/integrantes-del-gabinete-acompanaran-al-presidente-en-foro-de-cooperacion-economica-asia-pacifico\\\/\"]}]},{\"@type\":\"ImageObject\",\"inLanguage\":\"es\",\"@id\":\"https:\\\/\\\/redamlo.com\\\/index.php\\\/2023\\\/11\\\/15\\\/integrantes-del-gabinete-acompanaran-al-presidente-en-foro-de-cooperacion-economica-asia-pacifico\\\/#primaryimage\",\"url\":\"https:\\\/\\\/redamlo.com\\\/wp-content\\\/uploads\\\/2023\\\/11\\\/2023-11-15-Conferencia-de-prensa-matutina-Palacio-Nacional-Foto-05.jpg\",\"contentUrl\":\"https:\\\/\\\/redamlo.com\\\/wp-content\\\/uploads\\\/2023\\\/11\\\/2023-11-15-Conferencia-de-prensa-matutina-Palacio-Nacional-Foto-05.jpg\",\"width\":1503,\"height\":1000},{\"@type\":\"BreadcrumbList\",\"@id\":\"https:\\\/\\\/redamlo.com\\\/index.php\\\/2023\\\/11\\\/15\\\/integrantes-del-gabinete-acompanaran-al-presidente-en-foro-de-cooperacion-economica-asia-pacifico\\\/#breadcrumb\",\"itemListElement\":[{\"@type\":\"ListItem\",\"position\":1,\"name\":\"Inicio\",\"item\":\"https:\\\/\\\/redamlo.com\\\/\"},{\"@type\":\"ListItem\",\"position\":2,\"name\":\"INTEGRANTES DEL GABINETE ACOMPA\u00d1AR\u00c1N AL PRESIDENTE EN FORO DE COOPERACI\u00d3N ECON\u00d3MICA ASIA-PAC\u00cdFICO\"}]},{\"@type\":\"WebSite\",\"@id\":\"https:\\\/\\\/redamlo.com\\\/#website\",\"url\":\"https:\\\/\\\/redamlo.com\\\/\",\"name\":\"NOTICIAS DE LA 4T\",\"description\":\"\",\"publisher\":{\"@id\":\"https:\\\/\\\/redamlo.com\\\/#organization\"},\"potentialAction\":[{\"@type\":\"SearchAction\",\"target\":{\"@type\":\"EntryPoint\",\"urlTemplate\":\"https:\\\/\\\/redamlo.com\\\/?s={search_term_string}\"},\"query-input\":{\"@type\":\"PropertyValueSpecification\",\"valueRequired\":true,\"valueName\":\"search_term_string\"}}],\"inLanguage\":\"es\"},{\"@type\":\"Organization\",\"@id\":\"https:\\\/\\\/redamlo.com\\\/#organization\",\"name\":\"NOTICIAS DE LA 4T\",\"url\":\"https:\\\/\\\/redamlo.com\\\/\",\"logo\":{\"@type\":\"ImageObject\",\"inLanguage\":\"es\",\"@id\":\"https:\\\/\\\/redamlo.com\\\/#\\\/schema\\\/logo\\\/image\\\/\",\"url\":\"https:\\\/\\\/redamlo.com\\\/wp-content\\\/uploads\\\/2024\\\/08\\\/cropped-RED-AMLO-logo-50.png\",\"contentUrl\":\"https:\\\/\\\/redamlo.com\\\/wp-content\\\/uploads\\\/2024\\\/08\\\/cropped-RED-AMLO-logo-50.png\",\"width\":256,\"height\":256,\"caption\":\"NOTICIAS DE LA 4T\"},\"image\":{\"@id\":\"https:\\\/\\\/redamlo.com\\\/#\\\/schema\\\/logo\\\/image\\\/\"}},{\"@type\":\"Person\",\"@id\":\"https:\\\/\\\/redamlo.com\\\/#\\\/schema\\\/person\\\/197a0a670d21b1f4f1483ddda1b64613\",\"name\":\"admin\",\"image\":{\"@type\":\"ImageObject\",\"inLanguage\":\"es\",\"@id\":\"https:\\\/\\\/secure.gravatar.com\\\/avatar\\\/293dccd927043f2e641da6685c2f84009782eb9ee0054daceada4e261ded849a?s=96&d=mm&r=g\",\"url\":\"https:\\\/\\\/secure.gravatar.com\\\/avatar\\\/293dccd927043f2e641da6685c2f84009782eb9ee0054daceada4e261ded849a?s=96&d=mm&r=g\",\"contentUrl\":\"https:\\\/\\\/secure.gravatar.com\\\/avatar\\\/293dccd927043f2e641da6685c2f84009782eb9ee0054daceada4e261ded849a?s=96&d=mm&r=g\",\"caption\":\"admin\"},\"sameAs\":[\"https:\\\/\\\/redamlo.com\"],\"url\":\"https:\\\/\\\/redamlo.com\\\/index.php\\\/author\\\/stell\\\/\"}]}<\/script>\n<!-- \/ Yoast SEO plugin. -->","yoast_head_json":{"title":"INTEGRANTES DEL GABINETE ACOMPA\u00d1AR\u00c1N AL PRESIDENTE EN FORO DE COOPERACI\u00d3N ECON\u00d3MICA ASIA-PAC\u00cdFICO - NOTICIAS DE LA 4T","robots":{"index":"noindex","follow":"follow","max-snippet":"max-snippet:-1","max-image-preview":"max-image-preview:large","max-video-preview":"max-video-preview:-1"},"og_locale":"es_MX","og_type":"article","og_title":"INTEGRANTES DEL GABINETE ACOMPA\u00d1AR\u00c1N AL PRESIDENTE EN FORO DE COOPERACI\u00d3N ECON\u00d3MICA ASIA-PAC\u00cdFICO - NOTICIAS DE LA 4T","og_description":"Previo a su viaje a\u00a0San Francisco, en Estados Unidos, el presidente Andr\u00e9s Manuel L\u00f3pez Obrador...","og_url":"https:\/\/redamlo.com\/index.php\/2023\/11\/15\/integrantes-del-gabinete-acompanaran-al-presidente-en-foro-de-cooperacion-economica-asia-pacifico\/","og_site_name":"NOTICIAS DE LA 4T","article_published_time":"2023-11-16T02:17:19+00:00","og_image":[{"width":1503,"height":1000,"url":"https:\/\/redamlo.com\/wp-content\/uploads\/2023\/11\/2023-11-15-Conferencia-de-prensa-matutina-Palacio-Nacional-Foto-05.jpg","type":"image\/jpeg"}],"author":"admin","twitter_card":"summary_large_image","twitter_misc":{"Escrito por":"admin","Tiempo de lectura":"2 minutos"},"schema":{"@context":"https:\/\/schema.org","@graph":[{"@type":"Article","@id":"https:\/\/redamlo.com\/index.php\/2023\/11\/15\/integrantes-del-gabinete-acompanaran-al-presidente-en-foro-de-cooperacion-economica-asia-pacifico\/#article","isPartOf":{"@id":"https:\/\/redamlo.com\/index.php\/2023\/11\/15\/integrantes-del-gabinete-acompanaran-al-presidente-en-foro-de-cooperacion-economica-asia-pacifico\/"},"author":{"name":"admin","@id":"https:\/\/redamlo.com\/#\/schema\/person\/197a0a670d21b1f4f1483ddda1b64613"},"headline":"INTEGRANTES DEL GABINETE ACOMPA\u00d1AR\u00c1N AL PRESIDENTE EN FORO DE COOPERACI\u00d3N ECON\u00d3MICA ASIA-PAC\u00cdFICO","datePublished":"2023-11-16T02:17:19+00:00","mainEntityOfPage":{"@id":"https:\/\/redamlo.com\/index.php\/2023\/11\/15\/integrantes-del-gabinete-acompanaran-al-presidente-en-foro-de-cooperacion-economica-asia-pacifico\/"},"wordCount":380,"commentCount":0,"publisher":{"@id":"https:\/\/redamlo.com\/#organization"},"image":{"@id":"https:\/\/redamlo.com\/index.php\/2023\/11\/15\/integrantes-del-gabinete-acompanaran-al-presidente-en-foro-de-cooperacion-economica-asia-pacifico\/#primaryimage"},"thumbnailUrl":"https:\/\/redamlo.com\/wp-content\/uploads\/2023\/11\/2023-11-15-Conferencia-de-prensa-matutina-Palacio-Nacional-Foto-05.jpg","keywords":["AMLO","apec"],"articleSection":["Presidencia"],"inLanguage":"es","potentialAction":[{"@type":"CommentAction","name":"Comment","target":["https:\/\/redamlo.com\/index.php\/2023\/11\/15\/integrantes-del-gabinete-acompanaran-al-presidente-en-foro-de-cooperacion-economica-asia-pacifico\/#respond"]}]},{"@type":"WebPage","@id":"https:\/\/redamlo.com\/index.php\/2023\/11\/15\/integrantes-del-gabinete-acompanaran-al-presidente-en-foro-de-cooperacion-economica-asia-pacifico\/","url":"https:\/\/redamlo.com\/index.php\/2023\/11\/15\/integrantes-del-gabinete-acompanaran-al-presidente-en-foro-de-cooperacion-economica-asia-pacifico\/","name":"INTEGRANTES DEL GABINETE ACOMPA\u00d1AR\u00c1N AL PRESIDENTE EN FORO DE COOPERACI\u00d3N ECON\u00d3MICA ASIA-PAC\u00cdFICO - NOTICIAS DE LA 4T","isPartOf":{"@id":"https:\/\/redamlo.com\/#website"},"primaryImageOfPage":{"@id":"https:\/\/redamlo.com\/index.php\/2023\/11\/15\/integrantes-del-gabinete-acompanaran-al-presidente-en-foro-de-cooperacion-economica-asia-pacifico\/#primaryimage"},"image":{"@id":"https:\/\/redamlo.com\/index.php\/2023\/11\/15\/integrantes-del-gabinete-acompanaran-al-presidente-en-foro-de-cooperacion-economica-asia-pacifico\/#primaryimage"},"thumbnailUrl":"https:\/\/redamlo.com\/wp-content\/uploads\/2023\/11\/2023-11-15-Conferencia-de-prensa-matutina-Palacio-Nacional-Foto-05.jpg","datePublished":"2023-11-16T02:17:19+00:00","breadcrumb":{"@id":"https:\/\/redamlo.com\/index.php\/2023\/11\/15\/integrantes-del-gabinete-acompanaran-al-presidente-en-foro-de-cooperacion-economica-asia-pacifico\/#breadcrumb"},"inLanguage":"es","potentialAction":[{"@type":"ReadAction","target":["https:\/\/redamlo.com\/index.php\/2023\/11\/15\/integrantes-del-gabinete-acompanaran-al-presidente-en-foro-de-cooperacion-economica-asia-pacifico\/"]}]},{"@type":"ImageObject","inLanguage":"es","@id":"https:\/\/redamlo.com\/index.php\/2023\/11\/15\/integrantes-del-gabinete-acompanaran-al-presidente-en-foro-de-cooperacion-economica-asia-pacifico\/#primaryimage","url":"https:\/\/redamlo.com\/wp-content\/uploads\/2023\/11\/2023-11-15-Conferencia-de-prensa-matutina-Palacio-Nacional-Foto-05.jpg","contentUrl":"https:\/\/redamlo.com\/wp-content\/uploads\/2023\/11\/2023-11-15-Conferencia-de-prensa-matutina-Palacio-Nacional-Foto-05.jpg","width":1503,"height":1000},{"@type":"BreadcrumbList","@id":"https:\/\/redamlo.com\/index.php\/2023\/11\/15\/integrantes-del-gabinete-acompanaran-al-presidente-en-foro-de-cooperacion-economica-asia-pacifico\/#breadcrumb","itemListElement":[{"@type":"ListItem","position":1,"name":"Inicio","item":"https:\/\/redamlo.com\/"},{"@type":"ListItem","position":2,"name":"INTEGRANTES DEL GABINETE ACOMPA\u00d1AR\u00c1N AL PRESIDENTE EN FORO DE COOPERACI\u00d3N ECON\u00d3MICA ASIA-PAC\u00cdFICO"}]},{"@type":"WebSite","@id":"https:\/\/redamlo.com\/#website","url":"https:\/\/redamlo.com\/","name":"NOTICIAS DE LA 4T","description":"","publisher":{"@id":"https:\/\/redamlo.com\/#organization"},"potentialAction":[{"@type":"SearchAction","target":{"@type":"EntryPoint","urlTemplate":"https:\/\/redamlo.com\/?s={search_term_string}"},"query-input":{"@type":"PropertyValueSpecification","valueRequired":true,"valueName":"search_term_string"}}],"inLanguage":"es"},{"@type":"Organization","@id":"https:\/\/redamlo.com\/#organization","name":"NOTICIAS DE LA 4T","url":"https:\/\/redamlo.com\/","logo":{"@type":"ImageObject","inLanguage":"es","@id":"https:\/\/redamlo.com\/#\/schema\/logo\/image\/","url":"https:\/\/redamlo.com\/wp-content\/uploads\/2024\/08\/cropped-RED-AMLO-logo-50.png","contentUrl":"https:\/\/redamlo.com\/wp-content\/uploads\/2024\/08\/cropped-RED-AMLO-logo-50.png","width":256,"height":256,"caption":"NOTICIAS DE LA 4T"},"image":{"@id":"https:\/\/redamlo.com\/#\/schema\/logo\/image\/"}},{"@type":"Person","@id":"https:\/\/redamlo.com\/#\/schema\/person\/197a0a670d21b1f4f1483ddda1b64613","name":"admin","image":{"@type":"ImageObject","inLanguage":"es","@id":"https:\/\/secure.gravatar.com\/avatar\/293dccd927043f2e641da6685c2f84009782eb9ee0054daceada4e261ded849a?s=96&d=mm&r=g","url":"https:\/\/secure.gravatar.com\/avatar\/293dccd927043f2e641da6685c2f84009782eb9ee0054daceada4e261ded849a?s=96&d=mm&r=g","contentUrl":"https:\/\/secure.gravatar.com\/avatar\/293dccd927043f2e641da6685c2f84009782eb9ee0054daceada4e261ded849a?s=96&d=mm&r=g","caption":"admin"},"sameAs":["https:\/\/redamlo.com"],"url":"https:\/\/redamlo.com\/index.php\/author\/stell\/"}]}},"_links":{"self":[{"href":"https:\/\/redamlo.com\/index.php\/wp-json\/wp\/v2\/posts\/7189","targetHints":{"allow":["GET"]}}],"collection":[{"href":"https:\/\/redamlo.com\/index.php\/wp-json\/wp\/v2\/posts"}],"about":[{"href":"https:\/\/redamlo.com\/index.php\/wp-json\/wp\/v2\/types\/post"}],"author":[{"embeddable":true,"href":"https:\/\/redamlo.com\/index.php\/wp-json\/wp\/v2\/users\/1"}],"replies":[{"embeddable":true,"href":"https:\/\/redamlo.com\/index.php\/wp-json\/wp\/v2\/comments?post=7189"}],"version-history":[{"count":0,"href":"https:\/\/redamlo.com\/index.php\/wp-json\/wp\/v2\/posts\/7189\/revisions"}],"wp:featuredmedia":[{"embeddable":true,"href":"https:\/\/redamlo.com\/index.php\/wp-json\/wp\/v2\/media\/7190"}],"wp:attachment":[{"href":"https:\/\/redamlo.com\/index.php\/wp-json\/wp\/v2\/media?parent=7189"}],"wp:term":[{"taxonomy":"category","embeddable":true,"href":"https:\/\/redamlo.com\/index.php\/wp-json\/wp\/v2\/categories?post=7189"},{"taxonomy":"post_tag","embeddable":true,"href":"https:\/\/redamlo.com\/index.php\/wp-json\/wp\/v2\/tags?post=7189"}],"curies":[{"name":"wp","href":"https:\/\/api.w.org\/{rel}","templated":true}]}}