{"id":7182,"date":"2023-11-13T21:11:49","date_gmt":"2023-11-14T03:11:49","guid":{"rendered":"https:\/\/redamlo.com\/?p=7182"},"modified":"2023-11-13T21:11:49","modified_gmt":"2023-11-14T03:11:49","slug":"la-diputada-susana-estrada-surge-como-nuevo-liderazgo-para-la-presidencia-de-nezahualcoyotl","status":"publish","type":"post","link":"https:\/\/redamlo.com\/index.php\/2023\/11\/13\/la-diputada-susana-estrada-surge-como-nuevo-liderazgo-para-la-presidencia-de-nezahualcoyotl\/","title":{"rendered":"La diputada Susana Estrada surge como  nuevo liderazgo para la presidencia de  Nezahualc\u00f3yotl"},"content":{"rendered":"<p>Nezahualc\u00f3yotl Edom\u00e9x, 13 noviembre 2021.<br \/>\nLa consejera del Estado de M\u00e9xico, Susana Estrada, quien<br \/>\nfuera la m\u00e1s votada para ocupar esa posici\u00f3n en el municipio<br \/>\nde Nezahualc\u00f3yotl, qued\u00f3 entre las mejor posicionadas en la<br \/>\nentidad mexiquense. En un mensaje dirigido a los nezatlenses<br \/>\nfue que levant\u00f3 la mano para establecer una hoja de ruta y as\u00ed<br \/>\naparecer en las boletas electorales en el 2024, como candidata<br \/>\npor el partido gobernante y competir por la presidencia del<br \/>\nmunicipio. En ese contexto es que los internautas habitantes<br \/>\nde Neza han mostrado un apoyo decidido.<\/p>\n<p><img loading=\"lazy\" decoding=\"async\" class=\"alignnone wp-image-7183 size-large\" src=\"https:\/\/redamlo.com\/wp-content\/uploads\/2023\/11\/susana-neza-2-1024x684.jpg\" alt=\"\" width=\"640\" height=\"428\" srcset=\"https:\/\/redamlo.com\/wp-content\/uploads\/2023\/11\/susana-neza-2-1024x684.jpg 1024w, https:\/\/redamlo.com\/wp-content\/uploads\/2023\/11\/susana-neza-2-300x200.jpg 300w, https:\/\/redamlo.com\/wp-content\/uploads\/2023\/11\/susana-neza-2-768x513.jpg 768w, https:\/\/redamlo.com\/wp-content\/uploads\/2023\/11\/susana-neza-2-1536x1025.jpg 1536w, https:\/\/redamlo.com\/wp-content\/uploads\/2023\/11\/susana-neza-2.jpg 1600w\" sizes=\"auto, (max-width: 640px) 100vw, 640px\" \/><br \/>\nLa joven morenista se posiciona como una buena opci\u00f3n para<br \/>\npresidir al partido en el gobierno, ya que diferentes sondeos a<br \/>\ntrav\u00e9s de redes sociales as\u00ed la ubican.<br \/>\nEl surgimiento de este nuevo liderazgo la ubican como una<br \/>\nalternativa que est\u00e1 en la ruta del cambio generacional y con<br \/>\nideas renovadoras, teniendo siempre como m\u00e1xima el<br \/>\nproyecto de Naci\u00f3n que encabeza el presidente Andr\u00e9s Manuel<br \/>\nL\u00f3pez Obrador, la gobernadora Delfina G\u00f3mez y la<br \/>\ncoordinadora nacional de este proyecto pol\u00edtico, Claudia<br \/>\nSheinbaum.<\/p>\n<p><img loading=\"lazy\" decoding=\"async\" class=\"alignnone wp-image-7184 size-large\" src=\"https:\/\/redamlo.com\/wp-content\/uploads\/2023\/11\/susana-neza-3-1024x576.jpg\" alt=\"\" width=\"640\" height=\"360\" srcset=\"https:\/\/redamlo.com\/wp-content\/uploads\/2023\/11\/susana-neza-3-1024x576.jpg 1024w, https:\/\/redamlo.com\/wp-content\/uploads\/2023\/11\/susana-neza-3-300x169.jpg 300w, https:\/\/redamlo.com\/wp-content\/uploads\/2023\/11\/susana-neza-3-768x432.jpg 768w, https:\/\/redamlo.com\/wp-content\/uploads\/2023\/11\/susana-neza-3.jpg 1500w\" sizes=\"auto, (max-width: 640px) 100vw, 640px\" \/><br \/>\nLa tambi\u00e9n diputada suplente, ha militado en el partido morena<br \/>\ndesde los 18 a\u00f1os. A lo largo de su militancia ha mostrado su<br \/>\ncompromiso con el municipio y sus habitantes, pues es a trav\u00e9s<br \/>\nde las causas sociales que ha encabezado le permite contar<br \/>\ncon el apoyo de los y las j\u00f3venes y las familias del municipio<br \/>\nmexiquense.<\/p>\n<p><img loading=\"lazy\" decoding=\"async\" class=\"alignnone wp-image-7185 size-large\" src=\"https:\/\/redamlo.com\/wp-content\/uploads\/2023\/11\/susana-neza-4-1024x576.jpg\" alt=\"\" width=\"640\" height=\"360\" srcset=\"https:\/\/redamlo.com\/wp-content\/uploads\/2023\/11\/susana-neza-4-1024x576.jpg 1024w, https:\/\/redamlo.com\/wp-content\/uploads\/2023\/11\/susana-neza-4-300x169.jpg 300w, https:\/\/redamlo.com\/wp-content\/uploads\/2023\/11\/susana-neza-4-768x432.jpg 768w, https:\/\/redamlo.com\/wp-content\/uploads\/2023\/11\/susana-neza-4.jpg 1500w\" sizes=\"auto, (max-width: 640px) 100vw, 640px\" \/><br \/>\nActualmente es presidenta honor\u00edfica de Coyotes<br \/>\nNezahualc\u00f3yotl 4T. &#8220;Somos una fundaci\u00f3n sin fines de lucro<br \/>\ncomprometidos con el desarrollo y bienestar de nuestro<br \/>\nmunicipio y fieles a los principios de no mentir, no robar y no<br \/>\ntraicionar&#8221;. Posicion\u00f3 la propia Susana Estrada<\/p>\n","protected":false},"excerpt":{"rendered":"<p>Nezahualc\u00f3yotl Edom\u00e9x, 13 noviembre 2021. La consejera del Estado de M\u00e9xico, Susana Estrada, quien fuera&#8230;<\/p>\n","protected":false},"author":1,"featured_media":7186,"comment_status":"open","ping_status":"closed","sticky":false,"template":"","format":"standard","meta":{"footnotes":""},"categories":[3,6,5],"tags":[24,331,2592],"class_list":["post-7182","post","type-post","status-publish","format-standard","has-post-thumbnail","hentry","category-estado-de-mexico","category-estados","category-politica","tag-morena","tag-nezahualcoyotl","tag-susana-estrada"],"yoast_head":"<!-- This site is optimized with the Yoast SEO plugin v27.5 - https:\/\/yoast.com\/product\/yoast-seo-wordpress\/ -->\n<title>La diputada Susana Estrada surge como nuevo liderazgo para la presidencia de Nezahualc\u00f3yotl - NOTICIAS DE LA 4T<\/title>\n<meta name=\"robots\" content=\"noindex, follow, max-snippet:-1, max-image-preview:large, max-video-preview:-1\" \/>\n<meta property=\"og:locale\" content=\"es_MX\" \/>\n<meta property=\"og:type\" content=\"article\" \/>\n<meta property=\"og:title\" content=\"La diputada Susana Estrada surge como nuevo liderazgo para la presidencia de Nezahualc\u00f3yotl - NOTICIAS DE LA 4T\" \/>\n<meta property=\"og:description\" content=\"Nezahualc\u00f3yotl Edom\u00e9x, 13 noviembre 2021. La consejera del Estado de M\u00e9xico, Susana Estrada, quien fuera...\" \/>\n<meta property=\"og:url\" content=\"https:\/\/redamlo.com\/index.php\/2023\/11\/13\/la-diputada-susana-estrada-surge-como-nuevo-liderazgo-para-la-presidencia-de-nezahualcoyotl\/\" \/>\n<meta property=\"og:site_name\" content=\"NOTICIAS DE LA 4T\" \/>\n<meta property=\"article:published_time\" content=\"2023-11-14T03:11:49+00:00\" \/>\n<meta property=\"og:image\" content=\"https:\/\/redamlo.com\/wp-content\/uploads\/2023\/11\/susana-neza-1.jpg\" \/>\n\t<meta property=\"og:image:width\" content=\"1436\" \/>\n\t<meta property=\"og:image:height\" content=\"1600\" \/>\n\t<meta property=\"og:image:type\" content=\"image\/jpeg\" \/>\n<meta name=\"author\" content=\"admin\" \/>\n<meta name=\"twitter:card\" content=\"summary_large_image\" \/>\n<meta name=\"twitter:label1\" content=\"Escrito por\" \/>\n\t<meta name=\"twitter:data1\" content=\"admin\" \/>\n\t<meta name=\"twitter:label2\" content=\"Tiempo de lectura\" \/>\n\t<meta name=\"twitter:data2\" content=\"2 minutos\" \/>\n<script type=\"application\/ld+json\" class=\"yoast-schema-graph\">{\"@context\":\"https:\\\/\\\/schema.org\",\"@graph\":[{\"@type\":\"Article\",\"@id\":\"https:\\\/\\\/redamlo.com\\\/index.php\\\/2023\\\/11\\\/13\\\/la-diputada-susana-estrada-surge-como-nuevo-liderazgo-para-la-presidencia-de-nezahualcoyotl\\\/#article\",\"isPartOf\":{\"@id\":\"https:\\\/\\\/redamlo.com\\\/index.php\\\/2023\\\/11\\\/13\\\/la-diputada-susana-estrada-surge-como-nuevo-liderazgo-para-la-presidencia-de-nezahualcoyotl\\\/\"},\"author\":{\"name\":\"admin\",\"@id\":\"https:\\\/\\\/redamlo.com\\\/#\\\/schema\\\/person\\\/197a0a670d21b1f4f1483ddda1b64613\"},\"headline\":\"La diputada Susana Estrada surge como nuevo liderazgo para la presidencia de Nezahualc\u00f3yotl\",\"datePublished\":\"2023-11-14T03:11:49+00:00\",\"mainEntityOfPage\":{\"@id\":\"https:\\\/\\\/redamlo.com\\\/index.php\\\/2023\\\/11\\\/13\\\/la-diputada-susana-estrada-surge-como-nuevo-liderazgo-para-la-presidencia-de-nezahualcoyotl\\\/\"},\"wordCount\":304,\"commentCount\":0,\"publisher\":{\"@id\":\"https:\\\/\\\/redamlo.com\\\/#organization\"},\"image\":{\"@id\":\"https:\\\/\\\/redamlo.com\\\/index.php\\\/2023\\\/11\\\/13\\\/la-diputada-susana-estrada-surge-como-nuevo-liderazgo-para-la-presidencia-de-nezahualcoyotl\\\/#primaryimage\"},\"thumbnailUrl\":\"https:\\\/\\\/redamlo.com\\\/wp-content\\\/uploads\\\/2023\\\/11\\\/susana-neza-1.jpg\",\"keywords\":[\"Morena\",\"Nezahualc\u00f3yotl\",\"susana estrada\"],\"articleSection\":[\"Estado de M\u00e9xico\",\"Estados\",\"Pol\u00edtica\"],\"inLanguage\":\"es\",\"potentialAction\":[{\"@type\":\"CommentAction\",\"name\":\"Comment\",\"target\":[\"https:\\\/\\\/redamlo.com\\\/index.php\\\/2023\\\/11\\\/13\\\/la-diputada-susana-estrada-surge-como-nuevo-liderazgo-para-la-presidencia-de-nezahualcoyotl\\\/#respond\"]}]},{\"@type\":\"WebPage\",\"@id\":\"https:\\\/\\\/redamlo.com\\\/index.php\\\/2023\\\/11\\\/13\\\/la-diputada-susana-estrada-surge-como-nuevo-liderazgo-para-la-presidencia-de-nezahualcoyotl\\\/\",\"url\":\"https:\\\/\\\/redamlo.com\\\/index.php\\\/2023\\\/11\\\/13\\\/la-diputada-susana-estrada-surge-como-nuevo-liderazgo-para-la-presidencia-de-nezahualcoyotl\\\/\",\"name\":\"La diputada Susana Estrada surge como nuevo liderazgo para la presidencia de Nezahualc\u00f3yotl - NOTICIAS DE LA 4T\",\"isPartOf\":{\"@id\":\"https:\\\/\\\/redamlo.com\\\/#website\"},\"primaryImageOfPage\":{\"@id\":\"https:\\\/\\\/redamlo.com\\\/index.php\\\/2023\\\/11\\\/13\\\/la-diputada-susana-estrada-surge-como-nuevo-liderazgo-para-la-presidencia-de-nezahualcoyotl\\\/#primaryimage\"},\"image\":{\"@id\":\"https:\\\/\\\/redamlo.com\\\/index.php\\\/2023\\\/11\\\/13\\\/la-diputada-susana-estrada-surge-como-nuevo-liderazgo-para-la-presidencia-de-nezahualcoyotl\\\/#primaryimage\"},\"thumbnailUrl\":\"https:\\\/\\\/redamlo.com\\\/wp-content\\\/uploads\\\/2023\\\/11\\\/susana-neza-1.jpg\",\"datePublished\":\"2023-11-14T03:11:49+00:00\",\"breadcrumb\":{\"@id\":\"https:\\\/\\\/redamlo.com\\\/index.php\\\/2023\\\/11\\\/13\\\/la-diputada-susana-estrada-surge-como-nuevo-liderazgo-para-la-presidencia-de-nezahualcoyotl\\\/#breadcrumb\"},\"inLanguage\":\"es\",\"potentialAction\":[{\"@type\":\"ReadAction\",\"target\":[\"https:\\\/\\\/redamlo.com\\\/index.php\\\/2023\\\/11\\\/13\\\/la-diputada-susana-estrada-surge-como-nuevo-liderazgo-para-la-presidencia-de-nezahualcoyotl\\\/\"]}]},{\"@type\":\"ImageObject\",\"inLanguage\":\"es\",\"@id\":\"https:\\\/\\\/redamlo.com\\\/index.php\\\/2023\\\/11\\\/13\\\/la-diputada-susana-estrada-surge-como-nuevo-liderazgo-para-la-presidencia-de-nezahualcoyotl\\\/#primaryimage\",\"url\":\"https:\\\/\\\/redamlo.com\\\/wp-content\\\/uploads\\\/2023\\\/11\\\/susana-neza-1.jpg\",\"contentUrl\":\"https:\\\/\\\/redamlo.com\\\/wp-content\\\/uploads\\\/2023\\\/11\\\/susana-neza-1.jpg\",\"width\":1436,\"height\":1600},{\"@type\":\"BreadcrumbList\",\"@id\":\"https:\\\/\\\/redamlo.com\\\/index.php\\\/2023\\\/11\\\/13\\\/la-diputada-susana-estrada-surge-como-nuevo-liderazgo-para-la-presidencia-de-nezahualcoyotl\\\/#breadcrumb\",\"itemListElement\":[{\"@type\":\"ListItem\",\"position\":1,\"name\":\"Inicio\",\"item\":\"https:\\\/\\\/redamlo.com\\\/\"},{\"@type\":\"ListItem\",\"position\":2,\"name\":\"La diputada Susana Estrada surge como nuevo liderazgo para la presidencia de Nezahualc\u00f3yotl\"}]},{\"@type\":\"WebSite\",\"@id\":\"https:\\\/\\\/redamlo.com\\\/#website\",\"url\":\"https:\\\/\\\/redamlo.com\\\/\",\"name\":\"NOTICIAS DE LA 4T\",\"description\":\"\",\"publisher\":{\"@id\":\"https:\\\/\\\/redamlo.com\\\/#organization\"},\"potentialAction\":[{\"@type\":\"SearchAction\",\"target\":{\"@type\":\"EntryPoint\",\"urlTemplate\":\"https:\\\/\\\/redamlo.com\\\/?s={search_term_string}\"},\"query-input\":{\"@type\":\"PropertyValueSpecification\",\"valueRequired\":true,\"valueName\":\"search_term_string\"}}],\"inLanguage\":\"es\"},{\"@type\":\"Organization\",\"@id\":\"https:\\\/\\\/redamlo.com\\\/#organization\",\"name\":\"NOTICIAS DE LA 4T\",\"url\":\"https:\\\/\\\/redamlo.com\\\/\",\"logo\":{\"@type\":\"ImageObject\",\"inLanguage\":\"es\",\"@id\":\"https:\\\/\\\/redamlo.com\\\/#\\\/schema\\\/logo\\\/image\\\/\",\"url\":\"https:\\\/\\\/redamlo.com\\\/wp-content\\\/uploads\\\/2024\\\/08\\\/cropped-RED-AMLO-logo-50.png\",\"contentUrl\":\"https:\\\/\\\/redamlo.com\\\/wp-content\\\/uploads\\\/2024\\\/08\\\/cropped-RED-AMLO-logo-50.png\",\"width\":256,\"height\":256,\"caption\":\"NOTICIAS DE LA 4T\"},\"image\":{\"@id\":\"https:\\\/\\\/redamlo.com\\\/#\\\/schema\\\/logo\\\/image\\\/\"}},{\"@type\":\"Person\",\"@id\":\"https:\\\/\\\/redamlo.com\\\/#\\\/schema\\\/person\\\/197a0a670d21b1f4f1483ddda1b64613\",\"name\":\"admin\",\"image\":{\"@type\":\"ImageObject\",\"inLanguage\":\"es\",\"@id\":\"https:\\\/\\\/secure.gravatar.com\\\/avatar\\\/293dccd927043f2e641da6685c2f84009782eb9ee0054daceada4e261ded849a?s=96&d=mm&r=g\",\"url\":\"https:\\\/\\\/secure.gravatar.com\\\/avatar\\\/293dccd927043f2e641da6685c2f84009782eb9ee0054daceada4e261ded849a?s=96&d=mm&r=g\",\"contentUrl\":\"https:\\\/\\\/secure.gravatar.com\\\/avatar\\\/293dccd927043f2e641da6685c2f84009782eb9ee0054daceada4e261ded849a?s=96&d=mm&r=g\",\"caption\":\"admin\"},\"sameAs\":[\"https:\\\/\\\/redamlo.com\"],\"url\":\"https:\\\/\\\/redamlo.com\\\/index.php\\\/author\\\/stell\\\/\"}]}<\/script>\n<!-- \/ Yoast SEO plugin. -->","yoast_head_json":{"title":"La diputada Susana Estrada surge como nuevo liderazgo para la presidencia de Nezahualc\u00f3yotl - NOTICIAS DE LA 4T","robots":{"index":"noindex","follow":"follow","max-snippet":"max-snippet:-1","max-image-preview":"max-image-preview:large","max-video-preview":"max-video-preview:-1"},"og_locale":"es_MX","og_type":"article","og_title":"La diputada Susana Estrada surge como nuevo liderazgo para la presidencia de Nezahualc\u00f3yotl - NOTICIAS DE LA 4T","og_description":"Nezahualc\u00f3yotl Edom\u00e9x, 13 noviembre 2021. La consejera del Estado de M\u00e9xico, Susana Estrada, quien fuera...","og_url":"https:\/\/redamlo.com\/index.php\/2023\/11\/13\/la-diputada-susana-estrada-surge-como-nuevo-liderazgo-para-la-presidencia-de-nezahualcoyotl\/","og_site_name":"NOTICIAS DE LA 4T","article_published_time":"2023-11-14T03:11:49+00:00","og_image":[{"width":1436,"height":1600,"url":"https:\/\/redamlo.com\/wp-content\/uploads\/2023\/11\/susana-neza-1.jpg","type":"image\/jpeg"}],"author":"admin","twitter_card":"summary_large_image","twitter_misc":{"Escrito por":"admin","Tiempo de lectura":"2 minutos"},"schema":{"@context":"https:\/\/schema.org","@graph":[{"@type":"Article","@id":"https:\/\/redamlo.com\/index.php\/2023\/11\/13\/la-diputada-susana-estrada-surge-como-nuevo-liderazgo-para-la-presidencia-de-nezahualcoyotl\/#article","isPartOf":{"@id":"https:\/\/redamlo.com\/index.php\/2023\/11\/13\/la-diputada-susana-estrada-surge-como-nuevo-liderazgo-para-la-presidencia-de-nezahualcoyotl\/"},"author":{"name":"admin","@id":"https:\/\/redamlo.com\/#\/schema\/person\/197a0a670d21b1f4f1483ddda1b64613"},"headline":"La diputada Susana Estrada surge como nuevo liderazgo para la presidencia de Nezahualc\u00f3yotl","datePublished":"2023-11-14T03:11:49+00:00","mainEntityOfPage":{"@id":"https:\/\/redamlo.com\/index.php\/2023\/11\/13\/la-diputada-susana-estrada-surge-como-nuevo-liderazgo-para-la-presidencia-de-nezahualcoyotl\/"},"wordCount":304,"commentCount":0,"publisher":{"@id":"https:\/\/redamlo.com\/#organization"},"image":{"@id":"https:\/\/redamlo.com\/index.php\/2023\/11\/13\/la-diputada-susana-estrada-surge-como-nuevo-liderazgo-para-la-presidencia-de-nezahualcoyotl\/#primaryimage"},"thumbnailUrl":"https:\/\/redamlo.com\/wp-content\/uploads\/2023\/11\/susana-neza-1.jpg","keywords":["Morena","Nezahualc\u00f3yotl","susana estrada"],"articleSection":["Estado de M\u00e9xico","Estados","Pol\u00edtica"],"inLanguage":"es","potentialAction":[{"@type":"CommentAction","name":"Comment","target":["https:\/\/redamlo.com\/index.php\/2023\/11\/13\/la-diputada-susana-estrada-surge-como-nuevo-liderazgo-para-la-presidencia-de-nezahualcoyotl\/#respond"]}]},{"@type":"WebPage","@id":"https:\/\/redamlo.com\/index.php\/2023\/11\/13\/la-diputada-susana-estrada-surge-como-nuevo-liderazgo-para-la-presidencia-de-nezahualcoyotl\/","url":"https:\/\/redamlo.com\/index.php\/2023\/11\/13\/la-diputada-susana-estrada-surge-como-nuevo-liderazgo-para-la-presidencia-de-nezahualcoyotl\/","name":"La diputada Susana Estrada surge como nuevo liderazgo para la presidencia de Nezahualc\u00f3yotl - NOTICIAS DE LA 4T","isPartOf":{"@id":"https:\/\/redamlo.com\/#website"},"primaryImageOfPage":{"@id":"https:\/\/redamlo.com\/index.php\/2023\/11\/13\/la-diputada-susana-estrada-surge-como-nuevo-liderazgo-para-la-presidencia-de-nezahualcoyotl\/#primaryimage"},"image":{"@id":"https:\/\/redamlo.com\/index.php\/2023\/11\/13\/la-diputada-susana-estrada-surge-como-nuevo-liderazgo-para-la-presidencia-de-nezahualcoyotl\/#primaryimage"},"thumbnailUrl":"https:\/\/redamlo.com\/wp-content\/uploads\/2023\/11\/susana-neza-1.jpg","datePublished":"2023-11-14T03:11:49+00:00","breadcrumb":{"@id":"https:\/\/redamlo.com\/index.php\/2023\/11\/13\/la-diputada-susana-estrada-surge-como-nuevo-liderazgo-para-la-presidencia-de-nezahualcoyotl\/#breadcrumb"},"inLanguage":"es","potentialAction":[{"@type":"ReadAction","target":["https:\/\/redamlo.com\/index.php\/2023\/11\/13\/la-diputada-susana-estrada-surge-como-nuevo-liderazgo-para-la-presidencia-de-nezahualcoyotl\/"]}]},{"@type":"ImageObject","inLanguage":"es","@id":"https:\/\/redamlo.com\/index.php\/2023\/11\/13\/la-diputada-susana-estrada-surge-como-nuevo-liderazgo-para-la-presidencia-de-nezahualcoyotl\/#primaryimage","url":"https:\/\/redamlo.com\/wp-content\/uploads\/2023\/11\/susana-neza-1.jpg","contentUrl":"https:\/\/redamlo.com\/wp-content\/uploads\/2023\/11\/susana-neza-1.jpg","width":1436,"height":1600},{"@type":"BreadcrumbList","@id":"https:\/\/redamlo.com\/index.php\/2023\/11\/13\/la-diputada-susana-estrada-surge-como-nuevo-liderazgo-para-la-presidencia-de-nezahualcoyotl\/#breadcrumb","itemListElement":[{"@type":"ListItem","position":1,"name":"Inicio","item":"https:\/\/redamlo.com\/"},{"@type":"ListItem","position":2,"name":"La diputada Susana Estrada surge como nuevo liderazgo para la presidencia de Nezahualc\u00f3yotl"}]},{"@type":"WebSite","@id":"https:\/\/redamlo.com\/#website","url":"https:\/\/redamlo.com\/","name":"NOTICIAS DE LA 4T","description":"","publisher":{"@id":"https:\/\/redamlo.com\/#organization"},"potentialAction":[{"@type":"SearchAction","target":{"@type":"EntryPoint","urlTemplate":"https:\/\/redamlo.com\/?s={search_term_string}"},"query-input":{"@type":"PropertyValueSpecification","valueRequired":true,"valueName":"search_term_string"}}],"inLanguage":"es"},{"@type":"Organization","@id":"https:\/\/redamlo.com\/#organization","name":"NOTICIAS DE LA 4T","url":"https:\/\/redamlo.com\/","logo":{"@type":"ImageObject","inLanguage":"es","@id":"https:\/\/redamlo.com\/#\/schema\/logo\/image\/","url":"https:\/\/redamlo.com\/wp-content\/uploads\/2024\/08\/cropped-RED-AMLO-logo-50.png","contentUrl":"https:\/\/redamlo.com\/wp-content\/uploads\/2024\/08\/cropped-RED-AMLO-logo-50.png","width":256,"height":256,"caption":"NOTICIAS DE LA 4T"},"image":{"@id":"https:\/\/redamlo.com\/#\/schema\/logo\/image\/"}},{"@type":"Person","@id":"https:\/\/redamlo.com\/#\/schema\/person\/197a0a670d21b1f4f1483ddda1b64613","name":"admin","image":{"@type":"ImageObject","inLanguage":"es","@id":"https:\/\/secure.gravatar.com\/avatar\/293dccd927043f2e641da6685c2f84009782eb9ee0054daceada4e261ded849a?s=96&d=mm&r=g","url":"https:\/\/secure.gravatar.com\/avatar\/293dccd927043f2e641da6685c2f84009782eb9ee0054daceada4e261ded849a?s=96&d=mm&r=g","contentUrl":"https:\/\/secure.gravatar.com\/avatar\/293dccd927043f2e641da6685c2f84009782eb9ee0054daceada4e261ded849a?s=96&d=mm&r=g","caption":"admin"},"sameAs":["https:\/\/redamlo.com"],"url":"https:\/\/redamlo.com\/index.php\/author\/stell\/"}]}},"_links":{"self":[{"href":"https:\/\/redamlo.com\/index.php\/wp-json\/wp\/v2\/posts\/7182","targetHints":{"allow":["GET"]}}],"collection":[{"href":"https:\/\/redamlo.com\/index.php\/wp-json\/wp\/v2\/posts"}],"about":[{"href":"https:\/\/redamlo.com\/index.php\/wp-json\/wp\/v2\/types\/post"}],"author":[{"embeddable":true,"href":"https:\/\/redamlo.com\/index.php\/wp-json\/wp\/v2\/users\/1"}],"replies":[{"embeddable":true,"href":"https:\/\/redamlo.com\/index.php\/wp-json\/wp\/v2\/comments?post=7182"}],"version-history":[{"count":0,"href":"https:\/\/redamlo.com\/index.php\/wp-json\/wp\/v2\/posts\/7182\/revisions"}],"wp:featuredmedia":[{"embeddable":true,"href":"https:\/\/redamlo.com\/index.php\/wp-json\/wp\/v2\/media\/7186"}],"wp:attachment":[{"href":"https:\/\/redamlo.com\/index.php\/wp-json\/wp\/v2\/media?parent=7182"}],"wp:term":[{"taxonomy":"category","embeddable":true,"href":"https:\/\/redamlo.com\/index.php\/wp-json\/wp\/v2\/categories?post=7182"},{"taxonomy":"post_tag","embeddable":true,"href":"https:\/\/redamlo.com\/index.php\/wp-json\/wp\/v2\/tags?post=7182"}],"curies":[{"name":"wp","href":"https:\/\/api.w.org\/{rel}","templated":true}]}}