{"id":718,"date":"2019-11-22T08:38:22","date_gmt":"2019-11-22T14:38:22","guid":{"rendered":"http:\/\/redamlo.com\/?p=718"},"modified":"2019-11-22T08:38:22","modified_gmt":"2019-11-22T14:38:22","slug":"amlo-confirma-terna-para-scjn","status":"publish","type":"post","link":"https:\/\/redamlo.com\/index.php\/2019\/11\/22\/amlo-confirma-terna-para-scjn\/","title":{"rendered":"AMLO confirma terna para SCJN"},"content":{"rendered":"<h3>Ciudad de M\u00e9xico a 22 de Noviembre 2019 (Cdmx Noticias &#8211; Cdmx Press).-<\/h3>\n<p>Margarita R\u00edos-Farjat, Ana Laura Magaloni Kerpel y Diana \u00c1lvarez Maury conforman la\u00a0<strong>terna<\/strong>\u00a0que el presidente Andr\u00e9s Manuel L\u00f3pez Obrador (<strong>AMLO<\/strong>) para designar a una nueva ministra de la Suprema Corte de Justicia de la Naci\u00f3n (<strong>SCJN<\/strong>).<\/p>\n<p>&nbsp;<\/p>\n<p>Esta ma\u00f1ana, en la conferencia de prensa matutina y en el marco de la firma del \u201cAcuerdo por la Igualdad\u201d, el primer mandatario se\u00f1al\u00f3 que la terna para cubrir la vacante en el m\u00e1ximo tribunal del pa\u00eds estar\u00eda integrada por mujeres.<\/p>\n<p><strong>Margarita R\u00edos-Farjat<\/strong>\u00a0es abogada por la Facultad de Derecho y Ciencias Sociales de la Universidad Aut\u00f3noma de Nuevo Le\u00f3n (UANL) y es doctora en Pol\u00edtica P\u00fablica por la Escuela de Gobierno y Transformaci\u00f3n P\u00fablica del Tecnol\u00f3gico de Monterrey.<\/p>\n<p>Adem\u00e1s trabaj\u00f3 en el Poder Judicial de la Federaci\u00f3n de 1996 a 1999\u00a0y conform\u00f3 el colectivo Coalici\u00f3n Anticorrupci\u00f3n (2016) para adoptar e implementar el Sistema Estatal Anticorrupci\u00f3n en Nuevo Le\u00f3n. Fue nombrada el 5 de diciembre de 2018 por el presidente L\u00f3pez Obrador como Jefa del Servicio de Administraci\u00f3n Tributaria.<\/p>\n<p>En tanto que\u00a0<strong>Diana \u00c1lvarez Maury<\/strong>\u00a0es licenciada en Derecho por el ITAM y se gradu\u00f3 de la Maestr\u00eda en Administraci\u00f3n de Empresas (MBA) en la Universidad de las Am\u00e9ricas CDMX. Es Catedr\u00e1tica por m\u00e1s de 15 a\u00f1os en las materias de Derecho Constitucional, Garant\u00edas Individuales, Teor\u00eda del Estado, Sistema Pol\u00edtico y Legislaci\u00f3n Electoral.<\/p>\n<p>En su trayectoria laboral fue asesora del Consejo General del Instituto Federal Electoral (IFE), cuando se integr\u00f3 por primera vez la figura del Consejero Ciudadano; cofundadora del Instituto para la Promoci\u00f3n de la Cultura C\u00edvica, A.C. y miembro de su Consejo Directivo y consultora y asesora en temas jur\u00eddico-pol\u00edticos. Actualmente es Subsecretaria de Desarrollo Democr\u00e1tico, Participaci\u00f3n Social y Asuntos Religiosos de Segob.<\/p>\n<p><strong>Ana Laura Magaloni Kerpel<\/strong>\u00a0es licenciada en Derecho por el ITAM; doctora en Derecho por la Universidad Aut\u00f3noma de Madrid; profesora investigadora de la Divisi\u00f3n de Estudios Jur\u00eddicos del Centro de Investigaci\u00f3n y Docencia Econ\u00f3micas (CIDE) y pertenece al Sistema Nacional de Investigadores.<\/p>\n<p>&nbsp;<\/p>\n<div id=\"lx_625111\" class=\"__lxG__multi __lxG__multi_lx_625111\" data-cnt=\"2\"><\/div>\n<blockquote class=\"twitter-tweet\">\n<p dir=\"ltr\" lang=\"es\">Mar\u00eda Dolores Igareda <a href=\"https:\/\/twitter.com\/hashtag\/SCJN?src=hash&amp;ref_src=twsrc%5Etfw\">#SCJN<\/a> y Francisca Pou <a href=\"https:\/\/twitter.com\/hashtag\/ITAM?src=hash&amp;ref_src=twsrc%5Etfw\">#ITAM<\/a> destacaron la importancia del libro \u201cConstitucionalizaci\u00f3n del Derecho de Familia\u201d para entender la transformaci\u00f3n del las instituciones familiares a trav\u00e9s del trabajo interpretativo de los Tribunales Constitucionales <a href=\"https:\/\/t.co\/EJdU8qFzmw\">pic.twitter.com\/EJdU8qFzmw<\/a><\/p>\n<p>\u2014 Suprema Corte (@SCJN) <a href=\"https:\/\/twitter.com\/SCJN\/status\/1197703156311810049?ref_src=twsrc%5Etfw\">November 22, 2019<\/a><\/p><\/blockquote>\n<p><script async src=\"https:\/\/platform.twitter.com\/widgets.js\" charset=\"utf-8\"><\/script><\/p>\n","protected":false},"excerpt":{"rendered":"<p>Ciudad de M\u00e9xico a 22 de Noviembre 2019 (Cdmx Noticias &#8211; Cdmx Press).- Margarita R\u00edos-Farjat,&#8230;<\/p>\n","protected":false},"author":2,"featured_media":720,"comment_status":"open","ping_status":"closed","sticky":false,"template":"","format":"standard","meta":{"footnotes":""},"categories":[20,5,27],"tags":[],"class_list":["post-718","post","type-post","status-publish","format-standard","has-post-thumbnail","hentry","category-nacionales","category-politica","category-presidencia"],"yoast_head":"<!-- This site is optimized with the Yoast SEO plugin v27.5 - https:\/\/yoast.com\/product\/yoast-seo-wordpress\/ -->\n<title>AMLO confirma terna para SCJN - NOTICIAS DE LA 4T<\/title>\n<meta name=\"robots\" content=\"noindex, follow, max-snippet:-1, max-image-preview:large, max-video-preview:-1\" \/>\n<meta property=\"og:locale\" content=\"es_MX\" \/>\n<meta property=\"og:type\" content=\"article\" \/>\n<meta property=\"og:title\" content=\"AMLO confirma terna para SCJN - NOTICIAS DE LA 4T\" \/>\n<meta property=\"og:description\" content=\"Ciudad de M\u00e9xico a 22 de Noviembre 2019 (Cdmx Noticias &#8211; Cdmx Press).- Margarita R\u00edos-Farjat,...\" \/>\n<meta property=\"og:url\" content=\"https:\/\/redamlo.com\/index.php\/2019\/11\/22\/amlo-confirma-terna-para-scjn\/\" \/>\n<meta property=\"og:site_name\" content=\"NOTICIAS DE LA 4T\" \/>\n<meta property=\"article:published_time\" content=\"2019-11-22T14:38:22+00:00\" \/>\n<meta property=\"og:image\" content=\"https:\/\/redamlo.com\/wp-content\/uploads\/2019\/11\/TERNA-SCJN-AMLO.png\" \/>\n\t<meta property=\"og:image:width\" content=\"948\" \/>\n\t<meta property=\"og:image:height\" content=\"415\" \/>\n\t<meta property=\"og:image:type\" content=\"image\/png\" \/>\n<meta name=\"author\" content=\"Blanca\" \/>\n<meta name=\"twitter:card\" content=\"summary_large_image\" \/>\n<meta name=\"twitter:label1\" content=\"Escrito por\" \/>\n\t<meta name=\"twitter:data1\" content=\"Blanca\" \/>\n\t<meta name=\"twitter:label2\" content=\"Tiempo de lectura\" \/>\n\t<meta name=\"twitter:data2\" content=\"2 minutos\" \/>\n<script type=\"application\/ld+json\" class=\"yoast-schema-graph\">{\"@context\":\"https:\\\/\\\/schema.org\",\"@graph\":[{\"@type\":\"Article\",\"@id\":\"https:\\\/\\\/redamlo.com\\\/index.php\\\/2019\\\/11\\\/22\\\/amlo-confirma-terna-para-scjn\\\/#article\",\"isPartOf\":{\"@id\":\"https:\\\/\\\/redamlo.com\\\/index.php\\\/2019\\\/11\\\/22\\\/amlo-confirma-terna-para-scjn\\\/\"},\"author\":{\"name\":\"Blanca\",\"@id\":\"https:\\\/\\\/redamlo.com\\\/#\\\/schema\\\/person\\\/7223a4375eb8f1a782fcae010a7115cf\"},\"headline\":\"AMLO confirma terna para SCJN\",\"datePublished\":\"2019-11-22T14:38:22+00:00\",\"mainEntityOfPage\":{\"@id\":\"https:\\\/\\\/redamlo.com\\\/index.php\\\/2019\\\/11\\\/22\\\/amlo-confirma-terna-para-scjn\\\/\"},\"wordCount\":435,\"commentCount\":0,\"publisher\":{\"@id\":\"https:\\\/\\\/redamlo.com\\\/#organization\"},\"image\":{\"@id\":\"https:\\\/\\\/redamlo.com\\\/index.php\\\/2019\\\/11\\\/22\\\/amlo-confirma-terna-para-scjn\\\/#primaryimage\"},\"thumbnailUrl\":\"https:\\\/\\\/redamlo.com\\\/wp-content\\\/uploads\\\/2019\\\/11\\\/TERNA-SCJN-AMLO.png\",\"articleSection\":[\"Nacionales\",\"Pol\u00edtica\",\"Presidencia\"],\"inLanguage\":\"es\",\"potentialAction\":[{\"@type\":\"CommentAction\",\"name\":\"Comment\",\"target\":[\"https:\\\/\\\/redamlo.com\\\/index.php\\\/2019\\\/11\\\/22\\\/amlo-confirma-terna-para-scjn\\\/#respond\"]}]},{\"@type\":\"WebPage\",\"@id\":\"https:\\\/\\\/redamlo.com\\\/index.php\\\/2019\\\/11\\\/22\\\/amlo-confirma-terna-para-scjn\\\/\",\"url\":\"https:\\\/\\\/redamlo.com\\\/index.php\\\/2019\\\/11\\\/22\\\/amlo-confirma-terna-para-scjn\\\/\",\"name\":\"AMLO confirma terna para SCJN - NOTICIAS DE LA 4T\",\"isPartOf\":{\"@id\":\"https:\\\/\\\/redamlo.com\\\/#website\"},\"primaryImageOfPage\":{\"@id\":\"https:\\\/\\\/redamlo.com\\\/index.php\\\/2019\\\/11\\\/22\\\/amlo-confirma-terna-para-scjn\\\/#primaryimage\"},\"image\":{\"@id\":\"https:\\\/\\\/redamlo.com\\\/index.php\\\/2019\\\/11\\\/22\\\/amlo-confirma-terna-para-scjn\\\/#primaryimage\"},\"thumbnailUrl\":\"https:\\\/\\\/redamlo.com\\\/wp-content\\\/uploads\\\/2019\\\/11\\\/TERNA-SCJN-AMLO.png\",\"datePublished\":\"2019-11-22T14:38:22+00:00\",\"breadcrumb\":{\"@id\":\"https:\\\/\\\/redamlo.com\\\/index.php\\\/2019\\\/11\\\/22\\\/amlo-confirma-terna-para-scjn\\\/#breadcrumb\"},\"inLanguage\":\"es\",\"potentialAction\":[{\"@type\":\"ReadAction\",\"target\":[\"https:\\\/\\\/redamlo.com\\\/index.php\\\/2019\\\/11\\\/22\\\/amlo-confirma-terna-para-scjn\\\/\"]}]},{\"@type\":\"ImageObject\",\"inLanguage\":\"es\",\"@id\":\"https:\\\/\\\/redamlo.com\\\/index.php\\\/2019\\\/11\\\/22\\\/amlo-confirma-terna-para-scjn\\\/#primaryimage\",\"url\":\"https:\\\/\\\/redamlo.com\\\/wp-content\\\/uploads\\\/2019\\\/11\\\/TERNA-SCJN-AMLO.png\",\"contentUrl\":\"https:\\\/\\\/redamlo.com\\\/wp-content\\\/uploads\\\/2019\\\/11\\\/TERNA-SCJN-AMLO.png\",\"width\":948,\"height\":415},{\"@type\":\"BreadcrumbList\",\"@id\":\"https:\\\/\\\/redamlo.com\\\/index.php\\\/2019\\\/11\\\/22\\\/amlo-confirma-terna-para-scjn\\\/#breadcrumb\",\"itemListElement\":[{\"@type\":\"ListItem\",\"position\":1,\"name\":\"Inicio\",\"item\":\"https:\\\/\\\/redamlo.com\\\/\"},{\"@type\":\"ListItem\",\"position\":2,\"name\":\"AMLO confirma terna para SCJN\"}]},{\"@type\":\"WebSite\",\"@id\":\"https:\\\/\\\/redamlo.com\\\/#website\",\"url\":\"https:\\\/\\\/redamlo.com\\\/\",\"name\":\"NOTICIAS DE LA 4T\",\"description\":\"\",\"publisher\":{\"@id\":\"https:\\\/\\\/redamlo.com\\\/#organization\"},\"potentialAction\":[{\"@type\":\"SearchAction\",\"target\":{\"@type\":\"EntryPoint\",\"urlTemplate\":\"https:\\\/\\\/redamlo.com\\\/?s={search_term_string}\"},\"query-input\":{\"@type\":\"PropertyValueSpecification\",\"valueRequired\":true,\"valueName\":\"search_term_string\"}}],\"inLanguage\":\"es\"},{\"@type\":\"Organization\",\"@id\":\"https:\\\/\\\/redamlo.com\\\/#organization\",\"name\":\"NOTICIAS DE LA 4T\",\"url\":\"https:\\\/\\\/redamlo.com\\\/\",\"logo\":{\"@type\":\"ImageObject\",\"inLanguage\":\"es\",\"@id\":\"https:\\\/\\\/redamlo.com\\\/#\\\/schema\\\/logo\\\/image\\\/\",\"url\":\"https:\\\/\\\/redamlo.com\\\/wp-content\\\/uploads\\\/2024\\\/08\\\/cropped-RED-AMLO-logo-50.png\",\"contentUrl\":\"https:\\\/\\\/redamlo.com\\\/wp-content\\\/uploads\\\/2024\\\/08\\\/cropped-RED-AMLO-logo-50.png\",\"width\":256,\"height\":256,\"caption\":\"NOTICIAS DE LA 4T\"},\"image\":{\"@id\":\"https:\\\/\\\/redamlo.com\\\/#\\\/schema\\\/logo\\\/image\\\/\"}},{\"@type\":\"Person\",\"@id\":\"https:\\\/\\\/redamlo.com\\\/#\\\/schema\\\/person\\\/7223a4375eb8f1a782fcae010a7115cf\",\"name\":\"Blanca\",\"image\":{\"@type\":\"ImageObject\",\"inLanguage\":\"es\",\"@id\":\"https:\\\/\\\/secure.gravatar.com\\\/avatar\\\/3f79bc8336367a4e6093eae8757acaaf61d1124834b905616de7829b0273426d?s=96&d=mm&r=g\",\"url\":\"https:\\\/\\\/secure.gravatar.com\\\/avatar\\\/3f79bc8336367a4e6093eae8757acaaf61d1124834b905616de7829b0273426d?s=96&d=mm&r=g\",\"contentUrl\":\"https:\\\/\\\/secure.gravatar.com\\\/avatar\\\/3f79bc8336367a4e6093eae8757acaaf61d1124834b905616de7829b0273426d?s=96&d=mm&r=g\",\"caption\":\"Blanca\"},\"url\":\"https:\\\/\\\/redamlo.com\\\/index.php\\\/author\\\/blanca\\\/\"}]}<\/script>\n<!-- \/ Yoast SEO plugin. -->","yoast_head_json":{"title":"AMLO confirma terna para SCJN - NOTICIAS DE LA 4T","robots":{"index":"noindex","follow":"follow","max-snippet":"max-snippet:-1","max-image-preview":"max-image-preview:large","max-video-preview":"max-video-preview:-1"},"og_locale":"es_MX","og_type":"article","og_title":"AMLO confirma terna para SCJN - NOTICIAS DE LA 4T","og_description":"Ciudad de M\u00e9xico a 22 de Noviembre 2019 (Cdmx Noticias &#8211; Cdmx Press).- Margarita R\u00edos-Farjat,...","og_url":"https:\/\/redamlo.com\/index.php\/2019\/11\/22\/amlo-confirma-terna-para-scjn\/","og_site_name":"NOTICIAS DE LA 4T","article_published_time":"2019-11-22T14:38:22+00:00","og_image":[{"width":948,"height":415,"url":"https:\/\/redamlo.com\/wp-content\/uploads\/2019\/11\/TERNA-SCJN-AMLO.png","type":"image\/png"}],"author":"Blanca","twitter_card":"summary_large_image","twitter_misc":{"Escrito por":"Blanca","Tiempo de lectura":"2 minutos"},"schema":{"@context":"https:\/\/schema.org","@graph":[{"@type":"Article","@id":"https:\/\/redamlo.com\/index.php\/2019\/11\/22\/amlo-confirma-terna-para-scjn\/#article","isPartOf":{"@id":"https:\/\/redamlo.com\/index.php\/2019\/11\/22\/amlo-confirma-terna-para-scjn\/"},"author":{"name":"Blanca","@id":"https:\/\/redamlo.com\/#\/schema\/person\/7223a4375eb8f1a782fcae010a7115cf"},"headline":"AMLO confirma terna para SCJN","datePublished":"2019-11-22T14:38:22+00:00","mainEntityOfPage":{"@id":"https:\/\/redamlo.com\/index.php\/2019\/11\/22\/amlo-confirma-terna-para-scjn\/"},"wordCount":435,"commentCount":0,"publisher":{"@id":"https:\/\/redamlo.com\/#organization"},"image":{"@id":"https:\/\/redamlo.com\/index.php\/2019\/11\/22\/amlo-confirma-terna-para-scjn\/#primaryimage"},"thumbnailUrl":"https:\/\/redamlo.com\/wp-content\/uploads\/2019\/11\/TERNA-SCJN-AMLO.png","articleSection":["Nacionales","Pol\u00edtica","Presidencia"],"inLanguage":"es","potentialAction":[{"@type":"CommentAction","name":"Comment","target":["https:\/\/redamlo.com\/index.php\/2019\/11\/22\/amlo-confirma-terna-para-scjn\/#respond"]}]},{"@type":"WebPage","@id":"https:\/\/redamlo.com\/index.php\/2019\/11\/22\/amlo-confirma-terna-para-scjn\/","url":"https:\/\/redamlo.com\/index.php\/2019\/11\/22\/amlo-confirma-terna-para-scjn\/","name":"AMLO confirma terna para SCJN - NOTICIAS DE LA 4T","isPartOf":{"@id":"https:\/\/redamlo.com\/#website"},"primaryImageOfPage":{"@id":"https:\/\/redamlo.com\/index.php\/2019\/11\/22\/amlo-confirma-terna-para-scjn\/#primaryimage"},"image":{"@id":"https:\/\/redamlo.com\/index.php\/2019\/11\/22\/amlo-confirma-terna-para-scjn\/#primaryimage"},"thumbnailUrl":"https:\/\/redamlo.com\/wp-content\/uploads\/2019\/11\/TERNA-SCJN-AMLO.png","datePublished":"2019-11-22T14:38:22+00:00","breadcrumb":{"@id":"https:\/\/redamlo.com\/index.php\/2019\/11\/22\/amlo-confirma-terna-para-scjn\/#breadcrumb"},"inLanguage":"es","potentialAction":[{"@type":"ReadAction","target":["https:\/\/redamlo.com\/index.php\/2019\/11\/22\/amlo-confirma-terna-para-scjn\/"]}]},{"@type":"ImageObject","inLanguage":"es","@id":"https:\/\/redamlo.com\/index.php\/2019\/11\/22\/amlo-confirma-terna-para-scjn\/#primaryimage","url":"https:\/\/redamlo.com\/wp-content\/uploads\/2019\/11\/TERNA-SCJN-AMLO.png","contentUrl":"https:\/\/redamlo.com\/wp-content\/uploads\/2019\/11\/TERNA-SCJN-AMLO.png","width":948,"height":415},{"@type":"BreadcrumbList","@id":"https:\/\/redamlo.com\/index.php\/2019\/11\/22\/amlo-confirma-terna-para-scjn\/#breadcrumb","itemListElement":[{"@type":"ListItem","position":1,"name":"Inicio","item":"https:\/\/redamlo.com\/"},{"@type":"ListItem","position":2,"name":"AMLO confirma terna para SCJN"}]},{"@type":"WebSite","@id":"https:\/\/redamlo.com\/#website","url":"https:\/\/redamlo.com\/","name":"NOTICIAS DE LA 4T","description":"","publisher":{"@id":"https:\/\/redamlo.com\/#organization"},"potentialAction":[{"@type":"SearchAction","target":{"@type":"EntryPoint","urlTemplate":"https:\/\/redamlo.com\/?s={search_term_string}"},"query-input":{"@type":"PropertyValueSpecification","valueRequired":true,"valueName":"search_term_string"}}],"inLanguage":"es"},{"@type":"Organization","@id":"https:\/\/redamlo.com\/#organization","name":"NOTICIAS DE LA 4T","url":"https:\/\/redamlo.com\/","logo":{"@type":"ImageObject","inLanguage":"es","@id":"https:\/\/redamlo.com\/#\/schema\/logo\/image\/","url":"https:\/\/redamlo.com\/wp-content\/uploads\/2024\/08\/cropped-RED-AMLO-logo-50.png","contentUrl":"https:\/\/redamlo.com\/wp-content\/uploads\/2024\/08\/cropped-RED-AMLO-logo-50.png","width":256,"height":256,"caption":"NOTICIAS DE LA 4T"},"image":{"@id":"https:\/\/redamlo.com\/#\/schema\/logo\/image\/"}},{"@type":"Person","@id":"https:\/\/redamlo.com\/#\/schema\/person\/7223a4375eb8f1a782fcae010a7115cf","name":"Blanca","image":{"@type":"ImageObject","inLanguage":"es","@id":"https:\/\/secure.gravatar.com\/avatar\/3f79bc8336367a4e6093eae8757acaaf61d1124834b905616de7829b0273426d?s=96&d=mm&r=g","url":"https:\/\/secure.gravatar.com\/avatar\/3f79bc8336367a4e6093eae8757acaaf61d1124834b905616de7829b0273426d?s=96&d=mm&r=g","contentUrl":"https:\/\/secure.gravatar.com\/avatar\/3f79bc8336367a4e6093eae8757acaaf61d1124834b905616de7829b0273426d?s=96&d=mm&r=g","caption":"Blanca"},"url":"https:\/\/redamlo.com\/index.php\/author\/blanca\/"}]}},"_links":{"self":[{"href":"https:\/\/redamlo.com\/index.php\/wp-json\/wp\/v2\/posts\/718","targetHints":{"allow":["GET"]}}],"collection":[{"href":"https:\/\/redamlo.com\/index.php\/wp-json\/wp\/v2\/posts"}],"about":[{"href":"https:\/\/redamlo.com\/index.php\/wp-json\/wp\/v2\/types\/post"}],"author":[{"embeddable":true,"href":"https:\/\/redamlo.com\/index.php\/wp-json\/wp\/v2\/users\/2"}],"replies":[{"embeddable":true,"href":"https:\/\/redamlo.com\/index.php\/wp-json\/wp\/v2\/comments?post=718"}],"version-history":[{"count":0,"href":"https:\/\/redamlo.com\/index.php\/wp-json\/wp\/v2\/posts\/718\/revisions"}],"wp:featuredmedia":[{"embeddable":true,"href":"https:\/\/redamlo.com\/index.php\/wp-json\/wp\/v2\/media\/720"}],"wp:attachment":[{"href":"https:\/\/redamlo.com\/index.php\/wp-json\/wp\/v2\/media?parent=718"}],"wp:term":[{"taxonomy":"category","embeddable":true,"href":"https:\/\/redamlo.com\/index.php\/wp-json\/wp\/v2\/categories?post=718"},{"taxonomy":"post_tag","embeddable":true,"href":"https:\/\/redamlo.com\/index.php\/wp-json\/wp\/v2\/tags?post=718"}],"curies":[{"name":"wp","href":"https:\/\/api.w.org\/{rel}","templated":true}]}}