{"id":7171,"date":"2023-11-13T13:09:58","date_gmt":"2023-11-13T19:09:58","guid":{"rendered":"https:\/\/redamlo.com\/?p=7171"},"modified":"2023-11-13T13:09:58","modified_gmt":"2023-11-13T19:09:58","slug":"marcelo-ebrard-se-queda-en-morena-trabajara-para-erradicar-las-malas-practicas-al-interior-del-partido-y-buscar-la-presidencia-en-2030","status":"publish","type":"post","link":"https:\/\/redamlo.com\/index.php\/2023\/11\/13\/marcelo-ebrard-se-queda-en-morena-trabajara-para-erradicar-las-malas-practicas-al-interior-del-partido-y-buscar-la-presidencia-en-2030\/","title":{"rendered":"Marcelo Ebrard se queda en Morena; Trabajar\u00e1 para erradicar las malas pr\u00e1cticas al interior del partido y buscar la presidencia en 2030"},"content":{"rendered":"<p>Ciudad de M\u00e9xico.- Marcelo Ebrard anunci\u00f3 que se queda en Morena <span class=\"css-901oao css-16my406 r-poiln3 r-bcqeeo r-qvutc0\">para crear una corriente cr\u00edtica al interior de la Cuarta Transformaci\u00f3n y que trabajar\u00e1 para erradicar las malas pr\u00e1cticas al interior del partido.<\/span><\/p>\n<p>De igual forma <strong>puntualiz\u00f3 que estableci\u00f3 un &#8220;entendimiento pol\u00edtico&#8221; con la Dra. Claudia Sheinbaum<\/strong> y manifest\u00f3 representar la segunda fuerza pol\u00edtica al interior del partido y que buscar\u00e1 candidatura presidencial en 2030.<\/p>\n<p>&#8220;No desistir\u00e9&#8221; afirm\u00f3, &#8220;en mi objetivo de convertirme en candidato para la presidencia de la Rep\u00fablica, por ahora las condiciones no se dieron, pero tampoco voy abandonar por lo que tantos a\u00f1os he trabajado&#8221;. Asimismo, explic\u00f3 que no fue una opci\u00f3n para \u00e9l cambiar a Movimiento Ciudadano, pero que respeta mucho a ese partido.<\/p>\n<p>Marcelo Ebrard reconoci\u00f3 que Claudia Sheinbaum tiene el Bast\u00f3n de Mando y que por eso habl\u00f3 con ella para seguir trabajando por la Cuarta Transformaci\u00f3n. Por otro lado, el dirigente nacional de Morena, Mario Delgado dio ha conocer que<strong> s\u00ed hubo irregularidades en el proceso de selecci\u00f3n de coordinador de defensa de la 4T, por lo que habr\u00e1 sanciones, pero que no se repetir\u00e1 el proceso de la encuesta.<\/strong><\/p>\n","protected":false},"excerpt":{"rendered":"<p>Ciudad de M\u00e9xico.- Marcelo Ebrard anunci\u00f3 que se queda en Morena para crear una corriente&#8230;<\/p>\n","protected":false},"author":1,"featured_media":7172,"comment_status":"open","ping_status":"closed","sticky":false,"template":"","format":"standard","meta":{"footnotes":""},"categories":[5],"tags":[132,24],"class_list":["post-7171","post","type-post","status-publish","format-standard","has-post-thumbnail","hentry","category-politica","tag-marcelo-ebrard","tag-morena"],"yoast_head":"<!-- This site is optimized with the Yoast SEO plugin v27.5 - https:\/\/yoast.com\/product\/yoast-seo-wordpress\/ -->\n<title>Marcelo Ebrard se queda en Morena; Trabajar\u00e1 para erradicar las malas pr\u00e1cticas al interior del partido y buscar la presidencia en 2030 - NOTICIAS DE LA 4T<\/title>\n<meta name=\"robots\" content=\"noindex, follow, max-snippet:-1, max-image-preview:large, max-video-preview:-1\" \/>\n<meta property=\"og:locale\" content=\"es_MX\" \/>\n<meta property=\"og:type\" content=\"article\" \/>\n<meta property=\"og:title\" content=\"Marcelo Ebrard se queda en Morena; Trabajar\u00e1 para erradicar las malas pr\u00e1cticas al interior del partido y buscar la presidencia en 2030 - NOTICIAS DE LA 4T\" \/>\n<meta property=\"og:description\" content=\"Ciudad de M\u00e9xico.- Marcelo Ebrard anunci\u00f3 que se queda en Morena para crear una corriente...\" \/>\n<meta property=\"og:url\" content=\"https:\/\/redamlo.com\/index.php\/2023\/11\/13\/marcelo-ebrard-se-queda-en-morena-trabajara-para-erradicar-las-malas-practicas-al-interior-del-partido-y-buscar-la-presidencia-en-2030\/\" \/>\n<meta property=\"og:site_name\" content=\"NOTICIAS DE LA 4T\" \/>\n<meta property=\"article:published_time\" content=\"2023-11-13T19:09:58+00:00\" \/>\n<meta property=\"og:image\" content=\"https:\/\/redamlo.com\/wp-content\/uploads\/2023\/11\/WhatsApp-Image-2023-11-13-at-12.52.52.webp\" \/>\n\t<meta property=\"og:image:width\" content=\"1290\" \/>\n\t<meta property=\"og:image:height\" content=\"832\" \/>\n\t<meta property=\"og:image:type\" content=\"image\/webp\" \/>\n<meta name=\"author\" content=\"admin\" \/>\n<meta name=\"twitter:card\" content=\"summary_large_image\" \/>\n<meta name=\"twitter:label1\" content=\"Escrito por\" \/>\n\t<meta name=\"twitter:data1\" content=\"admin\" \/>\n\t<meta name=\"twitter:label2\" content=\"Tiempo de lectura\" \/>\n\t<meta name=\"twitter:data2\" content=\"1 minuto\" \/>\n<script type=\"application\/ld+json\" class=\"yoast-schema-graph\">{\"@context\":\"https:\\\/\\\/schema.org\",\"@graph\":[{\"@type\":\"Article\",\"@id\":\"https:\\\/\\\/redamlo.com\\\/index.php\\\/2023\\\/11\\\/13\\\/marcelo-ebrard-se-queda-en-morena-trabajara-para-erradicar-las-malas-practicas-al-interior-del-partido-y-buscar-la-presidencia-en-2030\\\/#article\",\"isPartOf\":{\"@id\":\"https:\\\/\\\/redamlo.com\\\/index.php\\\/2023\\\/11\\\/13\\\/marcelo-ebrard-se-queda-en-morena-trabajara-para-erradicar-las-malas-practicas-al-interior-del-partido-y-buscar-la-presidencia-en-2030\\\/\"},\"author\":{\"name\":\"admin\",\"@id\":\"https:\\\/\\\/redamlo.com\\\/#\\\/schema\\\/person\\\/197a0a670d21b1f4f1483ddda1b64613\"},\"headline\":\"Marcelo Ebrard se queda en Morena; Trabajar\u00e1 para erradicar las malas pr\u00e1cticas al interior del partido y buscar la presidencia en 2030\",\"datePublished\":\"2023-11-13T19:09:58+00:00\",\"mainEntityOfPage\":{\"@id\":\"https:\\\/\\\/redamlo.com\\\/index.php\\\/2023\\\/11\\\/13\\\/marcelo-ebrard-se-queda-en-morena-trabajara-para-erradicar-las-malas-practicas-al-interior-del-partido-y-buscar-la-presidencia-en-2030\\\/\"},\"wordCount\":223,\"commentCount\":0,\"publisher\":{\"@id\":\"https:\\\/\\\/redamlo.com\\\/#organization\"},\"image\":{\"@id\":\"https:\\\/\\\/redamlo.com\\\/index.php\\\/2023\\\/11\\\/13\\\/marcelo-ebrard-se-queda-en-morena-trabajara-para-erradicar-las-malas-practicas-al-interior-del-partido-y-buscar-la-presidencia-en-2030\\\/#primaryimage\"},\"thumbnailUrl\":\"https:\\\/\\\/redamlo.com\\\/wp-content\\\/uploads\\\/2023\\\/11\\\/WhatsApp-Image-2023-11-13-at-12.52.52.webp\",\"keywords\":[\"Marcelo Ebrard\",\"Morena\"],\"articleSection\":[\"Pol\u00edtica\"],\"inLanguage\":\"es\",\"potentialAction\":[{\"@type\":\"CommentAction\",\"name\":\"Comment\",\"target\":[\"https:\\\/\\\/redamlo.com\\\/index.php\\\/2023\\\/11\\\/13\\\/marcelo-ebrard-se-queda-en-morena-trabajara-para-erradicar-las-malas-practicas-al-interior-del-partido-y-buscar-la-presidencia-en-2030\\\/#respond\"]}]},{\"@type\":\"WebPage\",\"@id\":\"https:\\\/\\\/redamlo.com\\\/index.php\\\/2023\\\/11\\\/13\\\/marcelo-ebrard-se-queda-en-morena-trabajara-para-erradicar-las-malas-practicas-al-interior-del-partido-y-buscar-la-presidencia-en-2030\\\/\",\"url\":\"https:\\\/\\\/redamlo.com\\\/index.php\\\/2023\\\/11\\\/13\\\/marcelo-ebrard-se-queda-en-morena-trabajara-para-erradicar-las-malas-practicas-al-interior-del-partido-y-buscar-la-presidencia-en-2030\\\/\",\"name\":\"Marcelo Ebrard se queda en Morena; Trabajar\u00e1 para erradicar las malas pr\u00e1cticas al interior del partido y buscar la presidencia en 2030 - NOTICIAS DE LA 4T\",\"isPartOf\":{\"@id\":\"https:\\\/\\\/redamlo.com\\\/#website\"},\"primaryImageOfPage\":{\"@id\":\"https:\\\/\\\/redamlo.com\\\/index.php\\\/2023\\\/11\\\/13\\\/marcelo-ebrard-se-queda-en-morena-trabajara-para-erradicar-las-malas-practicas-al-interior-del-partido-y-buscar-la-presidencia-en-2030\\\/#primaryimage\"},\"image\":{\"@id\":\"https:\\\/\\\/redamlo.com\\\/index.php\\\/2023\\\/11\\\/13\\\/marcelo-ebrard-se-queda-en-morena-trabajara-para-erradicar-las-malas-practicas-al-interior-del-partido-y-buscar-la-presidencia-en-2030\\\/#primaryimage\"},\"thumbnailUrl\":\"https:\\\/\\\/redamlo.com\\\/wp-content\\\/uploads\\\/2023\\\/11\\\/WhatsApp-Image-2023-11-13-at-12.52.52.webp\",\"datePublished\":\"2023-11-13T19:09:58+00:00\",\"breadcrumb\":{\"@id\":\"https:\\\/\\\/redamlo.com\\\/index.php\\\/2023\\\/11\\\/13\\\/marcelo-ebrard-se-queda-en-morena-trabajara-para-erradicar-las-malas-practicas-al-interior-del-partido-y-buscar-la-presidencia-en-2030\\\/#breadcrumb\"},\"inLanguage\":\"es\",\"potentialAction\":[{\"@type\":\"ReadAction\",\"target\":[\"https:\\\/\\\/redamlo.com\\\/index.php\\\/2023\\\/11\\\/13\\\/marcelo-ebrard-se-queda-en-morena-trabajara-para-erradicar-las-malas-practicas-al-interior-del-partido-y-buscar-la-presidencia-en-2030\\\/\"]}]},{\"@type\":\"ImageObject\",\"inLanguage\":\"es\",\"@id\":\"https:\\\/\\\/redamlo.com\\\/index.php\\\/2023\\\/11\\\/13\\\/marcelo-ebrard-se-queda-en-morena-trabajara-para-erradicar-las-malas-practicas-al-interior-del-partido-y-buscar-la-presidencia-en-2030\\\/#primaryimage\",\"url\":\"https:\\\/\\\/redamlo.com\\\/wp-content\\\/uploads\\\/2023\\\/11\\\/WhatsApp-Image-2023-11-13-at-12.52.52.webp\",\"contentUrl\":\"https:\\\/\\\/redamlo.com\\\/wp-content\\\/uploads\\\/2023\\\/11\\\/WhatsApp-Image-2023-11-13-at-12.52.52.webp\",\"width\":1290,\"height\":832},{\"@type\":\"BreadcrumbList\",\"@id\":\"https:\\\/\\\/redamlo.com\\\/index.php\\\/2023\\\/11\\\/13\\\/marcelo-ebrard-se-queda-en-morena-trabajara-para-erradicar-las-malas-practicas-al-interior-del-partido-y-buscar-la-presidencia-en-2030\\\/#breadcrumb\",\"itemListElement\":[{\"@type\":\"ListItem\",\"position\":1,\"name\":\"Inicio\",\"item\":\"https:\\\/\\\/redamlo.com\\\/\"},{\"@type\":\"ListItem\",\"position\":2,\"name\":\"Marcelo Ebrard se queda en Morena; Trabajar\u00e1 para erradicar las malas pr\u00e1cticas al interior del partido y buscar la presidencia en 2030\"}]},{\"@type\":\"WebSite\",\"@id\":\"https:\\\/\\\/redamlo.com\\\/#website\",\"url\":\"https:\\\/\\\/redamlo.com\\\/\",\"name\":\"NOTICIAS DE LA 4T\",\"description\":\"\",\"publisher\":{\"@id\":\"https:\\\/\\\/redamlo.com\\\/#organization\"},\"potentialAction\":[{\"@type\":\"SearchAction\",\"target\":{\"@type\":\"EntryPoint\",\"urlTemplate\":\"https:\\\/\\\/redamlo.com\\\/?s={search_term_string}\"},\"query-input\":{\"@type\":\"PropertyValueSpecification\",\"valueRequired\":true,\"valueName\":\"search_term_string\"}}],\"inLanguage\":\"es\"},{\"@type\":\"Organization\",\"@id\":\"https:\\\/\\\/redamlo.com\\\/#organization\",\"name\":\"NOTICIAS DE LA 4T\",\"url\":\"https:\\\/\\\/redamlo.com\\\/\",\"logo\":{\"@type\":\"ImageObject\",\"inLanguage\":\"es\",\"@id\":\"https:\\\/\\\/redamlo.com\\\/#\\\/schema\\\/logo\\\/image\\\/\",\"url\":\"https:\\\/\\\/redamlo.com\\\/wp-content\\\/uploads\\\/2024\\\/08\\\/cropped-RED-AMLO-logo-50.png\",\"contentUrl\":\"https:\\\/\\\/redamlo.com\\\/wp-content\\\/uploads\\\/2024\\\/08\\\/cropped-RED-AMLO-logo-50.png\",\"width\":256,\"height\":256,\"caption\":\"NOTICIAS DE LA 4T\"},\"image\":{\"@id\":\"https:\\\/\\\/redamlo.com\\\/#\\\/schema\\\/logo\\\/image\\\/\"}},{\"@type\":\"Person\",\"@id\":\"https:\\\/\\\/redamlo.com\\\/#\\\/schema\\\/person\\\/197a0a670d21b1f4f1483ddda1b64613\",\"name\":\"admin\",\"image\":{\"@type\":\"ImageObject\",\"inLanguage\":\"es\",\"@id\":\"https:\\\/\\\/secure.gravatar.com\\\/avatar\\\/293dccd927043f2e641da6685c2f84009782eb9ee0054daceada4e261ded849a?s=96&d=mm&r=g\",\"url\":\"https:\\\/\\\/secure.gravatar.com\\\/avatar\\\/293dccd927043f2e641da6685c2f84009782eb9ee0054daceada4e261ded849a?s=96&d=mm&r=g\",\"contentUrl\":\"https:\\\/\\\/secure.gravatar.com\\\/avatar\\\/293dccd927043f2e641da6685c2f84009782eb9ee0054daceada4e261ded849a?s=96&d=mm&r=g\",\"caption\":\"admin\"},\"sameAs\":[\"https:\\\/\\\/redamlo.com\"],\"url\":\"https:\\\/\\\/redamlo.com\\\/index.php\\\/author\\\/stell\\\/\"}]}<\/script>\n<!-- \/ Yoast SEO plugin. -->","yoast_head_json":{"title":"Marcelo Ebrard se queda en Morena; Trabajar\u00e1 para erradicar las malas pr\u00e1cticas al interior del partido y buscar la presidencia en 2030 - NOTICIAS DE LA 4T","robots":{"index":"noindex","follow":"follow","max-snippet":"max-snippet:-1","max-image-preview":"max-image-preview:large","max-video-preview":"max-video-preview:-1"},"og_locale":"es_MX","og_type":"article","og_title":"Marcelo Ebrard se queda en Morena; Trabajar\u00e1 para erradicar las malas pr\u00e1cticas al interior del partido y buscar la presidencia en 2030 - NOTICIAS DE LA 4T","og_description":"Ciudad de M\u00e9xico.- Marcelo Ebrard anunci\u00f3 que se queda en Morena para crear una corriente...","og_url":"https:\/\/redamlo.com\/index.php\/2023\/11\/13\/marcelo-ebrard-se-queda-en-morena-trabajara-para-erradicar-las-malas-practicas-al-interior-del-partido-y-buscar-la-presidencia-en-2030\/","og_site_name":"NOTICIAS DE LA 4T","article_published_time":"2023-11-13T19:09:58+00:00","og_image":[{"width":1290,"height":832,"url":"https:\/\/redamlo.com\/wp-content\/uploads\/2023\/11\/WhatsApp-Image-2023-11-13-at-12.52.52.webp","type":"image\/webp"}],"author":"admin","twitter_card":"summary_large_image","twitter_misc":{"Escrito por":"admin","Tiempo de lectura":"1 minuto"},"schema":{"@context":"https:\/\/schema.org","@graph":[{"@type":"Article","@id":"https:\/\/redamlo.com\/index.php\/2023\/11\/13\/marcelo-ebrard-se-queda-en-morena-trabajara-para-erradicar-las-malas-practicas-al-interior-del-partido-y-buscar-la-presidencia-en-2030\/#article","isPartOf":{"@id":"https:\/\/redamlo.com\/index.php\/2023\/11\/13\/marcelo-ebrard-se-queda-en-morena-trabajara-para-erradicar-las-malas-practicas-al-interior-del-partido-y-buscar-la-presidencia-en-2030\/"},"author":{"name":"admin","@id":"https:\/\/redamlo.com\/#\/schema\/person\/197a0a670d21b1f4f1483ddda1b64613"},"headline":"Marcelo Ebrard se queda en Morena; Trabajar\u00e1 para erradicar las malas pr\u00e1cticas al interior del partido y buscar la presidencia en 2030","datePublished":"2023-11-13T19:09:58+00:00","mainEntityOfPage":{"@id":"https:\/\/redamlo.com\/index.php\/2023\/11\/13\/marcelo-ebrard-se-queda-en-morena-trabajara-para-erradicar-las-malas-practicas-al-interior-del-partido-y-buscar-la-presidencia-en-2030\/"},"wordCount":223,"commentCount":0,"publisher":{"@id":"https:\/\/redamlo.com\/#organization"},"image":{"@id":"https:\/\/redamlo.com\/index.php\/2023\/11\/13\/marcelo-ebrard-se-queda-en-morena-trabajara-para-erradicar-las-malas-practicas-al-interior-del-partido-y-buscar-la-presidencia-en-2030\/#primaryimage"},"thumbnailUrl":"https:\/\/redamlo.com\/wp-content\/uploads\/2023\/11\/WhatsApp-Image-2023-11-13-at-12.52.52.webp","keywords":["Marcelo Ebrard","Morena"],"articleSection":["Pol\u00edtica"],"inLanguage":"es","potentialAction":[{"@type":"CommentAction","name":"Comment","target":["https:\/\/redamlo.com\/index.php\/2023\/11\/13\/marcelo-ebrard-se-queda-en-morena-trabajara-para-erradicar-las-malas-practicas-al-interior-del-partido-y-buscar-la-presidencia-en-2030\/#respond"]}]},{"@type":"WebPage","@id":"https:\/\/redamlo.com\/index.php\/2023\/11\/13\/marcelo-ebrard-se-queda-en-morena-trabajara-para-erradicar-las-malas-practicas-al-interior-del-partido-y-buscar-la-presidencia-en-2030\/","url":"https:\/\/redamlo.com\/index.php\/2023\/11\/13\/marcelo-ebrard-se-queda-en-morena-trabajara-para-erradicar-las-malas-practicas-al-interior-del-partido-y-buscar-la-presidencia-en-2030\/","name":"Marcelo Ebrard se queda en Morena; Trabajar\u00e1 para erradicar las malas pr\u00e1cticas al interior del partido y buscar la presidencia en 2030 - NOTICIAS DE LA 4T","isPartOf":{"@id":"https:\/\/redamlo.com\/#website"},"primaryImageOfPage":{"@id":"https:\/\/redamlo.com\/index.php\/2023\/11\/13\/marcelo-ebrard-se-queda-en-morena-trabajara-para-erradicar-las-malas-practicas-al-interior-del-partido-y-buscar-la-presidencia-en-2030\/#primaryimage"},"image":{"@id":"https:\/\/redamlo.com\/index.php\/2023\/11\/13\/marcelo-ebrard-se-queda-en-morena-trabajara-para-erradicar-las-malas-practicas-al-interior-del-partido-y-buscar-la-presidencia-en-2030\/#primaryimage"},"thumbnailUrl":"https:\/\/redamlo.com\/wp-content\/uploads\/2023\/11\/WhatsApp-Image-2023-11-13-at-12.52.52.webp","datePublished":"2023-11-13T19:09:58+00:00","breadcrumb":{"@id":"https:\/\/redamlo.com\/index.php\/2023\/11\/13\/marcelo-ebrard-se-queda-en-morena-trabajara-para-erradicar-las-malas-practicas-al-interior-del-partido-y-buscar-la-presidencia-en-2030\/#breadcrumb"},"inLanguage":"es","potentialAction":[{"@type":"ReadAction","target":["https:\/\/redamlo.com\/index.php\/2023\/11\/13\/marcelo-ebrard-se-queda-en-morena-trabajara-para-erradicar-las-malas-practicas-al-interior-del-partido-y-buscar-la-presidencia-en-2030\/"]}]},{"@type":"ImageObject","inLanguage":"es","@id":"https:\/\/redamlo.com\/index.php\/2023\/11\/13\/marcelo-ebrard-se-queda-en-morena-trabajara-para-erradicar-las-malas-practicas-al-interior-del-partido-y-buscar-la-presidencia-en-2030\/#primaryimage","url":"https:\/\/redamlo.com\/wp-content\/uploads\/2023\/11\/WhatsApp-Image-2023-11-13-at-12.52.52.webp","contentUrl":"https:\/\/redamlo.com\/wp-content\/uploads\/2023\/11\/WhatsApp-Image-2023-11-13-at-12.52.52.webp","width":1290,"height":832},{"@type":"BreadcrumbList","@id":"https:\/\/redamlo.com\/index.php\/2023\/11\/13\/marcelo-ebrard-se-queda-en-morena-trabajara-para-erradicar-las-malas-practicas-al-interior-del-partido-y-buscar-la-presidencia-en-2030\/#breadcrumb","itemListElement":[{"@type":"ListItem","position":1,"name":"Inicio","item":"https:\/\/redamlo.com\/"},{"@type":"ListItem","position":2,"name":"Marcelo Ebrard se queda en Morena; Trabajar\u00e1 para erradicar las malas pr\u00e1cticas al interior del partido y buscar la presidencia en 2030"}]},{"@type":"WebSite","@id":"https:\/\/redamlo.com\/#website","url":"https:\/\/redamlo.com\/","name":"NOTICIAS DE LA 4T","description":"","publisher":{"@id":"https:\/\/redamlo.com\/#organization"},"potentialAction":[{"@type":"SearchAction","target":{"@type":"EntryPoint","urlTemplate":"https:\/\/redamlo.com\/?s={search_term_string}"},"query-input":{"@type":"PropertyValueSpecification","valueRequired":true,"valueName":"search_term_string"}}],"inLanguage":"es"},{"@type":"Organization","@id":"https:\/\/redamlo.com\/#organization","name":"NOTICIAS DE LA 4T","url":"https:\/\/redamlo.com\/","logo":{"@type":"ImageObject","inLanguage":"es","@id":"https:\/\/redamlo.com\/#\/schema\/logo\/image\/","url":"https:\/\/redamlo.com\/wp-content\/uploads\/2024\/08\/cropped-RED-AMLO-logo-50.png","contentUrl":"https:\/\/redamlo.com\/wp-content\/uploads\/2024\/08\/cropped-RED-AMLO-logo-50.png","width":256,"height":256,"caption":"NOTICIAS DE LA 4T"},"image":{"@id":"https:\/\/redamlo.com\/#\/schema\/logo\/image\/"}},{"@type":"Person","@id":"https:\/\/redamlo.com\/#\/schema\/person\/197a0a670d21b1f4f1483ddda1b64613","name":"admin","image":{"@type":"ImageObject","inLanguage":"es","@id":"https:\/\/secure.gravatar.com\/avatar\/293dccd927043f2e641da6685c2f84009782eb9ee0054daceada4e261ded849a?s=96&d=mm&r=g","url":"https:\/\/secure.gravatar.com\/avatar\/293dccd927043f2e641da6685c2f84009782eb9ee0054daceada4e261ded849a?s=96&d=mm&r=g","contentUrl":"https:\/\/secure.gravatar.com\/avatar\/293dccd927043f2e641da6685c2f84009782eb9ee0054daceada4e261ded849a?s=96&d=mm&r=g","caption":"admin"},"sameAs":["https:\/\/redamlo.com"],"url":"https:\/\/redamlo.com\/index.php\/author\/stell\/"}]}},"_links":{"self":[{"href":"https:\/\/redamlo.com\/index.php\/wp-json\/wp\/v2\/posts\/7171","targetHints":{"allow":["GET"]}}],"collection":[{"href":"https:\/\/redamlo.com\/index.php\/wp-json\/wp\/v2\/posts"}],"about":[{"href":"https:\/\/redamlo.com\/index.php\/wp-json\/wp\/v2\/types\/post"}],"author":[{"embeddable":true,"href":"https:\/\/redamlo.com\/index.php\/wp-json\/wp\/v2\/users\/1"}],"replies":[{"embeddable":true,"href":"https:\/\/redamlo.com\/index.php\/wp-json\/wp\/v2\/comments?post=7171"}],"version-history":[{"count":0,"href":"https:\/\/redamlo.com\/index.php\/wp-json\/wp\/v2\/posts\/7171\/revisions"}],"wp:featuredmedia":[{"embeddable":true,"href":"https:\/\/redamlo.com\/index.php\/wp-json\/wp\/v2\/media\/7172"}],"wp:attachment":[{"href":"https:\/\/redamlo.com\/index.php\/wp-json\/wp\/v2\/media?parent=7171"}],"wp:term":[{"taxonomy":"category","embeddable":true,"href":"https:\/\/redamlo.com\/index.php\/wp-json\/wp\/v2\/categories?post=7171"},{"taxonomy":"post_tag","embeddable":true,"href":"https:\/\/redamlo.com\/index.php\/wp-json\/wp\/v2\/tags?post=7171"}],"curies":[{"name":"wp","href":"https:\/\/api.w.org\/{rel}","templated":true}]}}