{"id":7153,"date":"2023-11-05T13:58:22","date_gmt":"2023-11-05T19:58:22","guid":{"rendered":"https:\/\/redamlo.com\/?p=7153"},"modified":"2023-11-05T13:58:22","modified_gmt":"2023-11-05T19:58:22","slug":"amlo-felicita-a-deportistas-mexicanos-por-obtener-tercer-lugar-en-medallero-de-juegos-panamericanos-2023","status":"publish","type":"post","link":"https:\/\/redamlo.com\/index.php\/2023\/11\/05\/amlo-felicita-a-deportistas-mexicanos-por-obtener-tercer-lugar-en-medallero-de-juegos-panamericanos-2023\/","title":{"rendered":"AMLO FELICITA A DEPORTISTAS MEXICANOS POR OBTENER TERCER LUGAR EN MEDALLERO DE JUEGOS PANAMERICANOS 2023"},"content":{"rendered":"<p>El presidente Andr\u00e9s Manuel L\u00f3pez Obrador felicit\u00f3 a las y los deportistas mexicanos que obtuvieron el tercer lugar en el medallero de los Juegos Panamericanos en Chile.<\/p>\n<p>A trav\u00e9s de sus redes sociales, el mandatario dio a conocer que la delegaci\u00f3n mexicana alcanz\u00f3 r\u00e9cord en medallas ganadas de oro con 52 de un total de 142, un hecho sin precedentes.<\/p>\n<blockquote class=\"twitter-tweet\" data-width=\"550\" data-dnt=\"true\">\n<p lang=\"es\" dir=\"ltr\">Felicidades a las y los deportistas mexicanos que obtuvieron el tercer lugar en el medallero en los Juegos Panamericanos celebrados en Chile. Se alcanz\u00f3 r\u00e9cord de oro con 52, para un total de 142 medallas, algo nunca logrado. <\/p>\n<p>Desde 1955, s\u00f3lo en dos ocasiones, en 2019 y ahora,\u2026 <a href=\"https:\/\/t.co\/qnKOsOnYs6\">pic.twitter.com\/qnKOsOnYs6<\/a><\/p>\n<p>&mdash; Andr\u00e9s Manuel (@lopezobrador_) <a href=\"https:\/\/twitter.com\/lopezobrador_\/status\/1721247383466701060?ref_src=twsrc%5Etfw\">November 5, 2023<\/a><\/p><\/blockquote>\n<p><script async src=\"https:\/\/platform.twitter.com\/widgets.js\" charset=\"utf-8\"><\/script><\/p>\n<blockquote><p>&#8220;Desde 1955, s\u00f3lo en dos ocasiones, en 2019 y ahora, ocupamos el tercer lugar&#8221;, detall\u00f3 en la publicaci\u00f3n.<\/p><\/blockquote>\n<p>El jefe del Ejecutivo reconoci\u00f3 el respaldo de familiares de las y los atletas, as\u00ed como de sus entrenadores; tambi\u00e9n a las secretar\u00edas de Marina y de la Defensa Nacional, a empresas patrocinadoras del deporte, a gobiernos estatales y a la directora de la Comisi\u00f3n Nacional de Cultura F\u00edsica y Deporte (Conade), Ana Gabriela Guevara.<\/p>\n","protected":false},"excerpt":{"rendered":"<p>El presidente Andr\u00e9s Manuel L\u00f3pez Obrador felicit\u00f3 a las y los deportistas mexicanos que obtuvieron&#8230;<\/p>\n","protected":false},"author":1,"featured_media":7154,"comment_status":"open","ping_status":"closed","sticky":false,"template":"","format":"standard","meta":{"footnotes":""},"categories":[94,20],"tags":[84,2588],"class_list":["post-7153","post","type-post","status-publish","format-standard","has-post-thumbnail","hentry","category-deportes","category-nacionales","tag-amlo","tag-juegos-panamericanos-2023"],"yoast_head":"<!-- This site is optimized with the Yoast SEO plugin v27.5 - https:\/\/yoast.com\/product\/yoast-seo-wordpress\/ -->\n<title>AMLO FELICITA A DEPORTISTAS MEXICANOS POR OBTENER TERCER LUGAR EN MEDALLERO DE JUEGOS PANAMERICANOS 2023 - NOTICIAS DE LA 4T<\/title>\n<meta name=\"robots\" content=\"noindex, follow, max-snippet:-1, max-image-preview:large, max-video-preview:-1\" \/>\n<meta property=\"og:locale\" content=\"es_MX\" \/>\n<meta property=\"og:type\" content=\"article\" \/>\n<meta property=\"og:title\" content=\"AMLO FELICITA A DEPORTISTAS MEXICANOS POR OBTENER TERCER LUGAR EN MEDALLERO DE JUEGOS PANAMERICANOS 2023 - NOTICIAS DE LA 4T\" \/>\n<meta property=\"og:description\" content=\"El presidente Andr\u00e9s Manuel L\u00f3pez Obrador felicit\u00f3 a las y los deportistas mexicanos que obtuvieron...\" \/>\n<meta property=\"og:url\" content=\"https:\/\/redamlo.com\/index.php\/2023\/11\/05\/amlo-felicita-a-deportistas-mexicanos-por-obtener-tercer-lugar-en-medallero-de-juegos-panamericanos-2023\/\" \/>\n<meta property=\"og:site_name\" content=\"NOTICIAS DE LA 4T\" \/>\n<meta property=\"article:published_time\" content=\"2023-11-05T19:58:22+00:00\" \/>\n<meta property=\"og:image\" content=\"https:\/\/redamlo.com\/wp-content\/uploads\/2023\/11\/2023-10-16-Abanderamiento-de-la-Delegacion-Mexicana-15.jpg\" \/>\n\t<meta property=\"og:image:width\" content=\"1502\" \/>\n\t<meta property=\"og:image:height\" content=\"1000\" \/>\n\t<meta property=\"og:image:type\" content=\"image\/jpeg\" \/>\n<meta name=\"author\" content=\"admin\" \/>\n<meta name=\"twitter:card\" content=\"summary_large_image\" \/>\n<meta name=\"twitter:label1\" content=\"Escrito por\" \/>\n\t<meta name=\"twitter:data1\" content=\"admin\" \/>\n\t<meta name=\"twitter:label2\" content=\"Tiempo de lectura\" \/>\n\t<meta name=\"twitter:data2\" content=\"1 minuto\" \/>\n<script type=\"application\/ld+json\" class=\"yoast-schema-graph\">{\"@context\":\"https:\\\/\\\/schema.org\",\"@graph\":[{\"@type\":\"Article\",\"@id\":\"https:\\\/\\\/redamlo.com\\\/index.php\\\/2023\\\/11\\\/05\\\/amlo-felicita-a-deportistas-mexicanos-por-obtener-tercer-lugar-en-medallero-de-juegos-panamericanos-2023\\\/#article\",\"isPartOf\":{\"@id\":\"https:\\\/\\\/redamlo.com\\\/index.php\\\/2023\\\/11\\\/05\\\/amlo-felicita-a-deportistas-mexicanos-por-obtener-tercer-lugar-en-medallero-de-juegos-panamericanos-2023\\\/\"},\"author\":{\"name\":\"admin\",\"@id\":\"https:\\\/\\\/redamlo.com\\\/#\\\/schema\\\/person\\\/197a0a670d21b1f4f1483ddda1b64613\"},\"headline\":\"AMLO FELICITA A DEPORTISTAS MEXICANOS POR OBTENER TERCER LUGAR EN MEDALLERO DE JUEGOS PANAMERICANOS 2023\",\"datePublished\":\"2023-11-05T19:58:22+00:00\",\"mainEntityOfPage\":{\"@id\":\"https:\\\/\\\/redamlo.com\\\/index.php\\\/2023\\\/11\\\/05\\\/amlo-felicita-a-deportistas-mexicanos-por-obtener-tercer-lugar-en-medallero-de-juegos-panamericanos-2023\\\/\"},\"wordCount\":190,\"commentCount\":0,\"publisher\":{\"@id\":\"https:\\\/\\\/redamlo.com\\\/#organization\"},\"image\":{\"@id\":\"https:\\\/\\\/redamlo.com\\\/index.php\\\/2023\\\/11\\\/05\\\/amlo-felicita-a-deportistas-mexicanos-por-obtener-tercer-lugar-en-medallero-de-juegos-panamericanos-2023\\\/#primaryimage\"},\"thumbnailUrl\":\"https:\\\/\\\/redamlo.com\\\/wp-content\\\/uploads\\\/2023\\\/11\\\/2023-10-16-Abanderamiento-de-la-Delegacion-Mexicana-15.jpg\",\"keywords\":[\"AMLO\",\"juegos panamericanos 2023\"],\"articleSection\":[\"Deportes\",\"Nacionales\"],\"inLanguage\":\"es\",\"potentialAction\":[{\"@type\":\"CommentAction\",\"name\":\"Comment\",\"target\":[\"https:\\\/\\\/redamlo.com\\\/index.php\\\/2023\\\/11\\\/05\\\/amlo-felicita-a-deportistas-mexicanos-por-obtener-tercer-lugar-en-medallero-de-juegos-panamericanos-2023\\\/#respond\"]}]},{\"@type\":\"WebPage\",\"@id\":\"https:\\\/\\\/redamlo.com\\\/index.php\\\/2023\\\/11\\\/05\\\/amlo-felicita-a-deportistas-mexicanos-por-obtener-tercer-lugar-en-medallero-de-juegos-panamericanos-2023\\\/\",\"url\":\"https:\\\/\\\/redamlo.com\\\/index.php\\\/2023\\\/11\\\/05\\\/amlo-felicita-a-deportistas-mexicanos-por-obtener-tercer-lugar-en-medallero-de-juegos-panamericanos-2023\\\/\",\"name\":\"AMLO FELICITA A DEPORTISTAS MEXICANOS POR OBTENER TERCER LUGAR EN MEDALLERO DE JUEGOS PANAMERICANOS 2023 - NOTICIAS DE LA 4T\",\"isPartOf\":{\"@id\":\"https:\\\/\\\/redamlo.com\\\/#website\"},\"primaryImageOfPage\":{\"@id\":\"https:\\\/\\\/redamlo.com\\\/index.php\\\/2023\\\/11\\\/05\\\/amlo-felicita-a-deportistas-mexicanos-por-obtener-tercer-lugar-en-medallero-de-juegos-panamericanos-2023\\\/#primaryimage\"},\"image\":{\"@id\":\"https:\\\/\\\/redamlo.com\\\/index.php\\\/2023\\\/11\\\/05\\\/amlo-felicita-a-deportistas-mexicanos-por-obtener-tercer-lugar-en-medallero-de-juegos-panamericanos-2023\\\/#primaryimage\"},\"thumbnailUrl\":\"https:\\\/\\\/redamlo.com\\\/wp-content\\\/uploads\\\/2023\\\/11\\\/2023-10-16-Abanderamiento-de-la-Delegacion-Mexicana-15.jpg\",\"datePublished\":\"2023-11-05T19:58:22+00:00\",\"breadcrumb\":{\"@id\":\"https:\\\/\\\/redamlo.com\\\/index.php\\\/2023\\\/11\\\/05\\\/amlo-felicita-a-deportistas-mexicanos-por-obtener-tercer-lugar-en-medallero-de-juegos-panamericanos-2023\\\/#breadcrumb\"},\"inLanguage\":\"es\",\"potentialAction\":[{\"@type\":\"ReadAction\",\"target\":[\"https:\\\/\\\/redamlo.com\\\/index.php\\\/2023\\\/11\\\/05\\\/amlo-felicita-a-deportistas-mexicanos-por-obtener-tercer-lugar-en-medallero-de-juegos-panamericanos-2023\\\/\"]}]},{\"@type\":\"ImageObject\",\"inLanguage\":\"es\",\"@id\":\"https:\\\/\\\/redamlo.com\\\/index.php\\\/2023\\\/11\\\/05\\\/amlo-felicita-a-deportistas-mexicanos-por-obtener-tercer-lugar-en-medallero-de-juegos-panamericanos-2023\\\/#primaryimage\",\"url\":\"https:\\\/\\\/redamlo.com\\\/wp-content\\\/uploads\\\/2023\\\/11\\\/2023-10-16-Abanderamiento-de-la-Delegacion-Mexicana-15.jpg\",\"contentUrl\":\"https:\\\/\\\/redamlo.com\\\/wp-content\\\/uploads\\\/2023\\\/11\\\/2023-10-16-Abanderamiento-de-la-Delegacion-Mexicana-15.jpg\",\"width\":1502,\"height\":1000},{\"@type\":\"BreadcrumbList\",\"@id\":\"https:\\\/\\\/redamlo.com\\\/index.php\\\/2023\\\/11\\\/05\\\/amlo-felicita-a-deportistas-mexicanos-por-obtener-tercer-lugar-en-medallero-de-juegos-panamericanos-2023\\\/#breadcrumb\",\"itemListElement\":[{\"@type\":\"ListItem\",\"position\":1,\"name\":\"Inicio\",\"item\":\"https:\\\/\\\/redamlo.com\\\/\"},{\"@type\":\"ListItem\",\"position\":2,\"name\":\"AMLO FELICITA A DEPORTISTAS MEXICANOS POR OBTENER TERCER LUGAR EN MEDALLERO DE JUEGOS PANAMERICANOS 2023\"}]},{\"@type\":\"WebSite\",\"@id\":\"https:\\\/\\\/redamlo.com\\\/#website\",\"url\":\"https:\\\/\\\/redamlo.com\\\/\",\"name\":\"NOTICIAS DE LA 4T\",\"description\":\"\",\"publisher\":{\"@id\":\"https:\\\/\\\/redamlo.com\\\/#organization\"},\"potentialAction\":[{\"@type\":\"SearchAction\",\"target\":{\"@type\":\"EntryPoint\",\"urlTemplate\":\"https:\\\/\\\/redamlo.com\\\/?s={search_term_string}\"},\"query-input\":{\"@type\":\"PropertyValueSpecification\",\"valueRequired\":true,\"valueName\":\"search_term_string\"}}],\"inLanguage\":\"es\"},{\"@type\":\"Organization\",\"@id\":\"https:\\\/\\\/redamlo.com\\\/#organization\",\"name\":\"NOTICIAS DE LA 4T\",\"url\":\"https:\\\/\\\/redamlo.com\\\/\",\"logo\":{\"@type\":\"ImageObject\",\"inLanguage\":\"es\",\"@id\":\"https:\\\/\\\/redamlo.com\\\/#\\\/schema\\\/logo\\\/image\\\/\",\"url\":\"https:\\\/\\\/redamlo.com\\\/wp-content\\\/uploads\\\/2024\\\/08\\\/cropped-RED-AMLO-logo-50.png\",\"contentUrl\":\"https:\\\/\\\/redamlo.com\\\/wp-content\\\/uploads\\\/2024\\\/08\\\/cropped-RED-AMLO-logo-50.png\",\"width\":256,\"height\":256,\"caption\":\"NOTICIAS DE LA 4T\"},\"image\":{\"@id\":\"https:\\\/\\\/redamlo.com\\\/#\\\/schema\\\/logo\\\/image\\\/\"}},{\"@type\":\"Person\",\"@id\":\"https:\\\/\\\/redamlo.com\\\/#\\\/schema\\\/person\\\/197a0a670d21b1f4f1483ddda1b64613\",\"name\":\"admin\",\"image\":{\"@type\":\"ImageObject\",\"inLanguage\":\"es\",\"@id\":\"https:\\\/\\\/secure.gravatar.com\\\/avatar\\\/293dccd927043f2e641da6685c2f84009782eb9ee0054daceada4e261ded849a?s=96&d=mm&r=g\",\"url\":\"https:\\\/\\\/secure.gravatar.com\\\/avatar\\\/293dccd927043f2e641da6685c2f84009782eb9ee0054daceada4e261ded849a?s=96&d=mm&r=g\",\"contentUrl\":\"https:\\\/\\\/secure.gravatar.com\\\/avatar\\\/293dccd927043f2e641da6685c2f84009782eb9ee0054daceada4e261ded849a?s=96&d=mm&r=g\",\"caption\":\"admin\"},\"sameAs\":[\"https:\\\/\\\/redamlo.com\"],\"url\":\"https:\\\/\\\/redamlo.com\\\/index.php\\\/author\\\/stell\\\/\"}]}<\/script>\n<!-- \/ Yoast SEO plugin. -->","yoast_head_json":{"title":"AMLO FELICITA A DEPORTISTAS MEXICANOS POR OBTENER TERCER LUGAR EN MEDALLERO DE JUEGOS PANAMERICANOS 2023 - NOTICIAS DE LA 4T","robots":{"index":"noindex","follow":"follow","max-snippet":"max-snippet:-1","max-image-preview":"max-image-preview:large","max-video-preview":"max-video-preview:-1"},"og_locale":"es_MX","og_type":"article","og_title":"AMLO FELICITA A DEPORTISTAS MEXICANOS POR OBTENER TERCER LUGAR EN MEDALLERO DE JUEGOS PANAMERICANOS 2023 - NOTICIAS DE LA 4T","og_description":"El presidente Andr\u00e9s Manuel L\u00f3pez Obrador felicit\u00f3 a las y los deportistas mexicanos que obtuvieron...","og_url":"https:\/\/redamlo.com\/index.php\/2023\/11\/05\/amlo-felicita-a-deportistas-mexicanos-por-obtener-tercer-lugar-en-medallero-de-juegos-panamericanos-2023\/","og_site_name":"NOTICIAS DE LA 4T","article_published_time":"2023-11-05T19:58:22+00:00","og_image":[{"width":1502,"height":1000,"url":"https:\/\/redamlo.com\/wp-content\/uploads\/2023\/11\/2023-10-16-Abanderamiento-de-la-Delegacion-Mexicana-15.jpg","type":"image\/jpeg"}],"author":"admin","twitter_card":"summary_large_image","twitter_misc":{"Escrito por":"admin","Tiempo de lectura":"1 minuto"},"schema":{"@context":"https:\/\/schema.org","@graph":[{"@type":"Article","@id":"https:\/\/redamlo.com\/index.php\/2023\/11\/05\/amlo-felicita-a-deportistas-mexicanos-por-obtener-tercer-lugar-en-medallero-de-juegos-panamericanos-2023\/#article","isPartOf":{"@id":"https:\/\/redamlo.com\/index.php\/2023\/11\/05\/amlo-felicita-a-deportistas-mexicanos-por-obtener-tercer-lugar-en-medallero-de-juegos-panamericanos-2023\/"},"author":{"name":"admin","@id":"https:\/\/redamlo.com\/#\/schema\/person\/197a0a670d21b1f4f1483ddda1b64613"},"headline":"AMLO FELICITA A DEPORTISTAS MEXICANOS POR OBTENER TERCER LUGAR EN MEDALLERO DE JUEGOS PANAMERICANOS 2023","datePublished":"2023-11-05T19:58:22+00:00","mainEntityOfPage":{"@id":"https:\/\/redamlo.com\/index.php\/2023\/11\/05\/amlo-felicita-a-deportistas-mexicanos-por-obtener-tercer-lugar-en-medallero-de-juegos-panamericanos-2023\/"},"wordCount":190,"commentCount":0,"publisher":{"@id":"https:\/\/redamlo.com\/#organization"},"image":{"@id":"https:\/\/redamlo.com\/index.php\/2023\/11\/05\/amlo-felicita-a-deportistas-mexicanos-por-obtener-tercer-lugar-en-medallero-de-juegos-panamericanos-2023\/#primaryimage"},"thumbnailUrl":"https:\/\/redamlo.com\/wp-content\/uploads\/2023\/11\/2023-10-16-Abanderamiento-de-la-Delegacion-Mexicana-15.jpg","keywords":["AMLO","juegos panamericanos 2023"],"articleSection":["Deportes","Nacionales"],"inLanguage":"es","potentialAction":[{"@type":"CommentAction","name":"Comment","target":["https:\/\/redamlo.com\/index.php\/2023\/11\/05\/amlo-felicita-a-deportistas-mexicanos-por-obtener-tercer-lugar-en-medallero-de-juegos-panamericanos-2023\/#respond"]}]},{"@type":"WebPage","@id":"https:\/\/redamlo.com\/index.php\/2023\/11\/05\/amlo-felicita-a-deportistas-mexicanos-por-obtener-tercer-lugar-en-medallero-de-juegos-panamericanos-2023\/","url":"https:\/\/redamlo.com\/index.php\/2023\/11\/05\/amlo-felicita-a-deportistas-mexicanos-por-obtener-tercer-lugar-en-medallero-de-juegos-panamericanos-2023\/","name":"AMLO FELICITA A DEPORTISTAS MEXICANOS POR OBTENER TERCER LUGAR EN MEDALLERO DE JUEGOS PANAMERICANOS 2023 - NOTICIAS DE LA 4T","isPartOf":{"@id":"https:\/\/redamlo.com\/#website"},"primaryImageOfPage":{"@id":"https:\/\/redamlo.com\/index.php\/2023\/11\/05\/amlo-felicita-a-deportistas-mexicanos-por-obtener-tercer-lugar-en-medallero-de-juegos-panamericanos-2023\/#primaryimage"},"image":{"@id":"https:\/\/redamlo.com\/index.php\/2023\/11\/05\/amlo-felicita-a-deportistas-mexicanos-por-obtener-tercer-lugar-en-medallero-de-juegos-panamericanos-2023\/#primaryimage"},"thumbnailUrl":"https:\/\/redamlo.com\/wp-content\/uploads\/2023\/11\/2023-10-16-Abanderamiento-de-la-Delegacion-Mexicana-15.jpg","datePublished":"2023-11-05T19:58:22+00:00","breadcrumb":{"@id":"https:\/\/redamlo.com\/index.php\/2023\/11\/05\/amlo-felicita-a-deportistas-mexicanos-por-obtener-tercer-lugar-en-medallero-de-juegos-panamericanos-2023\/#breadcrumb"},"inLanguage":"es","potentialAction":[{"@type":"ReadAction","target":["https:\/\/redamlo.com\/index.php\/2023\/11\/05\/amlo-felicita-a-deportistas-mexicanos-por-obtener-tercer-lugar-en-medallero-de-juegos-panamericanos-2023\/"]}]},{"@type":"ImageObject","inLanguage":"es","@id":"https:\/\/redamlo.com\/index.php\/2023\/11\/05\/amlo-felicita-a-deportistas-mexicanos-por-obtener-tercer-lugar-en-medallero-de-juegos-panamericanos-2023\/#primaryimage","url":"https:\/\/redamlo.com\/wp-content\/uploads\/2023\/11\/2023-10-16-Abanderamiento-de-la-Delegacion-Mexicana-15.jpg","contentUrl":"https:\/\/redamlo.com\/wp-content\/uploads\/2023\/11\/2023-10-16-Abanderamiento-de-la-Delegacion-Mexicana-15.jpg","width":1502,"height":1000},{"@type":"BreadcrumbList","@id":"https:\/\/redamlo.com\/index.php\/2023\/11\/05\/amlo-felicita-a-deportistas-mexicanos-por-obtener-tercer-lugar-en-medallero-de-juegos-panamericanos-2023\/#breadcrumb","itemListElement":[{"@type":"ListItem","position":1,"name":"Inicio","item":"https:\/\/redamlo.com\/"},{"@type":"ListItem","position":2,"name":"AMLO FELICITA A DEPORTISTAS MEXICANOS POR OBTENER TERCER LUGAR EN MEDALLERO DE JUEGOS PANAMERICANOS 2023"}]},{"@type":"WebSite","@id":"https:\/\/redamlo.com\/#website","url":"https:\/\/redamlo.com\/","name":"NOTICIAS DE LA 4T","description":"","publisher":{"@id":"https:\/\/redamlo.com\/#organization"},"potentialAction":[{"@type":"SearchAction","target":{"@type":"EntryPoint","urlTemplate":"https:\/\/redamlo.com\/?s={search_term_string}"},"query-input":{"@type":"PropertyValueSpecification","valueRequired":true,"valueName":"search_term_string"}}],"inLanguage":"es"},{"@type":"Organization","@id":"https:\/\/redamlo.com\/#organization","name":"NOTICIAS DE LA 4T","url":"https:\/\/redamlo.com\/","logo":{"@type":"ImageObject","inLanguage":"es","@id":"https:\/\/redamlo.com\/#\/schema\/logo\/image\/","url":"https:\/\/redamlo.com\/wp-content\/uploads\/2024\/08\/cropped-RED-AMLO-logo-50.png","contentUrl":"https:\/\/redamlo.com\/wp-content\/uploads\/2024\/08\/cropped-RED-AMLO-logo-50.png","width":256,"height":256,"caption":"NOTICIAS DE LA 4T"},"image":{"@id":"https:\/\/redamlo.com\/#\/schema\/logo\/image\/"}},{"@type":"Person","@id":"https:\/\/redamlo.com\/#\/schema\/person\/197a0a670d21b1f4f1483ddda1b64613","name":"admin","image":{"@type":"ImageObject","inLanguage":"es","@id":"https:\/\/secure.gravatar.com\/avatar\/293dccd927043f2e641da6685c2f84009782eb9ee0054daceada4e261ded849a?s=96&d=mm&r=g","url":"https:\/\/secure.gravatar.com\/avatar\/293dccd927043f2e641da6685c2f84009782eb9ee0054daceada4e261ded849a?s=96&d=mm&r=g","contentUrl":"https:\/\/secure.gravatar.com\/avatar\/293dccd927043f2e641da6685c2f84009782eb9ee0054daceada4e261ded849a?s=96&d=mm&r=g","caption":"admin"},"sameAs":["https:\/\/redamlo.com"],"url":"https:\/\/redamlo.com\/index.php\/author\/stell\/"}]}},"_links":{"self":[{"href":"https:\/\/redamlo.com\/index.php\/wp-json\/wp\/v2\/posts\/7153","targetHints":{"allow":["GET"]}}],"collection":[{"href":"https:\/\/redamlo.com\/index.php\/wp-json\/wp\/v2\/posts"}],"about":[{"href":"https:\/\/redamlo.com\/index.php\/wp-json\/wp\/v2\/types\/post"}],"author":[{"embeddable":true,"href":"https:\/\/redamlo.com\/index.php\/wp-json\/wp\/v2\/users\/1"}],"replies":[{"embeddable":true,"href":"https:\/\/redamlo.com\/index.php\/wp-json\/wp\/v2\/comments?post=7153"}],"version-history":[{"count":0,"href":"https:\/\/redamlo.com\/index.php\/wp-json\/wp\/v2\/posts\/7153\/revisions"}],"wp:featuredmedia":[{"embeddable":true,"href":"https:\/\/redamlo.com\/index.php\/wp-json\/wp\/v2\/media\/7154"}],"wp:attachment":[{"href":"https:\/\/redamlo.com\/index.php\/wp-json\/wp\/v2\/media?parent=7153"}],"wp:term":[{"taxonomy":"category","embeddable":true,"href":"https:\/\/redamlo.com\/index.php\/wp-json\/wp\/v2\/categories?post=7153"},{"taxonomy":"post_tag","embeddable":true,"href":"https:\/\/redamlo.com\/index.php\/wp-json\/wp\/v2\/tags?post=7153"}],"curies":[{"name":"wp","href":"https:\/\/api.w.org\/{rel}","templated":true}]}}