{"id":7122,"date":"2023-10-24T16:47:59","date_gmt":"2023-10-24T22:47:59","guid":{"rendered":"https:\/\/redamlo.com\/?p=7122"},"modified":"2023-10-24T16:47:59","modified_gmt":"2023-10-24T22:47:59","slug":"amlo-recibe-dosis-contra-influenza-estacional-y-covid-19-llama-a-la-poblacion-vulnerable-a-vacunarse","status":"publish","type":"post","link":"https:\/\/redamlo.com\/index.php\/2023\/10\/24\/amlo-recibe-dosis-contra-influenza-estacional-y-covid-19-llama-a-la-poblacion-vulnerable-a-vacunarse\/","title":{"rendered":"AMLO RECIBE DOSIS CONTRA INFLUENZA ESTACIONAL Y COVID-19; LLAMA A LA POBLACI\u00d3N VULNERABLE A VACUNARSE"},"content":{"rendered":"<p>El presidente Andr\u00e9s Manuel L\u00f3pez Obrador recibi\u00f3 en conferencia de prensa matutina las vacunas contra influenza estacional y COVID-19 debido a que pueden ser aplicadas de forma simult\u00e1nea. Al mismo tiempo, llam\u00f3 a la poblaci\u00f3n a confiar en su calidad y seguridad para aplic\u00e1rselas.<\/p>\n<p><iframe loading=\"lazy\" title=\"Campa\u00f1a de vacunaci\u00f3n contra influenza y COVID-19. Conferencia presidente AMLO\" width=\"640\" height=\"360\" src=\"https:\/\/www.youtube.com\/embed\/aheZl9JBhfE?feature=oembed\" frameborder=\"0\" allow=\"accelerometer; autoplay; clipboard-write; encrypted-media; gyroscope; picture-in-picture; web-share\" referrerpolicy=\"strict-origin-when-cross-origin\" allowfullscreen><\/iframe><\/p>\n<p>&nbsp;<\/p>\n<blockquote><p>\u201cLas vacunas son muy seguras y ayudan. (\u2026) En todos los hospitales, centros de salud, se van a poder aplicar las vacunas; en hospitales del Seguro Social, en los hospitales del ISSSTE pueden ir, tambi\u00e9n en los hospitales de la Marina, de la Secretar\u00eda de la Defensa, en los hospitales de Pemex, en todos los que son hospitales federales y el IMSS Bienestar\u201d, detall\u00f3 mientras personal de enfermer\u00eda le aplicaba la vacuna contra COVID-19.<\/p><\/blockquote>\n<p>\u201cYa se est\u00e1 organizando para que toda esta temporada se pueda aplicar la vacuna y cuidarnos por el invierno, para eso es esta vacuna; las dos ayudan con ese prop\u00f3sito\u201d, agreg\u00f3.<\/p>\n<p>Tras recibir las vacunas \u2014de las cuales una era el biol\u00f3gico Abdala\u2014, el mandatario fue acreedor a una cartilla de vacunaci\u00f3n. Posteriormente el secretario de Salud, Jorge Alcocer Varela, tambi\u00e9n se aplic\u00f3 las vacunas en el mismo puesto instalado en el Sal\u00f3n de la Tesorer\u00eda de Palacio Nacional.<\/p>\n<p>El jefe del Ejecutivo sostuvo que la aplicaci\u00f3n gratuita de dosis est\u00e1 garantizada por parte del Gobierno de M\u00e9xico, a trav\u00e9s de la Secretar\u00eda de Salud, orientada a la poblaci\u00f3n elegible a la vacunaci\u00f3n contra COVID-19, \u201csin privilegios, para todos y d\u00e1ndole atenci\u00f3n especial a los m\u00e1s vulnerables\u201d.<\/p>\n<p>La campa\u00f1a de vacunaci\u00f3n contra influenza estacional y COVID-19 ya inici\u00f3 a nivel nacional; pondr\u00e1 a disposici\u00f3n las dos vacunas dirigidas de manera prioritaria a adultos de 60 a\u00f1os y m\u00e1s; grupos con comorbilidades o inmunosupresi\u00f3n entre cinco y 59 a\u00f1os, personas embarazadas y personal m\u00e9dico, dio a conocer el subsecretario de Prevenci\u00f3n y Promoci\u00f3n de la Salud, Ruy L\u00f3pez Ridaura.<\/p>\n<blockquote><p>\u201cEste tipo de vacunaci\u00f3n no es una vacunaci\u00f3n universal, no es para todas las personas. (\u2026) Hay un grupo de personas que por sus caracter\u00edsticas individuales tienen mayor riesgo de complicaciones y las vacunas, tanto en influenza como en COVID, han demostrado su utilidad para disminuir el riesgo de complicaciones\u201d, explic\u00f3 en el segmento de El Pulso de la Salud.<\/p><\/blockquote>\n<p>El \u00fanico sector diferente entre la vacuna de influenza estacional y COVID es integrado por menores de cinco a\u00f1os, quienes solamente son candidatos para recibir la dosis de influenza desde los seis meses hasta los 59 meses, explic\u00f3.<\/p>\n<blockquote><p>\u201cLa vacunaci\u00f3n ya est\u00e1 distribuida en todas las entidades federativas, ya est\u00e1 distribuida en todas las instituciones de salud y lo que hemos pedido, tanto a las instituciones federales como a las secretar\u00edas de salud de los estados, es que acerquen las vacunas a las personas en las unidades de primer nivel\u201d, a\u00f1adi\u00f3.<\/p><\/blockquote>\n<p>El funcionario mencion\u00f3 que los esquemas de vacunaci\u00f3n pueden presentar diferentes biol\u00f3gicos y \u201csiguen siendo igual de efectivos, igual de seguros\u201d.<\/p>\n<p>Desde su comienzo, el pasado lunes 16 de octubre, la campa\u00f1a de vacunaci\u00f3n combinada ha aplicado m\u00e1s de 1.7 millones de dosis a la fecha. La meta, dijo, es colocar 35.2 millones de dosis contra influenza y 19.4 millones de dosis contra COVID-19.<\/p>\n<p>El presidente L\u00f3pez Obrador adelant\u00f3 que la vacuna Patria estar\u00e1 lista a finales de noviembre. \u201cYa se hicieron todas las pruebas, pasaron las pruebas. Ya M\u00e9xico tiene su vacuna\u201d.<\/p>\n<p>Dijo que quienes decidan comprar dosis pueden hacerlo con absoluta libertad mediante la entrega de registros que estar\u00e1n disponibles en breve.<\/p>\n","protected":false},"excerpt":{"rendered":"<p>El presidente Andr\u00e9s Manuel L\u00f3pez Obrador recibi\u00f3 en conferencia de prensa matutina las vacunas contra&#8230;<\/p>\n","protected":false},"author":1,"featured_media":7123,"comment_status":"open","ping_status":"closed","sticky":false,"template":"","format":"standard","meta":{"footnotes":""},"categories":[31],"tags":[84,2575,2576],"class_list":["post-7122","post","type-post","status-publish","format-standard","has-post-thumbnail","hentry","category-salud","tag-amlo","tag-vacuna-covid","tag-vacuna-influenza"],"yoast_head":"<!-- This site is optimized with the Yoast SEO plugin v27.5 - https:\/\/yoast.com\/product\/yoast-seo-wordpress\/ -->\n<title>AMLO RECIBE DOSIS CONTRA INFLUENZA ESTACIONAL Y COVID-19; LLAMA A LA POBLACI\u00d3N VULNERABLE A VACUNARSE - NOTICIAS DE LA 4T<\/title>\n<meta name=\"robots\" content=\"noindex, follow, max-snippet:-1, max-image-preview:large, max-video-preview:-1\" \/>\n<meta property=\"og:locale\" content=\"es_MX\" \/>\n<meta property=\"og:type\" content=\"article\" \/>\n<meta property=\"og:title\" content=\"AMLO RECIBE DOSIS CONTRA INFLUENZA ESTACIONAL Y COVID-19; LLAMA A LA POBLACI\u00d3N VULNERABLE A VACUNARSE - NOTICIAS DE LA 4T\" \/>\n<meta property=\"og:description\" content=\"El presidente Andr\u00e9s Manuel L\u00f3pez Obrador recibi\u00f3 en conferencia de prensa matutina las vacunas contra...\" \/>\n<meta property=\"og:url\" content=\"https:\/\/redamlo.com\/index.php\/2023\/10\/24\/amlo-recibe-dosis-contra-influenza-estacional-y-covid-19-llama-a-la-poblacion-vulnerable-a-vacunarse\/\" \/>\n<meta property=\"og:site_name\" content=\"NOTICIAS DE LA 4T\" \/>\n<meta property=\"article:published_time\" content=\"2023-10-24T22:47:59+00:00\" \/>\n<meta property=\"og:image\" content=\"https:\/\/redamlo.com\/wp-content\/uploads\/2023\/10\/2023-10-24-Conferencia-de-prensa-matutina-Palacio-Nacional-Foto-01.jpg\" \/>\n\t<meta property=\"og:image:width\" content=\"1499\" \/>\n\t<meta property=\"og:image:height\" content=\"1000\" \/>\n\t<meta property=\"og:image:type\" content=\"image\/jpeg\" \/>\n<meta name=\"author\" content=\"admin\" \/>\n<meta name=\"twitter:card\" content=\"summary_large_image\" \/>\n<meta name=\"twitter:label1\" content=\"Escrito por\" \/>\n\t<meta name=\"twitter:data1\" content=\"admin\" \/>\n\t<meta name=\"twitter:label2\" content=\"Tiempo de lectura\" \/>\n\t<meta name=\"twitter:data2\" content=\"3 minutos\" \/>\n<script type=\"application\/ld+json\" class=\"yoast-schema-graph\">{\"@context\":\"https:\\\/\\\/schema.org\",\"@graph\":[{\"@type\":\"Article\",\"@id\":\"https:\\\/\\\/redamlo.com\\\/index.php\\\/2023\\\/10\\\/24\\\/amlo-recibe-dosis-contra-influenza-estacional-y-covid-19-llama-a-la-poblacion-vulnerable-a-vacunarse\\\/#article\",\"isPartOf\":{\"@id\":\"https:\\\/\\\/redamlo.com\\\/index.php\\\/2023\\\/10\\\/24\\\/amlo-recibe-dosis-contra-influenza-estacional-y-covid-19-llama-a-la-poblacion-vulnerable-a-vacunarse\\\/\"},\"author\":{\"name\":\"admin\",\"@id\":\"https:\\\/\\\/redamlo.com\\\/#\\\/schema\\\/person\\\/197a0a670d21b1f4f1483ddda1b64613\"},\"headline\":\"AMLO RECIBE DOSIS CONTRA INFLUENZA ESTACIONAL Y COVID-19; LLAMA A LA POBLACI\u00d3N VULNERABLE A VACUNARSE\",\"datePublished\":\"2023-10-24T22:47:59+00:00\",\"mainEntityOfPage\":{\"@id\":\"https:\\\/\\\/redamlo.com\\\/index.php\\\/2023\\\/10\\\/24\\\/amlo-recibe-dosis-contra-influenza-estacional-y-covid-19-llama-a-la-poblacion-vulnerable-a-vacunarse\\\/\"},\"wordCount\":636,\"commentCount\":0,\"publisher\":{\"@id\":\"https:\\\/\\\/redamlo.com\\\/#organization\"},\"image\":{\"@id\":\"https:\\\/\\\/redamlo.com\\\/index.php\\\/2023\\\/10\\\/24\\\/amlo-recibe-dosis-contra-influenza-estacional-y-covid-19-llama-a-la-poblacion-vulnerable-a-vacunarse\\\/#primaryimage\"},\"thumbnailUrl\":\"https:\\\/\\\/redamlo.com\\\/wp-content\\\/uploads\\\/2023\\\/10\\\/2023-10-24-Conferencia-de-prensa-matutina-Palacio-Nacional-Foto-01.jpg\",\"keywords\":[\"AMLO\",\"vacuna covid\",\"vacuna influenza\"],\"articleSection\":[\"Salud\"],\"inLanguage\":\"es\",\"potentialAction\":[{\"@type\":\"CommentAction\",\"name\":\"Comment\",\"target\":[\"https:\\\/\\\/redamlo.com\\\/index.php\\\/2023\\\/10\\\/24\\\/amlo-recibe-dosis-contra-influenza-estacional-y-covid-19-llama-a-la-poblacion-vulnerable-a-vacunarse\\\/#respond\"]}]},{\"@type\":\"WebPage\",\"@id\":\"https:\\\/\\\/redamlo.com\\\/index.php\\\/2023\\\/10\\\/24\\\/amlo-recibe-dosis-contra-influenza-estacional-y-covid-19-llama-a-la-poblacion-vulnerable-a-vacunarse\\\/\",\"url\":\"https:\\\/\\\/redamlo.com\\\/index.php\\\/2023\\\/10\\\/24\\\/amlo-recibe-dosis-contra-influenza-estacional-y-covid-19-llama-a-la-poblacion-vulnerable-a-vacunarse\\\/\",\"name\":\"AMLO RECIBE DOSIS CONTRA INFLUENZA ESTACIONAL Y COVID-19; LLAMA A LA POBLACI\u00d3N VULNERABLE A VACUNARSE - NOTICIAS DE LA 4T\",\"isPartOf\":{\"@id\":\"https:\\\/\\\/redamlo.com\\\/#website\"},\"primaryImageOfPage\":{\"@id\":\"https:\\\/\\\/redamlo.com\\\/index.php\\\/2023\\\/10\\\/24\\\/amlo-recibe-dosis-contra-influenza-estacional-y-covid-19-llama-a-la-poblacion-vulnerable-a-vacunarse\\\/#primaryimage\"},\"image\":{\"@id\":\"https:\\\/\\\/redamlo.com\\\/index.php\\\/2023\\\/10\\\/24\\\/amlo-recibe-dosis-contra-influenza-estacional-y-covid-19-llama-a-la-poblacion-vulnerable-a-vacunarse\\\/#primaryimage\"},\"thumbnailUrl\":\"https:\\\/\\\/redamlo.com\\\/wp-content\\\/uploads\\\/2023\\\/10\\\/2023-10-24-Conferencia-de-prensa-matutina-Palacio-Nacional-Foto-01.jpg\",\"datePublished\":\"2023-10-24T22:47:59+00:00\",\"breadcrumb\":{\"@id\":\"https:\\\/\\\/redamlo.com\\\/index.php\\\/2023\\\/10\\\/24\\\/amlo-recibe-dosis-contra-influenza-estacional-y-covid-19-llama-a-la-poblacion-vulnerable-a-vacunarse\\\/#breadcrumb\"},\"inLanguage\":\"es\",\"potentialAction\":[{\"@type\":\"ReadAction\",\"target\":[\"https:\\\/\\\/redamlo.com\\\/index.php\\\/2023\\\/10\\\/24\\\/amlo-recibe-dosis-contra-influenza-estacional-y-covid-19-llama-a-la-poblacion-vulnerable-a-vacunarse\\\/\"]}]},{\"@type\":\"ImageObject\",\"inLanguage\":\"es\",\"@id\":\"https:\\\/\\\/redamlo.com\\\/index.php\\\/2023\\\/10\\\/24\\\/amlo-recibe-dosis-contra-influenza-estacional-y-covid-19-llama-a-la-poblacion-vulnerable-a-vacunarse\\\/#primaryimage\",\"url\":\"https:\\\/\\\/redamlo.com\\\/wp-content\\\/uploads\\\/2023\\\/10\\\/2023-10-24-Conferencia-de-prensa-matutina-Palacio-Nacional-Foto-01.jpg\",\"contentUrl\":\"https:\\\/\\\/redamlo.com\\\/wp-content\\\/uploads\\\/2023\\\/10\\\/2023-10-24-Conferencia-de-prensa-matutina-Palacio-Nacional-Foto-01.jpg\",\"width\":1499,\"height\":1000},{\"@type\":\"BreadcrumbList\",\"@id\":\"https:\\\/\\\/redamlo.com\\\/index.php\\\/2023\\\/10\\\/24\\\/amlo-recibe-dosis-contra-influenza-estacional-y-covid-19-llama-a-la-poblacion-vulnerable-a-vacunarse\\\/#breadcrumb\",\"itemListElement\":[{\"@type\":\"ListItem\",\"position\":1,\"name\":\"Inicio\",\"item\":\"https:\\\/\\\/redamlo.com\\\/\"},{\"@type\":\"ListItem\",\"position\":2,\"name\":\"AMLO RECIBE DOSIS CONTRA INFLUENZA ESTACIONAL Y COVID-19; LLAMA A LA POBLACI\u00d3N VULNERABLE A VACUNARSE\"}]},{\"@type\":\"WebSite\",\"@id\":\"https:\\\/\\\/redamlo.com\\\/#website\",\"url\":\"https:\\\/\\\/redamlo.com\\\/\",\"name\":\"NOTICIAS DE LA 4T\",\"description\":\"\",\"publisher\":{\"@id\":\"https:\\\/\\\/redamlo.com\\\/#organization\"},\"potentialAction\":[{\"@type\":\"SearchAction\",\"target\":{\"@type\":\"EntryPoint\",\"urlTemplate\":\"https:\\\/\\\/redamlo.com\\\/?s={search_term_string}\"},\"query-input\":{\"@type\":\"PropertyValueSpecification\",\"valueRequired\":true,\"valueName\":\"search_term_string\"}}],\"inLanguage\":\"es\"},{\"@type\":\"Organization\",\"@id\":\"https:\\\/\\\/redamlo.com\\\/#organization\",\"name\":\"NOTICIAS DE LA 4T\",\"url\":\"https:\\\/\\\/redamlo.com\\\/\",\"logo\":{\"@type\":\"ImageObject\",\"inLanguage\":\"es\",\"@id\":\"https:\\\/\\\/redamlo.com\\\/#\\\/schema\\\/logo\\\/image\\\/\",\"url\":\"https:\\\/\\\/redamlo.com\\\/wp-content\\\/uploads\\\/2024\\\/08\\\/cropped-RED-AMLO-logo-50.png\",\"contentUrl\":\"https:\\\/\\\/redamlo.com\\\/wp-content\\\/uploads\\\/2024\\\/08\\\/cropped-RED-AMLO-logo-50.png\",\"width\":256,\"height\":256,\"caption\":\"NOTICIAS DE LA 4T\"},\"image\":{\"@id\":\"https:\\\/\\\/redamlo.com\\\/#\\\/schema\\\/logo\\\/image\\\/\"}},{\"@type\":\"Person\",\"@id\":\"https:\\\/\\\/redamlo.com\\\/#\\\/schema\\\/person\\\/197a0a670d21b1f4f1483ddda1b64613\",\"name\":\"admin\",\"image\":{\"@type\":\"ImageObject\",\"inLanguage\":\"es\",\"@id\":\"https:\\\/\\\/secure.gravatar.com\\\/avatar\\\/293dccd927043f2e641da6685c2f84009782eb9ee0054daceada4e261ded849a?s=96&d=mm&r=g\",\"url\":\"https:\\\/\\\/secure.gravatar.com\\\/avatar\\\/293dccd927043f2e641da6685c2f84009782eb9ee0054daceada4e261ded849a?s=96&d=mm&r=g\",\"contentUrl\":\"https:\\\/\\\/secure.gravatar.com\\\/avatar\\\/293dccd927043f2e641da6685c2f84009782eb9ee0054daceada4e261ded849a?s=96&d=mm&r=g\",\"caption\":\"admin\"},\"sameAs\":[\"https:\\\/\\\/redamlo.com\"],\"url\":\"https:\\\/\\\/redamlo.com\\\/index.php\\\/author\\\/stell\\\/\"}]}<\/script>\n<!-- \/ Yoast SEO plugin. -->","yoast_head_json":{"title":"AMLO RECIBE DOSIS CONTRA INFLUENZA ESTACIONAL Y COVID-19; LLAMA A LA POBLACI\u00d3N VULNERABLE A VACUNARSE - NOTICIAS DE LA 4T","robots":{"index":"noindex","follow":"follow","max-snippet":"max-snippet:-1","max-image-preview":"max-image-preview:large","max-video-preview":"max-video-preview:-1"},"og_locale":"es_MX","og_type":"article","og_title":"AMLO RECIBE DOSIS CONTRA INFLUENZA ESTACIONAL Y COVID-19; LLAMA A LA POBLACI\u00d3N VULNERABLE A VACUNARSE - NOTICIAS DE LA 4T","og_description":"El presidente Andr\u00e9s Manuel L\u00f3pez Obrador recibi\u00f3 en conferencia de prensa matutina las vacunas contra...","og_url":"https:\/\/redamlo.com\/index.php\/2023\/10\/24\/amlo-recibe-dosis-contra-influenza-estacional-y-covid-19-llama-a-la-poblacion-vulnerable-a-vacunarse\/","og_site_name":"NOTICIAS DE LA 4T","article_published_time":"2023-10-24T22:47:59+00:00","og_image":[{"width":1499,"height":1000,"url":"https:\/\/redamlo.com\/wp-content\/uploads\/2023\/10\/2023-10-24-Conferencia-de-prensa-matutina-Palacio-Nacional-Foto-01.jpg","type":"image\/jpeg"}],"author":"admin","twitter_card":"summary_large_image","twitter_misc":{"Escrito por":"admin","Tiempo de lectura":"3 minutos"},"schema":{"@context":"https:\/\/schema.org","@graph":[{"@type":"Article","@id":"https:\/\/redamlo.com\/index.php\/2023\/10\/24\/amlo-recibe-dosis-contra-influenza-estacional-y-covid-19-llama-a-la-poblacion-vulnerable-a-vacunarse\/#article","isPartOf":{"@id":"https:\/\/redamlo.com\/index.php\/2023\/10\/24\/amlo-recibe-dosis-contra-influenza-estacional-y-covid-19-llama-a-la-poblacion-vulnerable-a-vacunarse\/"},"author":{"name":"admin","@id":"https:\/\/redamlo.com\/#\/schema\/person\/197a0a670d21b1f4f1483ddda1b64613"},"headline":"AMLO RECIBE DOSIS CONTRA INFLUENZA ESTACIONAL Y COVID-19; LLAMA A LA POBLACI\u00d3N VULNERABLE A VACUNARSE","datePublished":"2023-10-24T22:47:59+00:00","mainEntityOfPage":{"@id":"https:\/\/redamlo.com\/index.php\/2023\/10\/24\/amlo-recibe-dosis-contra-influenza-estacional-y-covid-19-llama-a-la-poblacion-vulnerable-a-vacunarse\/"},"wordCount":636,"commentCount":0,"publisher":{"@id":"https:\/\/redamlo.com\/#organization"},"image":{"@id":"https:\/\/redamlo.com\/index.php\/2023\/10\/24\/amlo-recibe-dosis-contra-influenza-estacional-y-covid-19-llama-a-la-poblacion-vulnerable-a-vacunarse\/#primaryimage"},"thumbnailUrl":"https:\/\/redamlo.com\/wp-content\/uploads\/2023\/10\/2023-10-24-Conferencia-de-prensa-matutina-Palacio-Nacional-Foto-01.jpg","keywords":["AMLO","vacuna covid","vacuna influenza"],"articleSection":["Salud"],"inLanguage":"es","potentialAction":[{"@type":"CommentAction","name":"Comment","target":["https:\/\/redamlo.com\/index.php\/2023\/10\/24\/amlo-recibe-dosis-contra-influenza-estacional-y-covid-19-llama-a-la-poblacion-vulnerable-a-vacunarse\/#respond"]}]},{"@type":"WebPage","@id":"https:\/\/redamlo.com\/index.php\/2023\/10\/24\/amlo-recibe-dosis-contra-influenza-estacional-y-covid-19-llama-a-la-poblacion-vulnerable-a-vacunarse\/","url":"https:\/\/redamlo.com\/index.php\/2023\/10\/24\/amlo-recibe-dosis-contra-influenza-estacional-y-covid-19-llama-a-la-poblacion-vulnerable-a-vacunarse\/","name":"AMLO RECIBE DOSIS CONTRA INFLUENZA ESTACIONAL Y COVID-19; LLAMA A LA POBLACI\u00d3N VULNERABLE A VACUNARSE - NOTICIAS DE LA 4T","isPartOf":{"@id":"https:\/\/redamlo.com\/#website"},"primaryImageOfPage":{"@id":"https:\/\/redamlo.com\/index.php\/2023\/10\/24\/amlo-recibe-dosis-contra-influenza-estacional-y-covid-19-llama-a-la-poblacion-vulnerable-a-vacunarse\/#primaryimage"},"image":{"@id":"https:\/\/redamlo.com\/index.php\/2023\/10\/24\/amlo-recibe-dosis-contra-influenza-estacional-y-covid-19-llama-a-la-poblacion-vulnerable-a-vacunarse\/#primaryimage"},"thumbnailUrl":"https:\/\/redamlo.com\/wp-content\/uploads\/2023\/10\/2023-10-24-Conferencia-de-prensa-matutina-Palacio-Nacional-Foto-01.jpg","datePublished":"2023-10-24T22:47:59+00:00","breadcrumb":{"@id":"https:\/\/redamlo.com\/index.php\/2023\/10\/24\/amlo-recibe-dosis-contra-influenza-estacional-y-covid-19-llama-a-la-poblacion-vulnerable-a-vacunarse\/#breadcrumb"},"inLanguage":"es","potentialAction":[{"@type":"ReadAction","target":["https:\/\/redamlo.com\/index.php\/2023\/10\/24\/amlo-recibe-dosis-contra-influenza-estacional-y-covid-19-llama-a-la-poblacion-vulnerable-a-vacunarse\/"]}]},{"@type":"ImageObject","inLanguage":"es","@id":"https:\/\/redamlo.com\/index.php\/2023\/10\/24\/amlo-recibe-dosis-contra-influenza-estacional-y-covid-19-llama-a-la-poblacion-vulnerable-a-vacunarse\/#primaryimage","url":"https:\/\/redamlo.com\/wp-content\/uploads\/2023\/10\/2023-10-24-Conferencia-de-prensa-matutina-Palacio-Nacional-Foto-01.jpg","contentUrl":"https:\/\/redamlo.com\/wp-content\/uploads\/2023\/10\/2023-10-24-Conferencia-de-prensa-matutina-Palacio-Nacional-Foto-01.jpg","width":1499,"height":1000},{"@type":"BreadcrumbList","@id":"https:\/\/redamlo.com\/index.php\/2023\/10\/24\/amlo-recibe-dosis-contra-influenza-estacional-y-covid-19-llama-a-la-poblacion-vulnerable-a-vacunarse\/#breadcrumb","itemListElement":[{"@type":"ListItem","position":1,"name":"Inicio","item":"https:\/\/redamlo.com\/"},{"@type":"ListItem","position":2,"name":"AMLO RECIBE DOSIS CONTRA INFLUENZA ESTACIONAL Y COVID-19; LLAMA A LA POBLACI\u00d3N VULNERABLE A VACUNARSE"}]},{"@type":"WebSite","@id":"https:\/\/redamlo.com\/#website","url":"https:\/\/redamlo.com\/","name":"NOTICIAS DE LA 4T","description":"","publisher":{"@id":"https:\/\/redamlo.com\/#organization"},"potentialAction":[{"@type":"SearchAction","target":{"@type":"EntryPoint","urlTemplate":"https:\/\/redamlo.com\/?s={search_term_string}"},"query-input":{"@type":"PropertyValueSpecification","valueRequired":true,"valueName":"search_term_string"}}],"inLanguage":"es"},{"@type":"Organization","@id":"https:\/\/redamlo.com\/#organization","name":"NOTICIAS DE LA 4T","url":"https:\/\/redamlo.com\/","logo":{"@type":"ImageObject","inLanguage":"es","@id":"https:\/\/redamlo.com\/#\/schema\/logo\/image\/","url":"https:\/\/redamlo.com\/wp-content\/uploads\/2024\/08\/cropped-RED-AMLO-logo-50.png","contentUrl":"https:\/\/redamlo.com\/wp-content\/uploads\/2024\/08\/cropped-RED-AMLO-logo-50.png","width":256,"height":256,"caption":"NOTICIAS DE LA 4T"},"image":{"@id":"https:\/\/redamlo.com\/#\/schema\/logo\/image\/"}},{"@type":"Person","@id":"https:\/\/redamlo.com\/#\/schema\/person\/197a0a670d21b1f4f1483ddda1b64613","name":"admin","image":{"@type":"ImageObject","inLanguage":"es","@id":"https:\/\/secure.gravatar.com\/avatar\/293dccd927043f2e641da6685c2f84009782eb9ee0054daceada4e261ded849a?s=96&d=mm&r=g","url":"https:\/\/secure.gravatar.com\/avatar\/293dccd927043f2e641da6685c2f84009782eb9ee0054daceada4e261ded849a?s=96&d=mm&r=g","contentUrl":"https:\/\/secure.gravatar.com\/avatar\/293dccd927043f2e641da6685c2f84009782eb9ee0054daceada4e261ded849a?s=96&d=mm&r=g","caption":"admin"},"sameAs":["https:\/\/redamlo.com"],"url":"https:\/\/redamlo.com\/index.php\/author\/stell\/"}]}},"_links":{"self":[{"href":"https:\/\/redamlo.com\/index.php\/wp-json\/wp\/v2\/posts\/7122","targetHints":{"allow":["GET"]}}],"collection":[{"href":"https:\/\/redamlo.com\/index.php\/wp-json\/wp\/v2\/posts"}],"about":[{"href":"https:\/\/redamlo.com\/index.php\/wp-json\/wp\/v2\/types\/post"}],"author":[{"embeddable":true,"href":"https:\/\/redamlo.com\/index.php\/wp-json\/wp\/v2\/users\/1"}],"replies":[{"embeddable":true,"href":"https:\/\/redamlo.com\/index.php\/wp-json\/wp\/v2\/comments?post=7122"}],"version-history":[{"count":0,"href":"https:\/\/redamlo.com\/index.php\/wp-json\/wp\/v2\/posts\/7122\/revisions"}],"wp:featuredmedia":[{"embeddable":true,"href":"https:\/\/redamlo.com\/index.php\/wp-json\/wp\/v2\/media\/7123"}],"wp:attachment":[{"href":"https:\/\/redamlo.com\/index.php\/wp-json\/wp\/v2\/media?parent=7122"}],"wp:term":[{"taxonomy":"category","embeddable":true,"href":"https:\/\/redamlo.com\/index.php\/wp-json\/wp\/v2\/categories?post=7122"},{"taxonomy":"post_tag","embeddable":true,"href":"https:\/\/redamlo.com\/index.php\/wp-json\/wp\/v2\/tags?post=7122"}],"curies":[{"name":"wp","href":"https:\/\/api.w.org\/{rel}","templated":true}]}}