{"id":7119,"date":"2023-10-24T16:10:42","date_gmt":"2023-10-24T22:10:42","guid":{"rendered":"https:\/\/redamlo.com\/?p=7119"},"modified":"2023-10-24T16:10:42","modified_gmt":"2023-10-24T22:10:42","slug":"inflacion-en-mexico-baja-a-4-27-por-ciento-y-economia-crece-destaca-presidente","status":"publish","type":"post","link":"https:\/\/redamlo.com\/index.php\/2023\/10\/24\/inflacion-en-mexico-baja-a-4-27-por-ciento-y-economia-crece-destaca-presidente\/","title":{"rendered":"INFLACI\u00d3N EN M\u00c9XICO BAJA A 4.27 POR CIENTO Y ECONOM\u00cdA CRECE, DESTACA PRESIDENTE"},"content":{"rendered":"<div class=\"tabs-holder \">\n<div class=\"tabs-container clearfix\">\n<div class=\"tab-content\">\n<blockquote><p>\u201cSigue cayendo, sigue bajando la inflaci\u00f3n. (\u2026) Y va creciendo la econom\u00eda, ayer ve\u00edamos, ya el promedio del a\u00f1o es 3.5 por ciento de crecimiento\u201d, inform\u00f3 el presidente Andr\u00e9s Manuel L\u00f3pez Obrador en conferencia de prensa matutina.<\/p><\/blockquote>\n<p>El mandatario destac\u00f3 la continua tendencia a la baja de la inflaci\u00f3n anual en M\u00e9xico; se ubic\u00f3 en 4.27 por ciento en la primera quincena de octubre, de acuerdo con datos del Instituto Nacional de Estad\u00edstica y Geograf\u00eda (INEGI), publicados este d\u00eda.<\/p>\n<p><iframe loading=\"lazy\" title=\"Campa\u00f1a de vacunaci\u00f3n contra influenza y COVID-19. Conferencia presidente AMLO\" width=\"640\" height=\"360\" src=\"https:\/\/www.youtube.com\/embed\/aheZl9JBhfE?feature=oembed\" frameborder=\"0\" allow=\"accelerometer; autoplay; clipboard-write; encrypted-media; gyroscope; picture-in-picture; web-share\" referrerpolicy=\"strict-origin-when-cross-origin\" allowfullscreen><\/iframe><\/p>\n<p>Se trata del menor nivel del \u00cdndice Nacional de Precios al Consumidor (INPC) en los \u00faltimos 31 meses, es decir, desde la primera quincena de marzo de 2021.<\/p>\n<p>El\u00a0<strong>reporte del INEG<\/strong>I refiere que los productos con menor incidencia en la inflaci\u00f3n fueron alimentos: jitomate, pollo, cebolla, huevo, naranja, aguacate, lim\u00f3n y pl\u00e1tanos, as\u00ed como la gasolina de bajo octanaje.<\/p>\n<p>El Gobierno de M\u00e9xico implementa pol\u00edticas de protecci\u00f3n a la econom\u00eda popular, como el Acuerdo de Apertura Contra la Inflaci\u00f3n y la Carest\u00eda (Apecic), en el que participan distribuidores y empresas para mantener por debajo de los mil 39 pesos 24 productos de la canasta b\u00e1sica.<\/p>\n<p>Adem\u00e1s, desde el inicio de la administraci\u00f3n, los precios de los combustibles, la tarifa de la energ\u00eda el\u00e9ctrica y los impuestos no registran incrementos, lo que beneficia a la poblaci\u00f3n.<\/p>\n<\/div>\n<\/div>\n<\/div>\n<div id=\"gallery-1\" class=\"gallery galleryid-166759 gallery-columns-1 gallery-size-large fbx-instance\">\n<dl class=\"gallery-item\">\n<dt class=\"gallery-icon landscape\"><a class=\"fbx-link\" href=\"https:\/\/presidente.gob.mx\/wp-content\/uploads\/2023\/10\/INFLACION-ANUAL-MEXICO-OCTUBRE-2023.jpeg\"><img loading=\"lazy\" decoding=\"async\" class=\"attachment-large size-large\" src=\"https:\/\/presidente.gob.mx\/wp-content\/uploads\/2023\/10\/INFLACION-ANUAL-MEXICO-OCTUBRE-2023-1024x788.jpeg\" sizes=\"auto, (max-width: 1024px) 100vw, 1024px\" srcset=\"https:\/\/presidente.gob.mx\/wp-content\/uploads\/2023\/10\/INFLACION-ANUAL-MEXICO-OCTUBRE-2023-1024x788.jpeg 1024w, https:\/\/presidente.gob.mx\/wp-content\/uploads\/2023\/10\/INFLACION-ANUAL-MEXICO-OCTUBRE-2023-300x231.jpeg 300w, https:\/\/presidente.gob.mx\/wp-content\/uploads\/2023\/10\/INFLACION-ANUAL-MEXICO-OCTUBRE-2023-768x591.jpeg 768w, https:\/\/presidente.gob.mx\/wp-content\/uploads\/2023\/10\/INFLACION-ANUAL-MEXICO-OCTUBRE-2023-1536x1183.jpeg 1536w, https:\/\/presidente.gob.mx\/wp-content\/uploads\/2023\/10\/INFLACION-ANUAL-MEXICO-OCTUBRE-2023.jpeg 1600w\" alt=\"\" width=\"1024\" height=\"788\" \/><\/a><\/dt>\n<\/dl>\n<\/div>\n","protected":false},"excerpt":{"rendered":"<p>\u201cSigue cayendo, sigue bajando la inflaci\u00f3n. (\u2026) Y va creciendo la econom\u00eda, ayer ve\u00edamos, ya&#8230;<\/p>\n","protected":false},"author":1,"featured_media":7120,"comment_status":"open","ping_status":"closed","sticky":false,"template":"","format":"standard","meta":{"footnotes":""},"categories":[37],"tags":[84,41,2574],"class_list":["post-7119","post","type-post","status-publish","format-standard","has-post-thumbnail","hentry","category-economia","tag-amlo","tag-economia","tag-inflacion-anual-2023"],"yoast_head":"<!-- This site is optimized with the Yoast SEO plugin v27.5 - https:\/\/yoast.com\/product\/yoast-seo-wordpress\/ -->\n<title>INFLACI\u00d3N EN M\u00c9XICO BAJA A 4.27 POR CIENTO Y ECONOM\u00cdA CRECE, DESTACA PRESIDENTE - NOTICIAS DE LA 4T<\/title>\n<meta name=\"robots\" content=\"noindex, follow, max-snippet:-1, max-image-preview:large, max-video-preview:-1\" \/>\n<meta property=\"og:locale\" content=\"es_MX\" \/>\n<meta property=\"og:type\" content=\"article\" \/>\n<meta property=\"og:title\" content=\"INFLACI\u00d3N EN M\u00c9XICO BAJA A 4.27 POR CIENTO Y ECONOM\u00cdA CRECE, DESTACA PRESIDENTE - NOTICIAS DE LA 4T\" \/>\n<meta property=\"og:description\" content=\"\u201cSigue cayendo, sigue bajando la inflaci\u00f3n. (\u2026) Y va creciendo la econom\u00eda, ayer ve\u00edamos, ya...\" \/>\n<meta property=\"og:url\" content=\"https:\/\/redamlo.com\/index.php\/2023\/10\/24\/inflacion-en-mexico-baja-a-4-27-por-ciento-y-economia-crece-destaca-presidente\/\" \/>\n<meta property=\"og:site_name\" content=\"NOTICIAS DE LA 4T\" \/>\n<meta property=\"article:published_time\" content=\"2023-10-24T22:10:42+00:00\" \/>\n<meta property=\"og:image\" content=\"https:\/\/redamlo.com\/wp-content\/uploads\/2023\/10\/INFLACION-ANUAL-MEXICO-OCTUBRE-2023.jpeg\" \/>\n\t<meta property=\"og:image:width\" content=\"1600\" \/>\n\t<meta property=\"og:image:height\" content=\"1232\" \/>\n\t<meta property=\"og:image:type\" content=\"image\/jpeg\" \/>\n<meta name=\"author\" content=\"admin\" \/>\n<meta name=\"twitter:card\" content=\"summary_large_image\" \/>\n<meta name=\"twitter:label1\" content=\"Escrito por\" \/>\n\t<meta name=\"twitter:data1\" content=\"admin\" \/>\n\t<meta name=\"twitter:label2\" content=\"Tiempo de lectura\" \/>\n\t<meta name=\"twitter:data2\" content=\"2 minutos\" \/>\n<script type=\"application\/ld+json\" class=\"yoast-schema-graph\">{\"@context\":\"https:\\\/\\\/schema.org\",\"@graph\":[{\"@type\":\"Article\",\"@id\":\"https:\\\/\\\/redamlo.com\\\/index.php\\\/2023\\\/10\\\/24\\\/inflacion-en-mexico-baja-a-4-27-por-ciento-y-economia-crece-destaca-presidente\\\/#article\",\"isPartOf\":{\"@id\":\"https:\\\/\\\/redamlo.com\\\/index.php\\\/2023\\\/10\\\/24\\\/inflacion-en-mexico-baja-a-4-27-por-ciento-y-economia-crece-destaca-presidente\\\/\"},\"author\":{\"name\":\"admin\",\"@id\":\"https:\\\/\\\/redamlo.com\\\/#\\\/schema\\\/person\\\/197a0a670d21b1f4f1483ddda1b64613\"},\"headline\":\"INFLACI\u00d3N EN M\u00c9XICO BAJA A 4.27 POR CIENTO Y ECONOM\u00cdA CRECE, DESTACA PRESIDENTE\",\"datePublished\":\"2023-10-24T22:10:42+00:00\",\"mainEntityOfPage\":{\"@id\":\"https:\\\/\\\/redamlo.com\\\/index.php\\\/2023\\\/10\\\/24\\\/inflacion-en-mexico-baja-a-4-27-por-ciento-y-economia-crece-destaca-presidente\\\/\"},\"wordCount\":257,\"commentCount\":0,\"publisher\":{\"@id\":\"https:\\\/\\\/redamlo.com\\\/#organization\"},\"image\":{\"@id\":\"https:\\\/\\\/redamlo.com\\\/index.php\\\/2023\\\/10\\\/24\\\/inflacion-en-mexico-baja-a-4-27-por-ciento-y-economia-crece-destaca-presidente\\\/#primaryimage\"},\"thumbnailUrl\":\"https:\\\/\\\/redamlo.com\\\/wp-content\\\/uploads\\\/2023\\\/10\\\/INFLACION-ANUAL-MEXICO-OCTUBRE-2023.jpeg\",\"keywords\":[\"AMLO\",\"economia\",\"inflacion anual 2023\"],\"articleSection\":[\"Econom\u00eda\"],\"inLanguage\":\"es\",\"potentialAction\":[{\"@type\":\"CommentAction\",\"name\":\"Comment\",\"target\":[\"https:\\\/\\\/redamlo.com\\\/index.php\\\/2023\\\/10\\\/24\\\/inflacion-en-mexico-baja-a-4-27-por-ciento-y-economia-crece-destaca-presidente\\\/#respond\"]}]},{\"@type\":\"WebPage\",\"@id\":\"https:\\\/\\\/redamlo.com\\\/index.php\\\/2023\\\/10\\\/24\\\/inflacion-en-mexico-baja-a-4-27-por-ciento-y-economia-crece-destaca-presidente\\\/\",\"url\":\"https:\\\/\\\/redamlo.com\\\/index.php\\\/2023\\\/10\\\/24\\\/inflacion-en-mexico-baja-a-4-27-por-ciento-y-economia-crece-destaca-presidente\\\/\",\"name\":\"INFLACI\u00d3N EN M\u00c9XICO BAJA A 4.27 POR CIENTO Y ECONOM\u00cdA CRECE, DESTACA PRESIDENTE - NOTICIAS DE LA 4T\",\"isPartOf\":{\"@id\":\"https:\\\/\\\/redamlo.com\\\/#website\"},\"primaryImageOfPage\":{\"@id\":\"https:\\\/\\\/redamlo.com\\\/index.php\\\/2023\\\/10\\\/24\\\/inflacion-en-mexico-baja-a-4-27-por-ciento-y-economia-crece-destaca-presidente\\\/#primaryimage\"},\"image\":{\"@id\":\"https:\\\/\\\/redamlo.com\\\/index.php\\\/2023\\\/10\\\/24\\\/inflacion-en-mexico-baja-a-4-27-por-ciento-y-economia-crece-destaca-presidente\\\/#primaryimage\"},\"thumbnailUrl\":\"https:\\\/\\\/redamlo.com\\\/wp-content\\\/uploads\\\/2023\\\/10\\\/INFLACION-ANUAL-MEXICO-OCTUBRE-2023.jpeg\",\"datePublished\":\"2023-10-24T22:10:42+00:00\",\"breadcrumb\":{\"@id\":\"https:\\\/\\\/redamlo.com\\\/index.php\\\/2023\\\/10\\\/24\\\/inflacion-en-mexico-baja-a-4-27-por-ciento-y-economia-crece-destaca-presidente\\\/#breadcrumb\"},\"inLanguage\":\"es\",\"potentialAction\":[{\"@type\":\"ReadAction\",\"target\":[\"https:\\\/\\\/redamlo.com\\\/index.php\\\/2023\\\/10\\\/24\\\/inflacion-en-mexico-baja-a-4-27-por-ciento-y-economia-crece-destaca-presidente\\\/\"]}]},{\"@type\":\"ImageObject\",\"inLanguage\":\"es\",\"@id\":\"https:\\\/\\\/redamlo.com\\\/index.php\\\/2023\\\/10\\\/24\\\/inflacion-en-mexico-baja-a-4-27-por-ciento-y-economia-crece-destaca-presidente\\\/#primaryimage\",\"url\":\"https:\\\/\\\/redamlo.com\\\/wp-content\\\/uploads\\\/2023\\\/10\\\/INFLACION-ANUAL-MEXICO-OCTUBRE-2023.jpeg\",\"contentUrl\":\"https:\\\/\\\/redamlo.com\\\/wp-content\\\/uploads\\\/2023\\\/10\\\/INFLACION-ANUAL-MEXICO-OCTUBRE-2023.jpeg\",\"width\":1600,\"height\":1232},{\"@type\":\"BreadcrumbList\",\"@id\":\"https:\\\/\\\/redamlo.com\\\/index.php\\\/2023\\\/10\\\/24\\\/inflacion-en-mexico-baja-a-4-27-por-ciento-y-economia-crece-destaca-presidente\\\/#breadcrumb\",\"itemListElement\":[{\"@type\":\"ListItem\",\"position\":1,\"name\":\"Inicio\",\"item\":\"https:\\\/\\\/redamlo.com\\\/\"},{\"@type\":\"ListItem\",\"position\":2,\"name\":\"INFLACI\u00d3N EN M\u00c9XICO BAJA A 4.27 POR CIENTO Y ECONOM\u00cdA CRECE, DESTACA PRESIDENTE\"}]},{\"@type\":\"WebSite\",\"@id\":\"https:\\\/\\\/redamlo.com\\\/#website\",\"url\":\"https:\\\/\\\/redamlo.com\\\/\",\"name\":\"NOTICIAS DE LA 4T\",\"description\":\"\",\"publisher\":{\"@id\":\"https:\\\/\\\/redamlo.com\\\/#organization\"},\"potentialAction\":[{\"@type\":\"SearchAction\",\"target\":{\"@type\":\"EntryPoint\",\"urlTemplate\":\"https:\\\/\\\/redamlo.com\\\/?s={search_term_string}\"},\"query-input\":{\"@type\":\"PropertyValueSpecification\",\"valueRequired\":true,\"valueName\":\"search_term_string\"}}],\"inLanguage\":\"es\"},{\"@type\":\"Organization\",\"@id\":\"https:\\\/\\\/redamlo.com\\\/#organization\",\"name\":\"NOTICIAS DE LA 4T\",\"url\":\"https:\\\/\\\/redamlo.com\\\/\",\"logo\":{\"@type\":\"ImageObject\",\"inLanguage\":\"es\",\"@id\":\"https:\\\/\\\/redamlo.com\\\/#\\\/schema\\\/logo\\\/image\\\/\",\"url\":\"https:\\\/\\\/redamlo.com\\\/wp-content\\\/uploads\\\/2024\\\/08\\\/cropped-RED-AMLO-logo-50.png\",\"contentUrl\":\"https:\\\/\\\/redamlo.com\\\/wp-content\\\/uploads\\\/2024\\\/08\\\/cropped-RED-AMLO-logo-50.png\",\"width\":256,\"height\":256,\"caption\":\"NOTICIAS DE LA 4T\"},\"image\":{\"@id\":\"https:\\\/\\\/redamlo.com\\\/#\\\/schema\\\/logo\\\/image\\\/\"}},{\"@type\":\"Person\",\"@id\":\"https:\\\/\\\/redamlo.com\\\/#\\\/schema\\\/person\\\/197a0a670d21b1f4f1483ddda1b64613\",\"name\":\"admin\",\"image\":{\"@type\":\"ImageObject\",\"inLanguage\":\"es\",\"@id\":\"https:\\\/\\\/secure.gravatar.com\\\/avatar\\\/293dccd927043f2e641da6685c2f84009782eb9ee0054daceada4e261ded849a?s=96&d=mm&r=g\",\"url\":\"https:\\\/\\\/secure.gravatar.com\\\/avatar\\\/293dccd927043f2e641da6685c2f84009782eb9ee0054daceada4e261ded849a?s=96&d=mm&r=g\",\"contentUrl\":\"https:\\\/\\\/secure.gravatar.com\\\/avatar\\\/293dccd927043f2e641da6685c2f84009782eb9ee0054daceada4e261ded849a?s=96&d=mm&r=g\",\"caption\":\"admin\"},\"sameAs\":[\"https:\\\/\\\/redamlo.com\"],\"url\":\"https:\\\/\\\/redamlo.com\\\/index.php\\\/author\\\/stell\\\/\"}]}<\/script>\n<!-- \/ Yoast SEO plugin. -->","yoast_head_json":{"title":"INFLACI\u00d3N EN M\u00c9XICO BAJA A 4.27 POR CIENTO Y ECONOM\u00cdA CRECE, DESTACA PRESIDENTE - NOTICIAS DE LA 4T","robots":{"index":"noindex","follow":"follow","max-snippet":"max-snippet:-1","max-image-preview":"max-image-preview:large","max-video-preview":"max-video-preview:-1"},"og_locale":"es_MX","og_type":"article","og_title":"INFLACI\u00d3N EN M\u00c9XICO BAJA A 4.27 POR CIENTO Y ECONOM\u00cdA CRECE, DESTACA PRESIDENTE - NOTICIAS DE LA 4T","og_description":"\u201cSigue cayendo, sigue bajando la inflaci\u00f3n. (\u2026) Y va creciendo la econom\u00eda, ayer ve\u00edamos, ya...","og_url":"https:\/\/redamlo.com\/index.php\/2023\/10\/24\/inflacion-en-mexico-baja-a-4-27-por-ciento-y-economia-crece-destaca-presidente\/","og_site_name":"NOTICIAS DE LA 4T","article_published_time":"2023-10-24T22:10:42+00:00","og_image":[{"width":1600,"height":1232,"url":"https:\/\/redamlo.com\/wp-content\/uploads\/2023\/10\/INFLACION-ANUAL-MEXICO-OCTUBRE-2023.jpeg","type":"image\/jpeg"}],"author":"admin","twitter_card":"summary_large_image","twitter_misc":{"Escrito por":"admin","Tiempo de lectura":"2 minutos"},"schema":{"@context":"https:\/\/schema.org","@graph":[{"@type":"Article","@id":"https:\/\/redamlo.com\/index.php\/2023\/10\/24\/inflacion-en-mexico-baja-a-4-27-por-ciento-y-economia-crece-destaca-presidente\/#article","isPartOf":{"@id":"https:\/\/redamlo.com\/index.php\/2023\/10\/24\/inflacion-en-mexico-baja-a-4-27-por-ciento-y-economia-crece-destaca-presidente\/"},"author":{"name":"admin","@id":"https:\/\/redamlo.com\/#\/schema\/person\/197a0a670d21b1f4f1483ddda1b64613"},"headline":"INFLACI\u00d3N EN M\u00c9XICO BAJA A 4.27 POR CIENTO Y ECONOM\u00cdA CRECE, DESTACA PRESIDENTE","datePublished":"2023-10-24T22:10:42+00:00","mainEntityOfPage":{"@id":"https:\/\/redamlo.com\/index.php\/2023\/10\/24\/inflacion-en-mexico-baja-a-4-27-por-ciento-y-economia-crece-destaca-presidente\/"},"wordCount":257,"commentCount":0,"publisher":{"@id":"https:\/\/redamlo.com\/#organization"},"image":{"@id":"https:\/\/redamlo.com\/index.php\/2023\/10\/24\/inflacion-en-mexico-baja-a-4-27-por-ciento-y-economia-crece-destaca-presidente\/#primaryimage"},"thumbnailUrl":"https:\/\/redamlo.com\/wp-content\/uploads\/2023\/10\/INFLACION-ANUAL-MEXICO-OCTUBRE-2023.jpeg","keywords":["AMLO","economia","inflacion anual 2023"],"articleSection":["Econom\u00eda"],"inLanguage":"es","potentialAction":[{"@type":"CommentAction","name":"Comment","target":["https:\/\/redamlo.com\/index.php\/2023\/10\/24\/inflacion-en-mexico-baja-a-4-27-por-ciento-y-economia-crece-destaca-presidente\/#respond"]}]},{"@type":"WebPage","@id":"https:\/\/redamlo.com\/index.php\/2023\/10\/24\/inflacion-en-mexico-baja-a-4-27-por-ciento-y-economia-crece-destaca-presidente\/","url":"https:\/\/redamlo.com\/index.php\/2023\/10\/24\/inflacion-en-mexico-baja-a-4-27-por-ciento-y-economia-crece-destaca-presidente\/","name":"INFLACI\u00d3N EN M\u00c9XICO BAJA A 4.27 POR CIENTO Y ECONOM\u00cdA CRECE, DESTACA PRESIDENTE - NOTICIAS DE LA 4T","isPartOf":{"@id":"https:\/\/redamlo.com\/#website"},"primaryImageOfPage":{"@id":"https:\/\/redamlo.com\/index.php\/2023\/10\/24\/inflacion-en-mexico-baja-a-4-27-por-ciento-y-economia-crece-destaca-presidente\/#primaryimage"},"image":{"@id":"https:\/\/redamlo.com\/index.php\/2023\/10\/24\/inflacion-en-mexico-baja-a-4-27-por-ciento-y-economia-crece-destaca-presidente\/#primaryimage"},"thumbnailUrl":"https:\/\/redamlo.com\/wp-content\/uploads\/2023\/10\/INFLACION-ANUAL-MEXICO-OCTUBRE-2023.jpeg","datePublished":"2023-10-24T22:10:42+00:00","breadcrumb":{"@id":"https:\/\/redamlo.com\/index.php\/2023\/10\/24\/inflacion-en-mexico-baja-a-4-27-por-ciento-y-economia-crece-destaca-presidente\/#breadcrumb"},"inLanguage":"es","potentialAction":[{"@type":"ReadAction","target":["https:\/\/redamlo.com\/index.php\/2023\/10\/24\/inflacion-en-mexico-baja-a-4-27-por-ciento-y-economia-crece-destaca-presidente\/"]}]},{"@type":"ImageObject","inLanguage":"es","@id":"https:\/\/redamlo.com\/index.php\/2023\/10\/24\/inflacion-en-mexico-baja-a-4-27-por-ciento-y-economia-crece-destaca-presidente\/#primaryimage","url":"https:\/\/redamlo.com\/wp-content\/uploads\/2023\/10\/INFLACION-ANUAL-MEXICO-OCTUBRE-2023.jpeg","contentUrl":"https:\/\/redamlo.com\/wp-content\/uploads\/2023\/10\/INFLACION-ANUAL-MEXICO-OCTUBRE-2023.jpeg","width":1600,"height":1232},{"@type":"BreadcrumbList","@id":"https:\/\/redamlo.com\/index.php\/2023\/10\/24\/inflacion-en-mexico-baja-a-4-27-por-ciento-y-economia-crece-destaca-presidente\/#breadcrumb","itemListElement":[{"@type":"ListItem","position":1,"name":"Inicio","item":"https:\/\/redamlo.com\/"},{"@type":"ListItem","position":2,"name":"INFLACI\u00d3N EN M\u00c9XICO BAJA A 4.27 POR CIENTO Y ECONOM\u00cdA CRECE, DESTACA PRESIDENTE"}]},{"@type":"WebSite","@id":"https:\/\/redamlo.com\/#website","url":"https:\/\/redamlo.com\/","name":"NOTICIAS DE LA 4T","description":"","publisher":{"@id":"https:\/\/redamlo.com\/#organization"},"potentialAction":[{"@type":"SearchAction","target":{"@type":"EntryPoint","urlTemplate":"https:\/\/redamlo.com\/?s={search_term_string}"},"query-input":{"@type":"PropertyValueSpecification","valueRequired":true,"valueName":"search_term_string"}}],"inLanguage":"es"},{"@type":"Organization","@id":"https:\/\/redamlo.com\/#organization","name":"NOTICIAS DE LA 4T","url":"https:\/\/redamlo.com\/","logo":{"@type":"ImageObject","inLanguage":"es","@id":"https:\/\/redamlo.com\/#\/schema\/logo\/image\/","url":"https:\/\/redamlo.com\/wp-content\/uploads\/2024\/08\/cropped-RED-AMLO-logo-50.png","contentUrl":"https:\/\/redamlo.com\/wp-content\/uploads\/2024\/08\/cropped-RED-AMLO-logo-50.png","width":256,"height":256,"caption":"NOTICIAS DE LA 4T"},"image":{"@id":"https:\/\/redamlo.com\/#\/schema\/logo\/image\/"}},{"@type":"Person","@id":"https:\/\/redamlo.com\/#\/schema\/person\/197a0a670d21b1f4f1483ddda1b64613","name":"admin","image":{"@type":"ImageObject","inLanguage":"es","@id":"https:\/\/secure.gravatar.com\/avatar\/293dccd927043f2e641da6685c2f84009782eb9ee0054daceada4e261ded849a?s=96&d=mm&r=g","url":"https:\/\/secure.gravatar.com\/avatar\/293dccd927043f2e641da6685c2f84009782eb9ee0054daceada4e261ded849a?s=96&d=mm&r=g","contentUrl":"https:\/\/secure.gravatar.com\/avatar\/293dccd927043f2e641da6685c2f84009782eb9ee0054daceada4e261ded849a?s=96&d=mm&r=g","caption":"admin"},"sameAs":["https:\/\/redamlo.com"],"url":"https:\/\/redamlo.com\/index.php\/author\/stell\/"}]}},"_links":{"self":[{"href":"https:\/\/redamlo.com\/index.php\/wp-json\/wp\/v2\/posts\/7119","targetHints":{"allow":["GET"]}}],"collection":[{"href":"https:\/\/redamlo.com\/index.php\/wp-json\/wp\/v2\/posts"}],"about":[{"href":"https:\/\/redamlo.com\/index.php\/wp-json\/wp\/v2\/types\/post"}],"author":[{"embeddable":true,"href":"https:\/\/redamlo.com\/index.php\/wp-json\/wp\/v2\/users\/1"}],"replies":[{"embeddable":true,"href":"https:\/\/redamlo.com\/index.php\/wp-json\/wp\/v2\/comments?post=7119"}],"version-history":[{"count":0,"href":"https:\/\/redamlo.com\/index.php\/wp-json\/wp\/v2\/posts\/7119\/revisions"}],"wp:featuredmedia":[{"embeddable":true,"href":"https:\/\/redamlo.com\/index.php\/wp-json\/wp\/v2\/media\/7120"}],"wp:attachment":[{"href":"https:\/\/redamlo.com\/index.php\/wp-json\/wp\/v2\/media?parent=7119"}],"wp:term":[{"taxonomy":"category","embeddable":true,"href":"https:\/\/redamlo.com\/index.php\/wp-json\/wp\/v2\/categories?post=7119"},{"taxonomy":"post_tag","embeddable":true,"href":"https:\/\/redamlo.com\/index.php\/wp-json\/wp\/v2\/tags?post=7119"}],"curies":[{"name":"wp","href":"https:\/\/api.w.org\/{rel}","templated":true}]}}