{"id":7116,"date":"2023-10-23T15:45:32","date_gmt":"2023-10-23T21:45:32","guid":{"rendered":"https:\/\/redamlo.com\/?p=7116"},"modified":"2023-10-23T15:45:32","modified_gmt":"2023-10-23T21:45:32","slug":"amlo-propone-dialogo-entre-estados-unidos-y-cuba-a-favor-de-los-pueblos","status":"publish","type":"post","link":"https:\/\/redamlo.com\/index.php\/2023\/10\/23\/amlo-propone-dialogo-entre-estados-unidos-y-cuba-a-favor-de-los-pueblos\/","title":{"rendered":"AMLO propone di\u00e1logo entre Estados Unidos y Cuba a favor de los pueblos"},"content":{"rendered":"<p>El presidente Andr\u00e9s Manuel L\u00f3pez Obrador detall\u00f3 que uno de los acuerdos de<strong>l Encuentro de Palenque, por una vecindad fraterna y con bienestar<\/strong>\u00a0es promover el di\u00e1logo bilateral entre Estados Unidos y Cuba para retirar a este pa\u00eds el bloqueo \u201cque afecta mucho a la poblaci\u00f3n\u201d.<\/p>\n<p>&nbsp;<\/p>\n<p>En conferencia de prensa matutina indic\u00f3 que esta medida para frenar el comercio y otras sanciones agudizan el fen\u00f3meno de la migraci\u00f3n ante la pobreza y la falta de oportunidades.<\/p>\n<blockquote><p>\u201cIndependientemente de las diferencias, lo hemos dicho aqu\u00ed, que existen por razones pol\u00edticas o ideol\u00f3gicas, esta medida de bloquear a un pa\u00eds, a una isla, perjudica mucho a seres humanos, es una flagrante violaci\u00f3n a los derechos humanos porque impide que puedan tener abasto de alimentos los que viven en Cuba; impiden estas medidas de bloqueo que puedan adquirir petr\u00f3leo, combustibles y otros bienes. Entonces es importante que se reabra un di\u00e1logo\u201d, explic\u00f3.<\/p>\n<p>https:\/\/www.youtube.com\/watch?v=EMb7n2q5qSc<\/p><\/blockquote>\n<p>\u201cPor pobreza, por falta de oportunidades, por estas medidas de bloqueo, de sanciones a pa\u00edses por cuestiones pol\u00edticas-ideol\u00f3gicas, se ven obligados muchos seres humanos de estos pa\u00edses, familias completas, ni\u00f1as, ni\u00f1os a salir\u201d, agreg\u00f3.<\/p>\n<p>El jefe del Ejecutivo asegur\u00f3 que enviar\u00e1 una carta al presidente de Estados Unidos, Joseph Biden, para que su gobierno y el de Cuba dialoguen en beneficio de los pueblos.<\/p>\n<p>\u201cOjal\u00e1 que se inicie lo m\u00e1s pronto posible, esto por razones fundamentalmente humanitarias. Desde luego hay una condena de todos los gobiernos del mundo, con excepci\u00f3n de uno, dos o tres. De 200 pa\u00edses, cada vez que hay una asamblea en la ONU, la mayor\u00eda, casi todos los pa\u00edses del mundo, representados por sus gobiernos votan porque se quite el bloqueo a Cuba. Sin embargo, uno, dos pa\u00edses, bloquean y como tienen capacidad para hacerlo queda sin efecto la decisi\u00f3n de la mayor\u00eda de la Asamblea de Naciones Unidas. Son de esos anacronismos que hay que quitar en la ONU\u201d, apunt\u00f3.<\/p>\n<p>Reconoci\u00f3 los recientes acercamientos de la administraci\u00f3n estadounidense con Venezuela, pa\u00eds que registra un considerable incremento de migraci\u00f3n, de acuerdo con datos de septiembre de la Oficina de Aduanas y Protecci\u00f3n Fronteriza de Estados Unidos (CBP, por siglas en ingl\u00e9s).<\/p>\n<blockquote><p>\u201cCelebramos que ya hay pl\u00e1ticas, hay di\u00e1logo con Venezuela y el gobierno de Estados Unidos. Lo mismo queremos para el caso de Cuba y estamos tambi\u00e9n proponiendo que haya cooperaci\u00f3n econ\u00f3mica para el desarrollo, atender a la gente en sus comunidades de origen para que no se vean obligados a emigrar\u201d, afirm\u00f3.<\/p><\/blockquote>\n<p>Ante representantes de medios de comunicaci\u00f3n, cuestion\u00f3 el apoyo armamentista de Estados Unidos a conflictos en el mundo, en lugar de financiar proyectos orientados a la paz y al desarrollo entre naciones.<\/p>\n<p>\u201cNo es posible que est\u00e9n destinando tanto dinero para las armas, para alimentar, mantener guerras y que no se invierta atendiendo las causas que originan la migraci\u00f3n; se ha avanzado, sin duda, con el presidente Biden, pero falta y se necesita una definici\u00f3n clara, no el zigzagueo. (\u2026) Que se act\u00fae con humanismo, que haya una definici\u00f3n de que se est\u00e1 a favor de la justicia\u201d, indic\u00f3.<\/p>\n<blockquote><p>\u201cYa es tiempo de cambiar esas pol\u00edticas anacr\u00f3nicas, de sometimiento, de injerencismo, de no respetar la soberan\u00eda de los pueblos\u201d, a\u00f1adi\u00f3.<\/p><\/blockquote>\n<p>Sobre su reuni\u00f3n con la presidenta de Honduras, Xiomara Castro Sarmiento; los presidentes de Colombia, Gustavo Petro Urrego; de Cuba, Miguel D\u00edaz-Canel Berm\u00fadez; de Venezuela, Nicol\u00e1s Maduro Moros y el primer ministro de la Rep\u00fablica de Hait\u00ed, Ariel Henry, indic\u00f3 que hay coincidencias en la atenci\u00f3n al fen\u00f3meno migratorio de manera conjunta y desde sus causas.<\/p>\n<blockquote><p>\u201cFue muy bueno el encuentro y vamos a seguir invitando a Nicaragua y tenemos que invitar a todos; esto va m\u00e1s all\u00e1 de bander\u00edas pol\u00edticas, de posturas ideol\u00f3gicas, esto es un asunto humanitario. Es muy grave lo que est\u00e1 pasando y tenemos que buscar opciones, alternativas, atendiendo las causas, hacer a un lado las medidas coercitivas, eso no sirve, los muros, la militarizaci\u00f3n de la frontera, esto que hace el gobernador de Texas, de poner alambradas en el r\u00edo\u201d, puntualiz\u00f3.<\/p><\/blockquote>\n<p>El jefe del Ejecutivo enfatiz\u00f3 los riesgos que conlleva el paso de miles de migrantes por la regi\u00f3n del Dari\u00e9n, ubicado entre los l\u00edmites de Colombia y Panam\u00e1, debido a la selva y el control de las mafias.<\/p>\n<p>\u201cAunque hay diferencias pol\u00edticas, en lo del Dari\u00e9n y en estas mafias que controlan la migraci\u00f3n, estos traficantes de personas, coinciden (mandatarios) en que nos tenemos que poner de acuerdo tambi\u00e9n para enfrentar estas mafias, pero hay coincidencias. Ah\u00ed no interesa qu\u00e9 posturas pol\u00edticas se tienen, si se es cercano al gobierno de Estado o no, este es un asunto humanitario. (\u2026) Hay disposici\u00f3n de todos para ayudar y le vamos a dar continuidad; ya estamos trabajando en eso\u201d, remarc\u00f3.<\/p>\n","protected":false},"excerpt":{"rendered":"<p>El presidente Andr\u00e9s Manuel L\u00f3pez Obrador detall\u00f3 que uno de los acuerdos del Encuentro de&#8230;<\/p>\n","protected":false},"author":1,"featured_media":7117,"comment_status":"open","ping_status":"closed","sticky":false,"template":"","format":"standard","meta":{"footnotes":""},"categories":[27],"tags":[84,2572,2573],"class_list":["post-7116","post","type-post","status-publish","format-standard","has-post-thumbnail","hentry","category-presidencia","tag-amlo","tag-bloqueo-eu-cuba","tag-dialogo-con-cuba"],"yoast_head":"<!-- This site is optimized with the Yoast SEO plugin v27.5 - https:\/\/yoast.com\/product\/yoast-seo-wordpress\/ -->\n<title>AMLO propone di\u00e1logo entre Estados Unidos y Cuba a favor de los pueblos - NOTICIAS DE LA 4T<\/title>\n<meta name=\"robots\" content=\"noindex, follow, max-snippet:-1, max-image-preview:large, max-video-preview:-1\" \/>\n<meta property=\"og:locale\" content=\"es_MX\" \/>\n<meta property=\"og:type\" content=\"article\" \/>\n<meta property=\"og:title\" content=\"AMLO propone di\u00e1logo entre Estados Unidos y Cuba a favor de los pueblos - NOTICIAS DE LA 4T\" \/>\n<meta property=\"og:description\" content=\"El presidente Andr\u00e9s Manuel L\u00f3pez Obrador detall\u00f3 que uno de los acuerdos del Encuentro de...\" \/>\n<meta property=\"og:url\" content=\"https:\/\/redamlo.com\/index.php\/2023\/10\/23\/amlo-propone-dialogo-entre-estados-unidos-y-cuba-a-favor-de-los-pueblos\/\" \/>\n<meta property=\"og:site_name\" content=\"NOTICIAS DE LA 4T\" \/>\n<meta property=\"article:published_time\" content=\"2023-10-23T21:45:32+00:00\" \/>\n<meta property=\"og:image\" content=\"https:\/\/redamlo.com\/wp-content\/uploads\/2023\/10\/2023-10-23-Conferencia-de-prensa-matutina-Palacio-Nacional-Foto-09.jpg\" \/>\n\t<meta property=\"og:image:width\" content=\"1499\" \/>\n\t<meta property=\"og:image:height\" content=\"1000\" \/>\n\t<meta property=\"og:image:type\" content=\"image\/jpeg\" \/>\n<meta name=\"author\" content=\"admin\" \/>\n<meta name=\"twitter:card\" content=\"summary_large_image\" \/>\n<meta name=\"twitter:label1\" content=\"Escrito por\" \/>\n\t<meta name=\"twitter:data1\" content=\"admin\" \/>\n\t<meta name=\"twitter:label2\" content=\"Tiempo de lectura\" \/>\n\t<meta name=\"twitter:data2\" content=\"4 minutos\" \/>\n<script type=\"application\/ld+json\" class=\"yoast-schema-graph\">{\"@context\":\"https:\\\/\\\/schema.org\",\"@graph\":[{\"@type\":\"Article\",\"@id\":\"https:\\\/\\\/redamlo.com\\\/index.php\\\/2023\\\/10\\\/23\\\/amlo-propone-dialogo-entre-estados-unidos-y-cuba-a-favor-de-los-pueblos\\\/#article\",\"isPartOf\":{\"@id\":\"https:\\\/\\\/redamlo.com\\\/index.php\\\/2023\\\/10\\\/23\\\/amlo-propone-dialogo-entre-estados-unidos-y-cuba-a-favor-de-los-pueblos\\\/\"},\"author\":{\"name\":\"admin\",\"@id\":\"https:\\\/\\\/redamlo.com\\\/#\\\/schema\\\/person\\\/197a0a670d21b1f4f1483ddda1b64613\"},\"headline\":\"AMLO propone di\u00e1logo entre Estados Unidos y Cuba a favor de los pueblos\",\"datePublished\":\"2023-10-23T21:45:32+00:00\",\"mainEntityOfPage\":{\"@id\":\"https:\\\/\\\/redamlo.com\\\/index.php\\\/2023\\\/10\\\/23\\\/amlo-propone-dialogo-entre-estados-unidos-y-cuba-a-favor-de-los-pueblos\\\/\"},\"wordCount\":871,\"commentCount\":0,\"publisher\":{\"@id\":\"https:\\\/\\\/redamlo.com\\\/#organization\"},\"image\":{\"@id\":\"https:\\\/\\\/redamlo.com\\\/index.php\\\/2023\\\/10\\\/23\\\/amlo-propone-dialogo-entre-estados-unidos-y-cuba-a-favor-de-los-pueblos\\\/#primaryimage\"},\"thumbnailUrl\":\"https:\\\/\\\/redamlo.com\\\/wp-content\\\/uploads\\\/2023\\\/10\\\/2023-10-23-Conferencia-de-prensa-matutina-Palacio-Nacional-Foto-09.jpg\",\"keywords\":[\"AMLO\",\"bloqueo EU-CUBA\",\"dialogo con cuba\"],\"articleSection\":[\"Presidencia\"],\"inLanguage\":\"es\",\"potentialAction\":[{\"@type\":\"CommentAction\",\"name\":\"Comment\",\"target\":[\"https:\\\/\\\/redamlo.com\\\/index.php\\\/2023\\\/10\\\/23\\\/amlo-propone-dialogo-entre-estados-unidos-y-cuba-a-favor-de-los-pueblos\\\/#respond\"]}]},{\"@type\":\"WebPage\",\"@id\":\"https:\\\/\\\/redamlo.com\\\/index.php\\\/2023\\\/10\\\/23\\\/amlo-propone-dialogo-entre-estados-unidos-y-cuba-a-favor-de-los-pueblos\\\/\",\"url\":\"https:\\\/\\\/redamlo.com\\\/index.php\\\/2023\\\/10\\\/23\\\/amlo-propone-dialogo-entre-estados-unidos-y-cuba-a-favor-de-los-pueblos\\\/\",\"name\":\"AMLO propone di\u00e1logo entre Estados Unidos y Cuba a favor de los pueblos - NOTICIAS DE LA 4T\",\"isPartOf\":{\"@id\":\"https:\\\/\\\/redamlo.com\\\/#website\"},\"primaryImageOfPage\":{\"@id\":\"https:\\\/\\\/redamlo.com\\\/index.php\\\/2023\\\/10\\\/23\\\/amlo-propone-dialogo-entre-estados-unidos-y-cuba-a-favor-de-los-pueblos\\\/#primaryimage\"},\"image\":{\"@id\":\"https:\\\/\\\/redamlo.com\\\/index.php\\\/2023\\\/10\\\/23\\\/amlo-propone-dialogo-entre-estados-unidos-y-cuba-a-favor-de-los-pueblos\\\/#primaryimage\"},\"thumbnailUrl\":\"https:\\\/\\\/redamlo.com\\\/wp-content\\\/uploads\\\/2023\\\/10\\\/2023-10-23-Conferencia-de-prensa-matutina-Palacio-Nacional-Foto-09.jpg\",\"datePublished\":\"2023-10-23T21:45:32+00:00\",\"breadcrumb\":{\"@id\":\"https:\\\/\\\/redamlo.com\\\/index.php\\\/2023\\\/10\\\/23\\\/amlo-propone-dialogo-entre-estados-unidos-y-cuba-a-favor-de-los-pueblos\\\/#breadcrumb\"},\"inLanguage\":\"es\",\"potentialAction\":[{\"@type\":\"ReadAction\",\"target\":[\"https:\\\/\\\/redamlo.com\\\/index.php\\\/2023\\\/10\\\/23\\\/amlo-propone-dialogo-entre-estados-unidos-y-cuba-a-favor-de-los-pueblos\\\/\"]}]},{\"@type\":\"ImageObject\",\"inLanguage\":\"es\",\"@id\":\"https:\\\/\\\/redamlo.com\\\/index.php\\\/2023\\\/10\\\/23\\\/amlo-propone-dialogo-entre-estados-unidos-y-cuba-a-favor-de-los-pueblos\\\/#primaryimage\",\"url\":\"https:\\\/\\\/redamlo.com\\\/wp-content\\\/uploads\\\/2023\\\/10\\\/2023-10-23-Conferencia-de-prensa-matutina-Palacio-Nacional-Foto-09.jpg\",\"contentUrl\":\"https:\\\/\\\/redamlo.com\\\/wp-content\\\/uploads\\\/2023\\\/10\\\/2023-10-23-Conferencia-de-prensa-matutina-Palacio-Nacional-Foto-09.jpg\",\"width\":1499,\"height\":1000},{\"@type\":\"BreadcrumbList\",\"@id\":\"https:\\\/\\\/redamlo.com\\\/index.php\\\/2023\\\/10\\\/23\\\/amlo-propone-dialogo-entre-estados-unidos-y-cuba-a-favor-de-los-pueblos\\\/#breadcrumb\",\"itemListElement\":[{\"@type\":\"ListItem\",\"position\":1,\"name\":\"Inicio\",\"item\":\"https:\\\/\\\/redamlo.com\\\/\"},{\"@type\":\"ListItem\",\"position\":2,\"name\":\"AMLO propone di\u00e1logo entre Estados Unidos y Cuba a favor de los pueblos\"}]},{\"@type\":\"WebSite\",\"@id\":\"https:\\\/\\\/redamlo.com\\\/#website\",\"url\":\"https:\\\/\\\/redamlo.com\\\/\",\"name\":\"NOTICIAS DE LA 4T\",\"description\":\"\",\"publisher\":{\"@id\":\"https:\\\/\\\/redamlo.com\\\/#organization\"},\"potentialAction\":[{\"@type\":\"SearchAction\",\"target\":{\"@type\":\"EntryPoint\",\"urlTemplate\":\"https:\\\/\\\/redamlo.com\\\/?s={search_term_string}\"},\"query-input\":{\"@type\":\"PropertyValueSpecification\",\"valueRequired\":true,\"valueName\":\"search_term_string\"}}],\"inLanguage\":\"es\"},{\"@type\":\"Organization\",\"@id\":\"https:\\\/\\\/redamlo.com\\\/#organization\",\"name\":\"NOTICIAS DE LA 4T\",\"url\":\"https:\\\/\\\/redamlo.com\\\/\",\"logo\":{\"@type\":\"ImageObject\",\"inLanguage\":\"es\",\"@id\":\"https:\\\/\\\/redamlo.com\\\/#\\\/schema\\\/logo\\\/image\\\/\",\"url\":\"https:\\\/\\\/redamlo.com\\\/wp-content\\\/uploads\\\/2024\\\/08\\\/cropped-RED-AMLO-logo-50.png\",\"contentUrl\":\"https:\\\/\\\/redamlo.com\\\/wp-content\\\/uploads\\\/2024\\\/08\\\/cropped-RED-AMLO-logo-50.png\",\"width\":256,\"height\":256,\"caption\":\"NOTICIAS DE LA 4T\"},\"image\":{\"@id\":\"https:\\\/\\\/redamlo.com\\\/#\\\/schema\\\/logo\\\/image\\\/\"}},{\"@type\":\"Person\",\"@id\":\"https:\\\/\\\/redamlo.com\\\/#\\\/schema\\\/person\\\/197a0a670d21b1f4f1483ddda1b64613\",\"name\":\"admin\",\"image\":{\"@type\":\"ImageObject\",\"inLanguage\":\"es\",\"@id\":\"https:\\\/\\\/secure.gravatar.com\\\/avatar\\\/293dccd927043f2e641da6685c2f84009782eb9ee0054daceada4e261ded849a?s=96&d=mm&r=g\",\"url\":\"https:\\\/\\\/secure.gravatar.com\\\/avatar\\\/293dccd927043f2e641da6685c2f84009782eb9ee0054daceada4e261ded849a?s=96&d=mm&r=g\",\"contentUrl\":\"https:\\\/\\\/secure.gravatar.com\\\/avatar\\\/293dccd927043f2e641da6685c2f84009782eb9ee0054daceada4e261ded849a?s=96&d=mm&r=g\",\"caption\":\"admin\"},\"sameAs\":[\"https:\\\/\\\/redamlo.com\"],\"url\":\"https:\\\/\\\/redamlo.com\\\/index.php\\\/author\\\/stell\\\/\"}]}<\/script>\n<!-- \/ Yoast SEO plugin. -->","yoast_head_json":{"title":"AMLO propone di\u00e1logo entre Estados Unidos y Cuba a favor de los pueblos - NOTICIAS DE LA 4T","robots":{"index":"noindex","follow":"follow","max-snippet":"max-snippet:-1","max-image-preview":"max-image-preview:large","max-video-preview":"max-video-preview:-1"},"og_locale":"es_MX","og_type":"article","og_title":"AMLO propone di\u00e1logo entre Estados Unidos y Cuba a favor de los pueblos - NOTICIAS DE LA 4T","og_description":"El presidente Andr\u00e9s Manuel L\u00f3pez Obrador detall\u00f3 que uno de los acuerdos del Encuentro de...","og_url":"https:\/\/redamlo.com\/index.php\/2023\/10\/23\/amlo-propone-dialogo-entre-estados-unidos-y-cuba-a-favor-de-los-pueblos\/","og_site_name":"NOTICIAS DE LA 4T","article_published_time":"2023-10-23T21:45:32+00:00","og_image":[{"width":1499,"height":1000,"url":"https:\/\/redamlo.com\/wp-content\/uploads\/2023\/10\/2023-10-23-Conferencia-de-prensa-matutina-Palacio-Nacional-Foto-09.jpg","type":"image\/jpeg"}],"author":"admin","twitter_card":"summary_large_image","twitter_misc":{"Escrito por":"admin","Tiempo de lectura":"4 minutos"},"schema":{"@context":"https:\/\/schema.org","@graph":[{"@type":"Article","@id":"https:\/\/redamlo.com\/index.php\/2023\/10\/23\/amlo-propone-dialogo-entre-estados-unidos-y-cuba-a-favor-de-los-pueblos\/#article","isPartOf":{"@id":"https:\/\/redamlo.com\/index.php\/2023\/10\/23\/amlo-propone-dialogo-entre-estados-unidos-y-cuba-a-favor-de-los-pueblos\/"},"author":{"name":"admin","@id":"https:\/\/redamlo.com\/#\/schema\/person\/197a0a670d21b1f4f1483ddda1b64613"},"headline":"AMLO propone di\u00e1logo entre Estados Unidos y Cuba a favor de los pueblos","datePublished":"2023-10-23T21:45:32+00:00","mainEntityOfPage":{"@id":"https:\/\/redamlo.com\/index.php\/2023\/10\/23\/amlo-propone-dialogo-entre-estados-unidos-y-cuba-a-favor-de-los-pueblos\/"},"wordCount":871,"commentCount":0,"publisher":{"@id":"https:\/\/redamlo.com\/#organization"},"image":{"@id":"https:\/\/redamlo.com\/index.php\/2023\/10\/23\/amlo-propone-dialogo-entre-estados-unidos-y-cuba-a-favor-de-los-pueblos\/#primaryimage"},"thumbnailUrl":"https:\/\/redamlo.com\/wp-content\/uploads\/2023\/10\/2023-10-23-Conferencia-de-prensa-matutina-Palacio-Nacional-Foto-09.jpg","keywords":["AMLO","bloqueo EU-CUBA","dialogo con cuba"],"articleSection":["Presidencia"],"inLanguage":"es","potentialAction":[{"@type":"CommentAction","name":"Comment","target":["https:\/\/redamlo.com\/index.php\/2023\/10\/23\/amlo-propone-dialogo-entre-estados-unidos-y-cuba-a-favor-de-los-pueblos\/#respond"]}]},{"@type":"WebPage","@id":"https:\/\/redamlo.com\/index.php\/2023\/10\/23\/amlo-propone-dialogo-entre-estados-unidos-y-cuba-a-favor-de-los-pueblos\/","url":"https:\/\/redamlo.com\/index.php\/2023\/10\/23\/amlo-propone-dialogo-entre-estados-unidos-y-cuba-a-favor-de-los-pueblos\/","name":"AMLO propone di\u00e1logo entre Estados Unidos y Cuba a favor de los pueblos - NOTICIAS DE LA 4T","isPartOf":{"@id":"https:\/\/redamlo.com\/#website"},"primaryImageOfPage":{"@id":"https:\/\/redamlo.com\/index.php\/2023\/10\/23\/amlo-propone-dialogo-entre-estados-unidos-y-cuba-a-favor-de-los-pueblos\/#primaryimage"},"image":{"@id":"https:\/\/redamlo.com\/index.php\/2023\/10\/23\/amlo-propone-dialogo-entre-estados-unidos-y-cuba-a-favor-de-los-pueblos\/#primaryimage"},"thumbnailUrl":"https:\/\/redamlo.com\/wp-content\/uploads\/2023\/10\/2023-10-23-Conferencia-de-prensa-matutina-Palacio-Nacional-Foto-09.jpg","datePublished":"2023-10-23T21:45:32+00:00","breadcrumb":{"@id":"https:\/\/redamlo.com\/index.php\/2023\/10\/23\/amlo-propone-dialogo-entre-estados-unidos-y-cuba-a-favor-de-los-pueblos\/#breadcrumb"},"inLanguage":"es","potentialAction":[{"@type":"ReadAction","target":["https:\/\/redamlo.com\/index.php\/2023\/10\/23\/amlo-propone-dialogo-entre-estados-unidos-y-cuba-a-favor-de-los-pueblos\/"]}]},{"@type":"ImageObject","inLanguage":"es","@id":"https:\/\/redamlo.com\/index.php\/2023\/10\/23\/amlo-propone-dialogo-entre-estados-unidos-y-cuba-a-favor-de-los-pueblos\/#primaryimage","url":"https:\/\/redamlo.com\/wp-content\/uploads\/2023\/10\/2023-10-23-Conferencia-de-prensa-matutina-Palacio-Nacional-Foto-09.jpg","contentUrl":"https:\/\/redamlo.com\/wp-content\/uploads\/2023\/10\/2023-10-23-Conferencia-de-prensa-matutina-Palacio-Nacional-Foto-09.jpg","width":1499,"height":1000},{"@type":"BreadcrumbList","@id":"https:\/\/redamlo.com\/index.php\/2023\/10\/23\/amlo-propone-dialogo-entre-estados-unidos-y-cuba-a-favor-de-los-pueblos\/#breadcrumb","itemListElement":[{"@type":"ListItem","position":1,"name":"Inicio","item":"https:\/\/redamlo.com\/"},{"@type":"ListItem","position":2,"name":"AMLO propone di\u00e1logo entre Estados Unidos y Cuba a favor de los pueblos"}]},{"@type":"WebSite","@id":"https:\/\/redamlo.com\/#website","url":"https:\/\/redamlo.com\/","name":"NOTICIAS DE LA 4T","description":"","publisher":{"@id":"https:\/\/redamlo.com\/#organization"},"potentialAction":[{"@type":"SearchAction","target":{"@type":"EntryPoint","urlTemplate":"https:\/\/redamlo.com\/?s={search_term_string}"},"query-input":{"@type":"PropertyValueSpecification","valueRequired":true,"valueName":"search_term_string"}}],"inLanguage":"es"},{"@type":"Organization","@id":"https:\/\/redamlo.com\/#organization","name":"NOTICIAS DE LA 4T","url":"https:\/\/redamlo.com\/","logo":{"@type":"ImageObject","inLanguage":"es","@id":"https:\/\/redamlo.com\/#\/schema\/logo\/image\/","url":"https:\/\/redamlo.com\/wp-content\/uploads\/2024\/08\/cropped-RED-AMLO-logo-50.png","contentUrl":"https:\/\/redamlo.com\/wp-content\/uploads\/2024\/08\/cropped-RED-AMLO-logo-50.png","width":256,"height":256,"caption":"NOTICIAS DE LA 4T"},"image":{"@id":"https:\/\/redamlo.com\/#\/schema\/logo\/image\/"}},{"@type":"Person","@id":"https:\/\/redamlo.com\/#\/schema\/person\/197a0a670d21b1f4f1483ddda1b64613","name":"admin","image":{"@type":"ImageObject","inLanguage":"es","@id":"https:\/\/secure.gravatar.com\/avatar\/293dccd927043f2e641da6685c2f84009782eb9ee0054daceada4e261ded849a?s=96&d=mm&r=g","url":"https:\/\/secure.gravatar.com\/avatar\/293dccd927043f2e641da6685c2f84009782eb9ee0054daceada4e261ded849a?s=96&d=mm&r=g","contentUrl":"https:\/\/secure.gravatar.com\/avatar\/293dccd927043f2e641da6685c2f84009782eb9ee0054daceada4e261ded849a?s=96&d=mm&r=g","caption":"admin"},"sameAs":["https:\/\/redamlo.com"],"url":"https:\/\/redamlo.com\/index.php\/author\/stell\/"}]}},"_links":{"self":[{"href":"https:\/\/redamlo.com\/index.php\/wp-json\/wp\/v2\/posts\/7116","targetHints":{"allow":["GET"]}}],"collection":[{"href":"https:\/\/redamlo.com\/index.php\/wp-json\/wp\/v2\/posts"}],"about":[{"href":"https:\/\/redamlo.com\/index.php\/wp-json\/wp\/v2\/types\/post"}],"author":[{"embeddable":true,"href":"https:\/\/redamlo.com\/index.php\/wp-json\/wp\/v2\/users\/1"}],"replies":[{"embeddable":true,"href":"https:\/\/redamlo.com\/index.php\/wp-json\/wp\/v2\/comments?post=7116"}],"version-history":[{"count":0,"href":"https:\/\/redamlo.com\/index.php\/wp-json\/wp\/v2\/posts\/7116\/revisions"}],"wp:featuredmedia":[{"embeddable":true,"href":"https:\/\/redamlo.com\/index.php\/wp-json\/wp\/v2\/media\/7117"}],"wp:attachment":[{"href":"https:\/\/redamlo.com\/index.php\/wp-json\/wp\/v2\/media?parent=7116"}],"wp:term":[{"taxonomy":"category","embeddable":true,"href":"https:\/\/redamlo.com\/index.php\/wp-json\/wp\/v2\/categories?post=7116"},{"taxonomy":"post_tag","embeddable":true,"href":"https:\/\/redamlo.com\/index.php\/wp-json\/wp\/v2\/tags?post=7116"}],"curies":[{"name":"wp","href":"https:\/\/api.w.org\/{rel}","templated":true}]}}