{"id":7104,"date":"2023-10-11T16:48:35","date_gmt":"2023-10-11T22:48:35","guid":{"rendered":"https:\/\/redamlo.com\/?p=7104"},"modified":"2023-10-11T16:48:35","modified_gmt":"2023-10-11T22:48:35","slug":"la-diputada-luz-ma-hernandez-impulsa-iniciativa-sobre-prima-de-antiguedad-para-elementos-de-la-policia","status":"publish","type":"post","link":"https:\/\/redamlo.com\/index.php\/2023\/10\/11\/la-diputada-luz-ma-hernandez-impulsa-iniciativa-sobre-prima-de-antiguedad-para-elementos-de-la-policia\/","title":{"rendered":"La diputada Luz Ma Hern\u00e1ndez impulsa iniciativa sobre prima de antig\u00fcedad para elementos de la polic\u00eda"},"content":{"rendered":"<ul>\n<li>Se debe otorgar a quienes cumplan al menos con 15 a\u00f1os de servicio: Luz Ma Hern\u00e1ndez.<\/li>\n<li><\/li>\n<li>La seguridad p\u00fablica debe entenderse como un servicio en favor de la sociedad.<\/li>\n<\/ul>\n<p>A fin de garantizar la mayor protecci\u00f3n de los derechos sociales de los cuerpos policiacos de la entidad, la diputada Luz Ma Hern\u00e1ndez Berm\u00fadez propuso, en nombre del grupo parlamentario de Morena, reformas a la Ley de Seguridad del Estado de M\u00e9xico para que las y los elementos policiales que soliciten retirarse con al menos 15 a\u00f1os de servicio, gocen del pago de una prima de antig\u00fcedad, acorde al presupuesto existente.<\/p>\n<p><img loading=\"lazy\" decoding=\"async\" class=\"wp-image-7106 size-full aligncenter\" src=\"https:\/\/redamlo.com\/wp-content\/uploads\/2023\/10\/luz-ma-hernandez-prima-policia.jpg\" alt=\"\" width=\"715\" height=\"476\" srcset=\"https:\/\/redamlo.com\/wp-content\/uploads\/2023\/10\/luz-ma-hernandez-prima-policia.jpg 715w, https:\/\/redamlo.com\/wp-content\/uploads\/2023\/10\/luz-ma-hernandez-prima-policia-300x200.jpg 300w\" sizes=\"auto, (max-width: 715px) 100vw, 715px\" \/><\/p>\n<p>De acuerdo con la iniciativa, que analizar\u00e1 la Comisi\u00f3n de Trabajo, Previsi\u00f3n y Seguridad Social, el pago de esta prima de antig\u00fcedad se regir\u00e1 por las normas establecidas en el numeral 80 de la Ley del Trabajo de los Servidores P\u00fablicos del Estado y Municipios, las cuales establecen que, si el salario de los elementos policiales excede del doble del m\u00ednimo, esta cantidad se cubrir\u00e1 como m\u00e1ximo.<\/p>\n<p>Plantea que la prima de antig\u00fcedad consistir\u00e1 en el importe de 12 d\u00edas de haberes o salarios, por cada a\u00f1o de servicio; y que se pagar\u00e1 a las y los elementos que se separen de manera voluntaria de sus corporaciones, siempre que hayan cumplido al menos 15 a\u00f1os de servicio.<\/p>\n<p><img loading=\"lazy\" decoding=\"async\" class=\"wp-image-7107 size-large aligncenter\" src=\"https:\/\/redamlo.com\/wp-content\/uploads\/2023\/10\/luz-ma-hernandez-prima-policia-3-1024x538.jpg\" alt=\"\" width=\"640\" height=\"336\" srcset=\"https:\/\/redamlo.com\/wp-content\/uploads\/2023\/10\/luz-ma-hernandez-prima-policia-3-1024x538.jpg 1024w, https:\/\/redamlo.com\/wp-content\/uploads\/2023\/10\/luz-ma-hernandez-prima-policia-3-300x158.jpg 300w, https:\/\/redamlo.com\/wp-content\/uploads\/2023\/10\/luz-ma-hernandez-prima-policia-3-768x403.jpg 768w, https:\/\/redamlo.com\/wp-content\/uploads\/2023\/10\/luz-ma-hernandez-prima-policia-3.jpg 1200w\" sizes=\"auto, (max-width: 640px) 100vw, 640px\" \/><\/p>\n<p>En sesi\u00f3n deliberante, la diputada proponente destac\u00f3 que, al igual que los obreros o las mujeres, las y los elementos policiales forman parte de un grupo vulnerable del cual se debe legislar en pro de sus derechos administrativos, reconocidos tanto a nivel constitucional y convencional; y subray\u00f3 que debe entenderse a la seguridad p\u00fablica como un servicio del Estado en favor de la sociedad.<\/p>\n<p>&nbsp;<\/p>\n","protected":false},"excerpt":{"rendered":"<p>Se debe otorgar a quienes cumplan al menos con 15 a\u00f1os de servicio: Luz Ma&#8230;<\/p>\n","protected":false},"author":1,"featured_media":7105,"comment_status":"open","ping_status":"closed","sticky":false,"template":"","format":"standard","meta":{"footnotes":""},"categories":[6,5],"tags":[2508,2569],"class_list":["post-7104","post","type-post","status-publish","format-standard","has-post-thumbnail","hentry","category-estados","category-politica","tag-diputada-luz-ma-hernandez","tag-prima-policia"],"yoast_head":"<!-- This site is optimized with the Yoast SEO plugin v27.5 - https:\/\/yoast.com\/product\/yoast-seo-wordpress\/ -->\n<title>La diputada Luz Ma Hern\u00e1ndez impulsa iniciativa sobre prima de antig\u00fcedad para elementos de la polic\u00eda - NOTICIAS DE LA 4T<\/title>\n<meta name=\"robots\" content=\"noindex, follow, max-snippet:-1, max-image-preview:large, max-video-preview:-1\" \/>\n<meta property=\"og:locale\" content=\"es_MX\" \/>\n<meta property=\"og:type\" content=\"article\" \/>\n<meta property=\"og:title\" content=\"La diputada Luz Ma Hern\u00e1ndez impulsa iniciativa sobre prima de antig\u00fcedad para elementos de la polic\u00eda - NOTICIAS DE LA 4T\" \/>\n<meta property=\"og:description\" content=\"Se debe otorgar a quienes cumplan al menos con 15 a\u00f1os de servicio: Luz Ma...\" \/>\n<meta property=\"og:url\" content=\"https:\/\/redamlo.com\/index.php\/2023\/10\/11\/la-diputada-luz-ma-hernandez-impulsa-iniciativa-sobre-prima-de-antiguedad-para-elementos-de-la-policia\/\" \/>\n<meta property=\"og:site_name\" content=\"NOTICIAS DE LA 4T\" \/>\n<meta property=\"article:published_time\" content=\"2023-10-11T22:48:35+00:00\" \/>\n<meta property=\"og:image\" content=\"https:\/\/redamlo.com\/wp-content\/uploads\/2023\/10\/luz-ma-hernandez-prima-policia-2.jpg\" \/>\n\t<meta property=\"og:image:width\" content=\"715\" \/>\n\t<meta property=\"og:image:height\" content=\"476\" \/>\n\t<meta property=\"og:image:type\" content=\"image\/jpeg\" \/>\n<meta name=\"author\" content=\"admin\" \/>\n<meta name=\"twitter:card\" content=\"summary_large_image\" \/>\n<meta name=\"twitter:label1\" content=\"Escrito por\" \/>\n\t<meta name=\"twitter:data1\" content=\"admin\" \/>\n\t<meta name=\"twitter:label2\" content=\"Tiempo de lectura\" \/>\n\t<meta name=\"twitter:data2\" content=\"2 minutos\" \/>\n<script type=\"application\/ld+json\" class=\"yoast-schema-graph\">{\"@context\":\"https:\\\/\\\/schema.org\",\"@graph\":[{\"@type\":\"Article\",\"@id\":\"https:\\\/\\\/redamlo.com\\\/index.php\\\/2023\\\/10\\\/11\\\/la-diputada-luz-ma-hernandez-impulsa-iniciativa-sobre-prima-de-antiguedad-para-elementos-de-la-policia\\\/#article\",\"isPartOf\":{\"@id\":\"https:\\\/\\\/redamlo.com\\\/index.php\\\/2023\\\/10\\\/11\\\/la-diputada-luz-ma-hernandez-impulsa-iniciativa-sobre-prima-de-antiguedad-para-elementos-de-la-policia\\\/\"},\"author\":{\"name\":\"admin\",\"@id\":\"https:\\\/\\\/redamlo.com\\\/#\\\/schema\\\/person\\\/197a0a670d21b1f4f1483ddda1b64613\"},\"headline\":\"La diputada Luz Ma Hern\u00e1ndez impulsa iniciativa sobre prima de antig\u00fcedad para elementos de la polic\u00eda\",\"datePublished\":\"2023-10-11T22:48:35+00:00\",\"mainEntityOfPage\":{\"@id\":\"https:\\\/\\\/redamlo.com\\\/index.php\\\/2023\\\/10\\\/11\\\/la-diputada-luz-ma-hernandez-impulsa-iniciativa-sobre-prima-de-antiguedad-para-elementos-de-la-policia\\\/\"},\"wordCount\":317,\"commentCount\":0,\"publisher\":{\"@id\":\"https:\\\/\\\/redamlo.com\\\/#organization\"},\"image\":{\"@id\":\"https:\\\/\\\/redamlo.com\\\/index.php\\\/2023\\\/10\\\/11\\\/la-diputada-luz-ma-hernandez-impulsa-iniciativa-sobre-prima-de-antiguedad-para-elementos-de-la-policia\\\/#primaryimage\"},\"thumbnailUrl\":\"https:\\\/\\\/redamlo.com\\\/wp-content\\\/uploads\\\/2023\\\/10\\\/luz-ma-hernandez-prima-policia-2.jpg\",\"keywords\":[\"Diputada Luz Ma Hernandez\",\"prima policia\"],\"articleSection\":[\"Estados\",\"Pol\u00edtica\"],\"inLanguage\":\"es\",\"potentialAction\":[{\"@type\":\"CommentAction\",\"name\":\"Comment\",\"target\":[\"https:\\\/\\\/redamlo.com\\\/index.php\\\/2023\\\/10\\\/11\\\/la-diputada-luz-ma-hernandez-impulsa-iniciativa-sobre-prima-de-antiguedad-para-elementos-de-la-policia\\\/#respond\"]}]},{\"@type\":\"WebPage\",\"@id\":\"https:\\\/\\\/redamlo.com\\\/index.php\\\/2023\\\/10\\\/11\\\/la-diputada-luz-ma-hernandez-impulsa-iniciativa-sobre-prima-de-antiguedad-para-elementos-de-la-policia\\\/\",\"url\":\"https:\\\/\\\/redamlo.com\\\/index.php\\\/2023\\\/10\\\/11\\\/la-diputada-luz-ma-hernandez-impulsa-iniciativa-sobre-prima-de-antiguedad-para-elementos-de-la-policia\\\/\",\"name\":\"La diputada Luz Ma Hern\u00e1ndez impulsa iniciativa sobre prima de antig\u00fcedad para elementos de la polic\u00eda - NOTICIAS DE LA 4T\",\"isPartOf\":{\"@id\":\"https:\\\/\\\/redamlo.com\\\/#website\"},\"primaryImageOfPage\":{\"@id\":\"https:\\\/\\\/redamlo.com\\\/index.php\\\/2023\\\/10\\\/11\\\/la-diputada-luz-ma-hernandez-impulsa-iniciativa-sobre-prima-de-antiguedad-para-elementos-de-la-policia\\\/#primaryimage\"},\"image\":{\"@id\":\"https:\\\/\\\/redamlo.com\\\/index.php\\\/2023\\\/10\\\/11\\\/la-diputada-luz-ma-hernandez-impulsa-iniciativa-sobre-prima-de-antiguedad-para-elementos-de-la-policia\\\/#primaryimage\"},\"thumbnailUrl\":\"https:\\\/\\\/redamlo.com\\\/wp-content\\\/uploads\\\/2023\\\/10\\\/luz-ma-hernandez-prima-policia-2.jpg\",\"datePublished\":\"2023-10-11T22:48:35+00:00\",\"breadcrumb\":{\"@id\":\"https:\\\/\\\/redamlo.com\\\/index.php\\\/2023\\\/10\\\/11\\\/la-diputada-luz-ma-hernandez-impulsa-iniciativa-sobre-prima-de-antiguedad-para-elementos-de-la-policia\\\/#breadcrumb\"},\"inLanguage\":\"es\",\"potentialAction\":[{\"@type\":\"ReadAction\",\"target\":[\"https:\\\/\\\/redamlo.com\\\/index.php\\\/2023\\\/10\\\/11\\\/la-diputada-luz-ma-hernandez-impulsa-iniciativa-sobre-prima-de-antiguedad-para-elementos-de-la-policia\\\/\"]}]},{\"@type\":\"ImageObject\",\"inLanguage\":\"es\",\"@id\":\"https:\\\/\\\/redamlo.com\\\/index.php\\\/2023\\\/10\\\/11\\\/la-diputada-luz-ma-hernandez-impulsa-iniciativa-sobre-prima-de-antiguedad-para-elementos-de-la-policia\\\/#primaryimage\",\"url\":\"https:\\\/\\\/redamlo.com\\\/wp-content\\\/uploads\\\/2023\\\/10\\\/luz-ma-hernandez-prima-policia-2.jpg\",\"contentUrl\":\"https:\\\/\\\/redamlo.com\\\/wp-content\\\/uploads\\\/2023\\\/10\\\/luz-ma-hernandez-prima-policia-2.jpg\",\"width\":715,\"height\":476},{\"@type\":\"BreadcrumbList\",\"@id\":\"https:\\\/\\\/redamlo.com\\\/index.php\\\/2023\\\/10\\\/11\\\/la-diputada-luz-ma-hernandez-impulsa-iniciativa-sobre-prima-de-antiguedad-para-elementos-de-la-policia\\\/#breadcrumb\",\"itemListElement\":[{\"@type\":\"ListItem\",\"position\":1,\"name\":\"Inicio\",\"item\":\"https:\\\/\\\/redamlo.com\\\/\"},{\"@type\":\"ListItem\",\"position\":2,\"name\":\"La diputada Luz Ma Hern\u00e1ndez impulsa iniciativa sobre prima de antig\u00fcedad para elementos de la polic\u00eda\"}]},{\"@type\":\"WebSite\",\"@id\":\"https:\\\/\\\/redamlo.com\\\/#website\",\"url\":\"https:\\\/\\\/redamlo.com\\\/\",\"name\":\"NOTICIAS DE LA 4T\",\"description\":\"\",\"publisher\":{\"@id\":\"https:\\\/\\\/redamlo.com\\\/#organization\"},\"potentialAction\":[{\"@type\":\"SearchAction\",\"target\":{\"@type\":\"EntryPoint\",\"urlTemplate\":\"https:\\\/\\\/redamlo.com\\\/?s={search_term_string}\"},\"query-input\":{\"@type\":\"PropertyValueSpecification\",\"valueRequired\":true,\"valueName\":\"search_term_string\"}}],\"inLanguage\":\"es\"},{\"@type\":\"Organization\",\"@id\":\"https:\\\/\\\/redamlo.com\\\/#organization\",\"name\":\"NOTICIAS DE LA 4T\",\"url\":\"https:\\\/\\\/redamlo.com\\\/\",\"logo\":{\"@type\":\"ImageObject\",\"inLanguage\":\"es\",\"@id\":\"https:\\\/\\\/redamlo.com\\\/#\\\/schema\\\/logo\\\/image\\\/\",\"url\":\"https:\\\/\\\/redamlo.com\\\/wp-content\\\/uploads\\\/2024\\\/08\\\/cropped-RED-AMLO-logo-50.png\",\"contentUrl\":\"https:\\\/\\\/redamlo.com\\\/wp-content\\\/uploads\\\/2024\\\/08\\\/cropped-RED-AMLO-logo-50.png\",\"width\":256,\"height\":256,\"caption\":\"NOTICIAS DE LA 4T\"},\"image\":{\"@id\":\"https:\\\/\\\/redamlo.com\\\/#\\\/schema\\\/logo\\\/image\\\/\"}},{\"@type\":\"Person\",\"@id\":\"https:\\\/\\\/redamlo.com\\\/#\\\/schema\\\/person\\\/197a0a670d21b1f4f1483ddda1b64613\",\"name\":\"admin\",\"image\":{\"@type\":\"ImageObject\",\"inLanguage\":\"es\",\"@id\":\"https:\\\/\\\/secure.gravatar.com\\\/avatar\\\/293dccd927043f2e641da6685c2f84009782eb9ee0054daceada4e261ded849a?s=96&d=mm&r=g\",\"url\":\"https:\\\/\\\/secure.gravatar.com\\\/avatar\\\/293dccd927043f2e641da6685c2f84009782eb9ee0054daceada4e261ded849a?s=96&d=mm&r=g\",\"contentUrl\":\"https:\\\/\\\/secure.gravatar.com\\\/avatar\\\/293dccd927043f2e641da6685c2f84009782eb9ee0054daceada4e261ded849a?s=96&d=mm&r=g\",\"caption\":\"admin\"},\"sameAs\":[\"https:\\\/\\\/redamlo.com\"],\"url\":\"https:\\\/\\\/redamlo.com\\\/index.php\\\/author\\\/stell\\\/\"}]}<\/script>\n<!-- \/ Yoast SEO plugin. -->","yoast_head_json":{"title":"La diputada Luz Ma Hern\u00e1ndez impulsa iniciativa sobre prima de antig\u00fcedad para elementos de la polic\u00eda - NOTICIAS DE LA 4T","robots":{"index":"noindex","follow":"follow","max-snippet":"max-snippet:-1","max-image-preview":"max-image-preview:large","max-video-preview":"max-video-preview:-1"},"og_locale":"es_MX","og_type":"article","og_title":"La diputada Luz Ma Hern\u00e1ndez impulsa iniciativa sobre prima de antig\u00fcedad para elementos de la polic\u00eda - NOTICIAS DE LA 4T","og_description":"Se debe otorgar a quienes cumplan al menos con 15 a\u00f1os de servicio: Luz Ma...","og_url":"https:\/\/redamlo.com\/index.php\/2023\/10\/11\/la-diputada-luz-ma-hernandez-impulsa-iniciativa-sobre-prima-de-antiguedad-para-elementos-de-la-policia\/","og_site_name":"NOTICIAS DE LA 4T","article_published_time":"2023-10-11T22:48:35+00:00","og_image":[{"width":715,"height":476,"url":"https:\/\/redamlo.com\/wp-content\/uploads\/2023\/10\/luz-ma-hernandez-prima-policia-2.jpg","type":"image\/jpeg"}],"author":"admin","twitter_card":"summary_large_image","twitter_misc":{"Escrito por":"admin","Tiempo de lectura":"2 minutos"},"schema":{"@context":"https:\/\/schema.org","@graph":[{"@type":"Article","@id":"https:\/\/redamlo.com\/index.php\/2023\/10\/11\/la-diputada-luz-ma-hernandez-impulsa-iniciativa-sobre-prima-de-antiguedad-para-elementos-de-la-policia\/#article","isPartOf":{"@id":"https:\/\/redamlo.com\/index.php\/2023\/10\/11\/la-diputada-luz-ma-hernandez-impulsa-iniciativa-sobre-prima-de-antiguedad-para-elementos-de-la-policia\/"},"author":{"name":"admin","@id":"https:\/\/redamlo.com\/#\/schema\/person\/197a0a670d21b1f4f1483ddda1b64613"},"headline":"La diputada Luz Ma Hern\u00e1ndez impulsa iniciativa sobre prima de antig\u00fcedad para elementos de la polic\u00eda","datePublished":"2023-10-11T22:48:35+00:00","mainEntityOfPage":{"@id":"https:\/\/redamlo.com\/index.php\/2023\/10\/11\/la-diputada-luz-ma-hernandez-impulsa-iniciativa-sobre-prima-de-antiguedad-para-elementos-de-la-policia\/"},"wordCount":317,"commentCount":0,"publisher":{"@id":"https:\/\/redamlo.com\/#organization"},"image":{"@id":"https:\/\/redamlo.com\/index.php\/2023\/10\/11\/la-diputada-luz-ma-hernandez-impulsa-iniciativa-sobre-prima-de-antiguedad-para-elementos-de-la-policia\/#primaryimage"},"thumbnailUrl":"https:\/\/redamlo.com\/wp-content\/uploads\/2023\/10\/luz-ma-hernandez-prima-policia-2.jpg","keywords":["Diputada Luz Ma Hernandez","prima policia"],"articleSection":["Estados","Pol\u00edtica"],"inLanguage":"es","potentialAction":[{"@type":"CommentAction","name":"Comment","target":["https:\/\/redamlo.com\/index.php\/2023\/10\/11\/la-diputada-luz-ma-hernandez-impulsa-iniciativa-sobre-prima-de-antiguedad-para-elementos-de-la-policia\/#respond"]}]},{"@type":"WebPage","@id":"https:\/\/redamlo.com\/index.php\/2023\/10\/11\/la-diputada-luz-ma-hernandez-impulsa-iniciativa-sobre-prima-de-antiguedad-para-elementos-de-la-policia\/","url":"https:\/\/redamlo.com\/index.php\/2023\/10\/11\/la-diputada-luz-ma-hernandez-impulsa-iniciativa-sobre-prima-de-antiguedad-para-elementos-de-la-policia\/","name":"La diputada Luz Ma Hern\u00e1ndez impulsa iniciativa sobre prima de antig\u00fcedad para elementos de la polic\u00eda - NOTICIAS DE LA 4T","isPartOf":{"@id":"https:\/\/redamlo.com\/#website"},"primaryImageOfPage":{"@id":"https:\/\/redamlo.com\/index.php\/2023\/10\/11\/la-diputada-luz-ma-hernandez-impulsa-iniciativa-sobre-prima-de-antiguedad-para-elementos-de-la-policia\/#primaryimage"},"image":{"@id":"https:\/\/redamlo.com\/index.php\/2023\/10\/11\/la-diputada-luz-ma-hernandez-impulsa-iniciativa-sobre-prima-de-antiguedad-para-elementos-de-la-policia\/#primaryimage"},"thumbnailUrl":"https:\/\/redamlo.com\/wp-content\/uploads\/2023\/10\/luz-ma-hernandez-prima-policia-2.jpg","datePublished":"2023-10-11T22:48:35+00:00","breadcrumb":{"@id":"https:\/\/redamlo.com\/index.php\/2023\/10\/11\/la-diputada-luz-ma-hernandez-impulsa-iniciativa-sobre-prima-de-antiguedad-para-elementos-de-la-policia\/#breadcrumb"},"inLanguage":"es","potentialAction":[{"@type":"ReadAction","target":["https:\/\/redamlo.com\/index.php\/2023\/10\/11\/la-diputada-luz-ma-hernandez-impulsa-iniciativa-sobre-prima-de-antiguedad-para-elementos-de-la-policia\/"]}]},{"@type":"ImageObject","inLanguage":"es","@id":"https:\/\/redamlo.com\/index.php\/2023\/10\/11\/la-diputada-luz-ma-hernandez-impulsa-iniciativa-sobre-prima-de-antiguedad-para-elementos-de-la-policia\/#primaryimage","url":"https:\/\/redamlo.com\/wp-content\/uploads\/2023\/10\/luz-ma-hernandez-prima-policia-2.jpg","contentUrl":"https:\/\/redamlo.com\/wp-content\/uploads\/2023\/10\/luz-ma-hernandez-prima-policia-2.jpg","width":715,"height":476},{"@type":"BreadcrumbList","@id":"https:\/\/redamlo.com\/index.php\/2023\/10\/11\/la-diputada-luz-ma-hernandez-impulsa-iniciativa-sobre-prima-de-antiguedad-para-elementos-de-la-policia\/#breadcrumb","itemListElement":[{"@type":"ListItem","position":1,"name":"Inicio","item":"https:\/\/redamlo.com\/"},{"@type":"ListItem","position":2,"name":"La diputada Luz Ma Hern\u00e1ndez impulsa iniciativa sobre prima de antig\u00fcedad para elementos de la polic\u00eda"}]},{"@type":"WebSite","@id":"https:\/\/redamlo.com\/#website","url":"https:\/\/redamlo.com\/","name":"NOTICIAS DE LA 4T","description":"","publisher":{"@id":"https:\/\/redamlo.com\/#organization"},"potentialAction":[{"@type":"SearchAction","target":{"@type":"EntryPoint","urlTemplate":"https:\/\/redamlo.com\/?s={search_term_string}"},"query-input":{"@type":"PropertyValueSpecification","valueRequired":true,"valueName":"search_term_string"}}],"inLanguage":"es"},{"@type":"Organization","@id":"https:\/\/redamlo.com\/#organization","name":"NOTICIAS DE LA 4T","url":"https:\/\/redamlo.com\/","logo":{"@type":"ImageObject","inLanguage":"es","@id":"https:\/\/redamlo.com\/#\/schema\/logo\/image\/","url":"https:\/\/redamlo.com\/wp-content\/uploads\/2024\/08\/cropped-RED-AMLO-logo-50.png","contentUrl":"https:\/\/redamlo.com\/wp-content\/uploads\/2024\/08\/cropped-RED-AMLO-logo-50.png","width":256,"height":256,"caption":"NOTICIAS DE LA 4T"},"image":{"@id":"https:\/\/redamlo.com\/#\/schema\/logo\/image\/"}},{"@type":"Person","@id":"https:\/\/redamlo.com\/#\/schema\/person\/197a0a670d21b1f4f1483ddda1b64613","name":"admin","image":{"@type":"ImageObject","inLanguage":"es","@id":"https:\/\/secure.gravatar.com\/avatar\/293dccd927043f2e641da6685c2f84009782eb9ee0054daceada4e261ded849a?s=96&d=mm&r=g","url":"https:\/\/secure.gravatar.com\/avatar\/293dccd927043f2e641da6685c2f84009782eb9ee0054daceada4e261ded849a?s=96&d=mm&r=g","contentUrl":"https:\/\/secure.gravatar.com\/avatar\/293dccd927043f2e641da6685c2f84009782eb9ee0054daceada4e261ded849a?s=96&d=mm&r=g","caption":"admin"},"sameAs":["https:\/\/redamlo.com"],"url":"https:\/\/redamlo.com\/index.php\/author\/stell\/"}]}},"_links":{"self":[{"href":"https:\/\/redamlo.com\/index.php\/wp-json\/wp\/v2\/posts\/7104","targetHints":{"allow":["GET"]}}],"collection":[{"href":"https:\/\/redamlo.com\/index.php\/wp-json\/wp\/v2\/posts"}],"about":[{"href":"https:\/\/redamlo.com\/index.php\/wp-json\/wp\/v2\/types\/post"}],"author":[{"embeddable":true,"href":"https:\/\/redamlo.com\/index.php\/wp-json\/wp\/v2\/users\/1"}],"replies":[{"embeddable":true,"href":"https:\/\/redamlo.com\/index.php\/wp-json\/wp\/v2\/comments?post=7104"}],"version-history":[{"count":0,"href":"https:\/\/redamlo.com\/index.php\/wp-json\/wp\/v2\/posts\/7104\/revisions"}],"wp:featuredmedia":[{"embeddable":true,"href":"https:\/\/redamlo.com\/index.php\/wp-json\/wp\/v2\/media\/7105"}],"wp:attachment":[{"href":"https:\/\/redamlo.com\/index.php\/wp-json\/wp\/v2\/media?parent=7104"}],"wp:term":[{"taxonomy":"category","embeddable":true,"href":"https:\/\/redamlo.com\/index.php\/wp-json\/wp\/v2\/categories?post=7104"},{"taxonomy":"post_tag","embeddable":true,"href":"https:\/\/redamlo.com\/index.php\/wp-json\/wp\/v2\/tags?post=7104"}],"curies":[{"name":"wp","href":"https:\/\/api.w.org\/{rel}","templated":true}]}}