{"id":7098,"date":"2023-10-09T13:00:14","date_gmt":"2023-10-09T19:00:14","guid":{"rendered":"https:\/\/redamlo.com\/?p=7098"},"modified":"2023-10-09T13:00:14","modified_gmt":"2023-10-09T19:00:14","slug":"gobierno-federal-envia-aviones-para-repatriar-a-connacionales-en-israelmexico-esta-a-favor-de-la-paz-amlo","status":"publish","type":"post","link":"https:\/\/redamlo.com\/index.php\/2023\/10\/09\/gobierno-federal-envia-aviones-para-repatriar-a-connacionales-en-israelmexico-esta-a-favor-de-la-paz-amlo\/","title":{"rendered":"GOBIERNO FEDERAL ENV\u00cdA AVIONES PARA REPATRIAR A CONNACIONALES EN ISRAEL,M\u00c9XICO EST\u00c1 A FAVOR DE LA PAZ: AMLO"},"content":{"rendered":"<p>El presidente Andr\u00e9s Manuel L\u00f3pez Obrador reafirm\u00f3 la postura de M\u00e9xico frente a los conflictos internacionales, estipulada en la Constituci\u00f3n: no intervenci\u00f3n, autodeterminaci\u00f3n de los pueblos, cooperaci\u00f3n para el desarrollo y soluci\u00f3n pac\u00edfica de las controversias.<\/p>\n<p>&nbsp;<\/p>\n<blockquote><p>\u201cEsa es nuestra postura. No queremos la guerra, no queremos la confrontaci\u00f3n, no queremos la violencia. Nosotros sostenemos que es lo m\u00e1s irracional que puede haber, que puede existir: la confrontaci\u00f3n, el uso de la fuerza y la guerra, que produce mucho sufrimiento. No queremos v\u00edctimas por las guerras. Lamentamos mucho lo que est\u00e1 pasando por este enfrentamiento de palestinos e israelitas\u201d, remarc\u00f3.<\/p><\/blockquote>\n<p>En conferencia de prensa matutina, el jefe del Ejecutivo sostuvo que la Organizaci\u00f3n de las Naciones Unidas debe tomar un papel protag\u00f3nico, realizar acciones contundentes de mediaci\u00f3n hacia la b\u00fasqueda de la paz y pronunciarse en una asamblea, con la participaci\u00f3n de los pa\u00edses miembros, por el di\u00e1logo que promueva la soluci\u00f3n pac\u00edfica.<\/p>\n<p><iframe loading=\"lazy\" title=\"M\u00e9xico, a favor de la paz; repatriar\u00e1 a connacionales desde Israel. Conferencia presidente AMLO\" width=\"640\" height=\"360\" src=\"https:\/\/www.youtube.com\/embed\/OnbBHha_RGw?feature=oembed\" frameborder=\"0\" allow=\"accelerometer; autoplay; clipboard-write; encrypted-media; gyroscope; picture-in-picture; web-share\" referrerpolicy=\"strict-origin-when-cross-origin\" allowfullscreen><\/iframe><\/p>\n<blockquote><p>\u201cSentimos que hace falta m\u00e1s actividad de la ONU, actuar m\u00e1s y no quedarnos con los procedimientos de anta\u00f1o de que todo pasa por el Consejo de Seguridad y si un miembro veta una iniciativa que va con el prop\u00f3sito de conseguir la paz, ya se paraliz\u00f3, ya se nulific\u00f3 por completo. Eso debe cambiar\u201d, enfatiz\u00f3.<\/p><\/blockquote>\n<p>El presidente reiter\u00f3 que en M\u00e9xico \u201cno queremos tomar partido porque queremos ser factor para la b\u00fasqueda de una soluci\u00f3n pac\u00edfica. Cuando se enfrentan estos conflictos tan lamentables, de mucha gravedad, m\u00e1s que condenas lo que requiere es b\u00fasqueda de soluciones pac\u00edficas, que se dialogue y que se evite el que escale m\u00e1s la confrontaci\u00f3n y la violencia. Ya son hasta ahora lamentablemente muchos muertos, tanto de Israel como de Palestina y no queremos eso. Vamos a seguir convocando al di\u00e1logo\u201d.<\/p>\n<h2>Gobierno de M\u00e9xico env\u00eda aeronaves a Israel para repatriar a mexicanos<\/h2>\n<p>Este d\u00eda, el Gobierno de M\u00e9xico enviar\u00e1 aviones de la\u00a0<strong>Fuerza A\u00e9rea Mexicana a Israel<\/strong>\u00a0para repatriar a mexicanas y mexicanos que ah\u00ed se encuentran, inform\u00f3 el presidente L\u00f3pez Obrador.<\/p>\n<p>Agreg\u00f3 que alrededor de 300 mexicanos est\u00e1n a la espera de las aeronaves ante la imposibilidad de tomar un vuelo comercial por cancelaci\u00f3n derivada del conflicto.<\/p>\n<p>Report\u00f3 que tres mexicanos est\u00e1n desaparecidos, por lo que las autoridades mexicanas ya est\u00e1n en contacto con las familias de las v\u00edctimas.<\/p>\n<p>El mandatario indic\u00f3 que cerca de 5 mil connacionales viven en Israel.<\/p>\n","protected":false},"excerpt":{"rendered":"<p>El presidente Andr\u00e9s Manuel L\u00f3pez Obrador reafirm\u00f3 la postura de M\u00e9xico frente a los conflictos&#8230;<\/p>\n","protected":false},"author":1,"featured_media":7099,"comment_status":"open","ping_status":"closed","sticky":false,"template":"","format":"standard","meta":{"footnotes":""},"categories":[27],"tags":[84,2565,2566],"class_list":["post-7098","post","type-post","status-publish","format-standard","has-post-thumbnail","hentry","category-presidencia","tag-amlo","tag-conflicto-israel-palestina","tag-mexico-a-favor-de-la-paz"],"yoast_head":"<!-- This site is optimized with the Yoast SEO plugin v27.5 - https:\/\/yoast.com\/product\/yoast-seo-wordpress\/ -->\n<title>GOBIERNO FEDERAL ENV\u00cdA AVIONES PARA REPATRIAR A CONNACIONALES EN ISRAEL,M\u00c9XICO EST\u00c1 A FAVOR DE LA PAZ: AMLO - NOTICIAS DE LA 4T<\/title>\n<meta name=\"robots\" content=\"noindex, follow, max-snippet:-1, max-image-preview:large, max-video-preview:-1\" \/>\n<meta property=\"og:locale\" content=\"es_MX\" \/>\n<meta property=\"og:type\" content=\"article\" \/>\n<meta property=\"og:title\" content=\"GOBIERNO FEDERAL ENV\u00cdA AVIONES PARA REPATRIAR A CONNACIONALES EN ISRAEL,M\u00c9XICO EST\u00c1 A FAVOR DE LA PAZ: AMLO - NOTICIAS DE LA 4T\" \/>\n<meta property=\"og:description\" content=\"El presidente Andr\u00e9s Manuel L\u00f3pez Obrador reafirm\u00f3 la postura de M\u00e9xico frente a los conflictos...\" \/>\n<meta property=\"og:url\" content=\"https:\/\/redamlo.com\/index.php\/2023\/10\/09\/gobierno-federal-envia-aviones-para-repatriar-a-connacionales-en-israelmexico-esta-a-favor-de-la-paz-amlo\/\" \/>\n<meta property=\"og:site_name\" content=\"NOTICIAS DE LA 4T\" \/>\n<meta property=\"article:published_time\" content=\"2023-10-09T19:00:14+00:00\" \/>\n<meta property=\"og:image\" content=\"https:\/\/redamlo.com\/wp-content\/uploads\/2023\/10\/2023-10-09-Conferencia-de-prensa-matutina-Palacio-Nacional-Foto-09.jpg\" \/>\n\t<meta property=\"og:image:width\" content=\"1502\" \/>\n\t<meta property=\"og:image:height\" content=\"1000\" \/>\n\t<meta property=\"og:image:type\" content=\"image\/jpeg\" \/>\n<meta name=\"author\" content=\"admin\" \/>\n<meta name=\"twitter:card\" content=\"summary_large_image\" \/>\n<meta name=\"twitter:label1\" content=\"Escrito por\" \/>\n\t<meta name=\"twitter:data1\" content=\"admin\" \/>\n\t<meta name=\"twitter:label2\" content=\"Tiempo de lectura\" \/>\n\t<meta name=\"twitter:data2\" content=\"2 minutos\" \/>\n<script type=\"application\/ld+json\" class=\"yoast-schema-graph\">{\"@context\":\"https:\\\/\\\/schema.org\",\"@graph\":[{\"@type\":\"Article\",\"@id\":\"https:\\\/\\\/redamlo.com\\\/index.php\\\/2023\\\/10\\\/09\\\/gobierno-federal-envia-aviones-para-repatriar-a-connacionales-en-israelmexico-esta-a-favor-de-la-paz-amlo\\\/#article\",\"isPartOf\":{\"@id\":\"https:\\\/\\\/redamlo.com\\\/index.php\\\/2023\\\/10\\\/09\\\/gobierno-federal-envia-aviones-para-repatriar-a-connacionales-en-israelmexico-esta-a-favor-de-la-paz-amlo\\\/\"},\"author\":{\"name\":\"admin\",\"@id\":\"https:\\\/\\\/redamlo.com\\\/#\\\/schema\\\/person\\\/197a0a670d21b1f4f1483ddda1b64613\"},\"headline\":\"GOBIERNO FEDERAL ENV\u00cdA AVIONES PARA REPATRIAR A CONNACIONALES EN ISRAEL,M\u00c9XICO EST\u00c1 A FAVOR DE LA PAZ: AMLO\",\"datePublished\":\"2023-10-09T19:00:14+00:00\",\"mainEntityOfPage\":{\"@id\":\"https:\\\/\\\/redamlo.com\\\/index.php\\\/2023\\\/10\\\/09\\\/gobierno-federal-envia-aviones-para-repatriar-a-connacionales-en-israelmexico-esta-a-favor-de-la-paz-amlo\\\/\"},\"wordCount\":464,\"commentCount\":0,\"publisher\":{\"@id\":\"https:\\\/\\\/redamlo.com\\\/#organization\"},\"image\":{\"@id\":\"https:\\\/\\\/redamlo.com\\\/index.php\\\/2023\\\/10\\\/09\\\/gobierno-federal-envia-aviones-para-repatriar-a-connacionales-en-israelmexico-esta-a-favor-de-la-paz-amlo\\\/#primaryimage\"},\"thumbnailUrl\":\"https:\\\/\\\/redamlo.com\\\/wp-content\\\/uploads\\\/2023\\\/10\\\/2023-10-09-Conferencia-de-prensa-matutina-Palacio-Nacional-Foto-09.jpg\",\"keywords\":[\"AMLO\",\"conflicto israel-palestina\",\"mexico a favor de la paz\"],\"articleSection\":[\"Presidencia\"],\"inLanguage\":\"es\",\"potentialAction\":[{\"@type\":\"CommentAction\",\"name\":\"Comment\",\"target\":[\"https:\\\/\\\/redamlo.com\\\/index.php\\\/2023\\\/10\\\/09\\\/gobierno-federal-envia-aviones-para-repatriar-a-connacionales-en-israelmexico-esta-a-favor-de-la-paz-amlo\\\/#respond\"]}]},{\"@type\":\"WebPage\",\"@id\":\"https:\\\/\\\/redamlo.com\\\/index.php\\\/2023\\\/10\\\/09\\\/gobierno-federal-envia-aviones-para-repatriar-a-connacionales-en-israelmexico-esta-a-favor-de-la-paz-amlo\\\/\",\"url\":\"https:\\\/\\\/redamlo.com\\\/index.php\\\/2023\\\/10\\\/09\\\/gobierno-federal-envia-aviones-para-repatriar-a-connacionales-en-israelmexico-esta-a-favor-de-la-paz-amlo\\\/\",\"name\":\"GOBIERNO FEDERAL ENV\u00cdA AVIONES PARA REPATRIAR A CONNACIONALES EN ISRAEL,M\u00c9XICO EST\u00c1 A FAVOR DE LA PAZ: AMLO - NOTICIAS DE LA 4T\",\"isPartOf\":{\"@id\":\"https:\\\/\\\/redamlo.com\\\/#website\"},\"primaryImageOfPage\":{\"@id\":\"https:\\\/\\\/redamlo.com\\\/index.php\\\/2023\\\/10\\\/09\\\/gobierno-federal-envia-aviones-para-repatriar-a-connacionales-en-israelmexico-esta-a-favor-de-la-paz-amlo\\\/#primaryimage\"},\"image\":{\"@id\":\"https:\\\/\\\/redamlo.com\\\/index.php\\\/2023\\\/10\\\/09\\\/gobierno-federal-envia-aviones-para-repatriar-a-connacionales-en-israelmexico-esta-a-favor-de-la-paz-amlo\\\/#primaryimage\"},\"thumbnailUrl\":\"https:\\\/\\\/redamlo.com\\\/wp-content\\\/uploads\\\/2023\\\/10\\\/2023-10-09-Conferencia-de-prensa-matutina-Palacio-Nacional-Foto-09.jpg\",\"datePublished\":\"2023-10-09T19:00:14+00:00\",\"breadcrumb\":{\"@id\":\"https:\\\/\\\/redamlo.com\\\/index.php\\\/2023\\\/10\\\/09\\\/gobierno-federal-envia-aviones-para-repatriar-a-connacionales-en-israelmexico-esta-a-favor-de-la-paz-amlo\\\/#breadcrumb\"},\"inLanguage\":\"es\",\"potentialAction\":[{\"@type\":\"ReadAction\",\"target\":[\"https:\\\/\\\/redamlo.com\\\/index.php\\\/2023\\\/10\\\/09\\\/gobierno-federal-envia-aviones-para-repatriar-a-connacionales-en-israelmexico-esta-a-favor-de-la-paz-amlo\\\/\"]}]},{\"@type\":\"ImageObject\",\"inLanguage\":\"es\",\"@id\":\"https:\\\/\\\/redamlo.com\\\/index.php\\\/2023\\\/10\\\/09\\\/gobierno-federal-envia-aviones-para-repatriar-a-connacionales-en-israelmexico-esta-a-favor-de-la-paz-amlo\\\/#primaryimage\",\"url\":\"https:\\\/\\\/redamlo.com\\\/wp-content\\\/uploads\\\/2023\\\/10\\\/2023-10-09-Conferencia-de-prensa-matutina-Palacio-Nacional-Foto-09.jpg\",\"contentUrl\":\"https:\\\/\\\/redamlo.com\\\/wp-content\\\/uploads\\\/2023\\\/10\\\/2023-10-09-Conferencia-de-prensa-matutina-Palacio-Nacional-Foto-09.jpg\",\"width\":1502,\"height\":1000},{\"@type\":\"BreadcrumbList\",\"@id\":\"https:\\\/\\\/redamlo.com\\\/index.php\\\/2023\\\/10\\\/09\\\/gobierno-federal-envia-aviones-para-repatriar-a-connacionales-en-israelmexico-esta-a-favor-de-la-paz-amlo\\\/#breadcrumb\",\"itemListElement\":[{\"@type\":\"ListItem\",\"position\":1,\"name\":\"Inicio\",\"item\":\"https:\\\/\\\/redamlo.com\\\/\"},{\"@type\":\"ListItem\",\"position\":2,\"name\":\"GOBIERNO FEDERAL ENV\u00cdA AVIONES PARA REPATRIAR A CONNACIONALES EN ISRAEL,M\u00c9XICO EST\u00c1 A FAVOR DE LA PAZ: AMLO\"}]},{\"@type\":\"WebSite\",\"@id\":\"https:\\\/\\\/redamlo.com\\\/#website\",\"url\":\"https:\\\/\\\/redamlo.com\\\/\",\"name\":\"NOTICIAS DE LA 4T\",\"description\":\"\",\"publisher\":{\"@id\":\"https:\\\/\\\/redamlo.com\\\/#organization\"},\"potentialAction\":[{\"@type\":\"SearchAction\",\"target\":{\"@type\":\"EntryPoint\",\"urlTemplate\":\"https:\\\/\\\/redamlo.com\\\/?s={search_term_string}\"},\"query-input\":{\"@type\":\"PropertyValueSpecification\",\"valueRequired\":true,\"valueName\":\"search_term_string\"}}],\"inLanguage\":\"es\"},{\"@type\":\"Organization\",\"@id\":\"https:\\\/\\\/redamlo.com\\\/#organization\",\"name\":\"NOTICIAS DE LA 4T\",\"url\":\"https:\\\/\\\/redamlo.com\\\/\",\"logo\":{\"@type\":\"ImageObject\",\"inLanguage\":\"es\",\"@id\":\"https:\\\/\\\/redamlo.com\\\/#\\\/schema\\\/logo\\\/image\\\/\",\"url\":\"https:\\\/\\\/redamlo.com\\\/wp-content\\\/uploads\\\/2024\\\/08\\\/cropped-RED-AMLO-logo-50.png\",\"contentUrl\":\"https:\\\/\\\/redamlo.com\\\/wp-content\\\/uploads\\\/2024\\\/08\\\/cropped-RED-AMLO-logo-50.png\",\"width\":256,\"height\":256,\"caption\":\"NOTICIAS DE LA 4T\"},\"image\":{\"@id\":\"https:\\\/\\\/redamlo.com\\\/#\\\/schema\\\/logo\\\/image\\\/\"}},{\"@type\":\"Person\",\"@id\":\"https:\\\/\\\/redamlo.com\\\/#\\\/schema\\\/person\\\/197a0a670d21b1f4f1483ddda1b64613\",\"name\":\"admin\",\"image\":{\"@type\":\"ImageObject\",\"inLanguage\":\"es\",\"@id\":\"https:\\\/\\\/secure.gravatar.com\\\/avatar\\\/293dccd927043f2e641da6685c2f84009782eb9ee0054daceada4e261ded849a?s=96&d=mm&r=g\",\"url\":\"https:\\\/\\\/secure.gravatar.com\\\/avatar\\\/293dccd927043f2e641da6685c2f84009782eb9ee0054daceada4e261ded849a?s=96&d=mm&r=g\",\"contentUrl\":\"https:\\\/\\\/secure.gravatar.com\\\/avatar\\\/293dccd927043f2e641da6685c2f84009782eb9ee0054daceada4e261ded849a?s=96&d=mm&r=g\",\"caption\":\"admin\"},\"sameAs\":[\"https:\\\/\\\/redamlo.com\"],\"url\":\"https:\\\/\\\/redamlo.com\\\/index.php\\\/author\\\/stell\\\/\"}]}<\/script>\n<!-- \/ Yoast SEO plugin. -->","yoast_head_json":{"title":"GOBIERNO FEDERAL ENV\u00cdA AVIONES PARA REPATRIAR A CONNACIONALES EN ISRAEL,M\u00c9XICO EST\u00c1 A FAVOR DE LA PAZ: AMLO - NOTICIAS DE LA 4T","robots":{"index":"noindex","follow":"follow","max-snippet":"max-snippet:-1","max-image-preview":"max-image-preview:large","max-video-preview":"max-video-preview:-1"},"og_locale":"es_MX","og_type":"article","og_title":"GOBIERNO FEDERAL ENV\u00cdA AVIONES PARA REPATRIAR A CONNACIONALES EN ISRAEL,M\u00c9XICO EST\u00c1 A FAVOR DE LA PAZ: AMLO - NOTICIAS DE LA 4T","og_description":"El presidente Andr\u00e9s Manuel L\u00f3pez Obrador reafirm\u00f3 la postura de M\u00e9xico frente a los conflictos...","og_url":"https:\/\/redamlo.com\/index.php\/2023\/10\/09\/gobierno-federal-envia-aviones-para-repatriar-a-connacionales-en-israelmexico-esta-a-favor-de-la-paz-amlo\/","og_site_name":"NOTICIAS DE LA 4T","article_published_time":"2023-10-09T19:00:14+00:00","og_image":[{"width":1502,"height":1000,"url":"https:\/\/redamlo.com\/wp-content\/uploads\/2023\/10\/2023-10-09-Conferencia-de-prensa-matutina-Palacio-Nacional-Foto-09.jpg","type":"image\/jpeg"}],"author":"admin","twitter_card":"summary_large_image","twitter_misc":{"Escrito por":"admin","Tiempo de lectura":"2 minutos"},"schema":{"@context":"https:\/\/schema.org","@graph":[{"@type":"Article","@id":"https:\/\/redamlo.com\/index.php\/2023\/10\/09\/gobierno-federal-envia-aviones-para-repatriar-a-connacionales-en-israelmexico-esta-a-favor-de-la-paz-amlo\/#article","isPartOf":{"@id":"https:\/\/redamlo.com\/index.php\/2023\/10\/09\/gobierno-federal-envia-aviones-para-repatriar-a-connacionales-en-israelmexico-esta-a-favor-de-la-paz-amlo\/"},"author":{"name":"admin","@id":"https:\/\/redamlo.com\/#\/schema\/person\/197a0a670d21b1f4f1483ddda1b64613"},"headline":"GOBIERNO FEDERAL ENV\u00cdA AVIONES PARA REPATRIAR A CONNACIONALES EN ISRAEL,M\u00c9XICO EST\u00c1 A FAVOR DE LA PAZ: AMLO","datePublished":"2023-10-09T19:00:14+00:00","mainEntityOfPage":{"@id":"https:\/\/redamlo.com\/index.php\/2023\/10\/09\/gobierno-federal-envia-aviones-para-repatriar-a-connacionales-en-israelmexico-esta-a-favor-de-la-paz-amlo\/"},"wordCount":464,"commentCount":0,"publisher":{"@id":"https:\/\/redamlo.com\/#organization"},"image":{"@id":"https:\/\/redamlo.com\/index.php\/2023\/10\/09\/gobierno-federal-envia-aviones-para-repatriar-a-connacionales-en-israelmexico-esta-a-favor-de-la-paz-amlo\/#primaryimage"},"thumbnailUrl":"https:\/\/redamlo.com\/wp-content\/uploads\/2023\/10\/2023-10-09-Conferencia-de-prensa-matutina-Palacio-Nacional-Foto-09.jpg","keywords":["AMLO","conflicto israel-palestina","mexico a favor de la paz"],"articleSection":["Presidencia"],"inLanguage":"es","potentialAction":[{"@type":"CommentAction","name":"Comment","target":["https:\/\/redamlo.com\/index.php\/2023\/10\/09\/gobierno-federal-envia-aviones-para-repatriar-a-connacionales-en-israelmexico-esta-a-favor-de-la-paz-amlo\/#respond"]}]},{"@type":"WebPage","@id":"https:\/\/redamlo.com\/index.php\/2023\/10\/09\/gobierno-federal-envia-aviones-para-repatriar-a-connacionales-en-israelmexico-esta-a-favor-de-la-paz-amlo\/","url":"https:\/\/redamlo.com\/index.php\/2023\/10\/09\/gobierno-federal-envia-aviones-para-repatriar-a-connacionales-en-israelmexico-esta-a-favor-de-la-paz-amlo\/","name":"GOBIERNO FEDERAL ENV\u00cdA AVIONES PARA REPATRIAR A CONNACIONALES EN ISRAEL,M\u00c9XICO EST\u00c1 A FAVOR DE LA PAZ: AMLO - NOTICIAS DE LA 4T","isPartOf":{"@id":"https:\/\/redamlo.com\/#website"},"primaryImageOfPage":{"@id":"https:\/\/redamlo.com\/index.php\/2023\/10\/09\/gobierno-federal-envia-aviones-para-repatriar-a-connacionales-en-israelmexico-esta-a-favor-de-la-paz-amlo\/#primaryimage"},"image":{"@id":"https:\/\/redamlo.com\/index.php\/2023\/10\/09\/gobierno-federal-envia-aviones-para-repatriar-a-connacionales-en-israelmexico-esta-a-favor-de-la-paz-amlo\/#primaryimage"},"thumbnailUrl":"https:\/\/redamlo.com\/wp-content\/uploads\/2023\/10\/2023-10-09-Conferencia-de-prensa-matutina-Palacio-Nacional-Foto-09.jpg","datePublished":"2023-10-09T19:00:14+00:00","breadcrumb":{"@id":"https:\/\/redamlo.com\/index.php\/2023\/10\/09\/gobierno-federal-envia-aviones-para-repatriar-a-connacionales-en-israelmexico-esta-a-favor-de-la-paz-amlo\/#breadcrumb"},"inLanguage":"es","potentialAction":[{"@type":"ReadAction","target":["https:\/\/redamlo.com\/index.php\/2023\/10\/09\/gobierno-federal-envia-aviones-para-repatriar-a-connacionales-en-israelmexico-esta-a-favor-de-la-paz-amlo\/"]}]},{"@type":"ImageObject","inLanguage":"es","@id":"https:\/\/redamlo.com\/index.php\/2023\/10\/09\/gobierno-federal-envia-aviones-para-repatriar-a-connacionales-en-israelmexico-esta-a-favor-de-la-paz-amlo\/#primaryimage","url":"https:\/\/redamlo.com\/wp-content\/uploads\/2023\/10\/2023-10-09-Conferencia-de-prensa-matutina-Palacio-Nacional-Foto-09.jpg","contentUrl":"https:\/\/redamlo.com\/wp-content\/uploads\/2023\/10\/2023-10-09-Conferencia-de-prensa-matutina-Palacio-Nacional-Foto-09.jpg","width":1502,"height":1000},{"@type":"BreadcrumbList","@id":"https:\/\/redamlo.com\/index.php\/2023\/10\/09\/gobierno-federal-envia-aviones-para-repatriar-a-connacionales-en-israelmexico-esta-a-favor-de-la-paz-amlo\/#breadcrumb","itemListElement":[{"@type":"ListItem","position":1,"name":"Inicio","item":"https:\/\/redamlo.com\/"},{"@type":"ListItem","position":2,"name":"GOBIERNO FEDERAL ENV\u00cdA AVIONES PARA REPATRIAR A CONNACIONALES EN ISRAEL,M\u00c9XICO EST\u00c1 A FAVOR DE LA PAZ: AMLO"}]},{"@type":"WebSite","@id":"https:\/\/redamlo.com\/#website","url":"https:\/\/redamlo.com\/","name":"NOTICIAS DE LA 4T","description":"","publisher":{"@id":"https:\/\/redamlo.com\/#organization"},"potentialAction":[{"@type":"SearchAction","target":{"@type":"EntryPoint","urlTemplate":"https:\/\/redamlo.com\/?s={search_term_string}"},"query-input":{"@type":"PropertyValueSpecification","valueRequired":true,"valueName":"search_term_string"}}],"inLanguage":"es"},{"@type":"Organization","@id":"https:\/\/redamlo.com\/#organization","name":"NOTICIAS DE LA 4T","url":"https:\/\/redamlo.com\/","logo":{"@type":"ImageObject","inLanguage":"es","@id":"https:\/\/redamlo.com\/#\/schema\/logo\/image\/","url":"https:\/\/redamlo.com\/wp-content\/uploads\/2024\/08\/cropped-RED-AMLO-logo-50.png","contentUrl":"https:\/\/redamlo.com\/wp-content\/uploads\/2024\/08\/cropped-RED-AMLO-logo-50.png","width":256,"height":256,"caption":"NOTICIAS DE LA 4T"},"image":{"@id":"https:\/\/redamlo.com\/#\/schema\/logo\/image\/"}},{"@type":"Person","@id":"https:\/\/redamlo.com\/#\/schema\/person\/197a0a670d21b1f4f1483ddda1b64613","name":"admin","image":{"@type":"ImageObject","inLanguage":"es","@id":"https:\/\/secure.gravatar.com\/avatar\/293dccd927043f2e641da6685c2f84009782eb9ee0054daceada4e261ded849a?s=96&d=mm&r=g","url":"https:\/\/secure.gravatar.com\/avatar\/293dccd927043f2e641da6685c2f84009782eb9ee0054daceada4e261ded849a?s=96&d=mm&r=g","contentUrl":"https:\/\/secure.gravatar.com\/avatar\/293dccd927043f2e641da6685c2f84009782eb9ee0054daceada4e261ded849a?s=96&d=mm&r=g","caption":"admin"},"sameAs":["https:\/\/redamlo.com"],"url":"https:\/\/redamlo.com\/index.php\/author\/stell\/"}]}},"_links":{"self":[{"href":"https:\/\/redamlo.com\/index.php\/wp-json\/wp\/v2\/posts\/7098","targetHints":{"allow":["GET"]}}],"collection":[{"href":"https:\/\/redamlo.com\/index.php\/wp-json\/wp\/v2\/posts"}],"about":[{"href":"https:\/\/redamlo.com\/index.php\/wp-json\/wp\/v2\/types\/post"}],"author":[{"embeddable":true,"href":"https:\/\/redamlo.com\/index.php\/wp-json\/wp\/v2\/users\/1"}],"replies":[{"embeddable":true,"href":"https:\/\/redamlo.com\/index.php\/wp-json\/wp\/v2\/comments?post=7098"}],"version-history":[{"count":0,"href":"https:\/\/redamlo.com\/index.php\/wp-json\/wp\/v2\/posts\/7098\/revisions"}],"wp:featuredmedia":[{"embeddable":true,"href":"https:\/\/redamlo.com\/index.php\/wp-json\/wp\/v2\/media\/7099"}],"wp:attachment":[{"href":"https:\/\/redamlo.com\/index.php\/wp-json\/wp\/v2\/media?parent=7098"}],"wp:term":[{"taxonomy":"category","embeddable":true,"href":"https:\/\/redamlo.com\/index.php\/wp-json\/wp\/v2\/categories?post=7098"},{"taxonomy":"post_tag","embeddable":true,"href":"https:\/\/redamlo.com\/index.php\/wp-json\/wp\/v2\/tags?post=7098"}],"curies":[{"name":"wp","href":"https:\/\/api.w.org\/{rel}","templated":true}]}}