{"id":7094,"date":"2023-10-08T12:23:11","date_gmt":"2023-10-08T18:23:11","guid":{"rendered":"https:\/\/redamlo.com\/?p=7094"},"modified":"2023-10-08T12:23:11","modified_gmt":"2023-10-08T18:23:11","slug":"la-sre-informo-que-el-grupo-terrorista-hamas-secuestro-a-2-mexicanos-tras-el-ataque-a-israel","status":"publish","type":"post","link":"https:\/\/redamlo.com\/index.php\/2023\/10\/08\/la-sre-informo-que-el-grupo-terrorista-hamas-secuestro-a-2-mexicanos-tras-el-ataque-a-israel\/","title":{"rendered":"La SRE inform\u00f3 que el grupo terrorista Ham\u00e1s secuestr\u00f3 a 2 mexicanos tras el ataque a Israel"},"content":{"rendered":"<p>La\u00a0<b>Secretar\u00eda de Relaciones Exteriores<\/b>\u00a0(SRE) inform\u00f3 este 8 de octubre que dos mexicanos fueron presuntamente secuestrados por\u00a0<span class=\"Enhancement\"><span class=\"Enhancement-item\">el grupo terrorista palestino Ham\u00e1s\u00a0<\/span><\/span>, luego del ataque sorpresa a Israel, que ocurri\u00f3 el 7 de octubre de 2023.<\/p>\n<p>A trav\u00e9s de sus redes sociales, la canciller<b>\u00a0Alicia B\u00e1rcena<\/b>, se\u00f1al\u00f3 que la Embajada de M\u00e9xico en Israel notific\u00f3 a la SRE sobre dos mexicanos presuntamente tomados como rehenes por los miembros del grupo Ham\u00e1s, por lo que ya se mantienen en contacto con los familiares de las v\u00edctimas y autoridades de Israel.<\/p>\n<div class=\"Enhancement\">\n<div class=\"Enhancement-item\">\n<blockquote class=\"Quote\"><p>La canciller mexicana, Alicia B\u00e1rcena, inform\u00f3 que dos mexicanos han sido presuntamente tomados como rehenes por el grupo Ham\u00e1s, en Gaza. Las autoridades de Israel, ya est\u00e1n informadas.<\/p>\n<p>https:\/\/twitter.com\/aliciabarcena\/status\/1711043488198926584?ref_src=twsrc%5Etfw%7Ctwcamp%5Etweetembed%7Ctwterm%5E1711047514206375957%7Ctwgr%5Edc81501ed2f2571762e4e4483e54dabc909cac86%7Ctwcon%5Es3_&amp;ref_url=https%3A%2F%2Fwww.adn40.mx%2Fpoder%2Fguerra-israel-hamas-sre-reporta-el-secuestro-2-mexicanos<\/p><\/blockquote>\n<p>De acuerdo con el\u00a0<b>Gobierno de Israel<\/b>, Ham\u00e1s no solo fue autor de un ataque sorpresivo a su poblaci\u00f3n, sino tambi\u00e9n de un centenar de secuestros de personas, la mayor\u00eda de ellas de or\u00edgen israel\u00ede. Entre los plagiados figuran j\u00f3venes que asist\u00edan a un festival de m\u00fasica cerca de la frontera de Gaza.<\/p>\n<p>A trav\u00e9s de redes sociales, el\u00a0<b>grupo terrorista Ham\u00e1s<\/b>\u00a0ha difundido videos de c\u00f3mo secuestr\u00f3 a varias personas durante su incursi\u00f3n por tierra tras atacar con misiles durante la ma\u00f1ana del 7 de octubre. Muchos de ellos corren, no obstante son alcanzados, golpeados y posteriormente subidos a veh\u00edculos.<\/p>\n<p>Tras el ataque de\u00a0<b>Ham\u00e1s a Israel<\/b>, la lista de desaparecidos, secuestrados y asesinados, muchos de ellos de origen extrangero, se ha agrandado. Un claro es el de la influencer<span class=\"Enhancement\"><span class=\"Enhancement-item\">\u00a0Shani Louk\u00a0<\/span><\/span>, cuyo cuerpo, aparentemente sin vida, fue presumido por los terroristas como trofeo de guerra.<\/p>\n<p>Fuente: ADN 40.<\/p>\n<\/div>\n<\/div>\n","protected":false},"excerpt":{"rendered":"<p>La\u00a0Secretar\u00eda de Relaciones Exteriores\u00a0(SRE) inform\u00f3 este 8 de octubre que dos mexicanos fueron presuntamente secuestrados&#8230;<\/p>\n","protected":false},"author":1,"featured_media":7095,"comment_status":"open","ping_status":"closed","sticky":false,"template":"","format":"standard","meta":{"footnotes":""},"categories":[13],"tags":[2562,2563,48,2564,655],"class_list":["post-7094","post","type-post","status-publish","format-standard","has-post-thumbnail","hentry","category-internacionales","tag-gaza","tag-hamas","tag-israel","tag-palestina","tag-sre"],"yoast_head":"<!-- This site is optimized with the Yoast SEO plugin v27.5 - https:\/\/yoast.com\/product\/yoast-seo-wordpress\/ -->\n<title>La SRE inform\u00f3 que el grupo terrorista Ham\u00e1s secuestr\u00f3 a 2 mexicanos tras el ataque a Israel - NOTICIAS DE LA 4T<\/title>\n<meta name=\"robots\" content=\"noindex, follow, max-snippet:-1, max-image-preview:large, max-video-preview:-1\" \/>\n<meta property=\"og:locale\" content=\"es_MX\" \/>\n<meta property=\"og:type\" content=\"article\" \/>\n<meta property=\"og:title\" content=\"La SRE inform\u00f3 que el grupo terrorista Ham\u00e1s secuestr\u00f3 a 2 mexicanos tras el ataque a Israel - NOTICIAS DE LA 4T\" \/>\n<meta property=\"og:description\" content=\"La\u00a0Secretar\u00eda de Relaciones Exteriores\u00a0(SRE) inform\u00f3 este 8 de octubre que dos mexicanos fueron presuntamente secuestrados...\" \/>\n<meta property=\"og:url\" content=\"https:\/\/redamlo.com\/index.php\/2023\/10\/08\/la-sre-informo-que-el-grupo-terrorista-hamas-secuestro-a-2-mexicanos-tras-el-ataque-a-israel\/\" \/>\n<meta property=\"og:site_name\" content=\"NOTICIAS DE LA 4T\" \/>\n<meta property=\"article:published_time\" content=\"2023-10-08T18:23:11+00:00\" \/>\n<meta property=\"og:image\" content=\"https:\/\/redamlo.com\/wp-content\/uploads\/2023\/10\/palestina-vs-israel.webp\" \/>\n\t<meta property=\"og:image:width\" content=\"384\" \/>\n\t<meta property=\"og:image:height\" content=\"216\" \/>\n\t<meta property=\"og:image:type\" content=\"image\/webp\" \/>\n<meta name=\"author\" content=\"admin\" \/>\n<meta name=\"twitter:card\" content=\"summary_large_image\" \/>\n<meta name=\"twitter:label1\" content=\"Escrito por\" \/>\n\t<meta name=\"twitter:data1\" content=\"admin\" \/>\n\t<meta name=\"twitter:label2\" content=\"Tiempo de lectura\" \/>\n\t<meta name=\"twitter:data2\" content=\"2 minutos\" \/>\n<script type=\"application\/ld+json\" class=\"yoast-schema-graph\">{\"@context\":\"https:\\\/\\\/schema.org\",\"@graph\":[{\"@type\":\"Article\",\"@id\":\"https:\\\/\\\/redamlo.com\\\/index.php\\\/2023\\\/10\\\/08\\\/la-sre-informo-que-el-grupo-terrorista-hamas-secuestro-a-2-mexicanos-tras-el-ataque-a-israel\\\/#article\",\"isPartOf\":{\"@id\":\"https:\\\/\\\/redamlo.com\\\/index.php\\\/2023\\\/10\\\/08\\\/la-sre-informo-que-el-grupo-terrorista-hamas-secuestro-a-2-mexicanos-tras-el-ataque-a-israel\\\/\"},\"author\":{\"name\":\"admin\",\"@id\":\"https:\\\/\\\/redamlo.com\\\/#\\\/schema\\\/person\\\/197a0a670d21b1f4f1483ddda1b64613\"},\"headline\":\"La SRE inform\u00f3 que el grupo terrorista Ham\u00e1s secuestr\u00f3 a 2 mexicanos tras el ataque a Israel\",\"datePublished\":\"2023-10-08T18:23:11+00:00\",\"mainEntityOfPage\":{\"@id\":\"https:\\\/\\\/redamlo.com\\\/index.php\\\/2023\\\/10\\\/08\\\/la-sre-informo-que-el-grupo-terrorista-hamas-secuestro-a-2-mexicanos-tras-el-ataque-a-israel\\\/\"},\"wordCount\":343,\"commentCount\":0,\"publisher\":{\"@id\":\"https:\\\/\\\/redamlo.com\\\/#organization\"},\"image\":{\"@id\":\"https:\\\/\\\/redamlo.com\\\/index.php\\\/2023\\\/10\\\/08\\\/la-sre-informo-que-el-grupo-terrorista-hamas-secuestro-a-2-mexicanos-tras-el-ataque-a-israel\\\/#primaryimage\"},\"thumbnailUrl\":\"https:\\\/\\\/redamlo.com\\\/wp-content\\\/uploads\\\/2023\\\/10\\\/palestina-vs-israel.webp\",\"keywords\":[\"gaza\",\"hamas\",\"israel\",\"palestina\",\"SRE\"],\"articleSection\":[\"Internacionales\"],\"inLanguage\":\"es\",\"potentialAction\":[{\"@type\":\"CommentAction\",\"name\":\"Comment\",\"target\":[\"https:\\\/\\\/redamlo.com\\\/index.php\\\/2023\\\/10\\\/08\\\/la-sre-informo-que-el-grupo-terrorista-hamas-secuestro-a-2-mexicanos-tras-el-ataque-a-israel\\\/#respond\"]}]},{\"@type\":\"WebPage\",\"@id\":\"https:\\\/\\\/redamlo.com\\\/index.php\\\/2023\\\/10\\\/08\\\/la-sre-informo-que-el-grupo-terrorista-hamas-secuestro-a-2-mexicanos-tras-el-ataque-a-israel\\\/\",\"url\":\"https:\\\/\\\/redamlo.com\\\/index.php\\\/2023\\\/10\\\/08\\\/la-sre-informo-que-el-grupo-terrorista-hamas-secuestro-a-2-mexicanos-tras-el-ataque-a-israel\\\/\",\"name\":\"La SRE inform\u00f3 que el grupo terrorista Ham\u00e1s secuestr\u00f3 a 2 mexicanos tras el ataque a Israel - NOTICIAS DE LA 4T\",\"isPartOf\":{\"@id\":\"https:\\\/\\\/redamlo.com\\\/#website\"},\"primaryImageOfPage\":{\"@id\":\"https:\\\/\\\/redamlo.com\\\/index.php\\\/2023\\\/10\\\/08\\\/la-sre-informo-que-el-grupo-terrorista-hamas-secuestro-a-2-mexicanos-tras-el-ataque-a-israel\\\/#primaryimage\"},\"image\":{\"@id\":\"https:\\\/\\\/redamlo.com\\\/index.php\\\/2023\\\/10\\\/08\\\/la-sre-informo-que-el-grupo-terrorista-hamas-secuestro-a-2-mexicanos-tras-el-ataque-a-israel\\\/#primaryimage\"},\"thumbnailUrl\":\"https:\\\/\\\/redamlo.com\\\/wp-content\\\/uploads\\\/2023\\\/10\\\/palestina-vs-israel.webp\",\"datePublished\":\"2023-10-08T18:23:11+00:00\",\"breadcrumb\":{\"@id\":\"https:\\\/\\\/redamlo.com\\\/index.php\\\/2023\\\/10\\\/08\\\/la-sre-informo-que-el-grupo-terrorista-hamas-secuestro-a-2-mexicanos-tras-el-ataque-a-israel\\\/#breadcrumb\"},\"inLanguage\":\"es\",\"potentialAction\":[{\"@type\":\"ReadAction\",\"target\":[\"https:\\\/\\\/redamlo.com\\\/index.php\\\/2023\\\/10\\\/08\\\/la-sre-informo-que-el-grupo-terrorista-hamas-secuestro-a-2-mexicanos-tras-el-ataque-a-israel\\\/\"]}]},{\"@type\":\"ImageObject\",\"inLanguage\":\"es\",\"@id\":\"https:\\\/\\\/redamlo.com\\\/index.php\\\/2023\\\/10\\\/08\\\/la-sre-informo-que-el-grupo-terrorista-hamas-secuestro-a-2-mexicanos-tras-el-ataque-a-israel\\\/#primaryimage\",\"url\":\"https:\\\/\\\/redamlo.com\\\/wp-content\\\/uploads\\\/2023\\\/10\\\/palestina-vs-israel.webp\",\"contentUrl\":\"https:\\\/\\\/redamlo.com\\\/wp-content\\\/uploads\\\/2023\\\/10\\\/palestina-vs-israel.webp\",\"width\":384,\"height\":216},{\"@type\":\"BreadcrumbList\",\"@id\":\"https:\\\/\\\/redamlo.com\\\/index.php\\\/2023\\\/10\\\/08\\\/la-sre-informo-que-el-grupo-terrorista-hamas-secuestro-a-2-mexicanos-tras-el-ataque-a-israel\\\/#breadcrumb\",\"itemListElement\":[{\"@type\":\"ListItem\",\"position\":1,\"name\":\"Inicio\",\"item\":\"https:\\\/\\\/redamlo.com\\\/\"},{\"@type\":\"ListItem\",\"position\":2,\"name\":\"La SRE inform\u00f3 que el grupo terrorista Ham\u00e1s secuestr\u00f3 a 2 mexicanos tras el ataque a Israel\"}]},{\"@type\":\"WebSite\",\"@id\":\"https:\\\/\\\/redamlo.com\\\/#website\",\"url\":\"https:\\\/\\\/redamlo.com\\\/\",\"name\":\"NOTICIAS DE LA 4T\",\"description\":\"\",\"publisher\":{\"@id\":\"https:\\\/\\\/redamlo.com\\\/#organization\"},\"potentialAction\":[{\"@type\":\"SearchAction\",\"target\":{\"@type\":\"EntryPoint\",\"urlTemplate\":\"https:\\\/\\\/redamlo.com\\\/?s={search_term_string}\"},\"query-input\":{\"@type\":\"PropertyValueSpecification\",\"valueRequired\":true,\"valueName\":\"search_term_string\"}}],\"inLanguage\":\"es\"},{\"@type\":\"Organization\",\"@id\":\"https:\\\/\\\/redamlo.com\\\/#organization\",\"name\":\"NOTICIAS DE LA 4T\",\"url\":\"https:\\\/\\\/redamlo.com\\\/\",\"logo\":{\"@type\":\"ImageObject\",\"inLanguage\":\"es\",\"@id\":\"https:\\\/\\\/redamlo.com\\\/#\\\/schema\\\/logo\\\/image\\\/\",\"url\":\"https:\\\/\\\/redamlo.com\\\/wp-content\\\/uploads\\\/2024\\\/08\\\/cropped-RED-AMLO-logo-50.png\",\"contentUrl\":\"https:\\\/\\\/redamlo.com\\\/wp-content\\\/uploads\\\/2024\\\/08\\\/cropped-RED-AMLO-logo-50.png\",\"width\":256,\"height\":256,\"caption\":\"NOTICIAS DE LA 4T\"},\"image\":{\"@id\":\"https:\\\/\\\/redamlo.com\\\/#\\\/schema\\\/logo\\\/image\\\/\"}},{\"@type\":\"Person\",\"@id\":\"https:\\\/\\\/redamlo.com\\\/#\\\/schema\\\/person\\\/197a0a670d21b1f4f1483ddda1b64613\",\"name\":\"admin\",\"image\":{\"@type\":\"ImageObject\",\"inLanguage\":\"es\",\"@id\":\"https:\\\/\\\/secure.gravatar.com\\\/avatar\\\/293dccd927043f2e641da6685c2f84009782eb9ee0054daceada4e261ded849a?s=96&d=mm&r=g\",\"url\":\"https:\\\/\\\/secure.gravatar.com\\\/avatar\\\/293dccd927043f2e641da6685c2f84009782eb9ee0054daceada4e261ded849a?s=96&d=mm&r=g\",\"contentUrl\":\"https:\\\/\\\/secure.gravatar.com\\\/avatar\\\/293dccd927043f2e641da6685c2f84009782eb9ee0054daceada4e261ded849a?s=96&d=mm&r=g\",\"caption\":\"admin\"},\"sameAs\":[\"https:\\\/\\\/redamlo.com\"],\"url\":\"https:\\\/\\\/redamlo.com\\\/index.php\\\/author\\\/stell\\\/\"}]}<\/script>\n<!-- \/ Yoast SEO plugin. -->","yoast_head_json":{"title":"La SRE inform\u00f3 que el grupo terrorista Ham\u00e1s secuestr\u00f3 a 2 mexicanos tras el ataque a Israel - NOTICIAS DE LA 4T","robots":{"index":"noindex","follow":"follow","max-snippet":"max-snippet:-1","max-image-preview":"max-image-preview:large","max-video-preview":"max-video-preview:-1"},"og_locale":"es_MX","og_type":"article","og_title":"La SRE inform\u00f3 que el grupo terrorista Ham\u00e1s secuestr\u00f3 a 2 mexicanos tras el ataque a Israel - NOTICIAS DE LA 4T","og_description":"La\u00a0Secretar\u00eda de Relaciones Exteriores\u00a0(SRE) inform\u00f3 este 8 de octubre que dos mexicanos fueron presuntamente secuestrados...","og_url":"https:\/\/redamlo.com\/index.php\/2023\/10\/08\/la-sre-informo-que-el-grupo-terrorista-hamas-secuestro-a-2-mexicanos-tras-el-ataque-a-israel\/","og_site_name":"NOTICIAS DE LA 4T","article_published_time":"2023-10-08T18:23:11+00:00","og_image":[{"width":384,"height":216,"url":"https:\/\/redamlo.com\/wp-content\/uploads\/2023\/10\/palestina-vs-israel.webp","type":"image\/webp"}],"author":"admin","twitter_card":"summary_large_image","twitter_misc":{"Escrito por":"admin","Tiempo de lectura":"2 minutos"},"schema":{"@context":"https:\/\/schema.org","@graph":[{"@type":"Article","@id":"https:\/\/redamlo.com\/index.php\/2023\/10\/08\/la-sre-informo-que-el-grupo-terrorista-hamas-secuestro-a-2-mexicanos-tras-el-ataque-a-israel\/#article","isPartOf":{"@id":"https:\/\/redamlo.com\/index.php\/2023\/10\/08\/la-sre-informo-que-el-grupo-terrorista-hamas-secuestro-a-2-mexicanos-tras-el-ataque-a-israel\/"},"author":{"name":"admin","@id":"https:\/\/redamlo.com\/#\/schema\/person\/197a0a670d21b1f4f1483ddda1b64613"},"headline":"La SRE inform\u00f3 que el grupo terrorista Ham\u00e1s secuestr\u00f3 a 2 mexicanos tras el ataque a Israel","datePublished":"2023-10-08T18:23:11+00:00","mainEntityOfPage":{"@id":"https:\/\/redamlo.com\/index.php\/2023\/10\/08\/la-sre-informo-que-el-grupo-terrorista-hamas-secuestro-a-2-mexicanos-tras-el-ataque-a-israel\/"},"wordCount":343,"commentCount":0,"publisher":{"@id":"https:\/\/redamlo.com\/#organization"},"image":{"@id":"https:\/\/redamlo.com\/index.php\/2023\/10\/08\/la-sre-informo-que-el-grupo-terrorista-hamas-secuestro-a-2-mexicanos-tras-el-ataque-a-israel\/#primaryimage"},"thumbnailUrl":"https:\/\/redamlo.com\/wp-content\/uploads\/2023\/10\/palestina-vs-israel.webp","keywords":["gaza","hamas","israel","palestina","SRE"],"articleSection":["Internacionales"],"inLanguage":"es","potentialAction":[{"@type":"CommentAction","name":"Comment","target":["https:\/\/redamlo.com\/index.php\/2023\/10\/08\/la-sre-informo-que-el-grupo-terrorista-hamas-secuestro-a-2-mexicanos-tras-el-ataque-a-israel\/#respond"]}]},{"@type":"WebPage","@id":"https:\/\/redamlo.com\/index.php\/2023\/10\/08\/la-sre-informo-que-el-grupo-terrorista-hamas-secuestro-a-2-mexicanos-tras-el-ataque-a-israel\/","url":"https:\/\/redamlo.com\/index.php\/2023\/10\/08\/la-sre-informo-que-el-grupo-terrorista-hamas-secuestro-a-2-mexicanos-tras-el-ataque-a-israel\/","name":"La SRE inform\u00f3 que el grupo terrorista Ham\u00e1s secuestr\u00f3 a 2 mexicanos tras el ataque a Israel - NOTICIAS DE LA 4T","isPartOf":{"@id":"https:\/\/redamlo.com\/#website"},"primaryImageOfPage":{"@id":"https:\/\/redamlo.com\/index.php\/2023\/10\/08\/la-sre-informo-que-el-grupo-terrorista-hamas-secuestro-a-2-mexicanos-tras-el-ataque-a-israel\/#primaryimage"},"image":{"@id":"https:\/\/redamlo.com\/index.php\/2023\/10\/08\/la-sre-informo-que-el-grupo-terrorista-hamas-secuestro-a-2-mexicanos-tras-el-ataque-a-israel\/#primaryimage"},"thumbnailUrl":"https:\/\/redamlo.com\/wp-content\/uploads\/2023\/10\/palestina-vs-israel.webp","datePublished":"2023-10-08T18:23:11+00:00","breadcrumb":{"@id":"https:\/\/redamlo.com\/index.php\/2023\/10\/08\/la-sre-informo-que-el-grupo-terrorista-hamas-secuestro-a-2-mexicanos-tras-el-ataque-a-israel\/#breadcrumb"},"inLanguage":"es","potentialAction":[{"@type":"ReadAction","target":["https:\/\/redamlo.com\/index.php\/2023\/10\/08\/la-sre-informo-que-el-grupo-terrorista-hamas-secuestro-a-2-mexicanos-tras-el-ataque-a-israel\/"]}]},{"@type":"ImageObject","inLanguage":"es","@id":"https:\/\/redamlo.com\/index.php\/2023\/10\/08\/la-sre-informo-que-el-grupo-terrorista-hamas-secuestro-a-2-mexicanos-tras-el-ataque-a-israel\/#primaryimage","url":"https:\/\/redamlo.com\/wp-content\/uploads\/2023\/10\/palestina-vs-israel.webp","contentUrl":"https:\/\/redamlo.com\/wp-content\/uploads\/2023\/10\/palestina-vs-israel.webp","width":384,"height":216},{"@type":"BreadcrumbList","@id":"https:\/\/redamlo.com\/index.php\/2023\/10\/08\/la-sre-informo-que-el-grupo-terrorista-hamas-secuestro-a-2-mexicanos-tras-el-ataque-a-israel\/#breadcrumb","itemListElement":[{"@type":"ListItem","position":1,"name":"Inicio","item":"https:\/\/redamlo.com\/"},{"@type":"ListItem","position":2,"name":"La SRE inform\u00f3 que el grupo terrorista Ham\u00e1s secuestr\u00f3 a 2 mexicanos tras el ataque a Israel"}]},{"@type":"WebSite","@id":"https:\/\/redamlo.com\/#website","url":"https:\/\/redamlo.com\/","name":"NOTICIAS DE LA 4T","description":"","publisher":{"@id":"https:\/\/redamlo.com\/#organization"},"potentialAction":[{"@type":"SearchAction","target":{"@type":"EntryPoint","urlTemplate":"https:\/\/redamlo.com\/?s={search_term_string}"},"query-input":{"@type":"PropertyValueSpecification","valueRequired":true,"valueName":"search_term_string"}}],"inLanguage":"es"},{"@type":"Organization","@id":"https:\/\/redamlo.com\/#organization","name":"NOTICIAS DE LA 4T","url":"https:\/\/redamlo.com\/","logo":{"@type":"ImageObject","inLanguage":"es","@id":"https:\/\/redamlo.com\/#\/schema\/logo\/image\/","url":"https:\/\/redamlo.com\/wp-content\/uploads\/2024\/08\/cropped-RED-AMLO-logo-50.png","contentUrl":"https:\/\/redamlo.com\/wp-content\/uploads\/2024\/08\/cropped-RED-AMLO-logo-50.png","width":256,"height":256,"caption":"NOTICIAS DE LA 4T"},"image":{"@id":"https:\/\/redamlo.com\/#\/schema\/logo\/image\/"}},{"@type":"Person","@id":"https:\/\/redamlo.com\/#\/schema\/person\/197a0a670d21b1f4f1483ddda1b64613","name":"admin","image":{"@type":"ImageObject","inLanguage":"es","@id":"https:\/\/secure.gravatar.com\/avatar\/293dccd927043f2e641da6685c2f84009782eb9ee0054daceada4e261ded849a?s=96&d=mm&r=g","url":"https:\/\/secure.gravatar.com\/avatar\/293dccd927043f2e641da6685c2f84009782eb9ee0054daceada4e261ded849a?s=96&d=mm&r=g","contentUrl":"https:\/\/secure.gravatar.com\/avatar\/293dccd927043f2e641da6685c2f84009782eb9ee0054daceada4e261ded849a?s=96&d=mm&r=g","caption":"admin"},"sameAs":["https:\/\/redamlo.com"],"url":"https:\/\/redamlo.com\/index.php\/author\/stell\/"}]}},"_links":{"self":[{"href":"https:\/\/redamlo.com\/index.php\/wp-json\/wp\/v2\/posts\/7094","targetHints":{"allow":["GET"]}}],"collection":[{"href":"https:\/\/redamlo.com\/index.php\/wp-json\/wp\/v2\/posts"}],"about":[{"href":"https:\/\/redamlo.com\/index.php\/wp-json\/wp\/v2\/types\/post"}],"author":[{"embeddable":true,"href":"https:\/\/redamlo.com\/index.php\/wp-json\/wp\/v2\/users\/1"}],"replies":[{"embeddable":true,"href":"https:\/\/redamlo.com\/index.php\/wp-json\/wp\/v2\/comments?post=7094"}],"version-history":[{"count":0,"href":"https:\/\/redamlo.com\/index.php\/wp-json\/wp\/v2\/posts\/7094\/revisions"}],"wp:featuredmedia":[{"embeddable":true,"href":"https:\/\/redamlo.com\/index.php\/wp-json\/wp\/v2\/media\/7095"}],"wp:attachment":[{"href":"https:\/\/redamlo.com\/index.php\/wp-json\/wp\/v2\/media?parent=7094"}],"wp:term":[{"taxonomy":"category","embeddable":true,"href":"https:\/\/redamlo.com\/index.php\/wp-json\/wp\/v2\/categories?post=7094"},{"taxonomy":"post_tag","embeddable":true,"href":"https:\/\/redamlo.com\/index.php\/wp-json\/wp\/v2\/tags?post=7094"}],"curies":[{"name":"wp","href":"https:\/\/api.w.org\/{rel}","templated":true}]}}