{"id":708,"date":"2019-11-19T09:23:07","date_gmt":"2019-11-19T15:23:07","guid":{"rendered":"http:\/\/redamlo.com\/?p=708"},"modified":"2019-11-19T09:23:07","modified_gmt":"2019-11-19T15:23:07","slug":"amlo-presenta-su-nuevo-libro-hacia-una-economia-moral","status":"publish","type":"post","link":"https:\/\/redamlo.com\/index.php\/2019\/11\/19\/amlo-presenta-su-nuevo-libro-hacia-una-economia-moral\/","title":{"rendered":"AMLO Presenta su nuevo libro, Hacia una Econom\u00eda Moral"},"content":{"rendered":"<h3>Ciudad de M\u00e9xico a 19 de Noviembre 2019 (Cdmx Noticias &#8211; Cdmx Press).-<\/h3>\n<p class=\"letter-capitular\">En la Conferencia Ma\u00f1anera del dia de hoy el presidente<strong> Andr\u00e9s Manuel L\u00f3pez Obrador<\/strong> present\u00f3 su nuevo libro titulado <strong><em>Hacia una Econom\u00eda Moral<\/em>\u00a0(Planeta, 2019),<\/strong> el cual, afirm\u00f3, es el fundamento de la pol\u00edtica de su gobierno.<\/p>\n<blockquote><p>\u201cAqu\u00ed est\u00e1 el fundamento de nuestra pol\u00edtica, lo que se aplica en el periodo posneoliberal, ya ven que siempre dec\u00edan que no hab\u00eda de otra. Aqu\u00ed est\u00e1 el modelo alternativo\u201d<\/p><\/blockquote>\n<p><strong>Amlo<\/strong><\/p>\n<p>El nuevo libro escrito por el presidente comenzar\u00e1 a ofertarse ma\u00f1ana, en el marco del 119 aniversario de la conmemoraci\u00f3n de la Revoluci\u00f3n Mexicana y casi del primer a\u00f1o de mandato en este a\u00f1o en el que se recuerda al Caudillo del Sur, Emiliano Zapata.<\/p>\n<p><iframe loading=\"lazy\" title=\"Presentaci\u00f3n del libro &#039;Hacia una econom\u00eda moral&#039;. Conferencia presidente AMLO\" width=\"640\" height=\"360\" src=\"https:\/\/www.youtube.com\/embed\/O_UtOfP-o5s?feature=oembed\" frameborder=\"0\" allow=\"accelerometer; autoplay; clipboard-write; encrypted-media; gyroscope; picture-in-picture; web-share\" referrerpolicy=\"strict-origin-when-cross-origin\" allowfullscreen><\/iframe><\/p>\n","protected":false},"excerpt":{"rendered":"<p>Ciudad de M\u00e9xico a 19 de Noviembre 2019 (Cdmx Noticias &#8211; Cdmx Press).- En la&#8230;<\/p>\n","protected":false},"author":2,"featured_media":711,"comment_status":"open","ping_status":"closed","sticky":false,"template":"","format":"standard","meta":{"footnotes":""},"categories":[20,5,27],"tags":[],"class_list":["post-708","post","type-post","status-publish","format-standard","has-post-thumbnail","hentry","category-nacionales","category-politica","category-presidencia"],"yoast_head":"<!-- This site is optimized with the Yoast SEO plugin v27.5 - https:\/\/yoast.com\/product\/yoast-seo-wordpress\/ -->\n<title>AMLO Presenta su nuevo libro, Hacia una Econom\u00eda Moral - NOTICIAS DE LA 4T<\/title>\n<meta name=\"robots\" content=\"noindex, follow, max-snippet:-1, max-image-preview:large, max-video-preview:-1\" \/>\n<meta property=\"og:locale\" content=\"es_MX\" \/>\n<meta property=\"og:type\" content=\"article\" \/>\n<meta property=\"og:title\" content=\"AMLO Presenta su nuevo libro, Hacia una Econom\u00eda Moral - NOTICIAS DE LA 4T\" \/>\n<meta property=\"og:description\" content=\"Ciudad de M\u00e9xico a 19 de Noviembre 2019 (Cdmx Noticias &#8211; Cdmx Press).- En la...\" \/>\n<meta property=\"og:url\" content=\"https:\/\/redamlo.com\/index.php\/2019\/11\/19\/amlo-presenta-su-nuevo-libro-hacia-una-economia-moral\/\" \/>\n<meta property=\"og:site_name\" content=\"NOTICIAS DE LA 4T\" \/>\n<meta property=\"article:published_time\" content=\"2019-11-19T15:23:07+00:00\" \/>\n<meta property=\"og:image\" content=\"https:\/\/redamlo.com\/wp-content\/uploads\/2019\/11\/hacia-una-economia-moral-andres-manuel-lopez-obrador-cdmxpress-luis-antonio-gonzalez-montes.jpg\" \/>\n\t<meta property=\"og:image:width\" content=\"664\" \/>\n\t<meta property=\"og:image:height\" content=\"498\" \/>\n\t<meta property=\"og:image:type\" content=\"image\/jpeg\" \/>\n<meta name=\"author\" content=\"Blanca\" \/>\n<meta name=\"twitter:card\" content=\"summary_large_image\" \/>\n<meta name=\"twitter:label1\" content=\"Escrito por\" \/>\n\t<meta name=\"twitter:data1\" content=\"Blanca\" \/>\n\t<meta name=\"twitter:label2\" content=\"Tiempo de lectura\" \/>\n\t<meta name=\"twitter:data2\" content=\"1 minuto\" \/>\n<script type=\"application\/ld+json\" class=\"yoast-schema-graph\">{\"@context\":\"https:\\\/\\\/schema.org\",\"@graph\":[{\"@type\":\"Article\",\"@id\":\"https:\\\/\\\/redamlo.com\\\/index.php\\\/2019\\\/11\\\/19\\\/amlo-presenta-su-nuevo-libro-hacia-una-economia-moral\\\/#article\",\"isPartOf\":{\"@id\":\"https:\\\/\\\/redamlo.com\\\/index.php\\\/2019\\\/11\\\/19\\\/amlo-presenta-su-nuevo-libro-hacia-una-economia-moral\\\/\"},\"author\":{\"name\":\"Blanca\",\"@id\":\"https:\\\/\\\/redamlo.com\\\/#\\\/schema\\\/person\\\/7223a4375eb8f1a782fcae010a7115cf\"},\"headline\":\"AMLO Presenta su nuevo libro, Hacia una Econom\u00eda Moral\",\"datePublished\":\"2019-11-19T15:23:07+00:00\",\"mainEntityOfPage\":{\"@id\":\"https:\\\/\\\/redamlo.com\\\/index.php\\\/2019\\\/11\\\/19\\\/amlo-presenta-su-nuevo-libro-hacia-una-economia-moral\\\/\"},\"wordCount\":160,\"commentCount\":0,\"publisher\":{\"@id\":\"https:\\\/\\\/redamlo.com\\\/#organization\"},\"image\":{\"@id\":\"https:\\\/\\\/redamlo.com\\\/index.php\\\/2019\\\/11\\\/19\\\/amlo-presenta-su-nuevo-libro-hacia-una-economia-moral\\\/#primaryimage\"},\"thumbnailUrl\":\"https:\\\/\\\/redamlo.com\\\/wp-content\\\/uploads\\\/2019\\\/11\\\/hacia-una-economia-moral-andres-manuel-lopez-obrador-cdmxpress-luis-antonio-gonzalez-montes.jpg\",\"articleSection\":[\"Nacionales\",\"Pol\u00edtica\",\"Presidencia\"],\"inLanguage\":\"es\",\"potentialAction\":[{\"@type\":\"CommentAction\",\"name\":\"Comment\",\"target\":[\"https:\\\/\\\/redamlo.com\\\/index.php\\\/2019\\\/11\\\/19\\\/amlo-presenta-su-nuevo-libro-hacia-una-economia-moral\\\/#respond\"]}]},{\"@type\":\"WebPage\",\"@id\":\"https:\\\/\\\/redamlo.com\\\/index.php\\\/2019\\\/11\\\/19\\\/amlo-presenta-su-nuevo-libro-hacia-una-economia-moral\\\/\",\"url\":\"https:\\\/\\\/redamlo.com\\\/index.php\\\/2019\\\/11\\\/19\\\/amlo-presenta-su-nuevo-libro-hacia-una-economia-moral\\\/\",\"name\":\"AMLO Presenta su nuevo libro, Hacia una Econom\u00eda Moral - NOTICIAS DE LA 4T\",\"isPartOf\":{\"@id\":\"https:\\\/\\\/redamlo.com\\\/#website\"},\"primaryImageOfPage\":{\"@id\":\"https:\\\/\\\/redamlo.com\\\/index.php\\\/2019\\\/11\\\/19\\\/amlo-presenta-su-nuevo-libro-hacia-una-economia-moral\\\/#primaryimage\"},\"image\":{\"@id\":\"https:\\\/\\\/redamlo.com\\\/index.php\\\/2019\\\/11\\\/19\\\/amlo-presenta-su-nuevo-libro-hacia-una-economia-moral\\\/#primaryimage\"},\"thumbnailUrl\":\"https:\\\/\\\/redamlo.com\\\/wp-content\\\/uploads\\\/2019\\\/11\\\/hacia-una-economia-moral-andres-manuel-lopez-obrador-cdmxpress-luis-antonio-gonzalez-montes.jpg\",\"datePublished\":\"2019-11-19T15:23:07+00:00\",\"breadcrumb\":{\"@id\":\"https:\\\/\\\/redamlo.com\\\/index.php\\\/2019\\\/11\\\/19\\\/amlo-presenta-su-nuevo-libro-hacia-una-economia-moral\\\/#breadcrumb\"},\"inLanguage\":\"es\",\"potentialAction\":[{\"@type\":\"ReadAction\",\"target\":[\"https:\\\/\\\/redamlo.com\\\/index.php\\\/2019\\\/11\\\/19\\\/amlo-presenta-su-nuevo-libro-hacia-una-economia-moral\\\/\"]}]},{\"@type\":\"ImageObject\",\"inLanguage\":\"es\",\"@id\":\"https:\\\/\\\/redamlo.com\\\/index.php\\\/2019\\\/11\\\/19\\\/amlo-presenta-su-nuevo-libro-hacia-una-economia-moral\\\/#primaryimage\",\"url\":\"https:\\\/\\\/redamlo.com\\\/wp-content\\\/uploads\\\/2019\\\/11\\\/hacia-una-economia-moral-andres-manuel-lopez-obrador-cdmxpress-luis-antonio-gonzalez-montes.jpg\",\"contentUrl\":\"https:\\\/\\\/redamlo.com\\\/wp-content\\\/uploads\\\/2019\\\/11\\\/hacia-una-economia-moral-andres-manuel-lopez-obrador-cdmxpress-luis-antonio-gonzalez-montes.jpg\",\"width\":664,\"height\":498},{\"@type\":\"BreadcrumbList\",\"@id\":\"https:\\\/\\\/redamlo.com\\\/index.php\\\/2019\\\/11\\\/19\\\/amlo-presenta-su-nuevo-libro-hacia-una-economia-moral\\\/#breadcrumb\",\"itemListElement\":[{\"@type\":\"ListItem\",\"position\":1,\"name\":\"Inicio\",\"item\":\"https:\\\/\\\/redamlo.com\\\/\"},{\"@type\":\"ListItem\",\"position\":2,\"name\":\"AMLO Presenta su nuevo libro, Hacia una Econom\u00eda Moral\"}]},{\"@type\":\"WebSite\",\"@id\":\"https:\\\/\\\/redamlo.com\\\/#website\",\"url\":\"https:\\\/\\\/redamlo.com\\\/\",\"name\":\"NOTICIAS DE LA 4T\",\"description\":\"\",\"publisher\":{\"@id\":\"https:\\\/\\\/redamlo.com\\\/#organization\"},\"potentialAction\":[{\"@type\":\"SearchAction\",\"target\":{\"@type\":\"EntryPoint\",\"urlTemplate\":\"https:\\\/\\\/redamlo.com\\\/?s={search_term_string}\"},\"query-input\":{\"@type\":\"PropertyValueSpecification\",\"valueRequired\":true,\"valueName\":\"search_term_string\"}}],\"inLanguage\":\"es\"},{\"@type\":\"Organization\",\"@id\":\"https:\\\/\\\/redamlo.com\\\/#organization\",\"name\":\"NOTICIAS DE LA 4T\",\"url\":\"https:\\\/\\\/redamlo.com\\\/\",\"logo\":{\"@type\":\"ImageObject\",\"inLanguage\":\"es\",\"@id\":\"https:\\\/\\\/redamlo.com\\\/#\\\/schema\\\/logo\\\/image\\\/\",\"url\":\"https:\\\/\\\/redamlo.com\\\/wp-content\\\/uploads\\\/2024\\\/08\\\/cropped-RED-AMLO-logo-50.png\",\"contentUrl\":\"https:\\\/\\\/redamlo.com\\\/wp-content\\\/uploads\\\/2024\\\/08\\\/cropped-RED-AMLO-logo-50.png\",\"width\":256,\"height\":256,\"caption\":\"NOTICIAS DE LA 4T\"},\"image\":{\"@id\":\"https:\\\/\\\/redamlo.com\\\/#\\\/schema\\\/logo\\\/image\\\/\"}},{\"@type\":\"Person\",\"@id\":\"https:\\\/\\\/redamlo.com\\\/#\\\/schema\\\/person\\\/7223a4375eb8f1a782fcae010a7115cf\",\"name\":\"Blanca\",\"image\":{\"@type\":\"ImageObject\",\"inLanguage\":\"es\",\"@id\":\"https:\\\/\\\/secure.gravatar.com\\\/avatar\\\/3f79bc8336367a4e6093eae8757acaaf61d1124834b905616de7829b0273426d?s=96&d=mm&r=g\",\"url\":\"https:\\\/\\\/secure.gravatar.com\\\/avatar\\\/3f79bc8336367a4e6093eae8757acaaf61d1124834b905616de7829b0273426d?s=96&d=mm&r=g\",\"contentUrl\":\"https:\\\/\\\/secure.gravatar.com\\\/avatar\\\/3f79bc8336367a4e6093eae8757acaaf61d1124834b905616de7829b0273426d?s=96&d=mm&r=g\",\"caption\":\"Blanca\"},\"url\":\"https:\\\/\\\/redamlo.com\\\/index.php\\\/author\\\/blanca\\\/\"}]}<\/script>\n<!-- \/ Yoast SEO plugin. -->","yoast_head_json":{"title":"AMLO Presenta su nuevo libro, Hacia una Econom\u00eda Moral - NOTICIAS DE LA 4T","robots":{"index":"noindex","follow":"follow","max-snippet":"max-snippet:-1","max-image-preview":"max-image-preview:large","max-video-preview":"max-video-preview:-1"},"og_locale":"es_MX","og_type":"article","og_title":"AMLO Presenta su nuevo libro, Hacia una Econom\u00eda Moral - NOTICIAS DE LA 4T","og_description":"Ciudad de M\u00e9xico a 19 de Noviembre 2019 (Cdmx Noticias &#8211; Cdmx Press).- En la...","og_url":"https:\/\/redamlo.com\/index.php\/2019\/11\/19\/amlo-presenta-su-nuevo-libro-hacia-una-economia-moral\/","og_site_name":"NOTICIAS DE LA 4T","article_published_time":"2019-11-19T15:23:07+00:00","og_image":[{"width":664,"height":498,"url":"https:\/\/redamlo.com\/wp-content\/uploads\/2019\/11\/hacia-una-economia-moral-andres-manuel-lopez-obrador-cdmxpress-luis-antonio-gonzalez-montes.jpg","type":"image\/jpeg"}],"author":"Blanca","twitter_card":"summary_large_image","twitter_misc":{"Escrito por":"Blanca","Tiempo de lectura":"1 minuto"},"schema":{"@context":"https:\/\/schema.org","@graph":[{"@type":"Article","@id":"https:\/\/redamlo.com\/index.php\/2019\/11\/19\/amlo-presenta-su-nuevo-libro-hacia-una-economia-moral\/#article","isPartOf":{"@id":"https:\/\/redamlo.com\/index.php\/2019\/11\/19\/amlo-presenta-su-nuevo-libro-hacia-una-economia-moral\/"},"author":{"name":"Blanca","@id":"https:\/\/redamlo.com\/#\/schema\/person\/7223a4375eb8f1a782fcae010a7115cf"},"headline":"AMLO Presenta su nuevo libro, Hacia una Econom\u00eda Moral","datePublished":"2019-11-19T15:23:07+00:00","mainEntityOfPage":{"@id":"https:\/\/redamlo.com\/index.php\/2019\/11\/19\/amlo-presenta-su-nuevo-libro-hacia-una-economia-moral\/"},"wordCount":160,"commentCount":0,"publisher":{"@id":"https:\/\/redamlo.com\/#organization"},"image":{"@id":"https:\/\/redamlo.com\/index.php\/2019\/11\/19\/amlo-presenta-su-nuevo-libro-hacia-una-economia-moral\/#primaryimage"},"thumbnailUrl":"https:\/\/redamlo.com\/wp-content\/uploads\/2019\/11\/hacia-una-economia-moral-andres-manuel-lopez-obrador-cdmxpress-luis-antonio-gonzalez-montes.jpg","articleSection":["Nacionales","Pol\u00edtica","Presidencia"],"inLanguage":"es","potentialAction":[{"@type":"CommentAction","name":"Comment","target":["https:\/\/redamlo.com\/index.php\/2019\/11\/19\/amlo-presenta-su-nuevo-libro-hacia-una-economia-moral\/#respond"]}]},{"@type":"WebPage","@id":"https:\/\/redamlo.com\/index.php\/2019\/11\/19\/amlo-presenta-su-nuevo-libro-hacia-una-economia-moral\/","url":"https:\/\/redamlo.com\/index.php\/2019\/11\/19\/amlo-presenta-su-nuevo-libro-hacia-una-economia-moral\/","name":"AMLO Presenta su nuevo libro, Hacia una Econom\u00eda Moral - NOTICIAS DE LA 4T","isPartOf":{"@id":"https:\/\/redamlo.com\/#website"},"primaryImageOfPage":{"@id":"https:\/\/redamlo.com\/index.php\/2019\/11\/19\/amlo-presenta-su-nuevo-libro-hacia-una-economia-moral\/#primaryimage"},"image":{"@id":"https:\/\/redamlo.com\/index.php\/2019\/11\/19\/amlo-presenta-su-nuevo-libro-hacia-una-economia-moral\/#primaryimage"},"thumbnailUrl":"https:\/\/redamlo.com\/wp-content\/uploads\/2019\/11\/hacia-una-economia-moral-andres-manuel-lopez-obrador-cdmxpress-luis-antonio-gonzalez-montes.jpg","datePublished":"2019-11-19T15:23:07+00:00","breadcrumb":{"@id":"https:\/\/redamlo.com\/index.php\/2019\/11\/19\/amlo-presenta-su-nuevo-libro-hacia-una-economia-moral\/#breadcrumb"},"inLanguage":"es","potentialAction":[{"@type":"ReadAction","target":["https:\/\/redamlo.com\/index.php\/2019\/11\/19\/amlo-presenta-su-nuevo-libro-hacia-una-economia-moral\/"]}]},{"@type":"ImageObject","inLanguage":"es","@id":"https:\/\/redamlo.com\/index.php\/2019\/11\/19\/amlo-presenta-su-nuevo-libro-hacia-una-economia-moral\/#primaryimage","url":"https:\/\/redamlo.com\/wp-content\/uploads\/2019\/11\/hacia-una-economia-moral-andres-manuel-lopez-obrador-cdmxpress-luis-antonio-gonzalez-montes.jpg","contentUrl":"https:\/\/redamlo.com\/wp-content\/uploads\/2019\/11\/hacia-una-economia-moral-andres-manuel-lopez-obrador-cdmxpress-luis-antonio-gonzalez-montes.jpg","width":664,"height":498},{"@type":"BreadcrumbList","@id":"https:\/\/redamlo.com\/index.php\/2019\/11\/19\/amlo-presenta-su-nuevo-libro-hacia-una-economia-moral\/#breadcrumb","itemListElement":[{"@type":"ListItem","position":1,"name":"Inicio","item":"https:\/\/redamlo.com\/"},{"@type":"ListItem","position":2,"name":"AMLO Presenta su nuevo libro, Hacia una Econom\u00eda Moral"}]},{"@type":"WebSite","@id":"https:\/\/redamlo.com\/#website","url":"https:\/\/redamlo.com\/","name":"NOTICIAS DE LA 4T","description":"","publisher":{"@id":"https:\/\/redamlo.com\/#organization"},"potentialAction":[{"@type":"SearchAction","target":{"@type":"EntryPoint","urlTemplate":"https:\/\/redamlo.com\/?s={search_term_string}"},"query-input":{"@type":"PropertyValueSpecification","valueRequired":true,"valueName":"search_term_string"}}],"inLanguage":"es"},{"@type":"Organization","@id":"https:\/\/redamlo.com\/#organization","name":"NOTICIAS DE LA 4T","url":"https:\/\/redamlo.com\/","logo":{"@type":"ImageObject","inLanguage":"es","@id":"https:\/\/redamlo.com\/#\/schema\/logo\/image\/","url":"https:\/\/redamlo.com\/wp-content\/uploads\/2024\/08\/cropped-RED-AMLO-logo-50.png","contentUrl":"https:\/\/redamlo.com\/wp-content\/uploads\/2024\/08\/cropped-RED-AMLO-logo-50.png","width":256,"height":256,"caption":"NOTICIAS DE LA 4T"},"image":{"@id":"https:\/\/redamlo.com\/#\/schema\/logo\/image\/"}},{"@type":"Person","@id":"https:\/\/redamlo.com\/#\/schema\/person\/7223a4375eb8f1a782fcae010a7115cf","name":"Blanca","image":{"@type":"ImageObject","inLanguage":"es","@id":"https:\/\/secure.gravatar.com\/avatar\/3f79bc8336367a4e6093eae8757acaaf61d1124834b905616de7829b0273426d?s=96&d=mm&r=g","url":"https:\/\/secure.gravatar.com\/avatar\/3f79bc8336367a4e6093eae8757acaaf61d1124834b905616de7829b0273426d?s=96&d=mm&r=g","contentUrl":"https:\/\/secure.gravatar.com\/avatar\/3f79bc8336367a4e6093eae8757acaaf61d1124834b905616de7829b0273426d?s=96&d=mm&r=g","caption":"Blanca"},"url":"https:\/\/redamlo.com\/index.php\/author\/blanca\/"}]}},"_links":{"self":[{"href":"https:\/\/redamlo.com\/index.php\/wp-json\/wp\/v2\/posts\/708","targetHints":{"allow":["GET"]}}],"collection":[{"href":"https:\/\/redamlo.com\/index.php\/wp-json\/wp\/v2\/posts"}],"about":[{"href":"https:\/\/redamlo.com\/index.php\/wp-json\/wp\/v2\/types\/post"}],"author":[{"embeddable":true,"href":"https:\/\/redamlo.com\/index.php\/wp-json\/wp\/v2\/users\/2"}],"replies":[{"embeddable":true,"href":"https:\/\/redamlo.com\/index.php\/wp-json\/wp\/v2\/comments?post=708"}],"version-history":[{"count":0,"href":"https:\/\/redamlo.com\/index.php\/wp-json\/wp\/v2\/posts\/708\/revisions"}],"wp:featuredmedia":[{"embeddable":true,"href":"https:\/\/redamlo.com\/index.php\/wp-json\/wp\/v2\/media\/711"}],"wp:attachment":[{"href":"https:\/\/redamlo.com\/index.php\/wp-json\/wp\/v2\/media?parent=708"}],"wp:term":[{"taxonomy":"category","embeddable":true,"href":"https:\/\/redamlo.com\/index.php\/wp-json\/wp\/v2\/categories?post=708"},{"taxonomy":"post_tag","embeddable":true,"href":"https:\/\/redamlo.com\/index.php\/wp-json\/wp\/v2\/tags?post=708"}],"curies":[{"name":"wp","href":"https:\/\/api.w.org\/{rel}","templated":true}]}}