{"id":7070,"date":"2023-10-06T14:46:42","date_gmt":"2023-10-06T20:46:42","guid":{"rendered":"https:\/\/redamlo.com\/?p=7070"},"modified":"2023-10-06T14:46:42","modified_gmt":"2023-10-06T20:46:42","slug":"calica-causa-desastre-ecologico-en-quintana-roo-presidente-pide-congruencia-a-empresa-estadounidense-y-aceptar-compra-de-terreno","status":"publish","type":"post","link":"https:\/\/redamlo.com\/index.php\/2023\/10\/06\/calica-causa-desastre-ecologico-en-quintana-roo-presidente-pide-congruencia-a-empresa-estadounidense-y-aceptar-compra-de-terreno\/","title":{"rendered":"Calica causa desastre ecol\u00f3gico en Quintana Roo; presidente pide congruencia a empresa estadounidense y aceptar compra de terreno"},"content":{"rendered":"<p>El presidente Andr\u00e9s Manuel L\u00f3pez Obrador reiter\u00f3 la propuesta de rescate y compra de 2 mil 400 hect\u00e1reas a la filial SAC-TUN \u2014antes\u00a0<strong>Calica<\/strong>\u2014 de\u00a0<strong>Vulcan Materials<\/strong>, empresa estadounidense que durante 36 a\u00f1os ha explotado sin medida mil 200 hect\u00e1reas de selva, r\u00edos subterr\u00e1neos, cenotes y manglares en Quintana Roo para extraer roca caliza y exportarla a Estados Unidos.<\/p>\n<p>&nbsp;<\/p>\n<p>Por varias d\u00e9cadas, la empresa\u00a0<strong>Sac-Tun<\/strong>\u00a0realiz\u00f3 voladuras para romper el suelo k\u00e1rstico hasta 11 metros por debajo del nivel fre\u00e1tico; el uso continuo de explosivos contamin\u00f3 el agua con nitratos y otras sustancias.<\/p>\n<p>La actividad minera acab\u00f3 con la diversidad del sitio al afectar 942 especies: 529 de fauna y 413 de flora, incluidas algunas en peligro de extinci\u00f3n.<\/p>\n<p><iframe loading=\"lazy\" title=\"Tren Maya de Palenque a Canc\u00fan se inaugurar\u00e1 el 15 de diciembre. Conferencia presidente AMLO\" width=\"640\" height=\"360\" src=\"https:\/\/www.youtube.com\/embed\/WB7Xx_dsC5c?feature=oembed\" frameborder=\"0\" allow=\"accelerometer; autoplay; clipboard-write; encrypted-media; gyroscope; picture-in-picture; web-share\" referrerpolicy=\"strict-origin-when-cross-origin\" allowfullscreen><\/iframe><\/p>\n<p>Se trata del mayor desastre ecol\u00f3gico causado por una empresa extranjera en la Pen\u00ednsula de Yucat\u00e1n y sobre todo en la Riviera Maya.<\/p>\n<p>Sac-Tun incurri\u00f3 en\u00a0otra acci\u00f3n ilegal con la retenci\u00f3n de agua subterr\u00e1nea en 4.24 kil\u00f3metros cuadrados, es decir, m\u00e1s de 40 millones de metros c\u00fabicos; la concesi\u00f3n a la empresa fue por apenas 1.7 millones de metros c\u00fabicos, lo que significa que emple\u00f3 20 veces m\u00e1s el volumen que ten\u00eda autorizado. Esto provoc\u00f3 el colapso de cavernas, as\u00ed como hundimientos en la zona.<\/p>\n<p>La compa\u00f1\u00eda explot\u00f3 roca caliza desde 1986, violando las normas ambientales y los permisos otorgados por las autoridades. Hasta ahora, no ha realizado obras de remediaci\u00f3n ambiental en la zona, a pesar de los evidentes da\u00f1os provocados a la naturaleza.<\/p>\n<blockquote><p>\u201cEllos (los estadounidenses) siempre hablan que les preocupa mucho lo del cambio clim\u00e1tico, \u00bfqu\u00e9 m\u00e1s apoyo para conservar el medio ambiente que aceptar un acuerdo como el que les estamos proponiendo?\u201d, cuestion\u00f3 el presidente ante representantes de medios de comunicaci\u00f3n.<\/p><\/blockquote>\n<p>\u201cSe destruy\u00f3 el territorio, toda esa zona y vamos a defender que ya no se pueda seguir utilizando como banco de material esta zona. Adem\u00e1s, tienen cerca de 2 mil hect\u00e1reas m\u00e1s concesionadas y es selva. No es posible permitir que sigan explotando\u201d, agreg\u00f3.<\/p>\n<p>Al encabezar la conferencia de prensa matutina en Quintana Roo, el mandatario indic\u00f3 que, a la fecha, el Gobierno de M\u00e9xico no ha recibido respuesta de la firma estadounidense. Sin embargo, asegur\u00f3 que \u201cnosotros no vamos a dejar este asunto en suspenso. Antes de irnos, vamos a tomar una decisi\u00f3n legal, completamente legal, entonces ojal\u00e1 y ayuden, que haya una respuesta\u201d.<\/p>\n<p>Record\u00f3 que el Gobierno de M\u00e9xico est\u00e1 dispuesto a comprar todo el terreno. De acuerdo con el aval\u00fao pagar\u00eda entre 6 mil u 8 mil millones de pesos por las m\u00e1s de 2 mil hect\u00e1reas.<\/p>\n<p>Al concretarse la operaci\u00f3n, el Gobierno de la Cuarta Transformaci\u00f3n convertir\u00e1 los terrenos de selva y manglar en reserva natural protegida. En la superficie da\u00f1ada por la extracci\u00f3n desmedida de materiales p\u00e9treos se har\u00e1 un proyecto ecotur\u00edstico en\u00a0<strong>Playa del Carmen.<\/strong><\/p>\n<p>El mandatario detall\u00f3 que existe una denuncia internacional por la clausura de este lugar; la empresa aduce que esta acci\u00f3n fue ilegal, sin embargo, el Gobierno de M\u00e9xico mantiene su firme postura de priorizar el inter\u00e9s p\u00fablico por encima del privado.<\/p>\n","protected":false},"excerpt":{"rendered":"<p>El presidente Andr\u00e9s Manuel L\u00f3pez Obrador reiter\u00f3 la propuesta de rescate y compra de 2&#8230;<\/p>\n","protected":false},"author":1,"featured_media":7071,"comment_status":"open","ping_status":"closed","sticky":false,"template":"","format":"standard","meta":{"footnotes":""},"categories":[27],"tags":[84,2064,2553],"class_list":["post-7070","post","type-post","status-publish","format-standard","has-post-thumbnail","hentry","category-presidencia","tag-amlo","tag-calica","tag-desastre-ecologico-en-riviera-maya"],"yoast_head":"<!-- This site is optimized with the Yoast SEO plugin v27.5 - https:\/\/yoast.com\/product\/yoast-seo-wordpress\/ -->\n<title>Calica causa desastre ecol\u00f3gico en Quintana Roo; presidente pide congruencia a empresa estadounidense y aceptar compra de terreno - NOTICIAS DE LA 4T<\/title>\n<meta name=\"robots\" content=\"noindex, follow, max-snippet:-1, max-image-preview:large, max-video-preview:-1\" \/>\n<meta property=\"og:locale\" content=\"es_MX\" \/>\n<meta property=\"og:type\" content=\"article\" \/>\n<meta property=\"og:title\" content=\"Calica causa desastre ecol\u00f3gico en Quintana Roo; presidente pide congruencia a empresa estadounidense y aceptar compra de terreno - NOTICIAS DE LA 4T\" \/>\n<meta property=\"og:description\" content=\"El presidente Andr\u00e9s Manuel L\u00f3pez Obrador reiter\u00f3 la propuesta de rescate y compra de 2...\" \/>\n<meta property=\"og:url\" content=\"https:\/\/redamlo.com\/index.php\/2023\/10\/06\/calica-causa-desastre-ecologico-en-quintana-roo-presidente-pide-congruencia-a-empresa-estadounidense-y-aceptar-compra-de-terreno\/\" \/>\n<meta property=\"og:site_name\" content=\"NOTICIAS DE LA 4T\" \/>\n<meta property=\"article:published_time\" content=\"2023-10-06T20:46:42+00:00\" \/>\n<meta property=\"og:image\" content=\"https:\/\/redamlo.com\/wp-content\/uploads\/2023\/10\/2023-10-06-Presidente-AMLO-Conferencia-de-prensa-matutina-Quintana-Roo-Foto-05.jpg\" \/>\n\t<meta property=\"og:image:width\" content=\"1500\" \/>\n\t<meta property=\"og:image:height\" content=\"1000\" \/>\n\t<meta property=\"og:image:type\" content=\"image\/jpeg\" \/>\n<meta name=\"author\" content=\"admin\" \/>\n<meta name=\"twitter:card\" content=\"summary_large_image\" \/>\n<meta name=\"twitter:label1\" content=\"Escrito por\" \/>\n\t<meta name=\"twitter:data1\" content=\"admin\" \/>\n\t<meta name=\"twitter:label2\" content=\"Tiempo de lectura\" \/>\n\t<meta name=\"twitter:data2\" content=\"3 minutos\" \/>\n<script type=\"application\/ld+json\" class=\"yoast-schema-graph\">{\"@context\":\"https:\\\/\\\/schema.org\",\"@graph\":[{\"@type\":\"Article\",\"@id\":\"https:\\\/\\\/redamlo.com\\\/index.php\\\/2023\\\/10\\\/06\\\/calica-causa-desastre-ecologico-en-quintana-roo-presidente-pide-congruencia-a-empresa-estadounidense-y-aceptar-compra-de-terreno\\\/#article\",\"isPartOf\":{\"@id\":\"https:\\\/\\\/redamlo.com\\\/index.php\\\/2023\\\/10\\\/06\\\/calica-causa-desastre-ecologico-en-quintana-roo-presidente-pide-congruencia-a-empresa-estadounidense-y-aceptar-compra-de-terreno\\\/\"},\"author\":{\"name\":\"admin\",\"@id\":\"https:\\\/\\\/redamlo.com\\\/#\\\/schema\\\/person\\\/197a0a670d21b1f4f1483ddda1b64613\"},\"headline\":\"Calica causa desastre ecol\u00f3gico en Quintana Roo; presidente pide congruencia a empresa estadounidense y aceptar compra de terreno\",\"datePublished\":\"2023-10-06T20:46:42+00:00\",\"mainEntityOfPage\":{\"@id\":\"https:\\\/\\\/redamlo.com\\\/index.php\\\/2023\\\/10\\\/06\\\/calica-causa-desastre-ecologico-en-quintana-roo-presidente-pide-congruencia-a-empresa-estadounidense-y-aceptar-compra-de-terreno\\\/\"},\"wordCount\":570,\"commentCount\":0,\"publisher\":{\"@id\":\"https:\\\/\\\/redamlo.com\\\/#organization\"},\"image\":{\"@id\":\"https:\\\/\\\/redamlo.com\\\/index.php\\\/2023\\\/10\\\/06\\\/calica-causa-desastre-ecologico-en-quintana-roo-presidente-pide-congruencia-a-empresa-estadounidense-y-aceptar-compra-de-terreno\\\/#primaryimage\"},\"thumbnailUrl\":\"https:\\\/\\\/redamlo.com\\\/wp-content\\\/uploads\\\/2023\\\/10\\\/2023-10-06-Presidente-AMLO-Conferencia-de-prensa-matutina-Quintana-Roo-Foto-05.jpg\",\"keywords\":[\"AMLO\",\"Calica\",\"desastre ecologico en riviera maya\"],\"articleSection\":[\"Presidencia\"],\"inLanguage\":\"es\",\"potentialAction\":[{\"@type\":\"CommentAction\",\"name\":\"Comment\",\"target\":[\"https:\\\/\\\/redamlo.com\\\/index.php\\\/2023\\\/10\\\/06\\\/calica-causa-desastre-ecologico-en-quintana-roo-presidente-pide-congruencia-a-empresa-estadounidense-y-aceptar-compra-de-terreno\\\/#respond\"]}]},{\"@type\":\"WebPage\",\"@id\":\"https:\\\/\\\/redamlo.com\\\/index.php\\\/2023\\\/10\\\/06\\\/calica-causa-desastre-ecologico-en-quintana-roo-presidente-pide-congruencia-a-empresa-estadounidense-y-aceptar-compra-de-terreno\\\/\",\"url\":\"https:\\\/\\\/redamlo.com\\\/index.php\\\/2023\\\/10\\\/06\\\/calica-causa-desastre-ecologico-en-quintana-roo-presidente-pide-congruencia-a-empresa-estadounidense-y-aceptar-compra-de-terreno\\\/\",\"name\":\"Calica causa desastre ecol\u00f3gico en Quintana Roo; presidente pide congruencia a empresa estadounidense y aceptar compra de terreno - NOTICIAS DE LA 4T\",\"isPartOf\":{\"@id\":\"https:\\\/\\\/redamlo.com\\\/#website\"},\"primaryImageOfPage\":{\"@id\":\"https:\\\/\\\/redamlo.com\\\/index.php\\\/2023\\\/10\\\/06\\\/calica-causa-desastre-ecologico-en-quintana-roo-presidente-pide-congruencia-a-empresa-estadounidense-y-aceptar-compra-de-terreno\\\/#primaryimage\"},\"image\":{\"@id\":\"https:\\\/\\\/redamlo.com\\\/index.php\\\/2023\\\/10\\\/06\\\/calica-causa-desastre-ecologico-en-quintana-roo-presidente-pide-congruencia-a-empresa-estadounidense-y-aceptar-compra-de-terreno\\\/#primaryimage\"},\"thumbnailUrl\":\"https:\\\/\\\/redamlo.com\\\/wp-content\\\/uploads\\\/2023\\\/10\\\/2023-10-06-Presidente-AMLO-Conferencia-de-prensa-matutina-Quintana-Roo-Foto-05.jpg\",\"datePublished\":\"2023-10-06T20:46:42+00:00\",\"breadcrumb\":{\"@id\":\"https:\\\/\\\/redamlo.com\\\/index.php\\\/2023\\\/10\\\/06\\\/calica-causa-desastre-ecologico-en-quintana-roo-presidente-pide-congruencia-a-empresa-estadounidense-y-aceptar-compra-de-terreno\\\/#breadcrumb\"},\"inLanguage\":\"es\",\"potentialAction\":[{\"@type\":\"ReadAction\",\"target\":[\"https:\\\/\\\/redamlo.com\\\/index.php\\\/2023\\\/10\\\/06\\\/calica-causa-desastre-ecologico-en-quintana-roo-presidente-pide-congruencia-a-empresa-estadounidense-y-aceptar-compra-de-terreno\\\/\"]}]},{\"@type\":\"ImageObject\",\"inLanguage\":\"es\",\"@id\":\"https:\\\/\\\/redamlo.com\\\/index.php\\\/2023\\\/10\\\/06\\\/calica-causa-desastre-ecologico-en-quintana-roo-presidente-pide-congruencia-a-empresa-estadounidense-y-aceptar-compra-de-terreno\\\/#primaryimage\",\"url\":\"https:\\\/\\\/redamlo.com\\\/wp-content\\\/uploads\\\/2023\\\/10\\\/2023-10-06-Presidente-AMLO-Conferencia-de-prensa-matutina-Quintana-Roo-Foto-05.jpg\",\"contentUrl\":\"https:\\\/\\\/redamlo.com\\\/wp-content\\\/uploads\\\/2023\\\/10\\\/2023-10-06-Presidente-AMLO-Conferencia-de-prensa-matutina-Quintana-Roo-Foto-05.jpg\",\"width\":1500,\"height\":1000},{\"@type\":\"BreadcrumbList\",\"@id\":\"https:\\\/\\\/redamlo.com\\\/index.php\\\/2023\\\/10\\\/06\\\/calica-causa-desastre-ecologico-en-quintana-roo-presidente-pide-congruencia-a-empresa-estadounidense-y-aceptar-compra-de-terreno\\\/#breadcrumb\",\"itemListElement\":[{\"@type\":\"ListItem\",\"position\":1,\"name\":\"Inicio\",\"item\":\"https:\\\/\\\/redamlo.com\\\/\"},{\"@type\":\"ListItem\",\"position\":2,\"name\":\"Calica causa desastre ecol\u00f3gico en Quintana Roo; presidente pide congruencia a empresa estadounidense y aceptar compra de terreno\"}]},{\"@type\":\"WebSite\",\"@id\":\"https:\\\/\\\/redamlo.com\\\/#website\",\"url\":\"https:\\\/\\\/redamlo.com\\\/\",\"name\":\"NOTICIAS DE LA 4T\",\"description\":\"\",\"publisher\":{\"@id\":\"https:\\\/\\\/redamlo.com\\\/#organization\"},\"potentialAction\":[{\"@type\":\"SearchAction\",\"target\":{\"@type\":\"EntryPoint\",\"urlTemplate\":\"https:\\\/\\\/redamlo.com\\\/?s={search_term_string}\"},\"query-input\":{\"@type\":\"PropertyValueSpecification\",\"valueRequired\":true,\"valueName\":\"search_term_string\"}}],\"inLanguage\":\"es\"},{\"@type\":\"Organization\",\"@id\":\"https:\\\/\\\/redamlo.com\\\/#organization\",\"name\":\"NOTICIAS DE LA 4T\",\"url\":\"https:\\\/\\\/redamlo.com\\\/\",\"logo\":{\"@type\":\"ImageObject\",\"inLanguage\":\"es\",\"@id\":\"https:\\\/\\\/redamlo.com\\\/#\\\/schema\\\/logo\\\/image\\\/\",\"url\":\"https:\\\/\\\/redamlo.com\\\/wp-content\\\/uploads\\\/2024\\\/08\\\/cropped-RED-AMLO-logo-50.png\",\"contentUrl\":\"https:\\\/\\\/redamlo.com\\\/wp-content\\\/uploads\\\/2024\\\/08\\\/cropped-RED-AMLO-logo-50.png\",\"width\":256,\"height\":256,\"caption\":\"NOTICIAS DE LA 4T\"},\"image\":{\"@id\":\"https:\\\/\\\/redamlo.com\\\/#\\\/schema\\\/logo\\\/image\\\/\"}},{\"@type\":\"Person\",\"@id\":\"https:\\\/\\\/redamlo.com\\\/#\\\/schema\\\/person\\\/197a0a670d21b1f4f1483ddda1b64613\",\"name\":\"admin\",\"image\":{\"@type\":\"ImageObject\",\"inLanguage\":\"es\",\"@id\":\"https:\\\/\\\/secure.gravatar.com\\\/avatar\\\/293dccd927043f2e641da6685c2f84009782eb9ee0054daceada4e261ded849a?s=96&d=mm&r=g\",\"url\":\"https:\\\/\\\/secure.gravatar.com\\\/avatar\\\/293dccd927043f2e641da6685c2f84009782eb9ee0054daceada4e261ded849a?s=96&d=mm&r=g\",\"contentUrl\":\"https:\\\/\\\/secure.gravatar.com\\\/avatar\\\/293dccd927043f2e641da6685c2f84009782eb9ee0054daceada4e261ded849a?s=96&d=mm&r=g\",\"caption\":\"admin\"},\"sameAs\":[\"https:\\\/\\\/redamlo.com\"],\"url\":\"https:\\\/\\\/redamlo.com\\\/index.php\\\/author\\\/stell\\\/\"}]}<\/script>\n<!-- \/ Yoast SEO plugin. -->","yoast_head_json":{"title":"Calica causa desastre ecol\u00f3gico en Quintana Roo; presidente pide congruencia a empresa estadounidense y aceptar compra de terreno - NOTICIAS DE LA 4T","robots":{"index":"noindex","follow":"follow","max-snippet":"max-snippet:-1","max-image-preview":"max-image-preview:large","max-video-preview":"max-video-preview:-1"},"og_locale":"es_MX","og_type":"article","og_title":"Calica causa desastre ecol\u00f3gico en Quintana Roo; presidente pide congruencia a empresa estadounidense y aceptar compra de terreno - NOTICIAS DE LA 4T","og_description":"El presidente Andr\u00e9s Manuel L\u00f3pez Obrador reiter\u00f3 la propuesta de rescate y compra de 2...","og_url":"https:\/\/redamlo.com\/index.php\/2023\/10\/06\/calica-causa-desastre-ecologico-en-quintana-roo-presidente-pide-congruencia-a-empresa-estadounidense-y-aceptar-compra-de-terreno\/","og_site_name":"NOTICIAS DE LA 4T","article_published_time":"2023-10-06T20:46:42+00:00","og_image":[{"width":1500,"height":1000,"url":"https:\/\/redamlo.com\/wp-content\/uploads\/2023\/10\/2023-10-06-Presidente-AMLO-Conferencia-de-prensa-matutina-Quintana-Roo-Foto-05.jpg","type":"image\/jpeg"}],"author":"admin","twitter_card":"summary_large_image","twitter_misc":{"Escrito por":"admin","Tiempo de lectura":"3 minutos"},"schema":{"@context":"https:\/\/schema.org","@graph":[{"@type":"Article","@id":"https:\/\/redamlo.com\/index.php\/2023\/10\/06\/calica-causa-desastre-ecologico-en-quintana-roo-presidente-pide-congruencia-a-empresa-estadounidense-y-aceptar-compra-de-terreno\/#article","isPartOf":{"@id":"https:\/\/redamlo.com\/index.php\/2023\/10\/06\/calica-causa-desastre-ecologico-en-quintana-roo-presidente-pide-congruencia-a-empresa-estadounidense-y-aceptar-compra-de-terreno\/"},"author":{"name":"admin","@id":"https:\/\/redamlo.com\/#\/schema\/person\/197a0a670d21b1f4f1483ddda1b64613"},"headline":"Calica causa desastre ecol\u00f3gico en Quintana Roo; presidente pide congruencia a empresa estadounidense y aceptar compra de terreno","datePublished":"2023-10-06T20:46:42+00:00","mainEntityOfPage":{"@id":"https:\/\/redamlo.com\/index.php\/2023\/10\/06\/calica-causa-desastre-ecologico-en-quintana-roo-presidente-pide-congruencia-a-empresa-estadounidense-y-aceptar-compra-de-terreno\/"},"wordCount":570,"commentCount":0,"publisher":{"@id":"https:\/\/redamlo.com\/#organization"},"image":{"@id":"https:\/\/redamlo.com\/index.php\/2023\/10\/06\/calica-causa-desastre-ecologico-en-quintana-roo-presidente-pide-congruencia-a-empresa-estadounidense-y-aceptar-compra-de-terreno\/#primaryimage"},"thumbnailUrl":"https:\/\/redamlo.com\/wp-content\/uploads\/2023\/10\/2023-10-06-Presidente-AMLO-Conferencia-de-prensa-matutina-Quintana-Roo-Foto-05.jpg","keywords":["AMLO","Calica","desastre ecologico en riviera maya"],"articleSection":["Presidencia"],"inLanguage":"es","potentialAction":[{"@type":"CommentAction","name":"Comment","target":["https:\/\/redamlo.com\/index.php\/2023\/10\/06\/calica-causa-desastre-ecologico-en-quintana-roo-presidente-pide-congruencia-a-empresa-estadounidense-y-aceptar-compra-de-terreno\/#respond"]}]},{"@type":"WebPage","@id":"https:\/\/redamlo.com\/index.php\/2023\/10\/06\/calica-causa-desastre-ecologico-en-quintana-roo-presidente-pide-congruencia-a-empresa-estadounidense-y-aceptar-compra-de-terreno\/","url":"https:\/\/redamlo.com\/index.php\/2023\/10\/06\/calica-causa-desastre-ecologico-en-quintana-roo-presidente-pide-congruencia-a-empresa-estadounidense-y-aceptar-compra-de-terreno\/","name":"Calica causa desastre ecol\u00f3gico en Quintana Roo; presidente pide congruencia a empresa estadounidense y aceptar compra de terreno - NOTICIAS DE LA 4T","isPartOf":{"@id":"https:\/\/redamlo.com\/#website"},"primaryImageOfPage":{"@id":"https:\/\/redamlo.com\/index.php\/2023\/10\/06\/calica-causa-desastre-ecologico-en-quintana-roo-presidente-pide-congruencia-a-empresa-estadounidense-y-aceptar-compra-de-terreno\/#primaryimage"},"image":{"@id":"https:\/\/redamlo.com\/index.php\/2023\/10\/06\/calica-causa-desastre-ecologico-en-quintana-roo-presidente-pide-congruencia-a-empresa-estadounidense-y-aceptar-compra-de-terreno\/#primaryimage"},"thumbnailUrl":"https:\/\/redamlo.com\/wp-content\/uploads\/2023\/10\/2023-10-06-Presidente-AMLO-Conferencia-de-prensa-matutina-Quintana-Roo-Foto-05.jpg","datePublished":"2023-10-06T20:46:42+00:00","breadcrumb":{"@id":"https:\/\/redamlo.com\/index.php\/2023\/10\/06\/calica-causa-desastre-ecologico-en-quintana-roo-presidente-pide-congruencia-a-empresa-estadounidense-y-aceptar-compra-de-terreno\/#breadcrumb"},"inLanguage":"es","potentialAction":[{"@type":"ReadAction","target":["https:\/\/redamlo.com\/index.php\/2023\/10\/06\/calica-causa-desastre-ecologico-en-quintana-roo-presidente-pide-congruencia-a-empresa-estadounidense-y-aceptar-compra-de-terreno\/"]}]},{"@type":"ImageObject","inLanguage":"es","@id":"https:\/\/redamlo.com\/index.php\/2023\/10\/06\/calica-causa-desastre-ecologico-en-quintana-roo-presidente-pide-congruencia-a-empresa-estadounidense-y-aceptar-compra-de-terreno\/#primaryimage","url":"https:\/\/redamlo.com\/wp-content\/uploads\/2023\/10\/2023-10-06-Presidente-AMLO-Conferencia-de-prensa-matutina-Quintana-Roo-Foto-05.jpg","contentUrl":"https:\/\/redamlo.com\/wp-content\/uploads\/2023\/10\/2023-10-06-Presidente-AMLO-Conferencia-de-prensa-matutina-Quintana-Roo-Foto-05.jpg","width":1500,"height":1000},{"@type":"BreadcrumbList","@id":"https:\/\/redamlo.com\/index.php\/2023\/10\/06\/calica-causa-desastre-ecologico-en-quintana-roo-presidente-pide-congruencia-a-empresa-estadounidense-y-aceptar-compra-de-terreno\/#breadcrumb","itemListElement":[{"@type":"ListItem","position":1,"name":"Inicio","item":"https:\/\/redamlo.com\/"},{"@type":"ListItem","position":2,"name":"Calica causa desastre ecol\u00f3gico en Quintana Roo; presidente pide congruencia a empresa estadounidense y aceptar compra de terreno"}]},{"@type":"WebSite","@id":"https:\/\/redamlo.com\/#website","url":"https:\/\/redamlo.com\/","name":"NOTICIAS DE LA 4T","description":"","publisher":{"@id":"https:\/\/redamlo.com\/#organization"},"potentialAction":[{"@type":"SearchAction","target":{"@type":"EntryPoint","urlTemplate":"https:\/\/redamlo.com\/?s={search_term_string}"},"query-input":{"@type":"PropertyValueSpecification","valueRequired":true,"valueName":"search_term_string"}}],"inLanguage":"es"},{"@type":"Organization","@id":"https:\/\/redamlo.com\/#organization","name":"NOTICIAS DE LA 4T","url":"https:\/\/redamlo.com\/","logo":{"@type":"ImageObject","inLanguage":"es","@id":"https:\/\/redamlo.com\/#\/schema\/logo\/image\/","url":"https:\/\/redamlo.com\/wp-content\/uploads\/2024\/08\/cropped-RED-AMLO-logo-50.png","contentUrl":"https:\/\/redamlo.com\/wp-content\/uploads\/2024\/08\/cropped-RED-AMLO-logo-50.png","width":256,"height":256,"caption":"NOTICIAS DE LA 4T"},"image":{"@id":"https:\/\/redamlo.com\/#\/schema\/logo\/image\/"}},{"@type":"Person","@id":"https:\/\/redamlo.com\/#\/schema\/person\/197a0a670d21b1f4f1483ddda1b64613","name":"admin","image":{"@type":"ImageObject","inLanguage":"es","@id":"https:\/\/secure.gravatar.com\/avatar\/293dccd927043f2e641da6685c2f84009782eb9ee0054daceada4e261ded849a?s=96&d=mm&r=g","url":"https:\/\/secure.gravatar.com\/avatar\/293dccd927043f2e641da6685c2f84009782eb9ee0054daceada4e261ded849a?s=96&d=mm&r=g","contentUrl":"https:\/\/secure.gravatar.com\/avatar\/293dccd927043f2e641da6685c2f84009782eb9ee0054daceada4e261ded849a?s=96&d=mm&r=g","caption":"admin"},"sameAs":["https:\/\/redamlo.com"],"url":"https:\/\/redamlo.com\/index.php\/author\/stell\/"}]}},"_links":{"self":[{"href":"https:\/\/redamlo.com\/index.php\/wp-json\/wp\/v2\/posts\/7070","targetHints":{"allow":["GET"]}}],"collection":[{"href":"https:\/\/redamlo.com\/index.php\/wp-json\/wp\/v2\/posts"}],"about":[{"href":"https:\/\/redamlo.com\/index.php\/wp-json\/wp\/v2\/types\/post"}],"author":[{"embeddable":true,"href":"https:\/\/redamlo.com\/index.php\/wp-json\/wp\/v2\/users\/1"}],"replies":[{"embeddable":true,"href":"https:\/\/redamlo.com\/index.php\/wp-json\/wp\/v2\/comments?post=7070"}],"version-history":[{"count":0,"href":"https:\/\/redamlo.com\/index.php\/wp-json\/wp\/v2\/posts\/7070\/revisions"}],"wp:featuredmedia":[{"embeddable":true,"href":"https:\/\/redamlo.com\/index.php\/wp-json\/wp\/v2\/media\/7071"}],"wp:attachment":[{"href":"https:\/\/redamlo.com\/index.php\/wp-json\/wp\/v2\/media?parent=7070"}],"wp:term":[{"taxonomy":"category","embeddable":true,"href":"https:\/\/redamlo.com\/index.php\/wp-json\/wp\/v2\/categories?post=7070"},{"taxonomy":"post_tag","embeddable":true,"href":"https:\/\/redamlo.com\/index.php\/wp-json\/wp\/v2\/tags?post=7070"}],"curies":[{"name":"wp","href":"https:\/\/api.w.org\/{rel}","templated":true}]}}