{"id":7061,"date":"2023-09-17T20:47:00","date_gmt":"2023-09-18T02:47:00","guid":{"rendered":"https:\/\/redamlo.com\/?p=7061"},"modified":"2023-09-17T20:47:00","modified_gmt":"2023-09-18T02:47:00","slug":"amlo-realiza-primer-recorrido-de-supervision-a-bordo-del-ferrocarril-del-istmo-de-tehuantepec","status":"publish","type":"post","link":"https:\/\/redamlo.com\/index.php\/2023\/09\/17\/amlo-realiza-primer-recorrido-de-supervision-a-bordo-del-ferrocarril-del-istmo-de-tehuantepec\/","title":{"rendered":"AMLO REALIZA PRIMER RECORRIDO DE SUPERVISI\u00d3N A BORDO DEL FERROCARRIL DEL ISTMO DE TEHUANTEPEC"},"content":{"rendered":"<p>El presidente Andr\u00e9s Manuel L\u00f3pez Obrador realiz\u00f3 este domingo el primer recorrido de supervisi\u00f3n a bordo del Ferrocarril del Istmo de Tehuantepec; viaj\u00f3 de Salina Cruz, Oaxaca a Coatzacoalcos, Veracruz.<\/p>\n<p><iframe loading=\"lazy\" title=\"Primer recorrido de supervisi\u00f3n en el Ferrocarril del Istmo de Tehuantepec\" width=\"640\" height=\"360\" src=\"https:\/\/www.youtube.com\/embed\/Hn1xoBfgyVY?feature=oembed\" frameborder=\"0\" allow=\"accelerometer; autoplay; clipboard-write; encrypted-media; gyroscope; picture-in-picture; web-share\" referrerpolicy=\"strict-origin-when-cross-origin\" allowfullscreen><\/iframe><\/p>\n<blockquote><p>\u201cLa gente de los pueblos est\u00e1 euf\u00f3rica. La voz del pueblo, seg\u00fan los laicos, es la voz de la historia y, seg\u00fan los creyentes, es la voz de Dios\u201d, expres\u00f3 en sus redes sociales.<\/p><\/blockquote>\n<p>En la misma publicaci\u00f3n, el mandatario comparti\u00f3 un video en el que se le observa saludando a los pobladores de la regi\u00f3n desde el tren para pasajeros, que no exist\u00eda en la regi\u00f3n desde hace d\u00e9cadas.<\/p>\n<p>Esta obra prioritaria del Gobierno de M\u00e9xico unir\u00e1 el Pac\u00edfico con el Atl\u00e1ntico y potenciar\u00e1 el comercio internacional. En tanto, el Corredor Interoce\u00e1nico del Istmo de Tehuantepec generar\u00e1 empleos en diez parques industriales o polos de desarrollo.<\/p>\n","protected":false},"excerpt":{"rendered":"<p>El presidente Andr\u00e9s Manuel L\u00f3pez Obrador realiz\u00f3 este domingo el primer recorrido de supervisi\u00f3n a&#8230;<\/p>\n","protected":false},"author":1,"featured_media":7062,"comment_status":"open","ping_status":"closed","sticky":false,"template":"","format":"standard","meta":{"footnotes":""},"categories":[27],"tags":[84,2499,2549],"class_list":["post-7061","post","type-post","status-publish","format-standard","has-post-thumbnail","hentry","category-presidencia","tag-amlo","tag-itsmo-de-tehuantepec","tag-recorrido-tren"],"yoast_head":"<!-- This site is optimized with the Yoast SEO plugin v27.5 - https:\/\/yoast.com\/product\/yoast-seo-wordpress\/ -->\n<title>AMLO REALIZA PRIMER RECORRIDO DE SUPERVISI\u00d3N A BORDO DEL FERROCARRIL DEL ISTMO DE TEHUANTEPEC - NOTICIAS DE LA 4T<\/title>\n<meta name=\"robots\" content=\"noindex, follow, max-snippet:-1, max-image-preview:large, max-video-preview:-1\" \/>\n<meta property=\"og:locale\" content=\"es_MX\" \/>\n<meta property=\"og:type\" content=\"article\" \/>\n<meta property=\"og:title\" content=\"AMLO REALIZA PRIMER RECORRIDO DE SUPERVISI\u00d3N A BORDO DEL FERROCARRIL DEL ISTMO DE TEHUANTEPEC - NOTICIAS DE LA 4T\" \/>\n<meta property=\"og:description\" content=\"El presidente Andr\u00e9s Manuel L\u00f3pez Obrador realiz\u00f3 este domingo el primer recorrido de supervisi\u00f3n a...\" \/>\n<meta property=\"og:url\" content=\"https:\/\/redamlo.com\/index.php\/2023\/09\/17\/amlo-realiza-primer-recorrido-de-supervision-a-bordo-del-ferrocarril-del-istmo-de-tehuantepec\/\" \/>\n<meta property=\"og:site_name\" content=\"NOTICIAS DE LA 4T\" \/>\n<meta property=\"article:published_time\" content=\"2023-09-18T02:47:00+00:00\" \/>\n<meta property=\"og:image\" content=\"https:\/\/redamlo.com\/wp-content\/uploads\/2023\/09\/2023-09-17-Presidente-AMLO-Tren-Interoceanico-del-Istmo-de-Tehuantepec-Oaxaca-Foto-13.jpg\" \/>\n\t<meta property=\"og:image:width\" content=\"1502\" \/>\n\t<meta property=\"og:image:height\" content=\"1000\" \/>\n\t<meta property=\"og:image:type\" content=\"image\/jpeg\" \/>\n<meta name=\"author\" content=\"admin\" \/>\n<meta name=\"twitter:card\" content=\"summary_large_image\" \/>\n<meta name=\"twitter:label1\" content=\"Escrito por\" \/>\n\t<meta name=\"twitter:data1\" content=\"admin\" \/>\n\t<meta name=\"twitter:label2\" content=\"Tiempo de lectura\" \/>\n\t<meta name=\"twitter:data2\" content=\"1 minuto\" \/>\n<script type=\"application\/ld+json\" class=\"yoast-schema-graph\">{\"@context\":\"https:\\\/\\\/schema.org\",\"@graph\":[{\"@type\":\"Article\",\"@id\":\"https:\\\/\\\/redamlo.com\\\/index.php\\\/2023\\\/09\\\/17\\\/amlo-realiza-primer-recorrido-de-supervision-a-bordo-del-ferrocarril-del-istmo-de-tehuantepec\\\/#article\",\"isPartOf\":{\"@id\":\"https:\\\/\\\/redamlo.com\\\/index.php\\\/2023\\\/09\\\/17\\\/amlo-realiza-primer-recorrido-de-supervision-a-bordo-del-ferrocarril-del-istmo-de-tehuantepec\\\/\"},\"author\":{\"name\":\"admin\",\"@id\":\"https:\\\/\\\/redamlo.com\\\/#\\\/schema\\\/person\\\/197a0a670d21b1f4f1483ddda1b64613\"},\"headline\":\"AMLO REALIZA PRIMER RECORRIDO DE SUPERVISI\u00d3N A BORDO DEL FERROCARRIL DEL ISTMO DE TEHUANTEPEC\",\"datePublished\":\"2023-09-18T02:47:00+00:00\",\"mainEntityOfPage\":{\"@id\":\"https:\\\/\\\/redamlo.com\\\/index.php\\\/2023\\\/09\\\/17\\\/amlo-realiza-primer-recorrido-de-supervision-a-bordo-del-ferrocarril-del-istmo-de-tehuantepec\\\/\"},\"wordCount\":175,\"commentCount\":0,\"publisher\":{\"@id\":\"https:\\\/\\\/redamlo.com\\\/#organization\"},\"image\":{\"@id\":\"https:\\\/\\\/redamlo.com\\\/index.php\\\/2023\\\/09\\\/17\\\/amlo-realiza-primer-recorrido-de-supervision-a-bordo-del-ferrocarril-del-istmo-de-tehuantepec\\\/#primaryimage\"},\"thumbnailUrl\":\"https:\\\/\\\/redamlo.com\\\/wp-content\\\/uploads\\\/2023\\\/09\\\/2023-09-17-Presidente-AMLO-Tren-Interoceanico-del-Istmo-de-Tehuantepec-Oaxaca-Foto-13.jpg\",\"keywords\":[\"AMLO\",\"Itsmo de tehuantepec\",\"recorrido tren\"],\"articleSection\":[\"Presidencia\"],\"inLanguage\":\"es\",\"potentialAction\":[{\"@type\":\"CommentAction\",\"name\":\"Comment\",\"target\":[\"https:\\\/\\\/redamlo.com\\\/index.php\\\/2023\\\/09\\\/17\\\/amlo-realiza-primer-recorrido-de-supervision-a-bordo-del-ferrocarril-del-istmo-de-tehuantepec\\\/#respond\"]}]},{\"@type\":\"WebPage\",\"@id\":\"https:\\\/\\\/redamlo.com\\\/index.php\\\/2023\\\/09\\\/17\\\/amlo-realiza-primer-recorrido-de-supervision-a-bordo-del-ferrocarril-del-istmo-de-tehuantepec\\\/\",\"url\":\"https:\\\/\\\/redamlo.com\\\/index.php\\\/2023\\\/09\\\/17\\\/amlo-realiza-primer-recorrido-de-supervision-a-bordo-del-ferrocarril-del-istmo-de-tehuantepec\\\/\",\"name\":\"AMLO REALIZA PRIMER RECORRIDO DE SUPERVISI\u00d3N A BORDO DEL FERROCARRIL DEL ISTMO DE TEHUANTEPEC - NOTICIAS DE LA 4T\",\"isPartOf\":{\"@id\":\"https:\\\/\\\/redamlo.com\\\/#website\"},\"primaryImageOfPage\":{\"@id\":\"https:\\\/\\\/redamlo.com\\\/index.php\\\/2023\\\/09\\\/17\\\/amlo-realiza-primer-recorrido-de-supervision-a-bordo-del-ferrocarril-del-istmo-de-tehuantepec\\\/#primaryimage\"},\"image\":{\"@id\":\"https:\\\/\\\/redamlo.com\\\/index.php\\\/2023\\\/09\\\/17\\\/amlo-realiza-primer-recorrido-de-supervision-a-bordo-del-ferrocarril-del-istmo-de-tehuantepec\\\/#primaryimage\"},\"thumbnailUrl\":\"https:\\\/\\\/redamlo.com\\\/wp-content\\\/uploads\\\/2023\\\/09\\\/2023-09-17-Presidente-AMLO-Tren-Interoceanico-del-Istmo-de-Tehuantepec-Oaxaca-Foto-13.jpg\",\"datePublished\":\"2023-09-18T02:47:00+00:00\",\"breadcrumb\":{\"@id\":\"https:\\\/\\\/redamlo.com\\\/index.php\\\/2023\\\/09\\\/17\\\/amlo-realiza-primer-recorrido-de-supervision-a-bordo-del-ferrocarril-del-istmo-de-tehuantepec\\\/#breadcrumb\"},\"inLanguage\":\"es\",\"potentialAction\":[{\"@type\":\"ReadAction\",\"target\":[\"https:\\\/\\\/redamlo.com\\\/index.php\\\/2023\\\/09\\\/17\\\/amlo-realiza-primer-recorrido-de-supervision-a-bordo-del-ferrocarril-del-istmo-de-tehuantepec\\\/\"]}]},{\"@type\":\"ImageObject\",\"inLanguage\":\"es\",\"@id\":\"https:\\\/\\\/redamlo.com\\\/index.php\\\/2023\\\/09\\\/17\\\/amlo-realiza-primer-recorrido-de-supervision-a-bordo-del-ferrocarril-del-istmo-de-tehuantepec\\\/#primaryimage\",\"url\":\"https:\\\/\\\/redamlo.com\\\/wp-content\\\/uploads\\\/2023\\\/09\\\/2023-09-17-Presidente-AMLO-Tren-Interoceanico-del-Istmo-de-Tehuantepec-Oaxaca-Foto-13.jpg\",\"contentUrl\":\"https:\\\/\\\/redamlo.com\\\/wp-content\\\/uploads\\\/2023\\\/09\\\/2023-09-17-Presidente-AMLO-Tren-Interoceanico-del-Istmo-de-Tehuantepec-Oaxaca-Foto-13.jpg\",\"width\":1502,\"height\":1000},{\"@type\":\"BreadcrumbList\",\"@id\":\"https:\\\/\\\/redamlo.com\\\/index.php\\\/2023\\\/09\\\/17\\\/amlo-realiza-primer-recorrido-de-supervision-a-bordo-del-ferrocarril-del-istmo-de-tehuantepec\\\/#breadcrumb\",\"itemListElement\":[{\"@type\":\"ListItem\",\"position\":1,\"name\":\"Inicio\",\"item\":\"https:\\\/\\\/redamlo.com\\\/\"},{\"@type\":\"ListItem\",\"position\":2,\"name\":\"AMLO REALIZA PRIMER RECORRIDO DE SUPERVISI\u00d3N A BORDO DEL FERROCARRIL DEL ISTMO DE TEHUANTEPEC\"}]},{\"@type\":\"WebSite\",\"@id\":\"https:\\\/\\\/redamlo.com\\\/#website\",\"url\":\"https:\\\/\\\/redamlo.com\\\/\",\"name\":\"NOTICIAS DE LA 4T\",\"description\":\"\",\"publisher\":{\"@id\":\"https:\\\/\\\/redamlo.com\\\/#organization\"},\"potentialAction\":[{\"@type\":\"SearchAction\",\"target\":{\"@type\":\"EntryPoint\",\"urlTemplate\":\"https:\\\/\\\/redamlo.com\\\/?s={search_term_string}\"},\"query-input\":{\"@type\":\"PropertyValueSpecification\",\"valueRequired\":true,\"valueName\":\"search_term_string\"}}],\"inLanguage\":\"es\"},{\"@type\":\"Organization\",\"@id\":\"https:\\\/\\\/redamlo.com\\\/#organization\",\"name\":\"NOTICIAS DE LA 4T\",\"url\":\"https:\\\/\\\/redamlo.com\\\/\",\"logo\":{\"@type\":\"ImageObject\",\"inLanguage\":\"es\",\"@id\":\"https:\\\/\\\/redamlo.com\\\/#\\\/schema\\\/logo\\\/image\\\/\",\"url\":\"https:\\\/\\\/redamlo.com\\\/wp-content\\\/uploads\\\/2024\\\/08\\\/cropped-RED-AMLO-logo-50.png\",\"contentUrl\":\"https:\\\/\\\/redamlo.com\\\/wp-content\\\/uploads\\\/2024\\\/08\\\/cropped-RED-AMLO-logo-50.png\",\"width\":256,\"height\":256,\"caption\":\"NOTICIAS DE LA 4T\"},\"image\":{\"@id\":\"https:\\\/\\\/redamlo.com\\\/#\\\/schema\\\/logo\\\/image\\\/\"}},{\"@type\":\"Person\",\"@id\":\"https:\\\/\\\/redamlo.com\\\/#\\\/schema\\\/person\\\/197a0a670d21b1f4f1483ddda1b64613\",\"name\":\"admin\",\"image\":{\"@type\":\"ImageObject\",\"inLanguage\":\"es\",\"@id\":\"https:\\\/\\\/secure.gravatar.com\\\/avatar\\\/293dccd927043f2e641da6685c2f84009782eb9ee0054daceada4e261ded849a?s=96&d=mm&r=g\",\"url\":\"https:\\\/\\\/secure.gravatar.com\\\/avatar\\\/293dccd927043f2e641da6685c2f84009782eb9ee0054daceada4e261ded849a?s=96&d=mm&r=g\",\"contentUrl\":\"https:\\\/\\\/secure.gravatar.com\\\/avatar\\\/293dccd927043f2e641da6685c2f84009782eb9ee0054daceada4e261ded849a?s=96&d=mm&r=g\",\"caption\":\"admin\"},\"sameAs\":[\"https:\\\/\\\/redamlo.com\"],\"url\":\"https:\\\/\\\/redamlo.com\\\/index.php\\\/author\\\/stell\\\/\"}]}<\/script>\n<!-- \/ Yoast SEO plugin. -->","yoast_head_json":{"title":"AMLO REALIZA PRIMER RECORRIDO DE SUPERVISI\u00d3N A BORDO DEL FERROCARRIL DEL ISTMO DE TEHUANTEPEC - NOTICIAS DE LA 4T","robots":{"index":"noindex","follow":"follow","max-snippet":"max-snippet:-1","max-image-preview":"max-image-preview:large","max-video-preview":"max-video-preview:-1"},"og_locale":"es_MX","og_type":"article","og_title":"AMLO REALIZA PRIMER RECORRIDO DE SUPERVISI\u00d3N A BORDO DEL FERROCARRIL DEL ISTMO DE TEHUANTEPEC - NOTICIAS DE LA 4T","og_description":"El presidente Andr\u00e9s Manuel L\u00f3pez Obrador realiz\u00f3 este domingo el primer recorrido de supervisi\u00f3n a...","og_url":"https:\/\/redamlo.com\/index.php\/2023\/09\/17\/amlo-realiza-primer-recorrido-de-supervision-a-bordo-del-ferrocarril-del-istmo-de-tehuantepec\/","og_site_name":"NOTICIAS DE LA 4T","article_published_time":"2023-09-18T02:47:00+00:00","og_image":[{"width":1502,"height":1000,"url":"https:\/\/redamlo.com\/wp-content\/uploads\/2023\/09\/2023-09-17-Presidente-AMLO-Tren-Interoceanico-del-Istmo-de-Tehuantepec-Oaxaca-Foto-13.jpg","type":"image\/jpeg"}],"author":"admin","twitter_card":"summary_large_image","twitter_misc":{"Escrito por":"admin","Tiempo de lectura":"1 minuto"},"schema":{"@context":"https:\/\/schema.org","@graph":[{"@type":"Article","@id":"https:\/\/redamlo.com\/index.php\/2023\/09\/17\/amlo-realiza-primer-recorrido-de-supervision-a-bordo-del-ferrocarril-del-istmo-de-tehuantepec\/#article","isPartOf":{"@id":"https:\/\/redamlo.com\/index.php\/2023\/09\/17\/amlo-realiza-primer-recorrido-de-supervision-a-bordo-del-ferrocarril-del-istmo-de-tehuantepec\/"},"author":{"name":"admin","@id":"https:\/\/redamlo.com\/#\/schema\/person\/197a0a670d21b1f4f1483ddda1b64613"},"headline":"AMLO REALIZA PRIMER RECORRIDO DE SUPERVISI\u00d3N A BORDO DEL FERROCARRIL DEL ISTMO DE TEHUANTEPEC","datePublished":"2023-09-18T02:47:00+00:00","mainEntityOfPage":{"@id":"https:\/\/redamlo.com\/index.php\/2023\/09\/17\/amlo-realiza-primer-recorrido-de-supervision-a-bordo-del-ferrocarril-del-istmo-de-tehuantepec\/"},"wordCount":175,"commentCount":0,"publisher":{"@id":"https:\/\/redamlo.com\/#organization"},"image":{"@id":"https:\/\/redamlo.com\/index.php\/2023\/09\/17\/amlo-realiza-primer-recorrido-de-supervision-a-bordo-del-ferrocarril-del-istmo-de-tehuantepec\/#primaryimage"},"thumbnailUrl":"https:\/\/redamlo.com\/wp-content\/uploads\/2023\/09\/2023-09-17-Presidente-AMLO-Tren-Interoceanico-del-Istmo-de-Tehuantepec-Oaxaca-Foto-13.jpg","keywords":["AMLO","Itsmo de tehuantepec","recorrido tren"],"articleSection":["Presidencia"],"inLanguage":"es","potentialAction":[{"@type":"CommentAction","name":"Comment","target":["https:\/\/redamlo.com\/index.php\/2023\/09\/17\/amlo-realiza-primer-recorrido-de-supervision-a-bordo-del-ferrocarril-del-istmo-de-tehuantepec\/#respond"]}]},{"@type":"WebPage","@id":"https:\/\/redamlo.com\/index.php\/2023\/09\/17\/amlo-realiza-primer-recorrido-de-supervision-a-bordo-del-ferrocarril-del-istmo-de-tehuantepec\/","url":"https:\/\/redamlo.com\/index.php\/2023\/09\/17\/amlo-realiza-primer-recorrido-de-supervision-a-bordo-del-ferrocarril-del-istmo-de-tehuantepec\/","name":"AMLO REALIZA PRIMER RECORRIDO DE SUPERVISI\u00d3N A BORDO DEL FERROCARRIL DEL ISTMO DE TEHUANTEPEC - NOTICIAS DE LA 4T","isPartOf":{"@id":"https:\/\/redamlo.com\/#website"},"primaryImageOfPage":{"@id":"https:\/\/redamlo.com\/index.php\/2023\/09\/17\/amlo-realiza-primer-recorrido-de-supervision-a-bordo-del-ferrocarril-del-istmo-de-tehuantepec\/#primaryimage"},"image":{"@id":"https:\/\/redamlo.com\/index.php\/2023\/09\/17\/amlo-realiza-primer-recorrido-de-supervision-a-bordo-del-ferrocarril-del-istmo-de-tehuantepec\/#primaryimage"},"thumbnailUrl":"https:\/\/redamlo.com\/wp-content\/uploads\/2023\/09\/2023-09-17-Presidente-AMLO-Tren-Interoceanico-del-Istmo-de-Tehuantepec-Oaxaca-Foto-13.jpg","datePublished":"2023-09-18T02:47:00+00:00","breadcrumb":{"@id":"https:\/\/redamlo.com\/index.php\/2023\/09\/17\/amlo-realiza-primer-recorrido-de-supervision-a-bordo-del-ferrocarril-del-istmo-de-tehuantepec\/#breadcrumb"},"inLanguage":"es","potentialAction":[{"@type":"ReadAction","target":["https:\/\/redamlo.com\/index.php\/2023\/09\/17\/amlo-realiza-primer-recorrido-de-supervision-a-bordo-del-ferrocarril-del-istmo-de-tehuantepec\/"]}]},{"@type":"ImageObject","inLanguage":"es","@id":"https:\/\/redamlo.com\/index.php\/2023\/09\/17\/amlo-realiza-primer-recorrido-de-supervision-a-bordo-del-ferrocarril-del-istmo-de-tehuantepec\/#primaryimage","url":"https:\/\/redamlo.com\/wp-content\/uploads\/2023\/09\/2023-09-17-Presidente-AMLO-Tren-Interoceanico-del-Istmo-de-Tehuantepec-Oaxaca-Foto-13.jpg","contentUrl":"https:\/\/redamlo.com\/wp-content\/uploads\/2023\/09\/2023-09-17-Presidente-AMLO-Tren-Interoceanico-del-Istmo-de-Tehuantepec-Oaxaca-Foto-13.jpg","width":1502,"height":1000},{"@type":"BreadcrumbList","@id":"https:\/\/redamlo.com\/index.php\/2023\/09\/17\/amlo-realiza-primer-recorrido-de-supervision-a-bordo-del-ferrocarril-del-istmo-de-tehuantepec\/#breadcrumb","itemListElement":[{"@type":"ListItem","position":1,"name":"Inicio","item":"https:\/\/redamlo.com\/"},{"@type":"ListItem","position":2,"name":"AMLO REALIZA PRIMER RECORRIDO DE SUPERVISI\u00d3N A BORDO DEL FERROCARRIL DEL ISTMO DE TEHUANTEPEC"}]},{"@type":"WebSite","@id":"https:\/\/redamlo.com\/#website","url":"https:\/\/redamlo.com\/","name":"NOTICIAS DE LA 4T","description":"","publisher":{"@id":"https:\/\/redamlo.com\/#organization"},"potentialAction":[{"@type":"SearchAction","target":{"@type":"EntryPoint","urlTemplate":"https:\/\/redamlo.com\/?s={search_term_string}"},"query-input":{"@type":"PropertyValueSpecification","valueRequired":true,"valueName":"search_term_string"}}],"inLanguage":"es"},{"@type":"Organization","@id":"https:\/\/redamlo.com\/#organization","name":"NOTICIAS DE LA 4T","url":"https:\/\/redamlo.com\/","logo":{"@type":"ImageObject","inLanguage":"es","@id":"https:\/\/redamlo.com\/#\/schema\/logo\/image\/","url":"https:\/\/redamlo.com\/wp-content\/uploads\/2024\/08\/cropped-RED-AMLO-logo-50.png","contentUrl":"https:\/\/redamlo.com\/wp-content\/uploads\/2024\/08\/cropped-RED-AMLO-logo-50.png","width":256,"height":256,"caption":"NOTICIAS DE LA 4T"},"image":{"@id":"https:\/\/redamlo.com\/#\/schema\/logo\/image\/"}},{"@type":"Person","@id":"https:\/\/redamlo.com\/#\/schema\/person\/197a0a670d21b1f4f1483ddda1b64613","name":"admin","image":{"@type":"ImageObject","inLanguage":"es","@id":"https:\/\/secure.gravatar.com\/avatar\/293dccd927043f2e641da6685c2f84009782eb9ee0054daceada4e261ded849a?s=96&d=mm&r=g","url":"https:\/\/secure.gravatar.com\/avatar\/293dccd927043f2e641da6685c2f84009782eb9ee0054daceada4e261ded849a?s=96&d=mm&r=g","contentUrl":"https:\/\/secure.gravatar.com\/avatar\/293dccd927043f2e641da6685c2f84009782eb9ee0054daceada4e261ded849a?s=96&d=mm&r=g","caption":"admin"},"sameAs":["https:\/\/redamlo.com"],"url":"https:\/\/redamlo.com\/index.php\/author\/stell\/"}]}},"_links":{"self":[{"href":"https:\/\/redamlo.com\/index.php\/wp-json\/wp\/v2\/posts\/7061","targetHints":{"allow":["GET"]}}],"collection":[{"href":"https:\/\/redamlo.com\/index.php\/wp-json\/wp\/v2\/posts"}],"about":[{"href":"https:\/\/redamlo.com\/index.php\/wp-json\/wp\/v2\/types\/post"}],"author":[{"embeddable":true,"href":"https:\/\/redamlo.com\/index.php\/wp-json\/wp\/v2\/users\/1"}],"replies":[{"embeddable":true,"href":"https:\/\/redamlo.com\/index.php\/wp-json\/wp\/v2\/comments?post=7061"}],"version-history":[{"count":0,"href":"https:\/\/redamlo.com\/index.php\/wp-json\/wp\/v2\/posts\/7061\/revisions"}],"wp:featuredmedia":[{"embeddable":true,"href":"https:\/\/redamlo.com\/index.php\/wp-json\/wp\/v2\/media\/7062"}],"wp:attachment":[{"href":"https:\/\/redamlo.com\/index.php\/wp-json\/wp\/v2\/media?parent=7061"}],"wp:term":[{"taxonomy":"category","embeddable":true,"href":"https:\/\/redamlo.com\/index.php\/wp-json\/wp\/v2\/categories?post=7061"},{"taxonomy":"post_tag","embeddable":true,"href":"https:\/\/redamlo.com\/index.php\/wp-json\/wp\/v2\/tags?post=7061"}],"curies":[{"name":"wp","href":"https:\/\/api.w.org\/{rel}","templated":true}]}}