{"id":7058,"date":"2023-09-16T12:38:53","date_gmt":"2023-09-16T18:38:53","guid":{"rendered":"https:\/\/redamlo.com\/?p=7058"},"modified":"2023-09-16T12:38:53","modified_gmt":"2023-09-16T18:38:53","slug":"desfile-civico-militar-conmemora-bicentenario-del-heroico-colegio-militar-y-213-aniversario-del-grito-de-independencia-de-mexico","status":"publish","type":"post","link":"https:\/\/redamlo.com\/index.php\/2023\/09\/16\/desfile-civico-militar-conmemora-bicentenario-del-heroico-colegio-militar-y-213-aniversario-del-grito-de-independencia-de-mexico\/","title":{"rendered":"DESFILE C\u00cdVICO MILITAR CONMEMORA BICENTENARIO DEL HEROICO COLEGIO MILITAR Y 213 ANIVERSARIO DEL GRITO DE INDEPENDENCIA DE M\u00c9XICO"},"content":{"rendered":"<p>El presidente Andr\u00e9s Manuel L\u00f3pez Obrador encabez\u00f3 el Desfile C\u00edvico Militar en conmemoraci\u00f3n del 213 Aniversario del Grito de la Independencia de M\u00e9xico y del bicentenario del Heroico Colegio Militar.<\/p>\n<p>En un mensaje en sus redes sociales, el mandatario afirm\u00f3 que en esa instituci\u00f3n \u201cse forman mujeres y hombres para servir con lealtad al pueblo y a la patria\u201d.<\/p>\n<blockquote><p>\u201cEs permanente nuestro reconocimiento a las secretar\u00edas de la Defensa y Marina. Su contribuci\u00f3n ha sido fundamental para la seguridad p\u00fablica, el auxilio a la poblaci\u00f3n en casos de desastre y su participaci\u00f3n en programas y obras para el desarrollo de M\u00e9xico\u201d, destac\u00f3 en la publicaci\u00f3n.<\/p><\/blockquote>\n<p>El Desfile C\u00edvico Militar comenz\u00f3 a las 10:00 horas con el traslado del primer mandatario, en su car\u00e1cter de comandante supremo de las Fuerzas Armadas, hacia el asta bandera del Z\u00f3calo de la Ciudad de M\u00e9xico, acompa\u00f1ado por los secretarios de la Defensa Nacional, Luis Cresencio Sandoval Gonz\u00e1lez, y de Marina, Jos\u00e9 Rafael Ojeda Dur\u00e1n. Tras el izamiento del l\u00e1baro patrio, pas\u00f3 revista a las tropas a bordo del veh\u00edculo presidencial estilo Humvee.<\/p>\n<p><iframe loading=\"lazy\" title=\"Desfile c\u00edvico militar: 213 a\u00f1os del Grito de Independencia\" width=\"640\" height=\"360\" src=\"https:\/\/www.youtube.com\/embed\/B3VgTdOmxIc?feature=oembed\" frameborder=\"0\" allow=\"accelerometer; autoplay; clipboard-write; encrypted-media; gyroscope; picture-in-picture; web-share\" referrerpolicy=\"strict-origin-when-cross-origin\" allowfullscreen><\/iframe><\/p>\n<p>En pres\u00eddium, junto a la doctora Beatriz Guti\u00e9rrez M\u00fcller e integrantes del Gabinete Legal y Ampliado, presenci\u00f3 una rese\u00f1a hist\u00f3rica del Heroico Colegio Militar a 200 a\u00f1os de su fundaci\u00f3n y la salva de fusiler\u00eda m\u00e1s grande ejecutada por mil 548 cadetes y 18 compa\u00f1\u00edas de la instituci\u00f3n, quienes exclamaron el exhorto del Heroico Colegio Militar en medio de una salva color carmes\u00ed.<\/p>\n<p>Durante el desfile, el contingente del Heroico Colegio Militar relat\u00f3 a trav\u00e9s de sus carros aleg\u00f3ricos los procesos hist\u00f3ricos por los que transit\u00f3 la instituci\u00f3n hasta consolidarse en lo que hoy representa para el pueblo de M\u00e9xico.<\/p>\n<p>Su origen tuvo lugar en la Fortaleza de San Carlos en Perote, Veracruz, en 1823; posteriormente, en el Castillo de Chapultepec en 1847, en las instalaciones de Popotla en 1920 y, finalmente, en la remodelada y actual sede en Tlalpan, que ocupa desde 1976.<\/p>\n<p>Como muestra de reconocimiento y en honor a los 200 a\u00f1os de la creaci\u00f3n del Heroico Colegio Militar, nueve aviones de la Fuerza A\u00e9rea pintaron el cielo del Z\u00f3calo capitalino con humo blanco.<\/p>\n<p>El general de divisi\u00f3n diplomado de Estado Mayor, Ricardo Trevilla Trejo, jefe del Estado Mayor Conjunto de la Defensa Nacional y comandante de la columna del desfile c\u00edvico militar, rindi\u00f3 al presidente L\u00f3pez Obrador el parte de novedades.<\/p>\n<p>Participaron ante el pueblo de M\u00e9xico:<\/p>\n<ul>\n<li>33 banderas de guerra.<\/li>\n<li>13 mil 805 integrantes del Ej\u00e9rcito, Fuerza A\u00e9rea, Armada y Guardia Nacional.<\/li>\n<li>19 delegaciones extranjeras.<\/li>\n<li>94 charros y civiles.<\/li>\n<li>455 veh\u00edculos terrestres.<\/li>\n<li>85 aeronaves.<\/li>\n<li>10 embarcaciones.<\/li>\n<li>434 caballos.<\/li>\n<li>157 canes.<\/li>\n<li>36 \u00e1guilas y halcones.<\/li>\n<\/ul>\n<p>Como parte de la estrecha cooperaci\u00f3n y las buenas relaciones internacionales de M\u00e9xico, se sumaron delegaciones militares de pa\u00edses aliados como El Salvador, Ecuador, Cuba, Colombia, Chile, Panam\u00e1, Nicaragua, Nepal, Guatemala, Honduras, Rusia, Rep\u00fablica Dominicana, Corea del Sur, Brasil, Belice, Uruguay, Venezuela, Sri Lanka y China.<\/p>\n","protected":false},"excerpt":{"rendered":"<p>El presidente Andr\u00e9s Manuel L\u00f3pez Obrador encabez\u00f3 el Desfile C\u00edvico Militar en conmemoraci\u00f3n del 213&#8230;<\/p>\n","protected":false},"author":1,"featured_media":7059,"comment_status":"open","ping_status":"closed","sticky":false,"template":"","format":"standard","meta":{"footnotes":""},"categories":[20,27],"tags":[84,2548],"class_list":["post-7058","post","type-post","status-publish","format-standard","has-post-thumbnail","hentry","category-nacionales","category-presidencia","tag-amlo","tag-desfile-civico-militar-2023"],"yoast_head":"<!-- This site is optimized with the Yoast SEO plugin v27.5 - https:\/\/yoast.com\/product\/yoast-seo-wordpress\/ -->\n<title>DESFILE C\u00cdVICO MILITAR CONMEMORA BICENTENARIO DEL HEROICO COLEGIO MILITAR Y 213 ANIVERSARIO DEL GRITO DE INDEPENDENCIA DE M\u00c9XICO - NOTICIAS DE LA 4T<\/title>\n<meta name=\"robots\" content=\"noindex, follow, max-snippet:-1, max-image-preview:large, max-video-preview:-1\" \/>\n<meta property=\"og:locale\" content=\"es_MX\" \/>\n<meta property=\"og:type\" content=\"article\" \/>\n<meta property=\"og:title\" content=\"DESFILE C\u00cdVICO MILITAR CONMEMORA BICENTENARIO DEL HEROICO COLEGIO MILITAR Y 213 ANIVERSARIO DEL GRITO DE INDEPENDENCIA DE M\u00c9XICO - NOTICIAS DE LA 4T\" \/>\n<meta property=\"og:description\" content=\"El presidente Andr\u00e9s Manuel L\u00f3pez Obrador encabez\u00f3 el Desfile C\u00edvico Militar en conmemoraci\u00f3n del 213...\" \/>\n<meta property=\"og:url\" content=\"https:\/\/redamlo.com\/index.php\/2023\/09\/16\/desfile-civico-militar-conmemora-bicentenario-del-heroico-colegio-militar-y-213-aniversario-del-grito-de-independencia-de-mexico\/\" \/>\n<meta property=\"og:site_name\" content=\"NOTICIAS DE LA 4T\" \/>\n<meta property=\"article:published_time\" content=\"2023-09-16T18:38:53+00:00\" \/>\n<meta property=\"og:image\" content=\"https:\/\/redamlo.com\/wp-content\/uploads\/2023\/09\/2023-09-16-DESFILE-CIVICO-MILITAR-213-ANIVERSARIO-DEL-GRITO-DE-INDEPENDENCIA-FOTO-9.jpg\" \/>\n\t<meta property=\"og:image:width\" content=\"1500\" \/>\n\t<meta property=\"og:image:height\" content=\"1000\" \/>\n\t<meta property=\"og:image:type\" content=\"image\/jpeg\" \/>\n<meta name=\"author\" content=\"admin\" \/>\n<meta name=\"twitter:card\" content=\"summary_large_image\" \/>\n<meta name=\"twitter:label1\" content=\"Escrito por\" \/>\n\t<meta name=\"twitter:data1\" content=\"admin\" \/>\n\t<meta name=\"twitter:label2\" content=\"Tiempo de lectura\" \/>\n\t<meta name=\"twitter:data2\" content=\"3 minutos\" \/>\n<script type=\"application\/ld+json\" class=\"yoast-schema-graph\">{\"@context\":\"https:\\\/\\\/schema.org\",\"@graph\":[{\"@type\":\"Article\",\"@id\":\"https:\\\/\\\/redamlo.com\\\/index.php\\\/2023\\\/09\\\/16\\\/desfile-civico-militar-conmemora-bicentenario-del-heroico-colegio-militar-y-213-aniversario-del-grito-de-independencia-de-mexico\\\/#article\",\"isPartOf\":{\"@id\":\"https:\\\/\\\/redamlo.com\\\/index.php\\\/2023\\\/09\\\/16\\\/desfile-civico-militar-conmemora-bicentenario-del-heroico-colegio-militar-y-213-aniversario-del-grito-de-independencia-de-mexico\\\/\"},\"author\":{\"name\":\"admin\",\"@id\":\"https:\\\/\\\/redamlo.com\\\/#\\\/schema\\\/person\\\/197a0a670d21b1f4f1483ddda1b64613\"},\"headline\":\"DESFILE C\u00cdVICO MILITAR CONMEMORA BICENTENARIO DEL HEROICO COLEGIO MILITAR Y 213 ANIVERSARIO DEL GRITO DE INDEPENDENCIA DE M\u00c9XICO\",\"datePublished\":\"2023-09-16T18:38:53+00:00\",\"mainEntityOfPage\":{\"@id\":\"https:\\\/\\\/redamlo.com\\\/index.php\\\/2023\\\/09\\\/16\\\/desfile-civico-militar-conmemora-bicentenario-del-heroico-colegio-militar-y-213-aniversario-del-grito-de-independencia-de-mexico\\\/\"},\"wordCount\":542,\"commentCount\":0,\"publisher\":{\"@id\":\"https:\\\/\\\/redamlo.com\\\/#organization\"},\"image\":{\"@id\":\"https:\\\/\\\/redamlo.com\\\/index.php\\\/2023\\\/09\\\/16\\\/desfile-civico-militar-conmemora-bicentenario-del-heroico-colegio-militar-y-213-aniversario-del-grito-de-independencia-de-mexico\\\/#primaryimage\"},\"thumbnailUrl\":\"https:\\\/\\\/redamlo.com\\\/wp-content\\\/uploads\\\/2023\\\/09\\\/2023-09-16-DESFILE-CIVICO-MILITAR-213-ANIVERSARIO-DEL-GRITO-DE-INDEPENDENCIA-FOTO-9.jpg\",\"keywords\":[\"AMLO\",\"desfile civico militar 2023\"],\"articleSection\":[\"Nacionales\",\"Presidencia\"],\"inLanguage\":\"es\",\"potentialAction\":[{\"@type\":\"CommentAction\",\"name\":\"Comment\",\"target\":[\"https:\\\/\\\/redamlo.com\\\/index.php\\\/2023\\\/09\\\/16\\\/desfile-civico-militar-conmemora-bicentenario-del-heroico-colegio-militar-y-213-aniversario-del-grito-de-independencia-de-mexico\\\/#respond\"]}]},{\"@type\":\"WebPage\",\"@id\":\"https:\\\/\\\/redamlo.com\\\/index.php\\\/2023\\\/09\\\/16\\\/desfile-civico-militar-conmemora-bicentenario-del-heroico-colegio-militar-y-213-aniversario-del-grito-de-independencia-de-mexico\\\/\",\"url\":\"https:\\\/\\\/redamlo.com\\\/index.php\\\/2023\\\/09\\\/16\\\/desfile-civico-militar-conmemora-bicentenario-del-heroico-colegio-militar-y-213-aniversario-del-grito-de-independencia-de-mexico\\\/\",\"name\":\"DESFILE C\u00cdVICO MILITAR CONMEMORA BICENTENARIO DEL HEROICO COLEGIO MILITAR Y 213 ANIVERSARIO DEL GRITO DE INDEPENDENCIA DE M\u00c9XICO - NOTICIAS DE LA 4T\",\"isPartOf\":{\"@id\":\"https:\\\/\\\/redamlo.com\\\/#website\"},\"primaryImageOfPage\":{\"@id\":\"https:\\\/\\\/redamlo.com\\\/index.php\\\/2023\\\/09\\\/16\\\/desfile-civico-militar-conmemora-bicentenario-del-heroico-colegio-militar-y-213-aniversario-del-grito-de-independencia-de-mexico\\\/#primaryimage\"},\"image\":{\"@id\":\"https:\\\/\\\/redamlo.com\\\/index.php\\\/2023\\\/09\\\/16\\\/desfile-civico-militar-conmemora-bicentenario-del-heroico-colegio-militar-y-213-aniversario-del-grito-de-independencia-de-mexico\\\/#primaryimage\"},\"thumbnailUrl\":\"https:\\\/\\\/redamlo.com\\\/wp-content\\\/uploads\\\/2023\\\/09\\\/2023-09-16-DESFILE-CIVICO-MILITAR-213-ANIVERSARIO-DEL-GRITO-DE-INDEPENDENCIA-FOTO-9.jpg\",\"datePublished\":\"2023-09-16T18:38:53+00:00\",\"breadcrumb\":{\"@id\":\"https:\\\/\\\/redamlo.com\\\/index.php\\\/2023\\\/09\\\/16\\\/desfile-civico-militar-conmemora-bicentenario-del-heroico-colegio-militar-y-213-aniversario-del-grito-de-independencia-de-mexico\\\/#breadcrumb\"},\"inLanguage\":\"es\",\"potentialAction\":[{\"@type\":\"ReadAction\",\"target\":[\"https:\\\/\\\/redamlo.com\\\/index.php\\\/2023\\\/09\\\/16\\\/desfile-civico-militar-conmemora-bicentenario-del-heroico-colegio-militar-y-213-aniversario-del-grito-de-independencia-de-mexico\\\/\"]}]},{\"@type\":\"ImageObject\",\"inLanguage\":\"es\",\"@id\":\"https:\\\/\\\/redamlo.com\\\/index.php\\\/2023\\\/09\\\/16\\\/desfile-civico-militar-conmemora-bicentenario-del-heroico-colegio-militar-y-213-aniversario-del-grito-de-independencia-de-mexico\\\/#primaryimage\",\"url\":\"https:\\\/\\\/redamlo.com\\\/wp-content\\\/uploads\\\/2023\\\/09\\\/2023-09-16-DESFILE-CIVICO-MILITAR-213-ANIVERSARIO-DEL-GRITO-DE-INDEPENDENCIA-FOTO-9.jpg\",\"contentUrl\":\"https:\\\/\\\/redamlo.com\\\/wp-content\\\/uploads\\\/2023\\\/09\\\/2023-09-16-DESFILE-CIVICO-MILITAR-213-ANIVERSARIO-DEL-GRITO-DE-INDEPENDENCIA-FOTO-9.jpg\",\"width\":1500,\"height\":1000},{\"@type\":\"BreadcrumbList\",\"@id\":\"https:\\\/\\\/redamlo.com\\\/index.php\\\/2023\\\/09\\\/16\\\/desfile-civico-militar-conmemora-bicentenario-del-heroico-colegio-militar-y-213-aniversario-del-grito-de-independencia-de-mexico\\\/#breadcrumb\",\"itemListElement\":[{\"@type\":\"ListItem\",\"position\":1,\"name\":\"Inicio\",\"item\":\"https:\\\/\\\/redamlo.com\\\/\"},{\"@type\":\"ListItem\",\"position\":2,\"name\":\"DESFILE C\u00cdVICO MILITAR CONMEMORA BICENTENARIO DEL HEROICO COLEGIO MILITAR Y 213 ANIVERSARIO DEL GRITO DE INDEPENDENCIA DE M\u00c9XICO\"}]},{\"@type\":\"WebSite\",\"@id\":\"https:\\\/\\\/redamlo.com\\\/#website\",\"url\":\"https:\\\/\\\/redamlo.com\\\/\",\"name\":\"NOTICIAS DE LA 4T\",\"description\":\"\",\"publisher\":{\"@id\":\"https:\\\/\\\/redamlo.com\\\/#organization\"},\"potentialAction\":[{\"@type\":\"SearchAction\",\"target\":{\"@type\":\"EntryPoint\",\"urlTemplate\":\"https:\\\/\\\/redamlo.com\\\/?s={search_term_string}\"},\"query-input\":{\"@type\":\"PropertyValueSpecification\",\"valueRequired\":true,\"valueName\":\"search_term_string\"}}],\"inLanguage\":\"es\"},{\"@type\":\"Organization\",\"@id\":\"https:\\\/\\\/redamlo.com\\\/#organization\",\"name\":\"NOTICIAS DE LA 4T\",\"url\":\"https:\\\/\\\/redamlo.com\\\/\",\"logo\":{\"@type\":\"ImageObject\",\"inLanguage\":\"es\",\"@id\":\"https:\\\/\\\/redamlo.com\\\/#\\\/schema\\\/logo\\\/image\\\/\",\"url\":\"https:\\\/\\\/redamlo.com\\\/wp-content\\\/uploads\\\/2024\\\/08\\\/cropped-RED-AMLO-logo-50.png\",\"contentUrl\":\"https:\\\/\\\/redamlo.com\\\/wp-content\\\/uploads\\\/2024\\\/08\\\/cropped-RED-AMLO-logo-50.png\",\"width\":256,\"height\":256,\"caption\":\"NOTICIAS DE LA 4T\"},\"image\":{\"@id\":\"https:\\\/\\\/redamlo.com\\\/#\\\/schema\\\/logo\\\/image\\\/\"}},{\"@type\":\"Person\",\"@id\":\"https:\\\/\\\/redamlo.com\\\/#\\\/schema\\\/person\\\/197a0a670d21b1f4f1483ddda1b64613\",\"name\":\"admin\",\"image\":{\"@type\":\"ImageObject\",\"inLanguage\":\"es\",\"@id\":\"https:\\\/\\\/secure.gravatar.com\\\/avatar\\\/293dccd927043f2e641da6685c2f84009782eb9ee0054daceada4e261ded849a?s=96&d=mm&r=g\",\"url\":\"https:\\\/\\\/secure.gravatar.com\\\/avatar\\\/293dccd927043f2e641da6685c2f84009782eb9ee0054daceada4e261ded849a?s=96&d=mm&r=g\",\"contentUrl\":\"https:\\\/\\\/secure.gravatar.com\\\/avatar\\\/293dccd927043f2e641da6685c2f84009782eb9ee0054daceada4e261ded849a?s=96&d=mm&r=g\",\"caption\":\"admin\"},\"sameAs\":[\"https:\\\/\\\/redamlo.com\"],\"url\":\"https:\\\/\\\/redamlo.com\\\/index.php\\\/author\\\/stell\\\/\"}]}<\/script>\n<!-- \/ Yoast SEO plugin. -->","yoast_head_json":{"title":"DESFILE C\u00cdVICO MILITAR CONMEMORA BICENTENARIO DEL HEROICO COLEGIO MILITAR Y 213 ANIVERSARIO DEL GRITO DE INDEPENDENCIA DE M\u00c9XICO - NOTICIAS DE LA 4T","robots":{"index":"noindex","follow":"follow","max-snippet":"max-snippet:-1","max-image-preview":"max-image-preview:large","max-video-preview":"max-video-preview:-1"},"og_locale":"es_MX","og_type":"article","og_title":"DESFILE C\u00cdVICO MILITAR CONMEMORA BICENTENARIO DEL HEROICO COLEGIO MILITAR Y 213 ANIVERSARIO DEL GRITO DE INDEPENDENCIA DE M\u00c9XICO - NOTICIAS DE LA 4T","og_description":"El presidente Andr\u00e9s Manuel L\u00f3pez Obrador encabez\u00f3 el Desfile C\u00edvico Militar en conmemoraci\u00f3n del 213...","og_url":"https:\/\/redamlo.com\/index.php\/2023\/09\/16\/desfile-civico-militar-conmemora-bicentenario-del-heroico-colegio-militar-y-213-aniversario-del-grito-de-independencia-de-mexico\/","og_site_name":"NOTICIAS DE LA 4T","article_published_time":"2023-09-16T18:38:53+00:00","og_image":[{"width":1500,"height":1000,"url":"https:\/\/redamlo.com\/wp-content\/uploads\/2023\/09\/2023-09-16-DESFILE-CIVICO-MILITAR-213-ANIVERSARIO-DEL-GRITO-DE-INDEPENDENCIA-FOTO-9.jpg","type":"image\/jpeg"}],"author":"admin","twitter_card":"summary_large_image","twitter_misc":{"Escrito por":"admin","Tiempo de lectura":"3 minutos"},"schema":{"@context":"https:\/\/schema.org","@graph":[{"@type":"Article","@id":"https:\/\/redamlo.com\/index.php\/2023\/09\/16\/desfile-civico-militar-conmemora-bicentenario-del-heroico-colegio-militar-y-213-aniversario-del-grito-de-independencia-de-mexico\/#article","isPartOf":{"@id":"https:\/\/redamlo.com\/index.php\/2023\/09\/16\/desfile-civico-militar-conmemora-bicentenario-del-heroico-colegio-militar-y-213-aniversario-del-grito-de-independencia-de-mexico\/"},"author":{"name":"admin","@id":"https:\/\/redamlo.com\/#\/schema\/person\/197a0a670d21b1f4f1483ddda1b64613"},"headline":"DESFILE C\u00cdVICO MILITAR CONMEMORA BICENTENARIO DEL HEROICO COLEGIO MILITAR Y 213 ANIVERSARIO DEL GRITO DE INDEPENDENCIA DE M\u00c9XICO","datePublished":"2023-09-16T18:38:53+00:00","mainEntityOfPage":{"@id":"https:\/\/redamlo.com\/index.php\/2023\/09\/16\/desfile-civico-militar-conmemora-bicentenario-del-heroico-colegio-militar-y-213-aniversario-del-grito-de-independencia-de-mexico\/"},"wordCount":542,"commentCount":0,"publisher":{"@id":"https:\/\/redamlo.com\/#organization"},"image":{"@id":"https:\/\/redamlo.com\/index.php\/2023\/09\/16\/desfile-civico-militar-conmemora-bicentenario-del-heroico-colegio-militar-y-213-aniversario-del-grito-de-independencia-de-mexico\/#primaryimage"},"thumbnailUrl":"https:\/\/redamlo.com\/wp-content\/uploads\/2023\/09\/2023-09-16-DESFILE-CIVICO-MILITAR-213-ANIVERSARIO-DEL-GRITO-DE-INDEPENDENCIA-FOTO-9.jpg","keywords":["AMLO","desfile civico militar 2023"],"articleSection":["Nacionales","Presidencia"],"inLanguage":"es","potentialAction":[{"@type":"CommentAction","name":"Comment","target":["https:\/\/redamlo.com\/index.php\/2023\/09\/16\/desfile-civico-militar-conmemora-bicentenario-del-heroico-colegio-militar-y-213-aniversario-del-grito-de-independencia-de-mexico\/#respond"]}]},{"@type":"WebPage","@id":"https:\/\/redamlo.com\/index.php\/2023\/09\/16\/desfile-civico-militar-conmemora-bicentenario-del-heroico-colegio-militar-y-213-aniversario-del-grito-de-independencia-de-mexico\/","url":"https:\/\/redamlo.com\/index.php\/2023\/09\/16\/desfile-civico-militar-conmemora-bicentenario-del-heroico-colegio-militar-y-213-aniversario-del-grito-de-independencia-de-mexico\/","name":"DESFILE C\u00cdVICO MILITAR CONMEMORA BICENTENARIO DEL HEROICO COLEGIO MILITAR Y 213 ANIVERSARIO DEL GRITO DE INDEPENDENCIA DE M\u00c9XICO - NOTICIAS DE LA 4T","isPartOf":{"@id":"https:\/\/redamlo.com\/#website"},"primaryImageOfPage":{"@id":"https:\/\/redamlo.com\/index.php\/2023\/09\/16\/desfile-civico-militar-conmemora-bicentenario-del-heroico-colegio-militar-y-213-aniversario-del-grito-de-independencia-de-mexico\/#primaryimage"},"image":{"@id":"https:\/\/redamlo.com\/index.php\/2023\/09\/16\/desfile-civico-militar-conmemora-bicentenario-del-heroico-colegio-militar-y-213-aniversario-del-grito-de-independencia-de-mexico\/#primaryimage"},"thumbnailUrl":"https:\/\/redamlo.com\/wp-content\/uploads\/2023\/09\/2023-09-16-DESFILE-CIVICO-MILITAR-213-ANIVERSARIO-DEL-GRITO-DE-INDEPENDENCIA-FOTO-9.jpg","datePublished":"2023-09-16T18:38:53+00:00","breadcrumb":{"@id":"https:\/\/redamlo.com\/index.php\/2023\/09\/16\/desfile-civico-militar-conmemora-bicentenario-del-heroico-colegio-militar-y-213-aniversario-del-grito-de-independencia-de-mexico\/#breadcrumb"},"inLanguage":"es","potentialAction":[{"@type":"ReadAction","target":["https:\/\/redamlo.com\/index.php\/2023\/09\/16\/desfile-civico-militar-conmemora-bicentenario-del-heroico-colegio-militar-y-213-aniversario-del-grito-de-independencia-de-mexico\/"]}]},{"@type":"ImageObject","inLanguage":"es","@id":"https:\/\/redamlo.com\/index.php\/2023\/09\/16\/desfile-civico-militar-conmemora-bicentenario-del-heroico-colegio-militar-y-213-aniversario-del-grito-de-independencia-de-mexico\/#primaryimage","url":"https:\/\/redamlo.com\/wp-content\/uploads\/2023\/09\/2023-09-16-DESFILE-CIVICO-MILITAR-213-ANIVERSARIO-DEL-GRITO-DE-INDEPENDENCIA-FOTO-9.jpg","contentUrl":"https:\/\/redamlo.com\/wp-content\/uploads\/2023\/09\/2023-09-16-DESFILE-CIVICO-MILITAR-213-ANIVERSARIO-DEL-GRITO-DE-INDEPENDENCIA-FOTO-9.jpg","width":1500,"height":1000},{"@type":"BreadcrumbList","@id":"https:\/\/redamlo.com\/index.php\/2023\/09\/16\/desfile-civico-militar-conmemora-bicentenario-del-heroico-colegio-militar-y-213-aniversario-del-grito-de-independencia-de-mexico\/#breadcrumb","itemListElement":[{"@type":"ListItem","position":1,"name":"Inicio","item":"https:\/\/redamlo.com\/"},{"@type":"ListItem","position":2,"name":"DESFILE C\u00cdVICO MILITAR CONMEMORA BICENTENARIO DEL HEROICO COLEGIO MILITAR Y 213 ANIVERSARIO DEL GRITO DE INDEPENDENCIA DE M\u00c9XICO"}]},{"@type":"WebSite","@id":"https:\/\/redamlo.com\/#website","url":"https:\/\/redamlo.com\/","name":"NOTICIAS DE LA 4T","description":"","publisher":{"@id":"https:\/\/redamlo.com\/#organization"},"potentialAction":[{"@type":"SearchAction","target":{"@type":"EntryPoint","urlTemplate":"https:\/\/redamlo.com\/?s={search_term_string}"},"query-input":{"@type":"PropertyValueSpecification","valueRequired":true,"valueName":"search_term_string"}}],"inLanguage":"es"},{"@type":"Organization","@id":"https:\/\/redamlo.com\/#organization","name":"NOTICIAS DE LA 4T","url":"https:\/\/redamlo.com\/","logo":{"@type":"ImageObject","inLanguage":"es","@id":"https:\/\/redamlo.com\/#\/schema\/logo\/image\/","url":"https:\/\/redamlo.com\/wp-content\/uploads\/2024\/08\/cropped-RED-AMLO-logo-50.png","contentUrl":"https:\/\/redamlo.com\/wp-content\/uploads\/2024\/08\/cropped-RED-AMLO-logo-50.png","width":256,"height":256,"caption":"NOTICIAS DE LA 4T"},"image":{"@id":"https:\/\/redamlo.com\/#\/schema\/logo\/image\/"}},{"@type":"Person","@id":"https:\/\/redamlo.com\/#\/schema\/person\/197a0a670d21b1f4f1483ddda1b64613","name":"admin","image":{"@type":"ImageObject","inLanguage":"es","@id":"https:\/\/secure.gravatar.com\/avatar\/293dccd927043f2e641da6685c2f84009782eb9ee0054daceada4e261ded849a?s=96&d=mm&r=g","url":"https:\/\/secure.gravatar.com\/avatar\/293dccd927043f2e641da6685c2f84009782eb9ee0054daceada4e261ded849a?s=96&d=mm&r=g","contentUrl":"https:\/\/secure.gravatar.com\/avatar\/293dccd927043f2e641da6685c2f84009782eb9ee0054daceada4e261ded849a?s=96&d=mm&r=g","caption":"admin"},"sameAs":["https:\/\/redamlo.com"],"url":"https:\/\/redamlo.com\/index.php\/author\/stell\/"}]}},"_links":{"self":[{"href":"https:\/\/redamlo.com\/index.php\/wp-json\/wp\/v2\/posts\/7058","targetHints":{"allow":["GET"]}}],"collection":[{"href":"https:\/\/redamlo.com\/index.php\/wp-json\/wp\/v2\/posts"}],"about":[{"href":"https:\/\/redamlo.com\/index.php\/wp-json\/wp\/v2\/types\/post"}],"author":[{"embeddable":true,"href":"https:\/\/redamlo.com\/index.php\/wp-json\/wp\/v2\/users\/1"}],"replies":[{"embeddable":true,"href":"https:\/\/redamlo.com\/index.php\/wp-json\/wp\/v2\/comments?post=7058"}],"version-history":[{"count":0,"href":"https:\/\/redamlo.com\/index.php\/wp-json\/wp\/v2\/posts\/7058\/revisions"}],"wp:featuredmedia":[{"embeddable":true,"href":"https:\/\/redamlo.com\/index.php\/wp-json\/wp\/v2\/media\/7059"}],"wp:attachment":[{"href":"https:\/\/redamlo.com\/index.php\/wp-json\/wp\/v2\/media?parent=7058"}],"wp:term":[{"taxonomy":"category","embeddable":true,"href":"https:\/\/redamlo.com\/index.php\/wp-json\/wp\/v2\/categories?post=7058"},{"taxonomy":"post_tag","embeddable":true,"href":"https:\/\/redamlo.com\/index.php\/wp-json\/wp\/v2\/tags?post=7058"}],"curies":[{"name":"wp","href":"https:\/\/api.w.org\/{rel}","templated":true}]}}