{"id":7055,"date":"2023-09-15T23:27:47","date_gmt":"2023-09-16T05:27:47","guid":{"rendered":"https:\/\/redamlo.com\/?p=7055"},"modified":"2023-09-15T23:27:47","modified_gmt":"2023-09-16T05:27:47","slug":"amlo-dedica-a-migrantes-y-al-amor-arenga-del-grito-de-independencia","status":"publish","type":"post","link":"https:\/\/redamlo.com\/index.php\/2023\/09\/15\/amlo-dedica-a-migrantes-y-al-amor-arenga-del-grito-de-independencia\/","title":{"rendered":"AMLO DEDICA A MIGRANTES Y AL AMOR ARENGA DEL GRITO DE INDEPENDENCIA"},"content":{"rendered":"<p>El presidente Andr\u00e9s Manuel L\u00f3pez Obrador encabez\u00f3 la ceremonia del 213 Aniversario del Grito de Independencia desde el balc\u00f3n principal de Palacio Nacional, donde destac\u00f3 a los hermanos migrantes y el amor en la tradicional arenga.<\/p>\n<p><iframe loading=\"lazy\" title=\"213 Aniversario del Grito de Independencia\" width=\"640\" height=\"360\" src=\"https:\/\/www.youtube.com\/embed\/Uqt7ffr_nzg?feature=oembed\" frameborder=\"0\" allow=\"accelerometer; autoplay; clipboard-write; encrypted-media; gyroscope; picture-in-picture; web-share\" referrerpolicy=\"strict-origin-when-cross-origin\" allowfullscreen><\/iframe><\/p>\n<p>Acompa\u00f1ado de la doctora Beatriz Guti\u00e9rrez M\u00fcller, el mandatario exclam\u00f3 ante miles de personas reunidas en el Z\u00f3calo de la Ciudad de M\u00e9xico:<\/p>\n<blockquote><p>\u00a1Viva la Independencia!<\/p>\n<p>\u00a1Viva Miguel Hidalgo y Costilla!<\/p>\n<p>\u00a1Viva Josefa Ortiz de Dom\u00ednguez!<\/p>\n<p>\u00a1Viva Ignacio Allende!<\/p>\n<p>\u00a1Viva Leona Vicario!<\/p>\n<p>\u00a1Viva Jos\u00e9 Mar\u00eda Morelos y Pav\u00f3n!<\/p>\n<p>\u00a1Viva Vicente Guerrero!<\/p>\n<p>\u00a1Vivan los h\u00e9roes an\u00f3nimos!<\/p>\n<p>\u00a1Viva la libertad!<\/p>\n<p>\u00a1Viva la igualdad!<\/p>\n<p>\u00a1Viva la justicia!<\/p>\n<p>\u00a1Viva la democracia!<\/p>\n<p>\u00a1Viva nuestra soberan\u00eda!<\/p>\n<p>\u00a1Viva la fraternidad universal!<\/p>\n<p>\u00a1Mexicanas! \u00a1Mexicanos!<\/p>\n<p>\u00a1Que muera la corrupci\u00f3n!<\/p>\n<p>\u00a1Que muera la avaricia!<\/p>\n<p>\u00a1Que muera el racismo!<\/p>\n<p>\u00a1Que muera la discriminaci\u00f3n!<\/p>\n<p>\u00a1Que viva el amor!<\/p>\n<p>\u00a1Que vivan nuestros hermanos migrantes!<\/p>\n<p>\u00a1Vivan los pueblos ind\u00edgenas!<\/p>\n<p>\u00a1Viva la grandeza cultural de M\u00e9xico!<\/p>\n<p>\u00a1Viva M\u00e9xico!<\/p>\n<p>\u00a1Viva M\u00e9xico!<\/p>\n<p>\u00a1Viva M\u00e9xico!<\/p><\/blockquote>\n<p>El jefe del Ejecutivo onde\u00f3 el l\u00e1baro patrio que recibi\u00f3 de la escolta de cadetes del Heroico Colegio Militar en el Sal\u00f3n de Embajadores. Posteriormente, acompa\u00f1ado de integrantes de su Gabinete, apreci\u00f3 desde el balc\u00f3n la pirotecnia que ilumin\u00f3 el primer cuadro de la capital.<\/p>\n<p>La ma\u00f1ana de este viernes, en la inauguraci\u00f3n de la primera etapa del Tren El Insurgente, el presidente L\u00f3pez Obrador refiri\u00f3 que Miguel Hidalgo y Costilla dio la vida por la Independencia de M\u00e9xico y la justicia al proclamar la abolici\u00f3n de la esclavitud.<\/p>\n<p>Record\u00f3 que en la batalla del Monte de las Cruces, del 30 de octubre de 1810, el cura Hidalgo, en un acto de humanismo, decidi\u00f3 proteger la vida de miles de integrantes del ej\u00e9rcito Insurgente conformado por el pueblo y de realistas, pertenecientes a las fuerzas virreinales. Hasta 1824 fue reconocido como el Padre de la Patria tras el triunfo del movimiento independentista.<\/p>\n<h2>Semilleros Creativos y Grupo Frontera, presentes en la fiesta de M\u00e9xico<\/h2>\n<p>En los escenarios instalados en la Plaza de la Constituci\u00f3n, principal plaza p\u00fablica de M\u00e9xico, disfrutaron m\u00e1s de cuatro horas de m\u00fasica a cargo de Grupo Frontera e integrantes de los Semilleros Creativos.<\/p>\n<p>Alrededor de 850 ni\u00f1as, ni\u00f1os y j\u00f3venes inscritos en esta iniciativa de la Secretar\u00eda de Cultura enaltecieron la riqueza art\u00edstica y cultural en las diferentes regiones del pa\u00eds durante el espect\u00e1culo conformado por 25 actos esc\u00e9nicos.<\/p>\n<p>Participaron:<\/p>\n<p>Tamborileros de Tabasco; Orquesta Nacional Comunitaria; Coro Nacional Comunitario; Nacional de Danza; Orquesta Escuela Carlos Ch\u00e1vez; Nacional de Lenguas Ind\u00edgenas; Banda Nacional Comunitaria; Nacional de Circo; Ensamble Comunitario de Son Jarocho de San Andr\u00e9s Tuxtla, Veracruz; Lauder\u00eda, Son, Jarana y Danza en Cosoleacaque, Veracruz; Ensamble Comunitario de Marimbas Manglares de Centla, de Tabasco; Ensamble Comunitario de Marimbas de Tziscao, de Chiapas; Creativo de Danza en Pinos, Zacatecas; Ensamble Huasteco Comunitario Cantaros del Sol, de Zozocolco de Hidalgo, Veracruz; Orquesta de M\u00fasica Tradicional Mexicana; Teatro en Lengua maya en Hecelchak\u00e1n, Campeche; la Selecci\u00f3n de Semilleros de Oaxaca; Producci\u00f3n esc\u00e9nica en Tenancingo, Tlaxcala; la Selecci\u00f3n de Semilleros de Tlaxcala; Teatro y Lengua maya en Kanas\u00edn, Yucat\u00e1n; Dibujo, Pintura, Modelado, Escultura y Muralismo en Tlalnepantla, Morelos; Dibujo y Modelado en Tlayacapan, Morelos; Elaboraci\u00f3n de M\u00e1scaras de Madera en Teloloapan, Guerrero; el mariachi tradicional de Apatzing\u00e1n y el mariachi juvenil Esencia de M\u00e9xico de la Escuela de M\u00fasica Mexicana de Durango.<\/p>\n<p>Artistas como Regina Orozco, Yahritza y su Esencia, Alejandra Robles, Horacio Franco y Juan Sant colaboraron con las ni\u00f1as, ni\u00f1os y j\u00f3venes de los Semilleros Creativos.<\/p>\n<p>Acompa\u00f1\u00f3 al presidente Andr\u00e9s Manuel L\u00f3pez Obrador, el jefe de gobierno de la Ciudad de M\u00e9xico, Mart\u00ed Batres Guadarrama e integrantes del Gabinete Ampliado.<\/p>\n","protected":false},"excerpt":{"rendered":"<p>El presidente Andr\u00e9s Manuel L\u00f3pez Obrador encabez\u00f3 la ceremonia del 213 Aniversario del Grito de&#8230;<\/p>\n","protected":false},"author":1,"featured_media":7056,"comment_status":"open","ping_status":"closed","sticky":false,"template":"","format":"standard","meta":{"footnotes":""},"categories":[20,27],"tags":[84,2547],"class_list":["post-7055","post","type-post","status-publish","format-standard","has-post-thumbnail","hentry","category-nacionales","category-presidencia","tag-amlo","tag-grito-de-independencia"],"yoast_head":"<!-- This site is optimized with the Yoast SEO plugin v27.5 - https:\/\/yoast.com\/product\/yoast-seo-wordpress\/ -->\n<title>AMLO DEDICA A MIGRANTES Y AL AMOR ARENGA DEL GRITO DE INDEPENDENCIA - NOTICIAS DE LA 4T<\/title>\n<meta name=\"robots\" content=\"noindex, follow, max-snippet:-1, max-image-preview:large, max-video-preview:-1\" \/>\n<meta property=\"og:locale\" content=\"es_MX\" \/>\n<meta property=\"og:type\" content=\"article\" \/>\n<meta property=\"og:title\" content=\"AMLO DEDICA A MIGRANTES Y AL AMOR ARENGA DEL GRITO DE INDEPENDENCIA - NOTICIAS DE LA 4T\" \/>\n<meta property=\"og:description\" content=\"El presidente Andr\u00e9s Manuel L\u00f3pez Obrador encabez\u00f3 la ceremonia del 213 Aniversario del Grito de...\" \/>\n<meta property=\"og:url\" content=\"https:\/\/redamlo.com\/index.php\/2023\/09\/15\/amlo-dedica-a-migrantes-y-al-amor-arenga-del-grito-de-independencia\/\" \/>\n<meta property=\"og:site_name\" content=\"NOTICIAS DE LA 4T\" \/>\n<meta property=\"article:published_time\" content=\"2023-09-16T05:27:47+00:00\" \/>\n<meta property=\"og:image\" content=\"https:\/\/redamlo.com\/wp-content\/uploads\/2023\/09\/213-ANIVERSARIO-INDEPENDENCIA-DE-MEXICO-FOTO-15.jpg\" \/>\n\t<meta property=\"og:image:width\" content=\"1499\" \/>\n\t<meta property=\"og:image:height\" content=\"1000\" \/>\n\t<meta property=\"og:image:type\" content=\"image\/jpeg\" \/>\n<meta name=\"author\" content=\"admin\" \/>\n<meta name=\"twitter:card\" content=\"summary_large_image\" \/>\n<meta name=\"twitter:label1\" content=\"Escrito por\" \/>\n\t<meta name=\"twitter:data1\" content=\"admin\" \/>\n\t<meta name=\"twitter:label2\" content=\"Tiempo de lectura\" \/>\n\t<meta name=\"twitter:data2\" content=\"3 minutos\" \/>\n<script type=\"application\/ld+json\" class=\"yoast-schema-graph\">{\"@context\":\"https:\\\/\\\/schema.org\",\"@graph\":[{\"@type\":\"Article\",\"@id\":\"https:\\\/\\\/redamlo.com\\\/index.php\\\/2023\\\/09\\\/15\\\/amlo-dedica-a-migrantes-y-al-amor-arenga-del-grito-de-independencia\\\/#article\",\"isPartOf\":{\"@id\":\"https:\\\/\\\/redamlo.com\\\/index.php\\\/2023\\\/09\\\/15\\\/amlo-dedica-a-migrantes-y-al-amor-arenga-del-grito-de-independencia\\\/\"},\"author\":{\"name\":\"admin\",\"@id\":\"https:\\\/\\\/redamlo.com\\\/#\\\/schema\\\/person\\\/197a0a670d21b1f4f1483ddda1b64613\"},\"headline\":\"AMLO DEDICA A MIGRANTES Y AL AMOR ARENGA DEL GRITO DE INDEPENDENCIA\",\"datePublished\":\"2023-09-16T05:27:47+00:00\",\"mainEntityOfPage\":{\"@id\":\"https:\\\/\\\/redamlo.com\\\/index.php\\\/2023\\\/09\\\/15\\\/amlo-dedica-a-migrantes-y-al-amor-arenga-del-grito-de-independencia\\\/\"},\"wordCount\":676,\"commentCount\":0,\"publisher\":{\"@id\":\"https:\\\/\\\/redamlo.com\\\/#organization\"},\"image\":{\"@id\":\"https:\\\/\\\/redamlo.com\\\/index.php\\\/2023\\\/09\\\/15\\\/amlo-dedica-a-migrantes-y-al-amor-arenga-del-grito-de-independencia\\\/#primaryimage\"},\"thumbnailUrl\":\"https:\\\/\\\/redamlo.com\\\/wp-content\\\/uploads\\\/2023\\\/09\\\/213-ANIVERSARIO-INDEPENDENCIA-DE-MEXICO-FOTO-15.jpg\",\"keywords\":[\"AMLO\",\"grito de independencia\"],\"articleSection\":[\"Nacionales\",\"Presidencia\"],\"inLanguage\":\"es\",\"potentialAction\":[{\"@type\":\"CommentAction\",\"name\":\"Comment\",\"target\":[\"https:\\\/\\\/redamlo.com\\\/index.php\\\/2023\\\/09\\\/15\\\/amlo-dedica-a-migrantes-y-al-amor-arenga-del-grito-de-independencia\\\/#respond\"]}]},{\"@type\":\"WebPage\",\"@id\":\"https:\\\/\\\/redamlo.com\\\/index.php\\\/2023\\\/09\\\/15\\\/amlo-dedica-a-migrantes-y-al-amor-arenga-del-grito-de-independencia\\\/\",\"url\":\"https:\\\/\\\/redamlo.com\\\/index.php\\\/2023\\\/09\\\/15\\\/amlo-dedica-a-migrantes-y-al-amor-arenga-del-grito-de-independencia\\\/\",\"name\":\"AMLO DEDICA A MIGRANTES Y AL AMOR ARENGA DEL GRITO DE INDEPENDENCIA - NOTICIAS DE LA 4T\",\"isPartOf\":{\"@id\":\"https:\\\/\\\/redamlo.com\\\/#website\"},\"primaryImageOfPage\":{\"@id\":\"https:\\\/\\\/redamlo.com\\\/index.php\\\/2023\\\/09\\\/15\\\/amlo-dedica-a-migrantes-y-al-amor-arenga-del-grito-de-independencia\\\/#primaryimage\"},\"image\":{\"@id\":\"https:\\\/\\\/redamlo.com\\\/index.php\\\/2023\\\/09\\\/15\\\/amlo-dedica-a-migrantes-y-al-amor-arenga-del-grito-de-independencia\\\/#primaryimage\"},\"thumbnailUrl\":\"https:\\\/\\\/redamlo.com\\\/wp-content\\\/uploads\\\/2023\\\/09\\\/213-ANIVERSARIO-INDEPENDENCIA-DE-MEXICO-FOTO-15.jpg\",\"datePublished\":\"2023-09-16T05:27:47+00:00\",\"breadcrumb\":{\"@id\":\"https:\\\/\\\/redamlo.com\\\/index.php\\\/2023\\\/09\\\/15\\\/amlo-dedica-a-migrantes-y-al-amor-arenga-del-grito-de-independencia\\\/#breadcrumb\"},\"inLanguage\":\"es\",\"potentialAction\":[{\"@type\":\"ReadAction\",\"target\":[\"https:\\\/\\\/redamlo.com\\\/index.php\\\/2023\\\/09\\\/15\\\/amlo-dedica-a-migrantes-y-al-amor-arenga-del-grito-de-independencia\\\/\"]}]},{\"@type\":\"ImageObject\",\"inLanguage\":\"es\",\"@id\":\"https:\\\/\\\/redamlo.com\\\/index.php\\\/2023\\\/09\\\/15\\\/amlo-dedica-a-migrantes-y-al-amor-arenga-del-grito-de-independencia\\\/#primaryimage\",\"url\":\"https:\\\/\\\/redamlo.com\\\/wp-content\\\/uploads\\\/2023\\\/09\\\/213-ANIVERSARIO-INDEPENDENCIA-DE-MEXICO-FOTO-15.jpg\",\"contentUrl\":\"https:\\\/\\\/redamlo.com\\\/wp-content\\\/uploads\\\/2023\\\/09\\\/213-ANIVERSARIO-INDEPENDENCIA-DE-MEXICO-FOTO-15.jpg\",\"width\":1499,\"height\":1000},{\"@type\":\"BreadcrumbList\",\"@id\":\"https:\\\/\\\/redamlo.com\\\/index.php\\\/2023\\\/09\\\/15\\\/amlo-dedica-a-migrantes-y-al-amor-arenga-del-grito-de-independencia\\\/#breadcrumb\",\"itemListElement\":[{\"@type\":\"ListItem\",\"position\":1,\"name\":\"Inicio\",\"item\":\"https:\\\/\\\/redamlo.com\\\/\"},{\"@type\":\"ListItem\",\"position\":2,\"name\":\"AMLO DEDICA A MIGRANTES Y AL AMOR ARENGA DEL GRITO DE INDEPENDENCIA\"}]},{\"@type\":\"WebSite\",\"@id\":\"https:\\\/\\\/redamlo.com\\\/#website\",\"url\":\"https:\\\/\\\/redamlo.com\\\/\",\"name\":\"NOTICIAS DE LA 4T\",\"description\":\"\",\"publisher\":{\"@id\":\"https:\\\/\\\/redamlo.com\\\/#organization\"},\"potentialAction\":[{\"@type\":\"SearchAction\",\"target\":{\"@type\":\"EntryPoint\",\"urlTemplate\":\"https:\\\/\\\/redamlo.com\\\/?s={search_term_string}\"},\"query-input\":{\"@type\":\"PropertyValueSpecification\",\"valueRequired\":true,\"valueName\":\"search_term_string\"}}],\"inLanguage\":\"es\"},{\"@type\":\"Organization\",\"@id\":\"https:\\\/\\\/redamlo.com\\\/#organization\",\"name\":\"NOTICIAS DE LA 4T\",\"url\":\"https:\\\/\\\/redamlo.com\\\/\",\"logo\":{\"@type\":\"ImageObject\",\"inLanguage\":\"es\",\"@id\":\"https:\\\/\\\/redamlo.com\\\/#\\\/schema\\\/logo\\\/image\\\/\",\"url\":\"https:\\\/\\\/redamlo.com\\\/wp-content\\\/uploads\\\/2024\\\/08\\\/cropped-RED-AMLO-logo-50.png\",\"contentUrl\":\"https:\\\/\\\/redamlo.com\\\/wp-content\\\/uploads\\\/2024\\\/08\\\/cropped-RED-AMLO-logo-50.png\",\"width\":256,\"height\":256,\"caption\":\"NOTICIAS DE LA 4T\"},\"image\":{\"@id\":\"https:\\\/\\\/redamlo.com\\\/#\\\/schema\\\/logo\\\/image\\\/\"}},{\"@type\":\"Person\",\"@id\":\"https:\\\/\\\/redamlo.com\\\/#\\\/schema\\\/person\\\/197a0a670d21b1f4f1483ddda1b64613\",\"name\":\"admin\",\"image\":{\"@type\":\"ImageObject\",\"inLanguage\":\"es\",\"@id\":\"https:\\\/\\\/secure.gravatar.com\\\/avatar\\\/293dccd927043f2e641da6685c2f84009782eb9ee0054daceada4e261ded849a?s=96&d=mm&r=g\",\"url\":\"https:\\\/\\\/secure.gravatar.com\\\/avatar\\\/293dccd927043f2e641da6685c2f84009782eb9ee0054daceada4e261ded849a?s=96&d=mm&r=g\",\"contentUrl\":\"https:\\\/\\\/secure.gravatar.com\\\/avatar\\\/293dccd927043f2e641da6685c2f84009782eb9ee0054daceada4e261ded849a?s=96&d=mm&r=g\",\"caption\":\"admin\"},\"sameAs\":[\"https:\\\/\\\/redamlo.com\"],\"url\":\"https:\\\/\\\/redamlo.com\\\/index.php\\\/author\\\/stell\\\/\"}]}<\/script>\n<!-- \/ Yoast SEO plugin. -->","yoast_head_json":{"title":"AMLO DEDICA A MIGRANTES Y AL AMOR ARENGA DEL GRITO DE INDEPENDENCIA - NOTICIAS DE LA 4T","robots":{"index":"noindex","follow":"follow","max-snippet":"max-snippet:-1","max-image-preview":"max-image-preview:large","max-video-preview":"max-video-preview:-1"},"og_locale":"es_MX","og_type":"article","og_title":"AMLO DEDICA A MIGRANTES Y AL AMOR ARENGA DEL GRITO DE INDEPENDENCIA - NOTICIAS DE LA 4T","og_description":"El presidente Andr\u00e9s Manuel L\u00f3pez Obrador encabez\u00f3 la ceremonia del 213 Aniversario del Grito de...","og_url":"https:\/\/redamlo.com\/index.php\/2023\/09\/15\/amlo-dedica-a-migrantes-y-al-amor-arenga-del-grito-de-independencia\/","og_site_name":"NOTICIAS DE LA 4T","article_published_time":"2023-09-16T05:27:47+00:00","og_image":[{"width":1499,"height":1000,"url":"https:\/\/redamlo.com\/wp-content\/uploads\/2023\/09\/213-ANIVERSARIO-INDEPENDENCIA-DE-MEXICO-FOTO-15.jpg","type":"image\/jpeg"}],"author":"admin","twitter_card":"summary_large_image","twitter_misc":{"Escrito por":"admin","Tiempo de lectura":"3 minutos"},"schema":{"@context":"https:\/\/schema.org","@graph":[{"@type":"Article","@id":"https:\/\/redamlo.com\/index.php\/2023\/09\/15\/amlo-dedica-a-migrantes-y-al-amor-arenga-del-grito-de-independencia\/#article","isPartOf":{"@id":"https:\/\/redamlo.com\/index.php\/2023\/09\/15\/amlo-dedica-a-migrantes-y-al-amor-arenga-del-grito-de-independencia\/"},"author":{"name":"admin","@id":"https:\/\/redamlo.com\/#\/schema\/person\/197a0a670d21b1f4f1483ddda1b64613"},"headline":"AMLO DEDICA A MIGRANTES Y AL AMOR ARENGA DEL GRITO DE INDEPENDENCIA","datePublished":"2023-09-16T05:27:47+00:00","mainEntityOfPage":{"@id":"https:\/\/redamlo.com\/index.php\/2023\/09\/15\/amlo-dedica-a-migrantes-y-al-amor-arenga-del-grito-de-independencia\/"},"wordCount":676,"commentCount":0,"publisher":{"@id":"https:\/\/redamlo.com\/#organization"},"image":{"@id":"https:\/\/redamlo.com\/index.php\/2023\/09\/15\/amlo-dedica-a-migrantes-y-al-amor-arenga-del-grito-de-independencia\/#primaryimage"},"thumbnailUrl":"https:\/\/redamlo.com\/wp-content\/uploads\/2023\/09\/213-ANIVERSARIO-INDEPENDENCIA-DE-MEXICO-FOTO-15.jpg","keywords":["AMLO","grito de independencia"],"articleSection":["Nacionales","Presidencia"],"inLanguage":"es","potentialAction":[{"@type":"CommentAction","name":"Comment","target":["https:\/\/redamlo.com\/index.php\/2023\/09\/15\/amlo-dedica-a-migrantes-y-al-amor-arenga-del-grito-de-independencia\/#respond"]}]},{"@type":"WebPage","@id":"https:\/\/redamlo.com\/index.php\/2023\/09\/15\/amlo-dedica-a-migrantes-y-al-amor-arenga-del-grito-de-independencia\/","url":"https:\/\/redamlo.com\/index.php\/2023\/09\/15\/amlo-dedica-a-migrantes-y-al-amor-arenga-del-grito-de-independencia\/","name":"AMLO DEDICA A MIGRANTES Y AL AMOR ARENGA DEL GRITO DE INDEPENDENCIA - NOTICIAS DE LA 4T","isPartOf":{"@id":"https:\/\/redamlo.com\/#website"},"primaryImageOfPage":{"@id":"https:\/\/redamlo.com\/index.php\/2023\/09\/15\/amlo-dedica-a-migrantes-y-al-amor-arenga-del-grito-de-independencia\/#primaryimage"},"image":{"@id":"https:\/\/redamlo.com\/index.php\/2023\/09\/15\/amlo-dedica-a-migrantes-y-al-amor-arenga-del-grito-de-independencia\/#primaryimage"},"thumbnailUrl":"https:\/\/redamlo.com\/wp-content\/uploads\/2023\/09\/213-ANIVERSARIO-INDEPENDENCIA-DE-MEXICO-FOTO-15.jpg","datePublished":"2023-09-16T05:27:47+00:00","breadcrumb":{"@id":"https:\/\/redamlo.com\/index.php\/2023\/09\/15\/amlo-dedica-a-migrantes-y-al-amor-arenga-del-grito-de-independencia\/#breadcrumb"},"inLanguage":"es","potentialAction":[{"@type":"ReadAction","target":["https:\/\/redamlo.com\/index.php\/2023\/09\/15\/amlo-dedica-a-migrantes-y-al-amor-arenga-del-grito-de-independencia\/"]}]},{"@type":"ImageObject","inLanguage":"es","@id":"https:\/\/redamlo.com\/index.php\/2023\/09\/15\/amlo-dedica-a-migrantes-y-al-amor-arenga-del-grito-de-independencia\/#primaryimage","url":"https:\/\/redamlo.com\/wp-content\/uploads\/2023\/09\/213-ANIVERSARIO-INDEPENDENCIA-DE-MEXICO-FOTO-15.jpg","contentUrl":"https:\/\/redamlo.com\/wp-content\/uploads\/2023\/09\/213-ANIVERSARIO-INDEPENDENCIA-DE-MEXICO-FOTO-15.jpg","width":1499,"height":1000},{"@type":"BreadcrumbList","@id":"https:\/\/redamlo.com\/index.php\/2023\/09\/15\/amlo-dedica-a-migrantes-y-al-amor-arenga-del-grito-de-independencia\/#breadcrumb","itemListElement":[{"@type":"ListItem","position":1,"name":"Inicio","item":"https:\/\/redamlo.com\/"},{"@type":"ListItem","position":2,"name":"AMLO DEDICA A MIGRANTES Y AL AMOR ARENGA DEL GRITO DE INDEPENDENCIA"}]},{"@type":"WebSite","@id":"https:\/\/redamlo.com\/#website","url":"https:\/\/redamlo.com\/","name":"NOTICIAS DE LA 4T","description":"","publisher":{"@id":"https:\/\/redamlo.com\/#organization"},"potentialAction":[{"@type":"SearchAction","target":{"@type":"EntryPoint","urlTemplate":"https:\/\/redamlo.com\/?s={search_term_string}"},"query-input":{"@type":"PropertyValueSpecification","valueRequired":true,"valueName":"search_term_string"}}],"inLanguage":"es"},{"@type":"Organization","@id":"https:\/\/redamlo.com\/#organization","name":"NOTICIAS DE LA 4T","url":"https:\/\/redamlo.com\/","logo":{"@type":"ImageObject","inLanguage":"es","@id":"https:\/\/redamlo.com\/#\/schema\/logo\/image\/","url":"https:\/\/redamlo.com\/wp-content\/uploads\/2024\/08\/cropped-RED-AMLO-logo-50.png","contentUrl":"https:\/\/redamlo.com\/wp-content\/uploads\/2024\/08\/cropped-RED-AMLO-logo-50.png","width":256,"height":256,"caption":"NOTICIAS DE LA 4T"},"image":{"@id":"https:\/\/redamlo.com\/#\/schema\/logo\/image\/"}},{"@type":"Person","@id":"https:\/\/redamlo.com\/#\/schema\/person\/197a0a670d21b1f4f1483ddda1b64613","name":"admin","image":{"@type":"ImageObject","inLanguage":"es","@id":"https:\/\/secure.gravatar.com\/avatar\/293dccd927043f2e641da6685c2f84009782eb9ee0054daceada4e261ded849a?s=96&d=mm&r=g","url":"https:\/\/secure.gravatar.com\/avatar\/293dccd927043f2e641da6685c2f84009782eb9ee0054daceada4e261ded849a?s=96&d=mm&r=g","contentUrl":"https:\/\/secure.gravatar.com\/avatar\/293dccd927043f2e641da6685c2f84009782eb9ee0054daceada4e261ded849a?s=96&d=mm&r=g","caption":"admin"},"sameAs":["https:\/\/redamlo.com"],"url":"https:\/\/redamlo.com\/index.php\/author\/stell\/"}]}},"_links":{"self":[{"href":"https:\/\/redamlo.com\/index.php\/wp-json\/wp\/v2\/posts\/7055","targetHints":{"allow":["GET"]}}],"collection":[{"href":"https:\/\/redamlo.com\/index.php\/wp-json\/wp\/v2\/posts"}],"about":[{"href":"https:\/\/redamlo.com\/index.php\/wp-json\/wp\/v2\/types\/post"}],"author":[{"embeddable":true,"href":"https:\/\/redamlo.com\/index.php\/wp-json\/wp\/v2\/users\/1"}],"replies":[{"embeddable":true,"href":"https:\/\/redamlo.com\/index.php\/wp-json\/wp\/v2\/comments?post=7055"}],"version-history":[{"count":0,"href":"https:\/\/redamlo.com\/index.php\/wp-json\/wp\/v2\/posts\/7055\/revisions"}],"wp:featuredmedia":[{"embeddable":true,"href":"https:\/\/redamlo.com\/index.php\/wp-json\/wp\/v2\/media\/7056"}],"wp:attachment":[{"href":"https:\/\/redamlo.com\/index.php\/wp-json\/wp\/v2\/media?parent=7055"}],"wp:term":[{"taxonomy":"category","embeddable":true,"href":"https:\/\/redamlo.com\/index.php\/wp-json\/wp\/v2\/categories?post=7055"},{"taxonomy":"post_tag","embeddable":true,"href":"https:\/\/redamlo.com\/index.php\/wp-json\/wp\/v2\/tags?post=7055"}],"curies":[{"name":"wp","href":"https:\/\/api.w.org\/{rel}","templated":true}]}}