{"id":7046,"date":"2023-09-18T16:44:21","date_gmt":"2023-09-18T22:44:21","guid":{"rendered":"https:\/\/redamlo.com\/?p=7046"},"modified":"2023-09-18T16:44:21","modified_gmt":"2023-09-18T22:44:21","slug":"trenes-de-pasajeros-resurgen-en-gobierno-de-la-cuarta-transformacion","status":"publish","type":"post","link":"https:\/\/redamlo.com\/index.php\/2023\/09\/18\/trenes-de-pasajeros-resurgen-en-gobierno-de-la-cuarta-transformacion\/","title":{"rendered":"TRENES DE PASAJEROS RESURGEN EN GOBIERNO DE LA CUARTA TRANSFORMACI\u00d3N"},"content":{"rendered":"<p>\u201cEn un futuro, no muy lejano, regresar\u00e1n los trenes de pasajeros a todo el pa\u00eds\u201d, afirm\u00f3 el presidente Andr\u00e9s Manuel L\u00f3pez Obrador un video en sus redes sociales en el que muestra el primer viaje a bordo del Tren del Istmo de Tehuantepec.<\/p>\n<p>En la publicaci\u00f3n reafirm\u00f3 el compromiso de dejar concluidos m\u00e1s 2 mil 700 kil\u00f3metros de v\u00edas f\u00e9rreas, de los cuales mil 200 corresponden al Ferrocarril Interoce\u00e1nico y mil 554 al Tren Maya.<\/p>\n<p><iframe loading=\"lazy\" title=\"M\u00e9xico volver\u00e1 a tener trenes de pasajeros\" width=\"640\" height=\"360\" src=\"https:\/\/www.youtube.com\/embed\/xift9_oKyiI?feature=oembed\" frameborder=\"0\" allow=\"accelerometer; autoplay; clipboard-write; encrypted-media; gyroscope; picture-in-picture; web-share\" referrerpolicy=\"strict-origin-when-cross-origin\" allowfullscreen><\/iframe><\/p>\n<p>Esta ma\u00f1ana, en la conferencia de prensa matutina, el mandatario destac\u00f3 que en el Gobierno de la Cuarta Transformaci\u00f3n los trenes para pasajeros resurgieron tras d\u00e9cadas de olvido del sistema ferroviario durante el periodo neoliberal.<\/p>\n<blockquote><p>\u201cEstaba totalmente abandonado, yo les comentaba que Mat\u00edas Romero es conocida como la ciudad ferroviaria, pero ya no hab\u00eda ferrocarril porque estos neoliberales, corruptos, irresponsables, acabaron con los ferrocarriles, sobre todo con los trenes de pasajeros\u201d, argument\u00f3 al t\u00e9rmino del informe integral de proyectos ferroviarios.<\/p><\/blockquote>\n<p>Record\u00f3 que los trenes de pasajeros dejaron de circular durante el sexenio de Ernesto Zedillo, quien promovi\u00f3 la privatizaci\u00f3n del sistema ferroviario mexicano, entregando concesiones a empresas hasta por 50 a\u00f1os.<\/p>\n<blockquote><p>\u201cHab\u00eda trenes de pasajeros de la Ciudad de M\u00e9xico, de Monterrey, de la Ciudad de M\u00e9xico a Guadalajara, de la Ciudad de M\u00e9xico a Yucat\u00e1n y, bueno, hasta Nogales, hasta la frontera, estaba completamente comunicado el pa\u00eds con trenes de pasajeros, y estos irresponsables, repito, de la noche a la ma\u00f1ana, en un abrir y cerrar de ojos acabaron con 150 a\u00f1os de historia de los ferrocarriles nacionales\u201d, puntualiz\u00f3.<\/p><\/blockquote>\n<p>Actualmente, el Gobierno de M\u00e9xico regresa a la naci\u00f3n el servicio de pasajeros y conecta estados del sur-sureste.<\/p>\n<p>El Ferrocarril del Istmo de Tehuantepec transportar\u00e1 pasajeros y carga a trav\u00e9s de diferentes rutas: de Salina Cruz, Oaxaca, a Coatzacoalcos; desde ese punto de Veracruz conectar\u00e1 con el Puerto de Dos Bocas en Tabasco y el Tren Maya en Palenque, Chiapas; adem\u00e1s, comunicar\u00e1 Ixtepec, en Oaxaca, con Ciudad Hidalgo, Chiapas, a trav\u00e9s de mil 200 kil\u00f3metros de v\u00edas f\u00e9rreas, que quedar\u00e1n rehabilitadas en su totalidad hasta julio de 2024.<\/p>\n<blockquote><p>\u201cEst\u00e1 muy bien el Tren. Las v\u00edas est\u00e1n pr\u00e1cticamente terminadas. Est\u00e1 en periodo de pruebas hasta diciembre, que ya se va a abrir al p\u00fablico. Regresan los trenes de pasajeros\u201d, enfatiz\u00f3 en el video que comparti\u00f3 la noche de este 18 de septiembre.<\/p><\/blockquote>\n<p>El Tren Maya, con sus mil 554 kil\u00f3metros llevar\u00e1 desarrollo y bienestar a los pueblos de cinco estados: Tabasco, Chiapas, Campeche, Yucat\u00e1n y Quintana Roo a partir de diciembre de este a\u00f1o.<\/p>\n<p>El centro del pa\u00eds no queda exento del nuevo impulso de trenes de pasajeros. El Tren El Insurgente, conectar\u00e1 la Ciudad de M\u00e9xico con el Estado de M\u00e9xico, lo que mejorar\u00e1 la calidad de vida de miles de usuarios al acortar el recorrido a 39 minutos cuando est\u00e9 lista toda la v\u00eda en 2024.<\/p>\n","protected":false},"excerpt":{"rendered":"<p>\u201cEn un futuro, no muy lejano, regresar\u00e1n los trenes de pasajeros a todo el pa\u00eds\u201d,&#8230;<\/p>\n","protected":false},"author":1,"featured_media":7047,"comment_status":"open","ping_status":"closed","sticky":false,"template":"","format":"standard","meta":{"footnotes":""},"categories":[27],"tags":[190,84,1319],"class_list":["post-7046","post","type-post","status-publish","format-standard","has-post-thumbnail","hentry","category-presidencia","tag-4t","tag-amlo","tag-trenes-de-pasajeros"],"yoast_head":"<!-- This site is optimized with the Yoast SEO plugin v27.5 - https:\/\/yoast.com\/product\/yoast-seo-wordpress\/ -->\n<title>TRENES DE PASAJEROS RESURGEN EN GOBIERNO DE LA CUARTA TRANSFORMACI\u00d3N - NOTICIAS DE LA 4T<\/title>\n<meta name=\"robots\" content=\"noindex, follow, max-snippet:-1, max-image-preview:large, max-video-preview:-1\" \/>\n<meta property=\"og:locale\" content=\"es_MX\" \/>\n<meta property=\"og:type\" content=\"article\" \/>\n<meta property=\"og:title\" content=\"TRENES DE PASAJEROS RESURGEN EN GOBIERNO DE LA CUARTA TRANSFORMACI\u00d3N - NOTICIAS DE LA 4T\" \/>\n<meta property=\"og:description\" content=\"\u201cEn un futuro, no muy lejano, regresar\u00e1n los trenes de pasajeros a todo el pa\u00eds\u201d,...\" \/>\n<meta property=\"og:url\" content=\"https:\/\/redamlo.com\/index.php\/2023\/09\/18\/trenes-de-pasajeros-resurgen-en-gobierno-de-la-cuarta-transformacion\/\" \/>\n<meta property=\"og:site_name\" content=\"NOTICIAS DE LA 4T\" \/>\n<meta property=\"article:published_time\" content=\"2023-09-18T22:44:21+00:00\" \/>\n<meta property=\"og:image\" content=\"https:\/\/redamlo.com\/wp-content\/uploads\/2023\/09\/2023-09-17-Presidente-AMLO-Tren-Interoceanico-del-Istmo-de-Tehuantepec-Oaxaca-Foto-08-745x450-1.jpg\" \/>\n\t<meta property=\"og:image:width\" content=\"745\" \/>\n\t<meta property=\"og:image:height\" content=\"450\" \/>\n\t<meta property=\"og:image:type\" content=\"image\/jpeg\" \/>\n<meta name=\"author\" content=\"admin\" \/>\n<meta name=\"twitter:card\" content=\"summary_large_image\" \/>\n<meta name=\"twitter:label1\" content=\"Escrito por\" \/>\n\t<meta name=\"twitter:data1\" content=\"admin\" \/>\n\t<meta name=\"twitter:label2\" content=\"Tiempo de lectura\" \/>\n\t<meta name=\"twitter:data2\" content=\"3 minutos\" \/>\n<script type=\"application\/ld+json\" class=\"yoast-schema-graph\">{\"@context\":\"https:\\\/\\\/schema.org\",\"@graph\":[{\"@type\":\"Article\",\"@id\":\"https:\\\/\\\/redamlo.com\\\/index.php\\\/2023\\\/09\\\/18\\\/trenes-de-pasajeros-resurgen-en-gobierno-de-la-cuarta-transformacion\\\/#article\",\"isPartOf\":{\"@id\":\"https:\\\/\\\/redamlo.com\\\/index.php\\\/2023\\\/09\\\/18\\\/trenes-de-pasajeros-resurgen-en-gobierno-de-la-cuarta-transformacion\\\/\"},\"author\":{\"name\":\"admin\",\"@id\":\"https:\\\/\\\/redamlo.com\\\/#\\\/schema\\\/person\\\/197a0a670d21b1f4f1483ddda1b64613\"},\"headline\":\"TRENES DE PASAJEROS RESURGEN EN GOBIERNO DE LA CUARTA TRANSFORMACI\u00d3N\",\"datePublished\":\"2023-09-18T22:44:21+00:00\",\"mainEntityOfPage\":{\"@id\":\"https:\\\/\\\/redamlo.com\\\/index.php\\\/2023\\\/09\\\/18\\\/trenes-de-pasajeros-resurgen-en-gobierno-de-la-cuarta-transformacion\\\/\"},\"wordCount\":525,\"commentCount\":0,\"publisher\":{\"@id\":\"https:\\\/\\\/redamlo.com\\\/#organization\"},\"image\":{\"@id\":\"https:\\\/\\\/redamlo.com\\\/index.php\\\/2023\\\/09\\\/18\\\/trenes-de-pasajeros-resurgen-en-gobierno-de-la-cuarta-transformacion\\\/#primaryimage\"},\"thumbnailUrl\":\"https:\\\/\\\/redamlo.com\\\/wp-content\\\/uploads\\\/2023\\\/09\\\/2023-09-17-Presidente-AMLO-Tren-Interoceanico-del-Istmo-de-Tehuantepec-Oaxaca-Foto-08-745x450-1.jpg\",\"keywords\":[\"4T\",\"AMLO\",\"trenes de pasajeros\"],\"articleSection\":[\"Presidencia\"],\"inLanguage\":\"es\",\"potentialAction\":[{\"@type\":\"CommentAction\",\"name\":\"Comment\",\"target\":[\"https:\\\/\\\/redamlo.com\\\/index.php\\\/2023\\\/09\\\/18\\\/trenes-de-pasajeros-resurgen-en-gobierno-de-la-cuarta-transformacion\\\/#respond\"]}]},{\"@type\":\"WebPage\",\"@id\":\"https:\\\/\\\/redamlo.com\\\/index.php\\\/2023\\\/09\\\/18\\\/trenes-de-pasajeros-resurgen-en-gobierno-de-la-cuarta-transformacion\\\/\",\"url\":\"https:\\\/\\\/redamlo.com\\\/index.php\\\/2023\\\/09\\\/18\\\/trenes-de-pasajeros-resurgen-en-gobierno-de-la-cuarta-transformacion\\\/\",\"name\":\"TRENES DE PASAJEROS RESURGEN EN GOBIERNO DE LA CUARTA TRANSFORMACI\u00d3N - NOTICIAS DE LA 4T\",\"isPartOf\":{\"@id\":\"https:\\\/\\\/redamlo.com\\\/#website\"},\"primaryImageOfPage\":{\"@id\":\"https:\\\/\\\/redamlo.com\\\/index.php\\\/2023\\\/09\\\/18\\\/trenes-de-pasajeros-resurgen-en-gobierno-de-la-cuarta-transformacion\\\/#primaryimage\"},\"image\":{\"@id\":\"https:\\\/\\\/redamlo.com\\\/index.php\\\/2023\\\/09\\\/18\\\/trenes-de-pasajeros-resurgen-en-gobierno-de-la-cuarta-transformacion\\\/#primaryimage\"},\"thumbnailUrl\":\"https:\\\/\\\/redamlo.com\\\/wp-content\\\/uploads\\\/2023\\\/09\\\/2023-09-17-Presidente-AMLO-Tren-Interoceanico-del-Istmo-de-Tehuantepec-Oaxaca-Foto-08-745x450-1.jpg\",\"datePublished\":\"2023-09-18T22:44:21+00:00\",\"breadcrumb\":{\"@id\":\"https:\\\/\\\/redamlo.com\\\/index.php\\\/2023\\\/09\\\/18\\\/trenes-de-pasajeros-resurgen-en-gobierno-de-la-cuarta-transformacion\\\/#breadcrumb\"},\"inLanguage\":\"es\",\"potentialAction\":[{\"@type\":\"ReadAction\",\"target\":[\"https:\\\/\\\/redamlo.com\\\/index.php\\\/2023\\\/09\\\/18\\\/trenes-de-pasajeros-resurgen-en-gobierno-de-la-cuarta-transformacion\\\/\"]}]},{\"@type\":\"ImageObject\",\"inLanguage\":\"es\",\"@id\":\"https:\\\/\\\/redamlo.com\\\/index.php\\\/2023\\\/09\\\/18\\\/trenes-de-pasajeros-resurgen-en-gobierno-de-la-cuarta-transformacion\\\/#primaryimage\",\"url\":\"https:\\\/\\\/redamlo.com\\\/wp-content\\\/uploads\\\/2023\\\/09\\\/2023-09-17-Presidente-AMLO-Tren-Interoceanico-del-Istmo-de-Tehuantepec-Oaxaca-Foto-08-745x450-1.jpg\",\"contentUrl\":\"https:\\\/\\\/redamlo.com\\\/wp-content\\\/uploads\\\/2023\\\/09\\\/2023-09-17-Presidente-AMLO-Tren-Interoceanico-del-Istmo-de-Tehuantepec-Oaxaca-Foto-08-745x450-1.jpg\",\"width\":745,\"height\":450},{\"@type\":\"BreadcrumbList\",\"@id\":\"https:\\\/\\\/redamlo.com\\\/index.php\\\/2023\\\/09\\\/18\\\/trenes-de-pasajeros-resurgen-en-gobierno-de-la-cuarta-transformacion\\\/#breadcrumb\",\"itemListElement\":[{\"@type\":\"ListItem\",\"position\":1,\"name\":\"Inicio\",\"item\":\"https:\\\/\\\/redamlo.com\\\/\"},{\"@type\":\"ListItem\",\"position\":2,\"name\":\"TRENES DE PASAJEROS RESURGEN EN GOBIERNO DE LA CUARTA TRANSFORMACI\u00d3N\"}]},{\"@type\":\"WebSite\",\"@id\":\"https:\\\/\\\/redamlo.com\\\/#website\",\"url\":\"https:\\\/\\\/redamlo.com\\\/\",\"name\":\"NOTICIAS DE LA 4T\",\"description\":\"\",\"publisher\":{\"@id\":\"https:\\\/\\\/redamlo.com\\\/#organization\"},\"potentialAction\":[{\"@type\":\"SearchAction\",\"target\":{\"@type\":\"EntryPoint\",\"urlTemplate\":\"https:\\\/\\\/redamlo.com\\\/?s={search_term_string}\"},\"query-input\":{\"@type\":\"PropertyValueSpecification\",\"valueRequired\":true,\"valueName\":\"search_term_string\"}}],\"inLanguage\":\"es\"},{\"@type\":\"Organization\",\"@id\":\"https:\\\/\\\/redamlo.com\\\/#organization\",\"name\":\"NOTICIAS DE LA 4T\",\"url\":\"https:\\\/\\\/redamlo.com\\\/\",\"logo\":{\"@type\":\"ImageObject\",\"inLanguage\":\"es\",\"@id\":\"https:\\\/\\\/redamlo.com\\\/#\\\/schema\\\/logo\\\/image\\\/\",\"url\":\"https:\\\/\\\/redamlo.com\\\/wp-content\\\/uploads\\\/2024\\\/08\\\/cropped-RED-AMLO-logo-50.png\",\"contentUrl\":\"https:\\\/\\\/redamlo.com\\\/wp-content\\\/uploads\\\/2024\\\/08\\\/cropped-RED-AMLO-logo-50.png\",\"width\":256,\"height\":256,\"caption\":\"NOTICIAS DE LA 4T\"},\"image\":{\"@id\":\"https:\\\/\\\/redamlo.com\\\/#\\\/schema\\\/logo\\\/image\\\/\"}},{\"@type\":\"Person\",\"@id\":\"https:\\\/\\\/redamlo.com\\\/#\\\/schema\\\/person\\\/197a0a670d21b1f4f1483ddda1b64613\",\"name\":\"admin\",\"image\":{\"@type\":\"ImageObject\",\"inLanguage\":\"es\",\"@id\":\"https:\\\/\\\/secure.gravatar.com\\\/avatar\\\/293dccd927043f2e641da6685c2f84009782eb9ee0054daceada4e261ded849a?s=96&d=mm&r=g\",\"url\":\"https:\\\/\\\/secure.gravatar.com\\\/avatar\\\/293dccd927043f2e641da6685c2f84009782eb9ee0054daceada4e261ded849a?s=96&d=mm&r=g\",\"contentUrl\":\"https:\\\/\\\/secure.gravatar.com\\\/avatar\\\/293dccd927043f2e641da6685c2f84009782eb9ee0054daceada4e261ded849a?s=96&d=mm&r=g\",\"caption\":\"admin\"},\"sameAs\":[\"https:\\\/\\\/redamlo.com\"],\"url\":\"https:\\\/\\\/redamlo.com\\\/index.php\\\/author\\\/stell\\\/\"}]}<\/script>\n<!-- \/ Yoast SEO plugin. -->","yoast_head_json":{"title":"TRENES DE PASAJEROS RESURGEN EN GOBIERNO DE LA CUARTA TRANSFORMACI\u00d3N - NOTICIAS DE LA 4T","robots":{"index":"noindex","follow":"follow","max-snippet":"max-snippet:-1","max-image-preview":"max-image-preview:large","max-video-preview":"max-video-preview:-1"},"og_locale":"es_MX","og_type":"article","og_title":"TRENES DE PASAJEROS RESURGEN EN GOBIERNO DE LA CUARTA TRANSFORMACI\u00d3N - NOTICIAS DE LA 4T","og_description":"\u201cEn un futuro, no muy lejano, regresar\u00e1n los trenes de pasajeros a todo el pa\u00eds\u201d,...","og_url":"https:\/\/redamlo.com\/index.php\/2023\/09\/18\/trenes-de-pasajeros-resurgen-en-gobierno-de-la-cuarta-transformacion\/","og_site_name":"NOTICIAS DE LA 4T","article_published_time":"2023-09-18T22:44:21+00:00","og_image":[{"width":745,"height":450,"url":"https:\/\/redamlo.com\/wp-content\/uploads\/2023\/09\/2023-09-17-Presidente-AMLO-Tren-Interoceanico-del-Istmo-de-Tehuantepec-Oaxaca-Foto-08-745x450-1.jpg","type":"image\/jpeg"}],"author":"admin","twitter_card":"summary_large_image","twitter_misc":{"Escrito por":"admin","Tiempo de lectura":"3 minutos"},"schema":{"@context":"https:\/\/schema.org","@graph":[{"@type":"Article","@id":"https:\/\/redamlo.com\/index.php\/2023\/09\/18\/trenes-de-pasajeros-resurgen-en-gobierno-de-la-cuarta-transformacion\/#article","isPartOf":{"@id":"https:\/\/redamlo.com\/index.php\/2023\/09\/18\/trenes-de-pasajeros-resurgen-en-gobierno-de-la-cuarta-transformacion\/"},"author":{"name":"admin","@id":"https:\/\/redamlo.com\/#\/schema\/person\/197a0a670d21b1f4f1483ddda1b64613"},"headline":"TRENES DE PASAJEROS RESURGEN EN GOBIERNO DE LA CUARTA TRANSFORMACI\u00d3N","datePublished":"2023-09-18T22:44:21+00:00","mainEntityOfPage":{"@id":"https:\/\/redamlo.com\/index.php\/2023\/09\/18\/trenes-de-pasajeros-resurgen-en-gobierno-de-la-cuarta-transformacion\/"},"wordCount":525,"commentCount":0,"publisher":{"@id":"https:\/\/redamlo.com\/#organization"},"image":{"@id":"https:\/\/redamlo.com\/index.php\/2023\/09\/18\/trenes-de-pasajeros-resurgen-en-gobierno-de-la-cuarta-transformacion\/#primaryimage"},"thumbnailUrl":"https:\/\/redamlo.com\/wp-content\/uploads\/2023\/09\/2023-09-17-Presidente-AMLO-Tren-Interoceanico-del-Istmo-de-Tehuantepec-Oaxaca-Foto-08-745x450-1.jpg","keywords":["4T","AMLO","trenes de pasajeros"],"articleSection":["Presidencia"],"inLanguage":"es","potentialAction":[{"@type":"CommentAction","name":"Comment","target":["https:\/\/redamlo.com\/index.php\/2023\/09\/18\/trenes-de-pasajeros-resurgen-en-gobierno-de-la-cuarta-transformacion\/#respond"]}]},{"@type":"WebPage","@id":"https:\/\/redamlo.com\/index.php\/2023\/09\/18\/trenes-de-pasajeros-resurgen-en-gobierno-de-la-cuarta-transformacion\/","url":"https:\/\/redamlo.com\/index.php\/2023\/09\/18\/trenes-de-pasajeros-resurgen-en-gobierno-de-la-cuarta-transformacion\/","name":"TRENES DE PASAJEROS RESURGEN EN GOBIERNO DE LA CUARTA TRANSFORMACI\u00d3N - NOTICIAS DE LA 4T","isPartOf":{"@id":"https:\/\/redamlo.com\/#website"},"primaryImageOfPage":{"@id":"https:\/\/redamlo.com\/index.php\/2023\/09\/18\/trenes-de-pasajeros-resurgen-en-gobierno-de-la-cuarta-transformacion\/#primaryimage"},"image":{"@id":"https:\/\/redamlo.com\/index.php\/2023\/09\/18\/trenes-de-pasajeros-resurgen-en-gobierno-de-la-cuarta-transformacion\/#primaryimage"},"thumbnailUrl":"https:\/\/redamlo.com\/wp-content\/uploads\/2023\/09\/2023-09-17-Presidente-AMLO-Tren-Interoceanico-del-Istmo-de-Tehuantepec-Oaxaca-Foto-08-745x450-1.jpg","datePublished":"2023-09-18T22:44:21+00:00","breadcrumb":{"@id":"https:\/\/redamlo.com\/index.php\/2023\/09\/18\/trenes-de-pasajeros-resurgen-en-gobierno-de-la-cuarta-transformacion\/#breadcrumb"},"inLanguage":"es","potentialAction":[{"@type":"ReadAction","target":["https:\/\/redamlo.com\/index.php\/2023\/09\/18\/trenes-de-pasajeros-resurgen-en-gobierno-de-la-cuarta-transformacion\/"]}]},{"@type":"ImageObject","inLanguage":"es","@id":"https:\/\/redamlo.com\/index.php\/2023\/09\/18\/trenes-de-pasajeros-resurgen-en-gobierno-de-la-cuarta-transformacion\/#primaryimage","url":"https:\/\/redamlo.com\/wp-content\/uploads\/2023\/09\/2023-09-17-Presidente-AMLO-Tren-Interoceanico-del-Istmo-de-Tehuantepec-Oaxaca-Foto-08-745x450-1.jpg","contentUrl":"https:\/\/redamlo.com\/wp-content\/uploads\/2023\/09\/2023-09-17-Presidente-AMLO-Tren-Interoceanico-del-Istmo-de-Tehuantepec-Oaxaca-Foto-08-745x450-1.jpg","width":745,"height":450},{"@type":"BreadcrumbList","@id":"https:\/\/redamlo.com\/index.php\/2023\/09\/18\/trenes-de-pasajeros-resurgen-en-gobierno-de-la-cuarta-transformacion\/#breadcrumb","itemListElement":[{"@type":"ListItem","position":1,"name":"Inicio","item":"https:\/\/redamlo.com\/"},{"@type":"ListItem","position":2,"name":"TRENES DE PASAJEROS RESURGEN EN GOBIERNO DE LA CUARTA TRANSFORMACI\u00d3N"}]},{"@type":"WebSite","@id":"https:\/\/redamlo.com\/#website","url":"https:\/\/redamlo.com\/","name":"NOTICIAS DE LA 4T","description":"","publisher":{"@id":"https:\/\/redamlo.com\/#organization"},"potentialAction":[{"@type":"SearchAction","target":{"@type":"EntryPoint","urlTemplate":"https:\/\/redamlo.com\/?s={search_term_string}"},"query-input":{"@type":"PropertyValueSpecification","valueRequired":true,"valueName":"search_term_string"}}],"inLanguage":"es"},{"@type":"Organization","@id":"https:\/\/redamlo.com\/#organization","name":"NOTICIAS DE LA 4T","url":"https:\/\/redamlo.com\/","logo":{"@type":"ImageObject","inLanguage":"es","@id":"https:\/\/redamlo.com\/#\/schema\/logo\/image\/","url":"https:\/\/redamlo.com\/wp-content\/uploads\/2024\/08\/cropped-RED-AMLO-logo-50.png","contentUrl":"https:\/\/redamlo.com\/wp-content\/uploads\/2024\/08\/cropped-RED-AMLO-logo-50.png","width":256,"height":256,"caption":"NOTICIAS DE LA 4T"},"image":{"@id":"https:\/\/redamlo.com\/#\/schema\/logo\/image\/"}},{"@type":"Person","@id":"https:\/\/redamlo.com\/#\/schema\/person\/197a0a670d21b1f4f1483ddda1b64613","name":"admin","image":{"@type":"ImageObject","inLanguage":"es","@id":"https:\/\/secure.gravatar.com\/avatar\/293dccd927043f2e641da6685c2f84009782eb9ee0054daceada4e261ded849a?s=96&d=mm&r=g","url":"https:\/\/secure.gravatar.com\/avatar\/293dccd927043f2e641da6685c2f84009782eb9ee0054daceada4e261ded849a?s=96&d=mm&r=g","contentUrl":"https:\/\/secure.gravatar.com\/avatar\/293dccd927043f2e641da6685c2f84009782eb9ee0054daceada4e261ded849a?s=96&d=mm&r=g","caption":"admin"},"sameAs":["https:\/\/redamlo.com"],"url":"https:\/\/redamlo.com\/index.php\/author\/stell\/"}]}},"_links":{"self":[{"href":"https:\/\/redamlo.com\/index.php\/wp-json\/wp\/v2\/posts\/7046","targetHints":{"allow":["GET"]}}],"collection":[{"href":"https:\/\/redamlo.com\/index.php\/wp-json\/wp\/v2\/posts"}],"about":[{"href":"https:\/\/redamlo.com\/index.php\/wp-json\/wp\/v2\/types\/post"}],"author":[{"embeddable":true,"href":"https:\/\/redamlo.com\/index.php\/wp-json\/wp\/v2\/users\/1"}],"replies":[{"embeddable":true,"href":"https:\/\/redamlo.com\/index.php\/wp-json\/wp\/v2\/comments?post=7046"}],"version-history":[{"count":0,"href":"https:\/\/redamlo.com\/index.php\/wp-json\/wp\/v2\/posts\/7046\/revisions"}],"wp:featuredmedia":[{"embeddable":true,"href":"https:\/\/redamlo.com\/index.php\/wp-json\/wp\/v2\/media\/7047"}],"wp:attachment":[{"href":"https:\/\/redamlo.com\/index.php\/wp-json\/wp\/v2\/media?parent=7046"}],"wp:term":[{"taxonomy":"category","embeddable":true,"href":"https:\/\/redamlo.com\/index.php\/wp-json\/wp\/v2\/categories?post=7046"},{"taxonomy":"post_tag","embeddable":true,"href":"https:\/\/redamlo.com\/index.php\/wp-json\/wp\/v2\/tags?post=7046"}],"curies":[{"name":"wp","href":"https:\/\/api.w.org\/{rel}","templated":true}]}}