{"id":7039,"date":"2023-09-10T15:19:00","date_gmt":"2023-09-10T21:19:00","guid":{"rendered":"https:\/\/redamlo.com\/?p=7039"},"modified":"2023-09-10T15:19:00","modified_gmt":"2023-09-10T21:19:00","slug":"clara-brugada-es-abrigada-en-gam-por-el-referente-del-ex-diputado-edgar-torres","status":"publish","type":"post","link":"https:\/\/redamlo.com\/index.php\/2023\/09\/10\/clara-brugada-es-abrigada-en-gam-por-el-referente-del-ex-diputado-edgar-torres\/","title":{"rendered":"Clara Brugada es abrigada en GAM por el referente del ex diputado \u00c9dgar Torres"},"content":{"rendered":"<p>&nbsp;<\/p>\n<h3>\u00b7\u00a0\u00a0\u00a0\u00a0\u00a0 Al evento asistieron miles de vecinas y vecinos de la Gustavo A. Madero para conocer m\u00e1s de la trayectoria y avances que ha logrado la Alcaldesa en su demarcaci\u00f3n: Iztapalapa.<\/h3>\n<h3>\u00b7\u00a0\u00a0\u00a0\u00a0\u00a0 Clara Brugada destac\u00f3 los ideales y la lucha que desde el inicio de su trayectoria la unen con el Ing. Edgar Torres y el trabajo legislativo, que en conjunto, realizaron para proteger e incrementar el presupuesto dirigido a los programas sociales.<\/h3>\n<p>&nbsp;<\/p>\n<p>CDMX. Septiembre 9, 2023<\/p>\n<p>La Alcaldesa de Iztapalapa, Clara Brugada, quien ha solicitado licencia para separarse del encargo y competir por la candidatura a la Jefatura de Gobierno de la CDMX, fue recibida este s\u00e1bado por vecinas y vecinos de la Alcald\u00eda Gustavo A. Madero. En el evento, realizado poco antes del mediod\u00eda en el parque El Mestizaje, hizo un reconocimiento p\u00fablico al ex diputado \u00c9dgar Torres Baltazar por la trascendencia y contribuci\u00f3n de los grupos sociales en la democratizaci\u00f3n de la Ciudad de M\u00e9xico.<\/p>\n<p>\u201cQuiero empezar reconociendo el papel fundamental de las organizaciones sociales en la transformaci\u00f3n de esta ciudad y quiero en particular, se\u00f1alar a la organizaci\u00f3n del Movimiento de Alternativa Social. Un gran reconocimiento a las organizaciones sociales que han empujado en los momentos m\u00e1s dif\u00edciles en esta ciudad y poder salir adelante, y por eso, quiero agradecer al compa\u00f1ero Edgar Torres la invitaci\u00f3n para podernos encontrar el d\u00eda de hoy\u201d, se\u00f1al\u00f3 Brugada.<\/p>\n<p><img loading=\"lazy\" decoding=\"async\" class=\"aligncenter wp-image-7041 size-full\" src=\"https:\/\/redamlo.com\/wp-content\/uploads\/2023\/09\/clara-gam-2.jpg\" alt=\"\" width=\"963\" height=\"795\" srcset=\"https:\/\/redamlo.com\/wp-content\/uploads\/2023\/09\/clara-gam-2.jpg 963w, https:\/\/redamlo.com\/wp-content\/uploads\/2023\/09\/clara-gam-2-300x248.jpg 300w, https:\/\/redamlo.com\/wp-content\/uploads\/2023\/09\/clara-gam-2-768x634.jpg 768w\" sizes=\"auto, (max-width: 963px) 100vw, 963px\" \/><\/p>\n<p>\u201cCon Edgar nos une una lucha de muchos a\u00f1os, un conocimiento mutuo de que s\u00f3lo la organizaci\u00f3n del pueblo, es la que puede ayudar a su transformaci\u00f3n, a su liberaci\u00f3n y a hacer que el pueblo tome el poder. \u201cAs\u00ed que nos unen las largas luchas para hacer que el Presidente L\u00f3pez Obrador este hoy en el poder representando a este gran pueblo de M\u00e9xico\u201d, iniciaba su participaci\u00f3n Clara Brugada.<\/p>\n<p>En su intervenci\u00f3n, el ex legislador \u00c9dgar Torres, (quien como legislador fue promotor y protagonista en la aprobaci\u00f3n de leyes de vanguardia a nivel global, tales como la Interrupci\u00f3n Legal del Embarazo, Matrimonios Igualitarios e Igualdad Sustantiva de G\u00e9nero) dej\u00f3 en claro que lo m\u00e1s importante en este momento es la unidad en la defensa de la 4ta. transformaci\u00f3n, el posicionamiento estrat\u00e9gico en la poblaci\u00f3n de los logros del Presidente Andr\u00e9s Manuel L\u00f3pez Obrador y la doctora Claudia Sheinbaum. Del mismo modo, Torres Baltazar, hizo un reconocimiento a su equipo de trabajo quienes han participado de forma decidida y con resultados a la vista.<\/p>\n<p>\u201cFue hace unos d\u00edas que pudimos concertar esta concentraci\u00f3n y vimos necesario impulsarla de manera inmediata porque est\u00e1 abierto el proceso de selecci\u00f3n para quien coordine los comit\u00e9s de la defensa de la 4ta. transformaci\u00f3n en la Ciudad de M\u00e9xico.<\/p>\n<p>\u201cA principios de octubre, tenemos programada una concentraci\u00f3n magna en apoyo a la compa\u00f1era Clara Brugada, con la finalidad de respaldar su desarrollo para que la transformaci\u00f3n continue en este pa\u00eds\u201d.<\/p>\n<p>Edgar Torres continu\u00f3: \u201cQuerida Clara: bienvenida a las tierras del Tepeyac, inspiraci\u00f3n del M\u00e9xico antiguo y del M\u00e9xico actual, a estas tierras de Zacatenco donde est\u00e1 la principal concentraci\u00f3n del Instituto Polit\u00e9cnico Nacional. Bienvenida a las tierras de los aragones donde hay un bosque, que esta medio olvidado y que va a ser necesario\u00a0 forme parte de tu agenda, de la agenda de todos porque es necesario rescatarlo. Estamos todos muy orgullosos del Bosque de Chapultepec, pero queremos que volteen a ver el Bosque de San Juan de Arag\u00f3n.<\/p>\n<p>Y agreg\u00f3: \u201c\u2026 como ya lo mencionaba nuestra querida compa\u00f1era Irma Tapia, los resultados dados a conocer el pasado mi\u00e9rcoles ponen por delante a la Doctora Claudia Sheinbaum, pr\u00f3xima Presidenta de los Estados Unidos Mexicanos al frente de los trabajos para coordinar y enfrentar la envestida de la derecha. En ese sentido, hay un aspecto que me parece digno de reconocer al compa\u00f1ero Gerardo Fern\u00e1ndez Noro\u00f1a quien demostr\u00f3, que sin dinero, que sin miles de espectaculares, tambi\u00e9n se puede hacer pol\u00edtica\u201d.<\/p>\n<p>\u201cEs parte de lo que hacemos y por lo que hemos desarrollado esta organizaci\u00f3n. \u00a1T\u00fa lo sabes Clara Brugada! este grupo, esta confluencia de voluntades nos movemos sin dinero y sin recurso p\u00fablico porque es fundamental y lo tenemos muy claro: las personas que participan aqu\u00ed saben con precisi\u00f3n que nuestra convocatoria es para luchar juntos y sabemos que eso es la v\u00eda para alcanzar objetivos y ser suficientemente claros. Cuando la autoridad no responde hacemos uso de nuestros derechos, de nuestras libertades para que las cosas ocurran y lo hemos probado. Siempre llegamos, podemos tardarnos, pero siempre llegamos a los objetivos que nos planteamos\u201d.<\/p>\n<p>\u201cEsta alcald\u00eda tiene una vocaci\u00f3n profundamente tur\u00edstica: no menos de 12 millones de visitantes religiosos acuden aqu\u00ed. Tenemos una parte de la barda perimetral del Aeropuerto donde llegan cerca de 50 millones de visitantes y esta alcald\u00eda no tiene ning\u00fan atractivo para que se queden aqu\u00ed. Por eso te proponemos Clara, que partiendo del Bosque de Arag\u00f3n junto con el nuevo Parque Ecol\u00f3gico de Texcoco,\u00a0 las Pir\u00e1mides de Teotihuac\u00e1n, las bellezas naturales del Estado de M\u00e9xico y de Hidalgo, crear el &#8220;Circuito Tur\u00edstico del Norte&#8221;, es decir, generar empleos. Contamos con un corredor comercial desde Molina hasta Vallejo, importante infraestructura de v\u00edas de comunicaci\u00f3n. Contamos con la asesor\u00eda del Instituto Polit\u00e9cnico Nacional,\u00a0 la Escuela Superior de Turismo, de Ingenier\u00eda Textil, y de la Universidad Aut\u00f3noma Metropolitana.<\/p>\n<p>Aqu\u00ed, a unos minutos, tenemos la Arena Ciudad M\u00e9xico. Conjuntado todo esto, consideramos que es posible levantar el coraz\u00f3n del Valle de M\u00e9xico que es \u00e9ste, como la principal zona tur\u00edstica del centro del Pa\u00eds\u201d, asever\u00f3 el Ingeniero \u00c9dgar Torres.<\/p>\n<p>Dos recomendaciones querida Clara: hay que buscar (y nosotros nos ofrecemos ayudarte) llegar a la militancia, y a los simpatizantes del obradorismo, si llegamos a ellos: \u00a1no hay duda de que t\u00fa vas a ganar! porque se te reconoce. Tu lucha es la representaci\u00f3n de la lucha de muchos, de cientos de miles de personas. \u201cFinalmente, hay un hombre que ha abierto el coraz\u00f3n de todos los mexicanos: Andr\u00e9s Manuel L\u00f3pez Obrador. Ese coraz\u00f3n sigue abierto. Ese coraz\u00f3n no para de latir. Clara: tienes una responsabilidad profunda para que ese coraz\u00f3n no cesen sus latidos y pueda mantener la esperanza y la confianza en el futuro\u201d, concluy\u00f3 \u00c9dgar Torres.<\/p>\n<p>Como colof\u00f3n de su exposici\u00f3n, Clara Brugada hizo un recuento de los logros de su administraci\u00f3n, entre los que destacan la L\u00ednea 2 del Cableb\u00fas\u200b, el Troleb\u00fas Elevado\u200b, los proyectos de Muralismo Comunitario\u200b, la apertura de 12 centros culturales llamados &#8220;Utop\u00edas&#8221;\u200b, la instalaci\u00f3n del nuevo alumbrado p\u00fablico de alta calidad y la disminuci\u00f3n de la inseguridad en la demarcaci\u00f3n.<\/p>\n<p>En su turno, la consejera de morena por GAM, Irma Tapia hizo un reconocimiento a la trayectoria de Brugada: \u201cHemos sido testigos de tu actuaci\u00f3n a favor de los m\u00e1s necesitados, de las mujeres, de nuestros hijos e hijas. Somos testigos de tu desarrollo prospectivo y actuante, a trav\u00e9s de leyes y acciones de gobierno, tanto para la ciudad como para la alcald\u00eda m\u00e1s poblada de nuestra ciudad. Entre las acciones m\u00e1s destacadas est\u00e1 la reorientaci\u00f3n del presupuesto hacia la pol\u00edtica social. Lo que es muestra de tu sensibilidad pol\u00edtica y tu compromiso social con resultados\u201d.<\/p>\n<p><img loading=\"lazy\" decoding=\"async\" class=\"aligncenter wp-image-7042 size-large\" src=\"https:\/\/redamlo.com\/wp-content\/uploads\/2023\/09\/clara-gam-3-1024x697.jpg\" alt=\"\" width=\"640\" height=\"436\" srcset=\"https:\/\/redamlo.com\/wp-content\/uploads\/2023\/09\/clara-gam-3-1024x697.jpg 1024w, https:\/\/redamlo.com\/wp-content\/uploads\/2023\/09\/clara-gam-3-300x204.jpg 300w, https:\/\/redamlo.com\/wp-content\/uploads\/2023\/09\/clara-gam-3-768x522.jpg 768w, https:\/\/redamlo.com\/wp-content\/uploads\/2023\/09\/clara-gam-3-1536x1045.jpg 1536w, https:\/\/redamlo.com\/wp-content\/uploads\/2023\/09\/clara-gam-3.jpg 1551w\" sizes=\"auto, (max-width: 640px) 100vw, 640px\" \/><\/p>\n<p>Para concluir el evento, el referente de \u00c9dgar Torres y su equipo de trabajo, en voz del consejero Salvador Soria, se manifest\u00f3 a favor de apoyar los trabajos que lleven a Clara Brugada a la coordinaci\u00f3n del comit\u00e9 de la defensa de la 4ta. transformaci\u00f3n en la Ciudad de M\u00e9xico y mencion\u00f3: \u201cClara conocemos y reconocemos tu trayectoria y ten la certeza que la pr\u00f3xima vez que vengas a la Gustavo A. Madero, tendr\u00e1s una organizaci\u00f3n hermana que estar\u00e1 trabajando para que el proyecto de la 4ta. transformaci\u00f3n avance en nuestra Ciudad Capital\u201d, finaliz\u00f3.<\/p>\n<p><img loading=\"lazy\" decoding=\"async\" class=\"aligncenter wp-image-7043 size-large\" src=\"https:\/\/redamlo.com\/wp-content\/uploads\/2023\/09\/clara-gam-4-1024x768.jpg\" alt=\"\" width=\"640\" height=\"480\" srcset=\"https:\/\/redamlo.com\/wp-content\/uploads\/2023\/09\/clara-gam-4-1024x768.jpg 1024w, https:\/\/redamlo.com\/wp-content\/uploads\/2023\/09\/clara-gam-4-300x225.jpg 300w, https:\/\/redamlo.com\/wp-content\/uploads\/2023\/09\/clara-gam-4-768x576.jpg 768w, https:\/\/redamlo.com\/wp-content\/uploads\/2023\/09\/clara-gam-4-1536x1152.jpg 1536w, https:\/\/redamlo.com\/wp-content\/uploads\/2023\/09\/clara-gam-4.jpg 1600w\" sizes=\"auto, (max-width: 640px) 100vw, 640px\" \/><\/p>\n","protected":false},"excerpt":{"rendered":"<p>&nbsp; \u00b7\u00a0\u00a0\u00a0\u00a0\u00a0 Al evento asistieron miles de vecinas y vecinos de la Gustavo A. Madero&#8230;<\/p>\n","protected":false},"author":1,"featured_media":7040,"comment_status":"open","ping_status":"closed","sticky":false,"template":"","format":"standard","meta":{"footnotes":""},"categories":[17,5],"tags":[885,2546],"class_list":["post-7039","post","type-post","status-publish","format-standard","has-post-thumbnail","hentry","category-cdmx","category-politica","tag-clara-brugada","tag-gam"],"yoast_head":"<!-- This site is optimized with the Yoast SEO plugin v27.5 - https:\/\/yoast.com\/product\/yoast-seo-wordpress\/ -->\n<title>Clara Brugada es abrigada en GAM por el referente del ex diputado \u00c9dgar Torres - NOTICIAS DE LA 4T<\/title>\n<meta name=\"robots\" content=\"noindex, follow, max-snippet:-1, max-image-preview:large, max-video-preview:-1\" \/>\n<meta property=\"og:locale\" content=\"es_MX\" \/>\n<meta property=\"og:type\" content=\"article\" \/>\n<meta property=\"og:title\" content=\"Clara Brugada es abrigada en GAM por el referente del ex diputado \u00c9dgar Torres - NOTICIAS DE LA 4T\" \/>\n<meta property=\"og:description\" content=\"&nbsp; \u00b7\u00a0\u00a0\u00a0\u00a0\u00a0 Al evento asistieron miles de vecinas y vecinos de la Gustavo A. Madero...\" \/>\n<meta property=\"og:url\" content=\"https:\/\/redamlo.com\/index.php\/2023\/09\/10\/clara-brugada-es-abrigada-en-gam-por-el-referente-del-ex-diputado-edgar-torres\/\" \/>\n<meta property=\"og:site_name\" content=\"NOTICIAS DE LA 4T\" \/>\n<meta property=\"article:published_time\" content=\"2023-09-10T21:19:00+00:00\" \/>\n<meta property=\"og:image\" content=\"https:\/\/redamlo.com\/wp-content\/uploads\/2023\/09\/clara-gam-1.jpg\" \/>\n\t<meta property=\"og:image:width\" content=\"1106\" \/>\n\t<meta property=\"og:image:height\" content=\"855\" \/>\n\t<meta property=\"og:image:type\" content=\"image\/jpeg\" \/>\n<meta name=\"author\" content=\"admin\" \/>\n<meta name=\"twitter:card\" content=\"summary_large_image\" \/>\n<meta name=\"twitter:label1\" content=\"Escrito por\" \/>\n\t<meta name=\"twitter:data1\" content=\"admin\" \/>\n\t<meta name=\"twitter:label2\" content=\"Tiempo de lectura\" \/>\n\t<meta name=\"twitter:data2\" content=\"7 minutos\" \/>\n<script type=\"application\/ld+json\" class=\"yoast-schema-graph\">{\"@context\":\"https:\\\/\\\/schema.org\",\"@graph\":[{\"@type\":\"Article\",\"@id\":\"https:\\\/\\\/redamlo.com\\\/index.php\\\/2023\\\/09\\\/10\\\/clara-brugada-es-abrigada-en-gam-por-el-referente-del-ex-diputado-edgar-torres\\\/#article\",\"isPartOf\":{\"@id\":\"https:\\\/\\\/redamlo.com\\\/index.php\\\/2023\\\/09\\\/10\\\/clara-brugada-es-abrigada-en-gam-por-el-referente-del-ex-diputado-edgar-torres\\\/\"},\"author\":{\"name\":\"admin\",\"@id\":\"https:\\\/\\\/redamlo.com\\\/#\\\/schema\\\/person\\\/197a0a670d21b1f4f1483ddda1b64613\"},\"headline\":\"Clara Brugada es abrigada en GAM por el referente del ex diputado \u00c9dgar Torres\",\"datePublished\":\"2023-09-10T21:19:00+00:00\",\"mainEntityOfPage\":{\"@id\":\"https:\\\/\\\/redamlo.com\\\/index.php\\\/2023\\\/09\\\/10\\\/clara-brugada-es-abrigada-en-gam-por-el-referente-del-ex-diputado-edgar-torres\\\/\"},\"wordCount\":1400,\"commentCount\":0,\"publisher\":{\"@id\":\"https:\\\/\\\/redamlo.com\\\/#organization\"},\"image\":{\"@id\":\"https:\\\/\\\/redamlo.com\\\/index.php\\\/2023\\\/09\\\/10\\\/clara-brugada-es-abrigada-en-gam-por-el-referente-del-ex-diputado-edgar-torres\\\/#primaryimage\"},\"thumbnailUrl\":\"https:\\\/\\\/redamlo.com\\\/wp-content\\\/uploads\\\/2023\\\/09\\\/clara-gam-1.jpg\",\"keywords\":[\"Clara Brugada\",\"GAM\"],\"articleSection\":[\"CDMX\",\"Pol\u00edtica\"],\"inLanguage\":\"es\",\"potentialAction\":[{\"@type\":\"CommentAction\",\"name\":\"Comment\",\"target\":[\"https:\\\/\\\/redamlo.com\\\/index.php\\\/2023\\\/09\\\/10\\\/clara-brugada-es-abrigada-en-gam-por-el-referente-del-ex-diputado-edgar-torres\\\/#respond\"]}]},{\"@type\":\"WebPage\",\"@id\":\"https:\\\/\\\/redamlo.com\\\/index.php\\\/2023\\\/09\\\/10\\\/clara-brugada-es-abrigada-en-gam-por-el-referente-del-ex-diputado-edgar-torres\\\/\",\"url\":\"https:\\\/\\\/redamlo.com\\\/index.php\\\/2023\\\/09\\\/10\\\/clara-brugada-es-abrigada-en-gam-por-el-referente-del-ex-diputado-edgar-torres\\\/\",\"name\":\"Clara Brugada es abrigada en GAM por el referente del ex diputado \u00c9dgar Torres - NOTICIAS DE LA 4T\",\"isPartOf\":{\"@id\":\"https:\\\/\\\/redamlo.com\\\/#website\"},\"primaryImageOfPage\":{\"@id\":\"https:\\\/\\\/redamlo.com\\\/index.php\\\/2023\\\/09\\\/10\\\/clara-brugada-es-abrigada-en-gam-por-el-referente-del-ex-diputado-edgar-torres\\\/#primaryimage\"},\"image\":{\"@id\":\"https:\\\/\\\/redamlo.com\\\/index.php\\\/2023\\\/09\\\/10\\\/clara-brugada-es-abrigada-en-gam-por-el-referente-del-ex-diputado-edgar-torres\\\/#primaryimage\"},\"thumbnailUrl\":\"https:\\\/\\\/redamlo.com\\\/wp-content\\\/uploads\\\/2023\\\/09\\\/clara-gam-1.jpg\",\"datePublished\":\"2023-09-10T21:19:00+00:00\",\"breadcrumb\":{\"@id\":\"https:\\\/\\\/redamlo.com\\\/index.php\\\/2023\\\/09\\\/10\\\/clara-brugada-es-abrigada-en-gam-por-el-referente-del-ex-diputado-edgar-torres\\\/#breadcrumb\"},\"inLanguage\":\"es\",\"potentialAction\":[{\"@type\":\"ReadAction\",\"target\":[\"https:\\\/\\\/redamlo.com\\\/index.php\\\/2023\\\/09\\\/10\\\/clara-brugada-es-abrigada-en-gam-por-el-referente-del-ex-diputado-edgar-torres\\\/\"]}]},{\"@type\":\"ImageObject\",\"inLanguage\":\"es\",\"@id\":\"https:\\\/\\\/redamlo.com\\\/index.php\\\/2023\\\/09\\\/10\\\/clara-brugada-es-abrigada-en-gam-por-el-referente-del-ex-diputado-edgar-torres\\\/#primaryimage\",\"url\":\"https:\\\/\\\/redamlo.com\\\/wp-content\\\/uploads\\\/2023\\\/09\\\/clara-gam-1.jpg\",\"contentUrl\":\"https:\\\/\\\/redamlo.com\\\/wp-content\\\/uploads\\\/2023\\\/09\\\/clara-gam-1.jpg\",\"width\":1106,\"height\":855},{\"@type\":\"BreadcrumbList\",\"@id\":\"https:\\\/\\\/redamlo.com\\\/index.php\\\/2023\\\/09\\\/10\\\/clara-brugada-es-abrigada-en-gam-por-el-referente-del-ex-diputado-edgar-torres\\\/#breadcrumb\",\"itemListElement\":[{\"@type\":\"ListItem\",\"position\":1,\"name\":\"Inicio\",\"item\":\"https:\\\/\\\/redamlo.com\\\/\"},{\"@type\":\"ListItem\",\"position\":2,\"name\":\"Clara Brugada es abrigada en GAM por el referente del ex diputado \u00c9dgar Torres\"}]},{\"@type\":\"WebSite\",\"@id\":\"https:\\\/\\\/redamlo.com\\\/#website\",\"url\":\"https:\\\/\\\/redamlo.com\\\/\",\"name\":\"NOTICIAS DE LA 4T\",\"description\":\"\",\"publisher\":{\"@id\":\"https:\\\/\\\/redamlo.com\\\/#organization\"},\"potentialAction\":[{\"@type\":\"SearchAction\",\"target\":{\"@type\":\"EntryPoint\",\"urlTemplate\":\"https:\\\/\\\/redamlo.com\\\/?s={search_term_string}\"},\"query-input\":{\"@type\":\"PropertyValueSpecification\",\"valueRequired\":true,\"valueName\":\"search_term_string\"}}],\"inLanguage\":\"es\"},{\"@type\":\"Organization\",\"@id\":\"https:\\\/\\\/redamlo.com\\\/#organization\",\"name\":\"NOTICIAS DE LA 4T\",\"url\":\"https:\\\/\\\/redamlo.com\\\/\",\"logo\":{\"@type\":\"ImageObject\",\"inLanguage\":\"es\",\"@id\":\"https:\\\/\\\/redamlo.com\\\/#\\\/schema\\\/logo\\\/image\\\/\",\"url\":\"https:\\\/\\\/redamlo.com\\\/wp-content\\\/uploads\\\/2024\\\/08\\\/cropped-RED-AMLO-logo-50.png\",\"contentUrl\":\"https:\\\/\\\/redamlo.com\\\/wp-content\\\/uploads\\\/2024\\\/08\\\/cropped-RED-AMLO-logo-50.png\",\"width\":256,\"height\":256,\"caption\":\"NOTICIAS DE LA 4T\"},\"image\":{\"@id\":\"https:\\\/\\\/redamlo.com\\\/#\\\/schema\\\/logo\\\/image\\\/\"}},{\"@type\":\"Person\",\"@id\":\"https:\\\/\\\/redamlo.com\\\/#\\\/schema\\\/person\\\/197a0a670d21b1f4f1483ddda1b64613\",\"name\":\"admin\",\"image\":{\"@type\":\"ImageObject\",\"inLanguage\":\"es\",\"@id\":\"https:\\\/\\\/secure.gravatar.com\\\/avatar\\\/293dccd927043f2e641da6685c2f84009782eb9ee0054daceada4e261ded849a?s=96&d=mm&r=g\",\"url\":\"https:\\\/\\\/secure.gravatar.com\\\/avatar\\\/293dccd927043f2e641da6685c2f84009782eb9ee0054daceada4e261ded849a?s=96&d=mm&r=g\",\"contentUrl\":\"https:\\\/\\\/secure.gravatar.com\\\/avatar\\\/293dccd927043f2e641da6685c2f84009782eb9ee0054daceada4e261ded849a?s=96&d=mm&r=g\",\"caption\":\"admin\"},\"sameAs\":[\"https:\\\/\\\/redamlo.com\"],\"url\":\"https:\\\/\\\/redamlo.com\\\/index.php\\\/author\\\/stell\\\/\"}]}<\/script>\n<!-- \/ Yoast SEO plugin. -->","yoast_head_json":{"title":"Clara Brugada es abrigada en GAM por el referente del ex diputado \u00c9dgar Torres - NOTICIAS DE LA 4T","robots":{"index":"noindex","follow":"follow","max-snippet":"max-snippet:-1","max-image-preview":"max-image-preview:large","max-video-preview":"max-video-preview:-1"},"og_locale":"es_MX","og_type":"article","og_title":"Clara Brugada es abrigada en GAM por el referente del ex diputado \u00c9dgar Torres - NOTICIAS DE LA 4T","og_description":"&nbsp; \u00b7\u00a0\u00a0\u00a0\u00a0\u00a0 Al evento asistieron miles de vecinas y vecinos de la Gustavo A. Madero...","og_url":"https:\/\/redamlo.com\/index.php\/2023\/09\/10\/clara-brugada-es-abrigada-en-gam-por-el-referente-del-ex-diputado-edgar-torres\/","og_site_name":"NOTICIAS DE LA 4T","article_published_time":"2023-09-10T21:19:00+00:00","og_image":[{"width":1106,"height":855,"url":"https:\/\/redamlo.com\/wp-content\/uploads\/2023\/09\/clara-gam-1.jpg","type":"image\/jpeg"}],"author":"admin","twitter_card":"summary_large_image","twitter_misc":{"Escrito por":"admin","Tiempo de lectura":"7 minutos"},"schema":{"@context":"https:\/\/schema.org","@graph":[{"@type":"Article","@id":"https:\/\/redamlo.com\/index.php\/2023\/09\/10\/clara-brugada-es-abrigada-en-gam-por-el-referente-del-ex-diputado-edgar-torres\/#article","isPartOf":{"@id":"https:\/\/redamlo.com\/index.php\/2023\/09\/10\/clara-brugada-es-abrigada-en-gam-por-el-referente-del-ex-diputado-edgar-torres\/"},"author":{"name":"admin","@id":"https:\/\/redamlo.com\/#\/schema\/person\/197a0a670d21b1f4f1483ddda1b64613"},"headline":"Clara Brugada es abrigada en GAM por el referente del ex diputado \u00c9dgar Torres","datePublished":"2023-09-10T21:19:00+00:00","mainEntityOfPage":{"@id":"https:\/\/redamlo.com\/index.php\/2023\/09\/10\/clara-brugada-es-abrigada-en-gam-por-el-referente-del-ex-diputado-edgar-torres\/"},"wordCount":1400,"commentCount":0,"publisher":{"@id":"https:\/\/redamlo.com\/#organization"},"image":{"@id":"https:\/\/redamlo.com\/index.php\/2023\/09\/10\/clara-brugada-es-abrigada-en-gam-por-el-referente-del-ex-diputado-edgar-torres\/#primaryimage"},"thumbnailUrl":"https:\/\/redamlo.com\/wp-content\/uploads\/2023\/09\/clara-gam-1.jpg","keywords":["Clara Brugada","GAM"],"articleSection":["CDMX","Pol\u00edtica"],"inLanguage":"es","potentialAction":[{"@type":"CommentAction","name":"Comment","target":["https:\/\/redamlo.com\/index.php\/2023\/09\/10\/clara-brugada-es-abrigada-en-gam-por-el-referente-del-ex-diputado-edgar-torres\/#respond"]}]},{"@type":"WebPage","@id":"https:\/\/redamlo.com\/index.php\/2023\/09\/10\/clara-brugada-es-abrigada-en-gam-por-el-referente-del-ex-diputado-edgar-torres\/","url":"https:\/\/redamlo.com\/index.php\/2023\/09\/10\/clara-brugada-es-abrigada-en-gam-por-el-referente-del-ex-diputado-edgar-torres\/","name":"Clara Brugada es abrigada en GAM por el referente del ex diputado \u00c9dgar Torres - NOTICIAS DE LA 4T","isPartOf":{"@id":"https:\/\/redamlo.com\/#website"},"primaryImageOfPage":{"@id":"https:\/\/redamlo.com\/index.php\/2023\/09\/10\/clara-brugada-es-abrigada-en-gam-por-el-referente-del-ex-diputado-edgar-torres\/#primaryimage"},"image":{"@id":"https:\/\/redamlo.com\/index.php\/2023\/09\/10\/clara-brugada-es-abrigada-en-gam-por-el-referente-del-ex-diputado-edgar-torres\/#primaryimage"},"thumbnailUrl":"https:\/\/redamlo.com\/wp-content\/uploads\/2023\/09\/clara-gam-1.jpg","datePublished":"2023-09-10T21:19:00+00:00","breadcrumb":{"@id":"https:\/\/redamlo.com\/index.php\/2023\/09\/10\/clara-brugada-es-abrigada-en-gam-por-el-referente-del-ex-diputado-edgar-torres\/#breadcrumb"},"inLanguage":"es","potentialAction":[{"@type":"ReadAction","target":["https:\/\/redamlo.com\/index.php\/2023\/09\/10\/clara-brugada-es-abrigada-en-gam-por-el-referente-del-ex-diputado-edgar-torres\/"]}]},{"@type":"ImageObject","inLanguage":"es","@id":"https:\/\/redamlo.com\/index.php\/2023\/09\/10\/clara-brugada-es-abrigada-en-gam-por-el-referente-del-ex-diputado-edgar-torres\/#primaryimage","url":"https:\/\/redamlo.com\/wp-content\/uploads\/2023\/09\/clara-gam-1.jpg","contentUrl":"https:\/\/redamlo.com\/wp-content\/uploads\/2023\/09\/clara-gam-1.jpg","width":1106,"height":855},{"@type":"BreadcrumbList","@id":"https:\/\/redamlo.com\/index.php\/2023\/09\/10\/clara-brugada-es-abrigada-en-gam-por-el-referente-del-ex-diputado-edgar-torres\/#breadcrumb","itemListElement":[{"@type":"ListItem","position":1,"name":"Inicio","item":"https:\/\/redamlo.com\/"},{"@type":"ListItem","position":2,"name":"Clara Brugada es abrigada en GAM por el referente del ex diputado \u00c9dgar Torres"}]},{"@type":"WebSite","@id":"https:\/\/redamlo.com\/#website","url":"https:\/\/redamlo.com\/","name":"NOTICIAS DE LA 4T","description":"","publisher":{"@id":"https:\/\/redamlo.com\/#organization"},"potentialAction":[{"@type":"SearchAction","target":{"@type":"EntryPoint","urlTemplate":"https:\/\/redamlo.com\/?s={search_term_string}"},"query-input":{"@type":"PropertyValueSpecification","valueRequired":true,"valueName":"search_term_string"}}],"inLanguage":"es"},{"@type":"Organization","@id":"https:\/\/redamlo.com\/#organization","name":"NOTICIAS DE LA 4T","url":"https:\/\/redamlo.com\/","logo":{"@type":"ImageObject","inLanguage":"es","@id":"https:\/\/redamlo.com\/#\/schema\/logo\/image\/","url":"https:\/\/redamlo.com\/wp-content\/uploads\/2024\/08\/cropped-RED-AMLO-logo-50.png","contentUrl":"https:\/\/redamlo.com\/wp-content\/uploads\/2024\/08\/cropped-RED-AMLO-logo-50.png","width":256,"height":256,"caption":"NOTICIAS DE LA 4T"},"image":{"@id":"https:\/\/redamlo.com\/#\/schema\/logo\/image\/"}},{"@type":"Person","@id":"https:\/\/redamlo.com\/#\/schema\/person\/197a0a670d21b1f4f1483ddda1b64613","name":"admin","image":{"@type":"ImageObject","inLanguage":"es","@id":"https:\/\/secure.gravatar.com\/avatar\/293dccd927043f2e641da6685c2f84009782eb9ee0054daceada4e261ded849a?s=96&d=mm&r=g","url":"https:\/\/secure.gravatar.com\/avatar\/293dccd927043f2e641da6685c2f84009782eb9ee0054daceada4e261ded849a?s=96&d=mm&r=g","contentUrl":"https:\/\/secure.gravatar.com\/avatar\/293dccd927043f2e641da6685c2f84009782eb9ee0054daceada4e261ded849a?s=96&d=mm&r=g","caption":"admin"},"sameAs":["https:\/\/redamlo.com"],"url":"https:\/\/redamlo.com\/index.php\/author\/stell\/"}]}},"_links":{"self":[{"href":"https:\/\/redamlo.com\/index.php\/wp-json\/wp\/v2\/posts\/7039","targetHints":{"allow":["GET"]}}],"collection":[{"href":"https:\/\/redamlo.com\/index.php\/wp-json\/wp\/v2\/posts"}],"about":[{"href":"https:\/\/redamlo.com\/index.php\/wp-json\/wp\/v2\/types\/post"}],"author":[{"embeddable":true,"href":"https:\/\/redamlo.com\/index.php\/wp-json\/wp\/v2\/users\/1"}],"replies":[{"embeddable":true,"href":"https:\/\/redamlo.com\/index.php\/wp-json\/wp\/v2\/comments?post=7039"}],"version-history":[{"count":0,"href":"https:\/\/redamlo.com\/index.php\/wp-json\/wp\/v2\/posts\/7039\/revisions"}],"wp:featuredmedia":[{"embeddable":true,"href":"https:\/\/redamlo.com\/index.php\/wp-json\/wp\/v2\/media\/7040"}],"wp:attachment":[{"href":"https:\/\/redamlo.com\/index.php\/wp-json\/wp\/v2\/media?parent=7039"}],"wp:term":[{"taxonomy":"category","embeddable":true,"href":"https:\/\/redamlo.com\/index.php\/wp-json\/wp\/v2\/categories?post=7039"},{"taxonomy":"post_tag","embeddable":true,"href":"https:\/\/redamlo.com\/index.php\/wp-json\/wp\/v2\/tags?post=7039"}],"curies":[{"name":"wp","href":"https:\/\/api.w.org\/{rel}","templated":true}]}}