{"id":7033,"date":"2023-09-07T14:32:14","date_gmt":"2023-09-07T20:32:14","guid":{"rendered":"https:\/\/redamlo.com\/?p=7033"},"modified":"2023-09-07T14:32:14","modified_gmt":"2023-09-07T20:32:14","slug":"presidente-entrega-baston-de-mando-a-claudia-sheinbaum-para-continuar-movimiento-de-transformacion","status":"publish","type":"post","link":"https:\/\/redamlo.com\/index.php\/2023\/09\/07\/presidente-entrega-baston-de-mando-a-claudia-sheinbaum-para-continuar-movimiento-de-transformacion\/","title":{"rendered":"PRESIDENTE ENTREGA BAST\u00d3N DE MANDO A CLAUDIA SHEINBAUM PARA CONTINUAR MOVIMIENTO DE TRANSFORMACI\u00d3N"},"content":{"rendered":"<p>El presidente Andr\u00e9s Manuel L\u00f3pez Obrador entreg\u00f3 el bast\u00f3n de mando a Claudia Sheinbaum Pardo, quien a partir de hoy es la nueva\u00a0<strong>Coordinadora Nacional de la Defensa de la Transformaci\u00f3n<\/strong>.<\/p>\n<p>La ceremonia se celebr\u00f3 en un restaurante en el Centro Hist\u00f3rico de la Ciudad de M\u00e9xico, donde el mandatario felicit\u00f3 a la doctora por ser elegida democr\u00e1ticamente en el proceso interno para dar continuidad al cambio que actualmente est\u00e1 en curso, liderado por el mandatario.<\/p>\n<p>Durante su discurso, Sheinbaum Pardo agradeci\u00f3 el apoyo del pueblo y la recepci\u00f3n del bast\u00f3n de mando, al que defini\u00f3 como la \u201crepresentaci\u00f3n de los valores m\u00e1s profundos de nuestra historia viva, de los pueblos ind\u00edgenas\u201d.<\/p>\n<p>https:\/\/twitter.com\/lopezobrador_\/status\/1699998750067036399?ref_src=twsrc%5Etfw%7Ctwcamp%5Etweetembed%7Ctwterm%5E1699998750067036399%7Ctwgr%5Ecc730a9fb2cadab8c070b718c428dba680acf53e%7Ctwcon%5Es1_&#038;ref_url=https%3A%2F%2Fpresidente.gob.mx%2Fpresidente-entrega-baston-de-mando-a-claudia-sheinbaum-para-continuar-movimiento-de-transformacion%2F<\/p>\n<blockquote><p>\u201cCon orgullo y compromiso, con humildad, pero con la plena responsabilidad de continuar el rumbo trazado por nuestro pueblo, el de la transformaci\u00f3n que ha iniciado el presidente AMLO. Tengan la certeza, que voy a estar a la altura de las circunstancias, que vamos a caminar juntas y juntos en unidad y que jam\u00e1s traicionar\u00e9 el anhelo de seguir construyendo un M\u00e9xico a\u00fan m\u00e1s justo, fraterno, soberano, libre y democr\u00e1tico\u201d, expres\u00f3.<\/p><\/blockquote>\n<p>Record\u00f3 los momentos hist\u00f3ricos de casi dos d\u00e9cadas en los que ha ayudado a construir el movimiento de transformaci\u00f3n con el presidente L\u00f3pez Obrador, a quien asegur\u00f3 que honrar\u00e1 su legado.<\/p>\n<p>Estuvieron en este acto las gobernadoras y gobernadores de: Baja California, Marina del Pilar \u00c1vila Olmeda; Baja California Sur, V\u00edctor Manuel Castro Cos\u00edo; Campeche, Layda Sansores San Rom\u00e1n; Chiapas, Rutilio Cruz Escand\u00f3n Cadenas; el jefe de Gobierno de la Ciudad de M\u00e9xico, Mart\u00ed Batres Guadarrama; Colima, Indira Vizca\u00edno Silva; Hidalgo, Julio Menchaca Salazar; Guerrero, Evelyn Salgado Pineda; Morelos, Cuauht\u00e9moc Blanco Bravo; Nayarit, Miguel \u00c1ngel Navarro Quintero; Puebla, Sergio Salom\u00f3n C\u00e9spedes Peregrina; Quintana Roo, Mara Lezama Espinosa; Sinaloa, Rub\u00e9n Rocha Moya; Sonora, Alfonso Durazo Monta\u00f1o; Tabasco, Carlos Manuel Merino Campos; Tamaulipas, Am\u00e9rico Villarreal Anaya; Tlaxcala, Lorena Cu\u00e9llar Cisneros; Veracruz, Cuitl\u00e1huac Garc\u00eda Jim\u00e9nez y Zacatecas, David Monreal \u00c1vila, as\u00ed como la pr\u00f3xima gobernadora del Estado de M\u00e9xico, Delfina G\u00f3mez \u00c1lvarez; Mario Delgado, Citlalli Hern\u00e1ndez Mora y Karen Castrej\u00f3n Trujillo.<\/p>\n<p>Adem\u00e1s, Manuel Velasco, Ricardo Monreal, Ad\u00e1n Augusto L\u00f3pez Hern\u00e1ndez y Gerardo Fern\u00e1ndez Noro\u00f1a.<\/p>\n","protected":false},"excerpt":{"rendered":"<p>El presidente Andr\u00e9s Manuel L\u00f3pez Obrador entreg\u00f3 el bast\u00f3n de mando a Claudia Sheinbaum Pardo,&#8230;<\/p>\n","protected":false},"author":1,"featured_media":7034,"comment_status":"open","ping_status":"closed","sticky":false,"template":"","format":"standard","meta":{"footnotes":""},"categories":[5,27],"tags":[84,2545,314],"class_list":["post-7033","post","type-post","status-publish","format-standard","has-post-thumbnail","hentry","category-politica","category-presidencia","tag-amlo","tag-baston-de-mando","tag-claudia-sheinbaum"],"yoast_head":"<!-- This site is optimized with the Yoast SEO plugin v27.5 - https:\/\/yoast.com\/product\/yoast-seo-wordpress\/ -->\n<title>PRESIDENTE ENTREGA BAST\u00d3N DE MANDO A CLAUDIA SHEINBAUM PARA CONTINUAR MOVIMIENTO DE TRANSFORMACI\u00d3N - NOTICIAS DE LA 4T<\/title>\n<meta name=\"robots\" content=\"noindex, follow, max-snippet:-1, max-image-preview:large, max-video-preview:-1\" \/>\n<meta property=\"og:locale\" content=\"es_MX\" \/>\n<meta property=\"og:type\" content=\"article\" \/>\n<meta property=\"og:title\" content=\"PRESIDENTE ENTREGA BAST\u00d3N DE MANDO A CLAUDIA SHEINBAUM PARA CONTINUAR MOVIMIENTO DE TRANSFORMACI\u00d3N - NOTICIAS DE LA 4T\" \/>\n<meta property=\"og:description\" content=\"El presidente Andr\u00e9s Manuel L\u00f3pez Obrador entreg\u00f3 el bast\u00f3n de mando a Claudia Sheinbaum Pardo,...\" \/>\n<meta property=\"og:url\" content=\"https:\/\/redamlo.com\/index.php\/2023\/09\/07\/presidente-entrega-baston-de-mando-a-claudia-sheinbaum-para-continuar-movimiento-de-transformacion\/\" \/>\n<meta property=\"og:site_name\" content=\"NOTICIAS DE LA 4T\" \/>\n<meta property=\"article:published_time\" content=\"2023-09-07T20:32:14+00:00\" \/>\n<meta property=\"og:image\" content=\"https:\/\/redamlo.com\/wp-content\/uploads\/2023\/09\/2023-09-07-Presidente-AMLO-Entrega-de-baston-de-mando-2.jpg\" \/>\n\t<meta property=\"og:image:width\" content=\"1000\" \/>\n\t<meta property=\"og:image:height\" content=\"1249\" \/>\n\t<meta property=\"og:image:type\" content=\"image\/jpeg\" \/>\n<meta name=\"author\" content=\"admin\" \/>\n<meta name=\"twitter:card\" content=\"summary_large_image\" \/>\n<meta name=\"twitter:label1\" content=\"Escrito por\" \/>\n\t<meta name=\"twitter:data1\" content=\"admin\" \/>\n\t<meta name=\"twitter:label2\" content=\"Tiempo de lectura\" \/>\n\t<meta name=\"twitter:data2\" content=\"2 minutos\" \/>\n<script type=\"application\/ld+json\" class=\"yoast-schema-graph\">{\"@context\":\"https:\\\/\\\/schema.org\",\"@graph\":[{\"@type\":\"Article\",\"@id\":\"https:\\\/\\\/redamlo.com\\\/index.php\\\/2023\\\/09\\\/07\\\/presidente-entrega-baston-de-mando-a-claudia-sheinbaum-para-continuar-movimiento-de-transformacion\\\/#article\",\"isPartOf\":{\"@id\":\"https:\\\/\\\/redamlo.com\\\/index.php\\\/2023\\\/09\\\/07\\\/presidente-entrega-baston-de-mando-a-claudia-sheinbaum-para-continuar-movimiento-de-transformacion\\\/\"},\"author\":{\"name\":\"admin\",\"@id\":\"https:\\\/\\\/redamlo.com\\\/#\\\/schema\\\/person\\\/197a0a670d21b1f4f1483ddda1b64613\"},\"headline\":\"PRESIDENTE ENTREGA BAST\u00d3N DE MANDO A CLAUDIA SHEINBAUM PARA CONTINUAR MOVIMIENTO DE TRANSFORMACI\u00d3N\",\"datePublished\":\"2023-09-07T20:32:14+00:00\",\"mainEntityOfPage\":{\"@id\":\"https:\\\/\\\/redamlo.com\\\/index.php\\\/2023\\\/09\\\/07\\\/presidente-entrega-baston-de-mando-a-claudia-sheinbaum-para-continuar-movimiento-de-transformacion\\\/\"},\"wordCount\":455,\"commentCount\":0,\"publisher\":{\"@id\":\"https:\\\/\\\/redamlo.com\\\/#organization\"},\"image\":{\"@id\":\"https:\\\/\\\/redamlo.com\\\/index.php\\\/2023\\\/09\\\/07\\\/presidente-entrega-baston-de-mando-a-claudia-sheinbaum-para-continuar-movimiento-de-transformacion\\\/#primaryimage\"},\"thumbnailUrl\":\"https:\\\/\\\/redamlo.com\\\/wp-content\\\/uploads\\\/2023\\\/09\\\/2023-09-07-Presidente-AMLO-Entrega-de-baston-de-mando-2.jpg\",\"keywords\":[\"AMLO\",\"baston de mando\",\"Claudia Sheinbaum\"],\"articleSection\":[\"Pol\u00edtica\",\"Presidencia\"],\"inLanguage\":\"es\",\"potentialAction\":[{\"@type\":\"CommentAction\",\"name\":\"Comment\",\"target\":[\"https:\\\/\\\/redamlo.com\\\/index.php\\\/2023\\\/09\\\/07\\\/presidente-entrega-baston-de-mando-a-claudia-sheinbaum-para-continuar-movimiento-de-transformacion\\\/#respond\"]}]},{\"@type\":\"WebPage\",\"@id\":\"https:\\\/\\\/redamlo.com\\\/index.php\\\/2023\\\/09\\\/07\\\/presidente-entrega-baston-de-mando-a-claudia-sheinbaum-para-continuar-movimiento-de-transformacion\\\/\",\"url\":\"https:\\\/\\\/redamlo.com\\\/index.php\\\/2023\\\/09\\\/07\\\/presidente-entrega-baston-de-mando-a-claudia-sheinbaum-para-continuar-movimiento-de-transformacion\\\/\",\"name\":\"PRESIDENTE ENTREGA BAST\u00d3N DE MANDO A CLAUDIA SHEINBAUM PARA CONTINUAR MOVIMIENTO DE TRANSFORMACI\u00d3N - NOTICIAS DE LA 4T\",\"isPartOf\":{\"@id\":\"https:\\\/\\\/redamlo.com\\\/#website\"},\"primaryImageOfPage\":{\"@id\":\"https:\\\/\\\/redamlo.com\\\/index.php\\\/2023\\\/09\\\/07\\\/presidente-entrega-baston-de-mando-a-claudia-sheinbaum-para-continuar-movimiento-de-transformacion\\\/#primaryimage\"},\"image\":{\"@id\":\"https:\\\/\\\/redamlo.com\\\/index.php\\\/2023\\\/09\\\/07\\\/presidente-entrega-baston-de-mando-a-claudia-sheinbaum-para-continuar-movimiento-de-transformacion\\\/#primaryimage\"},\"thumbnailUrl\":\"https:\\\/\\\/redamlo.com\\\/wp-content\\\/uploads\\\/2023\\\/09\\\/2023-09-07-Presidente-AMLO-Entrega-de-baston-de-mando-2.jpg\",\"datePublished\":\"2023-09-07T20:32:14+00:00\",\"breadcrumb\":{\"@id\":\"https:\\\/\\\/redamlo.com\\\/index.php\\\/2023\\\/09\\\/07\\\/presidente-entrega-baston-de-mando-a-claudia-sheinbaum-para-continuar-movimiento-de-transformacion\\\/#breadcrumb\"},\"inLanguage\":\"es\",\"potentialAction\":[{\"@type\":\"ReadAction\",\"target\":[\"https:\\\/\\\/redamlo.com\\\/index.php\\\/2023\\\/09\\\/07\\\/presidente-entrega-baston-de-mando-a-claudia-sheinbaum-para-continuar-movimiento-de-transformacion\\\/\"]}]},{\"@type\":\"ImageObject\",\"inLanguage\":\"es\",\"@id\":\"https:\\\/\\\/redamlo.com\\\/index.php\\\/2023\\\/09\\\/07\\\/presidente-entrega-baston-de-mando-a-claudia-sheinbaum-para-continuar-movimiento-de-transformacion\\\/#primaryimage\",\"url\":\"https:\\\/\\\/redamlo.com\\\/wp-content\\\/uploads\\\/2023\\\/09\\\/2023-09-07-Presidente-AMLO-Entrega-de-baston-de-mando-2.jpg\",\"contentUrl\":\"https:\\\/\\\/redamlo.com\\\/wp-content\\\/uploads\\\/2023\\\/09\\\/2023-09-07-Presidente-AMLO-Entrega-de-baston-de-mando-2.jpg\",\"width\":1000,\"height\":1249},{\"@type\":\"BreadcrumbList\",\"@id\":\"https:\\\/\\\/redamlo.com\\\/index.php\\\/2023\\\/09\\\/07\\\/presidente-entrega-baston-de-mando-a-claudia-sheinbaum-para-continuar-movimiento-de-transformacion\\\/#breadcrumb\",\"itemListElement\":[{\"@type\":\"ListItem\",\"position\":1,\"name\":\"Inicio\",\"item\":\"https:\\\/\\\/redamlo.com\\\/\"},{\"@type\":\"ListItem\",\"position\":2,\"name\":\"PRESIDENTE ENTREGA BAST\u00d3N DE MANDO A CLAUDIA SHEINBAUM PARA CONTINUAR MOVIMIENTO DE TRANSFORMACI\u00d3N\"}]},{\"@type\":\"WebSite\",\"@id\":\"https:\\\/\\\/redamlo.com\\\/#website\",\"url\":\"https:\\\/\\\/redamlo.com\\\/\",\"name\":\"NOTICIAS DE LA 4T\",\"description\":\"\",\"publisher\":{\"@id\":\"https:\\\/\\\/redamlo.com\\\/#organization\"},\"potentialAction\":[{\"@type\":\"SearchAction\",\"target\":{\"@type\":\"EntryPoint\",\"urlTemplate\":\"https:\\\/\\\/redamlo.com\\\/?s={search_term_string}\"},\"query-input\":{\"@type\":\"PropertyValueSpecification\",\"valueRequired\":true,\"valueName\":\"search_term_string\"}}],\"inLanguage\":\"es\"},{\"@type\":\"Organization\",\"@id\":\"https:\\\/\\\/redamlo.com\\\/#organization\",\"name\":\"NOTICIAS DE LA 4T\",\"url\":\"https:\\\/\\\/redamlo.com\\\/\",\"logo\":{\"@type\":\"ImageObject\",\"inLanguage\":\"es\",\"@id\":\"https:\\\/\\\/redamlo.com\\\/#\\\/schema\\\/logo\\\/image\\\/\",\"url\":\"https:\\\/\\\/redamlo.com\\\/wp-content\\\/uploads\\\/2024\\\/08\\\/cropped-RED-AMLO-logo-50.png\",\"contentUrl\":\"https:\\\/\\\/redamlo.com\\\/wp-content\\\/uploads\\\/2024\\\/08\\\/cropped-RED-AMLO-logo-50.png\",\"width\":256,\"height\":256,\"caption\":\"NOTICIAS DE LA 4T\"},\"image\":{\"@id\":\"https:\\\/\\\/redamlo.com\\\/#\\\/schema\\\/logo\\\/image\\\/\"}},{\"@type\":\"Person\",\"@id\":\"https:\\\/\\\/redamlo.com\\\/#\\\/schema\\\/person\\\/197a0a670d21b1f4f1483ddda1b64613\",\"name\":\"admin\",\"image\":{\"@type\":\"ImageObject\",\"inLanguage\":\"es\",\"@id\":\"https:\\\/\\\/secure.gravatar.com\\\/avatar\\\/293dccd927043f2e641da6685c2f84009782eb9ee0054daceada4e261ded849a?s=96&d=mm&r=g\",\"url\":\"https:\\\/\\\/secure.gravatar.com\\\/avatar\\\/293dccd927043f2e641da6685c2f84009782eb9ee0054daceada4e261ded849a?s=96&d=mm&r=g\",\"contentUrl\":\"https:\\\/\\\/secure.gravatar.com\\\/avatar\\\/293dccd927043f2e641da6685c2f84009782eb9ee0054daceada4e261ded849a?s=96&d=mm&r=g\",\"caption\":\"admin\"},\"sameAs\":[\"https:\\\/\\\/redamlo.com\"],\"url\":\"https:\\\/\\\/redamlo.com\\\/index.php\\\/author\\\/stell\\\/\"}]}<\/script>\n<!-- \/ Yoast SEO plugin. -->","yoast_head_json":{"title":"PRESIDENTE ENTREGA BAST\u00d3N DE MANDO A CLAUDIA SHEINBAUM PARA CONTINUAR MOVIMIENTO DE TRANSFORMACI\u00d3N - NOTICIAS DE LA 4T","robots":{"index":"noindex","follow":"follow","max-snippet":"max-snippet:-1","max-image-preview":"max-image-preview:large","max-video-preview":"max-video-preview:-1"},"og_locale":"es_MX","og_type":"article","og_title":"PRESIDENTE ENTREGA BAST\u00d3N DE MANDO A CLAUDIA SHEINBAUM PARA CONTINUAR MOVIMIENTO DE TRANSFORMACI\u00d3N - NOTICIAS DE LA 4T","og_description":"El presidente Andr\u00e9s Manuel L\u00f3pez Obrador entreg\u00f3 el bast\u00f3n de mando a Claudia Sheinbaum Pardo,...","og_url":"https:\/\/redamlo.com\/index.php\/2023\/09\/07\/presidente-entrega-baston-de-mando-a-claudia-sheinbaum-para-continuar-movimiento-de-transformacion\/","og_site_name":"NOTICIAS DE LA 4T","article_published_time":"2023-09-07T20:32:14+00:00","og_image":[{"width":1000,"height":1249,"url":"https:\/\/redamlo.com\/wp-content\/uploads\/2023\/09\/2023-09-07-Presidente-AMLO-Entrega-de-baston-de-mando-2.jpg","type":"image\/jpeg"}],"author":"admin","twitter_card":"summary_large_image","twitter_misc":{"Escrito por":"admin","Tiempo de lectura":"2 minutos"},"schema":{"@context":"https:\/\/schema.org","@graph":[{"@type":"Article","@id":"https:\/\/redamlo.com\/index.php\/2023\/09\/07\/presidente-entrega-baston-de-mando-a-claudia-sheinbaum-para-continuar-movimiento-de-transformacion\/#article","isPartOf":{"@id":"https:\/\/redamlo.com\/index.php\/2023\/09\/07\/presidente-entrega-baston-de-mando-a-claudia-sheinbaum-para-continuar-movimiento-de-transformacion\/"},"author":{"name":"admin","@id":"https:\/\/redamlo.com\/#\/schema\/person\/197a0a670d21b1f4f1483ddda1b64613"},"headline":"PRESIDENTE ENTREGA BAST\u00d3N DE MANDO A CLAUDIA SHEINBAUM PARA CONTINUAR MOVIMIENTO DE TRANSFORMACI\u00d3N","datePublished":"2023-09-07T20:32:14+00:00","mainEntityOfPage":{"@id":"https:\/\/redamlo.com\/index.php\/2023\/09\/07\/presidente-entrega-baston-de-mando-a-claudia-sheinbaum-para-continuar-movimiento-de-transformacion\/"},"wordCount":455,"commentCount":0,"publisher":{"@id":"https:\/\/redamlo.com\/#organization"},"image":{"@id":"https:\/\/redamlo.com\/index.php\/2023\/09\/07\/presidente-entrega-baston-de-mando-a-claudia-sheinbaum-para-continuar-movimiento-de-transformacion\/#primaryimage"},"thumbnailUrl":"https:\/\/redamlo.com\/wp-content\/uploads\/2023\/09\/2023-09-07-Presidente-AMLO-Entrega-de-baston-de-mando-2.jpg","keywords":["AMLO","baston de mando","Claudia Sheinbaum"],"articleSection":["Pol\u00edtica","Presidencia"],"inLanguage":"es","potentialAction":[{"@type":"CommentAction","name":"Comment","target":["https:\/\/redamlo.com\/index.php\/2023\/09\/07\/presidente-entrega-baston-de-mando-a-claudia-sheinbaum-para-continuar-movimiento-de-transformacion\/#respond"]}]},{"@type":"WebPage","@id":"https:\/\/redamlo.com\/index.php\/2023\/09\/07\/presidente-entrega-baston-de-mando-a-claudia-sheinbaum-para-continuar-movimiento-de-transformacion\/","url":"https:\/\/redamlo.com\/index.php\/2023\/09\/07\/presidente-entrega-baston-de-mando-a-claudia-sheinbaum-para-continuar-movimiento-de-transformacion\/","name":"PRESIDENTE ENTREGA BAST\u00d3N DE MANDO A CLAUDIA SHEINBAUM PARA CONTINUAR MOVIMIENTO DE TRANSFORMACI\u00d3N - NOTICIAS DE LA 4T","isPartOf":{"@id":"https:\/\/redamlo.com\/#website"},"primaryImageOfPage":{"@id":"https:\/\/redamlo.com\/index.php\/2023\/09\/07\/presidente-entrega-baston-de-mando-a-claudia-sheinbaum-para-continuar-movimiento-de-transformacion\/#primaryimage"},"image":{"@id":"https:\/\/redamlo.com\/index.php\/2023\/09\/07\/presidente-entrega-baston-de-mando-a-claudia-sheinbaum-para-continuar-movimiento-de-transformacion\/#primaryimage"},"thumbnailUrl":"https:\/\/redamlo.com\/wp-content\/uploads\/2023\/09\/2023-09-07-Presidente-AMLO-Entrega-de-baston-de-mando-2.jpg","datePublished":"2023-09-07T20:32:14+00:00","breadcrumb":{"@id":"https:\/\/redamlo.com\/index.php\/2023\/09\/07\/presidente-entrega-baston-de-mando-a-claudia-sheinbaum-para-continuar-movimiento-de-transformacion\/#breadcrumb"},"inLanguage":"es","potentialAction":[{"@type":"ReadAction","target":["https:\/\/redamlo.com\/index.php\/2023\/09\/07\/presidente-entrega-baston-de-mando-a-claudia-sheinbaum-para-continuar-movimiento-de-transformacion\/"]}]},{"@type":"ImageObject","inLanguage":"es","@id":"https:\/\/redamlo.com\/index.php\/2023\/09\/07\/presidente-entrega-baston-de-mando-a-claudia-sheinbaum-para-continuar-movimiento-de-transformacion\/#primaryimage","url":"https:\/\/redamlo.com\/wp-content\/uploads\/2023\/09\/2023-09-07-Presidente-AMLO-Entrega-de-baston-de-mando-2.jpg","contentUrl":"https:\/\/redamlo.com\/wp-content\/uploads\/2023\/09\/2023-09-07-Presidente-AMLO-Entrega-de-baston-de-mando-2.jpg","width":1000,"height":1249},{"@type":"BreadcrumbList","@id":"https:\/\/redamlo.com\/index.php\/2023\/09\/07\/presidente-entrega-baston-de-mando-a-claudia-sheinbaum-para-continuar-movimiento-de-transformacion\/#breadcrumb","itemListElement":[{"@type":"ListItem","position":1,"name":"Inicio","item":"https:\/\/redamlo.com\/"},{"@type":"ListItem","position":2,"name":"PRESIDENTE ENTREGA BAST\u00d3N DE MANDO A CLAUDIA SHEINBAUM PARA CONTINUAR MOVIMIENTO DE TRANSFORMACI\u00d3N"}]},{"@type":"WebSite","@id":"https:\/\/redamlo.com\/#website","url":"https:\/\/redamlo.com\/","name":"NOTICIAS DE LA 4T","description":"","publisher":{"@id":"https:\/\/redamlo.com\/#organization"},"potentialAction":[{"@type":"SearchAction","target":{"@type":"EntryPoint","urlTemplate":"https:\/\/redamlo.com\/?s={search_term_string}"},"query-input":{"@type":"PropertyValueSpecification","valueRequired":true,"valueName":"search_term_string"}}],"inLanguage":"es"},{"@type":"Organization","@id":"https:\/\/redamlo.com\/#organization","name":"NOTICIAS DE LA 4T","url":"https:\/\/redamlo.com\/","logo":{"@type":"ImageObject","inLanguage":"es","@id":"https:\/\/redamlo.com\/#\/schema\/logo\/image\/","url":"https:\/\/redamlo.com\/wp-content\/uploads\/2024\/08\/cropped-RED-AMLO-logo-50.png","contentUrl":"https:\/\/redamlo.com\/wp-content\/uploads\/2024\/08\/cropped-RED-AMLO-logo-50.png","width":256,"height":256,"caption":"NOTICIAS DE LA 4T"},"image":{"@id":"https:\/\/redamlo.com\/#\/schema\/logo\/image\/"}},{"@type":"Person","@id":"https:\/\/redamlo.com\/#\/schema\/person\/197a0a670d21b1f4f1483ddda1b64613","name":"admin","image":{"@type":"ImageObject","inLanguage":"es","@id":"https:\/\/secure.gravatar.com\/avatar\/293dccd927043f2e641da6685c2f84009782eb9ee0054daceada4e261ded849a?s=96&d=mm&r=g","url":"https:\/\/secure.gravatar.com\/avatar\/293dccd927043f2e641da6685c2f84009782eb9ee0054daceada4e261ded849a?s=96&d=mm&r=g","contentUrl":"https:\/\/secure.gravatar.com\/avatar\/293dccd927043f2e641da6685c2f84009782eb9ee0054daceada4e261ded849a?s=96&d=mm&r=g","caption":"admin"},"sameAs":["https:\/\/redamlo.com"],"url":"https:\/\/redamlo.com\/index.php\/author\/stell\/"}]}},"_links":{"self":[{"href":"https:\/\/redamlo.com\/index.php\/wp-json\/wp\/v2\/posts\/7033","targetHints":{"allow":["GET"]}}],"collection":[{"href":"https:\/\/redamlo.com\/index.php\/wp-json\/wp\/v2\/posts"}],"about":[{"href":"https:\/\/redamlo.com\/index.php\/wp-json\/wp\/v2\/types\/post"}],"author":[{"embeddable":true,"href":"https:\/\/redamlo.com\/index.php\/wp-json\/wp\/v2\/users\/1"}],"replies":[{"embeddable":true,"href":"https:\/\/redamlo.com\/index.php\/wp-json\/wp\/v2\/comments?post=7033"}],"version-history":[{"count":0,"href":"https:\/\/redamlo.com\/index.php\/wp-json\/wp\/v2\/posts\/7033\/revisions"}],"wp:featuredmedia":[{"embeddable":true,"href":"https:\/\/redamlo.com\/index.php\/wp-json\/wp\/v2\/media\/7034"}],"wp:attachment":[{"href":"https:\/\/redamlo.com\/index.php\/wp-json\/wp\/v2\/media?parent=7033"}],"wp:term":[{"taxonomy":"category","embeddable":true,"href":"https:\/\/redamlo.com\/index.php\/wp-json\/wp\/v2\/categories?post=7033"},{"taxonomy":"post_tag","embeddable":true,"href":"https:\/\/redamlo.com\/index.php\/wp-json\/wp\/v2\/tags?post=7033"}],"curies":[{"name":"wp","href":"https:\/\/api.w.org\/{rel}","templated":true}]}}