{"id":7004,"date":"2023-08-22T14:02:02","date_gmt":"2023-08-22T20:02:02","guid":{"rendered":"https:\/\/redamlo.com\/?p=7004"},"modified":"2023-08-22T14:02:02","modified_gmt":"2023-08-22T20:02:02","slug":"con-paola-gonzalez-llegara-la-4t-a-juarez-nuevo-leon","status":"publish","type":"post","link":"https:\/\/redamlo.com\/index.php\/2023\/08\/22\/con-paola-gonzalez-llegara-la-4t-a-juarez-nuevo-leon\/","title":{"rendered":"Con Paola Gonz\u00e1lez llegar\u00e1 la 4T a Ju\u00e1rez, Nuevo Le\u00f3n"},"content":{"rendered":"<p>Monterrey.- La esperanza para que el municipio de Ju\u00e1rez, Nuevo Le\u00f3n, se inserte al proceso de cambio verdadero con la Cuarta Transformaci\u00f3n que vive M\u00e9xico, <strong>ha llegado con la figura de Paola Gonz\u00e1lez<\/strong>, quien encabeza las encuestas para triunfar en la alcald\u00eda en los comicios del pr\u00f3ximo a\u00f1o de 2024.<\/p>\n<p>\u00bfQui\u00e9n es Paola Gonz\u00e1lez? Su presencia entre la comunidad juarense no es producto de un dedazo o una serie de actividades propagand\u00edsticas recientes, sino producto de una carrera pol\u00edtica con fidelidad al proyecto de la Cuarta Transformaci\u00f3n que encabeza el presidente Andr\u00e9s Manuel L\u00f3pez Obrador.<\/p>\n<p>Paola es licenciada en Derecho, maestra en Derecho de Amparo con menci\u00f3n honor\u00edfica por la Universidad Aut\u00f3noma de Nuevo Le\u00f3n y actualmente doctorante en Ciencias Pol\u00edticas en la misma instituci\u00f3n, donde tambi\u00e9n imparte clases de Derechos Humanos en la Facultad de Ciencias Pol\u00edticas.<\/p>\n<p><img loading=\"lazy\" decoding=\"async\" class=\"size-medium wp-image-7005 alignleft\" src=\"https:\/\/redamlo.com\/wp-content\/uploads\/2023\/08\/WhatsApp-Image-2023-08-22-at-14.52.09-237x300.jpeg\" alt=\"\" width=\"237\" height=\"300\" srcset=\"https:\/\/redamlo.com\/wp-content\/uploads\/2023\/08\/WhatsApp-Image-2023-08-22-at-14.52.09-237x300.jpeg 237w, https:\/\/redamlo.com\/wp-content\/uploads\/2023\/08\/WhatsApp-Image-2023-08-22-at-14.52.09-810x1024.jpeg 810w, https:\/\/redamlo.com\/wp-content\/uploads\/2023\/08\/WhatsApp-Image-2023-08-22-at-14.52.09-768x971.jpeg 768w, https:\/\/redamlo.com\/wp-content\/uploads\/2023\/08\/WhatsApp-Image-2023-08-22-at-14.52.09-1214x1536.jpeg 1214w, https:\/\/redamlo.com\/wp-content\/uploads\/2023\/08\/WhatsApp-Image-2023-08-22-at-14.52.09.jpeg 1265w\" sizes=\"auto, (max-width: 237px) 100vw, 237px\" \/><\/p>\n<p>Inici\u00f3 su carrera pol\u00edtica en el a\u00f1o 2012 defendiendo el triunfo de Andr\u00e9s Manuel L\u00f3pez Obrador y combatiendo el fraude producto de la compra masiva de votos de Enrique Pe\u00f1a Nieto. Hay un testimonio gr\u00e1fico de su caminar por las colonias populares del estado de Nuevo Le\u00f3n donde se ve a una joven regia con el cuerpo cansado pero con esperanza en sus ojos.<\/p>\n<p>En aquellos a\u00f1os, la Cuarta Transformaci\u00f3n, el apoyo a adultos mayores, el apoyo a personas con discapacidad, tener a L\u00f3pez Obrador de Presidente, todo era una utop\u00eda que muchos no cre\u00edan posible.<\/p>\n<p>Su caminar tuvo como resultado ser la diputada m\u00e1s votada del estado en el 2018, donde se sum\u00f3 al Congreso nacional y present\u00f3 la primera iniciativa de la Cuarta Transformaci\u00f3n: cambiar el orden de los colores de la bandera en la banda presidencial.<\/p>\n<p>Su hist\u00f3rica bancada logr\u00f3 que hoy los adultos mayores tengan una pensi\u00f3n garantizada por la Constituci\u00f3n, que los estudiantes tengan un apoyo para no dejar la escuela, que las personas con discapacidad tengan un apoyo econ\u00f3mico para tener una vida digna.<\/p>\n<p>Fue ella tambi\u00e9n part\u00edcipe para lograr quitarle la pensi\u00f3n a los ex presidentes y en donde Vicente Fox lleg\u00f3 a recibir 40 millones 590 mil pesos por pensi\u00f3n vitalicia desde que dej\u00f3 el poder hasta julio de 2017. Gracias a Paola y sus aliados se logr\u00f3 eliminar esta aberraci\u00f3n.<\/p>\n<p>Su bancada tambi\u00e9n disminuy\u00f3 el sueldo de diputados y elimin\u00f3 presupuestos millonarios anuales que \u00e9stos ten\u00edan, los cuales ahora son utilizados para sostener el apoyo de los programas sociales, es decir, para beneficiar al pueblo de M\u00e9xico.<\/p>\n<p>Todo este caminar en el que Paola particip\u00f3 tiene como resultado que en las encuestas para la alcald\u00eda de Ju\u00e1rez en los comicios del 2024 tenga una ventaja encima del actual alcalde quien -\u00e9l y su familia- ha mantenido un cacicazgo de m\u00e1s de una d\u00e9cada dando como resultado que Ju\u00e1rez sea el municipio peor evaluado en el estado.<\/p>\n<p>Entre los tristes n\u00fameros del Municipio que a la vista de todos est\u00e1 en p\u00e9simas condiciones, se encuentra que es el de m\u00e1s feminicidios a nivel nacional, dato que Paola le hizo saber a la doctora Claudia Sheinbaum en su reciente visita.<\/p>\n<p>Paola es una joven que sin tener un apellido pol\u00edtico, ni descender de una familia empresarial, como es muy com\u00fan en los pol\u00edticos del estado, caminando casa por casa lleg\u00f3 al Congreso a darnos voz con L\u00f3pez Obrador.<\/p>\n<p>Esa joven hoy es la mujer que tiene la posibilidad de terminar con diez a\u00f1os de cacicazgo en Ju\u00e1rez y ser la primera alcaldesa de dicho Municipio.<\/p>\n<p>Hace unas semanas vimos a Paola en un evento masivo en el Municipio de Ju\u00e1rez con la secretaria nacional del partido, Citlali Hern\u00e1ndez, donde se le vio respaldada ante una muchedumbre que gritaba \u00a1Alcaldesa! \u00a1Alcaldesa! \u00a1Alcaldesa! Hace unos d\u00edas se le vio con el maestro Bernardo B\u00e1tiz, un hombre cercano al Presidente de M\u00e9xico e instituci\u00f3n intelectual en el \u00e1mbito pol\u00edtico, en un evento en una plaza del Municipio donde se le escuch\u00f3 al maestro decir que desea regresar a Ju\u00e1rez en campa\u00f1a para apoyar a su amiga y compa\u00f1era Paola.<\/p>\n<p>La hemos visto con maestros, con empresarios, con gente harta que cuando sus hijos salen no sepa si regresar\u00e1n o ser\u00e1n v\u00edctimas de un Ju\u00e1rez en abandono.<\/p>\n<p>Texto: Fernando Cuevas<\/p>\n","protected":false},"excerpt":{"rendered":"<p>Monterrey.- La esperanza para que el municipio de Ju\u00e1rez, Nuevo Le\u00f3n, se inserte al proceso&#8230;<\/p>\n","protected":false},"author":1,"featured_media":7006,"comment_status":"open","ping_status":"closed","sticky":false,"template":"","format":"standard","meta":{"footnotes":""},"categories":[25,6],"tags":[2538,24,2539,2449,2540,324],"class_list":["post-7004","post","type-post","status-publish","format-standard","has-post-thumbnail","hentry","category-4t","category-estados","tag-juarez","tag-morena","tag-mty","tag-nuevo-leon","tag-paola-gonzalez","tag-red-amlo"],"yoast_head":"<!-- This site is optimized with the Yoast SEO plugin v27.5 - https:\/\/yoast.com\/product\/yoast-seo-wordpress\/ -->\n<title>Con Paola Gonz\u00e1lez llegar\u00e1 la 4T a Ju\u00e1rez, Nuevo Le\u00f3n - NOTICIAS DE LA 4T<\/title>\n<meta name=\"robots\" content=\"noindex, follow, max-snippet:-1, max-image-preview:large, max-video-preview:-1\" \/>\n<meta property=\"og:locale\" content=\"es_MX\" \/>\n<meta property=\"og:type\" content=\"article\" \/>\n<meta property=\"og:title\" content=\"Con Paola Gonz\u00e1lez llegar\u00e1 la 4T a Ju\u00e1rez, Nuevo Le\u00f3n - NOTICIAS DE LA 4T\" \/>\n<meta property=\"og:description\" content=\"Monterrey.- La esperanza para que el municipio de Ju\u00e1rez, Nuevo Le\u00f3n, se inserte al proceso...\" \/>\n<meta property=\"og:url\" content=\"https:\/\/redamlo.com\/index.php\/2023\/08\/22\/con-paola-gonzalez-llegara-la-4t-a-juarez-nuevo-leon\/\" \/>\n<meta property=\"og:site_name\" content=\"NOTICIAS DE LA 4T\" \/>\n<meta property=\"article:published_time\" content=\"2023-08-22T20:02:02+00:00\" \/>\n<meta property=\"og:image\" content=\"https:\/\/redamlo.com\/wp-content\/uploads\/2023\/08\/paola_glez_mty.jpeg\" \/>\n\t<meta property=\"og:image:width\" content=\"1265\" \/>\n\t<meta property=\"og:image:height\" content=\"1012\" \/>\n\t<meta property=\"og:image:type\" content=\"image\/jpeg\" \/>\n<meta name=\"author\" content=\"admin\" \/>\n<meta name=\"twitter:card\" content=\"summary_large_image\" \/>\n<meta name=\"twitter:label1\" content=\"Escrito por\" \/>\n\t<meta name=\"twitter:data1\" content=\"admin\" \/>\n\t<meta name=\"twitter:label2\" content=\"Tiempo de lectura\" \/>\n\t<meta name=\"twitter:data2\" content=\"4 minutos\" \/>\n<script type=\"application\/ld+json\" class=\"yoast-schema-graph\">{\"@context\":\"https:\\\/\\\/schema.org\",\"@graph\":[{\"@type\":\"Article\",\"@id\":\"https:\\\/\\\/redamlo.com\\\/index.php\\\/2023\\\/08\\\/22\\\/con-paola-gonzalez-llegara-la-4t-a-juarez-nuevo-leon\\\/#article\",\"isPartOf\":{\"@id\":\"https:\\\/\\\/redamlo.com\\\/index.php\\\/2023\\\/08\\\/22\\\/con-paola-gonzalez-llegara-la-4t-a-juarez-nuevo-leon\\\/\"},\"author\":{\"name\":\"admin\",\"@id\":\"https:\\\/\\\/redamlo.com\\\/#\\\/schema\\\/person\\\/197a0a670d21b1f4f1483ddda1b64613\"},\"headline\":\"Con Paola Gonz\u00e1lez llegar\u00e1 la 4T a Ju\u00e1rez, Nuevo Le\u00f3n\",\"datePublished\":\"2023-08-22T20:02:02+00:00\",\"mainEntityOfPage\":{\"@id\":\"https:\\\/\\\/redamlo.com\\\/index.php\\\/2023\\\/08\\\/22\\\/con-paola-gonzalez-llegara-la-4t-a-juarez-nuevo-leon\\\/\"},\"wordCount\":776,\"commentCount\":0,\"publisher\":{\"@id\":\"https:\\\/\\\/redamlo.com\\\/#organization\"},\"image\":{\"@id\":\"https:\\\/\\\/redamlo.com\\\/index.php\\\/2023\\\/08\\\/22\\\/con-paola-gonzalez-llegara-la-4t-a-juarez-nuevo-leon\\\/#primaryimage\"},\"thumbnailUrl\":\"https:\\\/\\\/redamlo.com\\\/wp-content\\\/uploads\\\/2023\\\/08\\\/paola_glez_mty.jpeg\",\"keywords\":[\"Ju\u00e1rez\",\"Morena\",\"Mty\",\"Nuevo Le\u00f3n\",\"Paola Gonz\u00e1lez\",\"Red Amlo\"],\"articleSection\":[\"4T\",\"Estados\"],\"inLanguage\":\"es\",\"potentialAction\":[{\"@type\":\"CommentAction\",\"name\":\"Comment\",\"target\":[\"https:\\\/\\\/redamlo.com\\\/index.php\\\/2023\\\/08\\\/22\\\/con-paola-gonzalez-llegara-la-4t-a-juarez-nuevo-leon\\\/#respond\"]}]},{\"@type\":\"WebPage\",\"@id\":\"https:\\\/\\\/redamlo.com\\\/index.php\\\/2023\\\/08\\\/22\\\/con-paola-gonzalez-llegara-la-4t-a-juarez-nuevo-leon\\\/\",\"url\":\"https:\\\/\\\/redamlo.com\\\/index.php\\\/2023\\\/08\\\/22\\\/con-paola-gonzalez-llegara-la-4t-a-juarez-nuevo-leon\\\/\",\"name\":\"Con Paola Gonz\u00e1lez llegar\u00e1 la 4T a Ju\u00e1rez, Nuevo Le\u00f3n - NOTICIAS DE LA 4T\",\"isPartOf\":{\"@id\":\"https:\\\/\\\/redamlo.com\\\/#website\"},\"primaryImageOfPage\":{\"@id\":\"https:\\\/\\\/redamlo.com\\\/index.php\\\/2023\\\/08\\\/22\\\/con-paola-gonzalez-llegara-la-4t-a-juarez-nuevo-leon\\\/#primaryimage\"},\"image\":{\"@id\":\"https:\\\/\\\/redamlo.com\\\/index.php\\\/2023\\\/08\\\/22\\\/con-paola-gonzalez-llegara-la-4t-a-juarez-nuevo-leon\\\/#primaryimage\"},\"thumbnailUrl\":\"https:\\\/\\\/redamlo.com\\\/wp-content\\\/uploads\\\/2023\\\/08\\\/paola_glez_mty.jpeg\",\"datePublished\":\"2023-08-22T20:02:02+00:00\",\"breadcrumb\":{\"@id\":\"https:\\\/\\\/redamlo.com\\\/index.php\\\/2023\\\/08\\\/22\\\/con-paola-gonzalez-llegara-la-4t-a-juarez-nuevo-leon\\\/#breadcrumb\"},\"inLanguage\":\"es\",\"potentialAction\":[{\"@type\":\"ReadAction\",\"target\":[\"https:\\\/\\\/redamlo.com\\\/index.php\\\/2023\\\/08\\\/22\\\/con-paola-gonzalez-llegara-la-4t-a-juarez-nuevo-leon\\\/\"]}]},{\"@type\":\"ImageObject\",\"inLanguage\":\"es\",\"@id\":\"https:\\\/\\\/redamlo.com\\\/index.php\\\/2023\\\/08\\\/22\\\/con-paola-gonzalez-llegara-la-4t-a-juarez-nuevo-leon\\\/#primaryimage\",\"url\":\"https:\\\/\\\/redamlo.com\\\/wp-content\\\/uploads\\\/2023\\\/08\\\/paola_glez_mty.jpeg\",\"contentUrl\":\"https:\\\/\\\/redamlo.com\\\/wp-content\\\/uploads\\\/2023\\\/08\\\/paola_glez_mty.jpeg\",\"width\":1265,\"height\":1012},{\"@type\":\"BreadcrumbList\",\"@id\":\"https:\\\/\\\/redamlo.com\\\/index.php\\\/2023\\\/08\\\/22\\\/con-paola-gonzalez-llegara-la-4t-a-juarez-nuevo-leon\\\/#breadcrumb\",\"itemListElement\":[{\"@type\":\"ListItem\",\"position\":1,\"name\":\"Inicio\",\"item\":\"https:\\\/\\\/redamlo.com\\\/\"},{\"@type\":\"ListItem\",\"position\":2,\"name\":\"Con Paola Gonz\u00e1lez llegar\u00e1 la 4T a Ju\u00e1rez, Nuevo Le\u00f3n\"}]},{\"@type\":\"WebSite\",\"@id\":\"https:\\\/\\\/redamlo.com\\\/#website\",\"url\":\"https:\\\/\\\/redamlo.com\\\/\",\"name\":\"NOTICIAS DE LA 4T\",\"description\":\"\",\"publisher\":{\"@id\":\"https:\\\/\\\/redamlo.com\\\/#organization\"},\"potentialAction\":[{\"@type\":\"SearchAction\",\"target\":{\"@type\":\"EntryPoint\",\"urlTemplate\":\"https:\\\/\\\/redamlo.com\\\/?s={search_term_string}\"},\"query-input\":{\"@type\":\"PropertyValueSpecification\",\"valueRequired\":true,\"valueName\":\"search_term_string\"}}],\"inLanguage\":\"es\"},{\"@type\":\"Organization\",\"@id\":\"https:\\\/\\\/redamlo.com\\\/#organization\",\"name\":\"NOTICIAS DE LA 4T\",\"url\":\"https:\\\/\\\/redamlo.com\\\/\",\"logo\":{\"@type\":\"ImageObject\",\"inLanguage\":\"es\",\"@id\":\"https:\\\/\\\/redamlo.com\\\/#\\\/schema\\\/logo\\\/image\\\/\",\"url\":\"https:\\\/\\\/redamlo.com\\\/wp-content\\\/uploads\\\/2024\\\/08\\\/cropped-RED-AMLO-logo-50.png\",\"contentUrl\":\"https:\\\/\\\/redamlo.com\\\/wp-content\\\/uploads\\\/2024\\\/08\\\/cropped-RED-AMLO-logo-50.png\",\"width\":256,\"height\":256,\"caption\":\"NOTICIAS DE LA 4T\"},\"image\":{\"@id\":\"https:\\\/\\\/redamlo.com\\\/#\\\/schema\\\/logo\\\/image\\\/\"}},{\"@type\":\"Person\",\"@id\":\"https:\\\/\\\/redamlo.com\\\/#\\\/schema\\\/person\\\/197a0a670d21b1f4f1483ddda1b64613\",\"name\":\"admin\",\"image\":{\"@type\":\"ImageObject\",\"inLanguage\":\"es\",\"@id\":\"https:\\\/\\\/secure.gravatar.com\\\/avatar\\\/293dccd927043f2e641da6685c2f84009782eb9ee0054daceada4e261ded849a?s=96&d=mm&r=g\",\"url\":\"https:\\\/\\\/secure.gravatar.com\\\/avatar\\\/293dccd927043f2e641da6685c2f84009782eb9ee0054daceada4e261ded849a?s=96&d=mm&r=g\",\"contentUrl\":\"https:\\\/\\\/secure.gravatar.com\\\/avatar\\\/293dccd927043f2e641da6685c2f84009782eb9ee0054daceada4e261ded849a?s=96&d=mm&r=g\",\"caption\":\"admin\"},\"sameAs\":[\"https:\\\/\\\/redamlo.com\"],\"url\":\"https:\\\/\\\/redamlo.com\\\/index.php\\\/author\\\/stell\\\/\"}]}<\/script>\n<!-- \/ Yoast SEO plugin. -->","yoast_head_json":{"title":"Con Paola Gonz\u00e1lez llegar\u00e1 la 4T a Ju\u00e1rez, Nuevo Le\u00f3n - NOTICIAS DE LA 4T","robots":{"index":"noindex","follow":"follow","max-snippet":"max-snippet:-1","max-image-preview":"max-image-preview:large","max-video-preview":"max-video-preview:-1"},"og_locale":"es_MX","og_type":"article","og_title":"Con Paola Gonz\u00e1lez llegar\u00e1 la 4T a Ju\u00e1rez, Nuevo Le\u00f3n - NOTICIAS DE LA 4T","og_description":"Monterrey.- La esperanza para que el municipio de Ju\u00e1rez, Nuevo Le\u00f3n, se inserte al proceso...","og_url":"https:\/\/redamlo.com\/index.php\/2023\/08\/22\/con-paola-gonzalez-llegara-la-4t-a-juarez-nuevo-leon\/","og_site_name":"NOTICIAS DE LA 4T","article_published_time":"2023-08-22T20:02:02+00:00","og_image":[{"width":1265,"height":1012,"url":"https:\/\/redamlo.com\/wp-content\/uploads\/2023\/08\/paola_glez_mty.jpeg","type":"image\/jpeg"}],"author":"admin","twitter_card":"summary_large_image","twitter_misc":{"Escrito por":"admin","Tiempo de lectura":"4 minutos"},"schema":{"@context":"https:\/\/schema.org","@graph":[{"@type":"Article","@id":"https:\/\/redamlo.com\/index.php\/2023\/08\/22\/con-paola-gonzalez-llegara-la-4t-a-juarez-nuevo-leon\/#article","isPartOf":{"@id":"https:\/\/redamlo.com\/index.php\/2023\/08\/22\/con-paola-gonzalez-llegara-la-4t-a-juarez-nuevo-leon\/"},"author":{"name":"admin","@id":"https:\/\/redamlo.com\/#\/schema\/person\/197a0a670d21b1f4f1483ddda1b64613"},"headline":"Con Paola Gonz\u00e1lez llegar\u00e1 la 4T a Ju\u00e1rez, Nuevo Le\u00f3n","datePublished":"2023-08-22T20:02:02+00:00","mainEntityOfPage":{"@id":"https:\/\/redamlo.com\/index.php\/2023\/08\/22\/con-paola-gonzalez-llegara-la-4t-a-juarez-nuevo-leon\/"},"wordCount":776,"commentCount":0,"publisher":{"@id":"https:\/\/redamlo.com\/#organization"},"image":{"@id":"https:\/\/redamlo.com\/index.php\/2023\/08\/22\/con-paola-gonzalez-llegara-la-4t-a-juarez-nuevo-leon\/#primaryimage"},"thumbnailUrl":"https:\/\/redamlo.com\/wp-content\/uploads\/2023\/08\/paola_glez_mty.jpeg","keywords":["Ju\u00e1rez","Morena","Mty","Nuevo Le\u00f3n","Paola Gonz\u00e1lez","Red Amlo"],"articleSection":["4T","Estados"],"inLanguage":"es","potentialAction":[{"@type":"CommentAction","name":"Comment","target":["https:\/\/redamlo.com\/index.php\/2023\/08\/22\/con-paola-gonzalez-llegara-la-4t-a-juarez-nuevo-leon\/#respond"]}]},{"@type":"WebPage","@id":"https:\/\/redamlo.com\/index.php\/2023\/08\/22\/con-paola-gonzalez-llegara-la-4t-a-juarez-nuevo-leon\/","url":"https:\/\/redamlo.com\/index.php\/2023\/08\/22\/con-paola-gonzalez-llegara-la-4t-a-juarez-nuevo-leon\/","name":"Con Paola Gonz\u00e1lez llegar\u00e1 la 4T a Ju\u00e1rez, Nuevo Le\u00f3n - NOTICIAS DE LA 4T","isPartOf":{"@id":"https:\/\/redamlo.com\/#website"},"primaryImageOfPage":{"@id":"https:\/\/redamlo.com\/index.php\/2023\/08\/22\/con-paola-gonzalez-llegara-la-4t-a-juarez-nuevo-leon\/#primaryimage"},"image":{"@id":"https:\/\/redamlo.com\/index.php\/2023\/08\/22\/con-paola-gonzalez-llegara-la-4t-a-juarez-nuevo-leon\/#primaryimage"},"thumbnailUrl":"https:\/\/redamlo.com\/wp-content\/uploads\/2023\/08\/paola_glez_mty.jpeg","datePublished":"2023-08-22T20:02:02+00:00","breadcrumb":{"@id":"https:\/\/redamlo.com\/index.php\/2023\/08\/22\/con-paola-gonzalez-llegara-la-4t-a-juarez-nuevo-leon\/#breadcrumb"},"inLanguage":"es","potentialAction":[{"@type":"ReadAction","target":["https:\/\/redamlo.com\/index.php\/2023\/08\/22\/con-paola-gonzalez-llegara-la-4t-a-juarez-nuevo-leon\/"]}]},{"@type":"ImageObject","inLanguage":"es","@id":"https:\/\/redamlo.com\/index.php\/2023\/08\/22\/con-paola-gonzalez-llegara-la-4t-a-juarez-nuevo-leon\/#primaryimage","url":"https:\/\/redamlo.com\/wp-content\/uploads\/2023\/08\/paola_glez_mty.jpeg","contentUrl":"https:\/\/redamlo.com\/wp-content\/uploads\/2023\/08\/paola_glez_mty.jpeg","width":1265,"height":1012},{"@type":"BreadcrumbList","@id":"https:\/\/redamlo.com\/index.php\/2023\/08\/22\/con-paola-gonzalez-llegara-la-4t-a-juarez-nuevo-leon\/#breadcrumb","itemListElement":[{"@type":"ListItem","position":1,"name":"Inicio","item":"https:\/\/redamlo.com\/"},{"@type":"ListItem","position":2,"name":"Con Paola Gonz\u00e1lez llegar\u00e1 la 4T a Ju\u00e1rez, Nuevo Le\u00f3n"}]},{"@type":"WebSite","@id":"https:\/\/redamlo.com\/#website","url":"https:\/\/redamlo.com\/","name":"NOTICIAS DE LA 4T","description":"","publisher":{"@id":"https:\/\/redamlo.com\/#organization"},"potentialAction":[{"@type":"SearchAction","target":{"@type":"EntryPoint","urlTemplate":"https:\/\/redamlo.com\/?s={search_term_string}"},"query-input":{"@type":"PropertyValueSpecification","valueRequired":true,"valueName":"search_term_string"}}],"inLanguage":"es"},{"@type":"Organization","@id":"https:\/\/redamlo.com\/#organization","name":"NOTICIAS DE LA 4T","url":"https:\/\/redamlo.com\/","logo":{"@type":"ImageObject","inLanguage":"es","@id":"https:\/\/redamlo.com\/#\/schema\/logo\/image\/","url":"https:\/\/redamlo.com\/wp-content\/uploads\/2024\/08\/cropped-RED-AMLO-logo-50.png","contentUrl":"https:\/\/redamlo.com\/wp-content\/uploads\/2024\/08\/cropped-RED-AMLO-logo-50.png","width":256,"height":256,"caption":"NOTICIAS DE LA 4T"},"image":{"@id":"https:\/\/redamlo.com\/#\/schema\/logo\/image\/"}},{"@type":"Person","@id":"https:\/\/redamlo.com\/#\/schema\/person\/197a0a670d21b1f4f1483ddda1b64613","name":"admin","image":{"@type":"ImageObject","inLanguage":"es","@id":"https:\/\/secure.gravatar.com\/avatar\/293dccd927043f2e641da6685c2f84009782eb9ee0054daceada4e261ded849a?s=96&d=mm&r=g","url":"https:\/\/secure.gravatar.com\/avatar\/293dccd927043f2e641da6685c2f84009782eb9ee0054daceada4e261ded849a?s=96&d=mm&r=g","contentUrl":"https:\/\/secure.gravatar.com\/avatar\/293dccd927043f2e641da6685c2f84009782eb9ee0054daceada4e261ded849a?s=96&d=mm&r=g","caption":"admin"},"sameAs":["https:\/\/redamlo.com"],"url":"https:\/\/redamlo.com\/index.php\/author\/stell\/"}]}},"_links":{"self":[{"href":"https:\/\/redamlo.com\/index.php\/wp-json\/wp\/v2\/posts\/7004","targetHints":{"allow":["GET"]}}],"collection":[{"href":"https:\/\/redamlo.com\/index.php\/wp-json\/wp\/v2\/posts"}],"about":[{"href":"https:\/\/redamlo.com\/index.php\/wp-json\/wp\/v2\/types\/post"}],"author":[{"embeddable":true,"href":"https:\/\/redamlo.com\/index.php\/wp-json\/wp\/v2\/users\/1"}],"replies":[{"embeddable":true,"href":"https:\/\/redamlo.com\/index.php\/wp-json\/wp\/v2\/comments?post=7004"}],"version-history":[{"count":0,"href":"https:\/\/redamlo.com\/index.php\/wp-json\/wp\/v2\/posts\/7004\/revisions"}],"wp:featuredmedia":[{"embeddable":true,"href":"https:\/\/redamlo.com\/index.php\/wp-json\/wp\/v2\/media\/7006"}],"wp:attachment":[{"href":"https:\/\/redamlo.com\/index.php\/wp-json\/wp\/v2\/media?parent=7004"}],"wp:term":[{"taxonomy":"category","embeddable":true,"href":"https:\/\/redamlo.com\/index.php\/wp-json\/wp\/v2\/categories?post=7004"},{"taxonomy":"post_tag","embeddable":true,"href":"https:\/\/redamlo.com\/index.php\/wp-json\/wp\/v2\/tags?post=7004"}],"curies":[{"name":"wp","href":"https:\/\/api.w.org\/{rel}","templated":true}]}}