{"id":6997,"date":"2023-08-06T20:04:06","date_gmt":"2023-08-07T02:04:06","guid":{"rendered":"https:\/\/redamlo.com\/?p=6997"},"modified":"2023-08-06T20:04:06","modified_gmt":"2023-08-07T02:04:06","slug":"el-cartel-de-los-seiem-pretende-infiltrase-en-el-gobierno-de-la-maestra-delfina-gomez-en-el-edomex","status":"publish","type":"post","link":"https:\/\/redamlo.com\/index.php\/2023\/08\/06\/el-cartel-de-los-seiem-pretende-infiltrase-en-el-gobierno-de-la-maestra-delfina-gomez-en-el-edomex\/","title":{"rendered":"El cartel de los SEIEM pretende infiltrase en el gobierno de la Maestra Delfina G\u00f3mez en el Edom\u00e9x"},"content":{"rendered":"<ul>\n<li><strong>Integrante de este grupo conservador es el diputado local Rigoberto Vargas Cervantes, quien lleg\u00f3 a la curul por Nueva Alianza.<\/strong><\/li>\n<\/ul>\n<p><strong>\u00a0<\/strong><\/p>\n<ul>\n<li><strong>Isidro Mor\u00e1n M\u00e1rquez, de la Subdirecci\u00f3n de Educaci\u00f3n Secundaria dependiente de los SEIEM es se\u00f1alado por diversos delitos: falsificaci\u00f3n de documentos, abuso de autoridad, tr\u00e1fico de influencias, uso indebido del servicio p\u00fablico.<\/strong><\/li>\n<\/ul>\n<p>Por: Zavianny Torres Baltazar<\/p>\n<p>Respaldada por a\u00f1os de investigaci\u00f3n de un grupo multidisciplinario que involucra a docentes del nivel secundaria de los SEIEM, directivos de los servicios educativos integrados al estado de M\u00e9xico, abogadas, comunic\u00f3logos y periodistas, entre otros. Se demuestra la colusi\u00f3n de funcionarios p\u00fablicos, representantes populares, servidores p\u00fablicos, para adjudicarse plazas en el servicio educativo y el despojo de esas mismas plazas a otros maestros que las obtuvieron a trav\u00e9s de m\u00e9ritos en su labor docente.<\/p>\n<p>Lo mismo que de forma fraudulenta cobran salarios de millones de pesos durante a\u00f1os, sin asistir a ning\u00fan centro laboral y s\u00f3lo se presentaban los d\u00edas de quincena a cobrar el cheque, o bien a firmar n\u00f3mina.<\/p>\n<p>En esta investigaci\u00f3n se llevaron a cabo consultas a profesionales de diversas disciplinas, solicitudes a dependencias oficiales, investigaciones period\u00edsticas, estudio y an\u00e1lisis de miles de fojas, es por ello que se puede exhibir y denunciar p\u00fablicamente actos de corrupci\u00f3n -desde d\u00e9cadas atr\u00e1s- abuso de autoridad, tr\u00e1fico de influencias, asociaci\u00f3n delictuosa y fraudes.<\/p>\n<p>El andamiaje para operar este grupo corrupto y corruptor en el estado de M\u00e9xico, se remonta a los a\u00f1os en que Elba Esther Gordillo era a\u00fan la secretaria general del SNTE (Sindicato Nacional de Trabajadores de la Educaci\u00f3n) y quien por acuerdo pol\u00edtico coloca al profesor H\u00e9ctor Crist\u00f3bal \u00c1nimas Vargas como funcionario en los SEIEM (Servicios Educativos Integrados al Estado de M\u00e9xico), desde entonces a la fecha permanece como parte de la nomenclatura educativa de la entidad.<\/p>\n<p>Otro integrante de este grupo conservador es el diputado Rigoberto Vargas Cervantes -quien lleg\u00f3 a la curul por\u00a0 Nueva Alianza, del cual fue expulsado por se\u00f1alamientos de traici\u00f3n a la causa de ese partido-\u00a0 este personaje lleg\u00f3 a la secretaria general de la secci\u00f3n 36 del SNTE, apadrinado por Juan D\u00edaz de la Torre (actual secretario general del sindicato). La trayectoria pol\u00edtica Rigoberto Vargas Cervantes est\u00e1 acompa\u00f1ada de claroscuros y denuncias p\u00fablicas de diversa \u00edndole y delitos que van desde el abuso de autoridad, acoso laboral y sexual. Incluso, en varios casos las maestras afectadas y denunciantes han sido dotadas de un bot\u00f3n de p\u00e1nico para salvaguardar su integridad f\u00edsica y psicol\u00f3gica, existen diversas publicaciones en medios nacionales e internacionales, sin embargo, a la fecha sigue gozando de total impunidad.<\/p>\n<p><img loading=\"lazy\" decoding=\"async\" class=\"aligncenter wp-image-6999 size-full\" src=\"https:\/\/redamlo.com\/wp-content\/uploads\/2023\/08\/seiem-2.jpg\" alt=\"\" width=\"920\" height=\"681\" srcset=\"https:\/\/redamlo.com\/wp-content\/uploads\/2023\/08\/seiem-2.jpg 920w, https:\/\/redamlo.com\/wp-content\/uploads\/2023\/08\/seiem-2-300x222.jpg 300w, https:\/\/redamlo.com\/wp-content\/uploads\/2023\/08\/seiem-2-768x568.jpg 768w\" sizes=\"auto, (max-width: 920px) 100vw, 920px\" \/><\/p>\n<p>En otros casos, es tanta la presi\u00f3n y las amenazas, que las afectadas han preferido abandonar sus denuncias y desistir de continuar con las investigaciones.<\/p>\n<p>Quien act\u00faa como operador pol\u00edtico y administrativo de estos dos personajes es el \u201cmulti-funcionario\u201d Isidro Mor\u00e1n M\u00e1rquez -es conocido as\u00ed en el subsistema ya que lleg\u00f3 a ocupar tres distintos cargos en esa misma dependencia de forma simult\u00e1nea. Al igual que sus promotores pol\u00edticos -H\u00e9ctor Crist\u00f3bal \u00c1nimas Vargas y Rigoberto Vargas Cervantes- fue impuesto por acuerdo pol\u00edtico con las autoridades de educaci\u00f3n p\u00fablica de la entidad mexiquense.<\/p>\n<p>Hagamos un poco de historia. Como es del dominio p\u00fablico, siendo Elba Esther Gordillo secretaria general del SNTE lleg\u00f3 acumular un capital pol\u00edtico y poder de decisi\u00f3n de mucha influencia en las administraciones que van desde el salinato hasta Felipe Calder\u00f3n. Lo mismo negociaba los titulares de las secretarias de educaci\u00f3n en los estados, que impon\u00eda secretarios de Estado, directivos de dependencias gubernamentales de la federaci\u00f3n. El SNTE lleg\u00f3 a ser el filtro para la asignaci\u00f3n de plazas de los docentes de la educaci\u00f3n b\u00e1sica en todo el pa\u00eds.<\/p>\n<p>Ten\u00eda como prerrogativas la asignaci\u00f3n y comercializaci\u00f3n de los interinatos y plazas de maestros y administrativos, asignaci\u00f3n con goce de sueldo a miles de comisionados en toda la Rep\u00fablica. Negociar y controlar las prestaciones de sus agremiados, que iban desde la venta de \u201chojas rojas\u201d (pr\u00e9stamos monetarios de medianos montos, con inter\u00e9s muy bajo), aviadurias (cobrar sin trabajar), abusos de todo tipo en contra de las maestras, prebendas a sus l\u00edderes seccionales. Y la represi\u00f3n a quienes actuaban en contra de sus intereses.<\/p>\n<p>A groso modo eso fue lo que signific\u00f3 el paso de la maestra Gordillo por este sindicato. Sin dejar de mencionar la fortuna que logr\u00f3 acumular, que van desde obras de arte con valor de millones de pesos, propiedades inmobiliarias de s\u00faper-lujo en M\u00e9xico y el extranjero, cuentas bancarias multimillonarias, beneficios inmorales e ilegales a sus familiares y protegidos.<\/p>\n<p>Al punto: los actos de corrupci\u00f3n se\u00f1alados en este reportaje, est\u00e1n debidamente acreditados, de forma documental por la v\u00eda institucional y oficial -tenemos en nuestro poder el expediente que consta de miles de fojas- obtenidas a trav\u00e9s del Sistema de Acceso a la Informaci\u00f3n Mexiquense, nuestra investigaci\u00f3n tambi\u00e9n cuenta con decenas de testimonios de afectados y afectadas por estos actos ilegales y fuera de toda \u00e9tica y profesionalismo.<\/p>\n<p><strong>De quienes hacemos referencia y se\u00f1alamos como presuntos culpables de diversos delitos, hemos buscado su testimonio y su versi\u00f3n de los hechos, no han querido dar la cara ni han manifestado inter\u00e9s alguno por esclarecer la situaci\u00f3n ni las imputaciones, como lo demuestran los mensajes de texto a sus n\u00fameros telef\u00f3nicos y de whatsapp personales.<\/strong><\/p>\n<p>&nbsp;<\/p>\n<p>El C. Isidro Mor\u00e1n M\u00e1rquez, hasta hace unos meses titular de la unidad administrativa de la Subdirecci\u00f3n de Educaci\u00f3n Secundaria dependiente de los SEIEM es se\u00f1alado por diversos delitos, que van desde la falsificaci\u00f3n de documentos, usurpaci\u00f3n de identidad, abusos de autoridad, tr\u00e1fico de influencias, uso indebido del servicio p\u00fablico. Su caso es de singular y deleznable historial, ya que lleg\u00f3 a ocupar y supuestamente desempe\u00f1arse en tres diferentes plazas en el servicio educativo del Edom\u00e9x. De forma simult\u00e1nea fue encargado del despacho de la direcci\u00f3n en educaci\u00f3n secundaria y servicios de apoyo, subdirector de educaci\u00f3n secundaria y al mismo tiempo era encargado del despacho del departamento de educaci\u00f3n secundaria general Valle de M\u00e9xico. Como puede acreditarlo el n\u00famero de expediente emitido por el Sistema de Acceso a la Informaci\u00f3n Mexiquense 210C0101120100L\/0364\/2021.<\/p>\n<p>&nbsp;<\/p>\n<p>Mor\u00e1n M\u00e1rquez, facilit\u00f3 y oper\u00f3 administrativamente para que familiares y parejas sentimentales de Rigoberto Vargas Cervantes y H\u00e9ctor Crist\u00f3bal \u00c1nimas Vargas se vieran beneficiadas al margen de la ley y en contra de toda normatividad. Colocadas en puestos directivos y con salarios exorbitantes, los familiares beneficiados fueron promovidos sin pasar por ning\u00fan filtro de tipo institucional ni normativo, sin m\u00e9ritos en el servicio educativo, experiencia nula en el encargo. En el peor de los casos fueron impuestos como aviadores, bajo el cobijo de supuestas comisiones.<\/p>\n<p><img loading=\"lazy\" decoding=\"async\" class=\"aligncenter wp-image-7000 size-full\" src=\"https:\/\/redamlo.com\/wp-content\/uploads\/2023\/08\/seiem-3.jpg\" alt=\"\" width=\"1280\" height=\"871\" srcset=\"https:\/\/redamlo.com\/wp-content\/uploads\/2023\/08\/seiem-3.jpg 1280w, https:\/\/redamlo.com\/wp-content\/uploads\/2023\/08\/seiem-3-300x204.jpg 300w, https:\/\/redamlo.com\/wp-content\/uploads\/2023\/08\/seiem-3-1024x697.jpg 1024w, https:\/\/redamlo.com\/wp-content\/uploads\/2023\/08\/seiem-3-768x523.jpg 768w\" sizes=\"auto, (max-width: 1280px) 100vw, 1280px\" \/><\/p>\n<p>&nbsp;<\/p>\n<p>Veamos, la servidora p\u00fablica Mar\u00eda Adoraci\u00f3n Racca Garc\u00eda \u2013 esposa de H\u00e9ctor Crist\u00f3bal \u00c1nimas Vargas- estuvo adscrita al centro de trabajo 15ADG0103N (correspondiente a la subdirecci\u00f3n de educaci\u00f3n secundaria)- y de la cual no existe ninguna prueba o documento que acredite su presencia f\u00edsica en el centro laboral. Entrevistamos a 5 trabajadores de este centro para solicitar informaci\u00f3n sobre Racca Garc\u00eda y todos coincidieron en que nunca se le vio en el supuesto lugar de trabajo, y por lo tanto no la conoc\u00edan.<\/p>\n<p>Nuestros entrevistados pidieron el anonimato, a partir de que temen que de parte de las autoridades educativas tomen represalias en su contra.<\/p>\n<p>En el tema de documental v\u00eda SAIMEX con el n\u00famero de folio de solicitud 00076\/SEIEM\/IP\/2020, de fecha 31\/03\/2020, obtuvimos la siguiente informaci\u00f3n de la servidora p\u00fablica Mar\u00eda Adoraci\u00f3n Racca Garc\u00eda:<\/p>\n<p>Clave presupuestal: 071506 E035100.0100010.<\/p>\n<p>Periodo: quincena 3 de 1994 a la quincena 2 de 2019.<\/p>\n<p>Centro de trabajo:15ADG0103N, Subdirecci\u00f3n de Educaci\u00f3n Secundaria.<\/p>\n<p>Cargo: Jefe de ense\u00f1anza secundaria, For\u00e1neo.<\/p>\n<p>Funci\u00f3n: T\u00e9cnico pedag\u00f3gico.<\/p>\n<p>Solicitamos informe detallado de este expediente que pudiera demostrar que la servidora p\u00fablica cumpli\u00f3 con su encargo. En \u00e9ste podemos dar cuenta que \u201cfirmaba su asistencia\u201d en la dependencia a cargo del funcionario que estaba dado de alta en tres diferentes encargos de los mismos SEIEM, es decir, Isidro Mor\u00e1n M\u00e1rquez.<\/p>\n<p>Por la parte oficial, contestan a trav\u00e9s del oficio No. 210C010103000S\/UT\/0016\/2020 DE FECHA 9 DE ENERO DE 2020. El servidor p\u00fablico Jos\u00e9 Luis G\u00f3mez Tamayo, jefe de la unidad de asuntos jur\u00eddicos e igualdad de g\u00e9nero y titular de la unidad de transparencia emite la respuesta a solicitud del grupo interdisciplinario: de estos oficios se desprende que \u201clas evidencias que tenemos es que registra su asistencia sin ning\u00fan tipo de membrete, pero no se acredita en dichas fojas en que unidad administrativa registraba su asistencia.<\/p>\n<p>&nbsp;<\/p>\n<p>Otros casos que se presumen actos de corrupci\u00f3n y defraudaci\u00f3n por parte de este andamiaje corrupto y corruptor, son el de los hermanos Anayatzin Pi\u00f1\u00f3n Avil\u00e9s, Efra\u00edn Pi\u00f1\u00f3n Avil\u00e9s. Del mismo modo el del chofer del diputado Rigoberto Vargas Cervantes, el C. Wilberth Xochihua Garc\u00eda, Mar\u00eda de Jes\u00fas Avil\u00e9s L\u00f3pez.<\/p>\n<p>En todos estos casos contamos con los expedientes que demuestran el modus operandi de estas personas, a quienes los hace comunes el parentesco, los funcionarios que operan estos nombramientos, el modus operandi y la impunidad que hasta el d\u00eda de hoy han operado.<\/p>\n<p>Y son algunos de estos pol\u00edticos que\u00a0 buscan infiltrarse en lo que ser\u00e1 el pr\u00f3ximo gobierno que encabezar\u00e1 la maestra Delfina G\u00f3mez \u00c1lvarez\u2026 al tiempo.<\/p>\n<p>&nbsp;<\/p>\n","protected":false},"excerpt":{"rendered":"<p>Integrante de este grupo conservador es el diputado local Rigoberto Vargas Cervantes, quien lleg\u00f3 a&#8230;<\/p>\n","protected":false},"author":2,"featured_media":6998,"comment_status":"open","ping_status":"closed","sticky":false,"template":"","format":"standard","meta":{"footnotes":""},"categories":[6,5],"tags":[1285,59,2537],"class_list":["post-6997","post","type-post","status-publish","format-standard","has-post-thumbnail","hentry","category-estados","category-politica","tag-delfina-gomez","tag-edomex","tag-seiem"],"yoast_head":"<!-- This site is optimized with the Yoast SEO plugin v27.5 - https:\/\/yoast.com\/product\/yoast-seo-wordpress\/ -->\n<title>El cartel de los SEIEM pretende infiltrase en el gobierno de la Maestra Delfina G\u00f3mez en el Edom\u00e9x - NOTICIAS DE LA 4T<\/title>\n<meta name=\"robots\" content=\"noindex, follow, max-snippet:-1, max-image-preview:large, max-video-preview:-1\" \/>\n<meta property=\"og:locale\" content=\"es_MX\" \/>\n<meta property=\"og:type\" content=\"article\" \/>\n<meta property=\"og:title\" content=\"El cartel de los SEIEM pretende infiltrase en el gobierno de la Maestra Delfina G\u00f3mez en el Edom\u00e9x - NOTICIAS DE LA 4T\" \/>\n<meta property=\"og:description\" content=\"Integrante de este grupo conservador es el diputado local Rigoberto Vargas Cervantes, quien lleg\u00f3 a...\" \/>\n<meta property=\"og:url\" content=\"https:\/\/redamlo.com\/index.php\/2023\/08\/06\/el-cartel-de-los-seiem-pretende-infiltrase-en-el-gobierno-de-la-maestra-delfina-gomez-en-el-edomex\/\" \/>\n<meta property=\"og:site_name\" content=\"NOTICIAS DE LA 4T\" \/>\n<meta property=\"article:published_time\" content=\"2023-08-07T02:04:06+00:00\" \/>\n<meta property=\"og:image\" content=\"https:\/\/redamlo.com\/wp-content\/uploads\/2023\/08\/seiem-1.jpg\" \/>\n\t<meta property=\"og:image:width\" content=\"720\" \/>\n\t<meta property=\"og:image:height\" content=\"490\" \/>\n\t<meta property=\"og:image:type\" content=\"image\/jpeg\" \/>\n<meta name=\"author\" content=\"Blanca\" \/>\n<meta name=\"twitter:card\" content=\"summary_large_image\" \/>\n<meta name=\"twitter:label1\" content=\"Escrito por\" \/>\n\t<meta name=\"twitter:data1\" content=\"Blanca\" \/>\n\t<meta name=\"twitter:label2\" content=\"Tiempo de lectura\" \/>\n\t<meta name=\"twitter:data2\" content=\"8 minutos\" \/>\n<script type=\"application\/ld+json\" class=\"yoast-schema-graph\">{\"@context\":\"https:\\\/\\\/schema.org\",\"@graph\":[{\"@type\":\"Article\",\"@id\":\"https:\\\/\\\/redamlo.com\\\/index.php\\\/2023\\\/08\\\/06\\\/el-cartel-de-los-seiem-pretende-infiltrase-en-el-gobierno-de-la-maestra-delfina-gomez-en-el-edomex\\\/#article\",\"isPartOf\":{\"@id\":\"https:\\\/\\\/redamlo.com\\\/index.php\\\/2023\\\/08\\\/06\\\/el-cartel-de-los-seiem-pretende-infiltrase-en-el-gobierno-de-la-maestra-delfina-gomez-en-el-edomex\\\/\"},\"author\":{\"name\":\"Blanca\",\"@id\":\"https:\\\/\\\/redamlo.com\\\/#\\\/schema\\\/person\\\/7223a4375eb8f1a782fcae010a7115cf\"},\"headline\":\"El cartel de los SEIEM pretende infiltrase en el gobierno de la Maestra Delfina G\u00f3mez en el Edom\u00e9x\",\"datePublished\":\"2023-08-07T02:04:06+00:00\",\"mainEntityOfPage\":{\"@id\":\"https:\\\/\\\/redamlo.com\\\/index.php\\\/2023\\\/08\\\/06\\\/el-cartel-de-los-seiem-pretende-infiltrase-en-el-gobierno-de-la-maestra-delfina-gomez-en-el-edomex\\\/\"},\"wordCount\":1705,\"commentCount\":0,\"publisher\":{\"@id\":\"https:\\\/\\\/redamlo.com\\\/#organization\"},\"image\":{\"@id\":\"https:\\\/\\\/redamlo.com\\\/index.php\\\/2023\\\/08\\\/06\\\/el-cartel-de-los-seiem-pretende-infiltrase-en-el-gobierno-de-la-maestra-delfina-gomez-en-el-edomex\\\/#primaryimage\"},\"thumbnailUrl\":\"https:\\\/\\\/redamlo.com\\\/wp-content\\\/uploads\\\/2023\\\/08\\\/seiem-1.jpg\",\"keywords\":[\"Delfina G\u00f3mez\",\"edomex\",\"seiem\"],\"articleSection\":[\"Estados\",\"Pol\u00edtica\"],\"inLanguage\":\"es\",\"potentialAction\":[{\"@type\":\"CommentAction\",\"name\":\"Comment\",\"target\":[\"https:\\\/\\\/redamlo.com\\\/index.php\\\/2023\\\/08\\\/06\\\/el-cartel-de-los-seiem-pretende-infiltrase-en-el-gobierno-de-la-maestra-delfina-gomez-en-el-edomex\\\/#respond\"]}]},{\"@type\":\"WebPage\",\"@id\":\"https:\\\/\\\/redamlo.com\\\/index.php\\\/2023\\\/08\\\/06\\\/el-cartel-de-los-seiem-pretende-infiltrase-en-el-gobierno-de-la-maestra-delfina-gomez-en-el-edomex\\\/\",\"url\":\"https:\\\/\\\/redamlo.com\\\/index.php\\\/2023\\\/08\\\/06\\\/el-cartel-de-los-seiem-pretende-infiltrase-en-el-gobierno-de-la-maestra-delfina-gomez-en-el-edomex\\\/\",\"name\":\"El cartel de los SEIEM pretende infiltrase en el gobierno de la Maestra Delfina G\u00f3mez en el Edom\u00e9x - NOTICIAS DE LA 4T\",\"isPartOf\":{\"@id\":\"https:\\\/\\\/redamlo.com\\\/#website\"},\"primaryImageOfPage\":{\"@id\":\"https:\\\/\\\/redamlo.com\\\/index.php\\\/2023\\\/08\\\/06\\\/el-cartel-de-los-seiem-pretende-infiltrase-en-el-gobierno-de-la-maestra-delfina-gomez-en-el-edomex\\\/#primaryimage\"},\"image\":{\"@id\":\"https:\\\/\\\/redamlo.com\\\/index.php\\\/2023\\\/08\\\/06\\\/el-cartel-de-los-seiem-pretende-infiltrase-en-el-gobierno-de-la-maestra-delfina-gomez-en-el-edomex\\\/#primaryimage\"},\"thumbnailUrl\":\"https:\\\/\\\/redamlo.com\\\/wp-content\\\/uploads\\\/2023\\\/08\\\/seiem-1.jpg\",\"datePublished\":\"2023-08-07T02:04:06+00:00\",\"breadcrumb\":{\"@id\":\"https:\\\/\\\/redamlo.com\\\/index.php\\\/2023\\\/08\\\/06\\\/el-cartel-de-los-seiem-pretende-infiltrase-en-el-gobierno-de-la-maestra-delfina-gomez-en-el-edomex\\\/#breadcrumb\"},\"inLanguage\":\"es\",\"potentialAction\":[{\"@type\":\"ReadAction\",\"target\":[\"https:\\\/\\\/redamlo.com\\\/index.php\\\/2023\\\/08\\\/06\\\/el-cartel-de-los-seiem-pretende-infiltrase-en-el-gobierno-de-la-maestra-delfina-gomez-en-el-edomex\\\/\"]}]},{\"@type\":\"ImageObject\",\"inLanguage\":\"es\",\"@id\":\"https:\\\/\\\/redamlo.com\\\/index.php\\\/2023\\\/08\\\/06\\\/el-cartel-de-los-seiem-pretende-infiltrase-en-el-gobierno-de-la-maestra-delfina-gomez-en-el-edomex\\\/#primaryimage\",\"url\":\"https:\\\/\\\/redamlo.com\\\/wp-content\\\/uploads\\\/2023\\\/08\\\/seiem-1.jpg\",\"contentUrl\":\"https:\\\/\\\/redamlo.com\\\/wp-content\\\/uploads\\\/2023\\\/08\\\/seiem-1.jpg\",\"width\":720,\"height\":490},{\"@type\":\"BreadcrumbList\",\"@id\":\"https:\\\/\\\/redamlo.com\\\/index.php\\\/2023\\\/08\\\/06\\\/el-cartel-de-los-seiem-pretende-infiltrase-en-el-gobierno-de-la-maestra-delfina-gomez-en-el-edomex\\\/#breadcrumb\",\"itemListElement\":[{\"@type\":\"ListItem\",\"position\":1,\"name\":\"Inicio\",\"item\":\"https:\\\/\\\/redamlo.com\\\/\"},{\"@type\":\"ListItem\",\"position\":2,\"name\":\"El cartel de los SEIEM pretende infiltrase en el gobierno de la Maestra Delfina G\u00f3mez en el Edom\u00e9x\"}]},{\"@type\":\"WebSite\",\"@id\":\"https:\\\/\\\/redamlo.com\\\/#website\",\"url\":\"https:\\\/\\\/redamlo.com\\\/\",\"name\":\"NOTICIAS DE LA 4T\",\"description\":\"\",\"publisher\":{\"@id\":\"https:\\\/\\\/redamlo.com\\\/#organization\"},\"potentialAction\":[{\"@type\":\"SearchAction\",\"target\":{\"@type\":\"EntryPoint\",\"urlTemplate\":\"https:\\\/\\\/redamlo.com\\\/?s={search_term_string}\"},\"query-input\":{\"@type\":\"PropertyValueSpecification\",\"valueRequired\":true,\"valueName\":\"search_term_string\"}}],\"inLanguage\":\"es\"},{\"@type\":\"Organization\",\"@id\":\"https:\\\/\\\/redamlo.com\\\/#organization\",\"name\":\"NOTICIAS DE LA 4T\",\"url\":\"https:\\\/\\\/redamlo.com\\\/\",\"logo\":{\"@type\":\"ImageObject\",\"inLanguage\":\"es\",\"@id\":\"https:\\\/\\\/redamlo.com\\\/#\\\/schema\\\/logo\\\/image\\\/\",\"url\":\"https:\\\/\\\/redamlo.com\\\/wp-content\\\/uploads\\\/2024\\\/08\\\/cropped-RED-AMLO-logo-50.png\",\"contentUrl\":\"https:\\\/\\\/redamlo.com\\\/wp-content\\\/uploads\\\/2024\\\/08\\\/cropped-RED-AMLO-logo-50.png\",\"width\":256,\"height\":256,\"caption\":\"NOTICIAS DE LA 4T\"},\"image\":{\"@id\":\"https:\\\/\\\/redamlo.com\\\/#\\\/schema\\\/logo\\\/image\\\/\"}},{\"@type\":\"Person\",\"@id\":\"https:\\\/\\\/redamlo.com\\\/#\\\/schema\\\/person\\\/7223a4375eb8f1a782fcae010a7115cf\",\"name\":\"Blanca\",\"image\":{\"@type\":\"ImageObject\",\"inLanguage\":\"es\",\"@id\":\"https:\\\/\\\/secure.gravatar.com\\\/avatar\\\/3f79bc8336367a4e6093eae8757acaaf61d1124834b905616de7829b0273426d?s=96&d=mm&r=g\",\"url\":\"https:\\\/\\\/secure.gravatar.com\\\/avatar\\\/3f79bc8336367a4e6093eae8757acaaf61d1124834b905616de7829b0273426d?s=96&d=mm&r=g\",\"contentUrl\":\"https:\\\/\\\/secure.gravatar.com\\\/avatar\\\/3f79bc8336367a4e6093eae8757acaaf61d1124834b905616de7829b0273426d?s=96&d=mm&r=g\",\"caption\":\"Blanca\"},\"url\":\"https:\\\/\\\/redamlo.com\\\/index.php\\\/author\\\/blanca\\\/\"}]}<\/script>\n<!-- \/ Yoast SEO plugin. -->","yoast_head_json":{"title":"El cartel de los SEIEM pretende infiltrase en el gobierno de la Maestra Delfina G\u00f3mez en el Edom\u00e9x - NOTICIAS DE LA 4T","robots":{"index":"noindex","follow":"follow","max-snippet":"max-snippet:-1","max-image-preview":"max-image-preview:large","max-video-preview":"max-video-preview:-1"},"og_locale":"es_MX","og_type":"article","og_title":"El cartel de los SEIEM pretende infiltrase en el gobierno de la Maestra Delfina G\u00f3mez en el Edom\u00e9x - NOTICIAS DE LA 4T","og_description":"Integrante de este grupo conservador es el diputado local Rigoberto Vargas Cervantes, quien lleg\u00f3 a...","og_url":"https:\/\/redamlo.com\/index.php\/2023\/08\/06\/el-cartel-de-los-seiem-pretende-infiltrase-en-el-gobierno-de-la-maestra-delfina-gomez-en-el-edomex\/","og_site_name":"NOTICIAS DE LA 4T","article_published_time":"2023-08-07T02:04:06+00:00","og_image":[{"width":720,"height":490,"url":"https:\/\/redamlo.com\/wp-content\/uploads\/2023\/08\/seiem-1.jpg","type":"image\/jpeg"}],"author":"Blanca","twitter_card":"summary_large_image","twitter_misc":{"Escrito por":"Blanca","Tiempo de lectura":"8 minutos"},"schema":{"@context":"https:\/\/schema.org","@graph":[{"@type":"Article","@id":"https:\/\/redamlo.com\/index.php\/2023\/08\/06\/el-cartel-de-los-seiem-pretende-infiltrase-en-el-gobierno-de-la-maestra-delfina-gomez-en-el-edomex\/#article","isPartOf":{"@id":"https:\/\/redamlo.com\/index.php\/2023\/08\/06\/el-cartel-de-los-seiem-pretende-infiltrase-en-el-gobierno-de-la-maestra-delfina-gomez-en-el-edomex\/"},"author":{"name":"Blanca","@id":"https:\/\/redamlo.com\/#\/schema\/person\/7223a4375eb8f1a782fcae010a7115cf"},"headline":"El cartel de los SEIEM pretende infiltrase en el gobierno de la Maestra Delfina G\u00f3mez en el Edom\u00e9x","datePublished":"2023-08-07T02:04:06+00:00","mainEntityOfPage":{"@id":"https:\/\/redamlo.com\/index.php\/2023\/08\/06\/el-cartel-de-los-seiem-pretende-infiltrase-en-el-gobierno-de-la-maestra-delfina-gomez-en-el-edomex\/"},"wordCount":1705,"commentCount":0,"publisher":{"@id":"https:\/\/redamlo.com\/#organization"},"image":{"@id":"https:\/\/redamlo.com\/index.php\/2023\/08\/06\/el-cartel-de-los-seiem-pretende-infiltrase-en-el-gobierno-de-la-maestra-delfina-gomez-en-el-edomex\/#primaryimage"},"thumbnailUrl":"https:\/\/redamlo.com\/wp-content\/uploads\/2023\/08\/seiem-1.jpg","keywords":["Delfina G\u00f3mez","edomex","seiem"],"articleSection":["Estados","Pol\u00edtica"],"inLanguage":"es","potentialAction":[{"@type":"CommentAction","name":"Comment","target":["https:\/\/redamlo.com\/index.php\/2023\/08\/06\/el-cartel-de-los-seiem-pretende-infiltrase-en-el-gobierno-de-la-maestra-delfina-gomez-en-el-edomex\/#respond"]}]},{"@type":"WebPage","@id":"https:\/\/redamlo.com\/index.php\/2023\/08\/06\/el-cartel-de-los-seiem-pretende-infiltrase-en-el-gobierno-de-la-maestra-delfina-gomez-en-el-edomex\/","url":"https:\/\/redamlo.com\/index.php\/2023\/08\/06\/el-cartel-de-los-seiem-pretende-infiltrase-en-el-gobierno-de-la-maestra-delfina-gomez-en-el-edomex\/","name":"El cartel de los SEIEM pretende infiltrase en el gobierno de la Maestra Delfina G\u00f3mez en el Edom\u00e9x - NOTICIAS DE LA 4T","isPartOf":{"@id":"https:\/\/redamlo.com\/#website"},"primaryImageOfPage":{"@id":"https:\/\/redamlo.com\/index.php\/2023\/08\/06\/el-cartel-de-los-seiem-pretende-infiltrase-en-el-gobierno-de-la-maestra-delfina-gomez-en-el-edomex\/#primaryimage"},"image":{"@id":"https:\/\/redamlo.com\/index.php\/2023\/08\/06\/el-cartel-de-los-seiem-pretende-infiltrase-en-el-gobierno-de-la-maestra-delfina-gomez-en-el-edomex\/#primaryimage"},"thumbnailUrl":"https:\/\/redamlo.com\/wp-content\/uploads\/2023\/08\/seiem-1.jpg","datePublished":"2023-08-07T02:04:06+00:00","breadcrumb":{"@id":"https:\/\/redamlo.com\/index.php\/2023\/08\/06\/el-cartel-de-los-seiem-pretende-infiltrase-en-el-gobierno-de-la-maestra-delfina-gomez-en-el-edomex\/#breadcrumb"},"inLanguage":"es","potentialAction":[{"@type":"ReadAction","target":["https:\/\/redamlo.com\/index.php\/2023\/08\/06\/el-cartel-de-los-seiem-pretende-infiltrase-en-el-gobierno-de-la-maestra-delfina-gomez-en-el-edomex\/"]}]},{"@type":"ImageObject","inLanguage":"es","@id":"https:\/\/redamlo.com\/index.php\/2023\/08\/06\/el-cartel-de-los-seiem-pretende-infiltrase-en-el-gobierno-de-la-maestra-delfina-gomez-en-el-edomex\/#primaryimage","url":"https:\/\/redamlo.com\/wp-content\/uploads\/2023\/08\/seiem-1.jpg","contentUrl":"https:\/\/redamlo.com\/wp-content\/uploads\/2023\/08\/seiem-1.jpg","width":720,"height":490},{"@type":"BreadcrumbList","@id":"https:\/\/redamlo.com\/index.php\/2023\/08\/06\/el-cartel-de-los-seiem-pretende-infiltrase-en-el-gobierno-de-la-maestra-delfina-gomez-en-el-edomex\/#breadcrumb","itemListElement":[{"@type":"ListItem","position":1,"name":"Inicio","item":"https:\/\/redamlo.com\/"},{"@type":"ListItem","position":2,"name":"El cartel de los SEIEM pretende infiltrase en el gobierno de la Maestra Delfina G\u00f3mez en el Edom\u00e9x"}]},{"@type":"WebSite","@id":"https:\/\/redamlo.com\/#website","url":"https:\/\/redamlo.com\/","name":"NOTICIAS DE LA 4T","description":"","publisher":{"@id":"https:\/\/redamlo.com\/#organization"},"potentialAction":[{"@type":"SearchAction","target":{"@type":"EntryPoint","urlTemplate":"https:\/\/redamlo.com\/?s={search_term_string}"},"query-input":{"@type":"PropertyValueSpecification","valueRequired":true,"valueName":"search_term_string"}}],"inLanguage":"es"},{"@type":"Organization","@id":"https:\/\/redamlo.com\/#organization","name":"NOTICIAS DE LA 4T","url":"https:\/\/redamlo.com\/","logo":{"@type":"ImageObject","inLanguage":"es","@id":"https:\/\/redamlo.com\/#\/schema\/logo\/image\/","url":"https:\/\/redamlo.com\/wp-content\/uploads\/2024\/08\/cropped-RED-AMLO-logo-50.png","contentUrl":"https:\/\/redamlo.com\/wp-content\/uploads\/2024\/08\/cropped-RED-AMLO-logo-50.png","width":256,"height":256,"caption":"NOTICIAS DE LA 4T"},"image":{"@id":"https:\/\/redamlo.com\/#\/schema\/logo\/image\/"}},{"@type":"Person","@id":"https:\/\/redamlo.com\/#\/schema\/person\/7223a4375eb8f1a782fcae010a7115cf","name":"Blanca","image":{"@type":"ImageObject","inLanguage":"es","@id":"https:\/\/secure.gravatar.com\/avatar\/3f79bc8336367a4e6093eae8757acaaf61d1124834b905616de7829b0273426d?s=96&d=mm&r=g","url":"https:\/\/secure.gravatar.com\/avatar\/3f79bc8336367a4e6093eae8757acaaf61d1124834b905616de7829b0273426d?s=96&d=mm&r=g","contentUrl":"https:\/\/secure.gravatar.com\/avatar\/3f79bc8336367a4e6093eae8757acaaf61d1124834b905616de7829b0273426d?s=96&d=mm&r=g","caption":"Blanca"},"url":"https:\/\/redamlo.com\/index.php\/author\/blanca\/"}]}},"_links":{"self":[{"href":"https:\/\/redamlo.com\/index.php\/wp-json\/wp\/v2\/posts\/6997","targetHints":{"allow":["GET"]}}],"collection":[{"href":"https:\/\/redamlo.com\/index.php\/wp-json\/wp\/v2\/posts"}],"about":[{"href":"https:\/\/redamlo.com\/index.php\/wp-json\/wp\/v2\/types\/post"}],"author":[{"embeddable":true,"href":"https:\/\/redamlo.com\/index.php\/wp-json\/wp\/v2\/users\/2"}],"replies":[{"embeddable":true,"href":"https:\/\/redamlo.com\/index.php\/wp-json\/wp\/v2\/comments?post=6997"}],"version-history":[{"count":0,"href":"https:\/\/redamlo.com\/index.php\/wp-json\/wp\/v2\/posts\/6997\/revisions"}],"wp:featuredmedia":[{"embeddable":true,"href":"https:\/\/redamlo.com\/index.php\/wp-json\/wp\/v2\/media\/6998"}],"wp:attachment":[{"href":"https:\/\/redamlo.com\/index.php\/wp-json\/wp\/v2\/media?parent=6997"}],"wp:term":[{"taxonomy":"category","embeddable":true,"href":"https:\/\/redamlo.com\/index.php\/wp-json\/wp\/v2\/categories?post=6997"},{"taxonomy":"post_tag","embeddable":true,"href":"https:\/\/redamlo.com\/index.php\/wp-json\/wp\/v2\/tags?post=6997"}],"curies":[{"name":"wp","href":"https:\/\/api.w.org\/{rel}","templated":true}]}}