{"id":699,"date":"2019-11-13T20:51:33","date_gmt":"2019-11-14T02:51:33","guid":{"rendered":"http:\/\/redamlo.com\/?p=699"},"modified":"2019-11-13T20:51:33","modified_gmt":"2019-11-14T02:51:33","slug":"comunicado-de-prensa-de-luz-ma-hernandez-secretaria-general-de-morena-en-el-estado-de-mexico","status":"publish","type":"post","link":"https:\/\/redamlo.com\/index.php\/2019\/11\/13\/comunicado-de-prensa-de-luz-ma-hernandez-secretaria-general-de-morena-en-el-estado-de-mexico\/","title":{"rendered":"Comunicado de Prensa de Luz Ma. Hern\u00e1ndez Secretaria General de morena en el  Estado de M\u00e9xico"},"content":{"rendered":"<h3><strong><em>Luz Ma. Hern\u00e1ndez<\/em><\/strong><\/h3>\n<p><strong><em><u>(<\/u><\/em><\/strong><strong>Secretaria General de morena en el <\/strong><strong>Estado de M\u00e9xico, en funciones de <\/strong><strong>Presidenta)<\/strong><\/p>\n<p><strong><em><u>\u00a0<\/u><\/em><\/strong><\/p>\n<h3>COMUNICADO DE PRENSA<\/h3>\n<p>Ecatepec, Estado de M\u00e9xico\u00a0 13\u00a0 Noviembre\u00a0 2019.<\/p>\n<p><strong>Estamos\u00a0 frente a una gran oportunidad de demostrar que somos un partido diferente: Luz Ma. Hern\u00e1ndez<\/strong><\/p>\n<ul>\n<li><strong><em>En morena se acatar\u00e1 la resoluci\u00f3n del Tribunal Electoral del Poder Judicial de la Federaci\u00f3n.<\/em><\/strong><\/li>\n<\/ul>\n<p><strong><em>\u00a0<\/em><\/strong><\/p>\n<ul>\n<li><strong><em>En los \u00faltimos meses gestion\u00f3, incentiv\u00f3 y llev\u00f3 a cabo el curso-taller de capacitaci\u00f3n para cientos de l\u00edderes y liderezas de morena en el Estado de M\u00e9xico,<\/em><\/strong><\/li>\n<\/ul>\n<p>&nbsp;<\/p>\n<p>En conferencia de prensa la Secretaria General de morena, en funciones de Presidenta, Luz Ma. Hern\u00e1ndez,\u00a0 manifest\u00f3 su respeto a todos y cada uno de los y las militantes y les comparti\u00f3 las motivaciones por las que no asisti\u00f3 que al Consejo Nacional, el fin de semana pasado, \u00a0\u201c(ya que) al ser conocedora de los Estatuto partidarios consider\u00f3 era lo m\u00e1s conveniente para nuestro instituto pol\u00edtico\u2026\u201d\u00a0 y\u00a0 lament\u00f3 que no se tome con seriedad ese \u00f3rgano partidario, mismo que se debe respetar, as\u00ed como\u00a0 las funciones de los otros \u00d3rganos de Direcci\u00f3n. Al mismo tiempo, exhort\u00f3 a consolidar la Institucionalidad del Partido en aras de la Cuarta Transformaci\u00f3n.<\/p>\n<p>&nbsp;<\/p>\n<p>La tambi\u00e9n lidereza en la entidad mexiquense, \u00a0hizo un llamado urgente para que todas y todos en\u00a0 morena tomen en cuenta que actualmente: \u201c\u2026estamos\u00a0 frente a una gran oportunidad de demostrar que somos un partido diferente en d\u00f3nde respetamos el derecho a disentir e incentivamos \u00a0la libre expresi\u00f3n, como dos elementos fundacionales en los pilares que hacen posible esta Cuarta Transformaci\u00f3n; porque luchamos e hicimos posible lo imposible y no debemos perder de vista que Juntos Hicimos Historia, con un principio com\u00fan \u2013que es el que nos une- \u00a0\u00a0el Proyecto de Naci\u00f3n.<\/p>\n<p>&nbsp;<\/p>\n<p>Del mismo modo,\u00a0 dejo en claro que en morena se acatar\u00e1 \u00a0la resoluci\u00f3n del Tribunal Electoral del Poder Judicial de la Federaci\u00f3n y que se va a proceder a realizar\u00a0 una\u00a0 re-afiliaci\u00f3n a sus fundadores y militantes de este gran movimiento, comprometi\u00e9ndose a que no se dejar\u00e1 a nadie fuera \u201cCoincidiendo con nuestra Presidenta Nacional, Yeidckol Polevnsky: Nuestro padr\u00f3n debe ser confiable e incluyente\u201d.<\/p>\n<p>La Secretaria General Luz Ma. Hern\u00e1ndez,\u00a0 quien en los \u00faltimos meses gestion\u00f3, incentiv\u00f3 y llev\u00f3 a cabo el curso-taller de capacitaci\u00f3n para cientos de l\u00edderes y liderezas de morena en el Estado de M\u00e9xico, intitulada \u201cDerechos Humanos: Hacia una Participaci\u00f3n Ciudadana Activa, Participativa y representativa\u201d, record\u00f3 que en morena\u00a0 lucharon y promovieron el voto casa por casa, para lograr un Cambio Verdadero\u00a0 desde la ra\u00edz:\u00a0 \u201cPor ello hago un llamado a la reflexi\u00f3n sobre lo que ha sucedido en los \u00faltimos meses, en el proceso de renovaci\u00f3n y actuar en consecuencia\u2026 como se sabe es una situaci\u00f3n penosa, conocemos que por falta de un padr\u00f3n confiable, as\u00ed como la violencia que se gener\u00f3\u00a0 en algunas asambleas distritales, termin\u00f3 con la intervenci\u00f3n del Tribunal\u00a0 Electoral, que dictamin\u00f3 la nulidad de proceso de renovaci\u00f3n de las dirigencias\u201d.<\/p>\n<p>Con un fuerte llamado de atenci\u00f3n, hizo \u00e9nfasis en llevar a la pr\u00e1ctica los tres principios de Morena para ser un buen militante: No mentir, No robar y No traicionar al pueblo.\u00a0\u00a0 Al margen de la Ley, nada; por encima de la Ley, nadie. Concluy\u00f3.<\/p>\n<p>&nbsp;<\/p>\n","protected":false},"excerpt":{"rendered":"<p>Luz Ma. Hern\u00e1ndez (Secretaria General de morena en el Estado de M\u00e9xico, en funciones de&#8230;<\/p>\n","protected":false},"author":2,"featured_media":701,"comment_status":"open","ping_status":"closed","sticky":false,"template":"","format":"standard","meta":{"footnotes":""},"categories":[25,3,5],"tags":[],"class_list":["post-699","post","type-post","status-publish","format-standard","has-post-thumbnail","hentry","category-4t","category-estado-de-mexico","category-politica"],"yoast_head":"<!-- This site is optimized with the Yoast SEO plugin v27.5 - https:\/\/yoast.com\/product\/yoast-seo-wordpress\/ -->\n<title>Comunicado de Prensa de Luz Ma. Hern\u00e1ndez Secretaria General de morena en el Estado de M\u00e9xico - NOTICIAS DE LA 4T<\/title>\n<meta name=\"robots\" content=\"noindex, follow, max-snippet:-1, max-image-preview:large, max-video-preview:-1\" \/>\n<meta property=\"og:locale\" content=\"es_MX\" \/>\n<meta property=\"og:type\" content=\"article\" \/>\n<meta property=\"og:title\" content=\"Comunicado de Prensa de Luz Ma. Hern\u00e1ndez Secretaria General de morena en el Estado de M\u00e9xico - NOTICIAS DE LA 4T\" \/>\n<meta property=\"og:description\" content=\"Luz Ma. Hern\u00e1ndez (Secretaria General de morena en el Estado de M\u00e9xico, en funciones de...\" \/>\n<meta property=\"og:url\" content=\"https:\/\/redamlo.com\/index.php\/2019\/11\/13\/comunicado-de-prensa-de-luz-ma-hernandez-secretaria-general-de-morena-en-el-estado-de-mexico\/\" \/>\n<meta property=\"og:site_name\" content=\"NOTICIAS DE LA 4T\" \/>\n<meta property=\"article:published_time\" content=\"2019-11-14T02:51:33+00:00\" \/>\n<meta property=\"og:image\" content=\"https:\/\/redamlo.com\/wp-content\/uploads\/2019\/11\/morena-estado-de-mexico.jpg\" \/>\n\t<meta property=\"og:image:width\" content=\"1080\" \/>\n\t<meta property=\"og:image:height\" content=\"1075\" \/>\n\t<meta property=\"og:image:type\" content=\"image\/jpeg\" \/>\n<meta name=\"author\" content=\"Blanca\" \/>\n<meta name=\"twitter:card\" content=\"summary_large_image\" \/>\n<meta name=\"twitter:label1\" content=\"Escrito por\" \/>\n\t<meta name=\"twitter:data1\" content=\"Blanca\" \/>\n\t<meta name=\"twitter:label2\" content=\"Tiempo de lectura\" \/>\n\t<meta name=\"twitter:data2\" content=\"3 minutos\" \/>\n<script type=\"application\/ld+json\" class=\"yoast-schema-graph\">{\"@context\":\"https:\\\/\\\/schema.org\",\"@graph\":[{\"@type\":\"Article\",\"@id\":\"https:\\\/\\\/redamlo.com\\\/index.php\\\/2019\\\/11\\\/13\\\/comunicado-de-prensa-de-luz-ma-hernandez-secretaria-general-de-morena-en-el-estado-de-mexico\\\/#article\",\"isPartOf\":{\"@id\":\"https:\\\/\\\/redamlo.com\\\/index.php\\\/2019\\\/11\\\/13\\\/comunicado-de-prensa-de-luz-ma-hernandez-secretaria-general-de-morena-en-el-estado-de-mexico\\\/\"},\"author\":{\"name\":\"Blanca\",\"@id\":\"https:\\\/\\\/redamlo.com\\\/#\\\/schema\\\/person\\\/7223a4375eb8f1a782fcae010a7115cf\"},\"headline\":\"Comunicado de Prensa de Luz Ma. Hern\u00e1ndez Secretaria General de morena en el Estado de M\u00e9xico\",\"datePublished\":\"2019-11-14T02:51:33+00:00\",\"mainEntityOfPage\":{\"@id\":\"https:\\\/\\\/redamlo.com\\\/index.php\\\/2019\\\/11\\\/13\\\/comunicado-de-prensa-de-luz-ma-hernandez-secretaria-general-de-morena-en-el-estado-de-mexico\\\/\"},\"wordCount\":587,\"commentCount\":0,\"publisher\":{\"@id\":\"https:\\\/\\\/redamlo.com\\\/#organization\"},\"image\":{\"@id\":\"https:\\\/\\\/redamlo.com\\\/index.php\\\/2019\\\/11\\\/13\\\/comunicado-de-prensa-de-luz-ma-hernandez-secretaria-general-de-morena-en-el-estado-de-mexico\\\/#primaryimage\"},\"thumbnailUrl\":\"https:\\\/\\\/redamlo.com\\\/wp-content\\\/uploads\\\/2019\\\/11\\\/morena-estado-de-mexico.jpg\",\"articleSection\":[\"4T\",\"Estado de M\u00e9xico\",\"Pol\u00edtica\"],\"inLanguage\":\"es\",\"potentialAction\":[{\"@type\":\"CommentAction\",\"name\":\"Comment\",\"target\":[\"https:\\\/\\\/redamlo.com\\\/index.php\\\/2019\\\/11\\\/13\\\/comunicado-de-prensa-de-luz-ma-hernandez-secretaria-general-de-morena-en-el-estado-de-mexico\\\/#respond\"]}]},{\"@type\":\"WebPage\",\"@id\":\"https:\\\/\\\/redamlo.com\\\/index.php\\\/2019\\\/11\\\/13\\\/comunicado-de-prensa-de-luz-ma-hernandez-secretaria-general-de-morena-en-el-estado-de-mexico\\\/\",\"url\":\"https:\\\/\\\/redamlo.com\\\/index.php\\\/2019\\\/11\\\/13\\\/comunicado-de-prensa-de-luz-ma-hernandez-secretaria-general-de-morena-en-el-estado-de-mexico\\\/\",\"name\":\"Comunicado de Prensa de Luz Ma. Hern\u00e1ndez Secretaria General de morena en el Estado de M\u00e9xico - NOTICIAS DE LA 4T\",\"isPartOf\":{\"@id\":\"https:\\\/\\\/redamlo.com\\\/#website\"},\"primaryImageOfPage\":{\"@id\":\"https:\\\/\\\/redamlo.com\\\/index.php\\\/2019\\\/11\\\/13\\\/comunicado-de-prensa-de-luz-ma-hernandez-secretaria-general-de-morena-en-el-estado-de-mexico\\\/#primaryimage\"},\"image\":{\"@id\":\"https:\\\/\\\/redamlo.com\\\/index.php\\\/2019\\\/11\\\/13\\\/comunicado-de-prensa-de-luz-ma-hernandez-secretaria-general-de-morena-en-el-estado-de-mexico\\\/#primaryimage\"},\"thumbnailUrl\":\"https:\\\/\\\/redamlo.com\\\/wp-content\\\/uploads\\\/2019\\\/11\\\/morena-estado-de-mexico.jpg\",\"datePublished\":\"2019-11-14T02:51:33+00:00\",\"breadcrumb\":{\"@id\":\"https:\\\/\\\/redamlo.com\\\/index.php\\\/2019\\\/11\\\/13\\\/comunicado-de-prensa-de-luz-ma-hernandez-secretaria-general-de-morena-en-el-estado-de-mexico\\\/#breadcrumb\"},\"inLanguage\":\"es\",\"potentialAction\":[{\"@type\":\"ReadAction\",\"target\":[\"https:\\\/\\\/redamlo.com\\\/index.php\\\/2019\\\/11\\\/13\\\/comunicado-de-prensa-de-luz-ma-hernandez-secretaria-general-de-morena-en-el-estado-de-mexico\\\/\"]}]},{\"@type\":\"ImageObject\",\"inLanguage\":\"es\",\"@id\":\"https:\\\/\\\/redamlo.com\\\/index.php\\\/2019\\\/11\\\/13\\\/comunicado-de-prensa-de-luz-ma-hernandez-secretaria-general-de-morena-en-el-estado-de-mexico\\\/#primaryimage\",\"url\":\"https:\\\/\\\/redamlo.com\\\/wp-content\\\/uploads\\\/2019\\\/11\\\/morena-estado-de-mexico.jpg\",\"contentUrl\":\"https:\\\/\\\/redamlo.com\\\/wp-content\\\/uploads\\\/2019\\\/11\\\/morena-estado-de-mexico.jpg\",\"width\":1080,\"height\":1075},{\"@type\":\"BreadcrumbList\",\"@id\":\"https:\\\/\\\/redamlo.com\\\/index.php\\\/2019\\\/11\\\/13\\\/comunicado-de-prensa-de-luz-ma-hernandez-secretaria-general-de-morena-en-el-estado-de-mexico\\\/#breadcrumb\",\"itemListElement\":[{\"@type\":\"ListItem\",\"position\":1,\"name\":\"Inicio\",\"item\":\"https:\\\/\\\/redamlo.com\\\/\"},{\"@type\":\"ListItem\",\"position\":2,\"name\":\"Comunicado de Prensa de Luz Ma. Hern\u00e1ndez Secretaria General de morena en el Estado de M\u00e9xico\"}]},{\"@type\":\"WebSite\",\"@id\":\"https:\\\/\\\/redamlo.com\\\/#website\",\"url\":\"https:\\\/\\\/redamlo.com\\\/\",\"name\":\"NOTICIAS DE LA 4T\",\"description\":\"\",\"publisher\":{\"@id\":\"https:\\\/\\\/redamlo.com\\\/#organization\"},\"potentialAction\":[{\"@type\":\"SearchAction\",\"target\":{\"@type\":\"EntryPoint\",\"urlTemplate\":\"https:\\\/\\\/redamlo.com\\\/?s={search_term_string}\"},\"query-input\":{\"@type\":\"PropertyValueSpecification\",\"valueRequired\":true,\"valueName\":\"search_term_string\"}}],\"inLanguage\":\"es\"},{\"@type\":\"Organization\",\"@id\":\"https:\\\/\\\/redamlo.com\\\/#organization\",\"name\":\"NOTICIAS DE LA 4T\",\"url\":\"https:\\\/\\\/redamlo.com\\\/\",\"logo\":{\"@type\":\"ImageObject\",\"inLanguage\":\"es\",\"@id\":\"https:\\\/\\\/redamlo.com\\\/#\\\/schema\\\/logo\\\/image\\\/\",\"url\":\"https:\\\/\\\/redamlo.com\\\/wp-content\\\/uploads\\\/2024\\\/08\\\/cropped-RED-AMLO-logo-50.png\",\"contentUrl\":\"https:\\\/\\\/redamlo.com\\\/wp-content\\\/uploads\\\/2024\\\/08\\\/cropped-RED-AMLO-logo-50.png\",\"width\":256,\"height\":256,\"caption\":\"NOTICIAS DE LA 4T\"},\"image\":{\"@id\":\"https:\\\/\\\/redamlo.com\\\/#\\\/schema\\\/logo\\\/image\\\/\"}},{\"@type\":\"Person\",\"@id\":\"https:\\\/\\\/redamlo.com\\\/#\\\/schema\\\/person\\\/7223a4375eb8f1a782fcae010a7115cf\",\"name\":\"Blanca\",\"image\":{\"@type\":\"ImageObject\",\"inLanguage\":\"es\",\"@id\":\"https:\\\/\\\/secure.gravatar.com\\\/avatar\\\/3f79bc8336367a4e6093eae8757acaaf61d1124834b905616de7829b0273426d?s=96&d=mm&r=g\",\"url\":\"https:\\\/\\\/secure.gravatar.com\\\/avatar\\\/3f79bc8336367a4e6093eae8757acaaf61d1124834b905616de7829b0273426d?s=96&d=mm&r=g\",\"contentUrl\":\"https:\\\/\\\/secure.gravatar.com\\\/avatar\\\/3f79bc8336367a4e6093eae8757acaaf61d1124834b905616de7829b0273426d?s=96&d=mm&r=g\",\"caption\":\"Blanca\"},\"url\":\"https:\\\/\\\/redamlo.com\\\/index.php\\\/author\\\/blanca\\\/\"}]}<\/script>\n<!-- \/ Yoast SEO plugin. -->","yoast_head_json":{"title":"Comunicado de Prensa de Luz Ma. Hern\u00e1ndez Secretaria General de morena en el Estado de M\u00e9xico - NOTICIAS DE LA 4T","robots":{"index":"noindex","follow":"follow","max-snippet":"max-snippet:-1","max-image-preview":"max-image-preview:large","max-video-preview":"max-video-preview:-1"},"og_locale":"es_MX","og_type":"article","og_title":"Comunicado de Prensa de Luz Ma. Hern\u00e1ndez Secretaria General de morena en el Estado de M\u00e9xico - NOTICIAS DE LA 4T","og_description":"Luz Ma. Hern\u00e1ndez (Secretaria General de morena en el Estado de M\u00e9xico, en funciones de...","og_url":"https:\/\/redamlo.com\/index.php\/2019\/11\/13\/comunicado-de-prensa-de-luz-ma-hernandez-secretaria-general-de-morena-en-el-estado-de-mexico\/","og_site_name":"NOTICIAS DE LA 4T","article_published_time":"2019-11-14T02:51:33+00:00","og_image":[{"width":1080,"height":1075,"url":"https:\/\/redamlo.com\/wp-content\/uploads\/2019\/11\/morena-estado-de-mexico.jpg","type":"image\/jpeg"}],"author":"Blanca","twitter_card":"summary_large_image","twitter_misc":{"Escrito por":"Blanca","Tiempo de lectura":"3 minutos"},"schema":{"@context":"https:\/\/schema.org","@graph":[{"@type":"Article","@id":"https:\/\/redamlo.com\/index.php\/2019\/11\/13\/comunicado-de-prensa-de-luz-ma-hernandez-secretaria-general-de-morena-en-el-estado-de-mexico\/#article","isPartOf":{"@id":"https:\/\/redamlo.com\/index.php\/2019\/11\/13\/comunicado-de-prensa-de-luz-ma-hernandez-secretaria-general-de-morena-en-el-estado-de-mexico\/"},"author":{"name":"Blanca","@id":"https:\/\/redamlo.com\/#\/schema\/person\/7223a4375eb8f1a782fcae010a7115cf"},"headline":"Comunicado de Prensa de Luz Ma. Hern\u00e1ndez Secretaria General de morena en el Estado de M\u00e9xico","datePublished":"2019-11-14T02:51:33+00:00","mainEntityOfPage":{"@id":"https:\/\/redamlo.com\/index.php\/2019\/11\/13\/comunicado-de-prensa-de-luz-ma-hernandez-secretaria-general-de-morena-en-el-estado-de-mexico\/"},"wordCount":587,"commentCount":0,"publisher":{"@id":"https:\/\/redamlo.com\/#organization"},"image":{"@id":"https:\/\/redamlo.com\/index.php\/2019\/11\/13\/comunicado-de-prensa-de-luz-ma-hernandez-secretaria-general-de-morena-en-el-estado-de-mexico\/#primaryimage"},"thumbnailUrl":"https:\/\/redamlo.com\/wp-content\/uploads\/2019\/11\/morena-estado-de-mexico.jpg","articleSection":["4T","Estado de M\u00e9xico","Pol\u00edtica"],"inLanguage":"es","potentialAction":[{"@type":"CommentAction","name":"Comment","target":["https:\/\/redamlo.com\/index.php\/2019\/11\/13\/comunicado-de-prensa-de-luz-ma-hernandez-secretaria-general-de-morena-en-el-estado-de-mexico\/#respond"]}]},{"@type":"WebPage","@id":"https:\/\/redamlo.com\/index.php\/2019\/11\/13\/comunicado-de-prensa-de-luz-ma-hernandez-secretaria-general-de-morena-en-el-estado-de-mexico\/","url":"https:\/\/redamlo.com\/index.php\/2019\/11\/13\/comunicado-de-prensa-de-luz-ma-hernandez-secretaria-general-de-morena-en-el-estado-de-mexico\/","name":"Comunicado de Prensa de Luz Ma. Hern\u00e1ndez Secretaria General de morena en el Estado de M\u00e9xico - NOTICIAS DE LA 4T","isPartOf":{"@id":"https:\/\/redamlo.com\/#website"},"primaryImageOfPage":{"@id":"https:\/\/redamlo.com\/index.php\/2019\/11\/13\/comunicado-de-prensa-de-luz-ma-hernandez-secretaria-general-de-morena-en-el-estado-de-mexico\/#primaryimage"},"image":{"@id":"https:\/\/redamlo.com\/index.php\/2019\/11\/13\/comunicado-de-prensa-de-luz-ma-hernandez-secretaria-general-de-morena-en-el-estado-de-mexico\/#primaryimage"},"thumbnailUrl":"https:\/\/redamlo.com\/wp-content\/uploads\/2019\/11\/morena-estado-de-mexico.jpg","datePublished":"2019-11-14T02:51:33+00:00","breadcrumb":{"@id":"https:\/\/redamlo.com\/index.php\/2019\/11\/13\/comunicado-de-prensa-de-luz-ma-hernandez-secretaria-general-de-morena-en-el-estado-de-mexico\/#breadcrumb"},"inLanguage":"es","potentialAction":[{"@type":"ReadAction","target":["https:\/\/redamlo.com\/index.php\/2019\/11\/13\/comunicado-de-prensa-de-luz-ma-hernandez-secretaria-general-de-morena-en-el-estado-de-mexico\/"]}]},{"@type":"ImageObject","inLanguage":"es","@id":"https:\/\/redamlo.com\/index.php\/2019\/11\/13\/comunicado-de-prensa-de-luz-ma-hernandez-secretaria-general-de-morena-en-el-estado-de-mexico\/#primaryimage","url":"https:\/\/redamlo.com\/wp-content\/uploads\/2019\/11\/morena-estado-de-mexico.jpg","contentUrl":"https:\/\/redamlo.com\/wp-content\/uploads\/2019\/11\/morena-estado-de-mexico.jpg","width":1080,"height":1075},{"@type":"BreadcrumbList","@id":"https:\/\/redamlo.com\/index.php\/2019\/11\/13\/comunicado-de-prensa-de-luz-ma-hernandez-secretaria-general-de-morena-en-el-estado-de-mexico\/#breadcrumb","itemListElement":[{"@type":"ListItem","position":1,"name":"Inicio","item":"https:\/\/redamlo.com\/"},{"@type":"ListItem","position":2,"name":"Comunicado de Prensa de Luz Ma. Hern\u00e1ndez Secretaria General de morena en el Estado de M\u00e9xico"}]},{"@type":"WebSite","@id":"https:\/\/redamlo.com\/#website","url":"https:\/\/redamlo.com\/","name":"NOTICIAS DE LA 4T","description":"","publisher":{"@id":"https:\/\/redamlo.com\/#organization"},"potentialAction":[{"@type":"SearchAction","target":{"@type":"EntryPoint","urlTemplate":"https:\/\/redamlo.com\/?s={search_term_string}"},"query-input":{"@type":"PropertyValueSpecification","valueRequired":true,"valueName":"search_term_string"}}],"inLanguage":"es"},{"@type":"Organization","@id":"https:\/\/redamlo.com\/#organization","name":"NOTICIAS DE LA 4T","url":"https:\/\/redamlo.com\/","logo":{"@type":"ImageObject","inLanguage":"es","@id":"https:\/\/redamlo.com\/#\/schema\/logo\/image\/","url":"https:\/\/redamlo.com\/wp-content\/uploads\/2024\/08\/cropped-RED-AMLO-logo-50.png","contentUrl":"https:\/\/redamlo.com\/wp-content\/uploads\/2024\/08\/cropped-RED-AMLO-logo-50.png","width":256,"height":256,"caption":"NOTICIAS DE LA 4T"},"image":{"@id":"https:\/\/redamlo.com\/#\/schema\/logo\/image\/"}},{"@type":"Person","@id":"https:\/\/redamlo.com\/#\/schema\/person\/7223a4375eb8f1a782fcae010a7115cf","name":"Blanca","image":{"@type":"ImageObject","inLanguage":"es","@id":"https:\/\/secure.gravatar.com\/avatar\/3f79bc8336367a4e6093eae8757acaaf61d1124834b905616de7829b0273426d?s=96&d=mm&r=g","url":"https:\/\/secure.gravatar.com\/avatar\/3f79bc8336367a4e6093eae8757acaaf61d1124834b905616de7829b0273426d?s=96&d=mm&r=g","contentUrl":"https:\/\/secure.gravatar.com\/avatar\/3f79bc8336367a4e6093eae8757acaaf61d1124834b905616de7829b0273426d?s=96&d=mm&r=g","caption":"Blanca"},"url":"https:\/\/redamlo.com\/index.php\/author\/blanca\/"}]}},"_links":{"self":[{"href":"https:\/\/redamlo.com\/index.php\/wp-json\/wp\/v2\/posts\/699","targetHints":{"allow":["GET"]}}],"collection":[{"href":"https:\/\/redamlo.com\/index.php\/wp-json\/wp\/v2\/posts"}],"about":[{"href":"https:\/\/redamlo.com\/index.php\/wp-json\/wp\/v2\/types\/post"}],"author":[{"embeddable":true,"href":"https:\/\/redamlo.com\/index.php\/wp-json\/wp\/v2\/users\/2"}],"replies":[{"embeddable":true,"href":"https:\/\/redamlo.com\/index.php\/wp-json\/wp\/v2\/comments?post=699"}],"version-history":[{"count":0,"href":"https:\/\/redamlo.com\/index.php\/wp-json\/wp\/v2\/posts\/699\/revisions"}],"wp:featuredmedia":[{"embeddable":true,"href":"https:\/\/redamlo.com\/index.php\/wp-json\/wp\/v2\/media\/701"}],"wp:attachment":[{"href":"https:\/\/redamlo.com\/index.php\/wp-json\/wp\/v2\/media?parent=699"}],"wp:term":[{"taxonomy":"category","embeddable":true,"href":"https:\/\/redamlo.com\/index.php\/wp-json\/wp\/v2\/categories?post=699"},{"taxonomy":"post_tag","embeddable":true,"href":"https:\/\/redamlo.com\/index.php\/wp-json\/wp\/v2\/tags?post=699"}],"curies":[{"name":"wp","href":"https:\/\/api.w.org\/{rel}","templated":true}]}}