{"id":6983,"date":"2023-08-03T07:54:35","date_gmt":"2023-08-03T13:54:35","guid":{"rendered":"https:\/\/redamlo.com\/?p=6983"},"modified":"2023-08-03T07:54:35","modified_gmt":"2023-08-03T13:54:35","slug":"morena-tiene-un-gran-relevo-generacional-y-la-verdad-romel-pacheco-es-una-desgracia-politica-dip-rafael-echazarreta","status":"publish","type":"post","link":"https:\/\/redamlo.com\/index.php\/2023\/08\/03\/morena-tiene-un-gran-relevo-generacional-y-la-verdad-romel-pacheco-es-una-desgracia-politica-dip-rafael-echazarreta\/","title":{"rendered":"\u201cMorena tiene un gran relevo generacional y la verdad Romel Pacheco es una desgracia pol\u00edtica\u201d: Dip. Rafael Echazarreta"},"content":{"rendered":"<p>Entrevistado en la gira nacional de una de las corcholatas al cu\u00e1l apoya de manera abierta y es un colaborador cercano, el Diputado Rafael Echazarreta, se\u00f1al\u00f3 que \u201cmorena Yucat\u00e1n cuenta con cuadros y personajes suficientes para obtener una victoria en 2024\u201d, a pregunta expresa sobre los rumores de que Romel Pacheco se sumar\u00e1 a la filas de morena, fue tajante al responder que \u201ces una desgracia pol\u00edtica, no tiene convicciones y es una ofensa irreparable su comportamiento en la votaci\u00f3n para el tema de la guardia nacional, prefiri\u00f3 pedir licencia en lugar de tener el valor civil y patri\u00f3tico de ejercer su funci\u00f3n como diputado\u201d (sic).<\/p>\n<p>El ex atleta ol\u00edmpico y diputado federal panista Romel Pacheco se auto-destap\u00f3 rumbo a la gubernatura del estado de Yucat\u00e1n. Medios locales han especulado sobre la llegada de Pacheco a las filas de Morena<\/p>\n<p>\u201cNo necesitamos alguien que por un puesto o aspiraci\u00f3n pol\u00edtica desconozca a quienes le dieron todo para salir adelante como lo hizo con la SEDENA, lo pinto de cuerpo entero, aunado a que su labor legislativa ha sido intrascendente por no decir inexistente\u201d expres\u00f3 Echazarreta al ser cuestionado al respecto.<\/p>\n<p>Finalmente, Rafael Echazarreta, Doctor egresado del Colegio Militar manifest\u00f3 su respeto hacia la trayectoria deportiva de Romel Pacheco pero puntualiz\u00f3 que su incongruencia pol\u00edtica lo a\u00edsla del proyecto de transformaci\u00f3n nacional liderado por el presidente L\u00f3pez Obrador en un momento decisivo donde Marcelo Ebrard est\u00e1 construyendo un proyecto de continuidad basado en la congruencia<\/p>\n<p>\u201cEl morena no caben quienes denostaron al presidente y la 4T en el pasado y ahora se dan golpes de pecho o creen que suman por tener \u201cexperiencia pol\u00edtica\u201d, en tono ir\u00f3nico dijo \u201cno necesitamos fama, queremos hechos, trabajo para lo que han sido electos, congruencia pol\u00edtica, eso demanda la sociedad y sobre todo una trayectoria limpia y \u00e9tica\u201d puntualiz\u00f3 Echazarreta.<\/p>\n<p>Fuente: Realidades QRoo<\/p>\n","protected":false},"excerpt":{"rendered":"<p>Entrevistado en la gira nacional de una de las corcholatas al cu\u00e1l apoya de manera&#8230;<\/p>\n","protected":false},"author":1,"featured_media":6984,"comment_status":"open","ping_status":"closed","sticky":false,"template":"","format":"standard","meta":{"footnotes":""},"categories":[25],"tags":[24,2494,2536,828],"class_list":["post-6983","post","type-post","status-publish","format-standard","has-post-thumbnail","hentry","category-4t","tag-morena","tag-rafael-echazarreta","tag-romel-pacheco","tag-yucatan"],"yoast_head":"<!-- This site is optimized with the Yoast SEO plugin v27.5 - https:\/\/yoast.com\/product\/yoast-seo-wordpress\/ -->\n<title>\u201cMorena tiene un gran relevo generacional y la verdad Romel Pacheco es una desgracia pol\u00edtica\u201d: Dip. Rafael Echazarreta - NOTICIAS DE LA 4T<\/title>\n<meta name=\"robots\" content=\"noindex, follow, max-snippet:-1, max-image-preview:large, max-video-preview:-1\" \/>\n<meta property=\"og:locale\" content=\"es_MX\" \/>\n<meta property=\"og:type\" content=\"article\" \/>\n<meta property=\"og:title\" content=\"\u201cMorena tiene un gran relevo generacional y la verdad Romel Pacheco es una desgracia pol\u00edtica\u201d: Dip. Rafael Echazarreta - NOTICIAS DE LA 4T\" \/>\n<meta property=\"og:description\" content=\"Entrevistado en la gira nacional de una de las corcholatas al cu\u00e1l apoya de manera...\" \/>\n<meta property=\"og:url\" content=\"https:\/\/redamlo.com\/index.php\/2023\/08\/03\/morena-tiene-un-gran-relevo-generacional-y-la-verdad-romel-pacheco-es-una-desgracia-politica-dip-rafael-echazarreta\/\" \/>\n<meta property=\"og:site_name\" content=\"NOTICIAS DE LA 4T\" \/>\n<meta property=\"article:published_time\" content=\"2023-08-03T13:54:35+00:00\" \/>\n<meta property=\"og:image\" content=\"https:\/\/redamlo.com\/wp-content\/uploads\/2023\/08\/WhatsApp-Image-2023-07-28-at-14.25.51.jpeg\" \/>\n\t<meta property=\"og:image:width\" content=\"916\" \/>\n\t<meta property=\"og:image:height\" content=\"591\" \/>\n\t<meta property=\"og:image:type\" content=\"image\/jpeg\" \/>\n<meta name=\"author\" content=\"admin\" \/>\n<meta name=\"twitter:card\" content=\"summary_large_image\" \/>\n<meta name=\"twitter:label1\" content=\"Escrito por\" \/>\n\t<meta name=\"twitter:data1\" content=\"admin\" \/>\n\t<meta name=\"twitter:label2\" content=\"Tiempo de lectura\" \/>\n\t<meta name=\"twitter:data2\" content=\"2 minutos\" \/>\n<script type=\"application\/ld+json\" class=\"yoast-schema-graph\">{\"@context\":\"https:\\\/\\\/schema.org\",\"@graph\":[{\"@type\":\"Article\",\"@id\":\"https:\\\/\\\/redamlo.com\\\/index.php\\\/2023\\\/08\\\/03\\\/morena-tiene-un-gran-relevo-generacional-y-la-verdad-romel-pacheco-es-una-desgracia-politica-dip-rafael-echazarreta\\\/#article\",\"isPartOf\":{\"@id\":\"https:\\\/\\\/redamlo.com\\\/index.php\\\/2023\\\/08\\\/03\\\/morena-tiene-un-gran-relevo-generacional-y-la-verdad-romel-pacheco-es-una-desgracia-politica-dip-rafael-echazarreta\\\/\"},\"author\":{\"name\":\"admin\",\"@id\":\"https:\\\/\\\/redamlo.com\\\/#\\\/schema\\\/person\\\/197a0a670d21b1f4f1483ddda1b64613\"},\"headline\":\"\u201cMorena tiene un gran relevo generacional y la verdad Romel Pacheco es una desgracia pol\u00edtica\u201d: Dip. Rafael Echazarreta\",\"datePublished\":\"2023-08-03T13:54:35+00:00\",\"mainEntityOfPage\":{\"@id\":\"https:\\\/\\\/redamlo.com\\\/index.php\\\/2023\\\/08\\\/03\\\/morena-tiene-un-gran-relevo-generacional-y-la-verdad-romel-pacheco-es-una-desgracia-politica-dip-rafael-echazarreta\\\/\"},\"wordCount\":344,\"commentCount\":0,\"publisher\":{\"@id\":\"https:\\\/\\\/redamlo.com\\\/#organization\"},\"image\":{\"@id\":\"https:\\\/\\\/redamlo.com\\\/index.php\\\/2023\\\/08\\\/03\\\/morena-tiene-un-gran-relevo-generacional-y-la-verdad-romel-pacheco-es-una-desgracia-politica-dip-rafael-echazarreta\\\/#primaryimage\"},\"thumbnailUrl\":\"https:\\\/\\\/redamlo.com\\\/wp-content\\\/uploads\\\/2023\\\/08\\\/WhatsApp-Image-2023-07-28-at-14.25.51.jpeg\",\"keywords\":[\"Morena\",\"Rafael Echazarreta\",\"Romel Pacheco\",\"Yucat\u00e1n\"],\"articleSection\":[\"4T\"],\"inLanguage\":\"es\",\"potentialAction\":[{\"@type\":\"CommentAction\",\"name\":\"Comment\",\"target\":[\"https:\\\/\\\/redamlo.com\\\/index.php\\\/2023\\\/08\\\/03\\\/morena-tiene-un-gran-relevo-generacional-y-la-verdad-romel-pacheco-es-una-desgracia-politica-dip-rafael-echazarreta\\\/#respond\"]}]},{\"@type\":\"WebPage\",\"@id\":\"https:\\\/\\\/redamlo.com\\\/index.php\\\/2023\\\/08\\\/03\\\/morena-tiene-un-gran-relevo-generacional-y-la-verdad-romel-pacheco-es-una-desgracia-politica-dip-rafael-echazarreta\\\/\",\"url\":\"https:\\\/\\\/redamlo.com\\\/index.php\\\/2023\\\/08\\\/03\\\/morena-tiene-un-gran-relevo-generacional-y-la-verdad-romel-pacheco-es-una-desgracia-politica-dip-rafael-echazarreta\\\/\",\"name\":\"\u201cMorena tiene un gran relevo generacional y la verdad Romel Pacheco es una desgracia pol\u00edtica\u201d: Dip. Rafael Echazarreta - NOTICIAS DE LA 4T\",\"isPartOf\":{\"@id\":\"https:\\\/\\\/redamlo.com\\\/#website\"},\"primaryImageOfPage\":{\"@id\":\"https:\\\/\\\/redamlo.com\\\/index.php\\\/2023\\\/08\\\/03\\\/morena-tiene-un-gran-relevo-generacional-y-la-verdad-romel-pacheco-es-una-desgracia-politica-dip-rafael-echazarreta\\\/#primaryimage\"},\"image\":{\"@id\":\"https:\\\/\\\/redamlo.com\\\/index.php\\\/2023\\\/08\\\/03\\\/morena-tiene-un-gran-relevo-generacional-y-la-verdad-romel-pacheco-es-una-desgracia-politica-dip-rafael-echazarreta\\\/#primaryimage\"},\"thumbnailUrl\":\"https:\\\/\\\/redamlo.com\\\/wp-content\\\/uploads\\\/2023\\\/08\\\/WhatsApp-Image-2023-07-28-at-14.25.51.jpeg\",\"datePublished\":\"2023-08-03T13:54:35+00:00\",\"breadcrumb\":{\"@id\":\"https:\\\/\\\/redamlo.com\\\/index.php\\\/2023\\\/08\\\/03\\\/morena-tiene-un-gran-relevo-generacional-y-la-verdad-romel-pacheco-es-una-desgracia-politica-dip-rafael-echazarreta\\\/#breadcrumb\"},\"inLanguage\":\"es\",\"potentialAction\":[{\"@type\":\"ReadAction\",\"target\":[\"https:\\\/\\\/redamlo.com\\\/index.php\\\/2023\\\/08\\\/03\\\/morena-tiene-un-gran-relevo-generacional-y-la-verdad-romel-pacheco-es-una-desgracia-politica-dip-rafael-echazarreta\\\/\"]}]},{\"@type\":\"ImageObject\",\"inLanguage\":\"es\",\"@id\":\"https:\\\/\\\/redamlo.com\\\/index.php\\\/2023\\\/08\\\/03\\\/morena-tiene-un-gran-relevo-generacional-y-la-verdad-romel-pacheco-es-una-desgracia-politica-dip-rafael-echazarreta\\\/#primaryimage\",\"url\":\"https:\\\/\\\/redamlo.com\\\/wp-content\\\/uploads\\\/2023\\\/08\\\/WhatsApp-Image-2023-07-28-at-14.25.51.jpeg\",\"contentUrl\":\"https:\\\/\\\/redamlo.com\\\/wp-content\\\/uploads\\\/2023\\\/08\\\/WhatsApp-Image-2023-07-28-at-14.25.51.jpeg\",\"width\":916,\"height\":591},{\"@type\":\"BreadcrumbList\",\"@id\":\"https:\\\/\\\/redamlo.com\\\/index.php\\\/2023\\\/08\\\/03\\\/morena-tiene-un-gran-relevo-generacional-y-la-verdad-romel-pacheco-es-una-desgracia-politica-dip-rafael-echazarreta\\\/#breadcrumb\",\"itemListElement\":[{\"@type\":\"ListItem\",\"position\":1,\"name\":\"Inicio\",\"item\":\"https:\\\/\\\/redamlo.com\\\/\"},{\"@type\":\"ListItem\",\"position\":2,\"name\":\"\u201cMorena tiene un gran relevo generacional y la verdad Romel Pacheco es una desgracia pol\u00edtica\u201d: Dip. Rafael Echazarreta\"}]},{\"@type\":\"WebSite\",\"@id\":\"https:\\\/\\\/redamlo.com\\\/#website\",\"url\":\"https:\\\/\\\/redamlo.com\\\/\",\"name\":\"NOTICIAS DE LA 4T\",\"description\":\"\",\"publisher\":{\"@id\":\"https:\\\/\\\/redamlo.com\\\/#organization\"},\"potentialAction\":[{\"@type\":\"SearchAction\",\"target\":{\"@type\":\"EntryPoint\",\"urlTemplate\":\"https:\\\/\\\/redamlo.com\\\/?s={search_term_string}\"},\"query-input\":{\"@type\":\"PropertyValueSpecification\",\"valueRequired\":true,\"valueName\":\"search_term_string\"}}],\"inLanguage\":\"es\"},{\"@type\":\"Organization\",\"@id\":\"https:\\\/\\\/redamlo.com\\\/#organization\",\"name\":\"NOTICIAS DE LA 4T\",\"url\":\"https:\\\/\\\/redamlo.com\\\/\",\"logo\":{\"@type\":\"ImageObject\",\"inLanguage\":\"es\",\"@id\":\"https:\\\/\\\/redamlo.com\\\/#\\\/schema\\\/logo\\\/image\\\/\",\"url\":\"https:\\\/\\\/redamlo.com\\\/wp-content\\\/uploads\\\/2024\\\/08\\\/cropped-RED-AMLO-logo-50.png\",\"contentUrl\":\"https:\\\/\\\/redamlo.com\\\/wp-content\\\/uploads\\\/2024\\\/08\\\/cropped-RED-AMLO-logo-50.png\",\"width\":256,\"height\":256,\"caption\":\"NOTICIAS DE LA 4T\"},\"image\":{\"@id\":\"https:\\\/\\\/redamlo.com\\\/#\\\/schema\\\/logo\\\/image\\\/\"}},{\"@type\":\"Person\",\"@id\":\"https:\\\/\\\/redamlo.com\\\/#\\\/schema\\\/person\\\/197a0a670d21b1f4f1483ddda1b64613\",\"name\":\"admin\",\"image\":{\"@type\":\"ImageObject\",\"inLanguage\":\"es\",\"@id\":\"https:\\\/\\\/secure.gravatar.com\\\/avatar\\\/293dccd927043f2e641da6685c2f84009782eb9ee0054daceada4e261ded849a?s=96&d=mm&r=g\",\"url\":\"https:\\\/\\\/secure.gravatar.com\\\/avatar\\\/293dccd927043f2e641da6685c2f84009782eb9ee0054daceada4e261ded849a?s=96&d=mm&r=g\",\"contentUrl\":\"https:\\\/\\\/secure.gravatar.com\\\/avatar\\\/293dccd927043f2e641da6685c2f84009782eb9ee0054daceada4e261ded849a?s=96&d=mm&r=g\",\"caption\":\"admin\"},\"sameAs\":[\"https:\\\/\\\/redamlo.com\"],\"url\":\"https:\\\/\\\/redamlo.com\\\/index.php\\\/author\\\/stell\\\/\"}]}<\/script>\n<!-- \/ Yoast SEO plugin. -->","yoast_head_json":{"title":"\u201cMorena tiene un gran relevo generacional y la verdad Romel Pacheco es una desgracia pol\u00edtica\u201d: Dip. Rafael Echazarreta - NOTICIAS DE LA 4T","robots":{"index":"noindex","follow":"follow","max-snippet":"max-snippet:-1","max-image-preview":"max-image-preview:large","max-video-preview":"max-video-preview:-1"},"og_locale":"es_MX","og_type":"article","og_title":"\u201cMorena tiene un gran relevo generacional y la verdad Romel Pacheco es una desgracia pol\u00edtica\u201d: Dip. Rafael Echazarreta - NOTICIAS DE LA 4T","og_description":"Entrevistado en la gira nacional de una de las corcholatas al cu\u00e1l apoya de manera...","og_url":"https:\/\/redamlo.com\/index.php\/2023\/08\/03\/morena-tiene-un-gran-relevo-generacional-y-la-verdad-romel-pacheco-es-una-desgracia-politica-dip-rafael-echazarreta\/","og_site_name":"NOTICIAS DE LA 4T","article_published_time":"2023-08-03T13:54:35+00:00","og_image":[{"width":916,"height":591,"url":"https:\/\/redamlo.com\/wp-content\/uploads\/2023\/08\/WhatsApp-Image-2023-07-28-at-14.25.51.jpeg","type":"image\/jpeg"}],"author":"admin","twitter_card":"summary_large_image","twitter_misc":{"Escrito por":"admin","Tiempo de lectura":"2 minutos"},"schema":{"@context":"https:\/\/schema.org","@graph":[{"@type":"Article","@id":"https:\/\/redamlo.com\/index.php\/2023\/08\/03\/morena-tiene-un-gran-relevo-generacional-y-la-verdad-romel-pacheco-es-una-desgracia-politica-dip-rafael-echazarreta\/#article","isPartOf":{"@id":"https:\/\/redamlo.com\/index.php\/2023\/08\/03\/morena-tiene-un-gran-relevo-generacional-y-la-verdad-romel-pacheco-es-una-desgracia-politica-dip-rafael-echazarreta\/"},"author":{"name":"admin","@id":"https:\/\/redamlo.com\/#\/schema\/person\/197a0a670d21b1f4f1483ddda1b64613"},"headline":"\u201cMorena tiene un gran relevo generacional y la verdad Romel Pacheco es una desgracia pol\u00edtica\u201d: Dip. Rafael Echazarreta","datePublished":"2023-08-03T13:54:35+00:00","mainEntityOfPage":{"@id":"https:\/\/redamlo.com\/index.php\/2023\/08\/03\/morena-tiene-un-gran-relevo-generacional-y-la-verdad-romel-pacheco-es-una-desgracia-politica-dip-rafael-echazarreta\/"},"wordCount":344,"commentCount":0,"publisher":{"@id":"https:\/\/redamlo.com\/#organization"},"image":{"@id":"https:\/\/redamlo.com\/index.php\/2023\/08\/03\/morena-tiene-un-gran-relevo-generacional-y-la-verdad-romel-pacheco-es-una-desgracia-politica-dip-rafael-echazarreta\/#primaryimage"},"thumbnailUrl":"https:\/\/redamlo.com\/wp-content\/uploads\/2023\/08\/WhatsApp-Image-2023-07-28-at-14.25.51.jpeg","keywords":["Morena","Rafael Echazarreta","Romel Pacheco","Yucat\u00e1n"],"articleSection":["4T"],"inLanguage":"es","potentialAction":[{"@type":"CommentAction","name":"Comment","target":["https:\/\/redamlo.com\/index.php\/2023\/08\/03\/morena-tiene-un-gran-relevo-generacional-y-la-verdad-romel-pacheco-es-una-desgracia-politica-dip-rafael-echazarreta\/#respond"]}]},{"@type":"WebPage","@id":"https:\/\/redamlo.com\/index.php\/2023\/08\/03\/morena-tiene-un-gran-relevo-generacional-y-la-verdad-romel-pacheco-es-una-desgracia-politica-dip-rafael-echazarreta\/","url":"https:\/\/redamlo.com\/index.php\/2023\/08\/03\/morena-tiene-un-gran-relevo-generacional-y-la-verdad-romel-pacheco-es-una-desgracia-politica-dip-rafael-echazarreta\/","name":"\u201cMorena tiene un gran relevo generacional y la verdad Romel Pacheco es una desgracia pol\u00edtica\u201d: Dip. Rafael Echazarreta - NOTICIAS DE LA 4T","isPartOf":{"@id":"https:\/\/redamlo.com\/#website"},"primaryImageOfPage":{"@id":"https:\/\/redamlo.com\/index.php\/2023\/08\/03\/morena-tiene-un-gran-relevo-generacional-y-la-verdad-romel-pacheco-es-una-desgracia-politica-dip-rafael-echazarreta\/#primaryimage"},"image":{"@id":"https:\/\/redamlo.com\/index.php\/2023\/08\/03\/morena-tiene-un-gran-relevo-generacional-y-la-verdad-romel-pacheco-es-una-desgracia-politica-dip-rafael-echazarreta\/#primaryimage"},"thumbnailUrl":"https:\/\/redamlo.com\/wp-content\/uploads\/2023\/08\/WhatsApp-Image-2023-07-28-at-14.25.51.jpeg","datePublished":"2023-08-03T13:54:35+00:00","breadcrumb":{"@id":"https:\/\/redamlo.com\/index.php\/2023\/08\/03\/morena-tiene-un-gran-relevo-generacional-y-la-verdad-romel-pacheco-es-una-desgracia-politica-dip-rafael-echazarreta\/#breadcrumb"},"inLanguage":"es","potentialAction":[{"@type":"ReadAction","target":["https:\/\/redamlo.com\/index.php\/2023\/08\/03\/morena-tiene-un-gran-relevo-generacional-y-la-verdad-romel-pacheco-es-una-desgracia-politica-dip-rafael-echazarreta\/"]}]},{"@type":"ImageObject","inLanguage":"es","@id":"https:\/\/redamlo.com\/index.php\/2023\/08\/03\/morena-tiene-un-gran-relevo-generacional-y-la-verdad-romel-pacheco-es-una-desgracia-politica-dip-rafael-echazarreta\/#primaryimage","url":"https:\/\/redamlo.com\/wp-content\/uploads\/2023\/08\/WhatsApp-Image-2023-07-28-at-14.25.51.jpeg","contentUrl":"https:\/\/redamlo.com\/wp-content\/uploads\/2023\/08\/WhatsApp-Image-2023-07-28-at-14.25.51.jpeg","width":916,"height":591},{"@type":"BreadcrumbList","@id":"https:\/\/redamlo.com\/index.php\/2023\/08\/03\/morena-tiene-un-gran-relevo-generacional-y-la-verdad-romel-pacheco-es-una-desgracia-politica-dip-rafael-echazarreta\/#breadcrumb","itemListElement":[{"@type":"ListItem","position":1,"name":"Inicio","item":"https:\/\/redamlo.com\/"},{"@type":"ListItem","position":2,"name":"\u201cMorena tiene un gran relevo generacional y la verdad Romel Pacheco es una desgracia pol\u00edtica\u201d: Dip. Rafael Echazarreta"}]},{"@type":"WebSite","@id":"https:\/\/redamlo.com\/#website","url":"https:\/\/redamlo.com\/","name":"NOTICIAS DE LA 4T","description":"","publisher":{"@id":"https:\/\/redamlo.com\/#organization"},"potentialAction":[{"@type":"SearchAction","target":{"@type":"EntryPoint","urlTemplate":"https:\/\/redamlo.com\/?s={search_term_string}"},"query-input":{"@type":"PropertyValueSpecification","valueRequired":true,"valueName":"search_term_string"}}],"inLanguage":"es"},{"@type":"Organization","@id":"https:\/\/redamlo.com\/#organization","name":"NOTICIAS DE LA 4T","url":"https:\/\/redamlo.com\/","logo":{"@type":"ImageObject","inLanguage":"es","@id":"https:\/\/redamlo.com\/#\/schema\/logo\/image\/","url":"https:\/\/redamlo.com\/wp-content\/uploads\/2024\/08\/cropped-RED-AMLO-logo-50.png","contentUrl":"https:\/\/redamlo.com\/wp-content\/uploads\/2024\/08\/cropped-RED-AMLO-logo-50.png","width":256,"height":256,"caption":"NOTICIAS DE LA 4T"},"image":{"@id":"https:\/\/redamlo.com\/#\/schema\/logo\/image\/"}},{"@type":"Person","@id":"https:\/\/redamlo.com\/#\/schema\/person\/197a0a670d21b1f4f1483ddda1b64613","name":"admin","image":{"@type":"ImageObject","inLanguage":"es","@id":"https:\/\/secure.gravatar.com\/avatar\/293dccd927043f2e641da6685c2f84009782eb9ee0054daceada4e261ded849a?s=96&d=mm&r=g","url":"https:\/\/secure.gravatar.com\/avatar\/293dccd927043f2e641da6685c2f84009782eb9ee0054daceada4e261ded849a?s=96&d=mm&r=g","contentUrl":"https:\/\/secure.gravatar.com\/avatar\/293dccd927043f2e641da6685c2f84009782eb9ee0054daceada4e261ded849a?s=96&d=mm&r=g","caption":"admin"},"sameAs":["https:\/\/redamlo.com"],"url":"https:\/\/redamlo.com\/index.php\/author\/stell\/"}]}},"_links":{"self":[{"href":"https:\/\/redamlo.com\/index.php\/wp-json\/wp\/v2\/posts\/6983","targetHints":{"allow":["GET"]}}],"collection":[{"href":"https:\/\/redamlo.com\/index.php\/wp-json\/wp\/v2\/posts"}],"about":[{"href":"https:\/\/redamlo.com\/index.php\/wp-json\/wp\/v2\/types\/post"}],"author":[{"embeddable":true,"href":"https:\/\/redamlo.com\/index.php\/wp-json\/wp\/v2\/users\/1"}],"replies":[{"embeddable":true,"href":"https:\/\/redamlo.com\/index.php\/wp-json\/wp\/v2\/comments?post=6983"}],"version-history":[{"count":0,"href":"https:\/\/redamlo.com\/index.php\/wp-json\/wp\/v2\/posts\/6983\/revisions"}],"wp:featuredmedia":[{"embeddable":true,"href":"https:\/\/redamlo.com\/index.php\/wp-json\/wp\/v2\/media\/6984"}],"wp:attachment":[{"href":"https:\/\/redamlo.com\/index.php\/wp-json\/wp\/v2\/media?parent=6983"}],"wp:term":[{"taxonomy":"category","embeddable":true,"href":"https:\/\/redamlo.com\/index.php\/wp-json\/wp\/v2\/categories?post=6983"},{"taxonomy":"post_tag","embeddable":true,"href":"https:\/\/redamlo.com\/index.php\/wp-json\/wp\/v2\/tags?post=6983"}],"curies":[{"name":"wp","href":"https:\/\/api.w.org\/{rel}","templated":true}]}}