{"id":6977,"date":"2023-07-18T14:57:39","date_gmt":"2023-07-18T20:57:39","guid":{"rendered":"https:\/\/redamlo.com\/?p=6977"},"modified":"2023-07-18T14:57:39","modified_gmt":"2023-07-18T20:57:39","slug":"declaran-patrimonio-cultural-intangible-las-manifestaciones-tradicionales-en-mercados-publicos-y-tianguis-de-edomex","status":"publish","type":"post","link":"https:\/\/redamlo.com\/index.php\/2023\/07\/18\/declaran-patrimonio-cultural-intangible-las-manifestaciones-tradicionales-en-mercados-publicos-y-tianguis-de-edomex\/","title":{"rendered":"Declaran patrimonio cultural intangible las manifestaciones tradicionales en mercados p\u00fablicos y tianguis de Edom\u00e9x."},"content":{"rendered":"<p>La Diputada Luz Ma. Hern\u00e1ndez Berm\u00fadez, presenta Iniciativa de Decreto por el que se declara como patrimonio cultural intangible a las manifestaciones tradicionales que se reproducen en los mercados pu\u0301blicos y tianguis ubicados en el Estado de Me\u0301xico.<\/p>\n<p><img loading=\"lazy\" decoding=\"async\" class=\"aligncenter wp-image-6978 size-full\" src=\"https:\/\/redamlo.com\/wp-content\/uploads\/2023\/07\/mercados-2.jpg\" alt=\"\" width=\"720\" height=\"545\" srcset=\"https:\/\/redamlo.com\/wp-content\/uploads\/2023\/07\/mercados-2.jpg 720w, https:\/\/redamlo.com\/wp-content\/uploads\/2023\/07\/mercados-2-300x227.jpg 300w\" sizes=\"auto, (max-width: 720px) 100vw, 720px\" \/><\/p>\n<p>&nbsp;<\/p>\n<p>Por unanimidad, el Congreso Mexiquense declar\u00f3 Patrimonio Cultural Intangible a las manifestaciones tradicionales que se reproducen en los mercados p\u00fablicos y tianguis en la entidad y proclam\u00f3 de inter\u00e9s p\u00fablico e inter\u00e9s social, el fomento, respeto, conservacio\u0301n, promocio\u0301n, patrocinio y salvaguarda de las manifestaciones tradicionales que se reproducen, a trav\u00e9s del Decreto No. 47, de fecha 8 de abril de 2022.<\/p>\n<p>&nbsp;<\/p>\n<p>La Comisi\u00f3n de Desarrollo Tur\u00edstico y Artesanal, aval\u00f3 la propuesta para declarar como patrimonio cultural intangible las manifestaciones tradicionales que se reproducen en los mercados p\u00fablicos y tianguis estatales y que sean de inter\u00e9s p\u00fablico y social su fomento, respeto, conservaci\u00f3n, promoci\u00f3n, patrocinio y salvaguarda.<\/p>\n<p>&nbsp;<\/p>\n<p>En dichos espacios se expresan valores culturales donde se preservan tradiciones mercantiles que, surgidas en los pueblos prehisp\u00e1nicos y adaptadas en el virreinato, han llegado a nuestros d\u00edas tras 200 a\u00f1os de vida independiente.<\/p>\n<p>&nbsp;<\/p>\n<p>De acuerdo con el dictamen, los mercados p\u00fablicos y tianguis son un ente social vivo y din\u00e1mico; comprenden formas de expresi\u00f3n popular; relaciones de parentesco, paisanaje y compadrazgos, as\u00ed como la oferta de bienes simb\u00f3licos de la identidad local, la mexicanidad y la preservaci\u00f3n de culturas originarias y del mestizaje. Adem\u00e1s, tienen un gran valor hist\u00f3rico, poseen un valor emblem\u00e1tico y simb\u00f3lico de identidad e impactan en la vida cotidiana y en el bienestar de la poblaci\u00f3n.<\/p>\n<p><img loading=\"lazy\" decoding=\"async\" class=\"aligncenter wp-image-6979 size-full\" src=\"https:\/\/redamlo.com\/wp-content\/uploads\/2023\/07\/mercados-1.jpg\" alt=\"\" width=\"720\" height=\"480\" srcset=\"https:\/\/redamlo.com\/wp-content\/uploads\/2023\/07\/mercados-1.jpg 720w, https:\/\/redamlo.com\/wp-content\/uploads\/2023\/07\/mercados-1-300x200.jpg 300w\" sizes=\"auto, (max-width: 720px) 100vw, 720px\" \/><\/p>\n<p>&nbsp;<\/p>\n<p>Publicada en la gaceta de gobierno del estado de M\u00e9xico la iniciativa de la diputada Hern\u00e1ndez Berm\u00fadez, en entrevista nos record\u00f3 que \u00e9sta tiene muchos a\u00f1os gest\u00e1ndose, ya que desde hace m\u00e1s de un lustro se iniciaron los trabajos en mercados y tianguis de Ecatepec, empezando por el mantenimiento autogestivo de algunos mercados p\u00fablicos del municipio y la imagen urbana de los mismos, teniendo como marco pintar murales en muros perif\u00e9ricos. \u00a0La iniciativa estuvo acompa\u00f1ada de representantes de mercados como Gerardo Mayoral, locatarios y en la parte creativa el escritor Jorge Belarmino.<\/p>\n","protected":false},"excerpt":{"rendered":"<p>La Diputada Luz Ma. Hern\u00e1ndez Berm\u00fadez, presenta Iniciativa de Decreto por el que se declara&#8230;<\/p>\n","protected":false},"author":1,"featured_media":6980,"comment_status":"open","ping_status":"closed","sticky":false,"template":"","format":"standard","meta":{"footnotes":""},"categories":[3,6],"tags":[2508,59,2535],"class_list":["post-6977","post","type-post","status-publish","format-standard","has-post-thumbnail","hentry","category-estado-de-mexico","category-estados","tag-diputada-luz-ma-hernandez","tag-edomex","tag-mercados-publicos"],"yoast_head":"<!-- This site is optimized with the Yoast SEO plugin v27.5 - https:\/\/yoast.com\/product\/yoast-seo-wordpress\/ -->\n<title>Declaran patrimonio cultural intangible las manifestaciones tradicionales en mercados p\u00fablicos y tianguis de Edom\u00e9x. - NOTICIAS DE LA 4T<\/title>\n<meta name=\"robots\" content=\"noindex, follow, max-snippet:-1, max-image-preview:large, max-video-preview:-1\" \/>\n<meta property=\"og:locale\" content=\"es_MX\" \/>\n<meta property=\"og:type\" content=\"article\" \/>\n<meta property=\"og:title\" content=\"Declaran patrimonio cultural intangible las manifestaciones tradicionales en mercados p\u00fablicos y tianguis de Edom\u00e9x. - NOTICIAS DE LA 4T\" \/>\n<meta property=\"og:description\" content=\"La Diputada Luz Ma. Hern\u00e1ndez Berm\u00fadez, presenta Iniciativa de Decreto por el que se declara...\" \/>\n<meta property=\"og:url\" content=\"https:\/\/redamlo.com\/index.php\/2023\/07\/18\/declaran-patrimonio-cultural-intangible-las-manifestaciones-tradicionales-en-mercados-publicos-y-tianguis-de-edomex\/\" \/>\n<meta property=\"og:site_name\" content=\"NOTICIAS DE LA 4T\" \/>\n<meta property=\"article:published_time\" content=\"2023-07-18T20:57:39+00:00\" \/>\n<meta property=\"og:image\" content=\"https:\/\/redamlo.com\/wp-content\/uploads\/2023\/07\/mercados-3.jpg\" \/>\n\t<meta property=\"og:image:width\" content=\"720\" \/>\n\t<meta property=\"og:image:height\" content=\"484\" \/>\n\t<meta property=\"og:image:type\" content=\"image\/jpeg\" \/>\n<meta name=\"author\" content=\"admin\" \/>\n<meta name=\"twitter:card\" content=\"summary_large_image\" \/>\n<meta name=\"twitter:label1\" content=\"Escrito por\" \/>\n\t<meta name=\"twitter:data1\" content=\"admin\" \/>\n\t<meta name=\"twitter:label2\" content=\"Tiempo de lectura\" \/>\n\t<meta name=\"twitter:data2\" content=\"2 minutos\" \/>\n<script type=\"application\/ld+json\" class=\"yoast-schema-graph\">{\"@context\":\"https:\\\/\\\/schema.org\",\"@graph\":[{\"@type\":\"Article\",\"@id\":\"https:\\\/\\\/redamlo.com\\\/index.php\\\/2023\\\/07\\\/18\\\/declaran-patrimonio-cultural-intangible-las-manifestaciones-tradicionales-en-mercados-publicos-y-tianguis-de-edomex\\\/#article\",\"isPartOf\":{\"@id\":\"https:\\\/\\\/redamlo.com\\\/index.php\\\/2023\\\/07\\\/18\\\/declaran-patrimonio-cultural-intangible-las-manifestaciones-tradicionales-en-mercados-publicos-y-tianguis-de-edomex\\\/\"},\"author\":{\"name\":\"admin\",\"@id\":\"https:\\\/\\\/redamlo.com\\\/#\\\/schema\\\/person\\\/197a0a670d21b1f4f1483ddda1b64613\"},\"headline\":\"Declaran patrimonio cultural intangible las manifestaciones tradicionales en mercados p\u00fablicos y tianguis de Edom\u00e9x.\",\"datePublished\":\"2023-07-18T20:57:39+00:00\",\"mainEntityOfPage\":{\"@id\":\"https:\\\/\\\/redamlo.com\\\/index.php\\\/2023\\\/07\\\/18\\\/declaran-patrimonio-cultural-intangible-las-manifestaciones-tradicionales-en-mercados-publicos-y-tianguis-de-edomex\\\/\"},\"wordCount\":404,\"commentCount\":0,\"publisher\":{\"@id\":\"https:\\\/\\\/redamlo.com\\\/#organization\"},\"image\":{\"@id\":\"https:\\\/\\\/redamlo.com\\\/index.php\\\/2023\\\/07\\\/18\\\/declaran-patrimonio-cultural-intangible-las-manifestaciones-tradicionales-en-mercados-publicos-y-tianguis-de-edomex\\\/#primaryimage\"},\"thumbnailUrl\":\"https:\\\/\\\/redamlo.com\\\/wp-content\\\/uploads\\\/2023\\\/07\\\/mercados-3.jpg\",\"keywords\":[\"Diputada Luz Ma Hernandez\",\"edomex\",\"mercados publicos\"],\"articleSection\":[\"Estado de M\u00e9xico\",\"Estados\"],\"inLanguage\":\"es\",\"potentialAction\":[{\"@type\":\"CommentAction\",\"name\":\"Comment\",\"target\":[\"https:\\\/\\\/redamlo.com\\\/index.php\\\/2023\\\/07\\\/18\\\/declaran-patrimonio-cultural-intangible-las-manifestaciones-tradicionales-en-mercados-publicos-y-tianguis-de-edomex\\\/#respond\"]}]},{\"@type\":\"WebPage\",\"@id\":\"https:\\\/\\\/redamlo.com\\\/index.php\\\/2023\\\/07\\\/18\\\/declaran-patrimonio-cultural-intangible-las-manifestaciones-tradicionales-en-mercados-publicos-y-tianguis-de-edomex\\\/\",\"url\":\"https:\\\/\\\/redamlo.com\\\/index.php\\\/2023\\\/07\\\/18\\\/declaran-patrimonio-cultural-intangible-las-manifestaciones-tradicionales-en-mercados-publicos-y-tianguis-de-edomex\\\/\",\"name\":\"Declaran patrimonio cultural intangible las manifestaciones tradicionales en mercados p\u00fablicos y tianguis de Edom\u00e9x. - NOTICIAS DE LA 4T\",\"isPartOf\":{\"@id\":\"https:\\\/\\\/redamlo.com\\\/#website\"},\"primaryImageOfPage\":{\"@id\":\"https:\\\/\\\/redamlo.com\\\/index.php\\\/2023\\\/07\\\/18\\\/declaran-patrimonio-cultural-intangible-las-manifestaciones-tradicionales-en-mercados-publicos-y-tianguis-de-edomex\\\/#primaryimage\"},\"image\":{\"@id\":\"https:\\\/\\\/redamlo.com\\\/index.php\\\/2023\\\/07\\\/18\\\/declaran-patrimonio-cultural-intangible-las-manifestaciones-tradicionales-en-mercados-publicos-y-tianguis-de-edomex\\\/#primaryimage\"},\"thumbnailUrl\":\"https:\\\/\\\/redamlo.com\\\/wp-content\\\/uploads\\\/2023\\\/07\\\/mercados-3.jpg\",\"datePublished\":\"2023-07-18T20:57:39+00:00\",\"breadcrumb\":{\"@id\":\"https:\\\/\\\/redamlo.com\\\/index.php\\\/2023\\\/07\\\/18\\\/declaran-patrimonio-cultural-intangible-las-manifestaciones-tradicionales-en-mercados-publicos-y-tianguis-de-edomex\\\/#breadcrumb\"},\"inLanguage\":\"es\",\"potentialAction\":[{\"@type\":\"ReadAction\",\"target\":[\"https:\\\/\\\/redamlo.com\\\/index.php\\\/2023\\\/07\\\/18\\\/declaran-patrimonio-cultural-intangible-las-manifestaciones-tradicionales-en-mercados-publicos-y-tianguis-de-edomex\\\/\"]}]},{\"@type\":\"ImageObject\",\"inLanguage\":\"es\",\"@id\":\"https:\\\/\\\/redamlo.com\\\/index.php\\\/2023\\\/07\\\/18\\\/declaran-patrimonio-cultural-intangible-las-manifestaciones-tradicionales-en-mercados-publicos-y-tianguis-de-edomex\\\/#primaryimage\",\"url\":\"https:\\\/\\\/redamlo.com\\\/wp-content\\\/uploads\\\/2023\\\/07\\\/mercados-3.jpg\",\"contentUrl\":\"https:\\\/\\\/redamlo.com\\\/wp-content\\\/uploads\\\/2023\\\/07\\\/mercados-3.jpg\",\"width\":720,\"height\":484},{\"@type\":\"BreadcrumbList\",\"@id\":\"https:\\\/\\\/redamlo.com\\\/index.php\\\/2023\\\/07\\\/18\\\/declaran-patrimonio-cultural-intangible-las-manifestaciones-tradicionales-en-mercados-publicos-y-tianguis-de-edomex\\\/#breadcrumb\",\"itemListElement\":[{\"@type\":\"ListItem\",\"position\":1,\"name\":\"Inicio\",\"item\":\"https:\\\/\\\/redamlo.com\\\/\"},{\"@type\":\"ListItem\",\"position\":2,\"name\":\"Declaran patrimonio cultural intangible las manifestaciones tradicionales en mercados p\u00fablicos y tianguis de Edom\u00e9x.\"}]},{\"@type\":\"WebSite\",\"@id\":\"https:\\\/\\\/redamlo.com\\\/#website\",\"url\":\"https:\\\/\\\/redamlo.com\\\/\",\"name\":\"NOTICIAS DE LA 4T\",\"description\":\"\",\"publisher\":{\"@id\":\"https:\\\/\\\/redamlo.com\\\/#organization\"},\"potentialAction\":[{\"@type\":\"SearchAction\",\"target\":{\"@type\":\"EntryPoint\",\"urlTemplate\":\"https:\\\/\\\/redamlo.com\\\/?s={search_term_string}\"},\"query-input\":{\"@type\":\"PropertyValueSpecification\",\"valueRequired\":true,\"valueName\":\"search_term_string\"}}],\"inLanguage\":\"es\"},{\"@type\":\"Organization\",\"@id\":\"https:\\\/\\\/redamlo.com\\\/#organization\",\"name\":\"NOTICIAS DE LA 4T\",\"url\":\"https:\\\/\\\/redamlo.com\\\/\",\"logo\":{\"@type\":\"ImageObject\",\"inLanguage\":\"es\",\"@id\":\"https:\\\/\\\/redamlo.com\\\/#\\\/schema\\\/logo\\\/image\\\/\",\"url\":\"https:\\\/\\\/redamlo.com\\\/wp-content\\\/uploads\\\/2024\\\/08\\\/cropped-RED-AMLO-logo-50.png\",\"contentUrl\":\"https:\\\/\\\/redamlo.com\\\/wp-content\\\/uploads\\\/2024\\\/08\\\/cropped-RED-AMLO-logo-50.png\",\"width\":256,\"height\":256,\"caption\":\"NOTICIAS DE LA 4T\"},\"image\":{\"@id\":\"https:\\\/\\\/redamlo.com\\\/#\\\/schema\\\/logo\\\/image\\\/\"}},{\"@type\":\"Person\",\"@id\":\"https:\\\/\\\/redamlo.com\\\/#\\\/schema\\\/person\\\/197a0a670d21b1f4f1483ddda1b64613\",\"name\":\"admin\",\"image\":{\"@type\":\"ImageObject\",\"inLanguage\":\"es\",\"@id\":\"https:\\\/\\\/secure.gravatar.com\\\/avatar\\\/293dccd927043f2e641da6685c2f84009782eb9ee0054daceada4e261ded849a?s=96&d=mm&r=g\",\"url\":\"https:\\\/\\\/secure.gravatar.com\\\/avatar\\\/293dccd927043f2e641da6685c2f84009782eb9ee0054daceada4e261ded849a?s=96&d=mm&r=g\",\"contentUrl\":\"https:\\\/\\\/secure.gravatar.com\\\/avatar\\\/293dccd927043f2e641da6685c2f84009782eb9ee0054daceada4e261ded849a?s=96&d=mm&r=g\",\"caption\":\"admin\"},\"sameAs\":[\"https:\\\/\\\/redamlo.com\"],\"url\":\"https:\\\/\\\/redamlo.com\\\/index.php\\\/author\\\/stell\\\/\"}]}<\/script>\n<!-- \/ Yoast SEO plugin. -->","yoast_head_json":{"title":"Declaran patrimonio cultural intangible las manifestaciones tradicionales en mercados p\u00fablicos y tianguis de Edom\u00e9x. - NOTICIAS DE LA 4T","robots":{"index":"noindex","follow":"follow","max-snippet":"max-snippet:-1","max-image-preview":"max-image-preview:large","max-video-preview":"max-video-preview:-1"},"og_locale":"es_MX","og_type":"article","og_title":"Declaran patrimonio cultural intangible las manifestaciones tradicionales en mercados p\u00fablicos y tianguis de Edom\u00e9x. - NOTICIAS DE LA 4T","og_description":"La Diputada Luz Ma. Hern\u00e1ndez Berm\u00fadez, presenta Iniciativa de Decreto por el que se declara...","og_url":"https:\/\/redamlo.com\/index.php\/2023\/07\/18\/declaran-patrimonio-cultural-intangible-las-manifestaciones-tradicionales-en-mercados-publicos-y-tianguis-de-edomex\/","og_site_name":"NOTICIAS DE LA 4T","article_published_time":"2023-07-18T20:57:39+00:00","og_image":[{"width":720,"height":484,"url":"https:\/\/redamlo.com\/wp-content\/uploads\/2023\/07\/mercados-3.jpg","type":"image\/jpeg"}],"author":"admin","twitter_card":"summary_large_image","twitter_misc":{"Escrito por":"admin","Tiempo de lectura":"2 minutos"},"schema":{"@context":"https:\/\/schema.org","@graph":[{"@type":"Article","@id":"https:\/\/redamlo.com\/index.php\/2023\/07\/18\/declaran-patrimonio-cultural-intangible-las-manifestaciones-tradicionales-en-mercados-publicos-y-tianguis-de-edomex\/#article","isPartOf":{"@id":"https:\/\/redamlo.com\/index.php\/2023\/07\/18\/declaran-patrimonio-cultural-intangible-las-manifestaciones-tradicionales-en-mercados-publicos-y-tianguis-de-edomex\/"},"author":{"name":"admin","@id":"https:\/\/redamlo.com\/#\/schema\/person\/197a0a670d21b1f4f1483ddda1b64613"},"headline":"Declaran patrimonio cultural intangible las manifestaciones tradicionales en mercados p\u00fablicos y tianguis de Edom\u00e9x.","datePublished":"2023-07-18T20:57:39+00:00","mainEntityOfPage":{"@id":"https:\/\/redamlo.com\/index.php\/2023\/07\/18\/declaran-patrimonio-cultural-intangible-las-manifestaciones-tradicionales-en-mercados-publicos-y-tianguis-de-edomex\/"},"wordCount":404,"commentCount":0,"publisher":{"@id":"https:\/\/redamlo.com\/#organization"},"image":{"@id":"https:\/\/redamlo.com\/index.php\/2023\/07\/18\/declaran-patrimonio-cultural-intangible-las-manifestaciones-tradicionales-en-mercados-publicos-y-tianguis-de-edomex\/#primaryimage"},"thumbnailUrl":"https:\/\/redamlo.com\/wp-content\/uploads\/2023\/07\/mercados-3.jpg","keywords":["Diputada Luz Ma Hernandez","edomex","mercados publicos"],"articleSection":["Estado de M\u00e9xico","Estados"],"inLanguage":"es","potentialAction":[{"@type":"CommentAction","name":"Comment","target":["https:\/\/redamlo.com\/index.php\/2023\/07\/18\/declaran-patrimonio-cultural-intangible-las-manifestaciones-tradicionales-en-mercados-publicos-y-tianguis-de-edomex\/#respond"]}]},{"@type":"WebPage","@id":"https:\/\/redamlo.com\/index.php\/2023\/07\/18\/declaran-patrimonio-cultural-intangible-las-manifestaciones-tradicionales-en-mercados-publicos-y-tianguis-de-edomex\/","url":"https:\/\/redamlo.com\/index.php\/2023\/07\/18\/declaran-patrimonio-cultural-intangible-las-manifestaciones-tradicionales-en-mercados-publicos-y-tianguis-de-edomex\/","name":"Declaran patrimonio cultural intangible las manifestaciones tradicionales en mercados p\u00fablicos y tianguis de Edom\u00e9x. - NOTICIAS DE LA 4T","isPartOf":{"@id":"https:\/\/redamlo.com\/#website"},"primaryImageOfPage":{"@id":"https:\/\/redamlo.com\/index.php\/2023\/07\/18\/declaran-patrimonio-cultural-intangible-las-manifestaciones-tradicionales-en-mercados-publicos-y-tianguis-de-edomex\/#primaryimage"},"image":{"@id":"https:\/\/redamlo.com\/index.php\/2023\/07\/18\/declaran-patrimonio-cultural-intangible-las-manifestaciones-tradicionales-en-mercados-publicos-y-tianguis-de-edomex\/#primaryimage"},"thumbnailUrl":"https:\/\/redamlo.com\/wp-content\/uploads\/2023\/07\/mercados-3.jpg","datePublished":"2023-07-18T20:57:39+00:00","breadcrumb":{"@id":"https:\/\/redamlo.com\/index.php\/2023\/07\/18\/declaran-patrimonio-cultural-intangible-las-manifestaciones-tradicionales-en-mercados-publicos-y-tianguis-de-edomex\/#breadcrumb"},"inLanguage":"es","potentialAction":[{"@type":"ReadAction","target":["https:\/\/redamlo.com\/index.php\/2023\/07\/18\/declaran-patrimonio-cultural-intangible-las-manifestaciones-tradicionales-en-mercados-publicos-y-tianguis-de-edomex\/"]}]},{"@type":"ImageObject","inLanguage":"es","@id":"https:\/\/redamlo.com\/index.php\/2023\/07\/18\/declaran-patrimonio-cultural-intangible-las-manifestaciones-tradicionales-en-mercados-publicos-y-tianguis-de-edomex\/#primaryimage","url":"https:\/\/redamlo.com\/wp-content\/uploads\/2023\/07\/mercados-3.jpg","contentUrl":"https:\/\/redamlo.com\/wp-content\/uploads\/2023\/07\/mercados-3.jpg","width":720,"height":484},{"@type":"BreadcrumbList","@id":"https:\/\/redamlo.com\/index.php\/2023\/07\/18\/declaran-patrimonio-cultural-intangible-las-manifestaciones-tradicionales-en-mercados-publicos-y-tianguis-de-edomex\/#breadcrumb","itemListElement":[{"@type":"ListItem","position":1,"name":"Inicio","item":"https:\/\/redamlo.com\/"},{"@type":"ListItem","position":2,"name":"Declaran patrimonio cultural intangible las manifestaciones tradicionales en mercados p\u00fablicos y tianguis de Edom\u00e9x."}]},{"@type":"WebSite","@id":"https:\/\/redamlo.com\/#website","url":"https:\/\/redamlo.com\/","name":"NOTICIAS DE LA 4T","description":"","publisher":{"@id":"https:\/\/redamlo.com\/#organization"},"potentialAction":[{"@type":"SearchAction","target":{"@type":"EntryPoint","urlTemplate":"https:\/\/redamlo.com\/?s={search_term_string}"},"query-input":{"@type":"PropertyValueSpecification","valueRequired":true,"valueName":"search_term_string"}}],"inLanguage":"es"},{"@type":"Organization","@id":"https:\/\/redamlo.com\/#organization","name":"NOTICIAS DE LA 4T","url":"https:\/\/redamlo.com\/","logo":{"@type":"ImageObject","inLanguage":"es","@id":"https:\/\/redamlo.com\/#\/schema\/logo\/image\/","url":"https:\/\/redamlo.com\/wp-content\/uploads\/2024\/08\/cropped-RED-AMLO-logo-50.png","contentUrl":"https:\/\/redamlo.com\/wp-content\/uploads\/2024\/08\/cropped-RED-AMLO-logo-50.png","width":256,"height":256,"caption":"NOTICIAS DE LA 4T"},"image":{"@id":"https:\/\/redamlo.com\/#\/schema\/logo\/image\/"}},{"@type":"Person","@id":"https:\/\/redamlo.com\/#\/schema\/person\/197a0a670d21b1f4f1483ddda1b64613","name":"admin","image":{"@type":"ImageObject","inLanguage":"es","@id":"https:\/\/secure.gravatar.com\/avatar\/293dccd927043f2e641da6685c2f84009782eb9ee0054daceada4e261ded849a?s=96&d=mm&r=g","url":"https:\/\/secure.gravatar.com\/avatar\/293dccd927043f2e641da6685c2f84009782eb9ee0054daceada4e261ded849a?s=96&d=mm&r=g","contentUrl":"https:\/\/secure.gravatar.com\/avatar\/293dccd927043f2e641da6685c2f84009782eb9ee0054daceada4e261ded849a?s=96&d=mm&r=g","caption":"admin"},"sameAs":["https:\/\/redamlo.com"],"url":"https:\/\/redamlo.com\/index.php\/author\/stell\/"}]}},"_links":{"self":[{"href":"https:\/\/redamlo.com\/index.php\/wp-json\/wp\/v2\/posts\/6977","targetHints":{"allow":["GET"]}}],"collection":[{"href":"https:\/\/redamlo.com\/index.php\/wp-json\/wp\/v2\/posts"}],"about":[{"href":"https:\/\/redamlo.com\/index.php\/wp-json\/wp\/v2\/types\/post"}],"author":[{"embeddable":true,"href":"https:\/\/redamlo.com\/index.php\/wp-json\/wp\/v2\/users\/1"}],"replies":[{"embeddable":true,"href":"https:\/\/redamlo.com\/index.php\/wp-json\/wp\/v2\/comments?post=6977"}],"version-history":[{"count":0,"href":"https:\/\/redamlo.com\/index.php\/wp-json\/wp\/v2\/posts\/6977\/revisions"}],"wp:featuredmedia":[{"embeddable":true,"href":"https:\/\/redamlo.com\/index.php\/wp-json\/wp\/v2\/media\/6980"}],"wp:attachment":[{"href":"https:\/\/redamlo.com\/index.php\/wp-json\/wp\/v2\/media?parent=6977"}],"wp:term":[{"taxonomy":"category","embeddable":true,"href":"https:\/\/redamlo.com\/index.php\/wp-json\/wp\/v2\/categories?post=6977"},{"taxonomy":"post_tag","embeddable":true,"href":"https:\/\/redamlo.com\/index.php\/wp-json\/wp\/v2\/tags?post=6977"}],"curies":[{"name":"wp","href":"https:\/\/api.w.org\/{rel}","templated":true}]}}