{"id":6974,"date":"2023-07-18T14:44:53","date_gmt":"2023-07-18T20:44:53","guid":{"rendered":"https:\/\/redamlo.com\/?p=6974"},"modified":"2023-07-18T14:44:53","modified_gmt":"2023-07-18T20:44:53","slug":"aumentan-consultas-por-contratacion-de-medicos-especialistas-en-aplicacion-del-plan-de-salud-imss-bienestar","status":"publish","type":"post","link":"https:\/\/redamlo.com\/index.php\/2023\/07\/18\/aumentan-consultas-por-contratacion-de-medicos-especialistas-en-aplicacion-del-plan-de-salud-imss-bienestar\/","title":{"rendered":"Aumentan consultas por contrataci\u00f3n de m\u00e9dicos especialistas en aplicaci\u00f3n del Plan de Salud IMSS Bienestar"},"content":{"rendered":"<p>A partir de la implementaci\u00f3n del\u00a0<strong>Plan de Salud IMSS Bienestar<\/strong>\u00a0en estados incorporados a este modelo de atenci\u00f3n m\u00e9dica para personas sin seguridad social, la productividad en consultas de especialidades increment\u00f3 debido a que ya suman 5 mil 339 m\u00e9dicos especialistas en el pa\u00eds, inform\u00f3 el director general del Instituto Mexicano del Seguro Social, Zo\u00e9 Robledo Aburto.<\/p>\n<p>Estos resultados se deben a la aplicaci\u00f3n de diversos mecanismos, como las convocatorias nacional e internacional a personal m\u00e9dico, el reclutamiento de reci\u00e9n egresados y la colaboraci\u00f3n del gobierno de Cuba.<\/p>\n<p><iframe loading=\"lazy\" title=\"Tren M\u00e9xico-Toluca inicia operaci\u00f3n el 14 de septiembre en 4 estaciones. Conferencia presidente AMLO\" width=\"640\" height=\"360\" src=\"https:\/\/www.youtube.com\/embed\/2mHho6251Dk?feature=oembed\" frameborder=\"0\" allow=\"accelerometer; autoplay; clipboard-write; encrypted-media; gyroscope; picture-in-picture; web-share\" referrerpolicy=\"strict-origin-when-cross-origin\" allowfullscreen><\/iframe><\/p>\n<p>Adicionalmente, 415 especialistas jubilados decidieron volver a prestar sus servicios y ahora est\u00e1n en proceso de contrataci\u00f3n, mencion\u00f3 el titular del IMSS en conferencia de prensa matutina con el presidente Andr\u00e9s Manuel L\u00f3pez Obrador.<\/p>\n<p>Gracias a que hay m\u00e1s personal de la salud, en los estados donde est\u00e1 plenamente aplicado el esquema IMSS Bienestar incrementaron las consultas de especialidad de la siguiente manera:<\/p>\n<ul>\n<li>Baja California Sur increment\u00f3 a 64 mil 002 consultas<\/li>\n<li>Campeche, a 28 mil 415<\/li>\n<li>Colima, a 103 mil 612<\/li>\n<li>Guerrero, a 83 mil 636<\/li>\n<li>Michoac\u00e1n, a 113 mil 920<\/li>\n<li>Morelos, a 10 mil 159<\/li>\n<li>Nayarit, a 188 mil 109<\/li>\n<li>Sinaloa, a 218 mil 303<\/li>\n<li>Sonora, a 210 mil 923<\/li>\n<li>Tlaxcala, a 89 mil 316<\/li>\n<li>Veracruz, a 59 mil 548<\/li>\n<\/ul>\n<p>Desde que se firm\u00f3 el primer convenio de federalizaci\u00f3n con Nayarit, el 1\u00b0 de abril de 2022, han establecido acuerdos 22 entidades para ampliar la operaci\u00f3n del IMSS Bienestar, lo que contempla la transferencia de 253 hospitales, 21\u00a0<strong>Unidades M\u00e9dicas de Especialidades (UNEMES)<\/strong>\u00a0y 4 mil 146 centros de salud.<\/p>\n<p>El Gobierno de M\u00e9xico invierte 2 mil 483 millones de pesos en acciones de conservaci\u00f3n y 5 mil 390 millones de pesos destinados a la rehabilitaci\u00f3n y adquisici\u00f3n de equipos m\u00e9dicos con el prop\u00f3sito de brindar atenci\u00f3n de calidad, universal y gratuita a la poblaci\u00f3n sin seguridad social.<\/p>\n","protected":false},"excerpt":{"rendered":"<p>A partir de la implementaci\u00f3n del\u00a0Plan de Salud IMSS Bienestar\u00a0en estados incorporados a este modelo&#8230;<\/p>\n","protected":false},"author":1,"featured_media":6975,"comment_status":"open","ping_status":"closed","sticky":false,"template":"","format":"standard","meta":{"footnotes":""},"categories":[27],"tags":[84,1060],"class_list":["post-6974","post","type-post","status-publish","format-standard","has-post-thumbnail","hentry","category-presidencia","tag-amlo","tag-imss-bienestar"],"yoast_head":"<!-- This site is optimized with the Yoast SEO plugin v27.5 - https:\/\/yoast.com\/product\/yoast-seo-wordpress\/ -->\n<title>Aumentan consultas por contrataci\u00f3n de m\u00e9dicos especialistas en aplicaci\u00f3n del Plan de Salud IMSS Bienestar - NOTICIAS DE LA 4T<\/title>\n<meta name=\"robots\" content=\"noindex, follow, max-snippet:-1, max-image-preview:large, max-video-preview:-1\" \/>\n<meta property=\"og:locale\" content=\"es_MX\" \/>\n<meta property=\"og:type\" content=\"article\" \/>\n<meta property=\"og:title\" content=\"Aumentan consultas por contrataci\u00f3n de m\u00e9dicos especialistas en aplicaci\u00f3n del Plan de Salud IMSS Bienestar - NOTICIAS DE LA 4T\" \/>\n<meta property=\"og:description\" content=\"A partir de la implementaci\u00f3n del\u00a0Plan de Salud IMSS Bienestar\u00a0en estados incorporados a este modelo...\" \/>\n<meta property=\"og:url\" content=\"https:\/\/redamlo.com\/index.php\/2023\/07\/18\/aumentan-consultas-por-contratacion-de-medicos-especialistas-en-aplicacion-del-plan-de-salud-imss-bienestar\/\" \/>\n<meta property=\"og:site_name\" content=\"NOTICIAS DE LA 4T\" \/>\n<meta property=\"article:published_time\" content=\"2023-07-18T20:44:53+00:00\" \/>\n<meta property=\"og:image\" content=\"https:\/\/redamlo.com\/wp-content\/uploads\/2023\/07\/2023-07-18-Conferencia-de-prensa-matutina-Palacio-Nacional-Foto-01.jpg\" \/>\n\t<meta property=\"og:image:width\" content=\"1502\" \/>\n\t<meta property=\"og:image:height\" content=\"1000\" \/>\n\t<meta property=\"og:image:type\" content=\"image\/jpeg\" \/>\n<meta name=\"author\" content=\"admin\" \/>\n<meta name=\"twitter:card\" content=\"summary_large_image\" \/>\n<meta name=\"twitter:label1\" content=\"Escrito por\" \/>\n\t<meta name=\"twitter:data1\" content=\"admin\" \/>\n\t<meta name=\"twitter:label2\" content=\"Tiempo de lectura\" \/>\n\t<meta name=\"twitter:data2\" content=\"2 minutos\" \/>\n<script type=\"application\/ld+json\" class=\"yoast-schema-graph\">{\"@context\":\"https:\\\/\\\/schema.org\",\"@graph\":[{\"@type\":\"Article\",\"@id\":\"https:\\\/\\\/redamlo.com\\\/index.php\\\/2023\\\/07\\\/18\\\/aumentan-consultas-por-contratacion-de-medicos-especialistas-en-aplicacion-del-plan-de-salud-imss-bienestar\\\/#article\",\"isPartOf\":{\"@id\":\"https:\\\/\\\/redamlo.com\\\/index.php\\\/2023\\\/07\\\/18\\\/aumentan-consultas-por-contratacion-de-medicos-especialistas-en-aplicacion-del-plan-de-salud-imss-bienestar\\\/\"},\"author\":{\"name\":\"admin\",\"@id\":\"https:\\\/\\\/redamlo.com\\\/#\\\/schema\\\/person\\\/197a0a670d21b1f4f1483ddda1b64613\"},\"headline\":\"Aumentan consultas por contrataci\u00f3n de m\u00e9dicos especialistas en aplicaci\u00f3n del Plan de Salud IMSS Bienestar\",\"datePublished\":\"2023-07-18T20:44:53+00:00\",\"mainEntityOfPage\":{\"@id\":\"https:\\\/\\\/redamlo.com\\\/index.php\\\/2023\\\/07\\\/18\\\/aumentan-consultas-por-contratacion-de-medicos-especialistas-en-aplicacion-del-plan-de-salud-imss-bienestar\\\/\"},\"wordCount\":325,\"commentCount\":0,\"publisher\":{\"@id\":\"https:\\\/\\\/redamlo.com\\\/#organization\"},\"image\":{\"@id\":\"https:\\\/\\\/redamlo.com\\\/index.php\\\/2023\\\/07\\\/18\\\/aumentan-consultas-por-contratacion-de-medicos-especialistas-en-aplicacion-del-plan-de-salud-imss-bienestar\\\/#primaryimage\"},\"thumbnailUrl\":\"https:\\\/\\\/redamlo.com\\\/wp-content\\\/uploads\\\/2023\\\/07\\\/2023-07-18-Conferencia-de-prensa-matutina-Palacio-Nacional-Foto-01.jpg\",\"keywords\":[\"AMLO\",\"IMSS Bienestar\"],\"articleSection\":[\"Presidencia\"],\"inLanguage\":\"es\",\"potentialAction\":[{\"@type\":\"CommentAction\",\"name\":\"Comment\",\"target\":[\"https:\\\/\\\/redamlo.com\\\/index.php\\\/2023\\\/07\\\/18\\\/aumentan-consultas-por-contratacion-de-medicos-especialistas-en-aplicacion-del-plan-de-salud-imss-bienestar\\\/#respond\"]}]},{\"@type\":\"WebPage\",\"@id\":\"https:\\\/\\\/redamlo.com\\\/index.php\\\/2023\\\/07\\\/18\\\/aumentan-consultas-por-contratacion-de-medicos-especialistas-en-aplicacion-del-plan-de-salud-imss-bienestar\\\/\",\"url\":\"https:\\\/\\\/redamlo.com\\\/index.php\\\/2023\\\/07\\\/18\\\/aumentan-consultas-por-contratacion-de-medicos-especialistas-en-aplicacion-del-plan-de-salud-imss-bienestar\\\/\",\"name\":\"Aumentan consultas por contrataci\u00f3n de m\u00e9dicos especialistas en aplicaci\u00f3n del Plan de Salud IMSS Bienestar - NOTICIAS DE LA 4T\",\"isPartOf\":{\"@id\":\"https:\\\/\\\/redamlo.com\\\/#website\"},\"primaryImageOfPage\":{\"@id\":\"https:\\\/\\\/redamlo.com\\\/index.php\\\/2023\\\/07\\\/18\\\/aumentan-consultas-por-contratacion-de-medicos-especialistas-en-aplicacion-del-plan-de-salud-imss-bienestar\\\/#primaryimage\"},\"image\":{\"@id\":\"https:\\\/\\\/redamlo.com\\\/index.php\\\/2023\\\/07\\\/18\\\/aumentan-consultas-por-contratacion-de-medicos-especialistas-en-aplicacion-del-plan-de-salud-imss-bienestar\\\/#primaryimage\"},\"thumbnailUrl\":\"https:\\\/\\\/redamlo.com\\\/wp-content\\\/uploads\\\/2023\\\/07\\\/2023-07-18-Conferencia-de-prensa-matutina-Palacio-Nacional-Foto-01.jpg\",\"datePublished\":\"2023-07-18T20:44:53+00:00\",\"breadcrumb\":{\"@id\":\"https:\\\/\\\/redamlo.com\\\/index.php\\\/2023\\\/07\\\/18\\\/aumentan-consultas-por-contratacion-de-medicos-especialistas-en-aplicacion-del-plan-de-salud-imss-bienestar\\\/#breadcrumb\"},\"inLanguage\":\"es\",\"potentialAction\":[{\"@type\":\"ReadAction\",\"target\":[\"https:\\\/\\\/redamlo.com\\\/index.php\\\/2023\\\/07\\\/18\\\/aumentan-consultas-por-contratacion-de-medicos-especialistas-en-aplicacion-del-plan-de-salud-imss-bienestar\\\/\"]}]},{\"@type\":\"ImageObject\",\"inLanguage\":\"es\",\"@id\":\"https:\\\/\\\/redamlo.com\\\/index.php\\\/2023\\\/07\\\/18\\\/aumentan-consultas-por-contratacion-de-medicos-especialistas-en-aplicacion-del-plan-de-salud-imss-bienestar\\\/#primaryimage\",\"url\":\"https:\\\/\\\/redamlo.com\\\/wp-content\\\/uploads\\\/2023\\\/07\\\/2023-07-18-Conferencia-de-prensa-matutina-Palacio-Nacional-Foto-01.jpg\",\"contentUrl\":\"https:\\\/\\\/redamlo.com\\\/wp-content\\\/uploads\\\/2023\\\/07\\\/2023-07-18-Conferencia-de-prensa-matutina-Palacio-Nacional-Foto-01.jpg\",\"width\":1502,\"height\":1000},{\"@type\":\"BreadcrumbList\",\"@id\":\"https:\\\/\\\/redamlo.com\\\/index.php\\\/2023\\\/07\\\/18\\\/aumentan-consultas-por-contratacion-de-medicos-especialistas-en-aplicacion-del-plan-de-salud-imss-bienestar\\\/#breadcrumb\",\"itemListElement\":[{\"@type\":\"ListItem\",\"position\":1,\"name\":\"Inicio\",\"item\":\"https:\\\/\\\/redamlo.com\\\/\"},{\"@type\":\"ListItem\",\"position\":2,\"name\":\"Aumentan consultas por contrataci\u00f3n de m\u00e9dicos especialistas en aplicaci\u00f3n del Plan de Salud IMSS Bienestar\"}]},{\"@type\":\"WebSite\",\"@id\":\"https:\\\/\\\/redamlo.com\\\/#website\",\"url\":\"https:\\\/\\\/redamlo.com\\\/\",\"name\":\"NOTICIAS DE LA 4T\",\"description\":\"\",\"publisher\":{\"@id\":\"https:\\\/\\\/redamlo.com\\\/#organization\"},\"potentialAction\":[{\"@type\":\"SearchAction\",\"target\":{\"@type\":\"EntryPoint\",\"urlTemplate\":\"https:\\\/\\\/redamlo.com\\\/?s={search_term_string}\"},\"query-input\":{\"@type\":\"PropertyValueSpecification\",\"valueRequired\":true,\"valueName\":\"search_term_string\"}}],\"inLanguage\":\"es\"},{\"@type\":\"Organization\",\"@id\":\"https:\\\/\\\/redamlo.com\\\/#organization\",\"name\":\"NOTICIAS DE LA 4T\",\"url\":\"https:\\\/\\\/redamlo.com\\\/\",\"logo\":{\"@type\":\"ImageObject\",\"inLanguage\":\"es\",\"@id\":\"https:\\\/\\\/redamlo.com\\\/#\\\/schema\\\/logo\\\/image\\\/\",\"url\":\"https:\\\/\\\/redamlo.com\\\/wp-content\\\/uploads\\\/2024\\\/08\\\/cropped-RED-AMLO-logo-50.png\",\"contentUrl\":\"https:\\\/\\\/redamlo.com\\\/wp-content\\\/uploads\\\/2024\\\/08\\\/cropped-RED-AMLO-logo-50.png\",\"width\":256,\"height\":256,\"caption\":\"NOTICIAS DE LA 4T\"},\"image\":{\"@id\":\"https:\\\/\\\/redamlo.com\\\/#\\\/schema\\\/logo\\\/image\\\/\"}},{\"@type\":\"Person\",\"@id\":\"https:\\\/\\\/redamlo.com\\\/#\\\/schema\\\/person\\\/197a0a670d21b1f4f1483ddda1b64613\",\"name\":\"admin\",\"image\":{\"@type\":\"ImageObject\",\"inLanguage\":\"es\",\"@id\":\"https:\\\/\\\/secure.gravatar.com\\\/avatar\\\/293dccd927043f2e641da6685c2f84009782eb9ee0054daceada4e261ded849a?s=96&d=mm&r=g\",\"url\":\"https:\\\/\\\/secure.gravatar.com\\\/avatar\\\/293dccd927043f2e641da6685c2f84009782eb9ee0054daceada4e261ded849a?s=96&d=mm&r=g\",\"contentUrl\":\"https:\\\/\\\/secure.gravatar.com\\\/avatar\\\/293dccd927043f2e641da6685c2f84009782eb9ee0054daceada4e261ded849a?s=96&d=mm&r=g\",\"caption\":\"admin\"},\"sameAs\":[\"https:\\\/\\\/redamlo.com\"],\"url\":\"https:\\\/\\\/redamlo.com\\\/index.php\\\/author\\\/stell\\\/\"}]}<\/script>\n<!-- \/ Yoast SEO plugin. -->","yoast_head_json":{"title":"Aumentan consultas por contrataci\u00f3n de m\u00e9dicos especialistas en aplicaci\u00f3n del Plan de Salud IMSS Bienestar - NOTICIAS DE LA 4T","robots":{"index":"noindex","follow":"follow","max-snippet":"max-snippet:-1","max-image-preview":"max-image-preview:large","max-video-preview":"max-video-preview:-1"},"og_locale":"es_MX","og_type":"article","og_title":"Aumentan consultas por contrataci\u00f3n de m\u00e9dicos especialistas en aplicaci\u00f3n del Plan de Salud IMSS Bienestar - NOTICIAS DE LA 4T","og_description":"A partir de la implementaci\u00f3n del\u00a0Plan de Salud IMSS Bienestar\u00a0en estados incorporados a este modelo...","og_url":"https:\/\/redamlo.com\/index.php\/2023\/07\/18\/aumentan-consultas-por-contratacion-de-medicos-especialistas-en-aplicacion-del-plan-de-salud-imss-bienestar\/","og_site_name":"NOTICIAS DE LA 4T","article_published_time":"2023-07-18T20:44:53+00:00","og_image":[{"width":1502,"height":1000,"url":"https:\/\/redamlo.com\/wp-content\/uploads\/2023\/07\/2023-07-18-Conferencia-de-prensa-matutina-Palacio-Nacional-Foto-01.jpg","type":"image\/jpeg"}],"author":"admin","twitter_card":"summary_large_image","twitter_misc":{"Escrito por":"admin","Tiempo de lectura":"2 minutos"},"schema":{"@context":"https:\/\/schema.org","@graph":[{"@type":"Article","@id":"https:\/\/redamlo.com\/index.php\/2023\/07\/18\/aumentan-consultas-por-contratacion-de-medicos-especialistas-en-aplicacion-del-plan-de-salud-imss-bienestar\/#article","isPartOf":{"@id":"https:\/\/redamlo.com\/index.php\/2023\/07\/18\/aumentan-consultas-por-contratacion-de-medicos-especialistas-en-aplicacion-del-plan-de-salud-imss-bienestar\/"},"author":{"name":"admin","@id":"https:\/\/redamlo.com\/#\/schema\/person\/197a0a670d21b1f4f1483ddda1b64613"},"headline":"Aumentan consultas por contrataci\u00f3n de m\u00e9dicos especialistas en aplicaci\u00f3n del Plan de Salud IMSS Bienestar","datePublished":"2023-07-18T20:44:53+00:00","mainEntityOfPage":{"@id":"https:\/\/redamlo.com\/index.php\/2023\/07\/18\/aumentan-consultas-por-contratacion-de-medicos-especialistas-en-aplicacion-del-plan-de-salud-imss-bienestar\/"},"wordCount":325,"commentCount":0,"publisher":{"@id":"https:\/\/redamlo.com\/#organization"},"image":{"@id":"https:\/\/redamlo.com\/index.php\/2023\/07\/18\/aumentan-consultas-por-contratacion-de-medicos-especialistas-en-aplicacion-del-plan-de-salud-imss-bienestar\/#primaryimage"},"thumbnailUrl":"https:\/\/redamlo.com\/wp-content\/uploads\/2023\/07\/2023-07-18-Conferencia-de-prensa-matutina-Palacio-Nacional-Foto-01.jpg","keywords":["AMLO","IMSS Bienestar"],"articleSection":["Presidencia"],"inLanguage":"es","potentialAction":[{"@type":"CommentAction","name":"Comment","target":["https:\/\/redamlo.com\/index.php\/2023\/07\/18\/aumentan-consultas-por-contratacion-de-medicos-especialistas-en-aplicacion-del-plan-de-salud-imss-bienestar\/#respond"]}]},{"@type":"WebPage","@id":"https:\/\/redamlo.com\/index.php\/2023\/07\/18\/aumentan-consultas-por-contratacion-de-medicos-especialistas-en-aplicacion-del-plan-de-salud-imss-bienestar\/","url":"https:\/\/redamlo.com\/index.php\/2023\/07\/18\/aumentan-consultas-por-contratacion-de-medicos-especialistas-en-aplicacion-del-plan-de-salud-imss-bienestar\/","name":"Aumentan consultas por contrataci\u00f3n de m\u00e9dicos especialistas en aplicaci\u00f3n del Plan de Salud IMSS Bienestar - NOTICIAS DE LA 4T","isPartOf":{"@id":"https:\/\/redamlo.com\/#website"},"primaryImageOfPage":{"@id":"https:\/\/redamlo.com\/index.php\/2023\/07\/18\/aumentan-consultas-por-contratacion-de-medicos-especialistas-en-aplicacion-del-plan-de-salud-imss-bienestar\/#primaryimage"},"image":{"@id":"https:\/\/redamlo.com\/index.php\/2023\/07\/18\/aumentan-consultas-por-contratacion-de-medicos-especialistas-en-aplicacion-del-plan-de-salud-imss-bienestar\/#primaryimage"},"thumbnailUrl":"https:\/\/redamlo.com\/wp-content\/uploads\/2023\/07\/2023-07-18-Conferencia-de-prensa-matutina-Palacio-Nacional-Foto-01.jpg","datePublished":"2023-07-18T20:44:53+00:00","breadcrumb":{"@id":"https:\/\/redamlo.com\/index.php\/2023\/07\/18\/aumentan-consultas-por-contratacion-de-medicos-especialistas-en-aplicacion-del-plan-de-salud-imss-bienestar\/#breadcrumb"},"inLanguage":"es","potentialAction":[{"@type":"ReadAction","target":["https:\/\/redamlo.com\/index.php\/2023\/07\/18\/aumentan-consultas-por-contratacion-de-medicos-especialistas-en-aplicacion-del-plan-de-salud-imss-bienestar\/"]}]},{"@type":"ImageObject","inLanguage":"es","@id":"https:\/\/redamlo.com\/index.php\/2023\/07\/18\/aumentan-consultas-por-contratacion-de-medicos-especialistas-en-aplicacion-del-plan-de-salud-imss-bienestar\/#primaryimage","url":"https:\/\/redamlo.com\/wp-content\/uploads\/2023\/07\/2023-07-18-Conferencia-de-prensa-matutina-Palacio-Nacional-Foto-01.jpg","contentUrl":"https:\/\/redamlo.com\/wp-content\/uploads\/2023\/07\/2023-07-18-Conferencia-de-prensa-matutina-Palacio-Nacional-Foto-01.jpg","width":1502,"height":1000},{"@type":"BreadcrumbList","@id":"https:\/\/redamlo.com\/index.php\/2023\/07\/18\/aumentan-consultas-por-contratacion-de-medicos-especialistas-en-aplicacion-del-plan-de-salud-imss-bienestar\/#breadcrumb","itemListElement":[{"@type":"ListItem","position":1,"name":"Inicio","item":"https:\/\/redamlo.com\/"},{"@type":"ListItem","position":2,"name":"Aumentan consultas por contrataci\u00f3n de m\u00e9dicos especialistas en aplicaci\u00f3n del Plan de Salud IMSS Bienestar"}]},{"@type":"WebSite","@id":"https:\/\/redamlo.com\/#website","url":"https:\/\/redamlo.com\/","name":"NOTICIAS DE LA 4T","description":"","publisher":{"@id":"https:\/\/redamlo.com\/#organization"},"potentialAction":[{"@type":"SearchAction","target":{"@type":"EntryPoint","urlTemplate":"https:\/\/redamlo.com\/?s={search_term_string}"},"query-input":{"@type":"PropertyValueSpecification","valueRequired":true,"valueName":"search_term_string"}}],"inLanguage":"es"},{"@type":"Organization","@id":"https:\/\/redamlo.com\/#organization","name":"NOTICIAS DE LA 4T","url":"https:\/\/redamlo.com\/","logo":{"@type":"ImageObject","inLanguage":"es","@id":"https:\/\/redamlo.com\/#\/schema\/logo\/image\/","url":"https:\/\/redamlo.com\/wp-content\/uploads\/2024\/08\/cropped-RED-AMLO-logo-50.png","contentUrl":"https:\/\/redamlo.com\/wp-content\/uploads\/2024\/08\/cropped-RED-AMLO-logo-50.png","width":256,"height":256,"caption":"NOTICIAS DE LA 4T"},"image":{"@id":"https:\/\/redamlo.com\/#\/schema\/logo\/image\/"}},{"@type":"Person","@id":"https:\/\/redamlo.com\/#\/schema\/person\/197a0a670d21b1f4f1483ddda1b64613","name":"admin","image":{"@type":"ImageObject","inLanguage":"es","@id":"https:\/\/secure.gravatar.com\/avatar\/293dccd927043f2e641da6685c2f84009782eb9ee0054daceada4e261ded849a?s=96&d=mm&r=g","url":"https:\/\/secure.gravatar.com\/avatar\/293dccd927043f2e641da6685c2f84009782eb9ee0054daceada4e261ded849a?s=96&d=mm&r=g","contentUrl":"https:\/\/secure.gravatar.com\/avatar\/293dccd927043f2e641da6685c2f84009782eb9ee0054daceada4e261ded849a?s=96&d=mm&r=g","caption":"admin"},"sameAs":["https:\/\/redamlo.com"],"url":"https:\/\/redamlo.com\/index.php\/author\/stell\/"}]}},"_links":{"self":[{"href":"https:\/\/redamlo.com\/index.php\/wp-json\/wp\/v2\/posts\/6974","targetHints":{"allow":["GET"]}}],"collection":[{"href":"https:\/\/redamlo.com\/index.php\/wp-json\/wp\/v2\/posts"}],"about":[{"href":"https:\/\/redamlo.com\/index.php\/wp-json\/wp\/v2\/types\/post"}],"author":[{"embeddable":true,"href":"https:\/\/redamlo.com\/index.php\/wp-json\/wp\/v2\/users\/1"}],"replies":[{"embeddable":true,"href":"https:\/\/redamlo.com\/index.php\/wp-json\/wp\/v2\/comments?post=6974"}],"version-history":[{"count":0,"href":"https:\/\/redamlo.com\/index.php\/wp-json\/wp\/v2\/posts\/6974\/revisions"}],"wp:featuredmedia":[{"embeddable":true,"href":"https:\/\/redamlo.com\/index.php\/wp-json\/wp\/v2\/media\/6975"}],"wp:attachment":[{"href":"https:\/\/redamlo.com\/index.php\/wp-json\/wp\/v2\/media?parent=6974"}],"wp:term":[{"taxonomy":"category","embeddable":true,"href":"https:\/\/redamlo.com\/index.php\/wp-json\/wp\/v2\/categories?post=6974"},{"taxonomy":"post_tag","embeddable":true,"href":"https:\/\/redamlo.com\/index.php\/wp-json\/wp\/v2\/tags?post=6974"}],"curies":[{"name":"wp","href":"https:\/\/api.w.org\/{rel}","templated":true}]}}