{"id":6966,"date":"2023-07-08T16:09:54","date_gmt":"2023-07-08T22:09:54","guid":{"rendered":"https:\/\/redamlo.com\/?p=6966"},"modified":"2023-07-08T16:09:54","modified_gmt":"2023-07-08T22:09:54","slug":"despues-de-decadas-de-servicio-de-forma-injusta-niegan-reconocimiento-al-profesor-de-telesecundaria-victor-robledo","status":"publish","type":"post","link":"https:\/\/redamlo.com\/index.php\/2023\/07\/08\/despues-de-decadas-de-servicio-de-forma-injusta-niegan-reconocimiento-al-profesor-de-telesecundaria-victor-robledo\/","title":{"rendered":"Despu\u00e9s de d\u00e9cadas de servicio, de forma injusta niegan reconocimiento al profesor de telesecundaria V\u00edctor Robledo"},"content":{"rendered":"<p>Por: Zavianny Torres Baltazar<\/p>\n<p>El Profesor V\u00edctor Ricardo Robledo Andrade, es egresado de la Universidad Nacional Aut\u00f3noma de M\u00e9xico, donde se titula de Ingeniero Mec\u00e1nico El\u00e9ctrico, inicia su labor docente en 1991 en la Telesecundaria Aztl\u00e1n, \u00a0ubicada en Chimalhuac\u00e1n, Estado de M\u00e9xico. En 1994 contin\u00faa en la telesecundaria \u201cAntonio Mar\u00eda Bucareli\u201d \u00a0en el municipio de Chalco, durante este periodo llev\u00f3 a cabo su labor docente a cargo de los grupos de primero, segundo y tercer grado.<\/p>\n<p>En octubre de 1996 es reubicado en la telesecundaria 15DTV0104T \u201cLic. Luis Donaldo Colosio Murrieta en Santa Mar\u00eda Tulpetlac, Ecatepec de Morelos.<\/p>\n<p><img loading=\"lazy\" decoding=\"async\" class=\"alignnone size-medium wp-image-6968 aligncenter\" src=\"https:\/\/redamlo.com\/wp-content\/uploads\/2023\/07\/victor-robledo-1-300x225.jpg\" alt=\"\" width=\"300\" height=\"225\" srcset=\"https:\/\/redamlo.com\/wp-content\/uploads\/2023\/07\/victor-robledo-1-300x225.jpg 300w, https:\/\/redamlo.com\/wp-content\/uploads\/2023\/07\/victor-robledo-1-1024x768.jpg 1024w, https:\/\/redamlo.com\/wp-content\/uploads\/2023\/07\/victor-robledo-1-768x576.jpg 768w, https:\/\/redamlo.com\/wp-content\/uploads\/2023\/07\/victor-robledo-1-1536x1152.jpg 1536w, https:\/\/redamlo.com\/wp-content\/uploads\/2023\/07\/victor-robledo-1.jpg 1600w\" sizes=\"auto, (max-width: 300px) 100vw, 300px\" \/><\/p>\n<p>En el a\u00f1o 2003, es elegido representante sindical de la escuela y posteriormente en secretario delegacional de la zona. En esta comisi\u00f3n estuvo hasta el a\u00f1o de 2004, a\u00f1o en que participa en el Congreso Seccional de la Secci\u00f3n 36 del SNTE, ocupando \u00a0la Secretaria de Trabajo y Conflictos de Telesecundarias para el periodo 2004-2008.<\/p>\n<p>En esta comisi\u00f3n sindical se realizaron diversas acciones para la defensa de los derechos de los compa\u00f1eros de Telesecundaria. Se busco y logr\u00f3 la basificaci\u00f3n de docentes que ten\u00edan 10, 15 y hasta 20 a\u00f1os como interinos, se promovi\u00f3 y realizo\u00a0 una intensa labor para cambiar de centros de trabajos a los compa\u00f1eros con la finalidad de acercarlos en lo posible a sus domicilios.<\/p>\n<p>En la \u00faltima responsabilidad que tuvo en el subsistema, el profesor Robledo Andrade funge como director de un platel ubicada en la zona de San Andr\u00e9s de la ca\u00f1ada, en plena sierra de Guadalupe. Recibi\u00f3 una escuela \u00a0donde el per\u00edmetro de la instituci\u00f3n \u00a0estaba delimitado por malla cicl\u00f3nica, con 5 salones para 6 grupos, los ba\u00f1os consist\u00edan\u00a0 en dos letrinas. La direcci\u00f3n estaba ubicada bajo las escaleras que llevan al primer piso y \u00a0se contaba con una poblaci\u00f3n m\u00ednima \u00a0de alumnos.<\/p>\n<p><img loading=\"lazy\" decoding=\"async\" class=\"alignnone size-medium wp-image-6969 aligncenter\" src=\"https:\/\/redamlo.com\/wp-content\/uploads\/2023\/07\/victor-robledo-3-300x225.jpg\" alt=\"\" width=\"300\" height=\"225\" srcset=\"https:\/\/redamlo.com\/wp-content\/uploads\/2023\/07\/victor-robledo-3-300x225.jpg 300w, https:\/\/redamlo.com\/wp-content\/uploads\/2023\/07\/victor-robledo-3-1024x768.jpg 1024w, https:\/\/redamlo.com\/wp-content\/uploads\/2023\/07\/victor-robledo-3-768x576.jpg 768w, https:\/\/redamlo.com\/wp-content\/uploads\/2023\/07\/victor-robledo-3-1536x1153.jpg 1536w, https:\/\/redamlo.com\/wp-content\/uploads\/2023\/07\/victor-robledo-3.jpg 1599w\" sizes=\"auto, (max-width: 300px) 100vw, 300px\" \/><\/p>\n<p>A partir de ese momento, \u00a0inici\u00f3 los trabajos, acompa\u00f1ado por la comunidad escolar y los padres de familia, para atender tres necesidades urgentes: barda perimetral, ba\u00f1os dignos y la construcci\u00f3n de \u00a0dos salones. Realiz\u00f3 las gestiones necesarias para atender estos tres puntos con la finalidad de crear un ambiente seguro para sus alumnos.<\/p>\n<p>Despu\u00e9s de trece a\u00f1os de estar al frente de esta escuela se puede observar como resultado de sus gestiones y ardua labor la instituci\u00f3n actualmente \u00a0cuenta con \u00a0barda perimetral con cimientos y ladrillos, ba\u00f1os amplios, modernos y dignos para los alumnos, as\u00ed como\u00a0 la \u00a0construcci\u00f3n de\u00a0 4 aulas, la instalaci\u00f3n de malla sombra en dos \u00e1reas comunes, la\u00a0 remodelaci\u00f3n de\u00a0 la plaza c\u00edvica y la cancha de usos m\u00faltiples, el cambio del mobiliario, la instalaci\u00f3n de\u00a0 pantallas planas\u00a0 y pizarrones blancos en todos los salones,\u00a0 aunado a la instalaci\u00f3n de un sistema de c\u00e1maras de seguridad para el resguardo de los alumnos.<\/p>\n<p>Hoy d\u00eda \u00a0la escuela tiene una poblaci\u00f3n de m\u00e1s de trescientos alumnos distribuidos en nueve grupos, tres de primero, tres de segundo y tres de tercer grado, es relevante mencionar que la escuela se ha convertido en la primera opci\u00f3n\u00a0 de educaci\u00f3n secundaria para la comunidad y un referente por el uso de recursos y beneficios para las familias.<\/p>\n<p><img loading=\"lazy\" decoding=\"async\" class=\"alignnone size-medium wp-image-6970 aligncenter\" src=\"https:\/\/redamlo.com\/wp-content\/uploads\/2023\/07\/victor-robledo-2-300x225.jpg\" alt=\"\" width=\"300\" height=\"225\" srcset=\"https:\/\/redamlo.com\/wp-content\/uploads\/2023\/07\/victor-robledo-2-300x225.jpg 300w, https:\/\/redamlo.com\/wp-content\/uploads\/2023\/07\/victor-robledo-2-1024x768.jpg 1024w, https:\/\/redamlo.com\/wp-content\/uploads\/2023\/07\/victor-robledo-2-768x576.jpg 768w, https:\/\/redamlo.com\/wp-content\/uploads\/2023\/07\/victor-robledo-2.jpg 1080w\" sizes=\"auto, (max-width: 300px) 100vw, 300px\" \/><\/p>\n<p>De igual forma se realizaron diferentes acciones de apoyo a la comunidad,\u00a0 ejemplos de ello es la\u00a0 participaci\u00f3n anual en las campa\u00f1as de vacunaci\u00f3n dirigidas por el centro de salud de la colonia Hank Gonz\u00e1lez. \u00a0Durante tres a\u00f1os se solidariz\u00f3 con las promotoras de CONAFE \u00a0prestando salones para que en las tardes atendieran a personas que no sab\u00edan leer y escribir, as\u00ed como \u00a0a quienes quer\u00edan cursar su primaria; \u00a0por varios a\u00f1os se\u00a0 prest\u00f3 el patio \u00a0de la escuela para que los alumnos del preescolar que esta atr\u00e1s de la escuela realizaran su ceremonia de clausura.<\/p>\n<p>Durante esta \u00faltima etapa de servicio se gener\u00f3 una sinergia positiva y proactiva con padres de familia, alumnos, maestros y la comunidad en general, logrando posicionar una imagen positiva de la instituci\u00f3n y que la escuela tenga un prestigio en la colonia.<\/p>\n<p>Por motivos de salud el maestro V\u00edctor Ricardo Robledo Andrade despu\u00e9s de 30 a\u00f1os, 5 meses\u00a0 de servicio, \u00a0tramito su baja por jubilaci\u00f3n, esto con la finalidad de no afectar el servicio que presta esta instituci\u00f3n, terminando su labor formal el d\u00eda 16 de diciembre de 2021.<\/p>\n<p>Tras d\u00e9cadas de servicio y ser el mentor de cientos de alumnos el maestro V\u00edctor Robledo, realiz\u00f3 los tr\u00e1mites necesarios para que pudieran otorgar el reconocimiento conocido como \u201cMtro. Rafael Ram\u00edrez Heredia\u201d. Pero como suele suceder en muchos casos, por trabas y malos manejos de sindicato y de ciertas autoridades educativas del Estado de M\u00e9xico, d forma injusta e infame, al maestro le negaron es merecido reconocimiento, aduciendo pretextos inveros\u00edmiles.<\/p>\n<p>El maestro V\u00edctor Robledo inici\u00f3 una ruta de reclamo para solicitar ante diversas autoridades educativas de los diferentes niveles de gobierno, sindicato, hasta llegar a la misma presidencia de la Rep\u00fablica, misma de la que recibi\u00f3 una respuesta.<\/p>\n<p>En esta respuesta, enviada v\u00eda correo electr\u00f3nico, el gobierno de la Rep\u00fablica solicita a la autoridad educativa de la entidad, particularmente al secretario de educaci\u00f3n, Gerardo Monroy Serrano, atienda de manera justa la solicitud.<\/p>\n<p><img loading=\"lazy\" decoding=\"async\" class=\"alignnone size-medium wp-image-6971 aligncenter\" src=\"https:\/\/redamlo.com\/wp-content\/uploads\/2023\/07\/victor-robledo-4-300x150.jpg\" alt=\"\" width=\"300\" height=\"150\" srcset=\"https:\/\/redamlo.com\/wp-content\/uploads\/2023\/07\/victor-robledo-4-300x150.jpg 300w, https:\/\/redamlo.com\/wp-content\/uploads\/2023\/07\/victor-robledo-4-1024x512.jpg 1024w, https:\/\/redamlo.com\/wp-content\/uploads\/2023\/07\/victor-robledo-4-768x384.jpg 768w, https:\/\/redamlo.com\/wp-content\/uploads\/2023\/07\/victor-robledo-4.jpg 1040w\" sizes=\"auto, (max-width: 300px) 100vw, 300px\" \/><\/p>\n<p>Quien esto escribe intent\u00f3 contactar de forma directa al citado secretario de educaci\u00f3n del Estado de M\u00e9xico, sin que hasta el momento obtengamos respuesta. Deseable que en un acto de justicia y reconocimiento a la extraordinaria labor docente y directiva del Maestro V\u00edctor Robledo, se tenga la sensibilidad y altura de miras para otorgar el reconocimiento e incentivos que conlleva la Medalla \u201cRafael Ram\u00edrez Heredia\u201d.<\/p>\n","protected":false},"excerpt":{"rendered":"<p>Por: Zavianny Torres Baltazar El Profesor V\u00edctor Ricardo Robledo Andrade, es egresado de la Universidad&#8230;<\/p>\n","protected":false},"author":1,"featured_media":6967,"comment_status":"open","ping_status":"closed","sticky":false,"template":"","format":"standard","meta":{"footnotes":""},"categories":[6],"tags":[59,279,2534],"class_list":["post-6966","post","type-post","status-publish","format-standard","has-post-thumbnail","hentry","category-estados","tag-edomex","tag-sep","tag-victor-robledo"],"yoast_head":"<!-- This site is optimized with the Yoast SEO plugin v27.5 - https:\/\/yoast.com\/product\/yoast-seo-wordpress\/ -->\n<title>Despu\u00e9s de d\u00e9cadas de servicio, de forma injusta niegan reconocimiento al profesor de telesecundaria V\u00edctor Robledo - NOTICIAS DE LA 4T<\/title>\n<meta name=\"robots\" content=\"noindex, follow, max-snippet:-1, max-image-preview:large, max-video-preview:-1\" \/>\n<meta property=\"og:locale\" content=\"es_MX\" \/>\n<meta property=\"og:type\" content=\"article\" \/>\n<meta property=\"og:title\" content=\"Despu\u00e9s de d\u00e9cadas de servicio, de forma injusta niegan reconocimiento al profesor de telesecundaria V\u00edctor Robledo - NOTICIAS DE LA 4T\" \/>\n<meta property=\"og:description\" content=\"Por: Zavianny Torres Baltazar El Profesor V\u00edctor Ricardo Robledo Andrade, es egresado de la Universidad...\" \/>\n<meta property=\"og:url\" content=\"https:\/\/redamlo.com\/index.php\/2023\/07\/08\/despues-de-decadas-de-servicio-de-forma-injusta-niegan-reconocimiento-al-profesor-de-telesecundaria-victor-robledo\/\" \/>\n<meta property=\"og:site_name\" content=\"NOTICIAS DE LA 4T\" \/>\n<meta property=\"article:published_time\" content=\"2023-07-08T22:09:54+00:00\" \/>\n<meta property=\"og:image\" content=\"https:\/\/redamlo.com\/wp-content\/uploads\/2023\/07\/victor-robledo-5.jpg\" \/>\n\t<meta property=\"og:image:width\" content=\"1599\" \/>\n\t<meta property=\"og:image:height\" content=\"1200\" \/>\n\t<meta property=\"og:image:type\" content=\"image\/jpeg\" \/>\n<meta name=\"author\" content=\"admin\" \/>\n<meta name=\"twitter:card\" content=\"summary_large_image\" \/>\n<meta name=\"twitter:label1\" content=\"Escrito por\" \/>\n\t<meta name=\"twitter:data1\" content=\"admin\" \/>\n\t<meta name=\"twitter:label2\" content=\"Tiempo de lectura\" \/>\n\t<meta name=\"twitter:data2\" content=\"5 minutos\" \/>\n<script type=\"application\/ld+json\" class=\"yoast-schema-graph\">{\"@context\":\"https:\\\/\\\/schema.org\",\"@graph\":[{\"@type\":\"Article\",\"@id\":\"https:\\\/\\\/redamlo.com\\\/index.php\\\/2023\\\/07\\\/08\\\/despues-de-decadas-de-servicio-de-forma-injusta-niegan-reconocimiento-al-profesor-de-telesecundaria-victor-robledo\\\/#article\",\"isPartOf\":{\"@id\":\"https:\\\/\\\/redamlo.com\\\/index.php\\\/2023\\\/07\\\/08\\\/despues-de-decadas-de-servicio-de-forma-injusta-niegan-reconocimiento-al-profesor-de-telesecundaria-victor-robledo\\\/\"},\"author\":{\"name\":\"admin\",\"@id\":\"https:\\\/\\\/redamlo.com\\\/#\\\/schema\\\/person\\\/197a0a670d21b1f4f1483ddda1b64613\"},\"headline\":\"Despu\u00e9s de d\u00e9cadas de servicio, de forma injusta niegan reconocimiento al profesor de telesecundaria V\u00edctor Robledo\",\"datePublished\":\"2023-07-08T22:09:54+00:00\",\"mainEntityOfPage\":{\"@id\":\"https:\\\/\\\/redamlo.com\\\/index.php\\\/2023\\\/07\\\/08\\\/despues-de-decadas-de-servicio-de-forma-injusta-niegan-reconocimiento-al-profesor-de-telesecundaria-victor-robledo\\\/\"},\"wordCount\":992,\"commentCount\":0,\"publisher\":{\"@id\":\"https:\\\/\\\/redamlo.com\\\/#organization\"},\"image\":{\"@id\":\"https:\\\/\\\/redamlo.com\\\/index.php\\\/2023\\\/07\\\/08\\\/despues-de-decadas-de-servicio-de-forma-injusta-niegan-reconocimiento-al-profesor-de-telesecundaria-victor-robledo\\\/#primaryimage\"},\"thumbnailUrl\":\"https:\\\/\\\/redamlo.com\\\/wp-content\\\/uploads\\\/2023\\\/07\\\/victor-robledo-5.jpg\",\"keywords\":[\"edomex\",\"SEP\",\"victor robledo\"],\"articleSection\":[\"Estados\"],\"inLanguage\":\"es\",\"potentialAction\":[{\"@type\":\"CommentAction\",\"name\":\"Comment\",\"target\":[\"https:\\\/\\\/redamlo.com\\\/index.php\\\/2023\\\/07\\\/08\\\/despues-de-decadas-de-servicio-de-forma-injusta-niegan-reconocimiento-al-profesor-de-telesecundaria-victor-robledo\\\/#respond\"]}]},{\"@type\":\"WebPage\",\"@id\":\"https:\\\/\\\/redamlo.com\\\/index.php\\\/2023\\\/07\\\/08\\\/despues-de-decadas-de-servicio-de-forma-injusta-niegan-reconocimiento-al-profesor-de-telesecundaria-victor-robledo\\\/\",\"url\":\"https:\\\/\\\/redamlo.com\\\/index.php\\\/2023\\\/07\\\/08\\\/despues-de-decadas-de-servicio-de-forma-injusta-niegan-reconocimiento-al-profesor-de-telesecundaria-victor-robledo\\\/\",\"name\":\"Despu\u00e9s de d\u00e9cadas de servicio, de forma injusta niegan reconocimiento al profesor de telesecundaria V\u00edctor Robledo - NOTICIAS DE LA 4T\",\"isPartOf\":{\"@id\":\"https:\\\/\\\/redamlo.com\\\/#website\"},\"primaryImageOfPage\":{\"@id\":\"https:\\\/\\\/redamlo.com\\\/index.php\\\/2023\\\/07\\\/08\\\/despues-de-decadas-de-servicio-de-forma-injusta-niegan-reconocimiento-al-profesor-de-telesecundaria-victor-robledo\\\/#primaryimage\"},\"image\":{\"@id\":\"https:\\\/\\\/redamlo.com\\\/index.php\\\/2023\\\/07\\\/08\\\/despues-de-decadas-de-servicio-de-forma-injusta-niegan-reconocimiento-al-profesor-de-telesecundaria-victor-robledo\\\/#primaryimage\"},\"thumbnailUrl\":\"https:\\\/\\\/redamlo.com\\\/wp-content\\\/uploads\\\/2023\\\/07\\\/victor-robledo-5.jpg\",\"datePublished\":\"2023-07-08T22:09:54+00:00\",\"breadcrumb\":{\"@id\":\"https:\\\/\\\/redamlo.com\\\/index.php\\\/2023\\\/07\\\/08\\\/despues-de-decadas-de-servicio-de-forma-injusta-niegan-reconocimiento-al-profesor-de-telesecundaria-victor-robledo\\\/#breadcrumb\"},\"inLanguage\":\"es\",\"potentialAction\":[{\"@type\":\"ReadAction\",\"target\":[\"https:\\\/\\\/redamlo.com\\\/index.php\\\/2023\\\/07\\\/08\\\/despues-de-decadas-de-servicio-de-forma-injusta-niegan-reconocimiento-al-profesor-de-telesecundaria-victor-robledo\\\/\"]}]},{\"@type\":\"ImageObject\",\"inLanguage\":\"es\",\"@id\":\"https:\\\/\\\/redamlo.com\\\/index.php\\\/2023\\\/07\\\/08\\\/despues-de-decadas-de-servicio-de-forma-injusta-niegan-reconocimiento-al-profesor-de-telesecundaria-victor-robledo\\\/#primaryimage\",\"url\":\"https:\\\/\\\/redamlo.com\\\/wp-content\\\/uploads\\\/2023\\\/07\\\/victor-robledo-5.jpg\",\"contentUrl\":\"https:\\\/\\\/redamlo.com\\\/wp-content\\\/uploads\\\/2023\\\/07\\\/victor-robledo-5.jpg\",\"width\":1599,\"height\":1200},{\"@type\":\"BreadcrumbList\",\"@id\":\"https:\\\/\\\/redamlo.com\\\/index.php\\\/2023\\\/07\\\/08\\\/despues-de-decadas-de-servicio-de-forma-injusta-niegan-reconocimiento-al-profesor-de-telesecundaria-victor-robledo\\\/#breadcrumb\",\"itemListElement\":[{\"@type\":\"ListItem\",\"position\":1,\"name\":\"Inicio\",\"item\":\"https:\\\/\\\/redamlo.com\\\/\"},{\"@type\":\"ListItem\",\"position\":2,\"name\":\"Despu\u00e9s de d\u00e9cadas de servicio, de forma injusta niegan reconocimiento al profesor de telesecundaria V\u00edctor Robledo\"}]},{\"@type\":\"WebSite\",\"@id\":\"https:\\\/\\\/redamlo.com\\\/#website\",\"url\":\"https:\\\/\\\/redamlo.com\\\/\",\"name\":\"NOTICIAS DE LA 4T\",\"description\":\"\",\"publisher\":{\"@id\":\"https:\\\/\\\/redamlo.com\\\/#organization\"},\"potentialAction\":[{\"@type\":\"SearchAction\",\"target\":{\"@type\":\"EntryPoint\",\"urlTemplate\":\"https:\\\/\\\/redamlo.com\\\/?s={search_term_string}\"},\"query-input\":{\"@type\":\"PropertyValueSpecification\",\"valueRequired\":true,\"valueName\":\"search_term_string\"}}],\"inLanguage\":\"es\"},{\"@type\":\"Organization\",\"@id\":\"https:\\\/\\\/redamlo.com\\\/#organization\",\"name\":\"NOTICIAS DE LA 4T\",\"url\":\"https:\\\/\\\/redamlo.com\\\/\",\"logo\":{\"@type\":\"ImageObject\",\"inLanguage\":\"es\",\"@id\":\"https:\\\/\\\/redamlo.com\\\/#\\\/schema\\\/logo\\\/image\\\/\",\"url\":\"https:\\\/\\\/redamlo.com\\\/wp-content\\\/uploads\\\/2024\\\/08\\\/cropped-RED-AMLO-logo-50.png\",\"contentUrl\":\"https:\\\/\\\/redamlo.com\\\/wp-content\\\/uploads\\\/2024\\\/08\\\/cropped-RED-AMLO-logo-50.png\",\"width\":256,\"height\":256,\"caption\":\"NOTICIAS DE LA 4T\"},\"image\":{\"@id\":\"https:\\\/\\\/redamlo.com\\\/#\\\/schema\\\/logo\\\/image\\\/\"}},{\"@type\":\"Person\",\"@id\":\"https:\\\/\\\/redamlo.com\\\/#\\\/schema\\\/person\\\/197a0a670d21b1f4f1483ddda1b64613\",\"name\":\"admin\",\"image\":{\"@type\":\"ImageObject\",\"inLanguage\":\"es\",\"@id\":\"https:\\\/\\\/secure.gravatar.com\\\/avatar\\\/293dccd927043f2e641da6685c2f84009782eb9ee0054daceada4e261ded849a?s=96&d=mm&r=g\",\"url\":\"https:\\\/\\\/secure.gravatar.com\\\/avatar\\\/293dccd927043f2e641da6685c2f84009782eb9ee0054daceada4e261ded849a?s=96&d=mm&r=g\",\"contentUrl\":\"https:\\\/\\\/secure.gravatar.com\\\/avatar\\\/293dccd927043f2e641da6685c2f84009782eb9ee0054daceada4e261ded849a?s=96&d=mm&r=g\",\"caption\":\"admin\"},\"sameAs\":[\"https:\\\/\\\/redamlo.com\"],\"url\":\"https:\\\/\\\/redamlo.com\\\/index.php\\\/author\\\/stell\\\/\"}]}<\/script>\n<!-- \/ Yoast SEO plugin. -->","yoast_head_json":{"title":"Despu\u00e9s de d\u00e9cadas de servicio, de forma injusta niegan reconocimiento al profesor de telesecundaria V\u00edctor Robledo - NOTICIAS DE LA 4T","robots":{"index":"noindex","follow":"follow","max-snippet":"max-snippet:-1","max-image-preview":"max-image-preview:large","max-video-preview":"max-video-preview:-1"},"og_locale":"es_MX","og_type":"article","og_title":"Despu\u00e9s de d\u00e9cadas de servicio, de forma injusta niegan reconocimiento al profesor de telesecundaria V\u00edctor Robledo - NOTICIAS DE LA 4T","og_description":"Por: Zavianny Torres Baltazar El Profesor V\u00edctor Ricardo Robledo Andrade, es egresado de la Universidad...","og_url":"https:\/\/redamlo.com\/index.php\/2023\/07\/08\/despues-de-decadas-de-servicio-de-forma-injusta-niegan-reconocimiento-al-profesor-de-telesecundaria-victor-robledo\/","og_site_name":"NOTICIAS DE LA 4T","article_published_time":"2023-07-08T22:09:54+00:00","og_image":[{"width":1599,"height":1200,"url":"https:\/\/redamlo.com\/wp-content\/uploads\/2023\/07\/victor-robledo-5.jpg","type":"image\/jpeg"}],"author":"admin","twitter_card":"summary_large_image","twitter_misc":{"Escrito por":"admin","Tiempo de lectura":"5 minutos"},"schema":{"@context":"https:\/\/schema.org","@graph":[{"@type":"Article","@id":"https:\/\/redamlo.com\/index.php\/2023\/07\/08\/despues-de-decadas-de-servicio-de-forma-injusta-niegan-reconocimiento-al-profesor-de-telesecundaria-victor-robledo\/#article","isPartOf":{"@id":"https:\/\/redamlo.com\/index.php\/2023\/07\/08\/despues-de-decadas-de-servicio-de-forma-injusta-niegan-reconocimiento-al-profesor-de-telesecundaria-victor-robledo\/"},"author":{"name":"admin","@id":"https:\/\/redamlo.com\/#\/schema\/person\/197a0a670d21b1f4f1483ddda1b64613"},"headline":"Despu\u00e9s de d\u00e9cadas de servicio, de forma injusta niegan reconocimiento al profesor de telesecundaria V\u00edctor Robledo","datePublished":"2023-07-08T22:09:54+00:00","mainEntityOfPage":{"@id":"https:\/\/redamlo.com\/index.php\/2023\/07\/08\/despues-de-decadas-de-servicio-de-forma-injusta-niegan-reconocimiento-al-profesor-de-telesecundaria-victor-robledo\/"},"wordCount":992,"commentCount":0,"publisher":{"@id":"https:\/\/redamlo.com\/#organization"},"image":{"@id":"https:\/\/redamlo.com\/index.php\/2023\/07\/08\/despues-de-decadas-de-servicio-de-forma-injusta-niegan-reconocimiento-al-profesor-de-telesecundaria-victor-robledo\/#primaryimage"},"thumbnailUrl":"https:\/\/redamlo.com\/wp-content\/uploads\/2023\/07\/victor-robledo-5.jpg","keywords":["edomex","SEP","victor robledo"],"articleSection":["Estados"],"inLanguage":"es","potentialAction":[{"@type":"CommentAction","name":"Comment","target":["https:\/\/redamlo.com\/index.php\/2023\/07\/08\/despues-de-decadas-de-servicio-de-forma-injusta-niegan-reconocimiento-al-profesor-de-telesecundaria-victor-robledo\/#respond"]}]},{"@type":"WebPage","@id":"https:\/\/redamlo.com\/index.php\/2023\/07\/08\/despues-de-decadas-de-servicio-de-forma-injusta-niegan-reconocimiento-al-profesor-de-telesecundaria-victor-robledo\/","url":"https:\/\/redamlo.com\/index.php\/2023\/07\/08\/despues-de-decadas-de-servicio-de-forma-injusta-niegan-reconocimiento-al-profesor-de-telesecundaria-victor-robledo\/","name":"Despu\u00e9s de d\u00e9cadas de servicio, de forma injusta niegan reconocimiento al profesor de telesecundaria V\u00edctor Robledo - NOTICIAS DE LA 4T","isPartOf":{"@id":"https:\/\/redamlo.com\/#website"},"primaryImageOfPage":{"@id":"https:\/\/redamlo.com\/index.php\/2023\/07\/08\/despues-de-decadas-de-servicio-de-forma-injusta-niegan-reconocimiento-al-profesor-de-telesecundaria-victor-robledo\/#primaryimage"},"image":{"@id":"https:\/\/redamlo.com\/index.php\/2023\/07\/08\/despues-de-decadas-de-servicio-de-forma-injusta-niegan-reconocimiento-al-profesor-de-telesecundaria-victor-robledo\/#primaryimage"},"thumbnailUrl":"https:\/\/redamlo.com\/wp-content\/uploads\/2023\/07\/victor-robledo-5.jpg","datePublished":"2023-07-08T22:09:54+00:00","breadcrumb":{"@id":"https:\/\/redamlo.com\/index.php\/2023\/07\/08\/despues-de-decadas-de-servicio-de-forma-injusta-niegan-reconocimiento-al-profesor-de-telesecundaria-victor-robledo\/#breadcrumb"},"inLanguage":"es","potentialAction":[{"@type":"ReadAction","target":["https:\/\/redamlo.com\/index.php\/2023\/07\/08\/despues-de-decadas-de-servicio-de-forma-injusta-niegan-reconocimiento-al-profesor-de-telesecundaria-victor-robledo\/"]}]},{"@type":"ImageObject","inLanguage":"es","@id":"https:\/\/redamlo.com\/index.php\/2023\/07\/08\/despues-de-decadas-de-servicio-de-forma-injusta-niegan-reconocimiento-al-profesor-de-telesecundaria-victor-robledo\/#primaryimage","url":"https:\/\/redamlo.com\/wp-content\/uploads\/2023\/07\/victor-robledo-5.jpg","contentUrl":"https:\/\/redamlo.com\/wp-content\/uploads\/2023\/07\/victor-robledo-5.jpg","width":1599,"height":1200},{"@type":"BreadcrumbList","@id":"https:\/\/redamlo.com\/index.php\/2023\/07\/08\/despues-de-decadas-de-servicio-de-forma-injusta-niegan-reconocimiento-al-profesor-de-telesecundaria-victor-robledo\/#breadcrumb","itemListElement":[{"@type":"ListItem","position":1,"name":"Inicio","item":"https:\/\/redamlo.com\/"},{"@type":"ListItem","position":2,"name":"Despu\u00e9s de d\u00e9cadas de servicio, de forma injusta niegan reconocimiento al profesor de telesecundaria V\u00edctor Robledo"}]},{"@type":"WebSite","@id":"https:\/\/redamlo.com\/#website","url":"https:\/\/redamlo.com\/","name":"NOTICIAS DE LA 4T","description":"","publisher":{"@id":"https:\/\/redamlo.com\/#organization"},"potentialAction":[{"@type":"SearchAction","target":{"@type":"EntryPoint","urlTemplate":"https:\/\/redamlo.com\/?s={search_term_string}"},"query-input":{"@type":"PropertyValueSpecification","valueRequired":true,"valueName":"search_term_string"}}],"inLanguage":"es"},{"@type":"Organization","@id":"https:\/\/redamlo.com\/#organization","name":"NOTICIAS DE LA 4T","url":"https:\/\/redamlo.com\/","logo":{"@type":"ImageObject","inLanguage":"es","@id":"https:\/\/redamlo.com\/#\/schema\/logo\/image\/","url":"https:\/\/redamlo.com\/wp-content\/uploads\/2024\/08\/cropped-RED-AMLO-logo-50.png","contentUrl":"https:\/\/redamlo.com\/wp-content\/uploads\/2024\/08\/cropped-RED-AMLO-logo-50.png","width":256,"height":256,"caption":"NOTICIAS DE LA 4T"},"image":{"@id":"https:\/\/redamlo.com\/#\/schema\/logo\/image\/"}},{"@type":"Person","@id":"https:\/\/redamlo.com\/#\/schema\/person\/197a0a670d21b1f4f1483ddda1b64613","name":"admin","image":{"@type":"ImageObject","inLanguage":"es","@id":"https:\/\/secure.gravatar.com\/avatar\/293dccd927043f2e641da6685c2f84009782eb9ee0054daceada4e261ded849a?s=96&d=mm&r=g","url":"https:\/\/secure.gravatar.com\/avatar\/293dccd927043f2e641da6685c2f84009782eb9ee0054daceada4e261ded849a?s=96&d=mm&r=g","contentUrl":"https:\/\/secure.gravatar.com\/avatar\/293dccd927043f2e641da6685c2f84009782eb9ee0054daceada4e261ded849a?s=96&d=mm&r=g","caption":"admin"},"sameAs":["https:\/\/redamlo.com"],"url":"https:\/\/redamlo.com\/index.php\/author\/stell\/"}]}},"_links":{"self":[{"href":"https:\/\/redamlo.com\/index.php\/wp-json\/wp\/v2\/posts\/6966","targetHints":{"allow":["GET"]}}],"collection":[{"href":"https:\/\/redamlo.com\/index.php\/wp-json\/wp\/v2\/posts"}],"about":[{"href":"https:\/\/redamlo.com\/index.php\/wp-json\/wp\/v2\/types\/post"}],"author":[{"embeddable":true,"href":"https:\/\/redamlo.com\/index.php\/wp-json\/wp\/v2\/users\/1"}],"replies":[{"embeddable":true,"href":"https:\/\/redamlo.com\/index.php\/wp-json\/wp\/v2\/comments?post=6966"}],"version-history":[{"count":0,"href":"https:\/\/redamlo.com\/index.php\/wp-json\/wp\/v2\/posts\/6966\/revisions"}],"wp:featuredmedia":[{"embeddable":true,"href":"https:\/\/redamlo.com\/index.php\/wp-json\/wp\/v2\/media\/6967"}],"wp:attachment":[{"href":"https:\/\/redamlo.com\/index.php\/wp-json\/wp\/v2\/media?parent=6966"}],"wp:term":[{"taxonomy":"category","embeddable":true,"href":"https:\/\/redamlo.com\/index.php\/wp-json\/wp\/v2\/categories?post=6966"},{"taxonomy":"post_tag","embeddable":true,"href":"https:\/\/redamlo.com\/index.php\/wp-json\/wp\/v2\/tags?post=6966"}],"curies":[{"name":"wp","href":"https:\/\/api.w.org\/{rel}","templated":true}]}}