{"id":6960,"date":"2023-07-08T15:54:32","date_gmt":"2023-07-08T21:54:32","guid":{"rendered":"https:\/\/redamlo.com\/?p=6960"},"modified":"2023-07-08T15:54:32","modified_gmt":"2023-07-08T21:54:32","slug":"en-exclusiva-para-la-jornada-la-diputada-morenista-luzma-hernandez-menciona-que-buscara-gobernar-ecatepec","status":"publish","type":"post","link":"https:\/\/redamlo.com\/index.php\/2023\/07\/08\/en-exclusiva-para-la-jornada-la-diputada-morenista-luzma-hernandez-menciona-que-buscara-gobernar-ecatepec\/","title":{"rendered":"En exclusiva para La Jornada la diputada morenista LuzMa Hern\u00e1ndez menciona que buscar\u00e1 gobernar Ecatepec"},"content":{"rendered":"<p>La falta de agua y la inseguridad p\u00fablica en Ecatepec, Estado de M\u00e9xico, son resultado de un rezago de 30 a\u00f1os en el que los gobiernos pri\u00edstas de la entidad no hicieron nada para atenderlos, considera la diputada local morenista Luz Mar\u00eda Hern\u00e1ndez Berm\u00fadez.<\/p>\n<p>Al dar a conocer en exclusiva, para La Jornada, que participar\u00e1 en el proceso interno del partido guinda para la renovaci\u00f3n de la presidencia municipal de Ecatepe en 2024, la legisladora aborda estos graves problemas que afectan al quinto municipios m\u00e1s poblado de M\u00e9xico.<\/p>\n<p><img loading=\"lazy\" decoding=\"async\" class=\"alignnone size-medium wp-image-6962 aligncenter\" src=\"https:\/\/redamlo.com\/wp-content\/uploads\/2023\/07\/luz-ma-8-jul-300x231.jpg\" alt=\"\" width=\"300\" height=\"231\" srcset=\"https:\/\/redamlo.com\/wp-content\/uploads\/2023\/07\/luz-ma-8-jul-300x231.jpg 300w, https:\/\/redamlo.com\/wp-content\/uploads\/2023\/07\/luz-ma-8-jul.jpg 720w\" sizes=\"auto, (max-width: 300px) 100vw, 300px\" \/><\/p>\n<p>En el tema del agua, Hern\u00e1ndez Berm\u00fadez ha sido una activista en la defensa de los recursos naturales, reservas ecol\u00f3gicas y desde hace m\u00e1s de una d\u00e9cada en el tema del agua. Ha dado seguimiento a esta problem\u00e1tica y al mismo tiempo, ha puesto sobre la mesa diversas propuestas viables.<\/p>\n<p>Por un lado, se\u00f1ala que es necesario que el gobierno del estado deje de controlar el suministro, por conducto del Sistema Cutzamala, \u201cpues hay un acuerdo a nivel federal de que Ecatepec debe recibir aproximadamente mil litros por segundo y llega a solo un 40 por ciento\u201d.<\/p>\n<p>Subraya que \u201cen Ecatepec\u201d hay agua, incluso ya se hicieron pozos, pero parte de la poblaci\u00f3n no accede a ella por \u201cla corrupci\u00f3n, la falta de una reglamentaci\u00f3n, no tenemos una Ley de Aguas estatal que norme y controle la administraci\u00f3n del recurso\u201d.<\/p>\n<p><img loading=\"lazy\" decoding=\"async\" class=\"alignnone size-medium wp-image-6963 aligncenter\" src=\"https:\/\/redamlo.com\/wp-content\/uploads\/2023\/07\/luz-ma-3-8-jul-300x203.jpg\" alt=\"\" width=\"300\" height=\"203\" srcset=\"https:\/\/redamlo.com\/wp-content\/uploads\/2023\/07\/luz-ma-3-8-jul-300x203.jpg 300w, https:\/\/redamlo.com\/wp-content\/uploads\/2023\/07\/luz-ma-3-8-jul.jpg 720w\" sizes=\"auto, (max-width: 300px) 100vw, 300px\" \/><\/p>\n<p>Plantea que \u201cfalta crear tambi\u00e9n iniciativas en las que se fomenten los est\u00edmulos fiscales para aquellas empresas y ciudadanos que utilicen y reutilicen el agua; ejemplo, el agua que se puede generar a trav\u00e9s de los humedales artificiales, que hemos venido impulsando\u201d.<\/p>\n<p>Menciona que el aprovechamiento del agua con la captaci\u00f3n de aguas pluviales es otra posibilidad, pero todo se ha quedado en iniciativas de buena fe que no han prosperado.<\/p>\n<p>Luz Mar\u00eda Hern\u00e1ndez advierte que urge solucionar la grave problem\u00e1tica de la escasez del agua, ya que, dice, puede ser incluso llegar a ser tema de seguridad por toda la inconformidad que hay en la localidad, donde cada vez son m\u00e1s frecuentes las protestas, principalmente bloqueos de avenidas principales.<\/p>\n<p>En ese sentido, la diputada morenista y ex dirigente estatal de ese partido, propone una reingenier\u00eda para el tratamiento, mantenimiento y saneamiento de la red h\u00eddrica y trabajar en los cambios legislativos que sean necesarios en la materia.<\/p>\n<p>Apunta que debe haber est\u00edmulos fiscales, est\u00edmulos hacia la ciudadan\u00eda en favor de la cultura del cuidado del agua. Tambi\u00e9n, agrega, es necesario, aunque a largo plazo, obras de gran magnitud, como es el cambio de la red, que ya est\u00e1 obsoleta.<\/p>\n<p>Critic\u00f3 el hecho de que se hayan construido pozos, pero no les haya invertido por cuestiones pol\u00edticas.<\/p>\n<p>En el rubro de la seguridad p\u00fablica, la expresidenta de morena en la entidad, comenta que es necesario atender el problema del robo en el transporte p\u00fablico, sobre todo en el Mexibus, que es el que presenta el mayor \u00edndice.<\/p>\n<p>Reprueba que no exista una coordinaci\u00f3n que garantice la seguridad de los usuarios, como s\u00ed ocurre en la Ciudad de M\u00e9xico.<\/p>\n<p>\u201cEn Ecatepec hay un asalto y muchas veces las personas afectadas prefieren no ir a denunciar porque saben que van a ser horas de p\u00e9rdidas y no va a haber resultados\u201d.<\/p>\n<p>Propone implementar c\u00e9lulas de atenci\u00f3n y respuesta inmediata, as\u00ed como la instalaci\u00f3n de c\u00e1maras de seguridad que realmente s\u00ed funcionen y no sean simulaci\u00f3n; \u201cque haya una vigilancia permanente\u201d.<\/p>\n<p>Reconoce que en el sector falta mucha inversi\u00f3n, producto de un rezago de 30 a\u00f1os: se carece de alumbrado, infraestructura, vigilancia, y sobre todo controles de seguridad, con apoyo de la tecnolog\u00eda.<\/p>\n<p>\u201cA veces hay c\u00e1maras o botones de p\u00e1nico, pero no funcionan, no tienen mantenimiento, est\u00e1n desconectadas de los C4 o la ciudadan\u00eda desconocen que existen, debido a una deficiente campa\u00f1a informativa\u201d, apunta.<\/p>\n<p>La iniciativa de los humedales artificiales<\/p>\n<p>Luz Mar\u00eda Hern\u00e1ndez Berm\u00fadez es integrante de la comisi\u00f3n legislativa del Medio Ambiente y Cambio Clim\u00e1tico, desde donde promueve la creaci\u00f3n de humedales artificiales con la finalidad de hacer productivo el tratamiento del agua que se va a reutilizar.<\/p>\n<p>Explic\u00f3 como parte de este proyecto se ha venido trabajando con expertos de la UNAM y el Conacyt y se ha demostrado que los humedales artificiales s\u00ed funcionan.<\/p>\n<p><img loading=\"lazy\" decoding=\"async\" class=\"alignnone size-medium wp-image-6964 aligncenter\" src=\"https:\/\/redamlo.com\/wp-content\/uploads\/2023\/07\/luz-ma-8-jul-1-269x300.jpg\" alt=\"\" width=\"269\" height=\"300\" srcset=\"https:\/\/redamlo.com\/wp-content\/uploads\/2023\/07\/luz-ma-8-jul-1-269x300.jpg 269w, https:\/\/redamlo.com\/wp-content\/uploads\/2023\/07\/luz-ma-8-jul-1.jpg 720w\" sizes=\"auto, (max-width: 269px) 100vw, 269px\" \/><\/p>\n<p>Puso como ejemplo el humedal del Bosque de Arag\u00f3n, en la alcald\u00eda Gustavo a Madero de la Ciudad de M\u00e9xico, y que funciona a tal grado que el nivel de potabilidad del agua llega a entre un 90 y 95 por ciento.<\/p>\n<p>Y tan es as\u00ed que de estar un lago muri\u00e9ndose, se transforma en un humedal que da vida. \u201cEs un sue\u00f1o que tenemos que hacer realidad\u201d, finaliz\u00f3.<\/p>\n<p>ZTB.<\/p>\n<p>&nbsp;<\/p>\n<p>&nbsp;<\/p>\n","protected":false},"excerpt":{"rendered":"<p>La falta de agua y la inseguridad p\u00fablica en Ecatepec, Estado de M\u00e9xico, son resultado&#8230;<\/p>\n","protected":false},"author":1,"featured_media":6961,"comment_status":"open","ping_status":"closed","sticky":false,"template":"","format":"standard","meta":{"footnotes":""},"categories":[6,5],"tags":[2508,2533],"class_list":["post-6960","post","type-post","status-publish","format-standard","has-post-thumbnail","hentry","category-estados","category-politica","tag-diputada-luz-ma-hernandez","tag-gobierno-de-ecatepec"],"yoast_head":"<!-- This site is optimized with the Yoast SEO plugin v27.5 - https:\/\/yoast.com\/product\/yoast-seo-wordpress\/ -->\n<title>En exclusiva para La Jornada la diputada morenista LuzMa Hern\u00e1ndez menciona que buscar\u00e1 gobernar Ecatepec - NOTICIAS DE LA 4T<\/title>\n<meta name=\"robots\" content=\"noindex, follow, max-snippet:-1, max-image-preview:large, max-video-preview:-1\" \/>\n<meta property=\"og:locale\" content=\"es_MX\" \/>\n<meta property=\"og:type\" content=\"article\" \/>\n<meta property=\"og:title\" content=\"En exclusiva para La Jornada la diputada morenista LuzMa Hern\u00e1ndez menciona que buscar\u00e1 gobernar Ecatepec - NOTICIAS DE LA 4T\" \/>\n<meta property=\"og:description\" content=\"La falta de agua y la inseguridad p\u00fablica en Ecatepec, Estado de M\u00e9xico, son resultado...\" \/>\n<meta property=\"og:url\" content=\"https:\/\/redamlo.com\/index.php\/2023\/07\/08\/en-exclusiva-para-la-jornada-la-diputada-morenista-luzma-hernandez-menciona-que-buscara-gobernar-ecatepec\/\" \/>\n<meta property=\"og:site_name\" content=\"NOTICIAS DE LA 4T\" \/>\n<meta property=\"article:published_time\" content=\"2023-07-08T21:54:32+00:00\" \/>\n<meta property=\"og:image\" content=\"https:\/\/redamlo.com\/wp-content\/uploads\/2023\/07\/luz-ma-4-8-jul.jpg\" \/>\n\t<meta property=\"og:image:width\" content=\"720\" \/>\n\t<meta property=\"og:image:height\" content=\"960\" \/>\n\t<meta property=\"og:image:type\" content=\"image\/jpeg\" \/>\n<meta name=\"author\" content=\"admin\" \/>\n<meta name=\"twitter:card\" content=\"summary_large_image\" \/>\n<meta name=\"twitter:label1\" content=\"Escrito por\" \/>\n\t<meta name=\"twitter:data1\" content=\"admin\" \/>\n\t<meta name=\"twitter:label2\" content=\"Tiempo de lectura\" \/>\n\t<meta name=\"twitter:data2\" content=\"4 minutos\" \/>\n<script type=\"application\/ld+json\" class=\"yoast-schema-graph\">{\"@context\":\"https:\\\/\\\/schema.org\",\"@graph\":[{\"@type\":\"Article\",\"@id\":\"https:\\\/\\\/redamlo.com\\\/index.php\\\/2023\\\/07\\\/08\\\/en-exclusiva-para-la-jornada-la-diputada-morenista-luzma-hernandez-menciona-que-buscara-gobernar-ecatepec\\\/#article\",\"isPartOf\":{\"@id\":\"https:\\\/\\\/redamlo.com\\\/index.php\\\/2023\\\/07\\\/08\\\/en-exclusiva-para-la-jornada-la-diputada-morenista-luzma-hernandez-menciona-que-buscara-gobernar-ecatepec\\\/\"},\"author\":{\"name\":\"admin\",\"@id\":\"https:\\\/\\\/redamlo.com\\\/#\\\/schema\\\/person\\\/197a0a670d21b1f4f1483ddda1b64613\"},\"headline\":\"En exclusiva para La Jornada la diputada morenista LuzMa Hern\u00e1ndez menciona que buscar\u00e1 gobernar Ecatepec\",\"datePublished\":\"2023-07-08T21:54:32+00:00\",\"mainEntityOfPage\":{\"@id\":\"https:\\\/\\\/redamlo.com\\\/index.php\\\/2023\\\/07\\\/08\\\/en-exclusiva-para-la-jornada-la-diputada-morenista-luzma-hernandez-menciona-que-buscara-gobernar-ecatepec\\\/\"},\"wordCount\":850,\"commentCount\":0,\"publisher\":{\"@id\":\"https:\\\/\\\/redamlo.com\\\/#organization\"},\"image\":{\"@id\":\"https:\\\/\\\/redamlo.com\\\/index.php\\\/2023\\\/07\\\/08\\\/en-exclusiva-para-la-jornada-la-diputada-morenista-luzma-hernandez-menciona-que-buscara-gobernar-ecatepec\\\/#primaryimage\"},\"thumbnailUrl\":\"https:\\\/\\\/redamlo.com\\\/wp-content\\\/uploads\\\/2023\\\/07\\\/luz-ma-4-8-jul.jpg\",\"keywords\":[\"Diputada Luz Ma Hernandez\",\"gobierno de ecatepec\"],\"articleSection\":[\"Estados\",\"Pol\u00edtica\"],\"inLanguage\":\"es\",\"potentialAction\":[{\"@type\":\"CommentAction\",\"name\":\"Comment\",\"target\":[\"https:\\\/\\\/redamlo.com\\\/index.php\\\/2023\\\/07\\\/08\\\/en-exclusiva-para-la-jornada-la-diputada-morenista-luzma-hernandez-menciona-que-buscara-gobernar-ecatepec\\\/#respond\"]}]},{\"@type\":\"WebPage\",\"@id\":\"https:\\\/\\\/redamlo.com\\\/index.php\\\/2023\\\/07\\\/08\\\/en-exclusiva-para-la-jornada-la-diputada-morenista-luzma-hernandez-menciona-que-buscara-gobernar-ecatepec\\\/\",\"url\":\"https:\\\/\\\/redamlo.com\\\/index.php\\\/2023\\\/07\\\/08\\\/en-exclusiva-para-la-jornada-la-diputada-morenista-luzma-hernandez-menciona-que-buscara-gobernar-ecatepec\\\/\",\"name\":\"En exclusiva para La Jornada la diputada morenista LuzMa Hern\u00e1ndez menciona que buscar\u00e1 gobernar Ecatepec - NOTICIAS DE LA 4T\",\"isPartOf\":{\"@id\":\"https:\\\/\\\/redamlo.com\\\/#website\"},\"primaryImageOfPage\":{\"@id\":\"https:\\\/\\\/redamlo.com\\\/index.php\\\/2023\\\/07\\\/08\\\/en-exclusiva-para-la-jornada-la-diputada-morenista-luzma-hernandez-menciona-que-buscara-gobernar-ecatepec\\\/#primaryimage\"},\"image\":{\"@id\":\"https:\\\/\\\/redamlo.com\\\/index.php\\\/2023\\\/07\\\/08\\\/en-exclusiva-para-la-jornada-la-diputada-morenista-luzma-hernandez-menciona-que-buscara-gobernar-ecatepec\\\/#primaryimage\"},\"thumbnailUrl\":\"https:\\\/\\\/redamlo.com\\\/wp-content\\\/uploads\\\/2023\\\/07\\\/luz-ma-4-8-jul.jpg\",\"datePublished\":\"2023-07-08T21:54:32+00:00\",\"breadcrumb\":{\"@id\":\"https:\\\/\\\/redamlo.com\\\/index.php\\\/2023\\\/07\\\/08\\\/en-exclusiva-para-la-jornada-la-diputada-morenista-luzma-hernandez-menciona-que-buscara-gobernar-ecatepec\\\/#breadcrumb\"},\"inLanguage\":\"es\",\"potentialAction\":[{\"@type\":\"ReadAction\",\"target\":[\"https:\\\/\\\/redamlo.com\\\/index.php\\\/2023\\\/07\\\/08\\\/en-exclusiva-para-la-jornada-la-diputada-morenista-luzma-hernandez-menciona-que-buscara-gobernar-ecatepec\\\/\"]}]},{\"@type\":\"ImageObject\",\"inLanguage\":\"es\",\"@id\":\"https:\\\/\\\/redamlo.com\\\/index.php\\\/2023\\\/07\\\/08\\\/en-exclusiva-para-la-jornada-la-diputada-morenista-luzma-hernandez-menciona-que-buscara-gobernar-ecatepec\\\/#primaryimage\",\"url\":\"https:\\\/\\\/redamlo.com\\\/wp-content\\\/uploads\\\/2023\\\/07\\\/luz-ma-4-8-jul.jpg\",\"contentUrl\":\"https:\\\/\\\/redamlo.com\\\/wp-content\\\/uploads\\\/2023\\\/07\\\/luz-ma-4-8-jul.jpg\",\"width\":720,\"height\":960},{\"@type\":\"BreadcrumbList\",\"@id\":\"https:\\\/\\\/redamlo.com\\\/index.php\\\/2023\\\/07\\\/08\\\/en-exclusiva-para-la-jornada-la-diputada-morenista-luzma-hernandez-menciona-que-buscara-gobernar-ecatepec\\\/#breadcrumb\",\"itemListElement\":[{\"@type\":\"ListItem\",\"position\":1,\"name\":\"Inicio\",\"item\":\"https:\\\/\\\/redamlo.com\\\/\"},{\"@type\":\"ListItem\",\"position\":2,\"name\":\"En exclusiva para La Jornada la diputada morenista LuzMa Hern\u00e1ndez menciona que buscar\u00e1 gobernar Ecatepec\"}]},{\"@type\":\"WebSite\",\"@id\":\"https:\\\/\\\/redamlo.com\\\/#website\",\"url\":\"https:\\\/\\\/redamlo.com\\\/\",\"name\":\"NOTICIAS DE LA 4T\",\"description\":\"\",\"publisher\":{\"@id\":\"https:\\\/\\\/redamlo.com\\\/#organization\"},\"potentialAction\":[{\"@type\":\"SearchAction\",\"target\":{\"@type\":\"EntryPoint\",\"urlTemplate\":\"https:\\\/\\\/redamlo.com\\\/?s={search_term_string}\"},\"query-input\":{\"@type\":\"PropertyValueSpecification\",\"valueRequired\":true,\"valueName\":\"search_term_string\"}}],\"inLanguage\":\"es\"},{\"@type\":\"Organization\",\"@id\":\"https:\\\/\\\/redamlo.com\\\/#organization\",\"name\":\"NOTICIAS DE LA 4T\",\"url\":\"https:\\\/\\\/redamlo.com\\\/\",\"logo\":{\"@type\":\"ImageObject\",\"inLanguage\":\"es\",\"@id\":\"https:\\\/\\\/redamlo.com\\\/#\\\/schema\\\/logo\\\/image\\\/\",\"url\":\"https:\\\/\\\/redamlo.com\\\/wp-content\\\/uploads\\\/2024\\\/08\\\/cropped-RED-AMLO-logo-50.png\",\"contentUrl\":\"https:\\\/\\\/redamlo.com\\\/wp-content\\\/uploads\\\/2024\\\/08\\\/cropped-RED-AMLO-logo-50.png\",\"width\":256,\"height\":256,\"caption\":\"NOTICIAS DE LA 4T\"},\"image\":{\"@id\":\"https:\\\/\\\/redamlo.com\\\/#\\\/schema\\\/logo\\\/image\\\/\"}},{\"@type\":\"Person\",\"@id\":\"https:\\\/\\\/redamlo.com\\\/#\\\/schema\\\/person\\\/197a0a670d21b1f4f1483ddda1b64613\",\"name\":\"admin\",\"image\":{\"@type\":\"ImageObject\",\"inLanguage\":\"es\",\"@id\":\"https:\\\/\\\/secure.gravatar.com\\\/avatar\\\/293dccd927043f2e641da6685c2f84009782eb9ee0054daceada4e261ded849a?s=96&d=mm&r=g\",\"url\":\"https:\\\/\\\/secure.gravatar.com\\\/avatar\\\/293dccd927043f2e641da6685c2f84009782eb9ee0054daceada4e261ded849a?s=96&d=mm&r=g\",\"contentUrl\":\"https:\\\/\\\/secure.gravatar.com\\\/avatar\\\/293dccd927043f2e641da6685c2f84009782eb9ee0054daceada4e261ded849a?s=96&d=mm&r=g\",\"caption\":\"admin\"},\"sameAs\":[\"https:\\\/\\\/redamlo.com\"],\"url\":\"https:\\\/\\\/redamlo.com\\\/index.php\\\/author\\\/stell\\\/\"}]}<\/script>\n<!-- \/ Yoast SEO plugin. -->","yoast_head_json":{"title":"En exclusiva para La Jornada la diputada morenista LuzMa Hern\u00e1ndez menciona que buscar\u00e1 gobernar Ecatepec - NOTICIAS DE LA 4T","robots":{"index":"noindex","follow":"follow","max-snippet":"max-snippet:-1","max-image-preview":"max-image-preview:large","max-video-preview":"max-video-preview:-1"},"og_locale":"es_MX","og_type":"article","og_title":"En exclusiva para La Jornada la diputada morenista LuzMa Hern\u00e1ndez menciona que buscar\u00e1 gobernar Ecatepec - NOTICIAS DE LA 4T","og_description":"La falta de agua y la inseguridad p\u00fablica en Ecatepec, Estado de M\u00e9xico, son resultado...","og_url":"https:\/\/redamlo.com\/index.php\/2023\/07\/08\/en-exclusiva-para-la-jornada-la-diputada-morenista-luzma-hernandez-menciona-que-buscara-gobernar-ecatepec\/","og_site_name":"NOTICIAS DE LA 4T","article_published_time":"2023-07-08T21:54:32+00:00","og_image":[{"width":720,"height":960,"url":"https:\/\/redamlo.com\/wp-content\/uploads\/2023\/07\/luz-ma-4-8-jul.jpg","type":"image\/jpeg"}],"author":"admin","twitter_card":"summary_large_image","twitter_misc":{"Escrito por":"admin","Tiempo de lectura":"4 minutos"},"schema":{"@context":"https:\/\/schema.org","@graph":[{"@type":"Article","@id":"https:\/\/redamlo.com\/index.php\/2023\/07\/08\/en-exclusiva-para-la-jornada-la-diputada-morenista-luzma-hernandez-menciona-que-buscara-gobernar-ecatepec\/#article","isPartOf":{"@id":"https:\/\/redamlo.com\/index.php\/2023\/07\/08\/en-exclusiva-para-la-jornada-la-diputada-morenista-luzma-hernandez-menciona-que-buscara-gobernar-ecatepec\/"},"author":{"name":"admin","@id":"https:\/\/redamlo.com\/#\/schema\/person\/197a0a670d21b1f4f1483ddda1b64613"},"headline":"En exclusiva para La Jornada la diputada morenista LuzMa Hern\u00e1ndez menciona que buscar\u00e1 gobernar Ecatepec","datePublished":"2023-07-08T21:54:32+00:00","mainEntityOfPage":{"@id":"https:\/\/redamlo.com\/index.php\/2023\/07\/08\/en-exclusiva-para-la-jornada-la-diputada-morenista-luzma-hernandez-menciona-que-buscara-gobernar-ecatepec\/"},"wordCount":850,"commentCount":0,"publisher":{"@id":"https:\/\/redamlo.com\/#organization"},"image":{"@id":"https:\/\/redamlo.com\/index.php\/2023\/07\/08\/en-exclusiva-para-la-jornada-la-diputada-morenista-luzma-hernandez-menciona-que-buscara-gobernar-ecatepec\/#primaryimage"},"thumbnailUrl":"https:\/\/redamlo.com\/wp-content\/uploads\/2023\/07\/luz-ma-4-8-jul.jpg","keywords":["Diputada Luz Ma Hernandez","gobierno de ecatepec"],"articleSection":["Estados","Pol\u00edtica"],"inLanguage":"es","potentialAction":[{"@type":"CommentAction","name":"Comment","target":["https:\/\/redamlo.com\/index.php\/2023\/07\/08\/en-exclusiva-para-la-jornada-la-diputada-morenista-luzma-hernandez-menciona-que-buscara-gobernar-ecatepec\/#respond"]}]},{"@type":"WebPage","@id":"https:\/\/redamlo.com\/index.php\/2023\/07\/08\/en-exclusiva-para-la-jornada-la-diputada-morenista-luzma-hernandez-menciona-que-buscara-gobernar-ecatepec\/","url":"https:\/\/redamlo.com\/index.php\/2023\/07\/08\/en-exclusiva-para-la-jornada-la-diputada-morenista-luzma-hernandez-menciona-que-buscara-gobernar-ecatepec\/","name":"En exclusiva para La Jornada la diputada morenista LuzMa Hern\u00e1ndez menciona que buscar\u00e1 gobernar Ecatepec - NOTICIAS DE LA 4T","isPartOf":{"@id":"https:\/\/redamlo.com\/#website"},"primaryImageOfPage":{"@id":"https:\/\/redamlo.com\/index.php\/2023\/07\/08\/en-exclusiva-para-la-jornada-la-diputada-morenista-luzma-hernandez-menciona-que-buscara-gobernar-ecatepec\/#primaryimage"},"image":{"@id":"https:\/\/redamlo.com\/index.php\/2023\/07\/08\/en-exclusiva-para-la-jornada-la-diputada-morenista-luzma-hernandez-menciona-que-buscara-gobernar-ecatepec\/#primaryimage"},"thumbnailUrl":"https:\/\/redamlo.com\/wp-content\/uploads\/2023\/07\/luz-ma-4-8-jul.jpg","datePublished":"2023-07-08T21:54:32+00:00","breadcrumb":{"@id":"https:\/\/redamlo.com\/index.php\/2023\/07\/08\/en-exclusiva-para-la-jornada-la-diputada-morenista-luzma-hernandez-menciona-que-buscara-gobernar-ecatepec\/#breadcrumb"},"inLanguage":"es","potentialAction":[{"@type":"ReadAction","target":["https:\/\/redamlo.com\/index.php\/2023\/07\/08\/en-exclusiva-para-la-jornada-la-diputada-morenista-luzma-hernandez-menciona-que-buscara-gobernar-ecatepec\/"]}]},{"@type":"ImageObject","inLanguage":"es","@id":"https:\/\/redamlo.com\/index.php\/2023\/07\/08\/en-exclusiva-para-la-jornada-la-diputada-morenista-luzma-hernandez-menciona-que-buscara-gobernar-ecatepec\/#primaryimage","url":"https:\/\/redamlo.com\/wp-content\/uploads\/2023\/07\/luz-ma-4-8-jul.jpg","contentUrl":"https:\/\/redamlo.com\/wp-content\/uploads\/2023\/07\/luz-ma-4-8-jul.jpg","width":720,"height":960},{"@type":"BreadcrumbList","@id":"https:\/\/redamlo.com\/index.php\/2023\/07\/08\/en-exclusiva-para-la-jornada-la-diputada-morenista-luzma-hernandez-menciona-que-buscara-gobernar-ecatepec\/#breadcrumb","itemListElement":[{"@type":"ListItem","position":1,"name":"Inicio","item":"https:\/\/redamlo.com\/"},{"@type":"ListItem","position":2,"name":"En exclusiva para La Jornada la diputada morenista LuzMa Hern\u00e1ndez menciona que buscar\u00e1 gobernar Ecatepec"}]},{"@type":"WebSite","@id":"https:\/\/redamlo.com\/#website","url":"https:\/\/redamlo.com\/","name":"NOTICIAS DE LA 4T","description":"","publisher":{"@id":"https:\/\/redamlo.com\/#organization"},"potentialAction":[{"@type":"SearchAction","target":{"@type":"EntryPoint","urlTemplate":"https:\/\/redamlo.com\/?s={search_term_string}"},"query-input":{"@type":"PropertyValueSpecification","valueRequired":true,"valueName":"search_term_string"}}],"inLanguage":"es"},{"@type":"Organization","@id":"https:\/\/redamlo.com\/#organization","name":"NOTICIAS DE LA 4T","url":"https:\/\/redamlo.com\/","logo":{"@type":"ImageObject","inLanguage":"es","@id":"https:\/\/redamlo.com\/#\/schema\/logo\/image\/","url":"https:\/\/redamlo.com\/wp-content\/uploads\/2024\/08\/cropped-RED-AMLO-logo-50.png","contentUrl":"https:\/\/redamlo.com\/wp-content\/uploads\/2024\/08\/cropped-RED-AMLO-logo-50.png","width":256,"height":256,"caption":"NOTICIAS DE LA 4T"},"image":{"@id":"https:\/\/redamlo.com\/#\/schema\/logo\/image\/"}},{"@type":"Person","@id":"https:\/\/redamlo.com\/#\/schema\/person\/197a0a670d21b1f4f1483ddda1b64613","name":"admin","image":{"@type":"ImageObject","inLanguage":"es","@id":"https:\/\/secure.gravatar.com\/avatar\/293dccd927043f2e641da6685c2f84009782eb9ee0054daceada4e261ded849a?s=96&d=mm&r=g","url":"https:\/\/secure.gravatar.com\/avatar\/293dccd927043f2e641da6685c2f84009782eb9ee0054daceada4e261ded849a?s=96&d=mm&r=g","contentUrl":"https:\/\/secure.gravatar.com\/avatar\/293dccd927043f2e641da6685c2f84009782eb9ee0054daceada4e261ded849a?s=96&d=mm&r=g","caption":"admin"},"sameAs":["https:\/\/redamlo.com"],"url":"https:\/\/redamlo.com\/index.php\/author\/stell\/"}]}},"_links":{"self":[{"href":"https:\/\/redamlo.com\/index.php\/wp-json\/wp\/v2\/posts\/6960","targetHints":{"allow":["GET"]}}],"collection":[{"href":"https:\/\/redamlo.com\/index.php\/wp-json\/wp\/v2\/posts"}],"about":[{"href":"https:\/\/redamlo.com\/index.php\/wp-json\/wp\/v2\/types\/post"}],"author":[{"embeddable":true,"href":"https:\/\/redamlo.com\/index.php\/wp-json\/wp\/v2\/users\/1"}],"replies":[{"embeddable":true,"href":"https:\/\/redamlo.com\/index.php\/wp-json\/wp\/v2\/comments?post=6960"}],"version-history":[{"count":0,"href":"https:\/\/redamlo.com\/index.php\/wp-json\/wp\/v2\/posts\/6960\/revisions"}],"wp:featuredmedia":[{"embeddable":true,"href":"https:\/\/redamlo.com\/index.php\/wp-json\/wp\/v2\/media\/6961"}],"wp:attachment":[{"href":"https:\/\/redamlo.com\/index.php\/wp-json\/wp\/v2\/media?parent=6960"}],"wp:term":[{"taxonomy":"category","embeddable":true,"href":"https:\/\/redamlo.com\/index.php\/wp-json\/wp\/v2\/categories?post=6960"},{"taxonomy":"post_tag","embeddable":true,"href":"https:\/\/redamlo.com\/index.php\/wp-json\/wp\/v2\/tags?post=6960"}],"curies":[{"name":"wp","href":"https:\/\/api.w.org\/{rel}","templated":true}]}}