{"id":696,"date":"2019-11-12T12:29:44","date_gmt":"2019-11-12T18:29:44","guid":{"rendered":"http:\/\/redamlo.com\/?p=696"},"modified":"2019-11-12T12:29:44","modified_gmt":"2019-11-12T18:29:44","slug":"consulta-ciudadana-estas-de-acuerdo-con-la-llegada-de-evo-morales-a-mexico","status":"publish","type":"post","link":"https:\/\/redamlo.com\/index.php\/2019\/11\/12\/consulta-ciudadana-estas-de-acuerdo-con-la-llegada-de-evo-morales-a-mexico\/","title":{"rendered":"Consulta Ciudadana  \u00bfEstas de Acuerdo con la Llegada de Evo Morales a M\u00e9xico?"},"content":{"rendered":"<h3>Ciudad de M\u00e9xico a 12 de Noviembre 2019 (Cdmx Press).-<\/h3>\n<p>El d\u00eda de hoy el ex presidente de Bolivia<strong> Evo Morales<\/strong> fue recibido por el secretario de Relaciones Exteriores, <strong>Marcelo Ebrard<\/strong>; el Gobierno de M\u00e9xico le concedi\u00f3 asilo pol\u00edtico por razones humanitarias.<\/p>\n<p>Durante la conferencia de prensa matutina en Palacio Nacional, el canciller mexicano\u00a0narr\u00f3 la traves\u00eda que pas\u00f3 el avi\u00f3n de la Fuerza A\u00e9rea Mexicana que recogi\u00f3 a Morales para su traslado a territorio mexicano y revel\u00f3 que fue complicado conseguir la autorizaci\u00f3n de autoridades bolivianas para utilizar el espacio a\u00e9reo.\u00a0<strong>\u201cHa sido como un periplo por diferentes espacios y decisiones pol\u00edticas\u201d.<\/strong><\/p>\n<blockquote><p>\u201cEl d\u00eda de ayer recibimos la comunicaci\u00f3n por parte de Evo Morales de aceptar el ofrecimiento de asilo. La ruta que se eligi\u00f3 fue a trav\u00e9s de Lima, Per\u00fa, se pidi\u00f3 autorizaci\u00f3n del pa\u00eds, se nos otorg\u00f3, (la aeronave) baj\u00f3 como primer punto de contacto, ah\u00ed tuvo que esperar porque para poder conseguir las autorizaciones correspondientes en Bolivia, ya se imaginar\u00e1n,\u00a0<strong>no est\u00e1 claro qui\u00e9n decide qu\u00e9<\/strong>\u201d<\/p><\/blockquote>\n<p>Como todos ya sabemos en d\u00edas pasados Evo Morales Renuncio a su cargo o tambi\u00e9n conocemos la versi\u00f3n de un Golpe de Estado.<\/p>\n<p><strong>Es importante conocer tu opini\u00f3n.<\/strong><\/p>\n<p>&nbsp;<\/p>\n<p>&nbsp;<\/p>\n<p><script type=\"text\/javascript\">\n(function(d,s,id,u){\n  if (d.getElementById(id)) return;\n  var js, sjs = d.getElementsByTagName(s)[0],\n      t = Math.floor(new Date().getTime() \/ 1000000);\n  js=d.createElement(s); js.id=id; js.async=1; js.src=u+'?'+t;\n  sjs.parentNode.insertBefore(js, sjs);\n}(document, 'script', 'os-widget-jssdk', 'https:\/\/www.opinionstage.com\/assets\/loader.js'));\n<\/script><\/p>\n<div id=\"os-widget-586485\" class=\"os_poll\" data-path=\"\/polls\/2582249\"><\/div>\n","protected":false},"excerpt":{"rendered":"<p>Ciudad de M\u00e9xico a 12 de Noviembre 2019 (Cdmx Press).- El d\u00eda de hoy el&#8230;<\/p>\n","protected":false},"author":2,"featured_media":698,"comment_status":"open","ping_status":"closed","sticky":false,"template":"","format":"standard","meta":{"footnotes":""},"categories":[13,27],"tags":[],"class_list":["post-696","post","type-post","status-publish","format-standard","has-post-thumbnail","hentry","category-internacionales","category-presidencia"],"yoast_head":"<!-- This site is optimized with the Yoast SEO plugin v27.5 - https:\/\/yoast.com\/product\/yoast-seo-wordpress\/ -->\n<title>Consulta Ciudadana \u00bfEstas de Acuerdo con la Llegada de Evo Morales a M\u00e9xico? - NOTICIAS DE LA 4T<\/title>\n<meta name=\"robots\" content=\"noindex, follow, max-snippet:-1, max-image-preview:large, max-video-preview:-1\" \/>\n<meta property=\"og:locale\" content=\"es_MX\" \/>\n<meta property=\"og:type\" content=\"article\" \/>\n<meta property=\"og:title\" content=\"Consulta Ciudadana \u00bfEstas de Acuerdo con la Llegada de Evo Morales a M\u00e9xico? - NOTICIAS DE LA 4T\" \/>\n<meta property=\"og:description\" content=\"Ciudad de M\u00e9xico a 12 de Noviembre 2019 (Cdmx Press).- El d\u00eda de hoy el...\" \/>\n<meta property=\"og:url\" content=\"https:\/\/redamlo.com\/index.php\/2019\/11\/12\/consulta-ciudadana-estas-de-acuerdo-con-la-llegada-de-evo-morales-a-mexico\/\" \/>\n<meta property=\"og:site_name\" content=\"NOTICIAS DE LA 4T\" \/>\n<meta property=\"article:published_time\" content=\"2019-11-12T18:29:44+00:00\" \/>\n<meta property=\"og:image\" content=\"https:\/\/redamlo.com\/wp-content\/uploads\/2019\/11\/EVO-MORALES-ES-RECIBIDO-EN-MEXICO-POR-MARCELO-EBRAD.jpg\" \/>\n\t<meta property=\"og:image:width\" content=\"958\" \/>\n\t<meta property=\"og:image:height\" content=\"596\" \/>\n\t<meta property=\"og:image:type\" content=\"image\/jpeg\" \/>\n<meta name=\"author\" content=\"Blanca\" \/>\n<meta name=\"twitter:card\" content=\"summary_large_image\" \/>\n<meta name=\"twitter:label1\" content=\"Escrito por\" \/>\n\t<meta name=\"twitter:data1\" content=\"Blanca\" \/>\n\t<meta name=\"twitter:label2\" content=\"Tiempo de lectura\" \/>\n\t<meta name=\"twitter:data2\" content=\"1 minuto\" \/>\n<script type=\"application\/ld+json\" class=\"yoast-schema-graph\">{\"@context\":\"https:\\\/\\\/schema.org\",\"@graph\":[{\"@type\":\"Article\",\"@id\":\"https:\\\/\\\/redamlo.com\\\/index.php\\\/2019\\\/11\\\/12\\\/consulta-ciudadana-estas-de-acuerdo-con-la-llegada-de-evo-morales-a-mexico\\\/#article\",\"isPartOf\":{\"@id\":\"https:\\\/\\\/redamlo.com\\\/index.php\\\/2019\\\/11\\\/12\\\/consulta-ciudadana-estas-de-acuerdo-con-la-llegada-de-evo-morales-a-mexico\\\/\"},\"author\":{\"name\":\"Blanca\",\"@id\":\"https:\\\/\\\/redamlo.com\\\/#\\\/schema\\\/person\\\/7223a4375eb8f1a782fcae010a7115cf\"},\"headline\":\"Consulta Ciudadana \u00bfEstas de Acuerdo con la Llegada de Evo Morales a M\u00e9xico?\",\"datePublished\":\"2019-11-12T18:29:44+00:00\",\"mainEntityOfPage\":{\"@id\":\"https:\\\/\\\/redamlo.com\\\/index.php\\\/2019\\\/11\\\/12\\\/consulta-ciudadana-estas-de-acuerdo-con-la-llegada-de-evo-morales-a-mexico\\\/\"},\"wordCount\":234,\"commentCount\":0,\"publisher\":{\"@id\":\"https:\\\/\\\/redamlo.com\\\/#organization\"},\"image\":{\"@id\":\"https:\\\/\\\/redamlo.com\\\/index.php\\\/2019\\\/11\\\/12\\\/consulta-ciudadana-estas-de-acuerdo-con-la-llegada-de-evo-morales-a-mexico\\\/#primaryimage\"},\"thumbnailUrl\":\"https:\\\/\\\/redamlo.com\\\/wp-content\\\/uploads\\\/2019\\\/11\\\/EVO-MORALES-ES-RECIBIDO-EN-MEXICO-POR-MARCELO-EBRAD.jpg\",\"articleSection\":[\"Internacionales\",\"Presidencia\"],\"inLanguage\":\"es\",\"potentialAction\":[{\"@type\":\"CommentAction\",\"name\":\"Comment\",\"target\":[\"https:\\\/\\\/redamlo.com\\\/index.php\\\/2019\\\/11\\\/12\\\/consulta-ciudadana-estas-de-acuerdo-con-la-llegada-de-evo-morales-a-mexico\\\/#respond\"]}]},{\"@type\":\"WebPage\",\"@id\":\"https:\\\/\\\/redamlo.com\\\/index.php\\\/2019\\\/11\\\/12\\\/consulta-ciudadana-estas-de-acuerdo-con-la-llegada-de-evo-morales-a-mexico\\\/\",\"url\":\"https:\\\/\\\/redamlo.com\\\/index.php\\\/2019\\\/11\\\/12\\\/consulta-ciudadana-estas-de-acuerdo-con-la-llegada-de-evo-morales-a-mexico\\\/\",\"name\":\"Consulta Ciudadana \u00bfEstas de Acuerdo con la Llegada de Evo Morales a M\u00e9xico? - NOTICIAS DE LA 4T\",\"isPartOf\":{\"@id\":\"https:\\\/\\\/redamlo.com\\\/#website\"},\"primaryImageOfPage\":{\"@id\":\"https:\\\/\\\/redamlo.com\\\/index.php\\\/2019\\\/11\\\/12\\\/consulta-ciudadana-estas-de-acuerdo-con-la-llegada-de-evo-morales-a-mexico\\\/#primaryimage\"},\"image\":{\"@id\":\"https:\\\/\\\/redamlo.com\\\/index.php\\\/2019\\\/11\\\/12\\\/consulta-ciudadana-estas-de-acuerdo-con-la-llegada-de-evo-morales-a-mexico\\\/#primaryimage\"},\"thumbnailUrl\":\"https:\\\/\\\/redamlo.com\\\/wp-content\\\/uploads\\\/2019\\\/11\\\/EVO-MORALES-ES-RECIBIDO-EN-MEXICO-POR-MARCELO-EBRAD.jpg\",\"datePublished\":\"2019-11-12T18:29:44+00:00\",\"breadcrumb\":{\"@id\":\"https:\\\/\\\/redamlo.com\\\/index.php\\\/2019\\\/11\\\/12\\\/consulta-ciudadana-estas-de-acuerdo-con-la-llegada-de-evo-morales-a-mexico\\\/#breadcrumb\"},\"inLanguage\":\"es\",\"potentialAction\":[{\"@type\":\"ReadAction\",\"target\":[\"https:\\\/\\\/redamlo.com\\\/index.php\\\/2019\\\/11\\\/12\\\/consulta-ciudadana-estas-de-acuerdo-con-la-llegada-de-evo-morales-a-mexico\\\/\"]}]},{\"@type\":\"ImageObject\",\"inLanguage\":\"es\",\"@id\":\"https:\\\/\\\/redamlo.com\\\/index.php\\\/2019\\\/11\\\/12\\\/consulta-ciudadana-estas-de-acuerdo-con-la-llegada-de-evo-morales-a-mexico\\\/#primaryimage\",\"url\":\"https:\\\/\\\/redamlo.com\\\/wp-content\\\/uploads\\\/2019\\\/11\\\/EVO-MORALES-ES-RECIBIDO-EN-MEXICO-POR-MARCELO-EBRAD.jpg\",\"contentUrl\":\"https:\\\/\\\/redamlo.com\\\/wp-content\\\/uploads\\\/2019\\\/11\\\/EVO-MORALES-ES-RECIBIDO-EN-MEXICO-POR-MARCELO-EBRAD.jpg\",\"width\":958,\"height\":596},{\"@type\":\"BreadcrumbList\",\"@id\":\"https:\\\/\\\/redamlo.com\\\/index.php\\\/2019\\\/11\\\/12\\\/consulta-ciudadana-estas-de-acuerdo-con-la-llegada-de-evo-morales-a-mexico\\\/#breadcrumb\",\"itemListElement\":[{\"@type\":\"ListItem\",\"position\":1,\"name\":\"Inicio\",\"item\":\"https:\\\/\\\/redamlo.com\\\/\"},{\"@type\":\"ListItem\",\"position\":2,\"name\":\"Consulta Ciudadana \u00bfEstas de Acuerdo con la Llegada de Evo Morales a M\u00e9xico?\"}]},{\"@type\":\"WebSite\",\"@id\":\"https:\\\/\\\/redamlo.com\\\/#website\",\"url\":\"https:\\\/\\\/redamlo.com\\\/\",\"name\":\"NOTICIAS DE LA 4T\",\"description\":\"\",\"publisher\":{\"@id\":\"https:\\\/\\\/redamlo.com\\\/#organization\"},\"potentialAction\":[{\"@type\":\"SearchAction\",\"target\":{\"@type\":\"EntryPoint\",\"urlTemplate\":\"https:\\\/\\\/redamlo.com\\\/?s={search_term_string}\"},\"query-input\":{\"@type\":\"PropertyValueSpecification\",\"valueRequired\":true,\"valueName\":\"search_term_string\"}}],\"inLanguage\":\"es\"},{\"@type\":\"Organization\",\"@id\":\"https:\\\/\\\/redamlo.com\\\/#organization\",\"name\":\"NOTICIAS DE LA 4T\",\"url\":\"https:\\\/\\\/redamlo.com\\\/\",\"logo\":{\"@type\":\"ImageObject\",\"inLanguage\":\"es\",\"@id\":\"https:\\\/\\\/redamlo.com\\\/#\\\/schema\\\/logo\\\/image\\\/\",\"url\":\"https:\\\/\\\/redamlo.com\\\/wp-content\\\/uploads\\\/2024\\\/08\\\/cropped-RED-AMLO-logo-50.png\",\"contentUrl\":\"https:\\\/\\\/redamlo.com\\\/wp-content\\\/uploads\\\/2024\\\/08\\\/cropped-RED-AMLO-logo-50.png\",\"width\":256,\"height\":256,\"caption\":\"NOTICIAS DE LA 4T\"},\"image\":{\"@id\":\"https:\\\/\\\/redamlo.com\\\/#\\\/schema\\\/logo\\\/image\\\/\"}},{\"@type\":\"Person\",\"@id\":\"https:\\\/\\\/redamlo.com\\\/#\\\/schema\\\/person\\\/7223a4375eb8f1a782fcae010a7115cf\",\"name\":\"Blanca\",\"image\":{\"@type\":\"ImageObject\",\"inLanguage\":\"es\",\"@id\":\"https:\\\/\\\/secure.gravatar.com\\\/avatar\\\/3f79bc8336367a4e6093eae8757acaaf61d1124834b905616de7829b0273426d?s=96&d=mm&r=g\",\"url\":\"https:\\\/\\\/secure.gravatar.com\\\/avatar\\\/3f79bc8336367a4e6093eae8757acaaf61d1124834b905616de7829b0273426d?s=96&d=mm&r=g\",\"contentUrl\":\"https:\\\/\\\/secure.gravatar.com\\\/avatar\\\/3f79bc8336367a4e6093eae8757acaaf61d1124834b905616de7829b0273426d?s=96&d=mm&r=g\",\"caption\":\"Blanca\"},\"url\":\"https:\\\/\\\/redamlo.com\\\/index.php\\\/author\\\/blanca\\\/\"}]}<\/script>\n<!-- \/ Yoast SEO plugin. -->","yoast_head_json":{"title":"Consulta Ciudadana \u00bfEstas de Acuerdo con la Llegada de Evo Morales a M\u00e9xico? - NOTICIAS DE LA 4T","robots":{"index":"noindex","follow":"follow","max-snippet":"max-snippet:-1","max-image-preview":"max-image-preview:large","max-video-preview":"max-video-preview:-1"},"og_locale":"es_MX","og_type":"article","og_title":"Consulta Ciudadana \u00bfEstas de Acuerdo con la Llegada de Evo Morales a M\u00e9xico? - NOTICIAS DE LA 4T","og_description":"Ciudad de M\u00e9xico a 12 de Noviembre 2019 (Cdmx Press).- El d\u00eda de hoy el...","og_url":"https:\/\/redamlo.com\/index.php\/2019\/11\/12\/consulta-ciudadana-estas-de-acuerdo-con-la-llegada-de-evo-morales-a-mexico\/","og_site_name":"NOTICIAS DE LA 4T","article_published_time":"2019-11-12T18:29:44+00:00","og_image":[{"width":958,"height":596,"url":"https:\/\/redamlo.com\/wp-content\/uploads\/2019\/11\/EVO-MORALES-ES-RECIBIDO-EN-MEXICO-POR-MARCELO-EBRAD.jpg","type":"image\/jpeg"}],"author":"Blanca","twitter_card":"summary_large_image","twitter_misc":{"Escrito por":"Blanca","Tiempo de lectura":"1 minuto"},"schema":{"@context":"https:\/\/schema.org","@graph":[{"@type":"Article","@id":"https:\/\/redamlo.com\/index.php\/2019\/11\/12\/consulta-ciudadana-estas-de-acuerdo-con-la-llegada-de-evo-morales-a-mexico\/#article","isPartOf":{"@id":"https:\/\/redamlo.com\/index.php\/2019\/11\/12\/consulta-ciudadana-estas-de-acuerdo-con-la-llegada-de-evo-morales-a-mexico\/"},"author":{"name":"Blanca","@id":"https:\/\/redamlo.com\/#\/schema\/person\/7223a4375eb8f1a782fcae010a7115cf"},"headline":"Consulta Ciudadana \u00bfEstas de Acuerdo con la Llegada de Evo Morales a M\u00e9xico?","datePublished":"2019-11-12T18:29:44+00:00","mainEntityOfPage":{"@id":"https:\/\/redamlo.com\/index.php\/2019\/11\/12\/consulta-ciudadana-estas-de-acuerdo-con-la-llegada-de-evo-morales-a-mexico\/"},"wordCount":234,"commentCount":0,"publisher":{"@id":"https:\/\/redamlo.com\/#organization"},"image":{"@id":"https:\/\/redamlo.com\/index.php\/2019\/11\/12\/consulta-ciudadana-estas-de-acuerdo-con-la-llegada-de-evo-morales-a-mexico\/#primaryimage"},"thumbnailUrl":"https:\/\/redamlo.com\/wp-content\/uploads\/2019\/11\/EVO-MORALES-ES-RECIBIDO-EN-MEXICO-POR-MARCELO-EBRAD.jpg","articleSection":["Internacionales","Presidencia"],"inLanguage":"es","potentialAction":[{"@type":"CommentAction","name":"Comment","target":["https:\/\/redamlo.com\/index.php\/2019\/11\/12\/consulta-ciudadana-estas-de-acuerdo-con-la-llegada-de-evo-morales-a-mexico\/#respond"]}]},{"@type":"WebPage","@id":"https:\/\/redamlo.com\/index.php\/2019\/11\/12\/consulta-ciudadana-estas-de-acuerdo-con-la-llegada-de-evo-morales-a-mexico\/","url":"https:\/\/redamlo.com\/index.php\/2019\/11\/12\/consulta-ciudadana-estas-de-acuerdo-con-la-llegada-de-evo-morales-a-mexico\/","name":"Consulta Ciudadana \u00bfEstas de Acuerdo con la Llegada de Evo Morales a M\u00e9xico? - NOTICIAS DE LA 4T","isPartOf":{"@id":"https:\/\/redamlo.com\/#website"},"primaryImageOfPage":{"@id":"https:\/\/redamlo.com\/index.php\/2019\/11\/12\/consulta-ciudadana-estas-de-acuerdo-con-la-llegada-de-evo-morales-a-mexico\/#primaryimage"},"image":{"@id":"https:\/\/redamlo.com\/index.php\/2019\/11\/12\/consulta-ciudadana-estas-de-acuerdo-con-la-llegada-de-evo-morales-a-mexico\/#primaryimage"},"thumbnailUrl":"https:\/\/redamlo.com\/wp-content\/uploads\/2019\/11\/EVO-MORALES-ES-RECIBIDO-EN-MEXICO-POR-MARCELO-EBRAD.jpg","datePublished":"2019-11-12T18:29:44+00:00","breadcrumb":{"@id":"https:\/\/redamlo.com\/index.php\/2019\/11\/12\/consulta-ciudadana-estas-de-acuerdo-con-la-llegada-de-evo-morales-a-mexico\/#breadcrumb"},"inLanguage":"es","potentialAction":[{"@type":"ReadAction","target":["https:\/\/redamlo.com\/index.php\/2019\/11\/12\/consulta-ciudadana-estas-de-acuerdo-con-la-llegada-de-evo-morales-a-mexico\/"]}]},{"@type":"ImageObject","inLanguage":"es","@id":"https:\/\/redamlo.com\/index.php\/2019\/11\/12\/consulta-ciudadana-estas-de-acuerdo-con-la-llegada-de-evo-morales-a-mexico\/#primaryimage","url":"https:\/\/redamlo.com\/wp-content\/uploads\/2019\/11\/EVO-MORALES-ES-RECIBIDO-EN-MEXICO-POR-MARCELO-EBRAD.jpg","contentUrl":"https:\/\/redamlo.com\/wp-content\/uploads\/2019\/11\/EVO-MORALES-ES-RECIBIDO-EN-MEXICO-POR-MARCELO-EBRAD.jpg","width":958,"height":596},{"@type":"BreadcrumbList","@id":"https:\/\/redamlo.com\/index.php\/2019\/11\/12\/consulta-ciudadana-estas-de-acuerdo-con-la-llegada-de-evo-morales-a-mexico\/#breadcrumb","itemListElement":[{"@type":"ListItem","position":1,"name":"Inicio","item":"https:\/\/redamlo.com\/"},{"@type":"ListItem","position":2,"name":"Consulta Ciudadana \u00bfEstas de Acuerdo con la Llegada de Evo Morales a M\u00e9xico?"}]},{"@type":"WebSite","@id":"https:\/\/redamlo.com\/#website","url":"https:\/\/redamlo.com\/","name":"NOTICIAS DE LA 4T","description":"","publisher":{"@id":"https:\/\/redamlo.com\/#organization"},"potentialAction":[{"@type":"SearchAction","target":{"@type":"EntryPoint","urlTemplate":"https:\/\/redamlo.com\/?s={search_term_string}"},"query-input":{"@type":"PropertyValueSpecification","valueRequired":true,"valueName":"search_term_string"}}],"inLanguage":"es"},{"@type":"Organization","@id":"https:\/\/redamlo.com\/#organization","name":"NOTICIAS DE LA 4T","url":"https:\/\/redamlo.com\/","logo":{"@type":"ImageObject","inLanguage":"es","@id":"https:\/\/redamlo.com\/#\/schema\/logo\/image\/","url":"https:\/\/redamlo.com\/wp-content\/uploads\/2024\/08\/cropped-RED-AMLO-logo-50.png","contentUrl":"https:\/\/redamlo.com\/wp-content\/uploads\/2024\/08\/cropped-RED-AMLO-logo-50.png","width":256,"height":256,"caption":"NOTICIAS DE LA 4T"},"image":{"@id":"https:\/\/redamlo.com\/#\/schema\/logo\/image\/"}},{"@type":"Person","@id":"https:\/\/redamlo.com\/#\/schema\/person\/7223a4375eb8f1a782fcae010a7115cf","name":"Blanca","image":{"@type":"ImageObject","inLanguage":"es","@id":"https:\/\/secure.gravatar.com\/avatar\/3f79bc8336367a4e6093eae8757acaaf61d1124834b905616de7829b0273426d?s=96&d=mm&r=g","url":"https:\/\/secure.gravatar.com\/avatar\/3f79bc8336367a4e6093eae8757acaaf61d1124834b905616de7829b0273426d?s=96&d=mm&r=g","contentUrl":"https:\/\/secure.gravatar.com\/avatar\/3f79bc8336367a4e6093eae8757acaaf61d1124834b905616de7829b0273426d?s=96&d=mm&r=g","caption":"Blanca"},"url":"https:\/\/redamlo.com\/index.php\/author\/blanca\/"}]}},"_links":{"self":[{"href":"https:\/\/redamlo.com\/index.php\/wp-json\/wp\/v2\/posts\/696","targetHints":{"allow":["GET"]}}],"collection":[{"href":"https:\/\/redamlo.com\/index.php\/wp-json\/wp\/v2\/posts"}],"about":[{"href":"https:\/\/redamlo.com\/index.php\/wp-json\/wp\/v2\/types\/post"}],"author":[{"embeddable":true,"href":"https:\/\/redamlo.com\/index.php\/wp-json\/wp\/v2\/users\/2"}],"replies":[{"embeddable":true,"href":"https:\/\/redamlo.com\/index.php\/wp-json\/wp\/v2\/comments?post=696"}],"version-history":[{"count":0,"href":"https:\/\/redamlo.com\/index.php\/wp-json\/wp\/v2\/posts\/696\/revisions"}],"wp:featuredmedia":[{"embeddable":true,"href":"https:\/\/redamlo.com\/index.php\/wp-json\/wp\/v2\/media\/698"}],"wp:attachment":[{"href":"https:\/\/redamlo.com\/index.php\/wp-json\/wp\/v2\/media?parent=696"}],"wp:term":[{"taxonomy":"category","embeddable":true,"href":"https:\/\/redamlo.com\/index.php\/wp-json\/wp\/v2\/categories?post=696"},{"taxonomy":"post_tag","embeddable":true,"href":"https:\/\/redamlo.com\/index.php\/wp-json\/wp\/v2\/tags?post=696"}],"curies":[{"name":"wp","href":"https:\/\/api.w.org\/{rel}","templated":true}]}}