{"id":6953,"date":"2023-06-25T18:09:17","date_gmt":"2023-06-26T00:09:17","guid":{"rendered":"https:\/\/redamlo.com\/?p=6953"},"modified":"2023-06-25T18:09:17","modified_gmt":"2023-06-26T00:09:17","slug":"amlo-llama-a-replicar-en-la-sociedad-humanismo-y-unidad-de-las-comunidades-indigenas-inaugura-camino-artesanal-en-oaxaca","status":"publish","type":"post","link":"https:\/\/redamlo.com\/index.php\/2023\/06\/25\/amlo-llama-a-replicar-en-la-sociedad-humanismo-y-unidad-de-las-comunidades-indigenas-inaugura-camino-artesanal-en-oaxaca\/","title":{"rendered":"AMLO LLAMA A REPLICAR EN LA SOCIEDAD HUMANISMO Y UNIDAD DE LAS COMUNIDADES IND\u00cdGENAS; INAUGURA CAMINO ARTESANAL EN OAXACA"},"content":{"rendered":"<p>Al encabezar la inauguraci\u00f3n del camino rural Coatecas Altas a San Juan Lachigalla, en Oaxaca, el presidente Andr\u00e9s Manuel L\u00f3pez Obrador reconoci\u00f3 el humanismo de las comunidades ind\u00edgenas; sostuvo que es fundamental aplicar su experiencia y principios en la sociedad actual.<\/p>\n<blockquote><p>\u201cC\u00f3mo trabajan unidos, lo que es la organizaci\u00f3n social, lo que es el servicio a la comunidad, lo que es la ayuda mutua, lo que es el amor al pr\u00f3jimo\u201d, expres\u00f3.<\/p><\/blockquote>\n<p>Acompa\u00f1ado de integrantes del Gabinete, el jefe del Ejecutivo indic\u00f3 que en las personas, independientemente de su ocupaci\u00f3n, debe prevalecer el humanismo y ese es uno de los objetivos del Gobierno de la Cuarta Transformaci\u00f3n.<\/p>\n<p><iframe loading=\"lazy\" title=\"Inauguraci\u00f3n del camino rural Coatecas Altas - San Juan Lachigalla, Oaxaca\" width=\"640\" height=\"360\" src=\"https:\/\/www.youtube.com\/embed\/2vpAI-82dos?feature=oembed\" frameborder=\"0\" allow=\"accelerometer; autoplay; clipboard-write; encrypted-media; gyroscope; picture-in-picture; web-share\" referrerpolicy=\"strict-origin-when-cross-origin\" allowfullscreen><\/iframe><\/p>\n<p>El secretario de Infraestructura, Comunicaciones y Transportes, Jorge Nu\u00f1o Lara, detall\u00f3 que el camino rural Coatecas Altas a San Juan Lachigalla consta de 18 kil\u00f3metros y se construy\u00f3 con una inversi\u00f3n de 84 millones de pesos; gener\u00f3 350 empleos directos y 525 indirectos.<\/p>\n<p>El director general del Instituto Nacional de los Pueblos Ind\u00edgenas (INPI), Adelfo Regino Montes, inform\u00f3 que en Oaxaca se han concluido 140 caminos de mano de obra local con una inversi\u00f3n aproximada de 9 mil 600 millones de pesos.<\/p>\n<p>En 2023 la meta es terminar 56 caminos, lo que significa una inversi\u00f3n de 2 mil 670 millones de pesos.<\/p>\n<p>El director del INPI, agreg\u00f3 que el Gobierno de M\u00e9xico da atenci\u00f3n especial a once caminos con alto grado de dificultad debido a que son caminos largos y tienen alguna problem\u00e1tica social y agraria.<\/p>\n<blockquote><p>\u201cEstaremos comunicando a 222 cabeceras municipales cumpliendo con su compromiso, se\u00f1or presidente, de comunicar a los 570 municipios del estado de Oaxaca\u201d, asegur\u00f3.<\/p><\/blockquote>\n<p>El funcionario resalt\u00f3 el trabajo de los comit\u00e9s de caminos, alba\u00f1iles e integrantes de las comunidades que hacen posible la implementaci\u00f3n del Programa de Pavimentaci\u00f3n de Caminos a Cabeceras Municipales.<\/p>\n<p>Durante la asamblea, el presidente L\u00f3pez Obrador agradeci\u00f3 a las y los connacionales en Estados Unidos que env\u00edan remesas a sus familiares, las cuales estim\u00f3 llegar\u00e1n hasta los 60 mil millones de d\u00f3lares en 2023.<\/p>\n<p>En materia educativa record\u00f3 que ning\u00fan maestro o maestra de M\u00e9xico ganar\u00e1 menos de 16 mil pesos al mes, en cumplimiento al compromiso de garantizar justicia laboral y mejores salarios.<\/p>\n<p>El desarrollo en el campo, dijo, se impulsa a partir del programa Sembrando Vida, fuente de empleo para 440 mil sembradores, quienes cultivan m\u00e1s de un mill\u00f3n de hect\u00e1reas con alrededor de mil mill\u00f3n de \u00e1rboles frutales y maderables. Adem\u00e1s, en Oaxaca la federaci\u00f3n ya entrega fertilizantes gratuitos.<\/p>\n<p>El presidente confi\u00f3 en que las acciones en beneficio del pueblo continuar\u00e1n cuando termine el Gobierno de la Cuarta Transformaci\u00f3n.<\/p>\n<blockquote><p>\u201cVa a haber un relevo y estoy seguro que va a seguir la transformaci\u00f3n porque la gente lo quiere en todo M\u00e9xico\u201d, subray\u00f3.<\/p><\/blockquote>\n<p>Asistieron al evento, el gobernador de Oaxaca, Salom\u00f3n Jara Cruz; el subsecretario de Egresos de la Secretar\u00eda de Hacienda y Cr\u00e9dito P\u00fablico, Juan Pablo De Botton Falc\u00f3n; el director general del Banco Nacional de Obras y Servicios (Banobras), Jorge Mendoza S\u00e1nchez; la presidenta municipal de San Juan Lachigalla, Elo\u00edsa Melchor Ruiz y el presidente municipal de Coatecas Altas, Pedro Sim\u00f3n Reyes.<\/p>\n<p>&nbsp;<\/p>\n","protected":false},"excerpt":{"rendered":"<p>Al encabezar la inauguraci\u00f3n del camino rural Coatecas Altas a San Juan Lachigalla, en Oaxaca,&#8230;<\/p>\n","protected":false},"author":1,"featured_media":6954,"comment_status":"open","ping_status":"closed","sticky":false,"template":"","format":"standard","meta":{"footnotes":""},"categories":[27],"tags":[84,2531],"class_list":["post-6953","post","type-post","status-publish","format-standard","has-post-thumbnail","hentry","category-presidencia","tag-amlo","tag-camino-artesanal-oaxaca"],"yoast_head":"<!-- This site is optimized with the Yoast SEO plugin v27.5 - https:\/\/yoast.com\/product\/yoast-seo-wordpress\/ -->\n<title>AMLO LLAMA A REPLICAR EN LA SOCIEDAD HUMANISMO Y UNIDAD DE LAS COMUNIDADES IND\u00cdGENAS; INAUGURA CAMINO ARTESANAL EN OAXACA - NOTICIAS DE LA 4T<\/title>\n<meta name=\"robots\" content=\"noindex, follow, max-snippet:-1, max-image-preview:large, max-video-preview:-1\" \/>\n<meta property=\"og:locale\" content=\"es_MX\" \/>\n<meta property=\"og:type\" content=\"article\" \/>\n<meta property=\"og:title\" content=\"AMLO LLAMA A REPLICAR EN LA SOCIEDAD HUMANISMO Y UNIDAD DE LAS COMUNIDADES IND\u00cdGENAS; INAUGURA CAMINO ARTESANAL EN OAXACA - NOTICIAS DE LA 4T\" \/>\n<meta property=\"og:description\" content=\"Al encabezar la inauguraci\u00f3n del camino rural Coatecas Altas a San Juan Lachigalla, en Oaxaca,...\" \/>\n<meta property=\"og:url\" content=\"https:\/\/redamlo.com\/index.php\/2023\/06\/25\/amlo-llama-a-replicar-en-la-sociedad-humanismo-y-unidad-de-las-comunidades-indigenas-inaugura-camino-artesanal-en-oaxaca\/\" \/>\n<meta property=\"og:site_name\" content=\"NOTICIAS DE LA 4T\" \/>\n<meta property=\"article:published_time\" content=\"2023-06-26T00:09:17+00:00\" \/>\n<meta property=\"og:image\" content=\"https:\/\/redamlo.com\/wp-content\/uploads\/2023\/06\/2023-06-25-Presidente-AMLO-camino-rural-Coatecas-Altas-San-Juan-Lachigalla-Oaxaca-Foto-13.jpg\" \/>\n\t<meta property=\"og:image:width\" content=\"1500\" \/>\n\t<meta property=\"og:image:height\" content=\"1000\" \/>\n\t<meta property=\"og:image:type\" content=\"image\/jpeg\" \/>\n<meta name=\"author\" content=\"admin\" \/>\n<meta name=\"twitter:card\" content=\"summary_large_image\" \/>\n<meta name=\"twitter:label1\" content=\"Escrito por\" \/>\n\t<meta name=\"twitter:data1\" content=\"admin\" \/>\n\t<meta name=\"twitter:label2\" content=\"Tiempo de lectura\" \/>\n\t<meta name=\"twitter:data2\" content=\"3 minutos\" \/>\n<script type=\"application\/ld+json\" class=\"yoast-schema-graph\">{\"@context\":\"https:\\\/\\\/schema.org\",\"@graph\":[{\"@type\":\"Article\",\"@id\":\"https:\\\/\\\/redamlo.com\\\/index.php\\\/2023\\\/06\\\/25\\\/amlo-llama-a-replicar-en-la-sociedad-humanismo-y-unidad-de-las-comunidades-indigenas-inaugura-camino-artesanal-en-oaxaca\\\/#article\",\"isPartOf\":{\"@id\":\"https:\\\/\\\/redamlo.com\\\/index.php\\\/2023\\\/06\\\/25\\\/amlo-llama-a-replicar-en-la-sociedad-humanismo-y-unidad-de-las-comunidades-indigenas-inaugura-camino-artesanal-en-oaxaca\\\/\"},\"author\":{\"name\":\"admin\",\"@id\":\"https:\\\/\\\/redamlo.com\\\/#\\\/schema\\\/person\\\/197a0a670d21b1f4f1483ddda1b64613\"},\"headline\":\"AMLO LLAMA A REPLICAR EN LA SOCIEDAD HUMANISMO Y UNIDAD DE LAS COMUNIDADES IND\u00cdGENAS; INAUGURA CAMINO ARTESANAL EN OAXACA\",\"datePublished\":\"2023-06-26T00:09:17+00:00\",\"mainEntityOfPage\":{\"@id\":\"https:\\\/\\\/redamlo.com\\\/index.php\\\/2023\\\/06\\\/25\\\/amlo-llama-a-replicar-en-la-sociedad-humanismo-y-unidad-de-las-comunidades-indigenas-inaugura-camino-artesanal-en-oaxaca\\\/\"},\"wordCount\":573,\"commentCount\":0,\"publisher\":{\"@id\":\"https:\\\/\\\/redamlo.com\\\/#organization\"},\"image\":{\"@id\":\"https:\\\/\\\/redamlo.com\\\/index.php\\\/2023\\\/06\\\/25\\\/amlo-llama-a-replicar-en-la-sociedad-humanismo-y-unidad-de-las-comunidades-indigenas-inaugura-camino-artesanal-en-oaxaca\\\/#primaryimage\"},\"thumbnailUrl\":\"https:\\\/\\\/redamlo.com\\\/wp-content\\\/uploads\\\/2023\\\/06\\\/2023-06-25-Presidente-AMLO-camino-rural-Coatecas-Altas-San-Juan-Lachigalla-Oaxaca-Foto-13.jpg\",\"keywords\":[\"AMLO\",\"camino artesanal oaxaca\"],\"articleSection\":[\"Presidencia\"],\"inLanguage\":\"es\",\"potentialAction\":[{\"@type\":\"CommentAction\",\"name\":\"Comment\",\"target\":[\"https:\\\/\\\/redamlo.com\\\/index.php\\\/2023\\\/06\\\/25\\\/amlo-llama-a-replicar-en-la-sociedad-humanismo-y-unidad-de-las-comunidades-indigenas-inaugura-camino-artesanal-en-oaxaca\\\/#respond\"]}]},{\"@type\":\"WebPage\",\"@id\":\"https:\\\/\\\/redamlo.com\\\/index.php\\\/2023\\\/06\\\/25\\\/amlo-llama-a-replicar-en-la-sociedad-humanismo-y-unidad-de-las-comunidades-indigenas-inaugura-camino-artesanal-en-oaxaca\\\/\",\"url\":\"https:\\\/\\\/redamlo.com\\\/index.php\\\/2023\\\/06\\\/25\\\/amlo-llama-a-replicar-en-la-sociedad-humanismo-y-unidad-de-las-comunidades-indigenas-inaugura-camino-artesanal-en-oaxaca\\\/\",\"name\":\"AMLO LLAMA A REPLICAR EN LA SOCIEDAD HUMANISMO Y UNIDAD DE LAS COMUNIDADES IND\u00cdGENAS; INAUGURA CAMINO ARTESANAL EN OAXACA - NOTICIAS DE LA 4T\",\"isPartOf\":{\"@id\":\"https:\\\/\\\/redamlo.com\\\/#website\"},\"primaryImageOfPage\":{\"@id\":\"https:\\\/\\\/redamlo.com\\\/index.php\\\/2023\\\/06\\\/25\\\/amlo-llama-a-replicar-en-la-sociedad-humanismo-y-unidad-de-las-comunidades-indigenas-inaugura-camino-artesanal-en-oaxaca\\\/#primaryimage\"},\"image\":{\"@id\":\"https:\\\/\\\/redamlo.com\\\/index.php\\\/2023\\\/06\\\/25\\\/amlo-llama-a-replicar-en-la-sociedad-humanismo-y-unidad-de-las-comunidades-indigenas-inaugura-camino-artesanal-en-oaxaca\\\/#primaryimage\"},\"thumbnailUrl\":\"https:\\\/\\\/redamlo.com\\\/wp-content\\\/uploads\\\/2023\\\/06\\\/2023-06-25-Presidente-AMLO-camino-rural-Coatecas-Altas-San-Juan-Lachigalla-Oaxaca-Foto-13.jpg\",\"datePublished\":\"2023-06-26T00:09:17+00:00\",\"breadcrumb\":{\"@id\":\"https:\\\/\\\/redamlo.com\\\/index.php\\\/2023\\\/06\\\/25\\\/amlo-llama-a-replicar-en-la-sociedad-humanismo-y-unidad-de-las-comunidades-indigenas-inaugura-camino-artesanal-en-oaxaca\\\/#breadcrumb\"},\"inLanguage\":\"es\",\"potentialAction\":[{\"@type\":\"ReadAction\",\"target\":[\"https:\\\/\\\/redamlo.com\\\/index.php\\\/2023\\\/06\\\/25\\\/amlo-llama-a-replicar-en-la-sociedad-humanismo-y-unidad-de-las-comunidades-indigenas-inaugura-camino-artesanal-en-oaxaca\\\/\"]}]},{\"@type\":\"ImageObject\",\"inLanguage\":\"es\",\"@id\":\"https:\\\/\\\/redamlo.com\\\/index.php\\\/2023\\\/06\\\/25\\\/amlo-llama-a-replicar-en-la-sociedad-humanismo-y-unidad-de-las-comunidades-indigenas-inaugura-camino-artesanal-en-oaxaca\\\/#primaryimage\",\"url\":\"https:\\\/\\\/redamlo.com\\\/wp-content\\\/uploads\\\/2023\\\/06\\\/2023-06-25-Presidente-AMLO-camino-rural-Coatecas-Altas-San-Juan-Lachigalla-Oaxaca-Foto-13.jpg\",\"contentUrl\":\"https:\\\/\\\/redamlo.com\\\/wp-content\\\/uploads\\\/2023\\\/06\\\/2023-06-25-Presidente-AMLO-camino-rural-Coatecas-Altas-San-Juan-Lachigalla-Oaxaca-Foto-13.jpg\",\"width\":1500,\"height\":1000},{\"@type\":\"BreadcrumbList\",\"@id\":\"https:\\\/\\\/redamlo.com\\\/index.php\\\/2023\\\/06\\\/25\\\/amlo-llama-a-replicar-en-la-sociedad-humanismo-y-unidad-de-las-comunidades-indigenas-inaugura-camino-artesanal-en-oaxaca\\\/#breadcrumb\",\"itemListElement\":[{\"@type\":\"ListItem\",\"position\":1,\"name\":\"Inicio\",\"item\":\"https:\\\/\\\/redamlo.com\\\/\"},{\"@type\":\"ListItem\",\"position\":2,\"name\":\"AMLO LLAMA A REPLICAR EN LA SOCIEDAD HUMANISMO Y UNIDAD DE LAS COMUNIDADES IND\u00cdGENAS; INAUGURA CAMINO ARTESANAL EN OAXACA\"}]},{\"@type\":\"WebSite\",\"@id\":\"https:\\\/\\\/redamlo.com\\\/#website\",\"url\":\"https:\\\/\\\/redamlo.com\\\/\",\"name\":\"NOTICIAS DE LA 4T\",\"description\":\"\",\"publisher\":{\"@id\":\"https:\\\/\\\/redamlo.com\\\/#organization\"},\"potentialAction\":[{\"@type\":\"SearchAction\",\"target\":{\"@type\":\"EntryPoint\",\"urlTemplate\":\"https:\\\/\\\/redamlo.com\\\/?s={search_term_string}\"},\"query-input\":{\"@type\":\"PropertyValueSpecification\",\"valueRequired\":true,\"valueName\":\"search_term_string\"}}],\"inLanguage\":\"es\"},{\"@type\":\"Organization\",\"@id\":\"https:\\\/\\\/redamlo.com\\\/#organization\",\"name\":\"NOTICIAS DE LA 4T\",\"url\":\"https:\\\/\\\/redamlo.com\\\/\",\"logo\":{\"@type\":\"ImageObject\",\"inLanguage\":\"es\",\"@id\":\"https:\\\/\\\/redamlo.com\\\/#\\\/schema\\\/logo\\\/image\\\/\",\"url\":\"https:\\\/\\\/redamlo.com\\\/wp-content\\\/uploads\\\/2024\\\/08\\\/cropped-RED-AMLO-logo-50.png\",\"contentUrl\":\"https:\\\/\\\/redamlo.com\\\/wp-content\\\/uploads\\\/2024\\\/08\\\/cropped-RED-AMLO-logo-50.png\",\"width\":256,\"height\":256,\"caption\":\"NOTICIAS DE LA 4T\"},\"image\":{\"@id\":\"https:\\\/\\\/redamlo.com\\\/#\\\/schema\\\/logo\\\/image\\\/\"}},{\"@type\":\"Person\",\"@id\":\"https:\\\/\\\/redamlo.com\\\/#\\\/schema\\\/person\\\/197a0a670d21b1f4f1483ddda1b64613\",\"name\":\"admin\",\"image\":{\"@type\":\"ImageObject\",\"inLanguage\":\"es\",\"@id\":\"https:\\\/\\\/secure.gravatar.com\\\/avatar\\\/293dccd927043f2e641da6685c2f84009782eb9ee0054daceada4e261ded849a?s=96&d=mm&r=g\",\"url\":\"https:\\\/\\\/secure.gravatar.com\\\/avatar\\\/293dccd927043f2e641da6685c2f84009782eb9ee0054daceada4e261ded849a?s=96&d=mm&r=g\",\"contentUrl\":\"https:\\\/\\\/secure.gravatar.com\\\/avatar\\\/293dccd927043f2e641da6685c2f84009782eb9ee0054daceada4e261ded849a?s=96&d=mm&r=g\",\"caption\":\"admin\"},\"sameAs\":[\"https:\\\/\\\/redamlo.com\"],\"url\":\"https:\\\/\\\/redamlo.com\\\/index.php\\\/author\\\/stell\\\/\"}]}<\/script>\n<!-- \/ Yoast SEO plugin. -->","yoast_head_json":{"title":"AMLO LLAMA A REPLICAR EN LA SOCIEDAD HUMANISMO Y UNIDAD DE LAS COMUNIDADES IND\u00cdGENAS; INAUGURA CAMINO ARTESANAL EN OAXACA - NOTICIAS DE LA 4T","robots":{"index":"noindex","follow":"follow","max-snippet":"max-snippet:-1","max-image-preview":"max-image-preview:large","max-video-preview":"max-video-preview:-1"},"og_locale":"es_MX","og_type":"article","og_title":"AMLO LLAMA A REPLICAR EN LA SOCIEDAD HUMANISMO Y UNIDAD DE LAS COMUNIDADES IND\u00cdGENAS; INAUGURA CAMINO ARTESANAL EN OAXACA - NOTICIAS DE LA 4T","og_description":"Al encabezar la inauguraci\u00f3n del camino rural Coatecas Altas a San Juan Lachigalla, en Oaxaca,...","og_url":"https:\/\/redamlo.com\/index.php\/2023\/06\/25\/amlo-llama-a-replicar-en-la-sociedad-humanismo-y-unidad-de-las-comunidades-indigenas-inaugura-camino-artesanal-en-oaxaca\/","og_site_name":"NOTICIAS DE LA 4T","article_published_time":"2023-06-26T00:09:17+00:00","og_image":[{"width":1500,"height":1000,"url":"https:\/\/redamlo.com\/wp-content\/uploads\/2023\/06\/2023-06-25-Presidente-AMLO-camino-rural-Coatecas-Altas-San-Juan-Lachigalla-Oaxaca-Foto-13.jpg","type":"image\/jpeg"}],"author":"admin","twitter_card":"summary_large_image","twitter_misc":{"Escrito por":"admin","Tiempo de lectura":"3 minutos"},"schema":{"@context":"https:\/\/schema.org","@graph":[{"@type":"Article","@id":"https:\/\/redamlo.com\/index.php\/2023\/06\/25\/amlo-llama-a-replicar-en-la-sociedad-humanismo-y-unidad-de-las-comunidades-indigenas-inaugura-camino-artesanal-en-oaxaca\/#article","isPartOf":{"@id":"https:\/\/redamlo.com\/index.php\/2023\/06\/25\/amlo-llama-a-replicar-en-la-sociedad-humanismo-y-unidad-de-las-comunidades-indigenas-inaugura-camino-artesanal-en-oaxaca\/"},"author":{"name":"admin","@id":"https:\/\/redamlo.com\/#\/schema\/person\/197a0a670d21b1f4f1483ddda1b64613"},"headline":"AMLO LLAMA A REPLICAR EN LA SOCIEDAD HUMANISMO Y UNIDAD DE LAS COMUNIDADES IND\u00cdGENAS; INAUGURA CAMINO ARTESANAL EN OAXACA","datePublished":"2023-06-26T00:09:17+00:00","mainEntityOfPage":{"@id":"https:\/\/redamlo.com\/index.php\/2023\/06\/25\/amlo-llama-a-replicar-en-la-sociedad-humanismo-y-unidad-de-las-comunidades-indigenas-inaugura-camino-artesanal-en-oaxaca\/"},"wordCount":573,"commentCount":0,"publisher":{"@id":"https:\/\/redamlo.com\/#organization"},"image":{"@id":"https:\/\/redamlo.com\/index.php\/2023\/06\/25\/amlo-llama-a-replicar-en-la-sociedad-humanismo-y-unidad-de-las-comunidades-indigenas-inaugura-camino-artesanal-en-oaxaca\/#primaryimage"},"thumbnailUrl":"https:\/\/redamlo.com\/wp-content\/uploads\/2023\/06\/2023-06-25-Presidente-AMLO-camino-rural-Coatecas-Altas-San-Juan-Lachigalla-Oaxaca-Foto-13.jpg","keywords":["AMLO","camino artesanal oaxaca"],"articleSection":["Presidencia"],"inLanguage":"es","potentialAction":[{"@type":"CommentAction","name":"Comment","target":["https:\/\/redamlo.com\/index.php\/2023\/06\/25\/amlo-llama-a-replicar-en-la-sociedad-humanismo-y-unidad-de-las-comunidades-indigenas-inaugura-camino-artesanal-en-oaxaca\/#respond"]}]},{"@type":"WebPage","@id":"https:\/\/redamlo.com\/index.php\/2023\/06\/25\/amlo-llama-a-replicar-en-la-sociedad-humanismo-y-unidad-de-las-comunidades-indigenas-inaugura-camino-artesanal-en-oaxaca\/","url":"https:\/\/redamlo.com\/index.php\/2023\/06\/25\/amlo-llama-a-replicar-en-la-sociedad-humanismo-y-unidad-de-las-comunidades-indigenas-inaugura-camino-artesanal-en-oaxaca\/","name":"AMLO LLAMA A REPLICAR EN LA SOCIEDAD HUMANISMO Y UNIDAD DE LAS COMUNIDADES IND\u00cdGENAS; INAUGURA CAMINO ARTESANAL EN OAXACA - NOTICIAS DE LA 4T","isPartOf":{"@id":"https:\/\/redamlo.com\/#website"},"primaryImageOfPage":{"@id":"https:\/\/redamlo.com\/index.php\/2023\/06\/25\/amlo-llama-a-replicar-en-la-sociedad-humanismo-y-unidad-de-las-comunidades-indigenas-inaugura-camino-artesanal-en-oaxaca\/#primaryimage"},"image":{"@id":"https:\/\/redamlo.com\/index.php\/2023\/06\/25\/amlo-llama-a-replicar-en-la-sociedad-humanismo-y-unidad-de-las-comunidades-indigenas-inaugura-camino-artesanal-en-oaxaca\/#primaryimage"},"thumbnailUrl":"https:\/\/redamlo.com\/wp-content\/uploads\/2023\/06\/2023-06-25-Presidente-AMLO-camino-rural-Coatecas-Altas-San-Juan-Lachigalla-Oaxaca-Foto-13.jpg","datePublished":"2023-06-26T00:09:17+00:00","breadcrumb":{"@id":"https:\/\/redamlo.com\/index.php\/2023\/06\/25\/amlo-llama-a-replicar-en-la-sociedad-humanismo-y-unidad-de-las-comunidades-indigenas-inaugura-camino-artesanal-en-oaxaca\/#breadcrumb"},"inLanguage":"es","potentialAction":[{"@type":"ReadAction","target":["https:\/\/redamlo.com\/index.php\/2023\/06\/25\/amlo-llama-a-replicar-en-la-sociedad-humanismo-y-unidad-de-las-comunidades-indigenas-inaugura-camino-artesanal-en-oaxaca\/"]}]},{"@type":"ImageObject","inLanguage":"es","@id":"https:\/\/redamlo.com\/index.php\/2023\/06\/25\/amlo-llama-a-replicar-en-la-sociedad-humanismo-y-unidad-de-las-comunidades-indigenas-inaugura-camino-artesanal-en-oaxaca\/#primaryimage","url":"https:\/\/redamlo.com\/wp-content\/uploads\/2023\/06\/2023-06-25-Presidente-AMLO-camino-rural-Coatecas-Altas-San-Juan-Lachigalla-Oaxaca-Foto-13.jpg","contentUrl":"https:\/\/redamlo.com\/wp-content\/uploads\/2023\/06\/2023-06-25-Presidente-AMLO-camino-rural-Coatecas-Altas-San-Juan-Lachigalla-Oaxaca-Foto-13.jpg","width":1500,"height":1000},{"@type":"BreadcrumbList","@id":"https:\/\/redamlo.com\/index.php\/2023\/06\/25\/amlo-llama-a-replicar-en-la-sociedad-humanismo-y-unidad-de-las-comunidades-indigenas-inaugura-camino-artesanal-en-oaxaca\/#breadcrumb","itemListElement":[{"@type":"ListItem","position":1,"name":"Inicio","item":"https:\/\/redamlo.com\/"},{"@type":"ListItem","position":2,"name":"AMLO LLAMA A REPLICAR EN LA SOCIEDAD HUMANISMO Y UNIDAD DE LAS COMUNIDADES IND\u00cdGENAS; INAUGURA CAMINO ARTESANAL EN OAXACA"}]},{"@type":"WebSite","@id":"https:\/\/redamlo.com\/#website","url":"https:\/\/redamlo.com\/","name":"NOTICIAS DE LA 4T","description":"","publisher":{"@id":"https:\/\/redamlo.com\/#organization"},"potentialAction":[{"@type":"SearchAction","target":{"@type":"EntryPoint","urlTemplate":"https:\/\/redamlo.com\/?s={search_term_string}"},"query-input":{"@type":"PropertyValueSpecification","valueRequired":true,"valueName":"search_term_string"}}],"inLanguage":"es"},{"@type":"Organization","@id":"https:\/\/redamlo.com\/#organization","name":"NOTICIAS DE LA 4T","url":"https:\/\/redamlo.com\/","logo":{"@type":"ImageObject","inLanguage":"es","@id":"https:\/\/redamlo.com\/#\/schema\/logo\/image\/","url":"https:\/\/redamlo.com\/wp-content\/uploads\/2024\/08\/cropped-RED-AMLO-logo-50.png","contentUrl":"https:\/\/redamlo.com\/wp-content\/uploads\/2024\/08\/cropped-RED-AMLO-logo-50.png","width":256,"height":256,"caption":"NOTICIAS DE LA 4T"},"image":{"@id":"https:\/\/redamlo.com\/#\/schema\/logo\/image\/"}},{"@type":"Person","@id":"https:\/\/redamlo.com\/#\/schema\/person\/197a0a670d21b1f4f1483ddda1b64613","name":"admin","image":{"@type":"ImageObject","inLanguage":"es","@id":"https:\/\/secure.gravatar.com\/avatar\/293dccd927043f2e641da6685c2f84009782eb9ee0054daceada4e261ded849a?s=96&d=mm&r=g","url":"https:\/\/secure.gravatar.com\/avatar\/293dccd927043f2e641da6685c2f84009782eb9ee0054daceada4e261ded849a?s=96&d=mm&r=g","contentUrl":"https:\/\/secure.gravatar.com\/avatar\/293dccd927043f2e641da6685c2f84009782eb9ee0054daceada4e261ded849a?s=96&d=mm&r=g","caption":"admin"},"sameAs":["https:\/\/redamlo.com"],"url":"https:\/\/redamlo.com\/index.php\/author\/stell\/"}]}},"_links":{"self":[{"href":"https:\/\/redamlo.com\/index.php\/wp-json\/wp\/v2\/posts\/6953","targetHints":{"allow":["GET"]}}],"collection":[{"href":"https:\/\/redamlo.com\/index.php\/wp-json\/wp\/v2\/posts"}],"about":[{"href":"https:\/\/redamlo.com\/index.php\/wp-json\/wp\/v2\/types\/post"}],"author":[{"embeddable":true,"href":"https:\/\/redamlo.com\/index.php\/wp-json\/wp\/v2\/users\/1"}],"replies":[{"embeddable":true,"href":"https:\/\/redamlo.com\/index.php\/wp-json\/wp\/v2\/comments?post=6953"}],"version-history":[{"count":0,"href":"https:\/\/redamlo.com\/index.php\/wp-json\/wp\/v2\/posts\/6953\/revisions"}],"wp:featuredmedia":[{"embeddable":true,"href":"https:\/\/redamlo.com\/index.php\/wp-json\/wp\/v2\/media\/6954"}],"wp:attachment":[{"href":"https:\/\/redamlo.com\/index.php\/wp-json\/wp\/v2\/media?parent=6953"}],"wp:term":[{"taxonomy":"category","embeddable":true,"href":"https:\/\/redamlo.com\/index.php\/wp-json\/wp\/v2\/categories?post=6953"},{"taxonomy":"post_tag","embeddable":true,"href":"https:\/\/redamlo.com\/index.php\/wp-json\/wp\/v2\/tags?post=6953"}],"curies":[{"name":"wp","href":"https:\/\/api.w.org\/{rel}","templated":true}]}}