{"id":6935,"date":"2023-06-25T16:52:49","date_gmt":"2023-06-25T22:52:49","guid":{"rendered":"https:\/\/redamlo.com\/?p=6935"},"modified":"2023-06-25T16:52:49","modified_gmt":"2023-06-25T22:52:49","slug":"ebrard-visita-puerto-vallarta","status":"publish","type":"post","link":"https:\/\/redamlo.com\/index.php\/2023\/06\/25\/ebrard-visita-puerto-vallarta\/","title":{"rendered":"Ebrard visita Puerto Vallarta"},"content":{"rendered":"<p>En su segunda visita a este puerto, Marcelo Ebrard Casaub\u00f3n camin\u00f3 bajo un sol a plomo por el tianguis de la colonia de Las Mojoneras, de las m\u00e1s olvidadas por las autoridades en este municipio.<\/p>\n<p>Este, dijo el ex canciller, acompa\u00f1ado de su esposa, &#8220;es el tianguis m\u00e1s importante, hablas con la gente, te enteras de toda la problem\u00e1tica que hay aqu\u00ed, cu\u00e1les son sus aspiraciones, que te proponen, que reclaman&#8221;, dijo a su arribo al centro de abastos.<\/p>\n<p>&#8220;Esto es como pulsar cu\u00e1l es el estado de \u00e1nimo que hay aqu\u00ed, por eso es importante&#8221; recorrerlo, agreg\u00f3 Ebrard, quien destac\u00f3 que en su recorrido de la ultima semana por el pa\u00eds ha detectada &#8220;por un lado mucha expectativa, un deseo muy grande de que sigamos con los programas sociales, porque les dicen que eso puede estar en riesgo&#8221;.<\/p>\n<p>Abund\u00f3: &#8220;ya les explique que no, que est\u00e1n en la Constituci\u00f3n, no hay raz\u00f3n para pensar que est\u00e9n en riesgo&#8221;, aunque, apunt\u00f3 el aspirante a coordinador de los comit\u00e9s de defensa de la 4T, si es necesario organizarnos para defenderlos.<\/p>\n<p>Marcelo Ebrard expuso que otro de los temas son el de las oportunidades para j\u00f3venes y &#8220;desde luego el tema de seguridad, es una preocupaci\u00f3n grande y no tiene que ver nada mas con la cuesti\u00f3n policiaca, adem\u00e1s del empleo&#8221;.<\/p>\n<p>&#8220;Eso son temas que hay que atender, afortunadamente se han dado pasos grandes&#8221;, se\u00f1alo, tras destacar que toda esa problem\u00e1tica &#8220;si la tengo muy clara&#8221;.<\/p>\n<p>Salud\u00f3 a tianguistas que le manifestaron su apoyo y le comentaron sobre abusos de despidos que se dieron en el sector hotelero durante la pandemia del covid 19, la pobreza extrema que existe en la zona y otras mas que contrasta con la opulencia de la franja tur\u00edstica.<\/p>\n<p>En medio de venta de ropa usada, doritos, bolis, tenis y herramientas, Ebrard hizo el recorrido en m\u00e1s de dos horas debido a que algunos locatarios le ofrec\u00edan agua y se quedaba a platicar con ellos y escucharlos.<\/p>\n<p>Luego de que liberara tortugas este s\u00e1bado, el ex canciller opin\u00f3 que proteger el medio ambiente&#8221;debe ser una prioridad&#8221;.<\/p>\n<p>A lo largo de sus recorridos, Ebrad mencion\u00f3 que la gente le ha mostrado su cari\u00f1o<\/p>\n<p>La mayoiria, dijo, &#8220;son voluntarios de todo Mexico, eso tiene un valor enorme, es lo que vale cuando est\u00e1s en una lucha pol\u00edtica&#8221;.<\/p>\n<p>Ebrad estar\u00e1 mas tarde en el malec\u00f3n de este puerto &#8220;pulsando la ciudad&#8221; y sus problemas.<\/p>\n<p>Fuente: La jornada.<\/p>\n","protected":false},"excerpt":{"rendered":"<p>En su segunda visita a este puerto, Marcelo Ebrard Casaub\u00f3n camin\u00f3 bajo un sol a&#8230;<\/p>\n","protected":false},"author":1,"featured_media":6936,"comment_status":"open","ping_status":"closed","sticky":false,"template":"","format":"standard","meta":{"footnotes":""},"categories":[5],"tags":[132,2527],"class_list":["post-6935","post","type-post","status-publish","format-standard","has-post-thumbnail","hentry","category-politica","tag-marcelo-ebrard","tag-puerto-vallarta"],"yoast_head":"<!-- This site is optimized with the Yoast SEO plugin v27.5 - https:\/\/yoast.com\/product\/yoast-seo-wordpress\/ -->\n<title>Ebrard visita Puerto Vallarta - NOTICIAS DE LA 4T<\/title>\n<meta name=\"robots\" content=\"noindex, follow, max-snippet:-1, max-image-preview:large, max-video-preview:-1\" \/>\n<meta property=\"og:locale\" content=\"es_MX\" \/>\n<meta property=\"og:type\" content=\"article\" \/>\n<meta property=\"og:title\" content=\"Ebrard visita Puerto Vallarta - NOTICIAS DE LA 4T\" \/>\n<meta property=\"og:description\" content=\"En su segunda visita a este puerto, Marcelo Ebrard Casaub\u00f3n camin\u00f3 bajo un sol a...\" \/>\n<meta property=\"og:url\" content=\"https:\/\/redamlo.com\/index.php\/2023\/06\/25\/ebrard-visita-puerto-vallarta\/\" \/>\n<meta property=\"og:site_name\" content=\"NOTICIAS DE LA 4T\" \/>\n<meta property=\"article:published_time\" content=\"2023-06-25T22:52:49+00:00\" \/>\n<meta property=\"og:image\" content=\"https:\/\/redamlo.com\/wp-content\/uploads\/2023\/06\/ebrard-en-pv.jpg\" \/>\n\t<meta property=\"og:image:width\" content=\"960\" \/>\n\t<meta property=\"og:image:height\" content=\"720\" \/>\n\t<meta property=\"og:image:type\" content=\"image\/jpeg\" \/>\n<meta name=\"author\" content=\"admin\" \/>\n<meta name=\"twitter:card\" content=\"summary_large_image\" \/>\n<meta name=\"twitter:label1\" content=\"Escrito por\" \/>\n\t<meta name=\"twitter:data1\" content=\"admin\" \/>\n\t<meta name=\"twitter:label2\" content=\"Tiempo de lectura\" \/>\n\t<meta name=\"twitter:data2\" content=\"2 minutos\" \/>\n<script type=\"application\/ld+json\" class=\"yoast-schema-graph\">{\"@context\":\"https:\\\/\\\/schema.org\",\"@graph\":[{\"@type\":\"Article\",\"@id\":\"https:\\\/\\\/redamlo.com\\\/index.php\\\/2023\\\/06\\\/25\\\/ebrard-visita-puerto-vallarta\\\/#article\",\"isPartOf\":{\"@id\":\"https:\\\/\\\/redamlo.com\\\/index.php\\\/2023\\\/06\\\/25\\\/ebrard-visita-puerto-vallarta\\\/\"},\"author\":{\"name\":\"admin\",\"@id\":\"https:\\\/\\\/redamlo.com\\\/#\\\/schema\\\/person\\\/197a0a670d21b1f4f1483ddda1b64613\"},\"headline\":\"Ebrard visita Puerto Vallarta\",\"datePublished\":\"2023-06-25T22:52:49+00:00\",\"mainEntityOfPage\":{\"@id\":\"https:\\\/\\\/redamlo.com\\\/index.php\\\/2023\\\/06\\\/25\\\/ebrard-visita-puerto-vallarta\\\/\"},\"wordCount\":438,\"commentCount\":0,\"publisher\":{\"@id\":\"https:\\\/\\\/redamlo.com\\\/#organization\"},\"image\":{\"@id\":\"https:\\\/\\\/redamlo.com\\\/index.php\\\/2023\\\/06\\\/25\\\/ebrard-visita-puerto-vallarta\\\/#primaryimage\"},\"thumbnailUrl\":\"https:\\\/\\\/redamlo.com\\\/wp-content\\\/uploads\\\/2023\\\/06\\\/ebrard-en-pv.jpg\",\"keywords\":[\"Marcelo Ebrard\",\"puerto vallarta\"],\"articleSection\":[\"Pol\u00edtica\"],\"inLanguage\":\"es\",\"potentialAction\":[{\"@type\":\"CommentAction\",\"name\":\"Comment\",\"target\":[\"https:\\\/\\\/redamlo.com\\\/index.php\\\/2023\\\/06\\\/25\\\/ebrard-visita-puerto-vallarta\\\/#respond\"]}]},{\"@type\":\"WebPage\",\"@id\":\"https:\\\/\\\/redamlo.com\\\/index.php\\\/2023\\\/06\\\/25\\\/ebrard-visita-puerto-vallarta\\\/\",\"url\":\"https:\\\/\\\/redamlo.com\\\/index.php\\\/2023\\\/06\\\/25\\\/ebrard-visita-puerto-vallarta\\\/\",\"name\":\"Ebrard visita Puerto Vallarta - NOTICIAS DE LA 4T\",\"isPartOf\":{\"@id\":\"https:\\\/\\\/redamlo.com\\\/#website\"},\"primaryImageOfPage\":{\"@id\":\"https:\\\/\\\/redamlo.com\\\/index.php\\\/2023\\\/06\\\/25\\\/ebrard-visita-puerto-vallarta\\\/#primaryimage\"},\"image\":{\"@id\":\"https:\\\/\\\/redamlo.com\\\/index.php\\\/2023\\\/06\\\/25\\\/ebrard-visita-puerto-vallarta\\\/#primaryimage\"},\"thumbnailUrl\":\"https:\\\/\\\/redamlo.com\\\/wp-content\\\/uploads\\\/2023\\\/06\\\/ebrard-en-pv.jpg\",\"datePublished\":\"2023-06-25T22:52:49+00:00\",\"breadcrumb\":{\"@id\":\"https:\\\/\\\/redamlo.com\\\/index.php\\\/2023\\\/06\\\/25\\\/ebrard-visita-puerto-vallarta\\\/#breadcrumb\"},\"inLanguage\":\"es\",\"potentialAction\":[{\"@type\":\"ReadAction\",\"target\":[\"https:\\\/\\\/redamlo.com\\\/index.php\\\/2023\\\/06\\\/25\\\/ebrard-visita-puerto-vallarta\\\/\"]}]},{\"@type\":\"ImageObject\",\"inLanguage\":\"es\",\"@id\":\"https:\\\/\\\/redamlo.com\\\/index.php\\\/2023\\\/06\\\/25\\\/ebrard-visita-puerto-vallarta\\\/#primaryimage\",\"url\":\"https:\\\/\\\/redamlo.com\\\/wp-content\\\/uploads\\\/2023\\\/06\\\/ebrard-en-pv.jpg\",\"contentUrl\":\"https:\\\/\\\/redamlo.com\\\/wp-content\\\/uploads\\\/2023\\\/06\\\/ebrard-en-pv.jpg\",\"width\":960,\"height\":720},{\"@type\":\"BreadcrumbList\",\"@id\":\"https:\\\/\\\/redamlo.com\\\/index.php\\\/2023\\\/06\\\/25\\\/ebrard-visita-puerto-vallarta\\\/#breadcrumb\",\"itemListElement\":[{\"@type\":\"ListItem\",\"position\":1,\"name\":\"Inicio\",\"item\":\"https:\\\/\\\/redamlo.com\\\/\"},{\"@type\":\"ListItem\",\"position\":2,\"name\":\"Ebrard visita Puerto Vallarta\"}]},{\"@type\":\"WebSite\",\"@id\":\"https:\\\/\\\/redamlo.com\\\/#website\",\"url\":\"https:\\\/\\\/redamlo.com\\\/\",\"name\":\"NOTICIAS DE LA 4T\",\"description\":\"\",\"publisher\":{\"@id\":\"https:\\\/\\\/redamlo.com\\\/#organization\"},\"potentialAction\":[{\"@type\":\"SearchAction\",\"target\":{\"@type\":\"EntryPoint\",\"urlTemplate\":\"https:\\\/\\\/redamlo.com\\\/?s={search_term_string}\"},\"query-input\":{\"@type\":\"PropertyValueSpecification\",\"valueRequired\":true,\"valueName\":\"search_term_string\"}}],\"inLanguage\":\"es\"},{\"@type\":\"Organization\",\"@id\":\"https:\\\/\\\/redamlo.com\\\/#organization\",\"name\":\"NOTICIAS DE LA 4T\",\"url\":\"https:\\\/\\\/redamlo.com\\\/\",\"logo\":{\"@type\":\"ImageObject\",\"inLanguage\":\"es\",\"@id\":\"https:\\\/\\\/redamlo.com\\\/#\\\/schema\\\/logo\\\/image\\\/\",\"url\":\"https:\\\/\\\/redamlo.com\\\/wp-content\\\/uploads\\\/2024\\\/08\\\/cropped-RED-AMLO-logo-50.png\",\"contentUrl\":\"https:\\\/\\\/redamlo.com\\\/wp-content\\\/uploads\\\/2024\\\/08\\\/cropped-RED-AMLO-logo-50.png\",\"width\":256,\"height\":256,\"caption\":\"NOTICIAS DE LA 4T\"},\"image\":{\"@id\":\"https:\\\/\\\/redamlo.com\\\/#\\\/schema\\\/logo\\\/image\\\/\"}},{\"@type\":\"Person\",\"@id\":\"https:\\\/\\\/redamlo.com\\\/#\\\/schema\\\/person\\\/197a0a670d21b1f4f1483ddda1b64613\",\"name\":\"admin\",\"image\":{\"@type\":\"ImageObject\",\"inLanguage\":\"es\",\"@id\":\"https:\\\/\\\/secure.gravatar.com\\\/avatar\\\/293dccd927043f2e641da6685c2f84009782eb9ee0054daceada4e261ded849a?s=96&d=mm&r=g\",\"url\":\"https:\\\/\\\/secure.gravatar.com\\\/avatar\\\/293dccd927043f2e641da6685c2f84009782eb9ee0054daceada4e261ded849a?s=96&d=mm&r=g\",\"contentUrl\":\"https:\\\/\\\/secure.gravatar.com\\\/avatar\\\/293dccd927043f2e641da6685c2f84009782eb9ee0054daceada4e261ded849a?s=96&d=mm&r=g\",\"caption\":\"admin\"},\"sameAs\":[\"https:\\\/\\\/redamlo.com\"],\"url\":\"https:\\\/\\\/redamlo.com\\\/index.php\\\/author\\\/stell\\\/\"}]}<\/script>\n<!-- \/ Yoast SEO plugin. -->","yoast_head_json":{"title":"Ebrard visita Puerto Vallarta - NOTICIAS DE LA 4T","robots":{"index":"noindex","follow":"follow","max-snippet":"max-snippet:-1","max-image-preview":"max-image-preview:large","max-video-preview":"max-video-preview:-1"},"og_locale":"es_MX","og_type":"article","og_title":"Ebrard visita Puerto Vallarta - NOTICIAS DE LA 4T","og_description":"En su segunda visita a este puerto, Marcelo Ebrard Casaub\u00f3n camin\u00f3 bajo un sol a...","og_url":"https:\/\/redamlo.com\/index.php\/2023\/06\/25\/ebrard-visita-puerto-vallarta\/","og_site_name":"NOTICIAS DE LA 4T","article_published_time":"2023-06-25T22:52:49+00:00","og_image":[{"width":960,"height":720,"url":"https:\/\/redamlo.com\/wp-content\/uploads\/2023\/06\/ebrard-en-pv.jpg","type":"image\/jpeg"}],"author":"admin","twitter_card":"summary_large_image","twitter_misc":{"Escrito por":"admin","Tiempo de lectura":"2 minutos"},"schema":{"@context":"https:\/\/schema.org","@graph":[{"@type":"Article","@id":"https:\/\/redamlo.com\/index.php\/2023\/06\/25\/ebrard-visita-puerto-vallarta\/#article","isPartOf":{"@id":"https:\/\/redamlo.com\/index.php\/2023\/06\/25\/ebrard-visita-puerto-vallarta\/"},"author":{"name":"admin","@id":"https:\/\/redamlo.com\/#\/schema\/person\/197a0a670d21b1f4f1483ddda1b64613"},"headline":"Ebrard visita Puerto Vallarta","datePublished":"2023-06-25T22:52:49+00:00","mainEntityOfPage":{"@id":"https:\/\/redamlo.com\/index.php\/2023\/06\/25\/ebrard-visita-puerto-vallarta\/"},"wordCount":438,"commentCount":0,"publisher":{"@id":"https:\/\/redamlo.com\/#organization"},"image":{"@id":"https:\/\/redamlo.com\/index.php\/2023\/06\/25\/ebrard-visita-puerto-vallarta\/#primaryimage"},"thumbnailUrl":"https:\/\/redamlo.com\/wp-content\/uploads\/2023\/06\/ebrard-en-pv.jpg","keywords":["Marcelo Ebrard","puerto vallarta"],"articleSection":["Pol\u00edtica"],"inLanguage":"es","potentialAction":[{"@type":"CommentAction","name":"Comment","target":["https:\/\/redamlo.com\/index.php\/2023\/06\/25\/ebrard-visita-puerto-vallarta\/#respond"]}]},{"@type":"WebPage","@id":"https:\/\/redamlo.com\/index.php\/2023\/06\/25\/ebrard-visita-puerto-vallarta\/","url":"https:\/\/redamlo.com\/index.php\/2023\/06\/25\/ebrard-visita-puerto-vallarta\/","name":"Ebrard visita Puerto Vallarta - NOTICIAS DE LA 4T","isPartOf":{"@id":"https:\/\/redamlo.com\/#website"},"primaryImageOfPage":{"@id":"https:\/\/redamlo.com\/index.php\/2023\/06\/25\/ebrard-visita-puerto-vallarta\/#primaryimage"},"image":{"@id":"https:\/\/redamlo.com\/index.php\/2023\/06\/25\/ebrard-visita-puerto-vallarta\/#primaryimage"},"thumbnailUrl":"https:\/\/redamlo.com\/wp-content\/uploads\/2023\/06\/ebrard-en-pv.jpg","datePublished":"2023-06-25T22:52:49+00:00","breadcrumb":{"@id":"https:\/\/redamlo.com\/index.php\/2023\/06\/25\/ebrard-visita-puerto-vallarta\/#breadcrumb"},"inLanguage":"es","potentialAction":[{"@type":"ReadAction","target":["https:\/\/redamlo.com\/index.php\/2023\/06\/25\/ebrard-visita-puerto-vallarta\/"]}]},{"@type":"ImageObject","inLanguage":"es","@id":"https:\/\/redamlo.com\/index.php\/2023\/06\/25\/ebrard-visita-puerto-vallarta\/#primaryimage","url":"https:\/\/redamlo.com\/wp-content\/uploads\/2023\/06\/ebrard-en-pv.jpg","contentUrl":"https:\/\/redamlo.com\/wp-content\/uploads\/2023\/06\/ebrard-en-pv.jpg","width":960,"height":720},{"@type":"BreadcrumbList","@id":"https:\/\/redamlo.com\/index.php\/2023\/06\/25\/ebrard-visita-puerto-vallarta\/#breadcrumb","itemListElement":[{"@type":"ListItem","position":1,"name":"Inicio","item":"https:\/\/redamlo.com\/"},{"@type":"ListItem","position":2,"name":"Ebrard visita Puerto Vallarta"}]},{"@type":"WebSite","@id":"https:\/\/redamlo.com\/#website","url":"https:\/\/redamlo.com\/","name":"NOTICIAS DE LA 4T","description":"","publisher":{"@id":"https:\/\/redamlo.com\/#organization"},"potentialAction":[{"@type":"SearchAction","target":{"@type":"EntryPoint","urlTemplate":"https:\/\/redamlo.com\/?s={search_term_string}"},"query-input":{"@type":"PropertyValueSpecification","valueRequired":true,"valueName":"search_term_string"}}],"inLanguage":"es"},{"@type":"Organization","@id":"https:\/\/redamlo.com\/#organization","name":"NOTICIAS DE LA 4T","url":"https:\/\/redamlo.com\/","logo":{"@type":"ImageObject","inLanguage":"es","@id":"https:\/\/redamlo.com\/#\/schema\/logo\/image\/","url":"https:\/\/redamlo.com\/wp-content\/uploads\/2024\/08\/cropped-RED-AMLO-logo-50.png","contentUrl":"https:\/\/redamlo.com\/wp-content\/uploads\/2024\/08\/cropped-RED-AMLO-logo-50.png","width":256,"height":256,"caption":"NOTICIAS DE LA 4T"},"image":{"@id":"https:\/\/redamlo.com\/#\/schema\/logo\/image\/"}},{"@type":"Person","@id":"https:\/\/redamlo.com\/#\/schema\/person\/197a0a670d21b1f4f1483ddda1b64613","name":"admin","image":{"@type":"ImageObject","inLanguage":"es","@id":"https:\/\/secure.gravatar.com\/avatar\/293dccd927043f2e641da6685c2f84009782eb9ee0054daceada4e261ded849a?s=96&d=mm&r=g","url":"https:\/\/secure.gravatar.com\/avatar\/293dccd927043f2e641da6685c2f84009782eb9ee0054daceada4e261ded849a?s=96&d=mm&r=g","contentUrl":"https:\/\/secure.gravatar.com\/avatar\/293dccd927043f2e641da6685c2f84009782eb9ee0054daceada4e261ded849a?s=96&d=mm&r=g","caption":"admin"},"sameAs":["https:\/\/redamlo.com"],"url":"https:\/\/redamlo.com\/index.php\/author\/stell\/"}]}},"_links":{"self":[{"href":"https:\/\/redamlo.com\/index.php\/wp-json\/wp\/v2\/posts\/6935","targetHints":{"allow":["GET"]}}],"collection":[{"href":"https:\/\/redamlo.com\/index.php\/wp-json\/wp\/v2\/posts"}],"about":[{"href":"https:\/\/redamlo.com\/index.php\/wp-json\/wp\/v2\/types\/post"}],"author":[{"embeddable":true,"href":"https:\/\/redamlo.com\/index.php\/wp-json\/wp\/v2\/users\/1"}],"replies":[{"embeddable":true,"href":"https:\/\/redamlo.com\/index.php\/wp-json\/wp\/v2\/comments?post=6935"}],"version-history":[{"count":0,"href":"https:\/\/redamlo.com\/index.php\/wp-json\/wp\/v2\/posts\/6935\/revisions"}],"wp:featuredmedia":[{"embeddable":true,"href":"https:\/\/redamlo.com\/index.php\/wp-json\/wp\/v2\/media\/6936"}],"wp:attachment":[{"href":"https:\/\/redamlo.com\/index.php\/wp-json\/wp\/v2\/media?parent=6935"}],"wp:term":[{"taxonomy":"category","embeddable":true,"href":"https:\/\/redamlo.com\/index.php\/wp-json\/wp\/v2\/categories?post=6935"},{"taxonomy":"post_tag","embeddable":true,"href":"https:\/\/redamlo.com\/index.php\/wp-json\/wp\/v2\/tags?post=6935"}],"curies":[{"name":"wp","href":"https:\/\/api.w.org\/{rel}","templated":true}]}}