{"id":6932,"date":"2023-06-24T16:31:32","date_gmt":"2023-06-24T22:31:32","guid":{"rendered":"https:\/\/redamlo.com\/?p=6932"},"modified":"2023-06-24T16:31:32","modified_gmt":"2023-06-24T22:31:32","slug":"gran-festejo-de-la-diversidad-en-cdmx","status":"publish","type":"post","link":"https:\/\/redamlo.com\/index.php\/2023\/06\/24\/gran-festejo-de-la-diversidad-en-cdmx\/","title":{"rendered":"Gran Festejo de la Diversidad en CDMX"},"content":{"rendered":"<p>Las ganas de celebrarse por quienes son, de exigir respeto a sus derechos y condenar las violencias en su contra pudieron m\u00e1s que la ola de calor. Desde antes del mediod\u00eda, miles de integrantes y aliados de la diversidad sexual colmaron Paseo de la Reforma y calles del Z\u00f3calo capitalino para sumarse a la 45 Marcha del Orgullo LGBT+.<\/p>\n<p>Las ganas de celebrarse por quienes son, de exigir respeto a sus derechos y condenar las violencias en su contra pudieron m\u00e1s que la ola de calor. Desde antes del mediod\u00eda, miles de integrantes y aliados de la diversidad sexual colmaron Paseo de la Reforma y calles del Z\u00f3calo capitalino para sumarse a la 45 Marcha del Orgullo LGBT+.<\/p>\n<p>Brenda Vargas, una mujer trans, adulta mayor, compar\u00f3 lo que vivi\u00f3 en su juventud con lo que sucede ahora. \u201cMarchas como \u00e9sta han ayudado a nuestra visibilizaci\u00f3n, a que la gente nos entienda y nos apoye\u201d. Nada de eso ocurr\u00eda a principios de los a\u00f1os 70, cuando \u00e9ramos perseguidos y asesinados por agentes de seguridad p\u00fablica.<\/p>\n<p>Aunque lo que m\u00e1s se escuchaba era a los vendedores ambulantes ofrecer \u201ccervezas fr\u00edas\u201d, tambi\u00e9n hubo consignas. Entre una batucada en zancos se escuch\u00f3: \u201c\u00a1De noche, de d\u00eda, que viva la puter\u00eda!; otros lanzaron: \u201cEspero te llene de orgullo ser quien eres\u201d, \u201cVivir con libertad y gritar qui\u00e9nes somos\u201d y \u201cNo m\u00e1s desapariciones LGBT+\u201d.<\/p>\n<p>Pese al sol inclemente, el \u00e1nimo no mengu\u00f3. Hubo bailes a ritmo de m\u00fasica pop, electr\u00f3nica y batucadas, as\u00ed como diminutos atuendos y transparencias, que hac\u00edan de la piel desnuda una constante.<\/p>\n<p>Integrantes del Bloque Disidente avanzaron al grito de \u201cfuera marcas\u201d, en rechazo a la comercializaci\u00f3n de la manifestaci\u00f3n e insistieron en que no s\u00f3lo fuera un \u201cespect\u00e1culo\u201d.<\/p>\n<p>Aunque los organizadores dejaron en claro que era una manifestaci\u00f3n apartidista y que no se permitir\u00eda a ning\u00fan instituto pol\u00edtico \u201cmontarse\u201d en la causa, se vieron algunas banderas de Movimiento Ciudadano. L\u00edderes del Bloque Disidente rociaron con aerosol una de \u00e9stas y le prendieron fuego. No pas\u00f3 a mayores.<\/p>\n<p>Como parte de la protesta, algunos manifestantes hicieron pintas, una de ellas en la Victoria Alada y otras en mobiliario urbano.<\/p>\n<p>A diferencia de lo que sucede con las marchas feministas, ayer no hubo cortinas bajadas, al contrario, todos los comercios estuvieron abiertos y concurridos por integrantes de la comunidad, sobre todo los de comida y los bares. Para demostrar su empat\u00eda con el movimiento, los establecimientos estaban decorados con los colores de la diversidad: con globos y banderas.<\/p>\n<p>Pasadas las 14 horas, los primeros contingentes llegaron a la explanada del Z\u00f3calo, en donde se instalaron dos escenarios. All\u00ed, se presentaron artistas como Pecado Perfecto, Manuel Rod y Somos Talento. De los edificios colgaban banderas gigantes con los colores LGBT+.<\/p>\n<p>Casi al anochecer, a\u00fan hab\u00eda quienes marchaban hacia el Z\u00f3calo, en donde la fiesta de m\u00fasica, canto y baile estaba en su apogeo y amenazaba, para algunos, con extenderse hasta la madrugada en los antros de la zona.<\/p>\n<p>Fuente: La jornada.<\/p>\n","protected":false},"excerpt":{"rendered":"<p>Las ganas de celebrarse por quienes son, de exigir respeto a sus derechos y condenar&#8230;<\/p>\n","protected":false},"author":1,"featured_media":6933,"comment_status":"open","ping_status":"closed","sticky":false,"template":"","format":"standard","meta":{"footnotes":""},"categories":[17],"tags":[154,2379,2525,2526],"class_list":["post-6932","post","type-post","status-publish","format-standard","has-post-thumbnail","hentry","category-cdmx","tag-cdmx","tag-lgbtq","tag-marcha-del-orgullo","tag-marcha-gay"],"yoast_head":"<!-- This site is optimized with the Yoast SEO plugin v27.5 - https:\/\/yoast.com\/product\/yoast-seo-wordpress\/ -->\n<title>Gran Festejo de la Diversidad en CDMX - NOTICIAS DE LA 4T<\/title>\n<meta name=\"robots\" content=\"noindex, follow, max-snippet:-1, max-image-preview:large, max-video-preview:-1\" \/>\n<meta property=\"og:locale\" content=\"es_MX\" \/>\n<meta property=\"og:type\" content=\"article\" \/>\n<meta property=\"og:title\" content=\"Gran Festejo de la Diversidad en CDMX - NOTICIAS DE LA 4T\" \/>\n<meta property=\"og:description\" content=\"Las ganas de celebrarse por quienes son, de exigir respeto a sus derechos y condenar...\" \/>\n<meta property=\"og:url\" content=\"https:\/\/redamlo.com\/index.php\/2023\/06\/24\/gran-festejo-de-la-diversidad-en-cdmx\/\" \/>\n<meta property=\"og:site_name\" content=\"NOTICIAS DE LA 4T\" \/>\n<meta property=\"article:published_time\" content=\"2023-06-24T22:31:32+00:00\" \/>\n<meta property=\"og:image\" content=\"https:\/\/redamlo.com\/wp-content\/uploads\/2023\/06\/marcha-lgbt.jpg\" \/>\n\t<meta property=\"og:image:width\" content=\"745\" \/>\n\t<meta property=\"og:image:height\" content=\"558\" \/>\n\t<meta property=\"og:image:type\" content=\"image\/jpeg\" \/>\n<meta name=\"author\" content=\"admin\" \/>\n<meta name=\"twitter:card\" content=\"summary_large_image\" \/>\n<meta name=\"twitter:label1\" content=\"Escrito por\" \/>\n\t<meta name=\"twitter:data1\" content=\"admin\" \/>\n\t<meta name=\"twitter:label2\" content=\"Tiempo de lectura\" \/>\n\t<meta name=\"twitter:data2\" content=\"3 minutos\" \/>\n<script type=\"application\/ld+json\" class=\"yoast-schema-graph\">{\"@context\":\"https:\\\/\\\/schema.org\",\"@graph\":[{\"@type\":\"Article\",\"@id\":\"https:\\\/\\\/redamlo.com\\\/index.php\\\/2023\\\/06\\\/24\\\/gran-festejo-de-la-diversidad-en-cdmx\\\/#article\",\"isPartOf\":{\"@id\":\"https:\\\/\\\/redamlo.com\\\/index.php\\\/2023\\\/06\\\/24\\\/gran-festejo-de-la-diversidad-en-cdmx\\\/\"},\"author\":{\"name\":\"admin\",\"@id\":\"https:\\\/\\\/redamlo.com\\\/#\\\/schema\\\/person\\\/197a0a670d21b1f4f1483ddda1b64613\"},\"headline\":\"Gran Festejo de la Diversidad en CDMX\",\"datePublished\":\"2023-06-24T22:31:32+00:00\",\"mainEntityOfPage\":{\"@id\":\"https:\\\/\\\/redamlo.com\\\/index.php\\\/2023\\\/06\\\/24\\\/gran-festejo-de-la-diversidad-en-cdmx\\\/\"},\"wordCount\":535,\"commentCount\":0,\"publisher\":{\"@id\":\"https:\\\/\\\/redamlo.com\\\/#organization\"},\"image\":{\"@id\":\"https:\\\/\\\/redamlo.com\\\/index.php\\\/2023\\\/06\\\/24\\\/gran-festejo-de-la-diversidad-en-cdmx\\\/#primaryimage\"},\"thumbnailUrl\":\"https:\\\/\\\/redamlo.com\\\/wp-content\\\/uploads\\\/2023\\\/06\\\/marcha-lgbt.jpg\",\"keywords\":[\"CDMX\",\"lgbtq+\",\"marcha del orgullo\",\"marcha gay\"],\"articleSection\":[\"CDMX\"],\"inLanguage\":\"es\",\"potentialAction\":[{\"@type\":\"CommentAction\",\"name\":\"Comment\",\"target\":[\"https:\\\/\\\/redamlo.com\\\/index.php\\\/2023\\\/06\\\/24\\\/gran-festejo-de-la-diversidad-en-cdmx\\\/#respond\"]}]},{\"@type\":\"WebPage\",\"@id\":\"https:\\\/\\\/redamlo.com\\\/index.php\\\/2023\\\/06\\\/24\\\/gran-festejo-de-la-diversidad-en-cdmx\\\/\",\"url\":\"https:\\\/\\\/redamlo.com\\\/index.php\\\/2023\\\/06\\\/24\\\/gran-festejo-de-la-diversidad-en-cdmx\\\/\",\"name\":\"Gran Festejo de la Diversidad en CDMX - NOTICIAS DE LA 4T\",\"isPartOf\":{\"@id\":\"https:\\\/\\\/redamlo.com\\\/#website\"},\"primaryImageOfPage\":{\"@id\":\"https:\\\/\\\/redamlo.com\\\/index.php\\\/2023\\\/06\\\/24\\\/gran-festejo-de-la-diversidad-en-cdmx\\\/#primaryimage\"},\"image\":{\"@id\":\"https:\\\/\\\/redamlo.com\\\/index.php\\\/2023\\\/06\\\/24\\\/gran-festejo-de-la-diversidad-en-cdmx\\\/#primaryimage\"},\"thumbnailUrl\":\"https:\\\/\\\/redamlo.com\\\/wp-content\\\/uploads\\\/2023\\\/06\\\/marcha-lgbt.jpg\",\"datePublished\":\"2023-06-24T22:31:32+00:00\",\"breadcrumb\":{\"@id\":\"https:\\\/\\\/redamlo.com\\\/index.php\\\/2023\\\/06\\\/24\\\/gran-festejo-de-la-diversidad-en-cdmx\\\/#breadcrumb\"},\"inLanguage\":\"es\",\"potentialAction\":[{\"@type\":\"ReadAction\",\"target\":[\"https:\\\/\\\/redamlo.com\\\/index.php\\\/2023\\\/06\\\/24\\\/gran-festejo-de-la-diversidad-en-cdmx\\\/\"]}]},{\"@type\":\"ImageObject\",\"inLanguage\":\"es\",\"@id\":\"https:\\\/\\\/redamlo.com\\\/index.php\\\/2023\\\/06\\\/24\\\/gran-festejo-de-la-diversidad-en-cdmx\\\/#primaryimage\",\"url\":\"https:\\\/\\\/redamlo.com\\\/wp-content\\\/uploads\\\/2023\\\/06\\\/marcha-lgbt.jpg\",\"contentUrl\":\"https:\\\/\\\/redamlo.com\\\/wp-content\\\/uploads\\\/2023\\\/06\\\/marcha-lgbt.jpg\",\"width\":745,\"height\":558},{\"@type\":\"BreadcrumbList\",\"@id\":\"https:\\\/\\\/redamlo.com\\\/index.php\\\/2023\\\/06\\\/24\\\/gran-festejo-de-la-diversidad-en-cdmx\\\/#breadcrumb\",\"itemListElement\":[{\"@type\":\"ListItem\",\"position\":1,\"name\":\"Inicio\",\"item\":\"https:\\\/\\\/redamlo.com\\\/\"},{\"@type\":\"ListItem\",\"position\":2,\"name\":\"Gran Festejo de la Diversidad en CDMX\"}]},{\"@type\":\"WebSite\",\"@id\":\"https:\\\/\\\/redamlo.com\\\/#website\",\"url\":\"https:\\\/\\\/redamlo.com\\\/\",\"name\":\"NOTICIAS DE LA 4T\",\"description\":\"\",\"publisher\":{\"@id\":\"https:\\\/\\\/redamlo.com\\\/#organization\"},\"potentialAction\":[{\"@type\":\"SearchAction\",\"target\":{\"@type\":\"EntryPoint\",\"urlTemplate\":\"https:\\\/\\\/redamlo.com\\\/?s={search_term_string}\"},\"query-input\":{\"@type\":\"PropertyValueSpecification\",\"valueRequired\":true,\"valueName\":\"search_term_string\"}}],\"inLanguage\":\"es\"},{\"@type\":\"Organization\",\"@id\":\"https:\\\/\\\/redamlo.com\\\/#organization\",\"name\":\"NOTICIAS DE LA 4T\",\"url\":\"https:\\\/\\\/redamlo.com\\\/\",\"logo\":{\"@type\":\"ImageObject\",\"inLanguage\":\"es\",\"@id\":\"https:\\\/\\\/redamlo.com\\\/#\\\/schema\\\/logo\\\/image\\\/\",\"url\":\"https:\\\/\\\/redamlo.com\\\/wp-content\\\/uploads\\\/2024\\\/08\\\/cropped-RED-AMLO-logo-50.png\",\"contentUrl\":\"https:\\\/\\\/redamlo.com\\\/wp-content\\\/uploads\\\/2024\\\/08\\\/cropped-RED-AMLO-logo-50.png\",\"width\":256,\"height\":256,\"caption\":\"NOTICIAS DE LA 4T\"},\"image\":{\"@id\":\"https:\\\/\\\/redamlo.com\\\/#\\\/schema\\\/logo\\\/image\\\/\"}},{\"@type\":\"Person\",\"@id\":\"https:\\\/\\\/redamlo.com\\\/#\\\/schema\\\/person\\\/197a0a670d21b1f4f1483ddda1b64613\",\"name\":\"admin\",\"image\":{\"@type\":\"ImageObject\",\"inLanguage\":\"es\",\"@id\":\"https:\\\/\\\/secure.gravatar.com\\\/avatar\\\/293dccd927043f2e641da6685c2f84009782eb9ee0054daceada4e261ded849a?s=96&d=mm&r=g\",\"url\":\"https:\\\/\\\/secure.gravatar.com\\\/avatar\\\/293dccd927043f2e641da6685c2f84009782eb9ee0054daceada4e261ded849a?s=96&d=mm&r=g\",\"contentUrl\":\"https:\\\/\\\/secure.gravatar.com\\\/avatar\\\/293dccd927043f2e641da6685c2f84009782eb9ee0054daceada4e261ded849a?s=96&d=mm&r=g\",\"caption\":\"admin\"},\"sameAs\":[\"https:\\\/\\\/redamlo.com\"],\"url\":\"https:\\\/\\\/redamlo.com\\\/index.php\\\/author\\\/stell\\\/\"}]}<\/script>\n<!-- \/ Yoast SEO plugin. -->","yoast_head_json":{"title":"Gran Festejo de la Diversidad en CDMX - NOTICIAS DE LA 4T","robots":{"index":"noindex","follow":"follow","max-snippet":"max-snippet:-1","max-image-preview":"max-image-preview:large","max-video-preview":"max-video-preview:-1"},"og_locale":"es_MX","og_type":"article","og_title":"Gran Festejo de la Diversidad en CDMX - NOTICIAS DE LA 4T","og_description":"Las ganas de celebrarse por quienes son, de exigir respeto a sus derechos y condenar...","og_url":"https:\/\/redamlo.com\/index.php\/2023\/06\/24\/gran-festejo-de-la-diversidad-en-cdmx\/","og_site_name":"NOTICIAS DE LA 4T","article_published_time":"2023-06-24T22:31:32+00:00","og_image":[{"width":745,"height":558,"url":"https:\/\/redamlo.com\/wp-content\/uploads\/2023\/06\/marcha-lgbt.jpg","type":"image\/jpeg"}],"author":"admin","twitter_card":"summary_large_image","twitter_misc":{"Escrito por":"admin","Tiempo de lectura":"3 minutos"},"schema":{"@context":"https:\/\/schema.org","@graph":[{"@type":"Article","@id":"https:\/\/redamlo.com\/index.php\/2023\/06\/24\/gran-festejo-de-la-diversidad-en-cdmx\/#article","isPartOf":{"@id":"https:\/\/redamlo.com\/index.php\/2023\/06\/24\/gran-festejo-de-la-diversidad-en-cdmx\/"},"author":{"name":"admin","@id":"https:\/\/redamlo.com\/#\/schema\/person\/197a0a670d21b1f4f1483ddda1b64613"},"headline":"Gran Festejo de la Diversidad en CDMX","datePublished":"2023-06-24T22:31:32+00:00","mainEntityOfPage":{"@id":"https:\/\/redamlo.com\/index.php\/2023\/06\/24\/gran-festejo-de-la-diversidad-en-cdmx\/"},"wordCount":535,"commentCount":0,"publisher":{"@id":"https:\/\/redamlo.com\/#organization"},"image":{"@id":"https:\/\/redamlo.com\/index.php\/2023\/06\/24\/gran-festejo-de-la-diversidad-en-cdmx\/#primaryimage"},"thumbnailUrl":"https:\/\/redamlo.com\/wp-content\/uploads\/2023\/06\/marcha-lgbt.jpg","keywords":["CDMX","lgbtq+","marcha del orgullo","marcha gay"],"articleSection":["CDMX"],"inLanguage":"es","potentialAction":[{"@type":"CommentAction","name":"Comment","target":["https:\/\/redamlo.com\/index.php\/2023\/06\/24\/gran-festejo-de-la-diversidad-en-cdmx\/#respond"]}]},{"@type":"WebPage","@id":"https:\/\/redamlo.com\/index.php\/2023\/06\/24\/gran-festejo-de-la-diversidad-en-cdmx\/","url":"https:\/\/redamlo.com\/index.php\/2023\/06\/24\/gran-festejo-de-la-diversidad-en-cdmx\/","name":"Gran Festejo de la Diversidad en CDMX - NOTICIAS DE LA 4T","isPartOf":{"@id":"https:\/\/redamlo.com\/#website"},"primaryImageOfPage":{"@id":"https:\/\/redamlo.com\/index.php\/2023\/06\/24\/gran-festejo-de-la-diversidad-en-cdmx\/#primaryimage"},"image":{"@id":"https:\/\/redamlo.com\/index.php\/2023\/06\/24\/gran-festejo-de-la-diversidad-en-cdmx\/#primaryimage"},"thumbnailUrl":"https:\/\/redamlo.com\/wp-content\/uploads\/2023\/06\/marcha-lgbt.jpg","datePublished":"2023-06-24T22:31:32+00:00","breadcrumb":{"@id":"https:\/\/redamlo.com\/index.php\/2023\/06\/24\/gran-festejo-de-la-diversidad-en-cdmx\/#breadcrumb"},"inLanguage":"es","potentialAction":[{"@type":"ReadAction","target":["https:\/\/redamlo.com\/index.php\/2023\/06\/24\/gran-festejo-de-la-diversidad-en-cdmx\/"]}]},{"@type":"ImageObject","inLanguage":"es","@id":"https:\/\/redamlo.com\/index.php\/2023\/06\/24\/gran-festejo-de-la-diversidad-en-cdmx\/#primaryimage","url":"https:\/\/redamlo.com\/wp-content\/uploads\/2023\/06\/marcha-lgbt.jpg","contentUrl":"https:\/\/redamlo.com\/wp-content\/uploads\/2023\/06\/marcha-lgbt.jpg","width":745,"height":558},{"@type":"BreadcrumbList","@id":"https:\/\/redamlo.com\/index.php\/2023\/06\/24\/gran-festejo-de-la-diversidad-en-cdmx\/#breadcrumb","itemListElement":[{"@type":"ListItem","position":1,"name":"Inicio","item":"https:\/\/redamlo.com\/"},{"@type":"ListItem","position":2,"name":"Gran Festejo de la Diversidad en CDMX"}]},{"@type":"WebSite","@id":"https:\/\/redamlo.com\/#website","url":"https:\/\/redamlo.com\/","name":"NOTICIAS DE LA 4T","description":"","publisher":{"@id":"https:\/\/redamlo.com\/#organization"},"potentialAction":[{"@type":"SearchAction","target":{"@type":"EntryPoint","urlTemplate":"https:\/\/redamlo.com\/?s={search_term_string}"},"query-input":{"@type":"PropertyValueSpecification","valueRequired":true,"valueName":"search_term_string"}}],"inLanguage":"es"},{"@type":"Organization","@id":"https:\/\/redamlo.com\/#organization","name":"NOTICIAS DE LA 4T","url":"https:\/\/redamlo.com\/","logo":{"@type":"ImageObject","inLanguage":"es","@id":"https:\/\/redamlo.com\/#\/schema\/logo\/image\/","url":"https:\/\/redamlo.com\/wp-content\/uploads\/2024\/08\/cropped-RED-AMLO-logo-50.png","contentUrl":"https:\/\/redamlo.com\/wp-content\/uploads\/2024\/08\/cropped-RED-AMLO-logo-50.png","width":256,"height":256,"caption":"NOTICIAS DE LA 4T"},"image":{"@id":"https:\/\/redamlo.com\/#\/schema\/logo\/image\/"}},{"@type":"Person","@id":"https:\/\/redamlo.com\/#\/schema\/person\/197a0a670d21b1f4f1483ddda1b64613","name":"admin","image":{"@type":"ImageObject","inLanguage":"es","@id":"https:\/\/secure.gravatar.com\/avatar\/293dccd927043f2e641da6685c2f84009782eb9ee0054daceada4e261ded849a?s=96&d=mm&r=g","url":"https:\/\/secure.gravatar.com\/avatar\/293dccd927043f2e641da6685c2f84009782eb9ee0054daceada4e261ded849a?s=96&d=mm&r=g","contentUrl":"https:\/\/secure.gravatar.com\/avatar\/293dccd927043f2e641da6685c2f84009782eb9ee0054daceada4e261ded849a?s=96&d=mm&r=g","caption":"admin"},"sameAs":["https:\/\/redamlo.com"],"url":"https:\/\/redamlo.com\/index.php\/author\/stell\/"}]}},"_links":{"self":[{"href":"https:\/\/redamlo.com\/index.php\/wp-json\/wp\/v2\/posts\/6932","targetHints":{"allow":["GET"]}}],"collection":[{"href":"https:\/\/redamlo.com\/index.php\/wp-json\/wp\/v2\/posts"}],"about":[{"href":"https:\/\/redamlo.com\/index.php\/wp-json\/wp\/v2\/types\/post"}],"author":[{"embeddable":true,"href":"https:\/\/redamlo.com\/index.php\/wp-json\/wp\/v2\/users\/1"}],"replies":[{"embeddable":true,"href":"https:\/\/redamlo.com\/index.php\/wp-json\/wp\/v2\/comments?post=6932"}],"version-history":[{"count":0,"href":"https:\/\/redamlo.com\/index.php\/wp-json\/wp\/v2\/posts\/6932\/revisions"}],"wp:featuredmedia":[{"embeddable":true,"href":"https:\/\/redamlo.com\/index.php\/wp-json\/wp\/v2\/media\/6933"}],"wp:attachment":[{"href":"https:\/\/redamlo.com\/index.php\/wp-json\/wp\/v2\/media?parent=6932"}],"wp:term":[{"taxonomy":"category","embeddable":true,"href":"https:\/\/redamlo.com\/index.php\/wp-json\/wp\/v2\/categories?post=6932"},{"taxonomy":"post_tag","embeddable":true,"href":"https:\/\/redamlo.com\/index.php\/wp-json\/wp\/v2\/tags?post=6932"}],"curies":[{"name":"wp","href":"https:\/\/api.w.org\/{rel}","templated":true}]}}