{"id":6925,"date":"2023-06-21T20:32:21","date_gmt":"2023-06-22T02:32:21","guid":{"rendered":"https:\/\/redamlo.com\/?p=6925"},"modified":"2023-06-21T20:32:21","modified_gmt":"2023-06-22T02:32:21","slug":"la-mayoria-de-los-mexicanos-apoya-la-cuarta-transformacion-afirma-amlo","status":"publish","type":"post","link":"https:\/\/redamlo.com\/index.php\/2023\/06\/21\/la-mayoria-de-los-mexicanos-apoya-la-cuarta-transformacion-afirma-amlo\/","title":{"rendered":"LA MAYOR\u00cdA DE LOS MEXICANOS APOYA LA CUARTA TRANSFORMACI\u00d3N, AFIRMA AMLO"},"content":{"rendered":"<p>Al encabezar la conferencia de prensa matutina, el presidente Andr\u00e9s Manuel L\u00f3pez Obrador destac\u00f3 que la mayor\u00eda en M\u00e9xico apoya la Cuarta Transformaci\u00f3n, movimiento dedicado a atender las necesidades del pueblo y desterrar la corrupci\u00f3n.<\/p>\n<blockquote><p>\u201c\u00bfPor qu\u00e9 la mayor\u00eda de los mexicanos apoya la transformaci\u00f3n? Porque hicimos un compromiso con el pueblo de que su gobierno iba a atender a todos, iba a respetar a todos, pero se le iba a dar preferencia a los pobres, a los m\u00e1s necesitados y eso es lo que se ha venido logrando\u201d, enfatiz\u00f3.<\/p>\n<p>https:\/\/www.youtube.com\/watch?v=dUoqvjkl0Go<\/p><\/blockquote>\n<p>\u201cEs una transformaci\u00f3n como lo fue la Independencia, la Reforma, la Revoluci\u00f3n, con el distintivo de que lo estamos haciendo desde abajo, con todos y de manera pac\u00edfica, pero con mucha profundidad. Es un momento hist\u00f3rico\u201d, agreg\u00f3.<\/p>\n<p>Uno de los resultados m\u00e1s importantes de la implementaci\u00f3n de la pol\u00edtica de cero corrupci\u00f3n e impunidad, destac\u00f3, es la estabilidad econ\u00f3mica. Adem\u00e1s, las finanzas p\u00fablicas sanas contribuyen a apoyar a la poblaci\u00f3n que m\u00e1s lo necesita.<\/p>\n<blockquote><p>\u201cPor eso tenemos una econom\u00eda s\u00f3lida, por eso hay empleos, hay oportunidades de trabajo; por eso ha aumentado el salario como no suced\u00eda en d\u00e9cadas, por eso ha habido progreso, se han beneficiado comerciantes, empresarios\u201d, apunt\u00f3.<\/p><\/blockquote>\n<p>La federaci\u00f3n ejerce funciones con austeridad e impulsa acuerdos para generar ahorros, de modo que, en cuatro a\u00f1os y medio de administraci\u00f3n, pueden constatarse los esfuerzos de revertir el saqueo de 36 a\u00f1os de gobiernos neoliberales.<\/p>\n<p>\u201cEn el caso de los gasoductos, bajaron la tarifa. En el caso de los reclusorios nos ahorramos, nada m\u00e1s dos a\u00f1os, 10 mil millones de pesos. El caso de los mantenimientos de caminos, poco m\u00e1s de mil millones al a\u00f1o, que son los que estamos destinando para la construcci\u00f3n de los caminos en La Monta\u00f1a de Guerrero. Con la compra de medicinas, 40 mil millones de pesos nos ahorramos\u201d, destac\u00f3 el mandatario.<\/p>\n<p>El gobierno federal hace justicia a trabajadores del campo, ejidatarios y peque\u00f1os propietarios en casos de despojo de tierras y problemas agrarios.<\/p>\n<blockquote><p>\u201cEstamos resolviendo muchos problemas agrarios, todos de ese tiempo; vamos a seguir avanzando hasta donde podamos y tambi\u00e9n decirle a la gente que la transformaci\u00f3n va a continuar\u201d, refiri\u00f3.<\/p><\/blockquote>\n<p>El presidente resalt\u00f3 que, a trav\u00e9s de estas acciones, el Gobierno de M\u00e9xico construye la paz y la tranquilidad en M\u00e9xico, que actualmente es en el mundo uno de los pa\u00edses con mayor desarrollo econ\u00f3mico, social y pol\u00edtico.<\/p>\n<blockquote><p>\u201cHay estabilidad pol\u00edtica, hay gobernabilidad. Y la gente lo percibe, est\u00e1 contenta, hay alegr\u00eda\u201d, asever\u00f3.<\/p><\/blockquote>\n","protected":false},"excerpt":{"rendered":"<p>Al encabezar la conferencia de prensa matutina, el presidente Andr\u00e9s Manuel L\u00f3pez Obrador destac\u00f3 que&#8230;<\/p>\n","protected":false},"author":1,"featured_media":6926,"comment_status":"open","ping_status":"closed","sticky":false,"template":"","format":"standard","meta":{"footnotes":""},"categories":[27],"tags":[190,84],"class_list":["post-6925","post","type-post","status-publish","format-standard","has-post-thumbnail","hentry","category-presidencia","tag-4t","tag-amlo"],"yoast_head":"<!-- This site is optimized with the Yoast SEO plugin v27.5 - https:\/\/yoast.com\/product\/yoast-seo-wordpress\/ -->\n<title>LA MAYOR\u00cdA DE LOS MEXICANOS APOYA LA CUARTA TRANSFORMACI\u00d3N, AFIRMA AMLO - NOTICIAS DE LA 4T<\/title>\n<meta name=\"robots\" content=\"noindex, follow, max-snippet:-1, max-image-preview:large, max-video-preview:-1\" \/>\n<meta property=\"og:locale\" content=\"es_MX\" \/>\n<meta property=\"og:type\" content=\"article\" \/>\n<meta property=\"og:title\" content=\"LA MAYOR\u00cdA DE LOS MEXICANOS APOYA LA CUARTA TRANSFORMACI\u00d3N, AFIRMA AMLO - NOTICIAS DE LA 4T\" \/>\n<meta property=\"og:description\" content=\"Al encabezar la conferencia de prensa matutina, el presidente Andr\u00e9s Manuel L\u00f3pez Obrador destac\u00f3 que...\" \/>\n<meta property=\"og:url\" content=\"https:\/\/redamlo.com\/index.php\/2023\/06\/21\/la-mayoria-de-los-mexicanos-apoya-la-cuarta-transformacion-afirma-amlo\/\" \/>\n<meta property=\"og:site_name\" content=\"NOTICIAS DE LA 4T\" \/>\n<meta property=\"article:published_time\" content=\"2023-06-22T02:32:21+00:00\" \/>\n<meta property=\"og:image\" content=\"https:\/\/redamlo.com\/wp-content\/uploads\/2023\/06\/2023-06-21-Conferencia-de-prensa-matutina-Palacio-Nacional-Foto-04.jpg\" \/>\n\t<meta property=\"og:image:width\" content=\"1502\" \/>\n\t<meta property=\"og:image:height\" content=\"1000\" \/>\n\t<meta property=\"og:image:type\" content=\"image\/jpeg\" \/>\n<meta name=\"author\" content=\"admin\" \/>\n<meta name=\"twitter:card\" content=\"summary_large_image\" \/>\n<meta name=\"twitter:label1\" content=\"Escrito por\" \/>\n\t<meta name=\"twitter:data1\" content=\"admin\" \/>\n\t<meta name=\"twitter:label2\" content=\"Tiempo de lectura\" \/>\n\t<meta name=\"twitter:data2\" content=\"2 minutos\" \/>\n<script type=\"application\/ld+json\" class=\"yoast-schema-graph\">{\"@context\":\"https:\\\/\\\/schema.org\",\"@graph\":[{\"@type\":\"Article\",\"@id\":\"https:\\\/\\\/redamlo.com\\\/index.php\\\/2023\\\/06\\\/21\\\/la-mayoria-de-los-mexicanos-apoya-la-cuarta-transformacion-afirma-amlo\\\/#article\",\"isPartOf\":{\"@id\":\"https:\\\/\\\/redamlo.com\\\/index.php\\\/2023\\\/06\\\/21\\\/la-mayoria-de-los-mexicanos-apoya-la-cuarta-transformacion-afirma-amlo\\\/\"},\"author\":{\"name\":\"admin\",\"@id\":\"https:\\\/\\\/redamlo.com\\\/#\\\/schema\\\/person\\\/197a0a670d21b1f4f1483ddda1b64613\"},\"headline\":\"LA MAYOR\u00cdA DE LOS MEXICANOS APOYA LA CUARTA TRANSFORMACI\u00d3N, AFIRMA AMLO\",\"datePublished\":\"2023-06-22T02:32:21+00:00\",\"mainEntityOfPage\":{\"@id\":\"https:\\\/\\\/redamlo.com\\\/index.php\\\/2023\\\/06\\\/21\\\/la-mayoria-de-los-mexicanos-apoya-la-cuarta-transformacion-afirma-amlo\\\/\"},\"wordCount\":477,\"commentCount\":0,\"publisher\":{\"@id\":\"https:\\\/\\\/redamlo.com\\\/#organization\"},\"image\":{\"@id\":\"https:\\\/\\\/redamlo.com\\\/index.php\\\/2023\\\/06\\\/21\\\/la-mayoria-de-los-mexicanos-apoya-la-cuarta-transformacion-afirma-amlo\\\/#primaryimage\"},\"thumbnailUrl\":\"https:\\\/\\\/redamlo.com\\\/wp-content\\\/uploads\\\/2023\\\/06\\\/2023-06-21-Conferencia-de-prensa-matutina-Palacio-Nacional-Foto-04.jpg\",\"keywords\":[\"4T\",\"AMLO\"],\"articleSection\":[\"Presidencia\"],\"inLanguage\":\"es\",\"potentialAction\":[{\"@type\":\"CommentAction\",\"name\":\"Comment\",\"target\":[\"https:\\\/\\\/redamlo.com\\\/index.php\\\/2023\\\/06\\\/21\\\/la-mayoria-de-los-mexicanos-apoya-la-cuarta-transformacion-afirma-amlo\\\/#respond\"]}]},{\"@type\":\"WebPage\",\"@id\":\"https:\\\/\\\/redamlo.com\\\/index.php\\\/2023\\\/06\\\/21\\\/la-mayoria-de-los-mexicanos-apoya-la-cuarta-transformacion-afirma-amlo\\\/\",\"url\":\"https:\\\/\\\/redamlo.com\\\/index.php\\\/2023\\\/06\\\/21\\\/la-mayoria-de-los-mexicanos-apoya-la-cuarta-transformacion-afirma-amlo\\\/\",\"name\":\"LA MAYOR\u00cdA DE LOS MEXICANOS APOYA LA CUARTA TRANSFORMACI\u00d3N, AFIRMA AMLO - NOTICIAS DE LA 4T\",\"isPartOf\":{\"@id\":\"https:\\\/\\\/redamlo.com\\\/#website\"},\"primaryImageOfPage\":{\"@id\":\"https:\\\/\\\/redamlo.com\\\/index.php\\\/2023\\\/06\\\/21\\\/la-mayoria-de-los-mexicanos-apoya-la-cuarta-transformacion-afirma-amlo\\\/#primaryimage\"},\"image\":{\"@id\":\"https:\\\/\\\/redamlo.com\\\/index.php\\\/2023\\\/06\\\/21\\\/la-mayoria-de-los-mexicanos-apoya-la-cuarta-transformacion-afirma-amlo\\\/#primaryimage\"},\"thumbnailUrl\":\"https:\\\/\\\/redamlo.com\\\/wp-content\\\/uploads\\\/2023\\\/06\\\/2023-06-21-Conferencia-de-prensa-matutina-Palacio-Nacional-Foto-04.jpg\",\"datePublished\":\"2023-06-22T02:32:21+00:00\",\"breadcrumb\":{\"@id\":\"https:\\\/\\\/redamlo.com\\\/index.php\\\/2023\\\/06\\\/21\\\/la-mayoria-de-los-mexicanos-apoya-la-cuarta-transformacion-afirma-amlo\\\/#breadcrumb\"},\"inLanguage\":\"es\",\"potentialAction\":[{\"@type\":\"ReadAction\",\"target\":[\"https:\\\/\\\/redamlo.com\\\/index.php\\\/2023\\\/06\\\/21\\\/la-mayoria-de-los-mexicanos-apoya-la-cuarta-transformacion-afirma-amlo\\\/\"]}]},{\"@type\":\"ImageObject\",\"inLanguage\":\"es\",\"@id\":\"https:\\\/\\\/redamlo.com\\\/index.php\\\/2023\\\/06\\\/21\\\/la-mayoria-de-los-mexicanos-apoya-la-cuarta-transformacion-afirma-amlo\\\/#primaryimage\",\"url\":\"https:\\\/\\\/redamlo.com\\\/wp-content\\\/uploads\\\/2023\\\/06\\\/2023-06-21-Conferencia-de-prensa-matutina-Palacio-Nacional-Foto-04.jpg\",\"contentUrl\":\"https:\\\/\\\/redamlo.com\\\/wp-content\\\/uploads\\\/2023\\\/06\\\/2023-06-21-Conferencia-de-prensa-matutina-Palacio-Nacional-Foto-04.jpg\",\"width\":1502,\"height\":1000},{\"@type\":\"BreadcrumbList\",\"@id\":\"https:\\\/\\\/redamlo.com\\\/index.php\\\/2023\\\/06\\\/21\\\/la-mayoria-de-los-mexicanos-apoya-la-cuarta-transformacion-afirma-amlo\\\/#breadcrumb\",\"itemListElement\":[{\"@type\":\"ListItem\",\"position\":1,\"name\":\"Inicio\",\"item\":\"https:\\\/\\\/redamlo.com\\\/\"},{\"@type\":\"ListItem\",\"position\":2,\"name\":\"LA MAYOR\u00cdA DE LOS MEXICANOS APOYA LA CUARTA TRANSFORMACI\u00d3N, AFIRMA AMLO\"}]},{\"@type\":\"WebSite\",\"@id\":\"https:\\\/\\\/redamlo.com\\\/#website\",\"url\":\"https:\\\/\\\/redamlo.com\\\/\",\"name\":\"NOTICIAS DE LA 4T\",\"description\":\"\",\"publisher\":{\"@id\":\"https:\\\/\\\/redamlo.com\\\/#organization\"},\"potentialAction\":[{\"@type\":\"SearchAction\",\"target\":{\"@type\":\"EntryPoint\",\"urlTemplate\":\"https:\\\/\\\/redamlo.com\\\/?s={search_term_string}\"},\"query-input\":{\"@type\":\"PropertyValueSpecification\",\"valueRequired\":true,\"valueName\":\"search_term_string\"}}],\"inLanguage\":\"es\"},{\"@type\":\"Organization\",\"@id\":\"https:\\\/\\\/redamlo.com\\\/#organization\",\"name\":\"NOTICIAS DE LA 4T\",\"url\":\"https:\\\/\\\/redamlo.com\\\/\",\"logo\":{\"@type\":\"ImageObject\",\"inLanguage\":\"es\",\"@id\":\"https:\\\/\\\/redamlo.com\\\/#\\\/schema\\\/logo\\\/image\\\/\",\"url\":\"https:\\\/\\\/redamlo.com\\\/wp-content\\\/uploads\\\/2024\\\/08\\\/cropped-RED-AMLO-logo-50.png\",\"contentUrl\":\"https:\\\/\\\/redamlo.com\\\/wp-content\\\/uploads\\\/2024\\\/08\\\/cropped-RED-AMLO-logo-50.png\",\"width\":256,\"height\":256,\"caption\":\"NOTICIAS DE LA 4T\"},\"image\":{\"@id\":\"https:\\\/\\\/redamlo.com\\\/#\\\/schema\\\/logo\\\/image\\\/\"}},{\"@type\":\"Person\",\"@id\":\"https:\\\/\\\/redamlo.com\\\/#\\\/schema\\\/person\\\/197a0a670d21b1f4f1483ddda1b64613\",\"name\":\"admin\",\"image\":{\"@type\":\"ImageObject\",\"inLanguage\":\"es\",\"@id\":\"https:\\\/\\\/secure.gravatar.com\\\/avatar\\\/293dccd927043f2e641da6685c2f84009782eb9ee0054daceada4e261ded849a?s=96&d=mm&r=g\",\"url\":\"https:\\\/\\\/secure.gravatar.com\\\/avatar\\\/293dccd927043f2e641da6685c2f84009782eb9ee0054daceada4e261ded849a?s=96&d=mm&r=g\",\"contentUrl\":\"https:\\\/\\\/secure.gravatar.com\\\/avatar\\\/293dccd927043f2e641da6685c2f84009782eb9ee0054daceada4e261ded849a?s=96&d=mm&r=g\",\"caption\":\"admin\"},\"sameAs\":[\"https:\\\/\\\/redamlo.com\"],\"url\":\"https:\\\/\\\/redamlo.com\\\/index.php\\\/author\\\/stell\\\/\"}]}<\/script>\n<!-- \/ Yoast SEO plugin. -->","yoast_head_json":{"title":"LA MAYOR\u00cdA DE LOS MEXICANOS APOYA LA CUARTA TRANSFORMACI\u00d3N, AFIRMA AMLO - NOTICIAS DE LA 4T","robots":{"index":"noindex","follow":"follow","max-snippet":"max-snippet:-1","max-image-preview":"max-image-preview:large","max-video-preview":"max-video-preview:-1"},"og_locale":"es_MX","og_type":"article","og_title":"LA MAYOR\u00cdA DE LOS MEXICANOS APOYA LA CUARTA TRANSFORMACI\u00d3N, AFIRMA AMLO - NOTICIAS DE LA 4T","og_description":"Al encabezar la conferencia de prensa matutina, el presidente Andr\u00e9s Manuel L\u00f3pez Obrador destac\u00f3 que...","og_url":"https:\/\/redamlo.com\/index.php\/2023\/06\/21\/la-mayoria-de-los-mexicanos-apoya-la-cuarta-transformacion-afirma-amlo\/","og_site_name":"NOTICIAS DE LA 4T","article_published_time":"2023-06-22T02:32:21+00:00","og_image":[{"width":1502,"height":1000,"url":"https:\/\/redamlo.com\/wp-content\/uploads\/2023\/06\/2023-06-21-Conferencia-de-prensa-matutina-Palacio-Nacional-Foto-04.jpg","type":"image\/jpeg"}],"author":"admin","twitter_card":"summary_large_image","twitter_misc":{"Escrito por":"admin","Tiempo de lectura":"2 minutos"},"schema":{"@context":"https:\/\/schema.org","@graph":[{"@type":"Article","@id":"https:\/\/redamlo.com\/index.php\/2023\/06\/21\/la-mayoria-de-los-mexicanos-apoya-la-cuarta-transformacion-afirma-amlo\/#article","isPartOf":{"@id":"https:\/\/redamlo.com\/index.php\/2023\/06\/21\/la-mayoria-de-los-mexicanos-apoya-la-cuarta-transformacion-afirma-amlo\/"},"author":{"name":"admin","@id":"https:\/\/redamlo.com\/#\/schema\/person\/197a0a670d21b1f4f1483ddda1b64613"},"headline":"LA MAYOR\u00cdA DE LOS MEXICANOS APOYA LA CUARTA TRANSFORMACI\u00d3N, AFIRMA AMLO","datePublished":"2023-06-22T02:32:21+00:00","mainEntityOfPage":{"@id":"https:\/\/redamlo.com\/index.php\/2023\/06\/21\/la-mayoria-de-los-mexicanos-apoya-la-cuarta-transformacion-afirma-amlo\/"},"wordCount":477,"commentCount":0,"publisher":{"@id":"https:\/\/redamlo.com\/#organization"},"image":{"@id":"https:\/\/redamlo.com\/index.php\/2023\/06\/21\/la-mayoria-de-los-mexicanos-apoya-la-cuarta-transformacion-afirma-amlo\/#primaryimage"},"thumbnailUrl":"https:\/\/redamlo.com\/wp-content\/uploads\/2023\/06\/2023-06-21-Conferencia-de-prensa-matutina-Palacio-Nacional-Foto-04.jpg","keywords":["4T","AMLO"],"articleSection":["Presidencia"],"inLanguage":"es","potentialAction":[{"@type":"CommentAction","name":"Comment","target":["https:\/\/redamlo.com\/index.php\/2023\/06\/21\/la-mayoria-de-los-mexicanos-apoya-la-cuarta-transformacion-afirma-amlo\/#respond"]}]},{"@type":"WebPage","@id":"https:\/\/redamlo.com\/index.php\/2023\/06\/21\/la-mayoria-de-los-mexicanos-apoya-la-cuarta-transformacion-afirma-amlo\/","url":"https:\/\/redamlo.com\/index.php\/2023\/06\/21\/la-mayoria-de-los-mexicanos-apoya-la-cuarta-transformacion-afirma-amlo\/","name":"LA MAYOR\u00cdA DE LOS MEXICANOS APOYA LA CUARTA TRANSFORMACI\u00d3N, AFIRMA AMLO - NOTICIAS DE LA 4T","isPartOf":{"@id":"https:\/\/redamlo.com\/#website"},"primaryImageOfPage":{"@id":"https:\/\/redamlo.com\/index.php\/2023\/06\/21\/la-mayoria-de-los-mexicanos-apoya-la-cuarta-transformacion-afirma-amlo\/#primaryimage"},"image":{"@id":"https:\/\/redamlo.com\/index.php\/2023\/06\/21\/la-mayoria-de-los-mexicanos-apoya-la-cuarta-transformacion-afirma-amlo\/#primaryimage"},"thumbnailUrl":"https:\/\/redamlo.com\/wp-content\/uploads\/2023\/06\/2023-06-21-Conferencia-de-prensa-matutina-Palacio-Nacional-Foto-04.jpg","datePublished":"2023-06-22T02:32:21+00:00","breadcrumb":{"@id":"https:\/\/redamlo.com\/index.php\/2023\/06\/21\/la-mayoria-de-los-mexicanos-apoya-la-cuarta-transformacion-afirma-amlo\/#breadcrumb"},"inLanguage":"es","potentialAction":[{"@type":"ReadAction","target":["https:\/\/redamlo.com\/index.php\/2023\/06\/21\/la-mayoria-de-los-mexicanos-apoya-la-cuarta-transformacion-afirma-amlo\/"]}]},{"@type":"ImageObject","inLanguage":"es","@id":"https:\/\/redamlo.com\/index.php\/2023\/06\/21\/la-mayoria-de-los-mexicanos-apoya-la-cuarta-transformacion-afirma-amlo\/#primaryimage","url":"https:\/\/redamlo.com\/wp-content\/uploads\/2023\/06\/2023-06-21-Conferencia-de-prensa-matutina-Palacio-Nacional-Foto-04.jpg","contentUrl":"https:\/\/redamlo.com\/wp-content\/uploads\/2023\/06\/2023-06-21-Conferencia-de-prensa-matutina-Palacio-Nacional-Foto-04.jpg","width":1502,"height":1000},{"@type":"BreadcrumbList","@id":"https:\/\/redamlo.com\/index.php\/2023\/06\/21\/la-mayoria-de-los-mexicanos-apoya-la-cuarta-transformacion-afirma-amlo\/#breadcrumb","itemListElement":[{"@type":"ListItem","position":1,"name":"Inicio","item":"https:\/\/redamlo.com\/"},{"@type":"ListItem","position":2,"name":"LA MAYOR\u00cdA DE LOS MEXICANOS APOYA LA CUARTA TRANSFORMACI\u00d3N, AFIRMA AMLO"}]},{"@type":"WebSite","@id":"https:\/\/redamlo.com\/#website","url":"https:\/\/redamlo.com\/","name":"NOTICIAS DE LA 4T","description":"","publisher":{"@id":"https:\/\/redamlo.com\/#organization"},"potentialAction":[{"@type":"SearchAction","target":{"@type":"EntryPoint","urlTemplate":"https:\/\/redamlo.com\/?s={search_term_string}"},"query-input":{"@type":"PropertyValueSpecification","valueRequired":true,"valueName":"search_term_string"}}],"inLanguage":"es"},{"@type":"Organization","@id":"https:\/\/redamlo.com\/#organization","name":"NOTICIAS DE LA 4T","url":"https:\/\/redamlo.com\/","logo":{"@type":"ImageObject","inLanguage":"es","@id":"https:\/\/redamlo.com\/#\/schema\/logo\/image\/","url":"https:\/\/redamlo.com\/wp-content\/uploads\/2024\/08\/cropped-RED-AMLO-logo-50.png","contentUrl":"https:\/\/redamlo.com\/wp-content\/uploads\/2024\/08\/cropped-RED-AMLO-logo-50.png","width":256,"height":256,"caption":"NOTICIAS DE LA 4T"},"image":{"@id":"https:\/\/redamlo.com\/#\/schema\/logo\/image\/"}},{"@type":"Person","@id":"https:\/\/redamlo.com\/#\/schema\/person\/197a0a670d21b1f4f1483ddda1b64613","name":"admin","image":{"@type":"ImageObject","inLanguage":"es","@id":"https:\/\/secure.gravatar.com\/avatar\/293dccd927043f2e641da6685c2f84009782eb9ee0054daceada4e261ded849a?s=96&d=mm&r=g","url":"https:\/\/secure.gravatar.com\/avatar\/293dccd927043f2e641da6685c2f84009782eb9ee0054daceada4e261ded849a?s=96&d=mm&r=g","contentUrl":"https:\/\/secure.gravatar.com\/avatar\/293dccd927043f2e641da6685c2f84009782eb9ee0054daceada4e261ded849a?s=96&d=mm&r=g","caption":"admin"},"sameAs":["https:\/\/redamlo.com"],"url":"https:\/\/redamlo.com\/index.php\/author\/stell\/"}]}},"_links":{"self":[{"href":"https:\/\/redamlo.com\/index.php\/wp-json\/wp\/v2\/posts\/6925","targetHints":{"allow":["GET"]}}],"collection":[{"href":"https:\/\/redamlo.com\/index.php\/wp-json\/wp\/v2\/posts"}],"about":[{"href":"https:\/\/redamlo.com\/index.php\/wp-json\/wp\/v2\/types\/post"}],"author":[{"embeddable":true,"href":"https:\/\/redamlo.com\/index.php\/wp-json\/wp\/v2\/users\/1"}],"replies":[{"embeddable":true,"href":"https:\/\/redamlo.com\/index.php\/wp-json\/wp\/v2\/comments?post=6925"}],"version-history":[{"count":0,"href":"https:\/\/redamlo.com\/index.php\/wp-json\/wp\/v2\/posts\/6925\/revisions"}],"wp:featuredmedia":[{"embeddable":true,"href":"https:\/\/redamlo.com\/index.php\/wp-json\/wp\/v2\/media\/6926"}],"wp:attachment":[{"href":"https:\/\/redamlo.com\/index.php\/wp-json\/wp\/v2\/media?parent=6925"}],"wp:term":[{"taxonomy":"category","embeddable":true,"href":"https:\/\/redamlo.com\/index.php\/wp-json\/wp\/v2\/categories?post=6925"},{"taxonomy":"post_tag","embeddable":true,"href":"https:\/\/redamlo.com\/index.php\/wp-json\/wp\/v2\/tags?post=6925"}],"curies":[{"name":"wp","href":"https:\/\/api.w.org\/{rel}","templated":true}]}}