{"id":6922,"date":"2023-06-20T18:49:51","date_gmt":"2023-06-21T00:49:51","guid":{"rendered":"https:\/\/redamlo.com\/?p=6922"},"modified":"2023-06-20T18:49:51","modified_gmt":"2023-06-21T00:49:51","slug":"amlo-invita-al-pueblo-de-mexico-a-celebrar-en-el-zocalo-cinco-anos-del-triunfo-de-la-4t","status":"publish","type":"post","link":"https:\/\/redamlo.com\/index.php\/2023\/06\/20\/amlo-invita-al-pueblo-de-mexico-a-celebrar-en-el-zocalo-cinco-anos-del-triunfo-de-la-4t\/","title":{"rendered":"AMLO invita al pueblo de M\u00e9xico a celebrar en el Z\u00f3calo cinco a\u00f1os del triunfo de la 4T"},"content":{"rendered":"<p>El presidente Andr\u00e9s Manuel L\u00f3pez Obrador invit\u00f3 a celebrar el quinto aniversario del triunfo de la Cuarta Transformaci\u00f3n, suceso que defini\u00f3 como hist\u00f3rico para el pa\u00eds.<\/p>\n<p>El evento se llevar\u00e1 a cabo en el Z\u00f3calo de la Ciudad de M\u00e9xico el pr\u00f3ximo 1 de julio a las 17:00 horas.<\/p>\n<p><iframe loading=\"lazy\" title=\"Estados en modelo IMSS Bienestar formalizan transferencia de recursos. Conferencia presidente AMLO\" width=\"640\" height=\"360\" src=\"https:\/\/www.youtube.com\/embed\/Ht5DiZeQxGo?feature=oembed\" frameborder=\"0\" allow=\"accelerometer; autoplay; clipboard-write; encrypted-media; gyroscope; picture-in-picture; web-share\" referrerpolicy=\"strict-origin-when-cross-origin\" allowfullscreen><\/iframe><\/p>\n<blockquote><p>\u201cInvito a todos porque fue el triunfo de todo un pueblo. S\u00f3lo en votaci\u00f3n fueron 31 millones de votos, mujeres, hombres; es la elecci\u00f3n presidencial con m\u00e1s votos en la historia, por eso no se puede omitir una fecha as\u00ed, es muy importante\u201d, subray\u00f3 en conferencia de prensa matutina.<\/p><\/blockquote>\n<p>El mandatario refiri\u00f3 que, desde 2018, el 1 de julio se convirti\u00f3 en un d\u00eda de celebraci\u00f3n para el pueblo de M\u00e9xico. El festejo, dijo, se realizar\u00e1 \u201cporque estamos bien y de buenas\u201d.<\/p>\n","protected":false},"excerpt":{"rendered":"<p>El presidente Andr\u00e9s Manuel L\u00f3pez Obrador invit\u00f3 a celebrar el quinto aniversario del triunfo de&#8230;<\/p>\n","protected":false},"author":1,"featured_media":6923,"comment_status":"open","ping_status":"closed","sticky":false,"template":"","format":"standard","meta":{"footnotes":""},"categories":[27],"tags":[2522,1794,84,2523],"class_list":["post-6922","post","type-post","status-publish","format-standard","has-post-thumbnail","hentry","category-presidencia","tag-t","tag-1-de-julio","tag-amlo","tag-todos-al-zocalo-con-amlo"],"yoast_head":"<!-- This site is optimized with the Yoast SEO plugin v27.5 - https:\/\/yoast.com\/product\/yoast-seo-wordpress\/ -->\n<title>AMLO invita al pueblo de M\u00e9xico a celebrar en el Z\u00f3calo cinco a\u00f1os del triunfo de la 4T - NOTICIAS DE LA 4T<\/title>\n<meta name=\"robots\" content=\"noindex, follow, max-snippet:-1, max-image-preview:large, max-video-preview:-1\" \/>\n<meta property=\"og:locale\" content=\"es_MX\" \/>\n<meta property=\"og:type\" content=\"article\" \/>\n<meta property=\"og:title\" content=\"AMLO invita al pueblo de M\u00e9xico a celebrar en el Z\u00f3calo cinco a\u00f1os del triunfo de la 4T - NOTICIAS DE LA 4T\" \/>\n<meta property=\"og:description\" content=\"El presidente Andr\u00e9s Manuel L\u00f3pez Obrador invit\u00f3 a celebrar el quinto aniversario del triunfo de...\" \/>\n<meta property=\"og:url\" content=\"https:\/\/redamlo.com\/index.php\/2023\/06\/20\/amlo-invita-al-pueblo-de-mexico-a-celebrar-en-el-zocalo-cinco-anos-del-triunfo-de-la-4t\/\" \/>\n<meta property=\"og:site_name\" content=\"NOTICIAS DE LA 4T\" \/>\n<meta property=\"article:published_time\" content=\"2023-06-21T00:49:51+00:00\" \/>\n<meta property=\"og:image\" content=\"https:\/\/redamlo.com\/wp-content\/uploads\/2023\/06\/2023-06-20-Conferencia-de-prensa-matutina-Palacio-Nacional-Foto-01.jpg\" \/>\n\t<meta property=\"og:image:width\" content=\"1454\" \/>\n\t<meta property=\"og:image:height\" content=\"1000\" \/>\n\t<meta property=\"og:image:type\" content=\"image\/jpeg\" \/>\n<meta name=\"author\" content=\"admin\" \/>\n<meta name=\"twitter:card\" content=\"summary_large_image\" \/>\n<meta name=\"twitter:label1\" content=\"Escrito por\" \/>\n\t<meta name=\"twitter:data1\" content=\"admin\" \/>\n\t<meta name=\"twitter:label2\" content=\"Tiempo de lectura\" \/>\n\t<meta name=\"twitter:data2\" content=\"1 minuto\" \/>\n<script type=\"application\/ld+json\" class=\"yoast-schema-graph\">{\"@context\":\"https:\\\/\\\/schema.org\",\"@graph\":[{\"@type\":\"Article\",\"@id\":\"https:\\\/\\\/redamlo.com\\\/index.php\\\/2023\\\/06\\\/20\\\/amlo-invita-al-pueblo-de-mexico-a-celebrar-en-el-zocalo-cinco-anos-del-triunfo-de-la-4t\\\/#article\",\"isPartOf\":{\"@id\":\"https:\\\/\\\/redamlo.com\\\/index.php\\\/2023\\\/06\\\/20\\\/amlo-invita-al-pueblo-de-mexico-a-celebrar-en-el-zocalo-cinco-anos-del-triunfo-de-la-4t\\\/\"},\"author\":{\"name\":\"admin\",\"@id\":\"https:\\\/\\\/redamlo.com\\\/#\\\/schema\\\/person\\\/197a0a670d21b1f4f1483ddda1b64613\"},\"headline\":\"AMLO invita al pueblo de M\u00e9xico a celebrar en el Z\u00f3calo cinco a\u00f1os del triunfo de la 4T\",\"datePublished\":\"2023-06-21T00:49:51+00:00\",\"mainEntityOfPage\":{\"@id\":\"https:\\\/\\\/redamlo.com\\\/index.php\\\/2023\\\/06\\\/20\\\/amlo-invita-al-pueblo-de-mexico-a-celebrar-en-el-zocalo-cinco-anos-del-triunfo-de-la-4t\\\/\"},\"wordCount\":170,\"commentCount\":0,\"publisher\":{\"@id\":\"https:\\\/\\\/redamlo.com\\\/#organization\"},\"image\":{\"@id\":\"https:\\\/\\\/redamlo.com\\\/index.php\\\/2023\\\/06\\\/20\\\/amlo-invita-al-pueblo-de-mexico-a-celebrar-en-el-zocalo-cinco-anos-del-triunfo-de-la-4t\\\/#primaryimage\"},\"thumbnailUrl\":\"https:\\\/\\\/redamlo.com\\\/wp-content\\\/uploads\\\/2023\\\/06\\\/2023-06-20-Conferencia-de-prensa-matutina-Palacio-Nacional-Foto-01.jpg\",\"keywords\":[\"$t\",\"1 de Julio\",\"AMLO\",\"todos al zocalo con amlo\"],\"articleSection\":[\"Presidencia\"],\"inLanguage\":\"es\",\"potentialAction\":[{\"@type\":\"CommentAction\",\"name\":\"Comment\",\"target\":[\"https:\\\/\\\/redamlo.com\\\/index.php\\\/2023\\\/06\\\/20\\\/amlo-invita-al-pueblo-de-mexico-a-celebrar-en-el-zocalo-cinco-anos-del-triunfo-de-la-4t\\\/#respond\"]}]},{\"@type\":\"WebPage\",\"@id\":\"https:\\\/\\\/redamlo.com\\\/index.php\\\/2023\\\/06\\\/20\\\/amlo-invita-al-pueblo-de-mexico-a-celebrar-en-el-zocalo-cinco-anos-del-triunfo-de-la-4t\\\/\",\"url\":\"https:\\\/\\\/redamlo.com\\\/index.php\\\/2023\\\/06\\\/20\\\/amlo-invita-al-pueblo-de-mexico-a-celebrar-en-el-zocalo-cinco-anos-del-triunfo-de-la-4t\\\/\",\"name\":\"AMLO invita al pueblo de M\u00e9xico a celebrar en el Z\u00f3calo cinco a\u00f1os del triunfo de la 4T - NOTICIAS DE LA 4T\",\"isPartOf\":{\"@id\":\"https:\\\/\\\/redamlo.com\\\/#website\"},\"primaryImageOfPage\":{\"@id\":\"https:\\\/\\\/redamlo.com\\\/index.php\\\/2023\\\/06\\\/20\\\/amlo-invita-al-pueblo-de-mexico-a-celebrar-en-el-zocalo-cinco-anos-del-triunfo-de-la-4t\\\/#primaryimage\"},\"image\":{\"@id\":\"https:\\\/\\\/redamlo.com\\\/index.php\\\/2023\\\/06\\\/20\\\/amlo-invita-al-pueblo-de-mexico-a-celebrar-en-el-zocalo-cinco-anos-del-triunfo-de-la-4t\\\/#primaryimage\"},\"thumbnailUrl\":\"https:\\\/\\\/redamlo.com\\\/wp-content\\\/uploads\\\/2023\\\/06\\\/2023-06-20-Conferencia-de-prensa-matutina-Palacio-Nacional-Foto-01.jpg\",\"datePublished\":\"2023-06-21T00:49:51+00:00\",\"breadcrumb\":{\"@id\":\"https:\\\/\\\/redamlo.com\\\/index.php\\\/2023\\\/06\\\/20\\\/amlo-invita-al-pueblo-de-mexico-a-celebrar-en-el-zocalo-cinco-anos-del-triunfo-de-la-4t\\\/#breadcrumb\"},\"inLanguage\":\"es\",\"potentialAction\":[{\"@type\":\"ReadAction\",\"target\":[\"https:\\\/\\\/redamlo.com\\\/index.php\\\/2023\\\/06\\\/20\\\/amlo-invita-al-pueblo-de-mexico-a-celebrar-en-el-zocalo-cinco-anos-del-triunfo-de-la-4t\\\/\"]}]},{\"@type\":\"ImageObject\",\"inLanguage\":\"es\",\"@id\":\"https:\\\/\\\/redamlo.com\\\/index.php\\\/2023\\\/06\\\/20\\\/amlo-invita-al-pueblo-de-mexico-a-celebrar-en-el-zocalo-cinco-anos-del-triunfo-de-la-4t\\\/#primaryimage\",\"url\":\"https:\\\/\\\/redamlo.com\\\/wp-content\\\/uploads\\\/2023\\\/06\\\/2023-06-20-Conferencia-de-prensa-matutina-Palacio-Nacional-Foto-01.jpg\",\"contentUrl\":\"https:\\\/\\\/redamlo.com\\\/wp-content\\\/uploads\\\/2023\\\/06\\\/2023-06-20-Conferencia-de-prensa-matutina-Palacio-Nacional-Foto-01.jpg\",\"width\":1454,\"height\":1000},{\"@type\":\"BreadcrumbList\",\"@id\":\"https:\\\/\\\/redamlo.com\\\/index.php\\\/2023\\\/06\\\/20\\\/amlo-invita-al-pueblo-de-mexico-a-celebrar-en-el-zocalo-cinco-anos-del-triunfo-de-la-4t\\\/#breadcrumb\",\"itemListElement\":[{\"@type\":\"ListItem\",\"position\":1,\"name\":\"Inicio\",\"item\":\"https:\\\/\\\/redamlo.com\\\/\"},{\"@type\":\"ListItem\",\"position\":2,\"name\":\"AMLO invita al pueblo de M\u00e9xico a celebrar en el Z\u00f3calo cinco a\u00f1os del triunfo de la 4T\"}]},{\"@type\":\"WebSite\",\"@id\":\"https:\\\/\\\/redamlo.com\\\/#website\",\"url\":\"https:\\\/\\\/redamlo.com\\\/\",\"name\":\"NOTICIAS DE LA 4T\",\"description\":\"\",\"publisher\":{\"@id\":\"https:\\\/\\\/redamlo.com\\\/#organization\"},\"potentialAction\":[{\"@type\":\"SearchAction\",\"target\":{\"@type\":\"EntryPoint\",\"urlTemplate\":\"https:\\\/\\\/redamlo.com\\\/?s={search_term_string}\"},\"query-input\":{\"@type\":\"PropertyValueSpecification\",\"valueRequired\":true,\"valueName\":\"search_term_string\"}}],\"inLanguage\":\"es\"},{\"@type\":\"Organization\",\"@id\":\"https:\\\/\\\/redamlo.com\\\/#organization\",\"name\":\"NOTICIAS DE LA 4T\",\"url\":\"https:\\\/\\\/redamlo.com\\\/\",\"logo\":{\"@type\":\"ImageObject\",\"inLanguage\":\"es\",\"@id\":\"https:\\\/\\\/redamlo.com\\\/#\\\/schema\\\/logo\\\/image\\\/\",\"url\":\"https:\\\/\\\/redamlo.com\\\/wp-content\\\/uploads\\\/2024\\\/08\\\/cropped-RED-AMLO-logo-50.png\",\"contentUrl\":\"https:\\\/\\\/redamlo.com\\\/wp-content\\\/uploads\\\/2024\\\/08\\\/cropped-RED-AMLO-logo-50.png\",\"width\":256,\"height\":256,\"caption\":\"NOTICIAS DE LA 4T\"},\"image\":{\"@id\":\"https:\\\/\\\/redamlo.com\\\/#\\\/schema\\\/logo\\\/image\\\/\"}},{\"@type\":\"Person\",\"@id\":\"https:\\\/\\\/redamlo.com\\\/#\\\/schema\\\/person\\\/197a0a670d21b1f4f1483ddda1b64613\",\"name\":\"admin\",\"image\":{\"@type\":\"ImageObject\",\"inLanguage\":\"es\",\"@id\":\"https:\\\/\\\/secure.gravatar.com\\\/avatar\\\/293dccd927043f2e641da6685c2f84009782eb9ee0054daceada4e261ded849a?s=96&d=mm&r=g\",\"url\":\"https:\\\/\\\/secure.gravatar.com\\\/avatar\\\/293dccd927043f2e641da6685c2f84009782eb9ee0054daceada4e261ded849a?s=96&d=mm&r=g\",\"contentUrl\":\"https:\\\/\\\/secure.gravatar.com\\\/avatar\\\/293dccd927043f2e641da6685c2f84009782eb9ee0054daceada4e261ded849a?s=96&d=mm&r=g\",\"caption\":\"admin\"},\"sameAs\":[\"https:\\\/\\\/redamlo.com\"],\"url\":\"https:\\\/\\\/redamlo.com\\\/index.php\\\/author\\\/stell\\\/\"}]}<\/script>\n<!-- \/ Yoast SEO plugin. -->","yoast_head_json":{"title":"AMLO invita al pueblo de M\u00e9xico a celebrar en el Z\u00f3calo cinco a\u00f1os del triunfo de la 4T - NOTICIAS DE LA 4T","robots":{"index":"noindex","follow":"follow","max-snippet":"max-snippet:-1","max-image-preview":"max-image-preview:large","max-video-preview":"max-video-preview:-1"},"og_locale":"es_MX","og_type":"article","og_title":"AMLO invita al pueblo de M\u00e9xico a celebrar en el Z\u00f3calo cinco a\u00f1os del triunfo de la 4T - NOTICIAS DE LA 4T","og_description":"El presidente Andr\u00e9s Manuel L\u00f3pez Obrador invit\u00f3 a celebrar el quinto aniversario del triunfo de...","og_url":"https:\/\/redamlo.com\/index.php\/2023\/06\/20\/amlo-invita-al-pueblo-de-mexico-a-celebrar-en-el-zocalo-cinco-anos-del-triunfo-de-la-4t\/","og_site_name":"NOTICIAS DE LA 4T","article_published_time":"2023-06-21T00:49:51+00:00","og_image":[{"width":1454,"height":1000,"url":"https:\/\/redamlo.com\/wp-content\/uploads\/2023\/06\/2023-06-20-Conferencia-de-prensa-matutina-Palacio-Nacional-Foto-01.jpg","type":"image\/jpeg"}],"author":"admin","twitter_card":"summary_large_image","twitter_misc":{"Escrito por":"admin","Tiempo de lectura":"1 minuto"},"schema":{"@context":"https:\/\/schema.org","@graph":[{"@type":"Article","@id":"https:\/\/redamlo.com\/index.php\/2023\/06\/20\/amlo-invita-al-pueblo-de-mexico-a-celebrar-en-el-zocalo-cinco-anos-del-triunfo-de-la-4t\/#article","isPartOf":{"@id":"https:\/\/redamlo.com\/index.php\/2023\/06\/20\/amlo-invita-al-pueblo-de-mexico-a-celebrar-en-el-zocalo-cinco-anos-del-triunfo-de-la-4t\/"},"author":{"name":"admin","@id":"https:\/\/redamlo.com\/#\/schema\/person\/197a0a670d21b1f4f1483ddda1b64613"},"headline":"AMLO invita al pueblo de M\u00e9xico a celebrar en el Z\u00f3calo cinco a\u00f1os del triunfo de la 4T","datePublished":"2023-06-21T00:49:51+00:00","mainEntityOfPage":{"@id":"https:\/\/redamlo.com\/index.php\/2023\/06\/20\/amlo-invita-al-pueblo-de-mexico-a-celebrar-en-el-zocalo-cinco-anos-del-triunfo-de-la-4t\/"},"wordCount":170,"commentCount":0,"publisher":{"@id":"https:\/\/redamlo.com\/#organization"},"image":{"@id":"https:\/\/redamlo.com\/index.php\/2023\/06\/20\/amlo-invita-al-pueblo-de-mexico-a-celebrar-en-el-zocalo-cinco-anos-del-triunfo-de-la-4t\/#primaryimage"},"thumbnailUrl":"https:\/\/redamlo.com\/wp-content\/uploads\/2023\/06\/2023-06-20-Conferencia-de-prensa-matutina-Palacio-Nacional-Foto-01.jpg","keywords":["$t","1 de Julio","AMLO","todos al zocalo con amlo"],"articleSection":["Presidencia"],"inLanguage":"es","potentialAction":[{"@type":"CommentAction","name":"Comment","target":["https:\/\/redamlo.com\/index.php\/2023\/06\/20\/amlo-invita-al-pueblo-de-mexico-a-celebrar-en-el-zocalo-cinco-anos-del-triunfo-de-la-4t\/#respond"]}]},{"@type":"WebPage","@id":"https:\/\/redamlo.com\/index.php\/2023\/06\/20\/amlo-invita-al-pueblo-de-mexico-a-celebrar-en-el-zocalo-cinco-anos-del-triunfo-de-la-4t\/","url":"https:\/\/redamlo.com\/index.php\/2023\/06\/20\/amlo-invita-al-pueblo-de-mexico-a-celebrar-en-el-zocalo-cinco-anos-del-triunfo-de-la-4t\/","name":"AMLO invita al pueblo de M\u00e9xico a celebrar en el Z\u00f3calo cinco a\u00f1os del triunfo de la 4T - NOTICIAS DE LA 4T","isPartOf":{"@id":"https:\/\/redamlo.com\/#website"},"primaryImageOfPage":{"@id":"https:\/\/redamlo.com\/index.php\/2023\/06\/20\/amlo-invita-al-pueblo-de-mexico-a-celebrar-en-el-zocalo-cinco-anos-del-triunfo-de-la-4t\/#primaryimage"},"image":{"@id":"https:\/\/redamlo.com\/index.php\/2023\/06\/20\/amlo-invita-al-pueblo-de-mexico-a-celebrar-en-el-zocalo-cinco-anos-del-triunfo-de-la-4t\/#primaryimage"},"thumbnailUrl":"https:\/\/redamlo.com\/wp-content\/uploads\/2023\/06\/2023-06-20-Conferencia-de-prensa-matutina-Palacio-Nacional-Foto-01.jpg","datePublished":"2023-06-21T00:49:51+00:00","breadcrumb":{"@id":"https:\/\/redamlo.com\/index.php\/2023\/06\/20\/amlo-invita-al-pueblo-de-mexico-a-celebrar-en-el-zocalo-cinco-anos-del-triunfo-de-la-4t\/#breadcrumb"},"inLanguage":"es","potentialAction":[{"@type":"ReadAction","target":["https:\/\/redamlo.com\/index.php\/2023\/06\/20\/amlo-invita-al-pueblo-de-mexico-a-celebrar-en-el-zocalo-cinco-anos-del-triunfo-de-la-4t\/"]}]},{"@type":"ImageObject","inLanguage":"es","@id":"https:\/\/redamlo.com\/index.php\/2023\/06\/20\/amlo-invita-al-pueblo-de-mexico-a-celebrar-en-el-zocalo-cinco-anos-del-triunfo-de-la-4t\/#primaryimage","url":"https:\/\/redamlo.com\/wp-content\/uploads\/2023\/06\/2023-06-20-Conferencia-de-prensa-matutina-Palacio-Nacional-Foto-01.jpg","contentUrl":"https:\/\/redamlo.com\/wp-content\/uploads\/2023\/06\/2023-06-20-Conferencia-de-prensa-matutina-Palacio-Nacional-Foto-01.jpg","width":1454,"height":1000},{"@type":"BreadcrumbList","@id":"https:\/\/redamlo.com\/index.php\/2023\/06\/20\/amlo-invita-al-pueblo-de-mexico-a-celebrar-en-el-zocalo-cinco-anos-del-triunfo-de-la-4t\/#breadcrumb","itemListElement":[{"@type":"ListItem","position":1,"name":"Inicio","item":"https:\/\/redamlo.com\/"},{"@type":"ListItem","position":2,"name":"AMLO invita al pueblo de M\u00e9xico a celebrar en el Z\u00f3calo cinco a\u00f1os del triunfo de la 4T"}]},{"@type":"WebSite","@id":"https:\/\/redamlo.com\/#website","url":"https:\/\/redamlo.com\/","name":"NOTICIAS DE LA 4T","description":"","publisher":{"@id":"https:\/\/redamlo.com\/#organization"},"potentialAction":[{"@type":"SearchAction","target":{"@type":"EntryPoint","urlTemplate":"https:\/\/redamlo.com\/?s={search_term_string}"},"query-input":{"@type":"PropertyValueSpecification","valueRequired":true,"valueName":"search_term_string"}}],"inLanguage":"es"},{"@type":"Organization","@id":"https:\/\/redamlo.com\/#organization","name":"NOTICIAS DE LA 4T","url":"https:\/\/redamlo.com\/","logo":{"@type":"ImageObject","inLanguage":"es","@id":"https:\/\/redamlo.com\/#\/schema\/logo\/image\/","url":"https:\/\/redamlo.com\/wp-content\/uploads\/2024\/08\/cropped-RED-AMLO-logo-50.png","contentUrl":"https:\/\/redamlo.com\/wp-content\/uploads\/2024\/08\/cropped-RED-AMLO-logo-50.png","width":256,"height":256,"caption":"NOTICIAS DE LA 4T"},"image":{"@id":"https:\/\/redamlo.com\/#\/schema\/logo\/image\/"}},{"@type":"Person","@id":"https:\/\/redamlo.com\/#\/schema\/person\/197a0a670d21b1f4f1483ddda1b64613","name":"admin","image":{"@type":"ImageObject","inLanguage":"es","@id":"https:\/\/secure.gravatar.com\/avatar\/293dccd927043f2e641da6685c2f84009782eb9ee0054daceada4e261ded849a?s=96&d=mm&r=g","url":"https:\/\/secure.gravatar.com\/avatar\/293dccd927043f2e641da6685c2f84009782eb9ee0054daceada4e261ded849a?s=96&d=mm&r=g","contentUrl":"https:\/\/secure.gravatar.com\/avatar\/293dccd927043f2e641da6685c2f84009782eb9ee0054daceada4e261ded849a?s=96&d=mm&r=g","caption":"admin"},"sameAs":["https:\/\/redamlo.com"],"url":"https:\/\/redamlo.com\/index.php\/author\/stell\/"}]}},"_links":{"self":[{"href":"https:\/\/redamlo.com\/index.php\/wp-json\/wp\/v2\/posts\/6922","targetHints":{"allow":["GET"]}}],"collection":[{"href":"https:\/\/redamlo.com\/index.php\/wp-json\/wp\/v2\/posts"}],"about":[{"href":"https:\/\/redamlo.com\/index.php\/wp-json\/wp\/v2\/types\/post"}],"author":[{"embeddable":true,"href":"https:\/\/redamlo.com\/index.php\/wp-json\/wp\/v2\/users\/1"}],"replies":[{"embeddable":true,"href":"https:\/\/redamlo.com\/index.php\/wp-json\/wp\/v2\/comments?post=6922"}],"version-history":[{"count":0,"href":"https:\/\/redamlo.com\/index.php\/wp-json\/wp\/v2\/posts\/6922\/revisions"}],"wp:featuredmedia":[{"embeddable":true,"href":"https:\/\/redamlo.com\/index.php\/wp-json\/wp\/v2\/media\/6923"}],"wp:attachment":[{"href":"https:\/\/redamlo.com\/index.php\/wp-json\/wp\/v2\/media?parent=6922"}],"wp:term":[{"taxonomy":"category","embeddable":true,"href":"https:\/\/redamlo.com\/index.php\/wp-json\/wp\/v2\/categories?post=6922"},{"taxonomy":"post_tag","embeddable":true,"href":"https:\/\/redamlo.com\/index.php\/wp-json\/wp\/v2\/tags?post=6922"}],"curies":[{"name":"wp","href":"https:\/\/api.w.org\/{rel}","templated":true}]}}