{"id":6899,"date":"2023-06-14T14:51:48","date_gmt":"2023-06-14T20:51:48","guid":{"rendered":"https:\/\/redamlo.com\/?p=6899"},"modified":"2023-06-14T14:51:48","modified_gmt":"2023-06-14T20:51:48","slug":"sheinbaum-se-reune-con-amlo-en-palacio-nacional","status":"publish","type":"post","link":"https:\/\/redamlo.com\/index.php\/2023\/06\/14\/sheinbaum-se-reune-con-amlo-en-palacio-nacional\/","title":{"rendered":"Sheinbaum se re\u00fane con AMLO en Palacio Nacional"},"content":{"rendered":"<p>Despu\u00e9s de casi dos horas de una reuni\u00f3n en Palacio Nacional, la jefa de gobierno de la Ciudad de M\u00e9xico, Claudia Sheinbaum sali\u00f3 sin hablar sobre la reuni\u00f3n y sin responder si en ella se hab\u00eda despedido del presidente Andr\u00e9s Manuel L\u00f3pez Obrador. En el encuentro se abord\u00f3 el avance en las vialidades y en el tren que conectar\u00e1n al aeropuerto Felipe Angeles.<\/p>\n<p>Poco antes de la salida de Sheinbaum se hab\u00edan retirado del lugar tambi\u00e9n sin hablar el secretario de Infraestructura, Comunicaciones y Transportes, Jorge Nu\u00f1o; el gobernador del estado de M\u00e9xico, Alfredo del Mazo y el general responsable del AIFA, Isidoro Pastor.<\/p>\n<p>Fuente: La Jornada.<\/p>\n<p>&nbsp;<\/p>\n","protected":false},"excerpt":{"rendered":"<p>Despu\u00e9s de casi dos horas de una reuni\u00f3n en Palacio Nacional, la jefa de gobierno&#8230;<\/p>\n","protected":false},"author":1,"featured_media":6900,"comment_status":"open","ping_status":"closed","sticky":false,"template":"","format":"standard","meta":{"footnotes":""},"categories":[17],"tags":[84,638,2470],"class_list":["post-6899","post","type-post","status-publish","format-standard","has-post-thumbnail","hentry","category-cdmx","tag-amlo","tag-palacio-nacional","tag-sheinbaum"],"yoast_head":"<!-- This site is optimized with the Yoast SEO plugin v27.5 - https:\/\/yoast.com\/product\/yoast-seo-wordpress\/ -->\n<title>Sheinbaum se re\u00fane con AMLO en Palacio Nacional - NOTICIAS DE LA 4T<\/title>\n<meta name=\"robots\" content=\"noindex, follow, max-snippet:-1, max-image-preview:large, max-video-preview:-1\" \/>\n<meta property=\"og:locale\" content=\"es_MX\" \/>\n<meta property=\"og:type\" content=\"article\" \/>\n<meta property=\"og:title\" content=\"Sheinbaum se re\u00fane con AMLO en Palacio Nacional - NOTICIAS DE LA 4T\" \/>\n<meta property=\"og:description\" content=\"Despu\u00e9s de casi dos horas de una reuni\u00f3n en Palacio Nacional, la jefa de gobierno...\" \/>\n<meta property=\"og:url\" content=\"https:\/\/redamlo.com\/index.php\/2023\/06\/14\/sheinbaum-se-reune-con-amlo-en-palacio-nacional\/\" \/>\n<meta property=\"og:site_name\" content=\"NOTICIAS DE LA 4T\" \/>\n<meta property=\"article:published_time\" content=\"2023-06-14T20:51:48+00:00\" \/>\n<meta property=\"og:image\" content=\"https:\/\/redamlo.com\/wp-content\/uploads\/2023\/06\/Sheinbaum.webp\" \/>\n\t<meta property=\"og:image:width\" content=\"1280\" \/>\n\t<meta property=\"og:image:height\" content=\"720\" \/>\n\t<meta property=\"og:image:type\" content=\"image\/webp\" \/>\n<meta name=\"author\" content=\"admin\" \/>\n<meta name=\"twitter:card\" content=\"summary_large_image\" \/>\n<meta name=\"twitter:label1\" content=\"Escrito por\" \/>\n\t<meta name=\"twitter:data1\" content=\"admin\" \/>\n\t<meta name=\"twitter:label2\" content=\"Tiempo de lectura\" \/>\n\t<meta name=\"twitter:data2\" content=\"1 minuto\" \/>\n<script type=\"application\/ld+json\" class=\"yoast-schema-graph\">{\"@context\":\"https:\\\/\\\/schema.org\",\"@graph\":[{\"@type\":\"Article\",\"@id\":\"https:\\\/\\\/redamlo.com\\\/index.php\\\/2023\\\/06\\\/14\\\/sheinbaum-se-reune-con-amlo-en-palacio-nacional\\\/#article\",\"isPartOf\":{\"@id\":\"https:\\\/\\\/redamlo.com\\\/index.php\\\/2023\\\/06\\\/14\\\/sheinbaum-se-reune-con-amlo-en-palacio-nacional\\\/\"},\"author\":{\"name\":\"admin\",\"@id\":\"https:\\\/\\\/redamlo.com\\\/#\\\/schema\\\/person\\\/197a0a670d21b1f4f1483ddda1b64613\"},\"headline\":\"Sheinbaum se re\u00fane con AMLO en Palacio Nacional\",\"datePublished\":\"2023-06-14T20:51:48+00:00\",\"mainEntityOfPage\":{\"@id\":\"https:\\\/\\\/redamlo.com\\\/index.php\\\/2023\\\/06\\\/14\\\/sheinbaum-se-reune-con-amlo-en-palacio-nacional\\\/\"},\"wordCount\":129,\"commentCount\":0,\"publisher\":{\"@id\":\"https:\\\/\\\/redamlo.com\\\/#organization\"},\"image\":{\"@id\":\"https:\\\/\\\/redamlo.com\\\/index.php\\\/2023\\\/06\\\/14\\\/sheinbaum-se-reune-con-amlo-en-palacio-nacional\\\/#primaryimage\"},\"thumbnailUrl\":\"https:\\\/\\\/redamlo.com\\\/wp-content\\\/uploads\\\/2023\\\/06\\\/Sheinbaum.webp\",\"keywords\":[\"AMLO\",\"Palacio Nacional\",\"Sheinbaum\"],\"articleSection\":[\"CDMX\"],\"inLanguage\":\"es\",\"potentialAction\":[{\"@type\":\"CommentAction\",\"name\":\"Comment\",\"target\":[\"https:\\\/\\\/redamlo.com\\\/index.php\\\/2023\\\/06\\\/14\\\/sheinbaum-se-reune-con-amlo-en-palacio-nacional\\\/#respond\"]}]},{\"@type\":\"WebPage\",\"@id\":\"https:\\\/\\\/redamlo.com\\\/index.php\\\/2023\\\/06\\\/14\\\/sheinbaum-se-reune-con-amlo-en-palacio-nacional\\\/\",\"url\":\"https:\\\/\\\/redamlo.com\\\/index.php\\\/2023\\\/06\\\/14\\\/sheinbaum-se-reune-con-amlo-en-palacio-nacional\\\/\",\"name\":\"Sheinbaum se re\u00fane con AMLO en Palacio Nacional - NOTICIAS DE LA 4T\",\"isPartOf\":{\"@id\":\"https:\\\/\\\/redamlo.com\\\/#website\"},\"primaryImageOfPage\":{\"@id\":\"https:\\\/\\\/redamlo.com\\\/index.php\\\/2023\\\/06\\\/14\\\/sheinbaum-se-reune-con-amlo-en-palacio-nacional\\\/#primaryimage\"},\"image\":{\"@id\":\"https:\\\/\\\/redamlo.com\\\/index.php\\\/2023\\\/06\\\/14\\\/sheinbaum-se-reune-con-amlo-en-palacio-nacional\\\/#primaryimage\"},\"thumbnailUrl\":\"https:\\\/\\\/redamlo.com\\\/wp-content\\\/uploads\\\/2023\\\/06\\\/Sheinbaum.webp\",\"datePublished\":\"2023-06-14T20:51:48+00:00\",\"breadcrumb\":{\"@id\":\"https:\\\/\\\/redamlo.com\\\/index.php\\\/2023\\\/06\\\/14\\\/sheinbaum-se-reune-con-amlo-en-palacio-nacional\\\/#breadcrumb\"},\"inLanguage\":\"es\",\"potentialAction\":[{\"@type\":\"ReadAction\",\"target\":[\"https:\\\/\\\/redamlo.com\\\/index.php\\\/2023\\\/06\\\/14\\\/sheinbaum-se-reune-con-amlo-en-palacio-nacional\\\/\"]}]},{\"@type\":\"ImageObject\",\"inLanguage\":\"es\",\"@id\":\"https:\\\/\\\/redamlo.com\\\/index.php\\\/2023\\\/06\\\/14\\\/sheinbaum-se-reune-con-amlo-en-palacio-nacional\\\/#primaryimage\",\"url\":\"https:\\\/\\\/redamlo.com\\\/wp-content\\\/uploads\\\/2023\\\/06\\\/Sheinbaum.webp\",\"contentUrl\":\"https:\\\/\\\/redamlo.com\\\/wp-content\\\/uploads\\\/2023\\\/06\\\/Sheinbaum.webp\",\"width\":1280,\"height\":720},{\"@type\":\"BreadcrumbList\",\"@id\":\"https:\\\/\\\/redamlo.com\\\/index.php\\\/2023\\\/06\\\/14\\\/sheinbaum-se-reune-con-amlo-en-palacio-nacional\\\/#breadcrumb\",\"itemListElement\":[{\"@type\":\"ListItem\",\"position\":1,\"name\":\"Inicio\",\"item\":\"https:\\\/\\\/redamlo.com\\\/\"},{\"@type\":\"ListItem\",\"position\":2,\"name\":\"Sheinbaum se re\u00fane con AMLO en Palacio Nacional\"}]},{\"@type\":\"WebSite\",\"@id\":\"https:\\\/\\\/redamlo.com\\\/#website\",\"url\":\"https:\\\/\\\/redamlo.com\\\/\",\"name\":\"NOTICIAS DE LA 4T\",\"description\":\"\",\"publisher\":{\"@id\":\"https:\\\/\\\/redamlo.com\\\/#organization\"},\"potentialAction\":[{\"@type\":\"SearchAction\",\"target\":{\"@type\":\"EntryPoint\",\"urlTemplate\":\"https:\\\/\\\/redamlo.com\\\/?s={search_term_string}\"},\"query-input\":{\"@type\":\"PropertyValueSpecification\",\"valueRequired\":true,\"valueName\":\"search_term_string\"}}],\"inLanguage\":\"es\"},{\"@type\":\"Organization\",\"@id\":\"https:\\\/\\\/redamlo.com\\\/#organization\",\"name\":\"NOTICIAS DE LA 4T\",\"url\":\"https:\\\/\\\/redamlo.com\\\/\",\"logo\":{\"@type\":\"ImageObject\",\"inLanguage\":\"es\",\"@id\":\"https:\\\/\\\/redamlo.com\\\/#\\\/schema\\\/logo\\\/image\\\/\",\"url\":\"https:\\\/\\\/redamlo.com\\\/wp-content\\\/uploads\\\/2024\\\/08\\\/cropped-RED-AMLO-logo-50.png\",\"contentUrl\":\"https:\\\/\\\/redamlo.com\\\/wp-content\\\/uploads\\\/2024\\\/08\\\/cropped-RED-AMLO-logo-50.png\",\"width\":256,\"height\":256,\"caption\":\"NOTICIAS DE LA 4T\"},\"image\":{\"@id\":\"https:\\\/\\\/redamlo.com\\\/#\\\/schema\\\/logo\\\/image\\\/\"}},{\"@type\":\"Person\",\"@id\":\"https:\\\/\\\/redamlo.com\\\/#\\\/schema\\\/person\\\/197a0a670d21b1f4f1483ddda1b64613\",\"name\":\"admin\",\"image\":{\"@type\":\"ImageObject\",\"inLanguage\":\"es\",\"@id\":\"https:\\\/\\\/secure.gravatar.com\\\/avatar\\\/293dccd927043f2e641da6685c2f84009782eb9ee0054daceada4e261ded849a?s=96&d=mm&r=g\",\"url\":\"https:\\\/\\\/secure.gravatar.com\\\/avatar\\\/293dccd927043f2e641da6685c2f84009782eb9ee0054daceada4e261ded849a?s=96&d=mm&r=g\",\"contentUrl\":\"https:\\\/\\\/secure.gravatar.com\\\/avatar\\\/293dccd927043f2e641da6685c2f84009782eb9ee0054daceada4e261ded849a?s=96&d=mm&r=g\",\"caption\":\"admin\"},\"sameAs\":[\"https:\\\/\\\/redamlo.com\"],\"url\":\"https:\\\/\\\/redamlo.com\\\/index.php\\\/author\\\/stell\\\/\"}]}<\/script>\n<!-- \/ Yoast SEO plugin. -->","yoast_head_json":{"title":"Sheinbaum se re\u00fane con AMLO en Palacio Nacional - NOTICIAS DE LA 4T","robots":{"index":"noindex","follow":"follow","max-snippet":"max-snippet:-1","max-image-preview":"max-image-preview:large","max-video-preview":"max-video-preview:-1"},"og_locale":"es_MX","og_type":"article","og_title":"Sheinbaum se re\u00fane con AMLO en Palacio Nacional - NOTICIAS DE LA 4T","og_description":"Despu\u00e9s de casi dos horas de una reuni\u00f3n en Palacio Nacional, la jefa de gobierno...","og_url":"https:\/\/redamlo.com\/index.php\/2023\/06\/14\/sheinbaum-se-reune-con-amlo-en-palacio-nacional\/","og_site_name":"NOTICIAS DE LA 4T","article_published_time":"2023-06-14T20:51:48+00:00","og_image":[{"width":1280,"height":720,"url":"https:\/\/redamlo.com\/wp-content\/uploads\/2023\/06\/Sheinbaum.webp","type":"image\/webp"}],"author":"admin","twitter_card":"summary_large_image","twitter_misc":{"Escrito por":"admin","Tiempo de lectura":"1 minuto"},"schema":{"@context":"https:\/\/schema.org","@graph":[{"@type":"Article","@id":"https:\/\/redamlo.com\/index.php\/2023\/06\/14\/sheinbaum-se-reune-con-amlo-en-palacio-nacional\/#article","isPartOf":{"@id":"https:\/\/redamlo.com\/index.php\/2023\/06\/14\/sheinbaum-se-reune-con-amlo-en-palacio-nacional\/"},"author":{"name":"admin","@id":"https:\/\/redamlo.com\/#\/schema\/person\/197a0a670d21b1f4f1483ddda1b64613"},"headline":"Sheinbaum se re\u00fane con AMLO en Palacio Nacional","datePublished":"2023-06-14T20:51:48+00:00","mainEntityOfPage":{"@id":"https:\/\/redamlo.com\/index.php\/2023\/06\/14\/sheinbaum-se-reune-con-amlo-en-palacio-nacional\/"},"wordCount":129,"commentCount":0,"publisher":{"@id":"https:\/\/redamlo.com\/#organization"},"image":{"@id":"https:\/\/redamlo.com\/index.php\/2023\/06\/14\/sheinbaum-se-reune-con-amlo-en-palacio-nacional\/#primaryimage"},"thumbnailUrl":"https:\/\/redamlo.com\/wp-content\/uploads\/2023\/06\/Sheinbaum.webp","keywords":["AMLO","Palacio Nacional","Sheinbaum"],"articleSection":["CDMX"],"inLanguage":"es","potentialAction":[{"@type":"CommentAction","name":"Comment","target":["https:\/\/redamlo.com\/index.php\/2023\/06\/14\/sheinbaum-se-reune-con-amlo-en-palacio-nacional\/#respond"]}]},{"@type":"WebPage","@id":"https:\/\/redamlo.com\/index.php\/2023\/06\/14\/sheinbaum-se-reune-con-amlo-en-palacio-nacional\/","url":"https:\/\/redamlo.com\/index.php\/2023\/06\/14\/sheinbaum-se-reune-con-amlo-en-palacio-nacional\/","name":"Sheinbaum se re\u00fane con AMLO en Palacio Nacional - NOTICIAS DE LA 4T","isPartOf":{"@id":"https:\/\/redamlo.com\/#website"},"primaryImageOfPage":{"@id":"https:\/\/redamlo.com\/index.php\/2023\/06\/14\/sheinbaum-se-reune-con-amlo-en-palacio-nacional\/#primaryimage"},"image":{"@id":"https:\/\/redamlo.com\/index.php\/2023\/06\/14\/sheinbaum-se-reune-con-amlo-en-palacio-nacional\/#primaryimage"},"thumbnailUrl":"https:\/\/redamlo.com\/wp-content\/uploads\/2023\/06\/Sheinbaum.webp","datePublished":"2023-06-14T20:51:48+00:00","breadcrumb":{"@id":"https:\/\/redamlo.com\/index.php\/2023\/06\/14\/sheinbaum-se-reune-con-amlo-en-palacio-nacional\/#breadcrumb"},"inLanguage":"es","potentialAction":[{"@type":"ReadAction","target":["https:\/\/redamlo.com\/index.php\/2023\/06\/14\/sheinbaum-se-reune-con-amlo-en-palacio-nacional\/"]}]},{"@type":"ImageObject","inLanguage":"es","@id":"https:\/\/redamlo.com\/index.php\/2023\/06\/14\/sheinbaum-se-reune-con-amlo-en-palacio-nacional\/#primaryimage","url":"https:\/\/redamlo.com\/wp-content\/uploads\/2023\/06\/Sheinbaum.webp","contentUrl":"https:\/\/redamlo.com\/wp-content\/uploads\/2023\/06\/Sheinbaum.webp","width":1280,"height":720},{"@type":"BreadcrumbList","@id":"https:\/\/redamlo.com\/index.php\/2023\/06\/14\/sheinbaum-se-reune-con-amlo-en-palacio-nacional\/#breadcrumb","itemListElement":[{"@type":"ListItem","position":1,"name":"Inicio","item":"https:\/\/redamlo.com\/"},{"@type":"ListItem","position":2,"name":"Sheinbaum se re\u00fane con AMLO en Palacio Nacional"}]},{"@type":"WebSite","@id":"https:\/\/redamlo.com\/#website","url":"https:\/\/redamlo.com\/","name":"NOTICIAS DE LA 4T","description":"","publisher":{"@id":"https:\/\/redamlo.com\/#organization"},"potentialAction":[{"@type":"SearchAction","target":{"@type":"EntryPoint","urlTemplate":"https:\/\/redamlo.com\/?s={search_term_string}"},"query-input":{"@type":"PropertyValueSpecification","valueRequired":true,"valueName":"search_term_string"}}],"inLanguage":"es"},{"@type":"Organization","@id":"https:\/\/redamlo.com\/#organization","name":"NOTICIAS DE LA 4T","url":"https:\/\/redamlo.com\/","logo":{"@type":"ImageObject","inLanguage":"es","@id":"https:\/\/redamlo.com\/#\/schema\/logo\/image\/","url":"https:\/\/redamlo.com\/wp-content\/uploads\/2024\/08\/cropped-RED-AMLO-logo-50.png","contentUrl":"https:\/\/redamlo.com\/wp-content\/uploads\/2024\/08\/cropped-RED-AMLO-logo-50.png","width":256,"height":256,"caption":"NOTICIAS DE LA 4T"},"image":{"@id":"https:\/\/redamlo.com\/#\/schema\/logo\/image\/"}},{"@type":"Person","@id":"https:\/\/redamlo.com\/#\/schema\/person\/197a0a670d21b1f4f1483ddda1b64613","name":"admin","image":{"@type":"ImageObject","inLanguage":"es","@id":"https:\/\/secure.gravatar.com\/avatar\/293dccd927043f2e641da6685c2f84009782eb9ee0054daceada4e261ded849a?s=96&d=mm&r=g","url":"https:\/\/secure.gravatar.com\/avatar\/293dccd927043f2e641da6685c2f84009782eb9ee0054daceada4e261ded849a?s=96&d=mm&r=g","contentUrl":"https:\/\/secure.gravatar.com\/avatar\/293dccd927043f2e641da6685c2f84009782eb9ee0054daceada4e261ded849a?s=96&d=mm&r=g","caption":"admin"},"sameAs":["https:\/\/redamlo.com"],"url":"https:\/\/redamlo.com\/index.php\/author\/stell\/"}]}},"_links":{"self":[{"href":"https:\/\/redamlo.com\/index.php\/wp-json\/wp\/v2\/posts\/6899","targetHints":{"allow":["GET"]}}],"collection":[{"href":"https:\/\/redamlo.com\/index.php\/wp-json\/wp\/v2\/posts"}],"about":[{"href":"https:\/\/redamlo.com\/index.php\/wp-json\/wp\/v2\/types\/post"}],"author":[{"embeddable":true,"href":"https:\/\/redamlo.com\/index.php\/wp-json\/wp\/v2\/users\/1"}],"replies":[{"embeddable":true,"href":"https:\/\/redamlo.com\/index.php\/wp-json\/wp\/v2\/comments?post=6899"}],"version-history":[{"count":0,"href":"https:\/\/redamlo.com\/index.php\/wp-json\/wp\/v2\/posts\/6899\/revisions"}],"wp:featuredmedia":[{"embeddable":true,"href":"https:\/\/redamlo.com\/index.php\/wp-json\/wp\/v2\/media\/6900"}],"wp:attachment":[{"href":"https:\/\/redamlo.com\/index.php\/wp-json\/wp\/v2\/media?parent=6899"}],"wp:term":[{"taxonomy":"category","embeddable":true,"href":"https:\/\/redamlo.com\/index.php\/wp-json\/wp\/v2\/categories?post=6899"},{"taxonomy":"post_tag","embeddable":true,"href":"https:\/\/redamlo.com\/index.php\/wp-json\/wp\/v2\/tags?post=6899"}],"curies":[{"name":"wp","href":"https:\/\/api.w.org\/{rel}","templated":true}]}}