{"id":6878,"date":"2023-06-08T17:34:50","date_gmt":"2023-06-08T23:34:50","guid":{"rendered":"https:\/\/redamlo.com\/?p=6878"},"modified":"2023-06-08T17:34:50","modified_gmt":"2023-06-08T23:34:50","slug":"jessica-delilah-y-zahid-son-esperados-por-sus-familiares-con-la-esperanza-de-que-se-encuentren-bien","status":"publish","type":"post","link":"https:\/\/redamlo.com\/index.php\/2023\/06\/08\/jessica-delilah-y-zahid-son-esperados-por-sus-familiares-con-la-esperanza-de-que-se-encuentren-bien\/","title":{"rendered":"Jessica Delilah  y Zahid son esperados por sus familiares con la esperanza de que se encuentren bien"},"content":{"rendered":"<p>Por Zavianny Torres Baltazar.<\/p>\n<p>Al cumplirse una semana de la desaparici\u00f3n de\u00a0<a href=\"https:\/\/www.eluniversal.com.mx\/edomex\/\">J\u00e9ssica Delilah Medina Galindo<\/a>, de 37 a\u00f1os de edad y de su hijo,\u00a0Zahid Medina Galindo, de 18 a\u00f1os, de su domicilio ubicado en el municipio mexiquense de\u00a0Chicoloapan, familiares y profesores exigieron a la\u00a0Fiscal\u00eda General de Justicia\u00a0del Estado de M\u00e9xico (FGJEM) que se acelere la b\u00fasqueda para encontrarlos sanos y salvos.<\/p>\n<p><img loading=\"lazy\" decoding=\"async\" class=\"alignnone size-medium wp-image-6880 aligncenter\" src=\"https:\/\/redamlo.com\/wp-content\/uploads\/2023\/06\/jessica-300x232.jpg\" alt=\"\" width=\"300\" height=\"232\" srcset=\"https:\/\/redamlo.com\/wp-content\/uploads\/2023\/06\/jessica-300x232.jpg 300w, https:\/\/redamlo.com\/wp-content\/uploads\/2023\/06\/jessica-768x593.jpg 768w, https:\/\/redamlo.com\/wp-content\/uploads\/2023\/06\/jessica.jpg 1024w\" sizes=\"auto, (max-width: 300px) 100vw, 300px\" \/><\/p>\n<p><img loading=\"lazy\" decoding=\"async\" class=\"alignnone size-medium wp-image-6881 aligncenter\" src=\"https:\/\/redamlo.com\/wp-content\/uploads\/2023\/06\/sahid-300x232.jpg\" alt=\"\" width=\"300\" height=\"232\" srcset=\"https:\/\/redamlo.com\/wp-content\/uploads\/2023\/06\/sahid-300x232.jpg 300w, https:\/\/redamlo.com\/wp-content\/uploads\/2023\/06\/sahid-768x593.jpg 768w, https:\/\/redamlo.com\/wp-content\/uploads\/2023\/06\/sahid.jpg 1024w\" sizes=\"auto, (max-width: 300px) 100vw, 300px\" \/><\/p>\n<p>En conferencia de prensa realizada en Nezahualc\u00f3yotl, sus familiares reportaron ante las autoridades ministeriales su ausencia, por lo que se emitieron los boletines de urgencia para que la poblaci\u00f3n ayude a encontrarlos.<\/p>\n<p>Alejandro Medina, hermano de J\u00e9ssica Delilah, coment\u00f3 que hasta el momento no han recibido alguna llamada para pedirles un posible rescate por su liberaci\u00f3n, ni datos que permitan ubicarlos.<\/p>\n<p>&nbsp;<\/p>\n<p>A la b\u00fasqueda de madre e hijo se han sumado integrantes de m\u00e1s de 10 organizaciones educativas y sociales, los cuales han llevado a cabo recorridos por parajes de\u00a0Chicoloapan, Chimalhuac\u00e1n, Texcoco e Ixtapaluca, para tratar de localizarlos. En esas labores tambi\u00e9n han participado elementos de la Polic\u00eda Estatal y personal de la Comisi\u00f3n de B\u00fasqueda de Personas del Estado de M\u00e9xico (Cobupem).<\/p>\n<p>&nbsp;<\/p>\n<p>Ra\u00fal Romero,\u00a0pareja de J\u00e9ssica Delilah, dijo que la prioridad es encontrarlos con vida a los dos, por lo que inst\u00f3 a las autoridades ministeriales a que tambi\u00e9n investiguen y encuentren al responsable de su desaparici\u00f3n.<\/p>\n<p>Exigieron al gobernador del Estado de M\u00e9xico,\u00a0Alfredo del Mazo Maza, una pronta respuesta en la localizaci\u00f3n, &#8220;vivimos en carne propia ese dolor de la familia ante esta sensible ausencia&#8221;, dijo la diputada local morenista, Carmen de la Rosa Mendoza.<\/p>\n<p>&nbsp;<\/p>\n<p>Alejandro Medina, hermano de la profesora desaparecida quien tiene estudios en ciencia pol\u00edtica y administraci\u00f3n p\u00fablica, dijo que es una mujer trabajadora y comenz\u00f3 su etapa laboral a muy temprana edad, madre de familia, defensora de los derechos, primordialmente, de las mujeres y gran luchadora social en la zona oriente del Estado de M\u00e9xico &#8220;y pilar de nuestra familia&#8221;.<\/p>\n<p>Una maestra de educaci\u00f3n media superior, subdirectora escolar de bachillerato, desapareci\u00f3 junto con su hijo el pasado 31 de mayo en el municipio de Chicoloapan, afirm\u00f3 el ex presidente municipal de Nezahualc\u00f3yotl, Juan Hugo de la Rosa Garc\u00eda, dijo que ambas personas fueron vistas por \u00faltima vez en la Unidad Habitacional Residencial de Chicoloapan, localidad ubicada al oriente del Valle de M\u00e9xico.<\/p>\n<p>En Nezahualc\u00f3yotl, asever\u00f3 que familiares y amigos de la profesora han estado solicitando apoyo de las autoridades, por lo que demand\u00f3 a las autoridades estatales y municipales darle celeridad al caso.<\/p>\n<p>\u201cSon ocho d\u00edas de angustia por la desaparici\u00f3n de Jessica Delilah Medina Galindo, madre de familia y luchadora social, as\u00ed como de su hijo, Zahid Medina Galindo\u201d, agreg\u00f3 el ex alcalde, quien es dirigente nacional de Unid@s.<\/p>\n<p>Subray\u00f3 que el llamado se hace a los distintos \u00f3rdenes de gobierno, para que no minimicen la b\u00fasqueda, para que esta desaparici\u00f3n llegue a buen fin y ambos regresen sanos y salvos a su casa, donde son esperados por sus familiares y con la esperanza de que se encuentren bien.<\/p>\n<p>Manifest\u00f3 que familiares se han reunido con la Fiscal\u00eda y existe el compromiso de no cejar en sus indagatorias para dar con el paradero de Delilah Medina Galindo y su hijo Zahid Medina Galindo, adem\u00e1s de estarles informando sobre los avances de las investigaciones<\/p>\n<p>Por su parte, Ra\u00fal Romero \u00c1valos, dirigente estatal de Unid@ manifest\u00f3 que as\u00ed como las autoridades realizan su trabajo, ellos como familiares y amigos han hecho lo propio, mediante el reparto de volantes con las im\u00e1genes y los datos para una pronta localizaci\u00f3n.<\/p>\n<p>En su oportunidad, la diputada Carmen de la Rosa Mendoza resalt\u00f3 qu\u00e9 durante la presente administraci\u00f3n del gobierno estatal, aument\u00f3 en un 78 por ciento el n\u00famero de feminicidios y desapariciones de mujeres, por ello, se sum\u00f3 al llamado a las autoridades encargadas del caso para que agilicen las pesquisas.<\/p>\n<p>Al respecto, Marta T\u00e9llez, Representante de la Coordinadora de Escuelas Democr\u00e1ticas en el Estado de M\u00e9xico, precis\u00f3 que la familia y amigos tienen el respaldo de este sector y han estado a su lado en la b\u00fasqueda y localizaci\u00f3n.<\/p>\n<p>&nbsp;<\/p>\n","protected":false},"excerpt":{"rendered":"<p>Por Zavianny Torres Baltazar. Al cumplirse una semana de la desaparici\u00f3n de\u00a0J\u00e9ssica Delilah Medina Galindo,&#8230;<\/p>\n","protected":false},"author":1,"featured_media":6879,"comment_status":"open","ping_status":"closed","sticky":false,"template":"","format":"standard","meta":{"footnotes":""},"categories":[6],"tags":[2514,2515],"class_list":["post-6878","post","type-post","status-publish","format-standard","has-post-thumbnail","hentry","category-estados","tag-desaparecidos","tag-jessica-y-zahid"],"yoast_head":"<!-- This site is optimized with the Yoast SEO plugin v27.5 - https:\/\/yoast.com\/product\/yoast-seo-wordpress\/ -->\n<title>Jessica Delilah y Zahid son esperados por sus familiares con la esperanza de que se encuentren bien - NOTICIAS DE LA 4T<\/title>\n<meta name=\"robots\" content=\"noindex, follow, max-snippet:-1, max-image-preview:large, max-video-preview:-1\" \/>\n<meta property=\"og:locale\" content=\"es_MX\" \/>\n<meta property=\"og:type\" content=\"article\" \/>\n<meta property=\"og:title\" content=\"Jessica Delilah y Zahid son esperados por sus familiares con la esperanza de que se encuentren bien - NOTICIAS DE LA 4T\" \/>\n<meta property=\"og:description\" content=\"Por Zavianny Torres Baltazar. Al cumplirse una semana de la desaparici\u00f3n de\u00a0J\u00e9ssica Delilah Medina Galindo,...\" \/>\n<meta property=\"og:url\" content=\"https:\/\/redamlo.com\/index.php\/2023\/06\/08\/jessica-delilah-y-zahid-son-esperados-por-sus-familiares-con-la-esperanza-de-que-se-encuentren-bien\/\" \/>\n<meta property=\"og:site_name\" content=\"NOTICIAS DE LA 4T\" \/>\n<meta property=\"article:published_time\" content=\"2023-06-08T23:34:50+00:00\" \/>\n<meta property=\"og:image\" content=\"https:\/\/redamlo.com\/wp-content\/uploads\/2023\/06\/familiares-de-jessica-y-zahid.jpg\" \/>\n\t<meta property=\"og:image:width\" content=\"1600\" \/>\n\t<meta property=\"og:image:height\" content=\"1069\" \/>\n\t<meta property=\"og:image:type\" content=\"image\/jpeg\" \/>\n<meta name=\"author\" content=\"admin\" \/>\n<meta name=\"twitter:card\" content=\"summary_large_image\" \/>\n<meta name=\"twitter:label1\" content=\"Escrito por\" \/>\n\t<meta name=\"twitter:data1\" content=\"admin\" \/>\n\t<meta name=\"twitter:label2\" content=\"Tiempo de lectura\" \/>\n\t<meta name=\"twitter:data2\" content=\"4 minutos\" \/>\n<script type=\"application\/ld+json\" class=\"yoast-schema-graph\">{\"@context\":\"https:\\\/\\\/schema.org\",\"@graph\":[{\"@type\":\"Article\",\"@id\":\"https:\\\/\\\/redamlo.com\\\/index.php\\\/2023\\\/06\\\/08\\\/jessica-delilah-y-zahid-son-esperados-por-sus-familiares-con-la-esperanza-de-que-se-encuentren-bien\\\/#article\",\"isPartOf\":{\"@id\":\"https:\\\/\\\/redamlo.com\\\/index.php\\\/2023\\\/06\\\/08\\\/jessica-delilah-y-zahid-son-esperados-por-sus-familiares-con-la-esperanza-de-que-se-encuentren-bien\\\/\"},\"author\":{\"name\":\"admin\",\"@id\":\"https:\\\/\\\/redamlo.com\\\/#\\\/schema\\\/person\\\/197a0a670d21b1f4f1483ddda1b64613\"},\"headline\":\"Jessica Delilah y Zahid son esperados por sus familiares con la esperanza de que se encuentren bien\",\"datePublished\":\"2023-06-08T23:34:50+00:00\",\"mainEntityOfPage\":{\"@id\":\"https:\\\/\\\/redamlo.com\\\/index.php\\\/2023\\\/06\\\/08\\\/jessica-delilah-y-zahid-son-esperados-por-sus-familiares-con-la-esperanza-de-que-se-encuentren-bien\\\/\"},\"wordCount\":748,\"commentCount\":0,\"publisher\":{\"@id\":\"https:\\\/\\\/redamlo.com\\\/#organization\"},\"image\":{\"@id\":\"https:\\\/\\\/redamlo.com\\\/index.php\\\/2023\\\/06\\\/08\\\/jessica-delilah-y-zahid-son-esperados-por-sus-familiares-con-la-esperanza-de-que-se-encuentren-bien\\\/#primaryimage\"},\"thumbnailUrl\":\"https:\\\/\\\/redamlo.com\\\/wp-content\\\/uploads\\\/2023\\\/06\\\/familiares-de-jessica-y-zahid.jpg\",\"keywords\":[\"desaparecidos\",\"jessica y zahid\"],\"articleSection\":[\"Estados\"],\"inLanguage\":\"es\",\"potentialAction\":[{\"@type\":\"CommentAction\",\"name\":\"Comment\",\"target\":[\"https:\\\/\\\/redamlo.com\\\/index.php\\\/2023\\\/06\\\/08\\\/jessica-delilah-y-zahid-son-esperados-por-sus-familiares-con-la-esperanza-de-que-se-encuentren-bien\\\/#respond\"]}]},{\"@type\":\"WebPage\",\"@id\":\"https:\\\/\\\/redamlo.com\\\/index.php\\\/2023\\\/06\\\/08\\\/jessica-delilah-y-zahid-son-esperados-por-sus-familiares-con-la-esperanza-de-que-se-encuentren-bien\\\/\",\"url\":\"https:\\\/\\\/redamlo.com\\\/index.php\\\/2023\\\/06\\\/08\\\/jessica-delilah-y-zahid-son-esperados-por-sus-familiares-con-la-esperanza-de-que-se-encuentren-bien\\\/\",\"name\":\"Jessica Delilah y Zahid son esperados por sus familiares con la esperanza de que se encuentren bien - NOTICIAS DE LA 4T\",\"isPartOf\":{\"@id\":\"https:\\\/\\\/redamlo.com\\\/#website\"},\"primaryImageOfPage\":{\"@id\":\"https:\\\/\\\/redamlo.com\\\/index.php\\\/2023\\\/06\\\/08\\\/jessica-delilah-y-zahid-son-esperados-por-sus-familiares-con-la-esperanza-de-que-se-encuentren-bien\\\/#primaryimage\"},\"image\":{\"@id\":\"https:\\\/\\\/redamlo.com\\\/index.php\\\/2023\\\/06\\\/08\\\/jessica-delilah-y-zahid-son-esperados-por-sus-familiares-con-la-esperanza-de-que-se-encuentren-bien\\\/#primaryimage\"},\"thumbnailUrl\":\"https:\\\/\\\/redamlo.com\\\/wp-content\\\/uploads\\\/2023\\\/06\\\/familiares-de-jessica-y-zahid.jpg\",\"datePublished\":\"2023-06-08T23:34:50+00:00\",\"breadcrumb\":{\"@id\":\"https:\\\/\\\/redamlo.com\\\/index.php\\\/2023\\\/06\\\/08\\\/jessica-delilah-y-zahid-son-esperados-por-sus-familiares-con-la-esperanza-de-que-se-encuentren-bien\\\/#breadcrumb\"},\"inLanguage\":\"es\",\"potentialAction\":[{\"@type\":\"ReadAction\",\"target\":[\"https:\\\/\\\/redamlo.com\\\/index.php\\\/2023\\\/06\\\/08\\\/jessica-delilah-y-zahid-son-esperados-por-sus-familiares-con-la-esperanza-de-que-se-encuentren-bien\\\/\"]}]},{\"@type\":\"ImageObject\",\"inLanguage\":\"es\",\"@id\":\"https:\\\/\\\/redamlo.com\\\/index.php\\\/2023\\\/06\\\/08\\\/jessica-delilah-y-zahid-son-esperados-por-sus-familiares-con-la-esperanza-de-que-se-encuentren-bien\\\/#primaryimage\",\"url\":\"https:\\\/\\\/redamlo.com\\\/wp-content\\\/uploads\\\/2023\\\/06\\\/familiares-de-jessica-y-zahid.jpg\",\"contentUrl\":\"https:\\\/\\\/redamlo.com\\\/wp-content\\\/uploads\\\/2023\\\/06\\\/familiares-de-jessica-y-zahid.jpg\",\"width\":1600,\"height\":1069},{\"@type\":\"BreadcrumbList\",\"@id\":\"https:\\\/\\\/redamlo.com\\\/index.php\\\/2023\\\/06\\\/08\\\/jessica-delilah-y-zahid-son-esperados-por-sus-familiares-con-la-esperanza-de-que-se-encuentren-bien\\\/#breadcrumb\",\"itemListElement\":[{\"@type\":\"ListItem\",\"position\":1,\"name\":\"Inicio\",\"item\":\"https:\\\/\\\/redamlo.com\\\/\"},{\"@type\":\"ListItem\",\"position\":2,\"name\":\"Jessica Delilah y Zahid son esperados por sus familiares con la esperanza de que se encuentren bien\"}]},{\"@type\":\"WebSite\",\"@id\":\"https:\\\/\\\/redamlo.com\\\/#website\",\"url\":\"https:\\\/\\\/redamlo.com\\\/\",\"name\":\"NOTICIAS DE LA 4T\",\"description\":\"\",\"publisher\":{\"@id\":\"https:\\\/\\\/redamlo.com\\\/#organization\"},\"potentialAction\":[{\"@type\":\"SearchAction\",\"target\":{\"@type\":\"EntryPoint\",\"urlTemplate\":\"https:\\\/\\\/redamlo.com\\\/?s={search_term_string}\"},\"query-input\":{\"@type\":\"PropertyValueSpecification\",\"valueRequired\":true,\"valueName\":\"search_term_string\"}}],\"inLanguage\":\"es\"},{\"@type\":\"Organization\",\"@id\":\"https:\\\/\\\/redamlo.com\\\/#organization\",\"name\":\"NOTICIAS DE LA 4T\",\"url\":\"https:\\\/\\\/redamlo.com\\\/\",\"logo\":{\"@type\":\"ImageObject\",\"inLanguage\":\"es\",\"@id\":\"https:\\\/\\\/redamlo.com\\\/#\\\/schema\\\/logo\\\/image\\\/\",\"url\":\"https:\\\/\\\/redamlo.com\\\/wp-content\\\/uploads\\\/2024\\\/08\\\/cropped-RED-AMLO-logo-50.png\",\"contentUrl\":\"https:\\\/\\\/redamlo.com\\\/wp-content\\\/uploads\\\/2024\\\/08\\\/cropped-RED-AMLO-logo-50.png\",\"width\":256,\"height\":256,\"caption\":\"NOTICIAS DE LA 4T\"},\"image\":{\"@id\":\"https:\\\/\\\/redamlo.com\\\/#\\\/schema\\\/logo\\\/image\\\/\"}},{\"@type\":\"Person\",\"@id\":\"https:\\\/\\\/redamlo.com\\\/#\\\/schema\\\/person\\\/197a0a670d21b1f4f1483ddda1b64613\",\"name\":\"admin\",\"image\":{\"@type\":\"ImageObject\",\"inLanguage\":\"es\",\"@id\":\"https:\\\/\\\/secure.gravatar.com\\\/avatar\\\/293dccd927043f2e641da6685c2f84009782eb9ee0054daceada4e261ded849a?s=96&d=mm&r=g\",\"url\":\"https:\\\/\\\/secure.gravatar.com\\\/avatar\\\/293dccd927043f2e641da6685c2f84009782eb9ee0054daceada4e261ded849a?s=96&d=mm&r=g\",\"contentUrl\":\"https:\\\/\\\/secure.gravatar.com\\\/avatar\\\/293dccd927043f2e641da6685c2f84009782eb9ee0054daceada4e261ded849a?s=96&d=mm&r=g\",\"caption\":\"admin\"},\"sameAs\":[\"https:\\\/\\\/redamlo.com\"],\"url\":\"https:\\\/\\\/redamlo.com\\\/index.php\\\/author\\\/stell\\\/\"}]}<\/script>\n<!-- \/ Yoast SEO plugin. -->","yoast_head_json":{"title":"Jessica Delilah y Zahid son esperados por sus familiares con la esperanza de que se encuentren bien - NOTICIAS DE LA 4T","robots":{"index":"noindex","follow":"follow","max-snippet":"max-snippet:-1","max-image-preview":"max-image-preview:large","max-video-preview":"max-video-preview:-1"},"og_locale":"es_MX","og_type":"article","og_title":"Jessica Delilah y Zahid son esperados por sus familiares con la esperanza de que se encuentren bien - NOTICIAS DE LA 4T","og_description":"Por Zavianny Torres Baltazar. Al cumplirse una semana de la desaparici\u00f3n de\u00a0J\u00e9ssica Delilah Medina Galindo,...","og_url":"https:\/\/redamlo.com\/index.php\/2023\/06\/08\/jessica-delilah-y-zahid-son-esperados-por-sus-familiares-con-la-esperanza-de-que-se-encuentren-bien\/","og_site_name":"NOTICIAS DE LA 4T","article_published_time":"2023-06-08T23:34:50+00:00","og_image":[{"width":1600,"height":1069,"url":"https:\/\/redamlo.com\/wp-content\/uploads\/2023\/06\/familiares-de-jessica-y-zahid.jpg","type":"image\/jpeg"}],"author":"admin","twitter_card":"summary_large_image","twitter_misc":{"Escrito por":"admin","Tiempo de lectura":"4 minutos"},"schema":{"@context":"https:\/\/schema.org","@graph":[{"@type":"Article","@id":"https:\/\/redamlo.com\/index.php\/2023\/06\/08\/jessica-delilah-y-zahid-son-esperados-por-sus-familiares-con-la-esperanza-de-que-se-encuentren-bien\/#article","isPartOf":{"@id":"https:\/\/redamlo.com\/index.php\/2023\/06\/08\/jessica-delilah-y-zahid-son-esperados-por-sus-familiares-con-la-esperanza-de-que-se-encuentren-bien\/"},"author":{"name":"admin","@id":"https:\/\/redamlo.com\/#\/schema\/person\/197a0a670d21b1f4f1483ddda1b64613"},"headline":"Jessica Delilah y Zahid son esperados por sus familiares con la esperanza de que se encuentren bien","datePublished":"2023-06-08T23:34:50+00:00","mainEntityOfPage":{"@id":"https:\/\/redamlo.com\/index.php\/2023\/06\/08\/jessica-delilah-y-zahid-son-esperados-por-sus-familiares-con-la-esperanza-de-que-se-encuentren-bien\/"},"wordCount":748,"commentCount":0,"publisher":{"@id":"https:\/\/redamlo.com\/#organization"},"image":{"@id":"https:\/\/redamlo.com\/index.php\/2023\/06\/08\/jessica-delilah-y-zahid-son-esperados-por-sus-familiares-con-la-esperanza-de-que-se-encuentren-bien\/#primaryimage"},"thumbnailUrl":"https:\/\/redamlo.com\/wp-content\/uploads\/2023\/06\/familiares-de-jessica-y-zahid.jpg","keywords":["desaparecidos","jessica y zahid"],"articleSection":["Estados"],"inLanguage":"es","potentialAction":[{"@type":"CommentAction","name":"Comment","target":["https:\/\/redamlo.com\/index.php\/2023\/06\/08\/jessica-delilah-y-zahid-son-esperados-por-sus-familiares-con-la-esperanza-de-que-se-encuentren-bien\/#respond"]}]},{"@type":"WebPage","@id":"https:\/\/redamlo.com\/index.php\/2023\/06\/08\/jessica-delilah-y-zahid-son-esperados-por-sus-familiares-con-la-esperanza-de-que-se-encuentren-bien\/","url":"https:\/\/redamlo.com\/index.php\/2023\/06\/08\/jessica-delilah-y-zahid-son-esperados-por-sus-familiares-con-la-esperanza-de-que-se-encuentren-bien\/","name":"Jessica Delilah y Zahid son esperados por sus familiares con la esperanza de que se encuentren bien - NOTICIAS DE LA 4T","isPartOf":{"@id":"https:\/\/redamlo.com\/#website"},"primaryImageOfPage":{"@id":"https:\/\/redamlo.com\/index.php\/2023\/06\/08\/jessica-delilah-y-zahid-son-esperados-por-sus-familiares-con-la-esperanza-de-que-se-encuentren-bien\/#primaryimage"},"image":{"@id":"https:\/\/redamlo.com\/index.php\/2023\/06\/08\/jessica-delilah-y-zahid-son-esperados-por-sus-familiares-con-la-esperanza-de-que-se-encuentren-bien\/#primaryimage"},"thumbnailUrl":"https:\/\/redamlo.com\/wp-content\/uploads\/2023\/06\/familiares-de-jessica-y-zahid.jpg","datePublished":"2023-06-08T23:34:50+00:00","breadcrumb":{"@id":"https:\/\/redamlo.com\/index.php\/2023\/06\/08\/jessica-delilah-y-zahid-son-esperados-por-sus-familiares-con-la-esperanza-de-que-se-encuentren-bien\/#breadcrumb"},"inLanguage":"es","potentialAction":[{"@type":"ReadAction","target":["https:\/\/redamlo.com\/index.php\/2023\/06\/08\/jessica-delilah-y-zahid-son-esperados-por-sus-familiares-con-la-esperanza-de-que-se-encuentren-bien\/"]}]},{"@type":"ImageObject","inLanguage":"es","@id":"https:\/\/redamlo.com\/index.php\/2023\/06\/08\/jessica-delilah-y-zahid-son-esperados-por-sus-familiares-con-la-esperanza-de-que-se-encuentren-bien\/#primaryimage","url":"https:\/\/redamlo.com\/wp-content\/uploads\/2023\/06\/familiares-de-jessica-y-zahid.jpg","contentUrl":"https:\/\/redamlo.com\/wp-content\/uploads\/2023\/06\/familiares-de-jessica-y-zahid.jpg","width":1600,"height":1069},{"@type":"BreadcrumbList","@id":"https:\/\/redamlo.com\/index.php\/2023\/06\/08\/jessica-delilah-y-zahid-son-esperados-por-sus-familiares-con-la-esperanza-de-que-se-encuentren-bien\/#breadcrumb","itemListElement":[{"@type":"ListItem","position":1,"name":"Inicio","item":"https:\/\/redamlo.com\/"},{"@type":"ListItem","position":2,"name":"Jessica Delilah y Zahid son esperados por sus familiares con la esperanza de que se encuentren bien"}]},{"@type":"WebSite","@id":"https:\/\/redamlo.com\/#website","url":"https:\/\/redamlo.com\/","name":"NOTICIAS DE LA 4T","description":"","publisher":{"@id":"https:\/\/redamlo.com\/#organization"},"potentialAction":[{"@type":"SearchAction","target":{"@type":"EntryPoint","urlTemplate":"https:\/\/redamlo.com\/?s={search_term_string}"},"query-input":{"@type":"PropertyValueSpecification","valueRequired":true,"valueName":"search_term_string"}}],"inLanguage":"es"},{"@type":"Organization","@id":"https:\/\/redamlo.com\/#organization","name":"NOTICIAS DE LA 4T","url":"https:\/\/redamlo.com\/","logo":{"@type":"ImageObject","inLanguage":"es","@id":"https:\/\/redamlo.com\/#\/schema\/logo\/image\/","url":"https:\/\/redamlo.com\/wp-content\/uploads\/2024\/08\/cropped-RED-AMLO-logo-50.png","contentUrl":"https:\/\/redamlo.com\/wp-content\/uploads\/2024\/08\/cropped-RED-AMLO-logo-50.png","width":256,"height":256,"caption":"NOTICIAS DE LA 4T"},"image":{"@id":"https:\/\/redamlo.com\/#\/schema\/logo\/image\/"}},{"@type":"Person","@id":"https:\/\/redamlo.com\/#\/schema\/person\/197a0a670d21b1f4f1483ddda1b64613","name":"admin","image":{"@type":"ImageObject","inLanguage":"es","@id":"https:\/\/secure.gravatar.com\/avatar\/293dccd927043f2e641da6685c2f84009782eb9ee0054daceada4e261ded849a?s=96&d=mm&r=g","url":"https:\/\/secure.gravatar.com\/avatar\/293dccd927043f2e641da6685c2f84009782eb9ee0054daceada4e261ded849a?s=96&d=mm&r=g","contentUrl":"https:\/\/secure.gravatar.com\/avatar\/293dccd927043f2e641da6685c2f84009782eb9ee0054daceada4e261ded849a?s=96&d=mm&r=g","caption":"admin"},"sameAs":["https:\/\/redamlo.com"],"url":"https:\/\/redamlo.com\/index.php\/author\/stell\/"}]}},"_links":{"self":[{"href":"https:\/\/redamlo.com\/index.php\/wp-json\/wp\/v2\/posts\/6878","targetHints":{"allow":["GET"]}}],"collection":[{"href":"https:\/\/redamlo.com\/index.php\/wp-json\/wp\/v2\/posts"}],"about":[{"href":"https:\/\/redamlo.com\/index.php\/wp-json\/wp\/v2\/types\/post"}],"author":[{"embeddable":true,"href":"https:\/\/redamlo.com\/index.php\/wp-json\/wp\/v2\/users\/1"}],"replies":[{"embeddable":true,"href":"https:\/\/redamlo.com\/index.php\/wp-json\/wp\/v2\/comments?post=6878"}],"version-history":[{"count":0,"href":"https:\/\/redamlo.com\/index.php\/wp-json\/wp\/v2\/posts\/6878\/revisions"}],"wp:featuredmedia":[{"embeddable":true,"href":"https:\/\/redamlo.com\/index.php\/wp-json\/wp\/v2\/media\/6879"}],"wp:attachment":[{"href":"https:\/\/redamlo.com\/index.php\/wp-json\/wp\/v2\/media?parent=6878"}],"wp:term":[{"taxonomy":"category","embeddable":true,"href":"https:\/\/redamlo.com\/index.php\/wp-json\/wp\/v2\/categories?post=6878"},{"taxonomy":"post_tag","embeddable":true,"href":"https:\/\/redamlo.com\/index.php\/wp-json\/wp\/v2\/tags?post=6878"}],"curies":[{"name":"wp","href":"https:\/\/api.w.org\/{rel}","templated":true}]}}