{"id":6863,"date":"2023-05-31T11:24:58","date_gmt":"2023-05-31T17:24:58","guid":{"rendered":"https:\/\/redamlo.com\/?p=6863"},"modified":"2023-05-31T11:24:58","modified_gmt":"2023-05-31T17:24:58","slug":"desechados-mas-de-2-mil-amparos-contra-ley-antitabaco-lopez-gatell","status":"publish","type":"post","link":"https:\/\/redamlo.com\/index.php\/2023\/05\/31\/desechados-mas-de-2-mil-amparos-contra-ley-antitabaco-lopez-gatell\/","title":{"rendered":"Desechados m\u00e1s de 2 mil amparos contra ley antitabaco: L\u00f3pez-Gatell"},"content":{"rendered":"<p>Tras la entrada en vigor de la Ley general para el Control del Tabaco en 2022, la industria tabacalera ha presentado m\u00e1s de 2 mil amparos en contra de dicha legislaci\u00f3n, de los cuales la mayor\u00eda fueron desechados y s\u00f3lo quedan vigentes 20 recursos legales, inform\u00f3 el subsecretario de Prevenci\u00f3n y Promoci\u00f3n de la Salud, Hugo L\u00f3pez-Gatell.<\/p>\n<p>En el marco del d\u00eda mundial sin tabaco, que se celebra cada 31 de mayo, el funcionario federal advirti\u00f3 que se trata de una droga mortal, por lo que llam\u00f3 a no normalizar su consumo.<\/p>\n<p>Explic\u00f3 que luego de la entrada en vigor de la legislaci\u00f3n, y su posterior reglamentaci\u00f3n el presente a\u00f1o, \u201chemos sido acosados por despachos de abogadas y abogados pagados por la industria que han presentado m\u00e1s de 2 mil amparos. Afortunadamente s\u00f3lo quedan 20 en vigor; la enorme mayor\u00eda fueron desechados en primera instancia y los que pasaron a los tribunales colegiados, tambi\u00e9n fueron revocadas las sentencias. Esperamos que tengamos \u00e9xito en estos \u00faltimos 20, y lograr desechar todo intento de da\u00f1ar a la salud p\u00fablica para privilegiar los intereses comerciales de la industria tabacalera\u201d.<\/p>\n<p>Durante la conferencia de prensa matutina en Palacio Nacional, detall\u00f3 que adem\u00e1s de las presentaciones tradicionales, como cigarros, puros, pipas y productos masticables, las empresas buscan migrar a las presentaciones electr\u00f3nicas, como los cigarrillos electr\u00f3nicos, vapeadores y productos de tabaco calentado.<\/p>\n<p>Agreg\u00f3 que esa industria \u201cya pierde en el mundo por el avance de la conciencia en dejar de fumar\u201d, pero insisti\u00f3 que ahora \u201cintenta cambiar la intenci\u00f3n para disfrazar cu\u00e1les son sus intenciones, y hoy est\u00e1 intentando transitar de los productos en combusti\u00f3n -los tradicionales-, a los productos calentados\u201d.<\/p>\n<p>De igual forma, subray\u00f3 que \u201cPhilip Morris, la empresa m\u00e1s grande de tabaco en el mundo, desde siempre ha pagado mecanismos de persuasi\u00f3n, ha disfrazado la evidencia cient\u00edfica, o ha creado falsa informaci\u00f3n para confundir a trav\u00e9s de distintos mecanismos de corrupci\u00f3n hacia los gobiernos nacionales, o incluso de penetraci\u00f3n a organismos internacionales\u201d.<\/p>\n<p>En M\u00e9xico hay 16 millones de personas que fuman, es decir, 12.8 por ciento de la poblaci\u00f3n nacional, de los cuales, un mill\u00f3n tienen entre 10 y 19 a\u00f1os de edad.<\/p>\n<p>Asimismo, 173 personas fallecen en el pa\u00eds cada d\u00eda como consecuencia del tabaquismo, y una de cada ocho personas mueren como consecuencia del tabaquismo a pesar de no probar el producto, esto debido a un consumo \u201cde segunda o tercera mano\u201d, es decir, por las sustancias que desprenden el cigarro encendido o las que quedan en el cabello o la ropa.<\/p>\n<p>El tabaco tambi\u00e9n reduce 5.5 a\u00f1os la expectativa de vida y est\u00e1 comprobado que el 80 por ciento de las personas que mueren por c\u00e1ncer.<\/p>\n<p>Fuente: La Jornada.<\/p>\n","protected":false},"excerpt":{"rendered":"<p>Tras la entrada en vigor de la Ley general para el Control del Tabaco en&#8230;<\/p>\n","protected":false},"author":1,"featured_media":6864,"comment_status":"open","ping_status":"closed","sticky":false,"template":"","format":"standard","meta":{"footnotes":""},"categories":[31],"tags":[2509,2510,236],"class_list":["post-6863","post","type-post","status-publish","format-standard","has-post-thumbnail","hentry","category-salud","tag-ley-antitabaco","tag-lopez-gatell","tag-secretaria-de-salud"],"yoast_head":"<!-- This site is optimized with the Yoast SEO plugin v27.5 - https:\/\/yoast.com\/product\/yoast-seo-wordpress\/ -->\n<title>Desechados m\u00e1s de 2 mil amparos contra ley antitabaco: L\u00f3pez-Gatell - NOTICIAS DE LA 4T<\/title>\n<meta name=\"robots\" content=\"noindex, follow, max-snippet:-1, max-image-preview:large, max-video-preview:-1\" \/>\n<meta property=\"og:locale\" content=\"es_MX\" \/>\n<meta property=\"og:type\" content=\"article\" \/>\n<meta property=\"og:title\" content=\"Desechados m\u00e1s de 2 mil amparos contra ley antitabaco: L\u00f3pez-Gatell - NOTICIAS DE LA 4T\" \/>\n<meta property=\"og:description\" content=\"Tras la entrada en vigor de la Ley general para el Control del Tabaco en...\" \/>\n<meta property=\"og:url\" content=\"https:\/\/redamlo.com\/index.php\/2023\/05\/31\/desechados-mas-de-2-mil-amparos-contra-ley-antitabaco-lopez-gatell\/\" \/>\n<meta property=\"og:site_name\" content=\"NOTICIAS DE LA 4T\" \/>\n<meta property=\"article:published_time\" content=\"2023-05-31T17:24:58+00:00\" \/>\n<meta property=\"og:image\" content=\"https:\/\/redamlo.com\/wp-content\/uploads\/2023\/05\/Ley-Antitabaco.jpg\" \/>\n\t<meta property=\"og:image:width\" content=\"467\" \/>\n\t<meta property=\"og:image:height\" content=\"263\" \/>\n\t<meta property=\"og:image:type\" content=\"image\/jpeg\" \/>\n<meta name=\"author\" content=\"admin\" \/>\n<meta name=\"twitter:card\" content=\"summary_large_image\" \/>\n<meta name=\"twitter:label1\" content=\"Escrito por\" \/>\n\t<meta name=\"twitter:data1\" content=\"admin\" \/>\n\t<meta name=\"twitter:label2\" content=\"Tiempo de lectura\" \/>\n\t<meta name=\"twitter:data2\" content=\"2 minutos\" \/>\n<script type=\"application\/ld+json\" class=\"yoast-schema-graph\">{\"@context\":\"https:\\\/\\\/schema.org\",\"@graph\":[{\"@type\":\"Article\",\"@id\":\"https:\\\/\\\/redamlo.com\\\/index.php\\\/2023\\\/05\\\/31\\\/desechados-mas-de-2-mil-amparos-contra-ley-antitabaco-lopez-gatell\\\/#article\",\"isPartOf\":{\"@id\":\"https:\\\/\\\/redamlo.com\\\/index.php\\\/2023\\\/05\\\/31\\\/desechados-mas-de-2-mil-amparos-contra-ley-antitabaco-lopez-gatell\\\/\"},\"author\":{\"name\":\"admin\",\"@id\":\"https:\\\/\\\/redamlo.com\\\/#\\\/schema\\\/person\\\/197a0a670d21b1f4f1483ddda1b64613\"},\"headline\":\"Desechados m\u00e1s de 2 mil amparos contra ley antitabaco: L\u00f3pez-Gatell\",\"datePublished\":\"2023-05-31T17:24:58+00:00\",\"mainEntityOfPage\":{\"@id\":\"https:\\\/\\\/redamlo.com\\\/index.php\\\/2023\\\/05\\\/31\\\/desechados-mas-de-2-mil-amparos-contra-ley-antitabaco-lopez-gatell\\\/\"},\"wordCount\":485,\"commentCount\":0,\"publisher\":{\"@id\":\"https:\\\/\\\/redamlo.com\\\/#organization\"},\"image\":{\"@id\":\"https:\\\/\\\/redamlo.com\\\/index.php\\\/2023\\\/05\\\/31\\\/desechados-mas-de-2-mil-amparos-contra-ley-antitabaco-lopez-gatell\\\/#primaryimage\"},\"thumbnailUrl\":\"https:\\\/\\\/redamlo.com\\\/wp-content\\\/uploads\\\/2023\\\/05\\\/Ley-Antitabaco.jpg\",\"keywords\":[\"ley antitabaco\",\"lopez gatell\",\"Secretar\u00eda de Salud\"],\"articleSection\":[\"Salud\"],\"inLanguage\":\"es\",\"potentialAction\":[{\"@type\":\"CommentAction\",\"name\":\"Comment\",\"target\":[\"https:\\\/\\\/redamlo.com\\\/index.php\\\/2023\\\/05\\\/31\\\/desechados-mas-de-2-mil-amparos-contra-ley-antitabaco-lopez-gatell\\\/#respond\"]}]},{\"@type\":\"WebPage\",\"@id\":\"https:\\\/\\\/redamlo.com\\\/index.php\\\/2023\\\/05\\\/31\\\/desechados-mas-de-2-mil-amparos-contra-ley-antitabaco-lopez-gatell\\\/\",\"url\":\"https:\\\/\\\/redamlo.com\\\/index.php\\\/2023\\\/05\\\/31\\\/desechados-mas-de-2-mil-amparos-contra-ley-antitabaco-lopez-gatell\\\/\",\"name\":\"Desechados m\u00e1s de 2 mil amparos contra ley antitabaco: L\u00f3pez-Gatell - NOTICIAS DE LA 4T\",\"isPartOf\":{\"@id\":\"https:\\\/\\\/redamlo.com\\\/#website\"},\"primaryImageOfPage\":{\"@id\":\"https:\\\/\\\/redamlo.com\\\/index.php\\\/2023\\\/05\\\/31\\\/desechados-mas-de-2-mil-amparos-contra-ley-antitabaco-lopez-gatell\\\/#primaryimage\"},\"image\":{\"@id\":\"https:\\\/\\\/redamlo.com\\\/index.php\\\/2023\\\/05\\\/31\\\/desechados-mas-de-2-mil-amparos-contra-ley-antitabaco-lopez-gatell\\\/#primaryimage\"},\"thumbnailUrl\":\"https:\\\/\\\/redamlo.com\\\/wp-content\\\/uploads\\\/2023\\\/05\\\/Ley-Antitabaco.jpg\",\"datePublished\":\"2023-05-31T17:24:58+00:00\",\"breadcrumb\":{\"@id\":\"https:\\\/\\\/redamlo.com\\\/index.php\\\/2023\\\/05\\\/31\\\/desechados-mas-de-2-mil-amparos-contra-ley-antitabaco-lopez-gatell\\\/#breadcrumb\"},\"inLanguage\":\"es\",\"potentialAction\":[{\"@type\":\"ReadAction\",\"target\":[\"https:\\\/\\\/redamlo.com\\\/index.php\\\/2023\\\/05\\\/31\\\/desechados-mas-de-2-mil-amparos-contra-ley-antitabaco-lopez-gatell\\\/\"]}]},{\"@type\":\"ImageObject\",\"inLanguage\":\"es\",\"@id\":\"https:\\\/\\\/redamlo.com\\\/index.php\\\/2023\\\/05\\\/31\\\/desechados-mas-de-2-mil-amparos-contra-ley-antitabaco-lopez-gatell\\\/#primaryimage\",\"url\":\"https:\\\/\\\/redamlo.com\\\/wp-content\\\/uploads\\\/2023\\\/05\\\/Ley-Antitabaco.jpg\",\"contentUrl\":\"https:\\\/\\\/redamlo.com\\\/wp-content\\\/uploads\\\/2023\\\/05\\\/Ley-Antitabaco.jpg\",\"width\":467,\"height\":263},{\"@type\":\"BreadcrumbList\",\"@id\":\"https:\\\/\\\/redamlo.com\\\/index.php\\\/2023\\\/05\\\/31\\\/desechados-mas-de-2-mil-amparos-contra-ley-antitabaco-lopez-gatell\\\/#breadcrumb\",\"itemListElement\":[{\"@type\":\"ListItem\",\"position\":1,\"name\":\"Inicio\",\"item\":\"https:\\\/\\\/redamlo.com\\\/\"},{\"@type\":\"ListItem\",\"position\":2,\"name\":\"Desechados m\u00e1s de 2 mil amparos contra ley antitabaco: L\u00f3pez-Gatell\"}]},{\"@type\":\"WebSite\",\"@id\":\"https:\\\/\\\/redamlo.com\\\/#website\",\"url\":\"https:\\\/\\\/redamlo.com\\\/\",\"name\":\"NOTICIAS DE LA 4T\",\"description\":\"\",\"publisher\":{\"@id\":\"https:\\\/\\\/redamlo.com\\\/#organization\"},\"potentialAction\":[{\"@type\":\"SearchAction\",\"target\":{\"@type\":\"EntryPoint\",\"urlTemplate\":\"https:\\\/\\\/redamlo.com\\\/?s={search_term_string}\"},\"query-input\":{\"@type\":\"PropertyValueSpecification\",\"valueRequired\":true,\"valueName\":\"search_term_string\"}}],\"inLanguage\":\"es\"},{\"@type\":\"Organization\",\"@id\":\"https:\\\/\\\/redamlo.com\\\/#organization\",\"name\":\"NOTICIAS DE LA 4T\",\"url\":\"https:\\\/\\\/redamlo.com\\\/\",\"logo\":{\"@type\":\"ImageObject\",\"inLanguage\":\"es\",\"@id\":\"https:\\\/\\\/redamlo.com\\\/#\\\/schema\\\/logo\\\/image\\\/\",\"url\":\"https:\\\/\\\/redamlo.com\\\/wp-content\\\/uploads\\\/2024\\\/08\\\/cropped-RED-AMLO-logo-50.png\",\"contentUrl\":\"https:\\\/\\\/redamlo.com\\\/wp-content\\\/uploads\\\/2024\\\/08\\\/cropped-RED-AMLO-logo-50.png\",\"width\":256,\"height\":256,\"caption\":\"NOTICIAS DE LA 4T\"},\"image\":{\"@id\":\"https:\\\/\\\/redamlo.com\\\/#\\\/schema\\\/logo\\\/image\\\/\"}},{\"@type\":\"Person\",\"@id\":\"https:\\\/\\\/redamlo.com\\\/#\\\/schema\\\/person\\\/197a0a670d21b1f4f1483ddda1b64613\",\"name\":\"admin\",\"image\":{\"@type\":\"ImageObject\",\"inLanguage\":\"es\",\"@id\":\"https:\\\/\\\/secure.gravatar.com\\\/avatar\\\/293dccd927043f2e641da6685c2f84009782eb9ee0054daceada4e261ded849a?s=96&d=mm&r=g\",\"url\":\"https:\\\/\\\/secure.gravatar.com\\\/avatar\\\/293dccd927043f2e641da6685c2f84009782eb9ee0054daceada4e261ded849a?s=96&d=mm&r=g\",\"contentUrl\":\"https:\\\/\\\/secure.gravatar.com\\\/avatar\\\/293dccd927043f2e641da6685c2f84009782eb9ee0054daceada4e261ded849a?s=96&d=mm&r=g\",\"caption\":\"admin\"},\"sameAs\":[\"https:\\\/\\\/redamlo.com\"],\"url\":\"https:\\\/\\\/redamlo.com\\\/index.php\\\/author\\\/stell\\\/\"}]}<\/script>\n<!-- \/ Yoast SEO plugin. -->","yoast_head_json":{"title":"Desechados m\u00e1s de 2 mil amparos contra ley antitabaco: L\u00f3pez-Gatell - NOTICIAS DE LA 4T","robots":{"index":"noindex","follow":"follow","max-snippet":"max-snippet:-1","max-image-preview":"max-image-preview:large","max-video-preview":"max-video-preview:-1"},"og_locale":"es_MX","og_type":"article","og_title":"Desechados m\u00e1s de 2 mil amparos contra ley antitabaco: L\u00f3pez-Gatell - NOTICIAS DE LA 4T","og_description":"Tras la entrada en vigor de la Ley general para el Control del Tabaco en...","og_url":"https:\/\/redamlo.com\/index.php\/2023\/05\/31\/desechados-mas-de-2-mil-amparos-contra-ley-antitabaco-lopez-gatell\/","og_site_name":"NOTICIAS DE LA 4T","article_published_time":"2023-05-31T17:24:58+00:00","og_image":[{"width":467,"height":263,"url":"https:\/\/redamlo.com\/wp-content\/uploads\/2023\/05\/Ley-Antitabaco.jpg","type":"image\/jpeg"}],"author":"admin","twitter_card":"summary_large_image","twitter_misc":{"Escrito por":"admin","Tiempo de lectura":"2 minutos"},"schema":{"@context":"https:\/\/schema.org","@graph":[{"@type":"Article","@id":"https:\/\/redamlo.com\/index.php\/2023\/05\/31\/desechados-mas-de-2-mil-amparos-contra-ley-antitabaco-lopez-gatell\/#article","isPartOf":{"@id":"https:\/\/redamlo.com\/index.php\/2023\/05\/31\/desechados-mas-de-2-mil-amparos-contra-ley-antitabaco-lopez-gatell\/"},"author":{"name":"admin","@id":"https:\/\/redamlo.com\/#\/schema\/person\/197a0a670d21b1f4f1483ddda1b64613"},"headline":"Desechados m\u00e1s de 2 mil amparos contra ley antitabaco: L\u00f3pez-Gatell","datePublished":"2023-05-31T17:24:58+00:00","mainEntityOfPage":{"@id":"https:\/\/redamlo.com\/index.php\/2023\/05\/31\/desechados-mas-de-2-mil-amparos-contra-ley-antitabaco-lopez-gatell\/"},"wordCount":485,"commentCount":0,"publisher":{"@id":"https:\/\/redamlo.com\/#organization"},"image":{"@id":"https:\/\/redamlo.com\/index.php\/2023\/05\/31\/desechados-mas-de-2-mil-amparos-contra-ley-antitabaco-lopez-gatell\/#primaryimage"},"thumbnailUrl":"https:\/\/redamlo.com\/wp-content\/uploads\/2023\/05\/Ley-Antitabaco.jpg","keywords":["ley antitabaco","lopez gatell","Secretar\u00eda de Salud"],"articleSection":["Salud"],"inLanguage":"es","potentialAction":[{"@type":"CommentAction","name":"Comment","target":["https:\/\/redamlo.com\/index.php\/2023\/05\/31\/desechados-mas-de-2-mil-amparos-contra-ley-antitabaco-lopez-gatell\/#respond"]}]},{"@type":"WebPage","@id":"https:\/\/redamlo.com\/index.php\/2023\/05\/31\/desechados-mas-de-2-mil-amparos-contra-ley-antitabaco-lopez-gatell\/","url":"https:\/\/redamlo.com\/index.php\/2023\/05\/31\/desechados-mas-de-2-mil-amparos-contra-ley-antitabaco-lopez-gatell\/","name":"Desechados m\u00e1s de 2 mil amparos contra ley antitabaco: L\u00f3pez-Gatell - NOTICIAS DE LA 4T","isPartOf":{"@id":"https:\/\/redamlo.com\/#website"},"primaryImageOfPage":{"@id":"https:\/\/redamlo.com\/index.php\/2023\/05\/31\/desechados-mas-de-2-mil-amparos-contra-ley-antitabaco-lopez-gatell\/#primaryimage"},"image":{"@id":"https:\/\/redamlo.com\/index.php\/2023\/05\/31\/desechados-mas-de-2-mil-amparos-contra-ley-antitabaco-lopez-gatell\/#primaryimage"},"thumbnailUrl":"https:\/\/redamlo.com\/wp-content\/uploads\/2023\/05\/Ley-Antitabaco.jpg","datePublished":"2023-05-31T17:24:58+00:00","breadcrumb":{"@id":"https:\/\/redamlo.com\/index.php\/2023\/05\/31\/desechados-mas-de-2-mil-amparos-contra-ley-antitabaco-lopez-gatell\/#breadcrumb"},"inLanguage":"es","potentialAction":[{"@type":"ReadAction","target":["https:\/\/redamlo.com\/index.php\/2023\/05\/31\/desechados-mas-de-2-mil-amparos-contra-ley-antitabaco-lopez-gatell\/"]}]},{"@type":"ImageObject","inLanguage":"es","@id":"https:\/\/redamlo.com\/index.php\/2023\/05\/31\/desechados-mas-de-2-mil-amparos-contra-ley-antitabaco-lopez-gatell\/#primaryimage","url":"https:\/\/redamlo.com\/wp-content\/uploads\/2023\/05\/Ley-Antitabaco.jpg","contentUrl":"https:\/\/redamlo.com\/wp-content\/uploads\/2023\/05\/Ley-Antitabaco.jpg","width":467,"height":263},{"@type":"BreadcrumbList","@id":"https:\/\/redamlo.com\/index.php\/2023\/05\/31\/desechados-mas-de-2-mil-amparos-contra-ley-antitabaco-lopez-gatell\/#breadcrumb","itemListElement":[{"@type":"ListItem","position":1,"name":"Inicio","item":"https:\/\/redamlo.com\/"},{"@type":"ListItem","position":2,"name":"Desechados m\u00e1s de 2 mil amparos contra ley antitabaco: L\u00f3pez-Gatell"}]},{"@type":"WebSite","@id":"https:\/\/redamlo.com\/#website","url":"https:\/\/redamlo.com\/","name":"NOTICIAS DE LA 4T","description":"","publisher":{"@id":"https:\/\/redamlo.com\/#organization"},"potentialAction":[{"@type":"SearchAction","target":{"@type":"EntryPoint","urlTemplate":"https:\/\/redamlo.com\/?s={search_term_string}"},"query-input":{"@type":"PropertyValueSpecification","valueRequired":true,"valueName":"search_term_string"}}],"inLanguage":"es"},{"@type":"Organization","@id":"https:\/\/redamlo.com\/#organization","name":"NOTICIAS DE LA 4T","url":"https:\/\/redamlo.com\/","logo":{"@type":"ImageObject","inLanguage":"es","@id":"https:\/\/redamlo.com\/#\/schema\/logo\/image\/","url":"https:\/\/redamlo.com\/wp-content\/uploads\/2024\/08\/cropped-RED-AMLO-logo-50.png","contentUrl":"https:\/\/redamlo.com\/wp-content\/uploads\/2024\/08\/cropped-RED-AMLO-logo-50.png","width":256,"height":256,"caption":"NOTICIAS DE LA 4T"},"image":{"@id":"https:\/\/redamlo.com\/#\/schema\/logo\/image\/"}},{"@type":"Person","@id":"https:\/\/redamlo.com\/#\/schema\/person\/197a0a670d21b1f4f1483ddda1b64613","name":"admin","image":{"@type":"ImageObject","inLanguage":"es","@id":"https:\/\/secure.gravatar.com\/avatar\/293dccd927043f2e641da6685c2f84009782eb9ee0054daceada4e261ded849a?s=96&d=mm&r=g","url":"https:\/\/secure.gravatar.com\/avatar\/293dccd927043f2e641da6685c2f84009782eb9ee0054daceada4e261ded849a?s=96&d=mm&r=g","contentUrl":"https:\/\/secure.gravatar.com\/avatar\/293dccd927043f2e641da6685c2f84009782eb9ee0054daceada4e261ded849a?s=96&d=mm&r=g","caption":"admin"},"sameAs":["https:\/\/redamlo.com"],"url":"https:\/\/redamlo.com\/index.php\/author\/stell\/"}]}},"_links":{"self":[{"href":"https:\/\/redamlo.com\/index.php\/wp-json\/wp\/v2\/posts\/6863","targetHints":{"allow":["GET"]}}],"collection":[{"href":"https:\/\/redamlo.com\/index.php\/wp-json\/wp\/v2\/posts"}],"about":[{"href":"https:\/\/redamlo.com\/index.php\/wp-json\/wp\/v2\/types\/post"}],"author":[{"embeddable":true,"href":"https:\/\/redamlo.com\/index.php\/wp-json\/wp\/v2\/users\/1"}],"replies":[{"embeddable":true,"href":"https:\/\/redamlo.com\/index.php\/wp-json\/wp\/v2\/comments?post=6863"}],"version-history":[{"count":0,"href":"https:\/\/redamlo.com\/index.php\/wp-json\/wp\/v2\/posts\/6863\/revisions"}],"wp:featuredmedia":[{"embeddable":true,"href":"https:\/\/redamlo.com\/index.php\/wp-json\/wp\/v2\/media\/6864"}],"wp:attachment":[{"href":"https:\/\/redamlo.com\/index.php\/wp-json\/wp\/v2\/media?parent=6863"}],"wp:term":[{"taxonomy":"category","embeddable":true,"href":"https:\/\/redamlo.com\/index.php\/wp-json\/wp\/v2\/categories?post=6863"},{"taxonomy":"post_tag","embeddable":true,"href":"https:\/\/redamlo.com\/index.php\/wp-json\/wp\/v2\/tags?post=6863"}],"curies":[{"name":"wp","href":"https:\/\/api.w.org\/{rel}","templated":true}]}}