{"id":6855,"date":"2023-05-31T10:21:49","date_gmt":"2023-05-31T16:21:49","guid":{"rendered":"https:\/\/redamlo.com\/?p=6855"},"modified":"2023-05-31T10:21:49","modified_gmt":"2023-05-31T16:21:49","slug":"la-crisis-del-agua-en-el-edomex-es-un-tema-de-seguridad-nacional-luzma-hernandez","status":"publish","type":"post","link":"https:\/\/redamlo.com\/index.php\/2023\/05\/31\/la-crisis-del-agua-en-el-edomex-es-un-tema-de-seguridad-nacional-luzma-hernandez\/","title":{"rendered":"La crisis del agua en el Edom\u00e9x es un tema  de  seguridad nacional: LuzMa Hern\u00e1ndez"},"content":{"rendered":"<p>En d\u00edas pasados se llev\u00f3 a cabo el foro, teniendo como sede el municipio Ecatepec de Morelos, en la colonia \u00a0Valle de Arag\u00f3n. Organizado por la diputada local Luz Ma Hern\u00e1ndez, tuvo como ponentes \u00a0al Dr. Jorge Retana Yarto los catedr\u00e1ticos Ing. V\u00edctor Manuel P\u00e9rez Hern\u00e1ndez y el Dr. Carlos Vera Cabrera. Al hacer uso de la palabra la legisladora mencion\u00f3: una preocupaci\u00f3n apremiante que afecta al Estado de M\u00e9xico y pone en riesgo nuestra seguridad nacional: La crisis del agua. El agua, fuente de vida y recurso vital, es una necesidad b\u00e1sica para el desarrollo humano, la agricultura, la industria y la preservaci\u00f3n del medio ambiente. Lamentablemente, estamos enfrentando desaf\u00edos significativos en este aspecto, y es imperativo que tomemos medidas urgentes y efectivas para abordar esta situaci\u00f3n.<\/p>\n<p><img loading=\"lazy\" decoding=\"async\" class=\"alignnone size-medium wp-image-6857 aligncenter\" src=\"https:\/\/redamlo.com\/wp-content\/uploads\/2023\/05\/crisis-agua-edomex-3-300x200.jpg\" alt=\"\" width=\"300\" height=\"200\" srcset=\"https:\/\/redamlo.com\/wp-content\/uploads\/2023\/05\/crisis-agua-edomex-3-300x200.jpg 300w, https:\/\/redamlo.com\/wp-content\/uploads\/2023\/05\/crisis-agua-edomex-3.jpg 720w\" sizes=\"auto, (max-width: 300px) 100vw, 300px\" \/><\/p>\n<p>&nbsp;<\/p>\n<p>Entre los asistentes se pod\u00eda observar a l\u00edderes comunitarios y ciudadanas de diversos municipios de la entidad mexiquense, quienes tomaron conciencia de que siendo el Estado de M\u00e9xico el estado m\u00e1s poblado y desarrollados de nuestro pa\u00eds, enfrenta una creciente demanda de agua. Sin embargo, la oferta de agua dulce es limitada y estamos agotando nuestros recursos h\u00eddricos a un ritmo alarmante. La falta de una gesti\u00f3n adecuada del agua, la contaminaci\u00f3n de fuentes superficiales y subterr\u00e1neas, y la sobreexplotaci\u00f3n de acu\u00edferos han exacerbado esta situaci\u00f3n, poniendo en peligro la disponibilidad y calidad del agua para nuestras comunidades.<\/p>\n<p><img loading=\"lazy\" decoding=\"async\" class=\"alignnone size-medium wp-image-6858 aligncenter\" src=\"https:\/\/redamlo.com\/wp-content\/uploads\/2023\/05\/crisis-agua-edomex-2-300x200.jpg\" alt=\"\" width=\"300\" height=\"200\" srcset=\"https:\/\/redamlo.com\/wp-content\/uploads\/2023\/05\/crisis-agua-edomex-2-300x200.jpg 300w, https:\/\/redamlo.com\/wp-content\/uploads\/2023\/05\/crisis-agua-edomex-2.jpg 721w\" sizes=\"auto, (max-width: 300px) 100vw, 300px\" \/><\/p>\n<p>La ONU estima que para 2,050 el 25% de la poblaci\u00f3n tendr\u00e1 que\u00a0 sobrevivir sin agua limpia, potable. la escasez afecta ya a 4 de cada 10 personas en el planeta. Por lo anterior, el agua debe considerarse en M\u00e9xico un tema de Seguridad Nacional y es imperativo que se inscriba en la Constituci\u00f3n. Cualquier otra cosa, es\u00a0 insuficiente de cara al futuro. En esto no puede ser primero el capital privado y el mercado.<\/p>\n<p>&nbsp;<\/p>\n<p>M\u00e9xico ha tenido y tiene distintas amenazas a su riqueza h\u00eddrica. especialmente la ubicada en el norte de la rep\u00fablica: EEUU a trav\u00e9s de distintos\u00a0 acuerdos ha logrado controlar pr\u00e1cticamente las 2\/3 partes de los afluentes de la riqueza contenida en tres r\u00edos que cruzan nuestra frontera: el r\u00edo Bravo, el r\u00edo Colorado y el r\u00edo Tijuana.<\/p>\n<p>El \u00faltimo avance que tuvieron fue en el gobierno de Vicente Fox cuando lograron un acuerdo muy favorable mediante el acta 307 al seno de la comisi\u00f3n internacional de l\u00edmites y aguas firmada el 16 de agosto de 2001. EEUU reclam\u00f3 y obtuvo 740 millones de m3, pero se le adeudaban en forma concreta 453 millones de m3.<br \/>\nAdicionalmente\u00a0 los ex presidentes Fox y Pe\u00f1a Nietointrodujeron reformas a la ley de aguas nacionales. \u00c9ste \u00faltimo,\u00a0 mediante la firma de 10 decretos en los cuales se pasa de un r\u00e9gimen de veda en 300 cuencas hidrol\u00f3gicas en el pa\u00eds, que equivalen al 55% de los r\u00edos y lagos de M\u00e9xico, a otro de reservas, es decir una parte de esos afluentes podr\u00e1n extraerse y otra parte podr\u00e1 concesionarse.<\/p>\n<p>&nbsp;<\/p>\n<p>Entre las prioridades del nuevo gobierno del Edomex, debe considerarse: integrar una agenda de prioridades respecto al agua en el Estado de M\u00e9xico consider\u00e1ndola un tema de seguridad nacional. Cambios en ordenamientos secundarios sobre nuevos desarrollos habitacionales y concesiones de explotaci\u00f3n comercial de alg\u00fan tipo;. Integraci\u00f3n de un fondo de recursos financieros emergentes para atender las redes de infraestructura de mayor vulnerabilidad en los municipios m\u00e1s amenazados con la escasez. Instruir a los pr\u00f3ximos legisladores de la entidad para que dise\u00f1en iniciativas de ley que reviertan la cancelaci\u00f3n de regiones y zonas de veda y que tengan en reserva nuevas concesiones de explotaci\u00f3n comercial.<\/p>\n<p>&nbsp;<\/p>\n<p>La ex presidenta de morena en la entidad fue contundente al asegurar que ante esta situaci\u00f3n, es imperativo que tomemos medidas concretas para abordar la crisis del agua en el Estado de M\u00e9xico y garantizar nuestra seguridad nacional. Esto requiere una acci\u00f3n coordinada entre el gobierno, las autoridades locales, el sector privado y la sociedad en su conjunto.<\/p>\n<p>&nbsp;<\/p>\n<p>En primer lugar, debemos fortalecer la gobernanza del agua, promoviendo una gesti\u00f3n integral y sostenible de nuestros recursos h\u00eddricos. Esto implica invertir en infraestructuras adecuadas para la captaci\u00f3n, almacenamiento y distribuci\u00f3n de agua, as\u00ed como en la implementaci\u00f3n de pol\u00edticas de conservaci\u00f3n y uso eficiente del recurso.<\/p>\n<p>&nbsp;<\/p>\n<p>Adem\u00e1s, es fundamental fomentar la conciencia ambiental y la participaci\u00f3n ciudadana en la protecci\u00f3n y preservaci\u00f3n del agua. Esto puede lograrse a trav\u00e9s de campa\u00f1as educativas, programas de capacitaci\u00f3n y la promoci\u00f3n de buenas pr\u00e1cticas en el consumo y la conservaci\u00f3n del agua.<\/p>\n<p>&nbsp;<\/p>\n<p>Asimismo, debemos impulsar la investigaci\u00f3n y la innovaci\u00f3n en tecnolog\u00edas que permitan el tratamiento y reutilizaci\u00f3n del agua, as\u00ed como la desalinizaci\u00f3n de fuentes alternativas. Esto nos brindar\u00e1 opciones adicionales para garantizar un suministro adecuado de agua en tiempos de escasez. Concluy\u00f3.<\/p>\n<p>&nbsp;<\/p>\n","protected":false},"excerpt":{"rendered":"<p>En d\u00edas pasados se llev\u00f3 a cabo el foro, teniendo como sede el municipio Ecatepec&#8230;<\/p>\n","protected":false},"author":1,"featured_media":6856,"comment_status":"open","ping_status":"closed","sticky":false,"template":"","format":"standard","meta":{"footnotes":""},"categories":[3,6],"tags":[2507,2508,59],"class_list":["post-6855","post","type-post","status-publish","format-standard","has-post-thumbnail","hentry","category-estado-de-mexico","category-estados","tag-crisi-de-agua-edomex","tag-diputada-luz-ma-hernandez","tag-edomex"],"yoast_head":"<!-- This site is optimized with the Yoast SEO plugin v27.5 - https:\/\/yoast.com\/product\/yoast-seo-wordpress\/ -->\n<title>La crisis del agua en el Edom\u00e9x es un tema de seguridad nacional: LuzMa Hern\u00e1ndez - NOTICIAS DE LA 4T<\/title>\n<meta name=\"robots\" content=\"noindex, follow, max-snippet:-1, max-image-preview:large, max-video-preview:-1\" \/>\n<meta property=\"og:locale\" content=\"es_MX\" \/>\n<meta property=\"og:type\" content=\"article\" \/>\n<meta property=\"og:title\" content=\"La crisis del agua en el Edom\u00e9x es un tema de seguridad nacional: LuzMa Hern\u00e1ndez - NOTICIAS DE LA 4T\" \/>\n<meta property=\"og:description\" content=\"En d\u00edas pasados se llev\u00f3 a cabo el foro, teniendo como sede el municipio Ecatepec...\" \/>\n<meta property=\"og:url\" content=\"https:\/\/redamlo.com\/index.php\/2023\/05\/31\/la-crisis-del-agua-en-el-edomex-es-un-tema-de-seguridad-nacional-luzma-hernandez\/\" \/>\n<meta property=\"og:site_name\" content=\"NOTICIAS DE LA 4T\" \/>\n<meta property=\"article:published_time\" content=\"2023-05-31T16:21:49+00:00\" \/>\n<meta property=\"og:image\" content=\"https:\/\/redamlo.com\/wp-content\/uploads\/2023\/05\/crisis-agua-edomex-1.jpg\" \/>\n\t<meta property=\"og:image:width\" content=\"721\" \/>\n\t<meta property=\"og:image:height\" content=\"480\" \/>\n\t<meta property=\"og:image:type\" content=\"image\/jpeg\" \/>\n<meta name=\"author\" content=\"admin\" \/>\n<meta name=\"twitter:card\" content=\"summary_large_image\" \/>\n<meta name=\"twitter:label1\" content=\"Escrito por\" \/>\n\t<meta name=\"twitter:data1\" content=\"admin\" \/>\n\t<meta name=\"twitter:label2\" content=\"Tiempo de lectura\" \/>\n\t<meta name=\"twitter:data2\" content=\"4 minutos\" \/>\n<script type=\"application\/ld+json\" class=\"yoast-schema-graph\">{\"@context\":\"https:\\\/\\\/schema.org\",\"@graph\":[{\"@type\":\"Article\",\"@id\":\"https:\\\/\\\/redamlo.com\\\/index.php\\\/2023\\\/05\\\/31\\\/la-crisis-del-agua-en-el-edomex-es-un-tema-de-seguridad-nacional-luzma-hernandez\\\/#article\",\"isPartOf\":{\"@id\":\"https:\\\/\\\/redamlo.com\\\/index.php\\\/2023\\\/05\\\/31\\\/la-crisis-del-agua-en-el-edomex-es-un-tema-de-seguridad-nacional-luzma-hernandez\\\/\"},\"author\":{\"name\":\"admin\",\"@id\":\"https:\\\/\\\/redamlo.com\\\/#\\\/schema\\\/person\\\/197a0a670d21b1f4f1483ddda1b64613\"},\"headline\":\"La crisis del agua en el Edom\u00e9x es un tema de seguridad nacional: LuzMa Hern\u00e1ndez\",\"datePublished\":\"2023-05-31T16:21:49+00:00\",\"mainEntityOfPage\":{\"@id\":\"https:\\\/\\\/redamlo.com\\\/index.php\\\/2023\\\/05\\\/31\\\/la-crisis-del-agua-en-el-edomex-es-un-tema-de-seguridad-nacional-luzma-hernandez\\\/\"},\"wordCount\":872,\"commentCount\":0,\"publisher\":{\"@id\":\"https:\\\/\\\/redamlo.com\\\/#organization\"},\"image\":{\"@id\":\"https:\\\/\\\/redamlo.com\\\/index.php\\\/2023\\\/05\\\/31\\\/la-crisis-del-agua-en-el-edomex-es-un-tema-de-seguridad-nacional-luzma-hernandez\\\/#primaryimage\"},\"thumbnailUrl\":\"https:\\\/\\\/redamlo.com\\\/wp-content\\\/uploads\\\/2023\\\/05\\\/crisis-agua-edomex-1.jpg\",\"keywords\":[\"crisi de agua edomex\",\"Diputada Luz Ma Hernandez\",\"edomex\"],\"articleSection\":[\"Estado de M\u00e9xico\",\"Estados\"],\"inLanguage\":\"es\",\"potentialAction\":[{\"@type\":\"CommentAction\",\"name\":\"Comment\",\"target\":[\"https:\\\/\\\/redamlo.com\\\/index.php\\\/2023\\\/05\\\/31\\\/la-crisis-del-agua-en-el-edomex-es-un-tema-de-seguridad-nacional-luzma-hernandez\\\/#respond\"]}]},{\"@type\":\"WebPage\",\"@id\":\"https:\\\/\\\/redamlo.com\\\/index.php\\\/2023\\\/05\\\/31\\\/la-crisis-del-agua-en-el-edomex-es-un-tema-de-seguridad-nacional-luzma-hernandez\\\/\",\"url\":\"https:\\\/\\\/redamlo.com\\\/index.php\\\/2023\\\/05\\\/31\\\/la-crisis-del-agua-en-el-edomex-es-un-tema-de-seguridad-nacional-luzma-hernandez\\\/\",\"name\":\"La crisis del agua en el Edom\u00e9x es un tema de seguridad nacional: LuzMa Hern\u00e1ndez - NOTICIAS DE LA 4T\",\"isPartOf\":{\"@id\":\"https:\\\/\\\/redamlo.com\\\/#website\"},\"primaryImageOfPage\":{\"@id\":\"https:\\\/\\\/redamlo.com\\\/index.php\\\/2023\\\/05\\\/31\\\/la-crisis-del-agua-en-el-edomex-es-un-tema-de-seguridad-nacional-luzma-hernandez\\\/#primaryimage\"},\"image\":{\"@id\":\"https:\\\/\\\/redamlo.com\\\/index.php\\\/2023\\\/05\\\/31\\\/la-crisis-del-agua-en-el-edomex-es-un-tema-de-seguridad-nacional-luzma-hernandez\\\/#primaryimage\"},\"thumbnailUrl\":\"https:\\\/\\\/redamlo.com\\\/wp-content\\\/uploads\\\/2023\\\/05\\\/crisis-agua-edomex-1.jpg\",\"datePublished\":\"2023-05-31T16:21:49+00:00\",\"breadcrumb\":{\"@id\":\"https:\\\/\\\/redamlo.com\\\/index.php\\\/2023\\\/05\\\/31\\\/la-crisis-del-agua-en-el-edomex-es-un-tema-de-seguridad-nacional-luzma-hernandez\\\/#breadcrumb\"},\"inLanguage\":\"es\",\"potentialAction\":[{\"@type\":\"ReadAction\",\"target\":[\"https:\\\/\\\/redamlo.com\\\/index.php\\\/2023\\\/05\\\/31\\\/la-crisis-del-agua-en-el-edomex-es-un-tema-de-seguridad-nacional-luzma-hernandez\\\/\"]}]},{\"@type\":\"ImageObject\",\"inLanguage\":\"es\",\"@id\":\"https:\\\/\\\/redamlo.com\\\/index.php\\\/2023\\\/05\\\/31\\\/la-crisis-del-agua-en-el-edomex-es-un-tema-de-seguridad-nacional-luzma-hernandez\\\/#primaryimage\",\"url\":\"https:\\\/\\\/redamlo.com\\\/wp-content\\\/uploads\\\/2023\\\/05\\\/crisis-agua-edomex-1.jpg\",\"contentUrl\":\"https:\\\/\\\/redamlo.com\\\/wp-content\\\/uploads\\\/2023\\\/05\\\/crisis-agua-edomex-1.jpg\",\"width\":721,\"height\":480},{\"@type\":\"BreadcrumbList\",\"@id\":\"https:\\\/\\\/redamlo.com\\\/index.php\\\/2023\\\/05\\\/31\\\/la-crisis-del-agua-en-el-edomex-es-un-tema-de-seguridad-nacional-luzma-hernandez\\\/#breadcrumb\",\"itemListElement\":[{\"@type\":\"ListItem\",\"position\":1,\"name\":\"Inicio\",\"item\":\"https:\\\/\\\/redamlo.com\\\/\"},{\"@type\":\"ListItem\",\"position\":2,\"name\":\"La crisis del agua en el Edom\u00e9x es un tema de seguridad nacional: LuzMa Hern\u00e1ndez\"}]},{\"@type\":\"WebSite\",\"@id\":\"https:\\\/\\\/redamlo.com\\\/#website\",\"url\":\"https:\\\/\\\/redamlo.com\\\/\",\"name\":\"NOTICIAS DE LA 4T\",\"description\":\"\",\"publisher\":{\"@id\":\"https:\\\/\\\/redamlo.com\\\/#organization\"},\"potentialAction\":[{\"@type\":\"SearchAction\",\"target\":{\"@type\":\"EntryPoint\",\"urlTemplate\":\"https:\\\/\\\/redamlo.com\\\/?s={search_term_string}\"},\"query-input\":{\"@type\":\"PropertyValueSpecification\",\"valueRequired\":true,\"valueName\":\"search_term_string\"}}],\"inLanguage\":\"es\"},{\"@type\":\"Organization\",\"@id\":\"https:\\\/\\\/redamlo.com\\\/#organization\",\"name\":\"NOTICIAS DE LA 4T\",\"url\":\"https:\\\/\\\/redamlo.com\\\/\",\"logo\":{\"@type\":\"ImageObject\",\"inLanguage\":\"es\",\"@id\":\"https:\\\/\\\/redamlo.com\\\/#\\\/schema\\\/logo\\\/image\\\/\",\"url\":\"https:\\\/\\\/redamlo.com\\\/wp-content\\\/uploads\\\/2024\\\/08\\\/cropped-RED-AMLO-logo-50.png\",\"contentUrl\":\"https:\\\/\\\/redamlo.com\\\/wp-content\\\/uploads\\\/2024\\\/08\\\/cropped-RED-AMLO-logo-50.png\",\"width\":256,\"height\":256,\"caption\":\"NOTICIAS DE LA 4T\"},\"image\":{\"@id\":\"https:\\\/\\\/redamlo.com\\\/#\\\/schema\\\/logo\\\/image\\\/\"}},{\"@type\":\"Person\",\"@id\":\"https:\\\/\\\/redamlo.com\\\/#\\\/schema\\\/person\\\/197a0a670d21b1f4f1483ddda1b64613\",\"name\":\"admin\",\"image\":{\"@type\":\"ImageObject\",\"inLanguage\":\"es\",\"@id\":\"https:\\\/\\\/secure.gravatar.com\\\/avatar\\\/293dccd927043f2e641da6685c2f84009782eb9ee0054daceada4e261ded849a?s=96&d=mm&r=g\",\"url\":\"https:\\\/\\\/secure.gravatar.com\\\/avatar\\\/293dccd927043f2e641da6685c2f84009782eb9ee0054daceada4e261ded849a?s=96&d=mm&r=g\",\"contentUrl\":\"https:\\\/\\\/secure.gravatar.com\\\/avatar\\\/293dccd927043f2e641da6685c2f84009782eb9ee0054daceada4e261ded849a?s=96&d=mm&r=g\",\"caption\":\"admin\"},\"sameAs\":[\"https:\\\/\\\/redamlo.com\"],\"url\":\"https:\\\/\\\/redamlo.com\\\/index.php\\\/author\\\/stell\\\/\"}]}<\/script>\n<!-- \/ Yoast SEO plugin. -->","yoast_head_json":{"title":"La crisis del agua en el Edom\u00e9x es un tema de seguridad nacional: LuzMa Hern\u00e1ndez - NOTICIAS DE LA 4T","robots":{"index":"noindex","follow":"follow","max-snippet":"max-snippet:-1","max-image-preview":"max-image-preview:large","max-video-preview":"max-video-preview:-1"},"og_locale":"es_MX","og_type":"article","og_title":"La crisis del agua en el Edom\u00e9x es un tema de seguridad nacional: LuzMa Hern\u00e1ndez - NOTICIAS DE LA 4T","og_description":"En d\u00edas pasados se llev\u00f3 a cabo el foro, teniendo como sede el municipio Ecatepec...","og_url":"https:\/\/redamlo.com\/index.php\/2023\/05\/31\/la-crisis-del-agua-en-el-edomex-es-un-tema-de-seguridad-nacional-luzma-hernandez\/","og_site_name":"NOTICIAS DE LA 4T","article_published_time":"2023-05-31T16:21:49+00:00","og_image":[{"width":721,"height":480,"url":"https:\/\/redamlo.com\/wp-content\/uploads\/2023\/05\/crisis-agua-edomex-1.jpg","type":"image\/jpeg"}],"author":"admin","twitter_card":"summary_large_image","twitter_misc":{"Escrito por":"admin","Tiempo de lectura":"4 minutos"},"schema":{"@context":"https:\/\/schema.org","@graph":[{"@type":"Article","@id":"https:\/\/redamlo.com\/index.php\/2023\/05\/31\/la-crisis-del-agua-en-el-edomex-es-un-tema-de-seguridad-nacional-luzma-hernandez\/#article","isPartOf":{"@id":"https:\/\/redamlo.com\/index.php\/2023\/05\/31\/la-crisis-del-agua-en-el-edomex-es-un-tema-de-seguridad-nacional-luzma-hernandez\/"},"author":{"name":"admin","@id":"https:\/\/redamlo.com\/#\/schema\/person\/197a0a670d21b1f4f1483ddda1b64613"},"headline":"La crisis del agua en el Edom\u00e9x es un tema de seguridad nacional: LuzMa Hern\u00e1ndez","datePublished":"2023-05-31T16:21:49+00:00","mainEntityOfPage":{"@id":"https:\/\/redamlo.com\/index.php\/2023\/05\/31\/la-crisis-del-agua-en-el-edomex-es-un-tema-de-seguridad-nacional-luzma-hernandez\/"},"wordCount":872,"commentCount":0,"publisher":{"@id":"https:\/\/redamlo.com\/#organization"},"image":{"@id":"https:\/\/redamlo.com\/index.php\/2023\/05\/31\/la-crisis-del-agua-en-el-edomex-es-un-tema-de-seguridad-nacional-luzma-hernandez\/#primaryimage"},"thumbnailUrl":"https:\/\/redamlo.com\/wp-content\/uploads\/2023\/05\/crisis-agua-edomex-1.jpg","keywords":["crisi de agua edomex","Diputada Luz Ma Hernandez","edomex"],"articleSection":["Estado de M\u00e9xico","Estados"],"inLanguage":"es","potentialAction":[{"@type":"CommentAction","name":"Comment","target":["https:\/\/redamlo.com\/index.php\/2023\/05\/31\/la-crisis-del-agua-en-el-edomex-es-un-tema-de-seguridad-nacional-luzma-hernandez\/#respond"]}]},{"@type":"WebPage","@id":"https:\/\/redamlo.com\/index.php\/2023\/05\/31\/la-crisis-del-agua-en-el-edomex-es-un-tema-de-seguridad-nacional-luzma-hernandez\/","url":"https:\/\/redamlo.com\/index.php\/2023\/05\/31\/la-crisis-del-agua-en-el-edomex-es-un-tema-de-seguridad-nacional-luzma-hernandez\/","name":"La crisis del agua en el Edom\u00e9x es un tema de seguridad nacional: LuzMa Hern\u00e1ndez - NOTICIAS DE LA 4T","isPartOf":{"@id":"https:\/\/redamlo.com\/#website"},"primaryImageOfPage":{"@id":"https:\/\/redamlo.com\/index.php\/2023\/05\/31\/la-crisis-del-agua-en-el-edomex-es-un-tema-de-seguridad-nacional-luzma-hernandez\/#primaryimage"},"image":{"@id":"https:\/\/redamlo.com\/index.php\/2023\/05\/31\/la-crisis-del-agua-en-el-edomex-es-un-tema-de-seguridad-nacional-luzma-hernandez\/#primaryimage"},"thumbnailUrl":"https:\/\/redamlo.com\/wp-content\/uploads\/2023\/05\/crisis-agua-edomex-1.jpg","datePublished":"2023-05-31T16:21:49+00:00","breadcrumb":{"@id":"https:\/\/redamlo.com\/index.php\/2023\/05\/31\/la-crisis-del-agua-en-el-edomex-es-un-tema-de-seguridad-nacional-luzma-hernandez\/#breadcrumb"},"inLanguage":"es","potentialAction":[{"@type":"ReadAction","target":["https:\/\/redamlo.com\/index.php\/2023\/05\/31\/la-crisis-del-agua-en-el-edomex-es-un-tema-de-seguridad-nacional-luzma-hernandez\/"]}]},{"@type":"ImageObject","inLanguage":"es","@id":"https:\/\/redamlo.com\/index.php\/2023\/05\/31\/la-crisis-del-agua-en-el-edomex-es-un-tema-de-seguridad-nacional-luzma-hernandez\/#primaryimage","url":"https:\/\/redamlo.com\/wp-content\/uploads\/2023\/05\/crisis-agua-edomex-1.jpg","contentUrl":"https:\/\/redamlo.com\/wp-content\/uploads\/2023\/05\/crisis-agua-edomex-1.jpg","width":721,"height":480},{"@type":"BreadcrumbList","@id":"https:\/\/redamlo.com\/index.php\/2023\/05\/31\/la-crisis-del-agua-en-el-edomex-es-un-tema-de-seguridad-nacional-luzma-hernandez\/#breadcrumb","itemListElement":[{"@type":"ListItem","position":1,"name":"Inicio","item":"https:\/\/redamlo.com\/"},{"@type":"ListItem","position":2,"name":"La crisis del agua en el Edom\u00e9x es un tema de seguridad nacional: LuzMa Hern\u00e1ndez"}]},{"@type":"WebSite","@id":"https:\/\/redamlo.com\/#website","url":"https:\/\/redamlo.com\/","name":"NOTICIAS DE LA 4T","description":"","publisher":{"@id":"https:\/\/redamlo.com\/#organization"},"potentialAction":[{"@type":"SearchAction","target":{"@type":"EntryPoint","urlTemplate":"https:\/\/redamlo.com\/?s={search_term_string}"},"query-input":{"@type":"PropertyValueSpecification","valueRequired":true,"valueName":"search_term_string"}}],"inLanguage":"es"},{"@type":"Organization","@id":"https:\/\/redamlo.com\/#organization","name":"NOTICIAS DE LA 4T","url":"https:\/\/redamlo.com\/","logo":{"@type":"ImageObject","inLanguage":"es","@id":"https:\/\/redamlo.com\/#\/schema\/logo\/image\/","url":"https:\/\/redamlo.com\/wp-content\/uploads\/2024\/08\/cropped-RED-AMLO-logo-50.png","contentUrl":"https:\/\/redamlo.com\/wp-content\/uploads\/2024\/08\/cropped-RED-AMLO-logo-50.png","width":256,"height":256,"caption":"NOTICIAS DE LA 4T"},"image":{"@id":"https:\/\/redamlo.com\/#\/schema\/logo\/image\/"}},{"@type":"Person","@id":"https:\/\/redamlo.com\/#\/schema\/person\/197a0a670d21b1f4f1483ddda1b64613","name":"admin","image":{"@type":"ImageObject","inLanguage":"es","@id":"https:\/\/secure.gravatar.com\/avatar\/293dccd927043f2e641da6685c2f84009782eb9ee0054daceada4e261ded849a?s=96&d=mm&r=g","url":"https:\/\/secure.gravatar.com\/avatar\/293dccd927043f2e641da6685c2f84009782eb9ee0054daceada4e261ded849a?s=96&d=mm&r=g","contentUrl":"https:\/\/secure.gravatar.com\/avatar\/293dccd927043f2e641da6685c2f84009782eb9ee0054daceada4e261ded849a?s=96&d=mm&r=g","caption":"admin"},"sameAs":["https:\/\/redamlo.com"],"url":"https:\/\/redamlo.com\/index.php\/author\/stell\/"}]}},"_links":{"self":[{"href":"https:\/\/redamlo.com\/index.php\/wp-json\/wp\/v2\/posts\/6855","targetHints":{"allow":["GET"]}}],"collection":[{"href":"https:\/\/redamlo.com\/index.php\/wp-json\/wp\/v2\/posts"}],"about":[{"href":"https:\/\/redamlo.com\/index.php\/wp-json\/wp\/v2\/types\/post"}],"author":[{"embeddable":true,"href":"https:\/\/redamlo.com\/index.php\/wp-json\/wp\/v2\/users\/1"}],"replies":[{"embeddable":true,"href":"https:\/\/redamlo.com\/index.php\/wp-json\/wp\/v2\/comments?post=6855"}],"version-history":[{"count":0,"href":"https:\/\/redamlo.com\/index.php\/wp-json\/wp\/v2\/posts\/6855\/revisions"}],"wp:featuredmedia":[{"embeddable":true,"href":"https:\/\/redamlo.com\/index.php\/wp-json\/wp\/v2\/media\/6856"}],"wp:attachment":[{"href":"https:\/\/redamlo.com\/index.php\/wp-json\/wp\/v2\/media?parent=6855"}],"wp:term":[{"taxonomy":"category","embeddable":true,"href":"https:\/\/redamlo.com\/index.php\/wp-json\/wp\/v2\/categories?post=6855"},{"taxonomy":"post_tag","embeddable":true,"href":"https:\/\/redamlo.com\/index.php\/wp-json\/wp\/v2\/tags?post=6855"}],"curies":[{"name":"wp","href":"https:\/\/api.w.org\/{rel}","templated":true}]}}