{"id":6805,"date":"2023-05-17T22:47:03","date_gmt":"2023-05-18T04:47:03","guid":{"rendered":"https:\/\/redamlo.com\/?p=6805"},"modified":"2023-05-17T22:47:03","modified_gmt":"2023-05-18T04:47:03","slug":"alejandra-del-moral-es-integrate-y-operadora-del-cartel-inmobiliario-del-estado-de-mexico-humbertus-perez","status":"publish","type":"post","link":"https:\/\/redamlo.com\/index.php\/2023\/05\/17\/alejandra-del-moral-es-integrate-y-operadora-del-cartel-inmobiliario-del-estado-de-mexico-humbertus-perez\/","title":{"rendered":"ALEJANDRA DEL MORAL ES INTEGRATE Y OPERADORA DEL C\u00c1RTEL INMOBILIARIO DEL ESTADO DE M\u00c9XICO: HUMBERTUS P\u00c9REZ"},"content":{"rendered":"<p><strong>POR: ZAVIANNY TORRES BALTAZAR<\/strong><\/p>\n<p><strong>\u00a0<\/strong><\/p>\n<p>En conferencia de prensa llevada a cabo en la CDMX, por parte del maestro Humbertus P\u00e9rez, se hizo una amplia exposici\u00f3n del denominado Cartel Inmobiliario del Estado de M\u00e9xico. En \u00e9sta, se mostr\u00f3 toda una gama de documentos oficiales que exhiben a este Cartel depredador de cuerpo entero. En la conferencia se dijo que \u201cEl Mega Fraude Hipotecario e Inmobiliario en M\u00e9xico no se puede entender sin el papel que juega el <strong>C\u00e1rtel Inmobiliario del Estado de M\u00e9xico<\/strong>, que naci\u00f3 de las aspiraciones de las candidaturas presidenciales de <strong>Arturo Montiel Rojas y Enrique Pe\u00f1a Nieto<\/strong> que, con la derrota del PRI con Francisco Labastida Ochoa, Montiel Rojas para realizar estas operaciones negoci\u00f3 con <strong>Vicente Fox Quesada<\/strong>.\u00a0 El C\u00e1rtel Inmobiliario del Estado de M\u00e9xico en su operaci\u00f3n cuenta con empresas constructoras, hipotecarias, inmobiliarias, notarios p\u00fablicos, jueces, magistrados, ministerios p\u00fablicos, peritos, fiscales de fuero com\u00fan y federal, presidentes municipales, expresidentes de la Rep\u00fablica y hasta ministros de SCJN\u201d.<\/p>\n<p><img loading=\"lazy\" decoding=\"async\" class=\"alignnone size-medium wp-image-6807 aligncenter\" src=\"https:\/\/redamlo.com\/wp-content\/uploads\/2023\/05\/cartel-inmob-2-300x225.jpg\" alt=\"\" width=\"300\" height=\"225\" srcset=\"https:\/\/redamlo.com\/wp-content\/uploads\/2023\/05\/cartel-inmob-2-300x225.jpg 300w, https:\/\/redamlo.com\/wp-content\/uploads\/2023\/05\/cartel-inmob-2-1024x768.jpg 1024w, https:\/\/redamlo.com\/wp-content\/uploads\/2023\/05\/cartel-inmob-2-768x576.jpg 768w, https:\/\/redamlo.com\/wp-content\/uploads\/2023\/05\/cartel-inmob-2-1536x1152.jpg 1536w, https:\/\/redamlo.com\/wp-content\/uploads\/2023\/05\/cartel-inmob-2.jpg 1600w\" sizes=\"auto, (max-width: 300px) 100vw, 300px\" \/><\/p>\n<p>&nbsp;<\/p>\n<p>Estas forman una econom\u00eda depredadora en el estado de M\u00e9xico la dirigi\u00f3 los gobernadores <strong>Arturo Montiel Rojas, Enrique Pe\u00f1a Nieto y Eruviel \u00c1vila Villegas<\/strong> y los operadores e integrantes del <strong>C\u00e1rtel Inmobiliario del Estado de M\u00e9xico<\/strong> son los presidentes municipales como Alejandra del Moral Vela, Aar\u00f3n Urbina Bedolla (ambos integrantes del PRI), Alfredo Duran Reveles y David Ulises Guzm\u00e1n Palma (ambos integrantes del PAN y presidentes municipales de Cuautitl\u00e1n Izcalli).<\/p>\n<p>&nbsp;<\/p>\n<p>El llamado C\u00e1rtel de la Ciudad de M\u00e9xico lo estructuraron en la Alcald\u00eda de Benito Ju\u00e1rez sus titulares: <strong>Jorge Romero Herrera, Christian Von Roehrich, Santiago Taboada Cortina<\/strong> y con la alanza delictiva del Jefe de Gobierno de la Ciudad de M\u00e9xico del <strong>PRD Miguel \u00c1ngel Mancera Espinoza<\/strong>, los alcaldes de Benito Ju\u00e1rez son unos p\u00e1rvulos comparados con los Jefes de Jefes de los C\u00e1rteles Inmobiliarios en M\u00e9xico, son los gobernadores, sus operadores e integrantes los presidentes municipales como Alejandra del Moral.<\/p>\n<p>&nbsp;<\/p>\n<p>Del Moral Vela como presidenta municipal de Cuautitl\u00e1n Izcalli a dem\u00e1s integrante y operadora del C\u00e1rtel Inmobiliario del Estado de M\u00e9xico, es responsable del fraude que le cometieron a 1049 familias del Conjunto Urbi Hacienda Balboa por la constructora <strong>\u201cPromoci\u00f3n y Desarrollo Urbi\u201d y <\/strong>las hipotecarias como <strong>Hipotecaria<\/strong> <strong>Bancomer, Banorte, Hipotecaria Su Casita,<\/strong> su responsabilidad penal est\u00e1 acreditada en el delito del fuero com\u00fan de fraccionadores y el del fuero federal peculado por haber legitimado y devuelto a la empresa constructora las fianzas para garantizar las obras de urbanizaci\u00f3n por la cantidad de $ 115,598, 650.00 pesos.<\/p>\n<p>&nbsp;<\/p>\n<p>Como presidenta de Cuautitl\u00e1n Izcalli, Alejandra del Moral, \u00a0simul\u00f3 el acta de entrega recpeci\u00f3n de los Orbas de Urbanizaci\u00f3n del Conjunto Urbi Hacienda Balboa, el acta se\u00f1ala que se entregan de manera parcial<strong> 26,129.53 M2 de obras de urbanizaci\u00f3n, <\/strong><u>cuando en realidad lo que se entrego son obras de infraestructura primaria consistente en vialidades y esto se acredita en la p\u00e1gina 3\/7 de la Acta de Entrega Parcial de fecha 3 de diciembre de 2009, concretamente en los p\u00e1rrafos: 10, 11 y 12 se se\u00f1ala lo siguiente:<\/u><\/p>\n<p><strong><em>\u00a0<\/em><\/strong><\/p>\n<p><strong><em>\u201cCARACTERISTICAS DE LAS OBRAS QUE SE RECIBEN:<\/em><\/strong><\/p>\n<p><strong><em>\u00a0<\/em><\/strong><\/p>\n<p><strong><em>OBRAS DE URBANIZACI\u00d3N (PARCIAL\u201d).<\/em><\/strong><\/p>\n<p><strong><em>Las calles que se entregan son: Paseo Hacienda Balboa, desde el acceso en la Av. Teotihuac\u00e1n hasta Hacienda Pamplona, Hacienda Arag\u00f3n, Hacienda \u00c1vila, Hacienda Extremadura, Hacienda, Lanzarote y Hacienda La Concordia, con una superficie Vial de 26,129.53 M2<\/em><\/strong><em>, indicada en el aviso de terminaci\u00f3n de obras; integradas por las manzanas 1 al 8, quedan pendientes <strong>13,122.71 M2.<\/strong>\u201d<\/em><\/p>\n<p>&nbsp;<\/p>\n<p>Es importante se\u00f1alar que si se suman la cantidad de <strong>26,129.53 M2<\/strong> m\u00e1s los <strong>13,122.71 M2 <\/strong>que quedaban seg\u00fan pendiente de entregar la obras de urbanizaci\u00f3n, estas cantidades dan como resultado <strong>39,252.24 M2<\/strong> de superficie de v\u00edas p\u00fablicas que se <strong>autorizaron <\/strong>en la <strong><em>Gaceta del Gobierno del Estado de M\u00e9xico<\/em><\/strong> el 10 de mayo de 2006.<\/p>\n<p>&nbsp;<\/p>\n<p>Las obras de urbanizaci\u00f3n que simularon fueron entregadas el 3 de diciembre de 2009 a Alejandra del Moral son: <strong>Red de distribuci\u00f3n de agua potable hasta la toma domiciliaria y los sistemas que se emplear\u00e1n para el ahorro, re\u00faso y tratamiento del agua, Red separada de drenaje pluvial y sanitario y los sistemas para su manejo y tratamiento, as\u00ed como para infiltraci\u00f3n del agua pluvial al subsuelo, Red de distribuci\u00f3n el\u00e9ctrica\u00a0 y\u00a0 Red de alumbrado p\u00fablico.<\/strong><\/p>\n<p><strong>\u00a0<\/strong><\/p>\n<p><strong>La obras de urbanizaci\u00f3n hasta e d\u00eda<\/strong> de hoy no han sido entregadas y municipalizada, pero la multicitada del Moral, es la resposable por haber legitimado y devuelto a la empresa constructora las fianzas para garantizar las obras de urbanizaci\u00f3n por la cantidad de $ 115,598, 650.00 pesos, sin las obras de urbanizaci\u00f3n y la falta de municipalizaci\u00f3n no se ten\u00edan porque haber vendido las 1049 viviendas y muchos menos haber protocolizado ente notarios p\u00fablicos los contratos de compra venta y los contratos de inter\u00e9s y garant\u00eda hipotecaria.<\/p>\n<p>&nbsp;<\/p>\n<p>Pero adem\u00e1s quien niega la simulaci\u00f3n del acta de entrega recepci\u00f3n de fecha 3 de diciembre de 2009 de las obras de urbanizaci\u00f3n, es la autorizaci\u00f3n que le dieron a la empresa Promoci\u00f3n y Desarrollo Urbi de un plazo perentorio y es la documental p\u00fablica de fecha 4 de febrero de 2011 y donde se \u201cconcede plazo perentorio para la terminaci\u00f3n de las obras de urbanizaci\u00f3n y equipamiento del conjunto urbano \u201cUrbi Hacienda Balboa\u201d y plazo perentorio fue del 4 de febrero de 2011 al 31 de junio de 2011.<\/p>\n<p>&nbsp;<\/p>\n<p>Entonces \u00bfC\u00f3mo se puede entregar y recibir por parte de <strong>Paulina Alejandra del Moral Vela<\/strong> la obras de urbanizaci\u00f3n en el acta simulada de fecha 3 de diciembre de 2009, si del 4 de febrero de 2011 al 31 de junio de 2011 se le otorg\u00f3 un plazo perentorio a la constructora terminar y entregar las obras de urbanizaci\u00f3n?<\/p>\n<p><img loading=\"lazy\" decoding=\"async\" class=\"alignnone size-medium wp-image-6808 aligncenter\" src=\"https:\/\/redamlo.com\/wp-content\/uploads\/2023\/05\/cartel-inmob-3-300x183.jpg\" alt=\"\" width=\"300\" height=\"183\" srcset=\"https:\/\/redamlo.com\/wp-content\/uploads\/2023\/05\/cartel-inmob-3-300x183.jpg 300w, https:\/\/redamlo.com\/wp-content\/uploads\/2023\/05\/cartel-inmob-3.jpg 345w\" sizes=\"auto, (max-width: 300px) 100vw, 300px\" \/><\/p>\n<p><img loading=\"lazy\" decoding=\"async\" class=\"alignnone size-medium wp-image-6809 aligncenter\" src=\"https:\/\/redamlo.com\/wp-content\/uploads\/2023\/05\/cartel-inmob-4-300x225.jpg\" alt=\"\" width=\"300\" height=\"225\" srcset=\"https:\/\/redamlo.com\/wp-content\/uploads\/2023\/05\/cartel-inmob-4-300x225.jpg 300w, https:\/\/redamlo.com\/wp-content\/uploads\/2023\/05\/cartel-inmob-4-1024x768.jpg 1024w, https:\/\/redamlo.com\/wp-content\/uploads\/2023\/05\/cartel-inmob-4-768x576.jpg 768w, https:\/\/redamlo.com\/wp-content\/uploads\/2023\/05\/cartel-inmob-4-1536x1152.jpg 1536w, https:\/\/redamlo.com\/wp-content\/uploads\/2023\/05\/cartel-inmob-4.jpg 1600w\" sizes=\"auto, (max-width: 300px) 100vw, 300px\" \/><\/p>\n<p>Quien niega y acredita el acta simulada del 03 de diciembre de 2009 que aval\u00f3 Paulina del Moral Vela, es la documental p\u00fablica con numero de oficio 224024000\/057\/2011 de fecha 4 de febrero de 2011 de la autorizaci\u00f3n del plazo perentorio y firmada por los directores Arquitecto Gilberto Herrera Y\u00e1nez Director de Operaci\u00f3n Urbana y Arquitecto Marco Antonio S\u00e1nchez Mena Director T\u00e9cnico para Autorizaciones Urbanas de la Secretaria de Desarrollo Urbano.<\/p>\n<p>&nbsp;<\/p>\n<p>Pero lo m\u00e1s grave de Paulina Alejandra Vela del Moral es el incumplimiento a la Controversia Constitucional 66\/2005 y desacatar lo ordenado por 11 ministros de la SCJN y sobre todo porque no exigi\u00f3 la devoluci\u00f3n de los recursos de la fianzas, tal y como lo ordenaron lis Ministros de la Suprema Corte desde la ejecutoria de la Controversia Constitucional a partir del 14 de octubre de 2008, por lo que las averiguaciones previas no han prescrito del fuero com\u00fan <strong>AP AV\/PRE\/11\/14\/2011<\/strong> radicada en la <strong>FGJEM<\/strong> y del fuero federal <strong>AP\/PGR\/UEIDCSPCAJ\/SP\/M-XV\/32\/2011<\/strong>radicada en la <strong>FGR.<\/strong><\/p>\n<p>&nbsp;<\/p>\n","protected":false},"excerpt":{"rendered":"<p>POR: ZAVIANNY TORRES BALTAZAR \u00a0 En conferencia de prensa llevada a cabo en la CDMX,&#8230;<\/p>\n","protected":false},"author":1,"featured_media":6806,"comment_status":"open","ping_status":"closed","sticky":false,"template":"","format":"standard","meta":{"footnotes":""},"categories":[6],"tags":[2454,2487,59],"class_list":["post-6805","post","type-post","status-publish","format-standard","has-post-thumbnail","hentry","category-estados","tag-alejandra-del-moral","tag-cartel-inmobiliario","tag-edomex"],"yoast_head":"<!-- This site is optimized with the Yoast SEO plugin v27.5 - https:\/\/yoast.com\/product\/yoast-seo-wordpress\/ -->\n<title>ALEJANDRA DEL MORAL ES INTEGRATE Y OPERADORA DEL C\u00c1RTEL INMOBILIARIO DEL ESTADO DE M\u00c9XICO: HUMBERTUS P\u00c9REZ - NOTICIAS DE LA 4T<\/title>\n<meta name=\"robots\" content=\"noindex, follow, max-snippet:-1, max-image-preview:large, max-video-preview:-1\" \/>\n<meta property=\"og:locale\" content=\"es_MX\" \/>\n<meta property=\"og:type\" content=\"article\" \/>\n<meta property=\"og:title\" content=\"ALEJANDRA DEL MORAL ES INTEGRATE Y OPERADORA DEL C\u00c1RTEL INMOBILIARIO DEL ESTADO DE M\u00c9XICO: HUMBERTUS P\u00c9REZ - NOTICIAS DE LA 4T\" \/>\n<meta property=\"og:description\" content=\"POR: ZAVIANNY TORRES BALTAZAR \u00a0 En conferencia de prensa llevada a cabo en la CDMX,...\" \/>\n<meta property=\"og:url\" content=\"https:\/\/redamlo.com\/index.php\/2023\/05\/17\/alejandra-del-moral-es-integrate-y-operadora-del-cartel-inmobiliario-del-estado-de-mexico-humbertus-perez\/\" \/>\n<meta property=\"og:site_name\" content=\"NOTICIAS DE LA 4T\" \/>\n<meta property=\"article:published_time\" content=\"2023-05-18T04:47:03+00:00\" \/>\n<meta property=\"og:image\" content=\"https:\/\/redamlo.com\/wp-content\/uploads\/2023\/05\/cartel-inmob-1.jpg\" \/>\n\t<meta property=\"og:image:width\" content=\"720\" \/>\n\t<meta property=\"og:image:height\" content=\"402\" \/>\n\t<meta property=\"og:image:type\" content=\"image\/jpeg\" \/>\n<meta name=\"author\" content=\"admin\" \/>\n<meta name=\"twitter:card\" content=\"summary_large_image\" \/>\n<meta name=\"twitter:label1\" content=\"Escrito por\" \/>\n\t<meta name=\"twitter:data1\" content=\"admin\" \/>\n\t<meta name=\"twitter:label2\" content=\"Tiempo de lectura\" \/>\n\t<meta name=\"twitter:data2\" content=\"6 minutos\" \/>\n<script type=\"application\/ld+json\" class=\"yoast-schema-graph\">{\"@context\":\"https:\\\/\\\/schema.org\",\"@graph\":[{\"@type\":\"Article\",\"@id\":\"https:\\\/\\\/redamlo.com\\\/index.php\\\/2023\\\/05\\\/17\\\/alejandra-del-moral-es-integrate-y-operadora-del-cartel-inmobiliario-del-estado-de-mexico-humbertus-perez\\\/#article\",\"isPartOf\":{\"@id\":\"https:\\\/\\\/redamlo.com\\\/index.php\\\/2023\\\/05\\\/17\\\/alejandra-del-moral-es-integrate-y-operadora-del-cartel-inmobiliario-del-estado-de-mexico-humbertus-perez\\\/\"},\"author\":{\"name\":\"admin\",\"@id\":\"https:\\\/\\\/redamlo.com\\\/#\\\/schema\\\/person\\\/197a0a670d21b1f4f1483ddda1b64613\"},\"headline\":\"ALEJANDRA DEL MORAL ES INTEGRATE Y OPERADORA DEL C\u00c1RTEL INMOBILIARIO DEL ESTADO DE M\u00c9XICO: HUMBERTUS P\u00c9REZ\",\"datePublished\":\"2023-05-18T04:47:03+00:00\",\"mainEntityOfPage\":{\"@id\":\"https:\\\/\\\/redamlo.com\\\/index.php\\\/2023\\\/05\\\/17\\\/alejandra-del-moral-es-integrate-y-operadora-del-cartel-inmobiliario-del-estado-de-mexico-humbertus-perez\\\/\"},\"wordCount\":1178,\"commentCount\":0,\"publisher\":{\"@id\":\"https:\\\/\\\/redamlo.com\\\/#organization\"},\"image\":{\"@id\":\"https:\\\/\\\/redamlo.com\\\/index.php\\\/2023\\\/05\\\/17\\\/alejandra-del-moral-es-integrate-y-operadora-del-cartel-inmobiliario-del-estado-de-mexico-humbertus-perez\\\/#primaryimage\"},\"thumbnailUrl\":\"https:\\\/\\\/redamlo.com\\\/wp-content\\\/uploads\\\/2023\\\/05\\\/cartel-inmob-1.jpg\",\"keywords\":[\"Alejandra del Moral\",\"Cartel inmobiliario\",\"edomex\"],\"articleSection\":[\"Estados\"],\"inLanguage\":\"es\",\"potentialAction\":[{\"@type\":\"CommentAction\",\"name\":\"Comment\",\"target\":[\"https:\\\/\\\/redamlo.com\\\/index.php\\\/2023\\\/05\\\/17\\\/alejandra-del-moral-es-integrate-y-operadora-del-cartel-inmobiliario-del-estado-de-mexico-humbertus-perez\\\/#respond\"]}]},{\"@type\":\"WebPage\",\"@id\":\"https:\\\/\\\/redamlo.com\\\/index.php\\\/2023\\\/05\\\/17\\\/alejandra-del-moral-es-integrate-y-operadora-del-cartel-inmobiliario-del-estado-de-mexico-humbertus-perez\\\/\",\"url\":\"https:\\\/\\\/redamlo.com\\\/index.php\\\/2023\\\/05\\\/17\\\/alejandra-del-moral-es-integrate-y-operadora-del-cartel-inmobiliario-del-estado-de-mexico-humbertus-perez\\\/\",\"name\":\"ALEJANDRA DEL MORAL ES INTEGRATE Y OPERADORA DEL C\u00c1RTEL INMOBILIARIO DEL ESTADO DE M\u00c9XICO: HUMBERTUS P\u00c9REZ - NOTICIAS DE LA 4T\",\"isPartOf\":{\"@id\":\"https:\\\/\\\/redamlo.com\\\/#website\"},\"primaryImageOfPage\":{\"@id\":\"https:\\\/\\\/redamlo.com\\\/index.php\\\/2023\\\/05\\\/17\\\/alejandra-del-moral-es-integrate-y-operadora-del-cartel-inmobiliario-del-estado-de-mexico-humbertus-perez\\\/#primaryimage\"},\"image\":{\"@id\":\"https:\\\/\\\/redamlo.com\\\/index.php\\\/2023\\\/05\\\/17\\\/alejandra-del-moral-es-integrate-y-operadora-del-cartel-inmobiliario-del-estado-de-mexico-humbertus-perez\\\/#primaryimage\"},\"thumbnailUrl\":\"https:\\\/\\\/redamlo.com\\\/wp-content\\\/uploads\\\/2023\\\/05\\\/cartel-inmob-1.jpg\",\"datePublished\":\"2023-05-18T04:47:03+00:00\",\"breadcrumb\":{\"@id\":\"https:\\\/\\\/redamlo.com\\\/index.php\\\/2023\\\/05\\\/17\\\/alejandra-del-moral-es-integrate-y-operadora-del-cartel-inmobiliario-del-estado-de-mexico-humbertus-perez\\\/#breadcrumb\"},\"inLanguage\":\"es\",\"potentialAction\":[{\"@type\":\"ReadAction\",\"target\":[\"https:\\\/\\\/redamlo.com\\\/index.php\\\/2023\\\/05\\\/17\\\/alejandra-del-moral-es-integrate-y-operadora-del-cartel-inmobiliario-del-estado-de-mexico-humbertus-perez\\\/\"]}]},{\"@type\":\"ImageObject\",\"inLanguage\":\"es\",\"@id\":\"https:\\\/\\\/redamlo.com\\\/index.php\\\/2023\\\/05\\\/17\\\/alejandra-del-moral-es-integrate-y-operadora-del-cartel-inmobiliario-del-estado-de-mexico-humbertus-perez\\\/#primaryimage\",\"url\":\"https:\\\/\\\/redamlo.com\\\/wp-content\\\/uploads\\\/2023\\\/05\\\/cartel-inmob-1.jpg\",\"contentUrl\":\"https:\\\/\\\/redamlo.com\\\/wp-content\\\/uploads\\\/2023\\\/05\\\/cartel-inmob-1.jpg\",\"width\":720,\"height\":402},{\"@type\":\"BreadcrumbList\",\"@id\":\"https:\\\/\\\/redamlo.com\\\/index.php\\\/2023\\\/05\\\/17\\\/alejandra-del-moral-es-integrate-y-operadora-del-cartel-inmobiliario-del-estado-de-mexico-humbertus-perez\\\/#breadcrumb\",\"itemListElement\":[{\"@type\":\"ListItem\",\"position\":1,\"name\":\"Inicio\",\"item\":\"https:\\\/\\\/redamlo.com\\\/\"},{\"@type\":\"ListItem\",\"position\":2,\"name\":\"ALEJANDRA DEL MORAL ES INTEGRATE Y OPERADORA DEL C\u00c1RTEL INMOBILIARIO DEL ESTADO DE M\u00c9XICO: HUMBERTUS P\u00c9REZ\"}]},{\"@type\":\"WebSite\",\"@id\":\"https:\\\/\\\/redamlo.com\\\/#website\",\"url\":\"https:\\\/\\\/redamlo.com\\\/\",\"name\":\"NOTICIAS DE LA 4T\",\"description\":\"\",\"publisher\":{\"@id\":\"https:\\\/\\\/redamlo.com\\\/#organization\"},\"potentialAction\":[{\"@type\":\"SearchAction\",\"target\":{\"@type\":\"EntryPoint\",\"urlTemplate\":\"https:\\\/\\\/redamlo.com\\\/?s={search_term_string}\"},\"query-input\":{\"@type\":\"PropertyValueSpecification\",\"valueRequired\":true,\"valueName\":\"search_term_string\"}}],\"inLanguage\":\"es\"},{\"@type\":\"Organization\",\"@id\":\"https:\\\/\\\/redamlo.com\\\/#organization\",\"name\":\"NOTICIAS DE LA 4T\",\"url\":\"https:\\\/\\\/redamlo.com\\\/\",\"logo\":{\"@type\":\"ImageObject\",\"inLanguage\":\"es\",\"@id\":\"https:\\\/\\\/redamlo.com\\\/#\\\/schema\\\/logo\\\/image\\\/\",\"url\":\"https:\\\/\\\/redamlo.com\\\/wp-content\\\/uploads\\\/2024\\\/08\\\/cropped-RED-AMLO-logo-50.png\",\"contentUrl\":\"https:\\\/\\\/redamlo.com\\\/wp-content\\\/uploads\\\/2024\\\/08\\\/cropped-RED-AMLO-logo-50.png\",\"width\":256,\"height\":256,\"caption\":\"NOTICIAS DE LA 4T\"},\"image\":{\"@id\":\"https:\\\/\\\/redamlo.com\\\/#\\\/schema\\\/logo\\\/image\\\/\"}},{\"@type\":\"Person\",\"@id\":\"https:\\\/\\\/redamlo.com\\\/#\\\/schema\\\/person\\\/197a0a670d21b1f4f1483ddda1b64613\",\"name\":\"admin\",\"image\":{\"@type\":\"ImageObject\",\"inLanguage\":\"es\",\"@id\":\"https:\\\/\\\/secure.gravatar.com\\\/avatar\\\/293dccd927043f2e641da6685c2f84009782eb9ee0054daceada4e261ded849a?s=96&d=mm&r=g\",\"url\":\"https:\\\/\\\/secure.gravatar.com\\\/avatar\\\/293dccd927043f2e641da6685c2f84009782eb9ee0054daceada4e261ded849a?s=96&d=mm&r=g\",\"contentUrl\":\"https:\\\/\\\/secure.gravatar.com\\\/avatar\\\/293dccd927043f2e641da6685c2f84009782eb9ee0054daceada4e261ded849a?s=96&d=mm&r=g\",\"caption\":\"admin\"},\"sameAs\":[\"https:\\\/\\\/redamlo.com\"],\"url\":\"https:\\\/\\\/redamlo.com\\\/index.php\\\/author\\\/stell\\\/\"}]}<\/script>\n<!-- \/ Yoast SEO plugin. -->","yoast_head_json":{"title":"ALEJANDRA DEL MORAL ES INTEGRATE Y OPERADORA DEL C\u00c1RTEL INMOBILIARIO DEL ESTADO DE M\u00c9XICO: HUMBERTUS P\u00c9REZ - NOTICIAS DE LA 4T","robots":{"index":"noindex","follow":"follow","max-snippet":"max-snippet:-1","max-image-preview":"max-image-preview:large","max-video-preview":"max-video-preview:-1"},"og_locale":"es_MX","og_type":"article","og_title":"ALEJANDRA DEL MORAL ES INTEGRATE Y OPERADORA DEL C\u00c1RTEL INMOBILIARIO DEL ESTADO DE M\u00c9XICO: HUMBERTUS P\u00c9REZ - NOTICIAS DE LA 4T","og_description":"POR: ZAVIANNY TORRES BALTAZAR \u00a0 En conferencia de prensa llevada a cabo en la CDMX,...","og_url":"https:\/\/redamlo.com\/index.php\/2023\/05\/17\/alejandra-del-moral-es-integrate-y-operadora-del-cartel-inmobiliario-del-estado-de-mexico-humbertus-perez\/","og_site_name":"NOTICIAS DE LA 4T","article_published_time":"2023-05-18T04:47:03+00:00","og_image":[{"width":720,"height":402,"url":"https:\/\/redamlo.com\/wp-content\/uploads\/2023\/05\/cartel-inmob-1.jpg","type":"image\/jpeg"}],"author":"admin","twitter_card":"summary_large_image","twitter_misc":{"Escrito por":"admin","Tiempo de lectura":"6 minutos"},"schema":{"@context":"https:\/\/schema.org","@graph":[{"@type":"Article","@id":"https:\/\/redamlo.com\/index.php\/2023\/05\/17\/alejandra-del-moral-es-integrate-y-operadora-del-cartel-inmobiliario-del-estado-de-mexico-humbertus-perez\/#article","isPartOf":{"@id":"https:\/\/redamlo.com\/index.php\/2023\/05\/17\/alejandra-del-moral-es-integrate-y-operadora-del-cartel-inmobiliario-del-estado-de-mexico-humbertus-perez\/"},"author":{"name":"admin","@id":"https:\/\/redamlo.com\/#\/schema\/person\/197a0a670d21b1f4f1483ddda1b64613"},"headline":"ALEJANDRA DEL MORAL ES INTEGRATE Y OPERADORA DEL C\u00c1RTEL INMOBILIARIO DEL ESTADO DE M\u00c9XICO: HUMBERTUS P\u00c9REZ","datePublished":"2023-05-18T04:47:03+00:00","mainEntityOfPage":{"@id":"https:\/\/redamlo.com\/index.php\/2023\/05\/17\/alejandra-del-moral-es-integrate-y-operadora-del-cartel-inmobiliario-del-estado-de-mexico-humbertus-perez\/"},"wordCount":1178,"commentCount":0,"publisher":{"@id":"https:\/\/redamlo.com\/#organization"},"image":{"@id":"https:\/\/redamlo.com\/index.php\/2023\/05\/17\/alejandra-del-moral-es-integrate-y-operadora-del-cartel-inmobiliario-del-estado-de-mexico-humbertus-perez\/#primaryimage"},"thumbnailUrl":"https:\/\/redamlo.com\/wp-content\/uploads\/2023\/05\/cartel-inmob-1.jpg","keywords":["Alejandra del Moral","Cartel inmobiliario","edomex"],"articleSection":["Estados"],"inLanguage":"es","potentialAction":[{"@type":"CommentAction","name":"Comment","target":["https:\/\/redamlo.com\/index.php\/2023\/05\/17\/alejandra-del-moral-es-integrate-y-operadora-del-cartel-inmobiliario-del-estado-de-mexico-humbertus-perez\/#respond"]}]},{"@type":"WebPage","@id":"https:\/\/redamlo.com\/index.php\/2023\/05\/17\/alejandra-del-moral-es-integrate-y-operadora-del-cartel-inmobiliario-del-estado-de-mexico-humbertus-perez\/","url":"https:\/\/redamlo.com\/index.php\/2023\/05\/17\/alejandra-del-moral-es-integrate-y-operadora-del-cartel-inmobiliario-del-estado-de-mexico-humbertus-perez\/","name":"ALEJANDRA DEL MORAL ES INTEGRATE Y OPERADORA DEL C\u00c1RTEL INMOBILIARIO DEL ESTADO DE M\u00c9XICO: HUMBERTUS P\u00c9REZ - NOTICIAS DE LA 4T","isPartOf":{"@id":"https:\/\/redamlo.com\/#website"},"primaryImageOfPage":{"@id":"https:\/\/redamlo.com\/index.php\/2023\/05\/17\/alejandra-del-moral-es-integrate-y-operadora-del-cartel-inmobiliario-del-estado-de-mexico-humbertus-perez\/#primaryimage"},"image":{"@id":"https:\/\/redamlo.com\/index.php\/2023\/05\/17\/alejandra-del-moral-es-integrate-y-operadora-del-cartel-inmobiliario-del-estado-de-mexico-humbertus-perez\/#primaryimage"},"thumbnailUrl":"https:\/\/redamlo.com\/wp-content\/uploads\/2023\/05\/cartel-inmob-1.jpg","datePublished":"2023-05-18T04:47:03+00:00","breadcrumb":{"@id":"https:\/\/redamlo.com\/index.php\/2023\/05\/17\/alejandra-del-moral-es-integrate-y-operadora-del-cartel-inmobiliario-del-estado-de-mexico-humbertus-perez\/#breadcrumb"},"inLanguage":"es","potentialAction":[{"@type":"ReadAction","target":["https:\/\/redamlo.com\/index.php\/2023\/05\/17\/alejandra-del-moral-es-integrate-y-operadora-del-cartel-inmobiliario-del-estado-de-mexico-humbertus-perez\/"]}]},{"@type":"ImageObject","inLanguage":"es","@id":"https:\/\/redamlo.com\/index.php\/2023\/05\/17\/alejandra-del-moral-es-integrate-y-operadora-del-cartel-inmobiliario-del-estado-de-mexico-humbertus-perez\/#primaryimage","url":"https:\/\/redamlo.com\/wp-content\/uploads\/2023\/05\/cartel-inmob-1.jpg","contentUrl":"https:\/\/redamlo.com\/wp-content\/uploads\/2023\/05\/cartel-inmob-1.jpg","width":720,"height":402},{"@type":"BreadcrumbList","@id":"https:\/\/redamlo.com\/index.php\/2023\/05\/17\/alejandra-del-moral-es-integrate-y-operadora-del-cartel-inmobiliario-del-estado-de-mexico-humbertus-perez\/#breadcrumb","itemListElement":[{"@type":"ListItem","position":1,"name":"Inicio","item":"https:\/\/redamlo.com\/"},{"@type":"ListItem","position":2,"name":"ALEJANDRA DEL MORAL ES INTEGRATE Y OPERADORA DEL C\u00c1RTEL INMOBILIARIO DEL ESTADO DE M\u00c9XICO: HUMBERTUS P\u00c9REZ"}]},{"@type":"WebSite","@id":"https:\/\/redamlo.com\/#website","url":"https:\/\/redamlo.com\/","name":"NOTICIAS DE LA 4T","description":"","publisher":{"@id":"https:\/\/redamlo.com\/#organization"},"potentialAction":[{"@type":"SearchAction","target":{"@type":"EntryPoint","urlTemplate":"https:\/\/redamlo.com\/?s={search_term_string}"},"query-input":{"@type":"PropertyValueSpecification","valueRequired":true,"valueName":"search_term_string"}}],"inLanguage":"es"},{"@type":"Organization","@id":"https:\/\/redamlo.com\/#organization","name":"NOTICIAS DE LA 4T","url":"https:\/\/redamlo.com\/","logo":{"@type":"ImageObject","inLanguage":"es","@id":"https:\/\/redamlo.com\/#\/schema\/logo\/image\/","url":"https:\/\/redamlo.com\/wp-content\/uploads\/2024\/08\/cropped-RED-AMLO-logo-50.png","contentUrl":"https:\/\/redamlo.com\/wp-content\/uploads\/2024\/08\/cropped-RED-AMLO-logo-50.png","width":256,"height":256,"caption":"NOTICIAS DE LA 4T"},"image":{"@id":"https:\/\/redamlo.com\/#\/schema\/logo\/image\/"}},{"@type":"Person","@id":"https:\/\/redamlo.com\/#\/schema\/person\/197a0a670d21b1f4f1483ddda1b64613","name":"admin","image":{"@type":"ImageObject","inLanguage":"es","@id":"https:\/\/secure.gravatar.com\/avatar\/293dccd927043f2e641da6685c2f84009782eb9ee0054daceada4e261ded849a?s=96&d=mm&r=g","url":"https:\/\/secure.gravatar.com\/avatar\/293dccd927043f2e641da6685c2f84009782eb9ee0054daceada4e261ded849a?s=96&d=mm&r=g","contentUrl":"https:\/\/secure.gravatar.com\/avatar\/293dccd927043f2e641da6685c2f84009782eb9ee0054daceada4e261ded849a?s=96&d=mm&r=g","caption":"admin"},"sameAs":["https:\/\/redamlo.com"],"url":"https:\/\/redamlo.com\/index.php\/author\/stell\/"}]}},"_links":{"self":[{"href":"https:\/\/redamlo.com\/index.php\/wp-json\/wp\/v2\/posts\/6805","targetHints":{"allow":["GET"]}}],"collection":[{"href":"https:\/\/redamlo.com\/index.php\/wp-json\/wp\/v2\/posts"}],"about":[{"href":"https:\/\/redamlo.com\/index.php\/wp-json\/wp\/v2\/types\/post"}],"author":[{"embeddable":true,"href":"https:\/\/redamlo.com\/index.php\/wp-json\/wp\/v2\/users\/1"}],"replies":[{"embeddable":true,"href":"https:\/\/redamlo.com\/index.php\/wp-json\/wp\/v2\/comments?post=6805"}],"version-history":[{"count":0,"href":"https:\/\/redamlo.com\/index.php\/wp-json\/wp\/v2\/posts\/6805\/revisions"}],"wp:featuredmedia":[{"embeddable":true,"href":"https:\/\/redamlo.com\/index.php\/wp-json\/wp\/v2\/media\/6806"}],"wp:attachment":[{"href":"https:\/\/redamlo.com\/index.php\/wp-json\/wp\/v2\/media?parent=6805"}],"wp:term":[{"taxonomy":"category","embeddable":true,"href":"https:\/\/redamlo.com\/index.php\/wp-json\/wp\/v2\/categories?post=6805"},{"taxonomy":"post_tag","embeddable":true,"href":"https:\/\/redamlo.com\/index.php\/wp-json\/wp\/v2\/tags?post=6805"}],"curies":[{"name":"wp","href":"https:\/\/api.w.org\/{rel}","templated":true}]}}