{"id":6790,"date":"2023-05-16T20:08:52","date_gmt":"2023-05-17T02:08:52","guid":{"rendered":"https:\/\/redamlo.com\/?p=6790"},"modified":"2023-05-16T20:08:52","modified_gmt":"2023-05-17T02:08:52","slug":"hay-alcaldes-de-oposicion-que-no-quieren-trato-con-mi-gobierno-claudia-sheinbaum","status":"publish","type":"post","link":"https:\/\/redamlo.com\/index.php\/2023\/05\/16\/hay-alcaldes-de-oposicion-que-no-quieren-trato-con-mi-gobierno-claudia-sheinbaum\/","title":{"rendered":"&#8220;Hay alcaldes de oposici\u00f3n que no quieren trato con mi gobierno&#8221;: Claudia Sheinbaum"},"content":{"rendered":"<p>Luego de las investigaciones sobre el c\u00e1rtel inmobiliario en la alcald\u00eda Benito Ju\u00e1rez, la jefa de Gobierno, Claudia Sheinbaum, afirm\u00f3 que hay alcaldes de la oposici\u00f3n que de \u201cplano no quieren tener ninguna relaci\u00f3n\u201d con su administraci\u00f3n, pero que continuar\u00e1 gobernando para los habitantes de toda la ciudad, independientemente del partido al que pertenezcan.<\/p>\n<p>En su conferencia de prensa, la mandataria se\u00f1al\u00f3 que los panistas no han podido explicar el tema de la corrupci\u00f3n inmobiliaria, por lo que se salen por la tangente atac\u00e1ndola, como ha ocurrido con las cr\u00edticas, sin sustento alguno, que le han hecho por sus giras en los estados, por lo que no han tenido eco entre la poblaci\u00f3n.<\/p>\n<p>Dijo que con cada alcalde tiene una relaci\u00f3n distinta y su gobierno resuelve muchos de los problemas que le plantean, o manda a un equipo para que lo haga, como sucedi\u00f3 con la petici\u00f3n que hizo el alcalde de Miguel Hidalgo, Mauricio Tabe, para atender el tema del proyecto de la l\u00ednea 3 del Cableb\u00fas en una escuela.<\/p>\n<p>\u201cY hay otros alcaldes que de plano no quieren tener ninguna relaci\u00f3n (\u2026). Nosotros gobernamos para los habitantes de toda la ciudad, pero ellos hoy traen un tema que no han podido explicar\u201d.<\/p>\n<p>Apunt\u00f3 que hay mucha farsa de la oposici\u00f3n, pues hablan de la seguridad en Benito Ju\u00e1rez como si fuera una de sus atribuciones, pero critican a la fiscal general de Justicia, Ernestina Godoy, cuando deber\u00edan de agradecerle, porque si no fuera por su trabajo y el de la Secretar\u00eda de Seguridad Ciudadana para pacificar y disminuir los \u00edndices delictivos, la alcald\u00eda no tendr\u00eda los indicadores que tiene.<\/p>\n<p>Por otra parte, respecto del apoyo que brindan gobernadores de Morena a los aspirantes presidenciales, la mandataria consider\u00f3 que son libres de expresar su opini\u00f3n y lo importante es que no hay uso de recursos p\u00fablicos.<\/p>\n<p>Coment\u00f3 que hay gobernadores que han manifestado su apoyo hacia una persona u otra, y otros que han apoyados a todos. \u201cLo importante es que haya invitaci\u00f3n a todos y a todas y, al mismo tiempo, repito, que nadie utilice ning\u00fan recurso p\u00fablico\u201d.<\/p>\n<p>Se\u00f1al\u00f3 que en su caso, es invitada por universidades o institutos tecnol\u00f3gicos, no por un gobierno particular, pues incluso ha acudido a entidades encabezadas por la oposici\u00f3n, como ocurri\u00f3 en Jalisco y Nuevo Le\u00f3n, en las que se ha reunido con los gobernadores de manera institucional.<\/p>\n<p>Fuente: La Jornada.<\/p>\n","protected":false},"excerpt":{"rendered":"<p>Luego de las investigaciones sobre el c\u00e1rtel inmobiliario en la alcald\u00eda Benito Ju\u00e1rez, la jefa&#8230;<\/p>\n","protected":false},"author":2,"featured_media":6791,"comment_status":"open","ping_status":"closed","sticky":false,"template":"","format":"standard","meta":{"footnotes":""},"categories":[17],"tags":[2486,2487,154,2470],"class_list":["post-6790","post","type-post","status-publish","format-standard","has-post-thumbnail","hentry","category-cdmx","tag-alcaldes-de-cdmx","tag-cartel-inmobiliario","tag-cdmx","tag-sheinbaum"],"yoast_head":"<!-- This site is optimized with the Yoast SEO plugin v27.5 - https:\/\/yoast.com\/product\/yoast-seo-wordpress\/ -->\n<title>&quot;Hay alcaldes de oposici\u00f3n que no quieren trato con mi gobierno&quot;: Claudia Sheinbaum - NOTICIAS DE LA 4T<\/title>\n<meta name=\"robots\" content=\"noindex, follow, max-snippet:-1, max-image-preview:large, max-video-preview:-1\" \/>\n<meta property=\"og:locale\" content=\"es_MX\" \/>\n<meta property=\"og:type\" content=\"article\" \/>\n<meta property=\"og:title\" content=\"&quot;Hay alcaldes de oposici\u00f3n que no quieren trato con mi gobierno&quot;: Claudia Sheinbaum - NOTICIAS DE LA 4T\" \/>\n<meta property=\"og:description\" content=\"Luego de las investigaciones sobre el c\u00e1rtel inmobiliario en la alcald\u00eda Benito Ju\u00e1rez, la jefa...\" \/>\n<meta property=\"og:url\" content=\"https:\/\/redamlo.com\/index.php\/2023\/05\/16\/hay-alcaldes-de-oposicion-que-no-quieren-trato-con-mi-gobierno-claudia-sheinbaum\/\" \/>\n<meta property=\"og:site_name\" content=\"NOTICIAS DE LA 4T\" \/>\n<meta property=\"article:published_time\" content=\"2023-05-17T02:08:52+00:00\" \/>\n<meta property=\"og:image\" content=\"https:\/\/redamlo.com\/wp-content\/uploads\/2023\/05\/sheibaum-16-mayo-23.jpg\" \/>\n\t<meta property=\"og:image:width\" content=\"441\" \/>\n\t<meta property=\"og:image:height\" content=\"324\" \/>\n\t<meta property=\"og:image:type\" content=\"image\/jpeg\" \/>\n<meta name=\"author\" content=\"Blanca\" \/>\n<meta name=\"twitter:card\" content=\"summary_large_image\" \/>\n<meta name=\"twitter:label1\" content=\"Escrito por\" \/>\n\t<meta name=\"twitter:data1\" content=\"Blanca\" \/>\n\t<meta name=\"twitter:label2\" content=\"Tiempo de lectura\" \/>\n\t<meta name=\"twitter:data2\" content=\"2 minutos\" \/>\n<script type=\"application\/ld+json\" class=\"yoast-schema-graph\">{\"@context\":\"https:\\\/\\\/schema.org\",\"@graph\":[{\"@type\":\"Article\",\"@id\":\"https:\\\/\\\/redamlo.com\\\/index.php\\\/2023\\\/05\\\/16\\\/hay-alcaldes-de-oposicion-que-no-quieren-trato-con-mi-gobierno-claudia-sheinbaum\\\/#article\",\"isPartOf\":{\"@id\":\"https:\\\/\\\/redamlo.com\\\/index.php\\\/2023\\\/05\\\/16\\\/hay-alcaldes-de-oposicion-que-no-quieren-trato-con-mi-gobierno-claudia-sheinbaum\\\/\"},\"author\":{\"name\":\"Blanca\",\"@id\":\"https:\\\/\\\/redamlo.com\\\/#\\\/schema\\\/person\\\/7223a4375eb8f1a782fcae010a7115cf\"},\"headline\":\"&#8220;Hay alcaldes de oposici\u00f3n que no quieren trato con mi gobierno&#8221;: Claudia Sheinbaum\",\"datePublished\":\"2023-05-17T02:08:52+00:00\",\"mainEntityOfPage\":{\"@id\":\"https:\\\/\\\/redamlo.com\\\/index.php\\\/2023\\\/05\\\/16\\\/hay-alcaldes-de-oposicion-que-no-quieren-trato-con-mi-gobierno-claudia-sheinbaum\\\/\"},\"wordCount\":442,\"commentCount\":0,\"publisher\":{\"@id\":\"https:\\\/\\\/redamlo.com\\\/#organization\"},\"image\":{\"@id\":\"https:\\\/\\\/redamlo.com\\\/index.php\\\/2023\\\/05\\\/16\\\/hay-alcaldes-de-oposicion-que-no-quieren-trato-con-mi-gobierno-claudia-sheinbaum\\\/#primaryimage\"},\"thumbnailUrl\":\"https:\\\/\\\/redamlo.com\\\/wp-content\\\/uploads\\\/2023\\\/05\\\/sheibaum-16-mayo-23.jpg\",\"keywords\":[\"Alcaldes de Cdmx\",\"Cartel inmobiliario\",\"CDMX\",\"Sheinbaum\"],\"articleSection\":[\"CDMX\"],\"inLanguage\":\"es\",\"potentialAction\":[{\"@type\":\"CommentAction\",\"name\":\"Comment\",\"target\":[\"https:\\\/\\\/redamlo.com\\\/index.php\\\/2023\\\/05\\\/16\\\/hay-alcaldes-de-oposicion-que-no-quieren-trato-con-mi-gobierno-claudia-sheinbaum\\\/#respond\"]}]},{\"@type\":\"WebPage\",\"@id\":\"https:\\\/\\\/redamlo.com\\\/index.php\\\/2023\\\/05\\\/16\\\/hay-alcaldes-de-oposicion-que-no-quieren-trato-con-mi-gobierno-claudia-sheinbaum\\\/\",\"url\":\"https:\\\/\\\/redamlo.com\\\/index.php\\\/2023\\\/05\\\/16\\\/hay-alcaldes-de-oposicion-que-no-quieren-trato-con-mi-gobierno-claudia-sheinbaum\\\/\",\"name\":\"\\\"Hay alcaldes de oposici\u00f3n que no quieren trato con mi gobierno\\\": Claudia Sheinbaum - NOTICIAS DE LA 4T\",\"isPartOf\":{\"@id\":\"https:\\\/\\\/redamlo.com\\\/#website\"},\"primaryImageOfPage\":{\"@id\":\"https:\\\/\\\/redamlo.com\\\/index.php\\\/2023\\\/05\\\/16\\\/hay-alcaldes-de-oposicion-que-no-quieren-trato-con-mi-gobierno-claudia-sheinbaum\\\/#primaryimage\"},\"image\":{\"@id\":\"https:\\\/\\\/redamlo.com\\\/index.php\\\/2023\\\/05\\\/16\\\/hay-alcaldes-de-oposicion-que-no-quieren-trato-con-mi-gobierno-claudia-sheinbaum\\\/#primaryimage\"},\"thumbnailUrl\":\"https:\\\/\\\/redamlo.com\\\/wp-content\\\/uploads\\\/2023\\\/05\\\/sheibaum-16-mayo-23.jpg\",\"datePublished\":\"2023-05-17T02:08:52+00:00\",\"breadcrumb\":{\"@id\":\"https:\\\/\\\/redamlo.com\\\/index.php\\\/2023\\\/05\\\/16\\\/hay-alcaldes-de-oposicion-que-no-quieren-trato-con-mi-gobierno-claudia-sheinbaum\\\/#breadcrumb\"},\"inLanguage\":\"es\",\"potentialAction\":[{\"@type\":\"ReadAction\",\"target\":[\"https:\\\/\\\/redamlo.com\\\/index.php\\\/2023\\\/05\\\/16\\\/hay-alcaldes-de-oposicion-que-no-quieren-trato-con-mi-gobierno-claudia-sheinbaum\\\/\"]}]},{\"@type\":\"ImageObject\",\"inLanguage\":\"es\",\"@id\":\"https:\\\/\\\/redamlo.com\\\/index.php\\\/2023\\\/05\\\/16\\\/hay-alcaldes-de-oposicion-que-no-quieren-trato-con-mi-gobierno-claudia-sheinbaum\\\/#primaryimage\",\"url\":\"https:\\\/\\\/redamlo.com\\\/wp-content\\\/uploads\\\/2023\\\/05\\\/sheibaum-16-mayo-23.jpg\",\"contentUrl\":\"https:\\\/\\\/redamlo.com\\\/wp-content\\\/uploads\\\/2023\\\/05\\\/sheibaum-16-mayo-23.jpg\",\"width\":441,\"height\":324},{\"@type\":\"BreadcrumbList\",\"@id\":\"https:\\\/\\\/redamlo.com\\\/index.php\\\/2023\\\/05\\\/16\\\/hay-alcaldes-de-oposicion-que-no-quieren-trato-con-mi-gobierno-claudia-sheinbaum\\\/#breadcrumb\",\"itemListElement\":[{\"@type\":\"ListItem\",\"position\":1,\"name\":\"Inicio\",\"item\":\"https:\\\/\\\/redamlo.com\\\/\"},{\"@type\":\"ListItem\",\"position\":2,\"name\":\"&#8220;Hay alcaldes de oposici\u00f3n que no quieren trato con mi gobierno&#8221;: Claudia Sheinbaum\"}]},{\"@type\":\"WebSite\",\"@id\":\"https:\\\/\\\/redamlo.com\\\/#website\",\"url\":\"https:\\\/\\\/redamlo.com\\\/\",\"name\":\"NOTICIAS DE LA 4T\",\"description\":\"\",\"publisher\":{\"@id\":\"https:\\\/\\\/redamlo.com\\\/#organization\"},\"potentialAction\":[{\"@type\":\"SearchAction\",\"target\":{\"@type\":\"EntryPoint\",\"urlTemplate\":\"https:\\\/\\\/redamlo.com\\\/?s={search_term_string}\"},\"query-input\":{\"@type\":\"PropertyValueSpecification\",\"valueRequired\":true,\"valueName\":\"search_term_string\"}}],\"inLanguage\":\"es\"},{\"@type\":\"Organization\",\"@id\":\"https:\\\/\\\/redamlo.com\\\/#organization\",\"name\":\"NOTICIAS DE LA 4T\",\"url\":\"https:\\\/\\\/redamlo.com\\\/\",\"logo\":{\"@type\":\"ImageObject\",\"inLanguage\":\"es\",\"@id\":\"https:\\\/\\\/redamlo.com\\\/#\\\/schema\\\/logo\\\/image\\\/\",\"url\":\"https:\\\/\\\/redamlo.com\\\/wp-content\\\/uploads\\\/2024\\\/08\\\/cropped-RED-AMLO-logo-50.png\",\"contentUrl\":\"https:\\\/\\\/redamlo.com\\\/wp-content\\\/uploads\\\/2024\\\/08\\\/cropped-RED-AMLO-logo-50.png\",\"width\":256,\"height\":256,\"caption\":\"NOTICIAS DE LA 4T\"},\"image\":{\"@id\":\"https:\\\/\\\/redamlo.com\\\/#\\\/schema\\\/logo\\\/image\\\/\"}},{\"@type\":\"Person\",\"@id\":\"https:\\\/\\\/redamlo.com\\\/#\\\/schema\\\/person\\\/7223a4375eb8f1a782fcae010a7115cf\",\"name\":\"Blanca\",\"image\":{\"@type\":\"ImageObject\",\"inLanguage\":\"es\",\"@id\":\"https:\\\/\\\/secure.gravatar.com\\\/avatar\\\/3f79bc8336367a4e6093eae8757acaaf61d1124834b905616de7829b0273426d?s=96&d=mm&r=g\",\"url\":\"https:\\\/\\\/secure.gravatar.com\\\/avatar\\\/3f79bc8336367a4e6093eae8757acaaf61d1124834b905616de7829b0273426d?s=96&d=mm&r=g\",\"contentUrl\":\"https:\\\/\\\/secure.gravatar.com\\\/avatar\\\/3f79bc8336367a4e6093eae8757acaaf61d1124834b905616de7829b0273426d?s=96&d=mm&r=g\",\"caption\":\"Blanca\"},\"url\":\"https:\\\/\\\/redamlo.com\\\/index.php\\\/author\\\/blanca\\\/\"}]}<\/script>\n<!-- \/ Yoast SEO plugin. -->","yoast_head_json":{"title":"\"Hay alcaldes de oposici\u00f3n que no quieren trato con mi gobierno\": Claudia Sheinbaum - NOTICIAS DE LA 4T","robots":{"index":"noindex","follow":"follow","max-snippet":"max-snippet:-1","max-image-preview":"max-image-preview:large","max-video-preview":"max-video-preview:-1"},"og_locale":"es_MX","og_type":"article","og_title":"\"Hay alcaldes de oposici\u00f3n que no quieren trato con mi gobierno\": Claudia Sheinbaum - NOTICIAS DE LA 4T","og_description":"Luego de las investigaciones sobre el c\u00e1rtel inmobiliario en la alcald\u00eda Benito Ju\u00e1rez, la jefa...","og_url":"https:\/\/redamlo.com\/index.php\/2023\/05\/16\/hay-alcaldes-de-oposicion-que-no-quieren-trato-con-mi-gobierno-claudia-sheinbaum\/","og_site_name":"NOTICIAS DE LA 4T","article_published_time":"2023-05-17T02:08:52+00:00","og_image":[{"width":441,"height":324,"url":"https:\/\/redamlo.com\/wp-content\/uploads\/2023\/05\/sheibaum-16-mayo-23.jpg","type":"image\/jpeg"}],"author":"Blanca","twitter_card":"summary_large_image","twitter_misc":{"Escrito por":"Blanca","Tiempo de lectura":"2 minutos"},"schema":{"@context":"https:\/\/schema.org","@graph":[{"@type":"Article","@id":"https:\/\/redamlo.com\/index.php\/2023\/05\/16\/hay-alcaldes-de-oposicion-que-no-quieren-trato-con-mi-gobierno-claudia-sheinbaum\/#article","isPartOf":{"@id":"https:\/\/redamlo.com\/index.php\/2023\/05\/16\/hay-alcaldes-de-oposicion-que-no-quieren-trato-con-mi-gobierno-claudia-sheinbaum\/"},"author":{"name":"Blanca","@id":"https:\/\/redamlo.com\/#\/schema\/person\/7223a4375eb8f1a782fcae010a7115cf"},"headline":"&#8220;Hay alcaldes de oposici\u00f3n que no quieren trato con mi gobierno&#8221;: Claudia Sheinbaum","datePublished":"2023-05-17T02:08:52+00:00","mainEntityOfPage":{"@id":"https:\/\/redamlo.com\/index.php\/2023\/05\/16\/hay-alcaldes-de-oposicion-que-no-quieren-trato-con-mi-gobierno-claudia-sheinbaum\/"},"wordCount":442,"commentCount":0,"publisher":{"@id":"https:\/\/redamlo.com\/#organization"},"image":{"@id":"https:\/\/redamlo.com\/index.php\/2023\/05\/16\/hay-alcaldes-de-oposicion-que-no-quieren-trato-con-mi-gobierno-claudia-sheinbaum\/#primaryimage"},"thumbnailUrl":"https:\/\/redamlo.com\/wp-content\/uploads\/2023\/05\/sheibaum-16-mayo-23.jpg","keywords":["Alcaldes de Cdmx","Cartel inmobiliario","CDMX","Sheinbaum"],"articleSection":["CDMX"],"inLanguage":"es","potentialAction":[{"@type":"CommentAction","name":"Comment","target":["https:\/\/redamlo.com\/index.php\/2023\/05\/16\/hay-alcaldes-de-oposicion-que-no-quieren-trato-con-mi-gobierno-claudia-sheinbaum\/#respond"]}]},{"@type":"WebPage","@id":"https:\/\/redamlo.com\/index.php\/2023\/05\/16\/hay-alcaldes-de-oposicion-que-no-quieren-trato-con-mi-gobierno-claudia-sheinbaum\/","url":"https:\/\/redamlo.com\/index.php\/2023\/05\/16\/hay-alcaldes-de-oposicion-que-no-quieren-trato-con-mi-gobierno-claudia-sheinbaum\/","name":"\"Hay alcaldes de oposici\u00f3n que no quieren trato con mi gobierno\": Claudia Sheinbaum - NOTICIAS DE LA 4T","isPartOf":{"@id":"https:\/\/redamlo.com\/#website"},"primaryImageOfPage":{"@id":"https:\/\/redamlo.com\/index.php\/2023\/05\/16\/hay-alcaldes-de-oposicion-que-no-quieren-trato-con-mi-gobierno-claudia-sheinbaum\/#primaryimage"},"image":{"@id":"https:\/\/redamlo.com\/index.php\/2023\/05\/16\/hay-alcaldes-de-oposicion-que-no-quieren-trato-con-mi-gobierno-claudia-sheinbaum\/#primaryimage"},"thumbnailUrl":"https:\/\/redamlo.com\/wp-content\/uploads\/2023\/05\/sheibaum-16-mayo-23.jpg","datePublished":"2023-05-17T02:08:52+00:00","breadcrumb":{"@id":"https:\/\/redamlo.com\/index.php\/2023\/05\/16\/hay-alcaldes-de-oposicion-que-no-quieren-trato-con-mi-gobierno-claudia-sheinbaum\/#breadcrumb"},"inLanguage":"es","potentialAction":[{"@type":"ReadAction","target":["https:\/\/redamlo.com\/index.php\/2023\/05\/16\/hay-alcaldes-de-oposicion-que-no-quieren-trato-con-mi-gobierno-claudia-sheinbaum\/"]}]},{"@type":"ImageObject","inLanguage":"es","@id":"https:\/\/redamlo.com\/index.php\/2023\/05\/16\/hay-alcaldes-de-oposicion-que-no-quieren-trato-con-mi-gobierno-claudia-sheinbaum\/#primaryimage","url":"https:\/\/redamlo.com\/wp-content\/uploads\/2023\/05\/sheibaum-16-mayo-23.jpg","contentUrl":"https:\/\/redamlo.com\/wp-content\/uploads\/2023\/05\/sheibaum-16-mayo-23.jpg","width":441,"height":324},{"@type":"BreadcrumbList","@id":"https:\/\/redamlo.com\/index.php\/2023\/05\/16\/hay-alcaldes-de-oposicion-que-no-quieren-trato-con-mi-gobierno-claudia-sheinbaum\/#breadcrumb","itemListElement":[{"@type":"ListItem","position":1,"name":"Inicio","item":"https:\/\/redamlo.com\/"},{"@type":"ListItem","position":2,"name":"&#8220;Hay alcaldes de oposici\u00f3n que no quieren trato con mi gobierno&#8221;: Claudia Sheinbaum"}]},{"@type":"WebSite","@id":"https:\/\/redamlo.com\/#website","url":"https:\/\/redamlo.com\/","name":"NOTICIAS DE LA 4T","description":"","publisher":{"@id":"https:\/\/redamlo.com\/#organization"},"potentialAction":[{"@type":"SearchAction","target":{"@type":"EntryPoint","urlTemplate":"https:\/\/redamlo.com\/?s={search_term_string}"},"query-input":{"@type":"PropertyValueSpecification","valueRequired":true,"valueName":"search_term_string"}}],"inLanguage":"es"},{"@type":"Organization","@id":"https:\/\/redamlo.com\/#organization","name":"NOTICIAS DE LA 4T","url":"https:\/\/redamlo.com\/","logo":{"@type":"ImageObject","inLanguage":"es","@id":"https:\/\/redamlo.com\/#\/schema\/logo\/image\/","url":"https:\/\/redamlo.com\/wp-content\/uploads\/2024\/08\/cropped-RED-AMLO-logo-50.png","contentUrl":"https:\/\/redamlo.com\/wp-content\/uploads\/2024\/08\/cropped-RED-AMLO-logo-50.png","width":256,"height":256,"caption":"NOTICIAS DE LA 4T"},"image":{"@id":"https:\/\/redamlo.com\/#\/schema\/logo\/image\/"}},{"@type":"Person","@id":"https:\/\/redamlo.com\/#\/schema\/person\/7223a4375eb8f1a782fcae010a7115cf","name":"Blanca","image":{"@type":"ImageObject","inLanguage":"es","@id":"https:\/\/secure.gravatar.com\/avatar\/3f79bc8336367a4e6093eae8757acaaf61d1124834b905616de7829b0273426d?s=96&d=mm&r=g","url":"https:\/\/secure.gravatar.com\/avatar\/3f79bc8336367a4e6093eae8757acaaf61d1124834b905616de7829b0273426d?s=96&d=mm&r=g","contentUrl":"https:\/\/secure.gravatar.com\/avatar\/3f79bc8336367a4e6093eae8757acaaf61d1124834b905616de7829b0273426d?s=96&d=mm&r=g","caption":"Blanca"},"url":"https:\/\/redamlo.com\/index.php\/author\/blanca\/"}]}},"_links":{"self":[{"href":"https:\/\/redamlo.com\/index.php\/wp-json\/wp\/v2\/posts\/6790","targetHints":{"allow":["GET"]}}],"collection":[{"href":"https:\/\/redamlo.com\/index.php\/wp-json\/wp\/v2\/posts"}],"about":[{"href":"https:\/\/redamlo.com\/index.php\/wp-json\/wp\/v2\/types\/post"}],"author":[{"embeddable":true,"href":"https:\/\/redamlo.com\/index.php\/wp-json\/wp\/v2\/users\/2"}],"replies":[{"embeddable":true,"href":"https:\/\/redamlo.com\/index.php\/wp-json\/wp\/v2\/comments?post=6790"}],"version-history":[{"count":0,"href":"https:\/\/redamlo.com\/index.php\/wp-json\/wp\/v2\/posts\/6790\/revisions"}],"wp:featuredmedia":[{"embeddable":true,"href":"https:\/\/redamlo.com\/index.php\/wp-json\/wp\/v2\/media\/6791"}],"wp:attachment":[{"href":"https:\/\/redamlo.com\/index.php\/wp-json\/wp\/v2\/media?parent=6790"}],"wp:term":[{"taxonomy":"category","embeddable":true,"href":"https:\/\/redamlo.com\/index.php\/wp-json\/wp\/v2\/categories?post=6790"},{"taxonomy":"post_tag","embeddable":true,"href":"https:\/\/redamlo.com\/index.php\/wp-json\/wp\/v2\/tags?post=6790"}],"curies":[{"name":"wp","href":"https:\/\/api.w.org\/{rel}","templated":true}]}}